{"id":9453,"date":"2019-08-24T09:46:24","date_gmt":"2019-08-24T06:46:24","guid":{"rendered":"https:\/\/super-news.info\/es\/los-nuevos-airpods-de-apple-seran-resistentes-al-agua-aunque-mas-caros\/"},"modified":"2019-08-24T09:46:25","modified_gmt":"2019-08-24T06:46:25","slug":"los-nuevos-airpods-de-apple-seran-resistentes-al-agua-aunque-mas-caros","status":"publish","type":"post","link":"https:\/\/super-news.info\/es\/los-nuevos-airpods-de-apple-seran-resistentes-al-agua-aunque-mas-caros\/","title":{"rendered":"Los nuevos AirPods de Apple ser\u00e1n resistentes al agua aunque m\u00e1s caros"},"content":{"rendered":"<p> [ad_1]<br \/>\n<\/p>\n<div id=\"textoNoticia\">\n<p class=\"excerpt-single\">Parece que el pr\u00f3ximo 10 de septiembre se celebrar\u00e1 el evento de presentaci\u00f3n de las novedades de Apple. Ya se conocen algunas de las caracter\u00edsticas que tendr\u00e1n los nuevos iPhones, iPads y otros productos de la compa\u00f1\u00eda<\/p>\n<\/p>\n<p>Una semana m\u00e1s Apple sigue estando en el foco de la noticia. Cuanto m\u00e1s se acerca la fecha del <strong>gran evento de la compa\u00f1\u00eda<\/strong>, m\u00e1s filtraciones se suceden a lo largo de todo internet acerca de las posibles novedades que podr\u00edan presentarse. Pese a que a\u00fan no est\u00e1 confirmada ni la cita -se rumorea que ser\u00e1 el 10 de septiembre- ya <strong>se conocen varias caracter\u00edsticas de los nuevos modelos<\/strong> que, presumiblemente, ver\u00e1n la luz el pr\u00f3ximo mes.<\/p>\n<p>Primero fue la informaci\u00f3n sobre el iPhone 11. Despu\u00e9s, sobre el Apple Watch. Ahora le toca a<strong> los iPads, un futuro Macbook Pro y los nuevos AirPods<\/strong>. Gracias a un\u00a0informe de Bloomberg podemos conocer m\u00e1s detalles de todos estos productos que se estar\u00e1n en el mercado este oto\u00f1o.<\/p>\n<p>En cuanto al iPad, se espera que Apple actualice su iPad Pro este a\u00f1o. Parece que habr\u00e1<strong> versiones actualizadas de los modelos de 11 y 12.9 pulgadas<\/strong>: incluir\u00e1n mejoras en las especificaciones y en las c\u00e1maras. Lo que no variar\u00e1 ser\u00e1 su dise\u00f1o ya que seguir\u00e1 manteniendo su forma actual.<\/p>\n<p>El iPad de 9.7 pulgadas tambi\u00e9n se renovar\u00e1 con <strong>un aumento de su pantalla hasta las 10.2 pulgadas<\/strong>. Se espera que sea &#8220;m\u00e1s delgado&#8221; y que la actualizaci\u00f3n traiga consigo la eliminaci\u00f3n del bot\u00f3n de inicio.<\/p>\n<p>Apple ofrecer\u00e1, entre sus novedades, la carga inal\u00e1mbrica de los AirPods gracias a un estuche habilitado para Qi. Se podr\u00e1 <strong>recargar de forma r\u00e1pida<\/strong> incluso estando fuera de casa. Los AirPods contar\u00e1n adem\u00e1s con nuevos acabados en mate pese a que los modelos actuales del iPhone son de aspecto brillante. Tambi\u00e9n <strong>ser\u00e1n m\u00e1s caros pero resistentes al agua<\/strong> y a la cancelaci\u00f3n del ruido que no incorporaban los anteriores.<\/p>\n<p>Lo que a\u00fan no est\u00e1 claro si se presentar\u00e1 el 10 de septiembre, aunque s\u00ed se espera que se presente este a\u00f1o, es <strong>el nuevo Macbook Pro de la compa\u00f1\u00eda<\/strong>. Entre sus novedades se encuentra un tama\u00f1o de 16 pulgadas gracias a un bisel m\u00e1s estrecho que permite la ampliaci\u00f3n de la pantalla.<\/p>\n<blockquote>\n<p>El Apple Watch seguir\u00e1 sin integrar un c\u00e1mara fotogr\u00e1fica<\/p>\n<\/blockquote>\n<p>Habr\u00e1 nuevos iPhones, de eso no hay duda. <strong>El iPhone 11, iPhone 11 Pro y iPhone Pro Max<\/strong> (sucesores del iPhone XR, iPhone XS y iPhone XS Max respectivamente) llegar\u00e1n con algunos cambios leves en el dise\u00f1o, en las capacidades y precios.<\/p>\n<p>Lo que s\u00ed estrenar\u00e1 ser\u00e1 grandes <strong>cambios en las c\u00e1maras<\/strong> que incorporan un gran angular en la parte trasera y grabaci\u00f3n de v\u00eddeo a 120 fps en la delantera, que permitir\u00e1 la grabaci\u00f3n de v\u00eddeo a c\u00e1mara lenta. El nuevo Face ID, por ejemplo, ofrecer\u00e1 desbloqueo desde m\u00e1s \u00e1ngulos.<\/p>\n<p>Con respecto al resto de caracter\u00edsticas t\u00e9cnicas, la compa\u00f1\u00eda incluir\u00e1 un nuevo procesador, A13, y podr\u00eda sustituir el 3D Touch por un haptic touch mejorado. Asimismo, <strong>parece que el puerto lightning seguir\u00e1 estando<\/strong>, pese a los rumores que apuntaban a su sustituci\u00f3n por el puerto USB-C.<\/p>\n<p>Parece ser que el nuevo reloj inteligente de los de Cupertino tambi\u00e9n ver\u00e1 la luz el pr\u00f3ximo mes, de la mano del resto de dispositivos. Pese a que se cre\u00eda que <strong>Apple iba a dejar de lado las caracter\u00edsticas de la serie m\u00e1s lujosa<\/strong> de su smartwatch lanzada en el Series 2, los rumores se\u00f1alan la posible presentaci\u00f3n de un modelo hecho a base de cer\u00e1mica y, yendo m\u00e1s all\u00e1, otro elaborado a base de titanio.<\/p>\n<p>Parece ser que el nuevo dispositivo de mu\u00f1eca estar\u00e1 fabricado con pantallas oled fabricadas por<strong> Japan Display con un tama\u00f1o de entre 40 y 44 mm<\/strong>. Lo que no incorporar\u00e1 a\u00fan ser\u00e1 una c\u00e1mara integrada, algo que demandan los usuarios para que se convierta -de verdad- en el mejor reloj inteligente del mercado.<\/p>\n<p class=\"link-telegram\">\n\t\t\t\t\t\t\t\t\t\t\tNo te pierdas nada de MarketingDirecto.com y \u00fanete a nuestro Telegram t.me\/MarketingDirecto\n\t\t\t\t\t\t\t\t\t\t<\/p>\n<\/p><\/div>\n<p><script>(function(d, s, id) {\n  var js, fjs = d.getElementsByTagName(s)[0];\n  if (d.getElementById(id)) return;\n  js = d.createElement(s); js.id = id;\n  js.src = \"http:\/\/connect.facebook.net\/es_LA\/sdk.js#xfbml=1&appId=408746052611679&version=v2.3\";\n  fjs.parentNode.insertBefore(js, fjs);\n}(document, 'script', 'facebook-jssdk'));<\/script><br \/>\n<br \/>[ad_2]<br \/>\n<br \/><a href=\"https:\/\/www.marketingdirecto.com\/anunciantes-general\/anunciantes\/los-nuevos-airpods-de-apple-seran-resistentes-al-agua-aunque-mas-caros-novedades\">Source link <\/a><\/p>\n","protected":false},"excerpt":{"rendered":"<p>[ad_1] Parece que el pr\u00f3ximo 10 de septiembre se celebrar\u00e1 el evento de presentaci\u00f3n de las novedades de Apple. Ya se conocen algunas de las caracter\u00edsticas que tendr\u00e1n los nuevos iPhones, iPads y otros productos de la compa\u00f1\u00eda Una semana m\u00e1s Apple sigue estando en el foco de la noticia. Cuanto m\u00e1s se acerca la [&hellip;]<\/p>\n","protected":false},"author":2,"featured_media":9454,"comment_status":"open","ping_status":"open","sticky":false,"template":"","format":"standard","meta":{"footnotes":""},"categories":[2],"tags":[],"class_list":["post-9453","post","type-post","status-publish","format-standard","has-post-thumbnail","hentry","category-noticias-de-marketing-digital"],"yoast_head":"<!-- This site is optimized with the Yoast SEO plugin v27.4 - https:\/\/yoast.com\/product\/yoast-seo-wordpress\/ -->\n<title>Los nuevos AirPods de Apple ser\u00e1n resistentes al agua aunque m\u00e1s caros - Super News<\/title>\n<meta name=\"robots\" content=\"index, follow, max-snippet:-1, max-image-preview:large, max-video-preview:-1\" \/>\n<link rel=\"canonical\" href=\"https:\/\/super-news.info\/es\/los-nuevos-airpods-de-apple-seran-resistentes-al-agua-aunque-mas-caros\/\" \/>\n<meta property=\"og:locale\" content=\"en_US\" \/>\n<meta property=\"og:type\" content=\"article\" \/>\n<meta property=\"og:title\" content=\"Los nuevos AirPods de Apple ser\u00e1n resistentes al agua aunque m\u00e1s caros - Super News\" \/>\n<meta property=\"og:description\" content=\"[ad_1] Parece que el pr\u00f3ximo 10 de septiembre se celebrar\u00e1 el evento de presentaci\u00f3n de las novedades de Apple. Ya se conocen algunas de las caracter\u00edsticas que tendr\u00e1n los nuevos iPhones, iPads y otros productos de la compa\u00f1\u00eda Una semana m\u00e1s Apple sigue estando en el foco de la noticia. Cuanto m\u00e1s se acerca la [&hellip;]\" \/>\n<meta property=\"og:url\" content=\"https:\/\/super-news.info\/es\/los-nuevos-airpods-de-apple-seran-resistentes-al-agua-aunque-mas-caros\/\" \/>\n<meta property=\"og:site_name\" content=\"Super News\" \/>\n<meta property=\"article:published_time\" content=\"2019-08-24T06:46:24+00:00\" \/>\n<meta property=\"article:modified_time\" content=\"2019-08-24T06:46:25+00:00\" \/>\n<meta property=\"og:image\" content=\"https:\/\/super-news.info\/es\/wp-content\/uploads\/sites\/4\/2019\/08\/Los-nuevos-AirPods-de-Apple-ser-n-resistentes-al-agua-aunque.jpg\" \/>\n\t<meta property=\"og:image:width\" content=\"626\" \/>\n\t<meta property=\"og:image:height\" content=\"364\" \/>\n\t<meta property=\"og:image:type\" content=\"image\/jpeg\" \/>\n<meta name=\"author\" content=\"super-news\" \/>\n<meta name=\"twitter:card\" content=\"summary_large_image\" \/>\n<meta name=\"twitter:label1\" content=\"Written by\" \/>\n\t<meta name=\"twitter:data1\" content=\"super-news\" \/>\n\t<meta name=\"twitter:label2\" content=\"Est. reading time\" \/>\n\t<meta name=\"twitter:data2\" content=\"4 minutes\" \/>\n<script type=\"application\/ld+json\" class=\"yoast-schema-graph\">{\"@context\":\"https:\\\/\\\/schema.org\",\"@graph\":[{\"@type\":\"Article\",\"@id\":\"https:\\\/\\\/super-news.info\\\/es\\\/los-nuevos-airpods-de-apple-seran-resistentes-al-agua-aunque-mas-caros\\\/#article\",\"isPartOf\":{\"@id\":\"https:\\\/\\\/super-news.info\\\/es\\\/los-nuevos-airpods-de-apple-seran-resistentes-al-agua-aunque-mas-caros\\\/\"},\"author\":{\"name\":\"super-news\",\"@id\":\"https:\\\/\\\/super-news.info\\\/es\\\/#\\\/schema\\\/person\\\/2d4068cb2f39cd10008c2fce578a7356\"},\"headline\":\"Los nuevos AirPods de Apple ser\u00e1n resistentes al agua aunque m\u00e1s caros\",\"datePublished\":\"2019-08-24T06:46:24+00:00\",\"dateModified\":\"2019-08-24T06:46:25+00:00\",\"mainEntityOfPage\":{\"@id\":\"https:\\\/\\\/super-news.info\\\/es\\\/los-nuevos-airpods-de-apple-seran-resistentes-al-agua-aunque-mas-caros\\\/\"},\"wordCount\":735,\"commentCount\":0,\"image\":{\"@id\":\"https:\\\/\\\/super-news.info\\\/es\\\/los-nuevos-airpods-de-apple-seran-resistentes-al-agua-aunque-mas-caros\\\/#primaryimage\"},\"thumbnailUrl\":\"https:\\\/\\\/super-news.info\\\/es\\\/wp-content\\\/uploads\\\/sites\\\/4\\\/2019\\\/08\\\/Los-nuevos-AirPods-de-Apple-ser-n-resistentes-al-agua-aunque.jpg\",\"articleSection\":[\"NOTICIAS DE MARKETING DIGITAL\"],\"inLanguage\":\"en-US\",\"potentialAction\":[{\"@type\":\"CommentAction\",\"name\":\"Comment\",\"target\":[\"https:\\\/\\\/super-news.info\\\/es\\\/los-nuevos-airpods-de-apple-seran-resistentes-al-agua-aunque-mas-caros\\\/#respond\"]}]},{\"@type\":\"WebPage\",\"@id\":\"https:\\\/\\\/super-news.info\\\/es\\\/los-nuevos-airpods-de-apple-seran-resistentes-al-agua-aunque-mas-caros\\\/\",\"url\":\"https:\\\/\\\/super-news.info\\\/es\\\/los-nuevos-airpods-de-apple-seran-resistentes-al-agua-aunque-mas-caros\\\/\",\"name\":\"Los nuevos AirPods de Apple ser\u00e1n resistentes al agua aunque m\u00e1s caros - Super News\",\"isPartOf\":{\"@id\":\"https:\\\/\\\/super-news.info\\\/es\\\/#website\"},\"primaryImageOfPage\":{\"@id\":\"https:\\\/\\\/super-news.info\\\/es\\\/los-nuevos-airpods-de-apple-seran-resistentes-al-agua-aunque-mas-caros\\\/#primaryimage\"},\"image\":{\"@id\":\"https:\\\/\\\/super-news.info\\\/es\\\/los-nuevos-airpods-de-apple-seran-resistentes-al-agua-aunque-mas-caros\\\/#primaryimage\"},\"thumbnailUrl\":\"https:\\\/\\\/super-news.info\\\/es\\\/wp-content\\\/uploads\\\/sites\\\/4\\\/2019\\\/08\\\/Los-nuevos-AirPods-de-Apple-ser-n-resistentes-al-agua-aunque.jpg\",\"datePublished\":\"2019-08-24T06:46:24+00:00\",\"dateModified\":\"2019-08-24T06:46:25+00:00\",\"author\":{\"@id\":\"https:\\\/\\\/super-news.info\\\/es\\\/#\\\/schema\\\/person\\\/2d4068cb2f39cd10008c2fce578a7356\"},\"breadcrumb\":{\"@id\":\"https:\\\/\\\/super-news.info\\\/es\\\/los-nuevos-airpods-de-apple-seran-resistentes-al-agua-aunque-mas-caros\\\/#breadcrumb\"},\"inLanguage\":\"en-US\",\"potentialAction\":[{\"@type\":\"ReadAction\",\"target\":[\"https:\\\/\\\/super-news.info\\\/es\\\/los-nuevos-airpods-de-apple-seran-resistentes-al-agua-aunque-mas-caros\\\/\"]}]},{\"@type\":\"ImageObject\",\"inLanguage\":\"en-US\",\"@id\":\"https:\\\/\\\/super-news.info\\\/es\\\/los-nuevos-airpods-de-apple-seran-resistentes-al-agua-aunque-mas-caros\\\/#primaryimage\",\"url\":\"https:\\\/\\\/super-news.info\\\/es\\\/wp-content\\\/uploads\\\/sites\\\/4\\\/2019\\\/08\\\/Los-nuevos-AirPods-de-Apple-ser-n-resistentes-al-agua-aunque.jpg\",\"contentUrl\":\"https:\\\/\\\/super-news.info\\\/es\\\/wp-content\\\/uploads\\\/sites\\\/4\\\/2019\\\/08\\\/Los-nuevos-AirPods-de-Apple-ser-n-resistentes-al-agua-aunque.jpg\",\"width\":626,\"height\":364,\"caption\":\"apple novedades\"},{\"@type\":\"BreadcrumbList\",\"@id\":\"https:\\\/\\\/super-news.info\\\/es\\\/los-nuevos-airpods-de-apple-seran-resistentes-al-agua-aunque-mas-caros\\\/#breadcrumb\",\"itemListElement\":[{\"@type\":\"ListItem\",\"position\":1,\"name\":\"\u0413\u043b\u0430\u0432\u043d\u0430\u044f \u0441\u0442\u0440\u0430\u043d\u0438\u0446\u0430\",\"item\":\"https:\\\/\\\/super-news.info\\\/es\\\/\"},{\"@type\":\"ListItem\",\"position\":2,\"name\":\"Los nuevos AirPods de Apple ser\u00e1n resistentes al agua aunque m\u00e1s caros\"}]},{\"@type\":\"WebSite\",\"@id\":\"https:\\\/\\\/super-news.info\\\/es\\\/#website\",\"url\":\"https:\\\/\\\/super-news.info\\\/es\\\/\",\"name\":\"Super News\",\"description\":\"Super News Espa\u00f1a\",\"potentialAction\":[{\"@type\":\"SearchAction\",\"target\":{\"@type\":\"EntryPoint\",\"urlTemplate\":\"https:\\\/\\\/super-news.info\\\/es\\\/?s={search_term_string}\"},\"query-input\":{\"@type\":\"PropertyValueSpecification\",\"valueRequired\":true,\"valueName\":\"search_term_string\"}}],\"inLanguage\":\"en-US\"},{\"@type\":\"Person\",\"@id\":\"https:\\\/\\\/super-news.info\\\/es\\\/#\\\/schema\\\/person\\\/2d4068cb2f39cd10008c2fce578a7356\",\"name\":\"super-news\",\"image\":{\"@type\":\"ImageObject\",\"inLanguage\":\"en-US\",\"@id\":\"https:\\\/\\\/secure.gravatar.com\\\/avatar\\\/64ebac40b93f26a154f8a9b5b6fdccfc46f442b26b3dd6756dbff3bf9dc76fd7?s=96&d=mm&r=g\",\"url\":\"https:\\\/\\\/secure.gravatar.com\\\/avatar\\\/64ebac40b93f26a154f8a9b5b6fdccfc46f442b26b3dd6756dbff3bf9dc76fd7?s=96&d=mm&r=g\",\"contentUrl\":\"https:\\\/\\\/secure.gravatar.com\\\/avatar\\\/64ebac40b93f26a154f8a9b5b6fdccfc46f442b26b3dd6756dbff3bf9dc76fd7?s=96&d=mm&r=g\",\"caption\":\"super-news\"},\"url\":\"https:\\\/\\\/super-news.info\\\/es\\\/author\\\/pt\\\/\"}]}<\/script>\n<!-- \/ Yoast SEO plugin. -->","yoast_head_json":{"title":"Los nuevos AirPods de Apple ser\u00e1n resistentes al agua aunque m\u00e1s caros - Super News","robots":{"index":"index","follow":"follow","max-snippet":"max-snippet:-1","max-image-preview":"max-image-preview:large","max-video-preview":"max-video-preview:-1"},"canonical":"https:\/\/super-news.info\/es\/los-nuevos-airpods-de-apple-seran-resistentes-al-agua-aunque-mas-caros\/","og_locale":"en_US","og_type":"article","og_title":"Los nuevos AirPods de Apple ser\u00e1n resistentes al agua aunque m\u00e1s caros - Super News","og_description":"[ad_1] Parece que el pr\u00f3ximo 10 de septiembre se celebrar\u00e1 el evento de presentaci\u00f3n de las novedades de Apple. Ya se conocen algunas de las caracter\u00edsticas que tendr\u00e1n los nuevos iPhones, iPads y otros productos de la compa\u00f1\u00eda Una semana m\u00e1s Apple sigue estando en el foco de la noticia. Cuanto m\u00e1s se acerca la [&hellip;]","og_url":"https:\/\/super-news.info\/es\/los-nuevos-airpods-de-apple-seran-resistentes-al-agua-aunque-mas-caros\/","og_site_name":"Super News","article_published_time":"2019-08-24T06:46:24+00:00","article_modified_time":"2019-08-24T06:46:25+00:00","og_image":[{"width":626,"height":364,"url":"https:\/\/super-news.info\/es\/wp-content\/uploads\/sites\/4\/2019\/08\/Los-nuevos-AirPods-de-Apple-ser-n-resistentes-al-agua-aunque.jpg","type":"image\/jpeg"}],"author":"super-news","twitter_card":"summary_large_image","twitter_misc":{"Written by":"super-news","Est. reading time":"4 minutes"},"schema":{"@context":"https:\/\/schema.org","@graph":[{"@type":"Article","@id":"https:\/\/super-news.info\/es\/los-nuevos-airpods-de-apple-seran-resistentes-al-agua-aunque-mas-caros\/#article","isPartOf":{"@id":"https:\/\/super-news.info\/es\/los-nuevos-airpods-de-apple-seran-resistentes-al-agua-aunque-mas-caros\/"},"author":{"name":"super-news","@id":"https:\/\/super-news.info\/es\/#\/schema\/person\/2d4068cb2f39cd10008c2fce578a7356"},"headline":"Los nuevos AirPods de Apple ser\u00e1n resistentes al agua aunque m\u00e1s caros","datePublished":"2019-08-24T06:46:24+00:00","dateModified":"2019-08-24T06:46:25+00:00","mainEntityOfPage":{"@id":"https:\/\/super-news.info\/es\/los-nuevos-airpods-de-apple-seran-resistentes-al-agua-aunque-mas-caros\/"},"wordCount":735,"commentCount":0,"image":{"@id":"https:\/\/super-news.info\/es\/los-nuevos-airpods-de-apple-seran-resistentes-al-agua-aunque-mas-caros\/#primaryimage"},"thumbnailUrl":"https:\/\/super-news.info\/es\/wp-content\/uploads\/sites\/4\/2019\/08\/Los-nuevos-AirPods-de-Apple-ser-n-resistentes-al-agua-aunque.jpg","articleSection":["NOTICIAS DE MARKETING DIGITAL"],"inLanguage":"en-US","potentialAction":[{"@type":"CommentAction","name":"Comment","target":["https:\/\/super-news.info\/es\/los-nuevos-airpods-de-apple-seran-resistentes-al-agua-aunque-mas-caros\/#respond"]}]},{"@type":"WebPage","@id":"https:\/\/super-news.info\/es\/los-nuevos-airpods-de-apple-seran-resistentes-al-agua-aunque-mas-caros\/","url":"https:\/\/super-news.info\/es\/los-nuevos-airpods-de-apple-seran-resistentes-al-agua-aunque-mas-caros\/","name":"Los nuevos AirPods de Apple ser\u00e1n resistentes al agua aunque m\u00e1s caros - Super News","isPartOf":{"@id":"https:\/\/super-news.info\/es\/#website"},"primaryImageOfPage":{"@id":"https:\/\/super-news.info\/es\/los-nuevos-airpods-de-apple-seran-resistentes-al-agua-aunque-mas-caros\/#primaryimage"},"image":{"@id":"https:\/\/super-news.info\/es\/los-nuevos-airpods-de-apple-seran-resistentes-al-agua-aunque-mas-caros\/#primaryimage"},"thumbnailUrl":"https:\/\/super-news.info\/es\/wp-content\/uploads\/sites\/4\/2019\/08\/Los-nuevos-AirPods-de-Apple-ser-n-resistentes-al-agua-aunque.jpg","datePublished":"2019-08-24T06:46:24+00:00","dateModified":"2019-08-24T06:46:25+00:00","author":{"@id":"https:\/\/super-news.info\/es\/#\/schema\/person\/2d4068cb2f39cd10008c2fce578a7356"},"breadcrumb":{"@id":"https:\/\/super-news.info\/es\/los-nuevos-airpods-de-apple-seran-resistentes-al-agua-aunque-mas-caros\/#breadcrumb"},"inLanguage":"en-US","potentialAction":[{"@type":"ReadAction","target":["https:\/\/super-news.info\/es\/los-nuevos-airpods-de-apple-seran-resistentes-al-agua-aunque-mas-caros\/"]}]},{"@type":"ImageObject","inLanguage":"en-US","@id":"https:\/\/super-news.info\/es\/los-nuevos-airpods-de-apple-seran-resistentes-al-agua-aunque-mas-caros\/#primaryimage","url":"https:\/\/super-news.info\/es\/wp-content\/uploads\/sites\/4\/2019\/08\/Los-nuevos-AirPods-de-Apple-ser-n-resistentes-al-agua-aunque.jpg","contentUrl":"https:\/\/super-news.info\/es\/wp-content\/uploads\/sites\/4\/2019\/08\/Los-nuevos-AirPods-de-Apple-ser-n-resistentes-al-agua-aunque.jpg","width":626,"height":364,"caption":"apple novedades"},{"@type":"BreadcrumbList","@id":"https:\/\/super-news.info\/es\/los-nuevos-airpods-de-apple-seran-resistentes-al-agua-aunque-mas-caros\/#breadcrumb","itemListElement":[{"@type":"ListItem","position":1,"name":"\u0413\u043b\u0430\u0432\u043d\u0430\u044f \u0441\u0442\u0440\u0430\u043d\u0438\u0446\u0430","item":"https:\/\/super-news.info\/es\/"},{"@type":"ListItem","position":2,"name":"Los nuevos AirPods de Apple ser\u00e1n resistentes al agua aunque m\u00e1s caros"}]},{"@type":"WebSite","@id":"https:\/\/super-news.info\/es\/#website","url":"https:\/\/super-news.info\/es\/","name":"Super News","description":"Super News Espa\u00f1a","potentialAction":[{"@type":"SearchAction","target":{"@type":"EntryPoint","urlTemplate":"https:\/\/super-news.info\/es\/?s={search_term_string}"},"query-input":{"@type":"PropertyValueSpecification","valueRequired":true,"valueName":"search_term_string"}}],"inLanguage":"en-US"},{"@type":"Person","@id":"https:\/\/super-news.info\/es\/#\/schema\/person\/2d4068cb2f39cd10008c2fce578a7356","name":"super-news","image":{"@type":"ImageObject","inLanguage":"en-US","@id":"https:\/\/secure.gravatar.com\/avatar\/64ebac40b93f26a154f8a9b5b6fdccfc46f442b26b3dd6756dbff3bf9dc76fd7?s=96&d=mm&r=g","url":"https:\/\/secure.gravatar.com\/avatar\/64ebac40b93f26a154f8a9b5b6fdccfc46f442b26b3dd6756dbff3bf9dc76fd7?s=96&d=mm&r=g","contentUrl":"https:\/\/secure.gravatar.com\/avatar\/64ebac40b93f26a154f8a9b5b6fdccfc46f442b26b3dd6756dbff3bf9dc76fd7?s=96&d=mm&r=g","caption":"super-news"},"url":"https:\/\/super-news.info\/es\/author\/pt\/"}]}},"_links":{"self":[{"href":"https:\/\/super-news.info\/es\/wp-json\/wp\/v2\/posts\/9453","targetHints":{"allow":["GET"]}}],"collection":[{"href":"https:\/\/super-news.info\/es\/wp-json\/wp\/v2\/posts"}],"about":[{"href":"https:\/\/super-news.info\/es\/wp-json\/wp\/v2\/types\/post"}],"author":[{"embeddable":true,"href":"https:\/\/super-news.info\/es\/wp-json\/wp\/v2\/users\/2"}],"replies":[{"embeddable":true,"href":"https:\/\/super-news.info\/es\/wp-json\/wp\/v2\/comments?post=9453"}],"version-history":[{"count":1,"href":"https:\/\/super-news.info\/es\/wp-json\/wp\/v2\/posts\/9453\/revisions"}],"predecessor-version":[{"id":9455,"href":"https:\/\/super-news.info\/es\/wp-json\/wp\/v2\/posts\/9453\/revisions\/9455"}],"wp:featuredmedia":[{"embeddable":true,"href":"https:\/\/super-news.info\/es\/wp-json\/wp\/v2\/media\/9454"}],"wp:attachment":[{"href":"https:\/\/super-news.info\/es\/wp-json\/wp\/v2\/media?parent=9453"}],"wp:term":[{"taxonomy":"category","embeddable":true,"href":"https:\/\/super-news.info\/es\/wp-json\/wp\/v2\/categories?post=9453"},{"taxonomy":"post_tag","embeddable":true,"href":"https:\/\/super-news.info\/es\/wp-json\/wp\/v2\/tags?post=9453"}],"curies":[{"name":"wp","href":"https:\/\/api.w.org\/{rel}","templated":true}]}}