{"id":9447,"date":"2019-08-24T06:46:50","date_gmt":"2019-08-24T03:46:50","guid":{"rendered":"https:\/\/super-news.info\/es\/el-fundador-y-ceo-de-marco-nombrado-como-global-pr-executive-of-the-year-por-los-stevie-award\/"},"modified":"2019-08-24T06:46:51","modified_gmt":"2019-08-24T03:46:51","slug":"el-fundador-y-ceo-de-marco-nombrado-como-global-pr-executive-of-the-year-por-los-stevie-award","status":"publish","type":"post","link":"https:\/\/super-news.info\/es\/el-fundador-y-ceo-de-marco-nombrado-como-global-pr-executive-of-the-year-por-los-stevie-award\/","title":{"rendered":"El Fundador y CEO de MARCO nombrado como Global PR Executive of the Year por los Stevie Award"},"content":{"rendered":"<p> [ad_1]<br \/>\n<\/p>\n<div id=\"textoNoticia\">\n<p class=\"excerpt-single\">Ha sido el \u00fanico profesional europeo premiado en la categor\u00eda &#8220;Communications, Investor Relations or PR Executive of the Year&#8221; con el Silver Award<\/p>\n<\/p>\n<p>Didier Lagae, CEO y fundador de MARCO de Comunicaci\u00f3n, ha sido distinguido en los <strong>Global Stevie Awards en la categor\u00eda &#8220;Communications, Investor Relations or PR Executive of the Year&#8221;.<\/strong> Lagae es el \u00fanico profesional europeo galardonado en la categor\u00eda, lo que consolida a\u00fan m\u00e1s su posici\u00f3n en el sector de la comunicaci\u00f3n y PR, tras recibir el premio como <strong>Mejor Profesional de PR en Europa<\/strong> en los prestigiosos PRWeek Global Awards celebrados el pasado mes de mayo.<\/p>\n<p>Los Stevie\u00ae Awards son unos de los <strong>premios empresariales m\u00e1s importantes del mundo<\/strong>, creados en 2002 con el objetivo de reconocer los logros y contribuciones de organizaciones y profesionales vinculados a la comunicaci\u00f3n a escala mundial. La Categor\u00eda &#8220;Communications, Investor Relations or PR Executive of the Year&#8221;, en la que ha sido galardonado Lagae, premia al <strong>profesional con mayores logros entre los ejecutivos del sector de la comunicaci\u00f3n a nivel global<\/strong>.<\/p>\n<p>El prestigioso premio supone un nuevo \u00e9xito en la imparable trayectoria de Didier Lagae, y consolida a\u00fan m\u00e1s su posici\u00f3n como uno de los m\u00e1s reconocidos consultores internacionales en comunicaci\u00f3n y reputaci\u00f3n, tras su<strong> reconocimiento como L\u00edder Clim\u00e1tico y la presentaci\u00f3n de su exitoso libro &#8220;Marca Pa\u00eds, un Pa\u00eds como Marca&#8221;<\/strong>.<\/p>\n<p>Licenciado en comunicaci\u00f3n por la Vrije Universiteit Brussel, con un Postgrado en Comunicaci\u00f3n Financiera por la Universit\u00e9 Catholique de Louvain y un Master en Ciencias de la Comunicaci\u00f3n por la Universidad Aut\u00f3noma de Barcelona, Lagae cuenta con una amplia trayectoria profesional en la que lleg\u00f3 a dirigir la red de agencias ECCO, asumir la responsabilidad para el comunicaci\u00f3n externa en la regi\u00f3n EMEA para Levi\u2019s, asumir la direcci\u00f3n de la comunicaci\u00f3n a nivel global para The Body Shop, ser responsable de las \u00e1reas de Reputation Management en la regi\u00f3n de EMEA de Weber Shandwick para luego asumir la codirecci\u00f3n de Edelman en Iberia.<\/p>\n<p>En la actualidad, Didier<strong> lidera un equipo de m\u00e1s de 130 consultores de m\u00e1s de veinte nacionalidades diferentes<\/strong> en diez oficinas en cuatro continentes en MARCO de Comunicaci\u00f3n, la agencia que fund\u00f3 en 2002 y de la que es CEO. <strong>MARCO ha sido la agencia m\u00e1s premiada por octavo a\u00f1o consecutivo y mejor valorada por PR Scope<\/strong> por el desempe\u00f1o de toda su gama de servicios de comunicaci\u00f3n 360\u00ba, as\u00ed como por los proyectos realizados en todo el mundo, que refuerzan su reputaci\u00f3n internacional. A punto de cumplir 18 a\u00f1os, la agencia vive un momento de crecimiento mete\u00f3rico, con un incremento anual de sus ingresos del 20% durante los \u00faltimos cinco ejercicios, lo que la sit\u00faa como una de las <strong>consultoras con mayor facturaci\u00f3n en la pen\u00ednsula ib\u00e9rica<\/strong> y le permite impulsar su expansi\u00f3n en Am\u00e9rica Latina con la apertura de nuevas oficinas en Ciudad de M\u00e9xico, Bogot\u00e1 y Lima.<\/p>\n<p>Didier Lagae ha comentado: &#8220;Es todo un orgullo para m\u00ed ser el <strong>\u00fanico representante del sector de las Relaciones P\u00fablicas en Europa<\/strong> en ser premiado en esta 16\u00aa edici\u00f3n. La industria de la comunicaci\u00f3n y la gesti\u00f3n de la reputaci\u00f3n vive un momento de gran cambio y evoluci\u00f3n y es muy gratificante ser galardonado como uno de los l\u00edderes por la comunidad empresarial&#8221;.<\/p>\n<p>El argentino Sebastian Siseles, Vicepresidente Internacional de Freelancer.com al cargo de las relaciones institucionales de la empresa, as\u00ed como de su estrategia de Comunicaci\u00f3n y Marketing a nivel global, y el surcoreano Soon-seok Yang, Director Ejecutivo del Grupo KT y responsable de la reputaci\u00f3n corporativa de la proveedora de servicios integrados de telecomunicaciones KBN (Korean Telecom Broadcasting Network), comparten el oro en la categor\u00eda.<strong> Los premios se entregar\u00e1n durante una exclusiva gala que tendr\u00e1 lugar en Viena, Austria, el pr\u00f3ximo s\u00e1bado 19 de octubre.<\/strong><\/p>\n<p>Nota de prensa<\/p>\n<p class=\"link-telegram\">\n\t\t\t\t\t\t\t\t\t\t\tNo te pierdas nada de MarketingDirecto.com y \u00fanete a nuestro Telegram t.me\/MarketingDirecto\n\t\t\t\t\t\t\t\t\t\t<\/p>\n<\/p><\/div>\n<p><script>(function(d, s, id) {\n  var js, fjs = d.getElementsByTagName(s)[0];\n  if (d.getElementById(id)) return;\n  js = d.createElement(s); js.id = id;\n  js.src = \"http:\/\/connect.facebook.net\/es_LA\/sdk.js#xfbml=1&appId=408746052611679&version=v2.3\";\n  fjs.parentNode.insertBefore(js, fjs);\n}(document, 'script', 'facebook-jssdk'));<\/script><br \/>\n<br \/>[ad_2]<br \/>\n<br \/><a href=\"https:\/\/www.marketingdirecto.com\/marketing-general\/gente\/fundador-ceo-marco-nombrado-como-global-pr-executive-of-the-year-stevie-award\">Source link <\/a><\/p>\n","protected":false},"excerpt":{"rendered":"<p>[ad_1] Ha sido el \u00fanico profesional europeo premiado en la categor\u00eda &#8220;Communications, Investor Relations or PR Executive of the Year&#8221; con el Silver Award Didier Lagae, CEO y fundador de MARCO de Comunicaci\u00f3n, ha sido distinguido en los Global Stevie Awards en la categor\u00eda &#8220;Communications, Investor Relations or PR Executive of the Year&#8221;. Lagae es [&hellip;]<\/p>\n","protected":false},"author":2,"featured_media":9448,"comment_status":"open","ping_status":"open","sticky":false,"template":"","format":"standard","meta":{"footnotes":""},"categories":[2],"tags":[],"class_list":["post-9447","post","type-post","status-publish","format-standard","has-post-thumbnail","hentry","category-noticias-de-marketing-digital"],"yoast_head":"<!-- This site is optimized with the Yoast SEO plugin v27.4 - https:\/\/yoast.com\/product\/yoast-seo-wordpress\/ -->\n<title>El Fundador y CEO de MARCO nombrado como Global PR Executive of the Year por los Stevie Award - Super News<\/title>\n<meta name=\"robots\" content=\"index, follow, max-snippet:-1, max-image-preview:large, max-video-preview:-1\" \/>\n<link rel=\"canonical\" href=\"https:\/\/super-news.info\/es\/el-fundador-y-ceo-de-marco-nombrado-como-global-pr-executive-of-the-year-por-los-stevie-award\/\" \/>\n<meta property=\"og:locale\" content=\"en_US\" \/>\n<meta property=\"og:type\" content=\"article\" \/>\n<meta property=\"og:title\" content=\"El Fundador y CEO de MARCO nombrado como Global PR Executive of the Year por los Stevie Award - Super News\" \/>\n<meta property=\"og:description\" content=\"[ad_1] Ha sido el \u00fanico profesional europeo premiado en la categor\u00eda &#8220;Communications, Investor Relations or PR Executive of the Year&#8221; con el Silver Award Didier Lagae, CEO y fundador de MARCO de Comunicaci\u00f3n, ha sido distinguido en los Global Stevie Awards en la categor\u00eda &#8220;Communications, Investor Relations or PR Executive of the Year&#8221;. Lagae es [&hellip;]\" \/>\n<meta property=\"og:url\" content=\"https:\/\/super-news.info\/es\/el-fundador-y-ceo-de-marco-nombrado-como-global-pr-executive-of-the-year-por-los-stevie-award\/\" \/>\n<meta property=\"og:site_name\" content=\"Super News\" \/>\n<meta property=\"article:published_time\" content=\"2019-08-24T03:46:50+00:00\" \/>\n<meta property=\"article:modified_time\" content=\"2019-08-24T03:46:51+00:00\" \/>\n<meta property=\"og:image\" content=\"https:\/\/super-news.info\/es\/wp-content\/uploads\/sites\/4\/2019\/08\/El-Fundador-y-CEO-de-MARCO-nombrado-como-Global-PR.jpg\" \/>\n\t<meta property=\"og:image:width\" content=\"626\" \/>\n\t<meta property=\"og:image:height\" content=\"364\" \/>\n\t<meta property=\"og:image:type\" content=\"image\/jpeg\" \/>\n<meta name=\"author\" content=\"super-news\" \/>\n<meta name=\"twitter:card\" content=\"summary_large_image\" \/>\n<meta name=\"twitter:label1\" content=\"Written by\" \/>\n\t<meta name=\"twitter:data1\" content=\"super-news\" \/>\n\t<meta name=\"twitter:label2\" content=\"Est. reading time\" \/>\n\t<meta name=\"twitter:data2\" content=\"4 minutes\" \/>\n<script type=\"application\/ld+json\" class=\"yoast-schema-graph\">{\"@context\":\"https:\\\/\\\/schema.org\",\"@graph\":[{\"@type\":\"Article\",\"@id\":\"https:\\\/\\\/super-news.info\\\/es\\\/el-fundador-y-ceo-de-marco-nombrado-como-global-pr-executive-of-the-year-por-los-stevie-award\\\/#article\",\"isPartOf\":{\"@id\":\"https:\\\/\\\/super-news.info\\\/es\\\/el-fundador-y-ceo-de-marco-nombrado-como-global-pr-executive-of-the-year-por-los-stevie-award\\\/\"},\"author\":{\"name\":\"super-news\",\"@id\":\"https:\\\/\\\/super-news.info\\\/es\\\/#\\\/schema\\\/person\\\/2d4068cb2f39cd10008c2fce578a7356\"},\"headline\":\"El Fundador y CEO de MARCO nombrado como Global PR Executive of the Year por los Stevie Award\",\"datePublished\":\"2019-08-24T03:46:50+00:00\",\"dateModified\":\"2019-08-24T03:46:51+00:00\",\"mainEntityOfPage\":{\"@id\":\"https:\\\/\\\/super-news.info\\\/es\\\/el-fundador-y-ceo-de-marco-nombrado-como-global-pr-executive-of-the-year-por-los-stevie-award\\\/\"},\"wordCount\":719,\"commentCount\":0,\"image\":{\"@id\":\"https:\\\/\\\/super-news.info\\\/es\\\/el-fundador-y-ceo-de-marco-nombrado-como-global-pr-executive-of-the-year-por-los-stevie-award\\\/#primaryimage\"},\"thumbnailUrl\":\"https:\\\/\\\/super-news.info\\\/es\\\/wp-content\\\/uploads\\\/sites\\\/4\\\/2019\\\/08\\\/El-Fundador-y-CEO-de-MARCO-nombrado-como-Global-PR.jpg\",\"articleSection\":[\"NOTICIAS DE MARKETING DIGITAL\"],\"inLanguage\":\"en-US\",\"potentialAction\":[{\"@type\":\"CommentAction\",\"name\":\"Comment\",\"target\":[\"https:\\\/\\\/super-news.info\\\/es\\\/el-fundador-y-ceo-de-marco-nombrado-como-global-pr-executive-of-the-year-por-los-stevie-award\\\/#respond\"]}]},{\"@type\":\"WebPage\",\"@id\":\"https:\\\/\\\/super-news.info\\\/es\\\/el-fundador-y-ceo-de-marco-nombrado-como-global-pr-executive-of-the-year-por-los-stevie-award\\\/\",\"url\":\"https:\\\/\\\/super-news.info\\\/es\\\/el-fundador-y-ceo-de-marco-nombrado-como-global-pr-executive-of-the-year-por-los-stevie-award\\\/\",\"name\":\"El Fundador y CEO de MARCO nombrado como Global PR Executive of the Year por los Stevie Award - Super News\",\"isPartOf\":{\"@id\":\"https:\\\/\\\/super-news.info\\\/es\\\/#website\"},\"primaryImageOfPage\":{\"@id\":\"https:\\\/\\\/super-news.info\\\/es\\\/el-fundador-y-ceo-de-marco-nombrado-como-global-pr-executive-of-the-year-por-los-stevie-award\\\/#primaryimage\"},\"image\":{\"@id\":\"https:\\\/\\\/super-news.info\\\/es\\\/el-fundador-y-ceo-de-marco-nombrado-como-global-pr-executive-of-the-year-por-los-stevie-award\\\/#primaryimage\"},\"thumbnailUrl\":\"https:\\\/\\\/super-news.info\\\/es\\\/wp-content\\\/uploads\\\/sites\\\/4\\\/2019\\\/08\\\/El-Fundador-y-CEO-de-MARCO-nombrado-como-Global-PR.jpg\",\"datePublished\":\"2019-08-24T03:46:50+00:00\",\"dateModified\":\"2019-08-24T03:46:51+00:00\",\"author\":{\"@id\":\"https:\\\/\\\/super-news.info\\\/es\\\/#\\\/schema\\\/person\\\/2d4068cb2f39cd10008c2fce578a7356\"},\"breadcrumb\":{\"@id\":\"https:\\\/\\\/super-news.info\\\/es\\\/el-fundador-y-ceo-de-marco-nombrado-como-global-pr-executive-of-the-year-por-los-stevie-award\\\/#breadcrumb\"},\"inLanguage\":\"en-US\",\"potentialAction\":[{\"@type\":\"ReadAction\",\"target\":[\"https:\\\/\\\/super-news.info\\\/es\\\/el-fundador-y-ceo-de-marco-nombrado-como-global-pr-executive-of-the-year-por-los-stevie-award\\\/\"]}]},{\"@type\":\"ImageObject\",\"inLanguage\":\"en-US\",\"@id\":\"https:\\\/\\\/super-news.info\\\/es\\\/el-fundador-y-ceo-de-marco-nombrado-como-global-pr-executive-of-the-year-por-los-stevie-award\\\/#primaryimage\",\"url\":\"https:\\\/\\\/super-news.info\\\/es\\\/wp-content\\\/uploads\\\/sites\\\/4\\\/2019\\\/08\\\/El-Fundador-y-CEO-de-MARCO-nombrado-como-Global-PR.jpg\",\"contentUrl\":\"https:\\\/\\\/super-news.info\\\/es\\\/wp-content\\\/uploads\\\/sites\\\/4\\\/2019\\\/08\\\/El-Fundador-y-CEO-de-MARCO-nombrado-como-Global-PR.jpg\",\"width\":626,\"height\":364,\"caption\":\"Didier Lagae\"},{\"@type\":\"BreadcrumbList\",\"@id\":\"https:\\\/\\\/super-news.info\\\/es\\\/el-fundador-y-ceo-de-marco-nombrado-como-global-pr-executive-of-the-year-por-los-stevie-award\\\/#breadcrumb\",\"itemListElement\":[{\"@type\":\"ListItem\",\"position\":1,\"name\":\"\u0413\u043b\u0430\u0432\u043d\u0430\u044f \u0441\u0442\u0440\u0430\u043d\u0438\u0446\u0430\",\"item\":\"https:\\\/\\\/super-news.info\\\/es\\\/\"},{\"@type\":\"ListItem\",\"position\":2,\"name\":\"El Fundador y CEO de MARCO nombrado como Global PR Executive of the Year por los Stevie Award\"}]},{\"@type\":\"WebSite\",\"@id\":\"https:\\\/\\\/super-news.info\\\/es\\\/#website\",\"url\":\"https:\\\/\\\/super-news.info\\\/es\\\/\",\"name\":\"Super News\",\"description\":\"Super News Espa\u00f1a\",\"potentialAction\":[{\"@type\":\"SearchAction\",\"target\":{\"@type\":\"EntryPoint\",\"urlTemplate\":\"https:\\\/\\\/super-news.info\\\/es\\\/?s={search_term_string}\"},\"query-input\":{\"@type\":\"PropertyValueSpecification\",\"valueRequired\":true,\"valueName\":\"search_term_string\"}}],\"inLanguage\":\"en-US\"},{\"@type\":\"Person\",\"@id\":\"https:\\\/\\\/super-news.info\\\/es\\\/#\\\/schema\\\/person\\\/2d4068cb2f39cd10008c2fce578a7356\",\"name\":\"super-news\",\"image\":{\"@type\":\"ImageObject\",\"inLanguage\":\"en-US\",\"@id\":\"https:\\\/\\\/secure.gravatar.com\\\/avatar\\\/64ebac40b93f26a154f8a9b5b6fdccfc46f442b26b3dd6756dbff3bf9dc76fd7?s=96&d=mm&r=g\",\"url\":\"https:\\\/\\\/secure.gravatar.com\\\/avatar\\\/64ebac40b93f26a154f8a9b5b6fdccfc46f442b26b3dd6756dbff3bf9dc76fd7?s=96&d=mm&r=g\",\"contentUrl\":\"https:\\\/\\\/secure.gravatar.com\\\/avatar\\\/64ebac40b93f26a154f8a9b5b6fdccfc46f442b26b3dd6756dbff3bf9dc76fd7?s=96&d=mm&r=g\",\"caption\":\"super-news\"},\"url\":\"https:\\\/\\\/super-news.info\\\/es\\\/author\\\/pt\\\/\"}]}<\/script>\n<!-- \/ Yoast SEO plugin. -->","yoast_head_json":{"title":"El Fundador y CEO de MARCO nombrado como Global PR Executive of the Year por los Stevie Award - Super News","robots":{"index":"index","follow":"follow","max-snippet":"max-snippet:-1","max-image-preview":"max-image-preview:large","max-video-preview":"max-video-preview:-1"},"canonical":"https:\/\/super-news.info\/es\/el-fundador-y-ceo-de-marco-nombrado-como-global-pr-executive-of-the-year-por-los-stevie-award\/","og_locale":"en_US","og_type":"article","og_title":"El Fundador y CEO de MARCO nombrado como Global PR Executive of the Year por los Stevie Award - Super News","og_description":"[ad_1] Ha sido el \u00fanico profesional europeo premiado en la categor\u00eda &#8220;Communications, Investor Relations or PR Executive of the Year&#8221; con el Silver Award Didier Lagae, CEO y fundador de MARCO de Comunicaci\u00f3n, ha sido distinguido en los Global Stevie Awards en la categor\u00eda &#8220;Communications, Investor Relations or PR Executive of the Year&#8221;. Lagae es [&hellip;]","og_url":"https:\/\/super-news.info\/es\/el-fundador-y-ceo-de-marco-nombrado-como-global-pr-executive-of-the-year-por-los-stevie-award\/","og_site_name":"Super News","article_published_time":"2019-08-24T03:46:50+00:00","article_modified_time":"2019-08-24T03:46:51+00:00","og_image":[{"width":626,"height":364,"url":"https:\/\/super-news.info\/es\/wp-content\/uploads\/sites\/4\/2019\/08\/El-Fundador-y-CEO-de-MARCO-nombrado-como-Global-PR.jpg","type":"image\/jpeg"}],"author":"super-news","twitter_card":"summary_large_image","twitter_misc":{"Written by":"super-news","Est. reading time":"4 minutes"},"schema":{"@context":"https:\/\/schema.org","@graph":[{"@type":"Article","@id":"https:\/\/super-news.info\/es\/el-fundador-y-ceo-de-marco-nombrado-como-global-pr-executive-of-the-year-por-los-stevie-award\/#article","isPartOf":{"@id":"https:\/\/super-news.info\/es\/el-fundador-y-ceo-de-marco-nombrado-como-global-pr-executive-of-the-year-por-los-stevie-award\/"},"author":{"name":"super-news","@id":"https:\/\/super-news.info\/es\/#\/schema\/person\/2d4068cb2f39cd10008c2fce578a7356"},"headline":"El Fundador y CEO de MARCO nombrado como Global PR Executive of the Year por los Stevie Award","datePublished":"2019-08-24T03:46:50+00:00","dateModified":"2019-08-24T03:46:51+00:00","mainEntityOfPage":{"@id":"https:\/\/super-news.info\/es\/el-fundador-y-ceo-de-marco-nombrado-como-global-pr-executive-of-the-year-por-los-stevie-award\/"},"wordCount":719,"commentCount":0,"image":{"@id":"https:\/\/super-news.info\/es\/el-fundador-y-ceo-de-marco-nombrado-como-global-pr-executive-of-the-year-por-los-stevie-award\/#primaryimage"},"thumbnailUrl":"https:\/\/super-news.info\/es\/wp-content\/uploads\/sites\/4\/2019\/08\/El-Fundador-y-CEO-de-MARCO-nombrado-como-Global-PR.jpg","articleSection":["NOTICIAS DE MARKETING DIGITAL"],"inLanguage":"en-US","potentialAction":[{"@type":"CommentAction","name":"Comment","target":["https:\/\/super-news.info\/es\/el-fundador-y-ceo-de-marco-nombrado-como-global-pr-executive-of-the-year-por-los-stevie-award\/#respond"]}]},{"@type":"WebPage","@id":"https:\/\/super-news.info\/es\/el-fundador-y-ceo-de-marco-nombrado-como-global-pr-executive-of-the-year-por-los-stevie-award\/","url":"https:\/\/super-news.info\/es\/el-fundador-y-ceo-de-marco-nombrado-como-global-pr-executive-of-the-year-por-los-stevie-award\/","name":"El Fundador y CEO de MARCO nombrado como Global PR Executive of the Year por los Stevie Award - Super News","isPartOf":{"@id":"https:\/\/super-news.info\/es\/#website"},"primaryImageOfPage":{"@id":"https:\/\/super-news.info\/es\/el-fundador-y-ceo-de-marco-nombrado-como-global-pr-executive-of-the-year-por-los-stevie-award\/#primaryimage"},"image":{"@id":"https:\/\/super-news.info\/es\/el-fundador-y-ceo-de-marco-nombrado-como-global-pr-executive-of-the-year-por-los-stevie-award\/#primaryimage"},"thumbnailUrl":"https:\/\/super-news.info\/es\/wp-content\/uploads\/sites\/4\/2019\/08\/El-Fundador-y-CEO-de-MARCO-nombrado-como-Global-PR.jpg","datePublished":"2019-08-24T03:46:50+00:00","dateModified":"2019-08-24T03:46:51+00:00","author":{"@id":"https:\/\/super-news.info\/es\/#\/schema\/person\/2d4068cb2f39cd10008c2fce578a7356"},"breadcrumb":{"@id":"https:\/\/super-news.info\/es\/el-fundador-y-ceo-de-marco-nombrado-como-global-pr-executive-of-the-year-por-los-stevie-award\/#breadcrumb"},"inLanguage":"en-US","potentialAction":[{"@type":"ReadAction","target":["https:\/\/super-news.info\/es\/el-fundador-y-ceo-de-marco-nombrado-como-global-pr-executive-of-the-year-por-los-stevie-award\/"]}]},{"@type":"ImageObject","inLanguage":"en-US","@id":"https:\/\/super-news.info\/es\/el-fundador-y-ceo-de-marco-nombrado-como-global-pr-executive-of-the-year-por-los-stevie-award\/#primaryimage","url":"https:\/\/super-news.info\/es\/wp-content\/uploads\/sites\/4\/2019\/08\/El-Fundador-y-CEO-de-MARCO-nombrado-como-Global-PR.jpg","contentUrl":"https:\/\/super-news.info\/es\/wp-content\/uploads\/sites\/4\/2019\/08\/El-Fundador-y-CEO-de-MARCO-nombrado-como-Global-PR.jpg","width":626,"height":364,"caption":"Didier Lagae"},{"@type":"BreadcrumbList","@id":"https:\/\/super-news.info\/es\/el-fundador-y-ceo-de-marco-nombrado-como-global-pr-executive-of-the-year-por-los-stevie-award\/#breadcrumb","itemListElement":[{"@type":"ListItem","position":1,"name":"\u0413\u043b\u0430\u0432\u043d\u0430\u044f \u0441\u0442\u0440\u0430\u043d\u0438\u0446\u0430","item":"https:\/\/super-news.info\/es\/"},{"@type":"ListItem","position":2,"name":"El Fundador y CEO de MARCO nombrado como Global PR Executive of the Year por los Stevie Award"}]},{"@type":"WebSite","@id":"https:\/\/super-news.info\/es\/#website","url":"https:\/\/super-news.info\/es\/","name":"Super News","description":"Super News Espa\u00f1a","potentialAction":[{"@type":"SearchAction","target":{"@type":"EntryPoint","urlTemplate":"https:\/\/super-news.info\/es\/?s={search_term_string}"},"query-input":{"@type":"PropertyValueSpecification","valueRequired":true,"valueName":"search_term_string"}}],"inLanguage":"en-US"},{"@type":"Person","@id":"https:\/\/super-news.info\/es\/#\/schema\/person\/2d4068cb2f39cd10008c2fce578a7356","name":"super-news","image":{"@type":"ImageObject","inLanguage":"en-US","@id":"https:\/\/secure.gravatar.com\/avatar\/64ebac40b93f26a154f8a9b5b6fdccfc46f442b26b3dd6756dbff3bf9dc76fd7?s=96&d=mm&r=g","url":"https:\/\/secure.gravatar.com\/avatar\/64ebac40b93f26a154f8a9b5b6fdccfc46f442b26b3dd6756dbff3bf9dc76fd7?s=96&d=mm&r=g","contentUrl":"https:\/\/secure.gravatar.com\/avatar\/64ebac40b93f26a154f8a9b5b6fdccfc46f442b26b3dd6756dbff3bf9dc76fd7?s=96&d=mm&r=g","caption":"super-news"},"url":"https:\/\/super-news.info\/es\/author\/pt\/"}]}},"_links":{"self":[{"href":"https:\/\/super-news.info\/es\/wp-json\/wp\/v2\/posts\/9447","targetHints":{"allow":["GET"]}}],"collection":[{"href":"https:\/\/super-news.info\/es\/wp-json\/wp\/v2\/posts"}],"about":[{"href":"https:\/\/super-news.info\/es\/wp-json\/wp\/v2\/types\/post"}],"author":[{"embeddable":true,"href":"https:\/\/super-news.info\/es\/wp-json\/wp\/v2\/users\/2"}],"replies":[{"embeddable":true,"href":"https:\/\/super-news.info\/es\/wp-json\/wp\/v2\/comments?post=9447"}],"version-history":[{"count":1,"href":"https:\/\/super-news.info\/es\/wp-json\/wp\/v2\/posts\/9447\/revisions"}],"predecessor-version":[{"id":9449,"href":"https:\/\/super-news.info\/es\/wp-json\/wp\/v2\/posts\/9447\/revisions\/9449"}],"wp:featuredmedia":[{"embeddable":true,"href":"https:\/\/super-news.info\/es\/wp-json\/wp\/v2\/media\/9448"}],"wp:attachment":[{"href":"https:\/\/super-news.info\/es\/wp-json\/wp\/v2\/media?parent=9447"}],"wp:term":[{"taxonomy":"category","embeddable":true,"href":"https:\/\/super-news.info\/es\/wp-json\/wp\/v2\/categories?post=9447"},{"taxonomy":"post_tag","embeddable":true,"href":"https:\/\/super-news.info\/es\/wp-json\/wp\/v2\/tags?post=9447"}],"curies":[{"name":"wp","href":"https:\/\/api.w.org\/{rel}","templated":true}]}}