{"id":9426,"date":"2019-08-23T23:09:44","date_gmt":"2019-08-23T20:09:44","guid":{"rendered":"https:\/\/super-news.info\/es\/inditex-adidas-y-otras-30-empresas-de-moda-firman-un-pacto-contra-el-cambio-climatico\/"},"modified":"2019-08-23T23:09:45","modified_gmt":"2019-08-23T20:09:45","slug":"inditex-adidas-y-otras-30-empresas-de-moda-firman-un-pacto-contra-el-cambio-climatico","status":"publish","type":"post","link":"https:\/\/super-news.info\/es\/inditex-adidas-y-otras-30-empresas-de-moda-firman-un-pacto-contra-el-cambio-climatico\/","title":{"rendered":"Inditex, Adidas y otras 30 empresas de moda firman un pacto contra el cambio clim\u00e1tico"},"content":{"rendered":"<p> [ad_1]<br \/>\n<\/p>\n<div id=\"textoNoticia\">\n<p class=\"excerpt-single\">El Fashion Pact se compromete a establecer objetivos cuantitativos concretos con los que hacer frente a los retos de la industria en materia de lucha contra el cambio clim\u00e1tico, cuidado de los oc\u00e9anos y conservaci\u00f3n de la biodiversidad.<\/p>\n<\/p>\n<p>32 empresas del mundo del lujo, la moda, el deporte y el estilo de vida -que representan a 174 marcas- se han puesto de acuerdo para firmar el <em>Fashion Pact<\/em>, un documento para<strong> impulsar la sostenibilidad medioambiental<\/strong> de los sectores del textil y la moda.<\/p>\n<p>El documento ser\u00e1 presentado hoy en el Palacio del El\u00edseo de Par\u00eds en un acto <strong>convocado por el presidente de la Rep\u00fablica Francesa<\/strong>, Emmanuel Macron, promotor de la iniciativa. Estar\u00e1n presentes tambi\u00e9n en esta primera reuni\u00f3n de trabajo los ministros de Econom\u00eda y Transici\u00f3n Ecol\u00f3gica del ejecutivo franc\u00e9s, Bruno Le Maire y Elisabeth Borne.<\/p>\n<p>El <em>Fashion Pact<\/em> se compromete a establecer objetivos cuantitativos concretos con los que <strong>hacer frente a los retos de la industria<\/strong> en materia de lucha contra el cambio clim\u00e1tico, cuidado de los oc\u00e9anos y conservaci\u00f3n de la biodiversidad.<\/p>\n<p>Igualmente, impulsar\u00e1 la participaci\u00f3n de estas empresas en otras iniciativas sectoriales complementarias, y favorecer\u00e1 <strong>el desarrollo de aceleradores con los que ayudar a conseguir los retos<\/strong> establecidos.<\/p>\n<p>Las empresas que se han incorporado a esta iniciativa, por el momento, son: <strong>Adidas<\/strong>, Bestseller, Burberry, Capri Holdings Limited, Carrefour, Chanel, Everybody &amp; Everyone, Fashion3, Ferragamo, Fung Group, Galer\u00edas Lafayette, Gap, Giorgio Armani, H&amp;M, Hermes,<strong> Inditex,<\/strong> Karl Lagerfeld, Kering, La Redoute, MatchesFashion.com, Moncler, Nike, Nordstrom, Prada Grupo, Puma, PVH, <strong>Ralph Lauren<\/strong>, Ruyi, Selfridges Group, Stella McCartney, Tapestry y Zegna.<\/p>\n<p>Todas ellas se comprometen a trabajar en una estrategia que contenga tres aspectos esenciales para la protecci\u00f3n del planeta: detener el cambio clim\u00e1tico, restaurar la biodiversidad y proteger los oc\u00e9anos.<\/p>\n<p>El presidente de Inditex, Pablo Isla, estar\u00e1 en esta primera reuni\u00f3n: &#8220;Todos los que integramos Inditex estamos comprometidos con la sostenibilidad, eje estrat\u00e9gico clave de nuestra empresa, y ese es el aut\u00e9ntico motor del proyecto:<strong> la convicci\u00f3n de todos de cuidar nuestro entorno con la vista puesta en el largo plazo<\/strong>&#8220;, ha declarado. De hecho, la junta general de accionistas de la compa\u00f1\u00eda celebrada en julio cerr\u00f3 los objetivos que pretenden colocar a Inditex como eje transformador de la industria.<\/p>\n<p>Entre otros hitos, Inditex eliminar\u00e1 en 2020 por completo el uso de bolsas de pl\u00e1stico (algo que ya ocurre en Zara, Zara Home, Massimo Dutti y Uterq\u00fce) y en 2023 se habr\u00e1n eliminado totalmente los pl\u00e1sticos de un solo uso para clientes, y<strong> todos los residuos de los centros del Grupo ser\u00e1n reciclados o reutilizados<\/strong>. Asimismo, antes de 2025, el 100% del algod\u00f3n, el lino y el poli\u00e9ster que utilicen las ocho marcas del Grupo ser\u00e1 org\u00e1nico, sostenible o reciclado.<\/p>\n<p>La presentaci\u00f3n de este pacto se produce justo antes de <strong>la pr\u00f3xima reuni\u00f3n del G7<\/strong>, que preside tambi\u00e9n Emmanuel Macron y que empezar\u00e1 ma\u00f1ana en la localidad francesa de Biarritz.<\/p>\n<p class=\"link-telegram\">\n\t\t\t\t\t\t\t\t\t\t\tNo te pierdas nada de MarketingDirecto.com y \u00fanete a nuestro Telegram t.me\/MarketingDirecto\n\t\t\t\t\t\t\t\t\t\t<\/p>\n<\/p><\/div>\n<p><script>(function(d, s, id) {\n  var js, fjs = d.getElementsByTagName(s)[0];\n  if (d.getElementById(id)) return;\n  js = d.createElement(s); js.id = id;\n  js.src = \"http:\/\/connect.facebook.net\/es_LA\/sdk.js#xfbml=1&appId=408746052611679&version=v2.3\";\n  fjs.parentNode.insertBefore(js, fjs);\n}(document, 'script', 'facebook-jssdk'));<\/script><br \/>\n<br \/>[ad_2]<br \/>\n<br \/><a href=\"https:\/\/www.marketingdirecto.com\/anunciantes-general\/anunciantes\/inditex-adidas-y-otras-30-empresas-de-moda-firman-un-fashion-pact-contra-el-cambio-climatico\">Source link <\/a><\/p>\n","protected":false},"excerpt":{"rendered":"<p>[ad_1] El Fashion Pact se compromete a establecer objetivos cuantitativos concretos con los que hacer frente a los retos de la industria en materia de lucha contra el cambio clim\u00e1tico, cuidado de los oc\u00e9anos y conservaci\u00f3n de la biodiversidad. 32 empresas del mundo del lujo, la moda, el deporte y el estilo de vida -que [&hellip;]<\/p>\n","protected":false},"author":2,"featured_media":9427,"comment_status":"open","ping_status":"open","sticky":false,"template":"","format":"standard","meta":{"footnotes":""},"categories":[2],"tags":[],"class_list":["post-9426","post","type-post","status-publish","format-standard","has-post-thumbnail","hentry","category-noticias-de-marketing-digital"],"yoast_head":"<!-- This site is optimized with the Yoast SEO plugin v27.4 - https:\/\/yoast.com\/product\/yoast-seo-wordpress\/ -->\n<title>Inditex, Adidas y otras 30 empresas de moda firman un pacto contra el cambio clim\u00e1tico - Super News<\/title>\n<meta name=\"robots\" content=\"index, follow, max-snippet:-1, max-image-preview:large, max-video-preview:-1\" \/>\n<link rel=\"canonical\" href=\"https:\/\/super-news.info\/es\/inditex-adidas-y-otras-30-empresas-de-moda-firman-un-pacto-contra-el-cambio-climatico\/\" \/>\n<meta property=\"og:locale\" content=\"en_US\" \/>\n<meta property=\"og:type\" content=\"article\" \/>\n<meta property=\"og:title\" content=\"Inditex, Adidas y otras 30 empresas de moda firman un pacto contra el cambio clim\u00e1tico - Super News\" \/>\n<meta property=\"og:description\" content=\"[ad_1] El Fashion Pact se compromete a establecer objetivos cuantitativos concretos con los que hacer frente a los retos de la industria en materia de lucha contra el cambio clim\u00e1tico, cuidado de los oc\u00e9anos y conservaci\u00f3n de la biodiversidad. 32 empresas del mundo del lujo, la moda, el deporte y el estilo de vida -que [&hellip;]\" \/>\n<meta property=\"og:url\" content=\"https:\/\/super-news.info\/es\/inditex-adidas-y-otras-30-empresas-de-moda-firman-un-pacto-contra-el-cambio-climatico\/\" \/>\n<meta property=\"og:site_name\" content=\"Super News\" \/>\n<meta property=\"article:published_time\" content=\"2019-08-23T20:09:44+00:00\" \/>\n<meta property=\"article:modified_time\" content=\"2019-08-23T20:09:45+00:00\" \/>\n<meta property=\"og:image\" content=\"https:\/\/super-news.info\/es\/wp-content\/uploads\/sites\/4\/2019\/08\/Inditex-Adidas-y-otras-30-empresas-de-moda-firman-un.jpg\" \/>\n\t<meta property=\"og:image:width\" content=\"1072\" \/>\n\t<meta property=\"og:image:height\" content=\"623\" \/>\n\t<meta property=\"og:image:type\" content=\"image\/jpeg\" \/>\n<meta name=\"author\" content=\"super-news\" \/>\n<meta name=\"twitter:card\" content=\"summary_large_image\" \/>\n<meta name=\"twitter:label1\" content=\"Written by\" \/>\n\t<meta name=\"twitter:data1\" content=\"super-news\" \/>\n\t<meta name=\"twitter:label2\" content=\"Est. reading time\" \/>\n\t<meta name=\"twitter:data2\" content=\"3 minutes\" \/>\n<script type=\"application\/ld+json\" class=\"yoast-schema-graph\">{\"@context\":\"https:\\\/\\\/schema.org\",\"@graph\":[{\"@type\":\"Article\",\"@id\":\"https:\\\/\\\/super-news.info\\\/es\\\/inditex-adidas-y-otras-30-empresas-de-moda-firman-un-pacto-contra-el-cambio-climatico\\\/#article\",\"isPartOf\":{\"@id\":\"https:\\\/\\\/super-news.info\\\/es\\\/inditex-adidas-y-otras-30-empresas-de-moda-firman-un-pacto-contra-el-cambio-climatico\\\/\"},\"author\":{\"name\":\"super-news\",\"@id\":\"https:\\\/\\\/super-news.info\\\/es\\\/#\\\/schema\\\/person\\\/2d4068cb2f39cd10008c2fce578a7356\"},\"headline\":\"Inditex, Adidas y otras 30 empresas de moda firman un pacto contra el cambio clim\u00e1tico\",\"datePublished\":\"2019-08-23T20:09:44+00:00\",\"dateModified\":\"2019-08-23T20:09:45+00:00\",\"mainEntityOfPage\":{\"@id\":\"https:\\\/\\\/super-news.info\\\/es\\\/inditex-adidas-y-otras-30-empresas-de-moda-firman-un-pacto-contra-el-cambio-climatico\\\/\"},\"wordCount\":551,\"commentCount\":0,\"image\":{\"@id\":\"https:\\\/\\\/super-news.info\\\/es\\\/inditex-adidas-y-otras-30-empresas-de-moda-firman-un-pacto-contra-el-cambio-climatico\\\/#primaryimage\"},\"thumbnailUrl\":\"https:\\\/\\\/super-news.info\\\/es\\\/wp-content\\\/uploads\\\/sites\\\/4\\\/2019\\\/08\\\/Inditex-Adidas-y-otras-30-empresas-de-moda-firman-un.jpg\",\"articleSection\":[\"NOTICIAS DE MARKETING DIGITAL\"],\"inLanguage\":\"en-US\",\"potentialAction\":[{\"@type\":\"CommentAction\",\"name\":\"Comment\",\"target\":[\"https:\\\/\\\/super-news.info\\\/es\\\/inditex-adidas-y-otras-30-empresas-de-moda-firman-un-pacto-contra-el-cambio-climatico\\\/#respond\"]}]},{\"@type\":\"WebPage\",\"@id\":\"https:\\\/\\\/super-news.info\\\/es\\\/inditex-adidas-y-otras-30-empresas-de-moda-firman-un-pacto-contra-el-cambio-climatico\\\/\",\"url\":\"https:\\\/\\\/super-news.info\\\/es\\\/inditex-adidas-y-otras-30-empresas-de-moda-firman-un-pacto-contra-el-cambio-climatico\\\/\",\"name\":\"Inditex, Adidas y otras 30 empresas de moda firman un pacto contra el cambio clim\u00e1tico - Super News\",\"isPartOf\":{\"@id\":\"https:\\\/\\\/super-news.info\\\/es\\\/#website\"},\"primaryImageOfPage\":{\"@id\":\"https:\\\/\\\/super-news.info\\\/es\\\/inditex-adidas-y-otras-30-empresas-de-moda-firman-un-pacto-contra-el-cambio-climatico\\\/#primaryimage\"},\"image\":{\"@id\":\"https:\\\/\\\/super-news.info\\\/es\\\/inditex-adidas-y-otras-30-empresas-de-moda-firman-un-pacto-contra-el-cambio-climatico\\\/#primaryimage\"},\"thumbnailUrl\":\"https:\\\/\\\/super-news.info\\\/es\\\/wp-content\\\/uploads\\\/sites\\\/4\\\/2019\\\/08\\\/Inditex-Adidas-y-otras-30-empresas-de-moda-firman-un.jpg\",\"datePublished\":\"2019-08-23T20:09:44+00:00\",\"dateModified\":\"2019-08-23T20:09:45+00:00\",\"author\":{\"@id\":\"https:\\\/\\\/super-news.info\\\/es\\\/#\\\/schema\\\/person\\\/2d4068cb2f39cd10008c2fce578a7356\"},\"breadcrumb\":{\"@id\":\"https:\\\/\\\/super-news.info\\\/es\\\/inditex-adidas-y-otras-30-empresas-de-moda-firman-un-pacto-contra-el-cambio-climatico\\\/#breadcrumb\"},\"inLanguage\":\"en-US\",\"potentialAction\":[{\"@type\":\"ReadAction\",\"target\":[\"https:\\\/\\\/super-news.info\\\/es\\\/inditex-adidas-y-otras-30-empresas-de-moda-firman-un-pacto-contra-el-cambio-climatico\\\/\"]}]},{\"@type\":\"ImageObject\",\"inLanguage\":\"en-US\",\"@id\":\"https:\\\/\\\/super-news.info\\\/es\\\/inditex-adidas-y-otras-30-empresas-de-moda-firman-un-pacto-contra-el-cambio-climatico\\\/#primaryimage\",\"url\":\"https:\\\/\\\/super-news.info\\\/es\\\/wp-content\\\/uploads\\\/sites\\\/4\\\/2019\\\/08\\\/Inditex-Adidas-y-otras-30-empresas-de-moda-firman-un.jpg\",\"contentUrl\":\"https:\\\/\\\/super-news.info\\\/es\\\/wp-content\\\/uploads\\\/sites\\\/4\\\/2019\\\/08\\\/Inditex-Adidas-y-otras-30-empresas-de-moda-firman-un.jpg\",\"width\":1072,\"height\":623,\"caption\":\"Fashion Pact\"},{\"@type\":\"BreadcrumbList\",\"@id\":\"https:\\\/\\\/super-news.info\\\/es\\\/inditex-adidas-y-otras-30-empresas-de-moda-firman-un-pacto-contra-el-cambio-climatico\\\/#breadcrumb\",\"itemListElement\":[{\"@type\":\"ListItem\",\"position\":1,\"name\":\"\u0413\u043b\u0430\u0432\u043d\u0430\u044f \u0441\u0442\u0440\u0430\u043d\u0438\u0446\u0430\",\"item\":\"https:\\\/\\\/super-news.info\\\/es\\\/\"},{\"@type\":\"ListItem\",\"position\":2,\"name\":\"Inditex, Adidas y otras 30 empresas de moda firman un pacto contra el cambio clim\u00e1tico\"}]},{\"@type\":\"WebSite\",\"@id\":\"https:\\\/\\\/super-news.info\\\/es\\\/#website\",\"url\":\"https:\\\/\\\/super-news.info\\\/es\\\/\",\"name\":\"Super News\",\"description\":\"Super News Espa\u00f1a\",\"potentialAction\":[{\"@type\":\"SearchAction\",\"target\":{\"@type\":\"EntryPoint\",\"urlTemplate\":\"https:\\\/\\\/super-news.info\\\/es\\\/?s={search_term_string}\"},\"query-input\":{\"@type\":\"PropertyValueSpecification\",\"valueRequired\":true,\"valueName\":\"search_term_string\"}}],\"inLanguage\":\"en-US\"},{\"@type\":\"Person\",\"@id\":\"https:\\\/\\\/super-news.info\\\/es\\\/#\\\/schema\\\/person\\\/2d4068cb2f39cd10008c2fce578a7356\",\"name\":\"super-news\",\"image\":{\"@type\":\"ImageObject\",\"inLanguage\":\"en-US\",\"@id\":\"https:\\\/\\\/secure.gravatar.com\\\/avatar\\\/64ebac40b93f26a154f8a9b5b6fdccfc46f442b26b3dd6756dbff3bf9dc76fd7?s=96&d=mm&r=g\",\"url\":\"https:\\\/\\\/secure.gravatar.com\\\/avatar\\\/64ebac40b93f26a154f8a9b5b6fdccfc46f442b26b3dd6756dbff3bf9dc76fd7?s=96&d=mm&r=g\",\"contentUrl\":\"https:\\\/\\\/secure.gravatar.com\\\/avatar\\\/64ebac40b93f26a154f8a9b5b6fdccfc46f442b26b3dd6756dbff3bf9dc76fd7?s=96&d=mm&r=g\",\"caption\":\"super-news\"},\"url\":\"https:\\\/\\\/super-news.info\\\/es\\\/author\\\/pt\\\/\"}]}<\/script>\n<!-- \/ Yoast SEO plugin. -->","yoast_head_json":{"title":"Inditex, Adidas y otras 30 empresas de moda firman un pacto contra el cambio clim\u00e1tico - Super News","robots":{"index":"index","follow":"follow","max-snippet":"max-snippet:-1","max-image-preview":"max-image-preview:large","max-video-preview":"max-video-preview:-1"},"canonical":"https:\/\/super-news.info\/es\/inditex-adidas-y-otras-30-empresas-de-moda-firman-un-pacto-contra-el-cambio-climatico\/","og_locale":"en_US","og_type":"article","og_title":"Inditex, Adidas y otras 30 empresas de moda firman un pacto contra el cambio clim\u00e1tico - Super News","og_description":"[ad_1] El Fashion Pact se compromete a establecer objetivos cuantitativos concretos con los que hacer frente a los retos de la industria en materia de lucha contra el cambio clim\u00e1tico, cuidado de los oc\u00e9anos y conservaci\u00f3n de la biodiversidad. 32 empresas del mundo del lujo, la moda, el deporte y el estilo de vida -que [&hellip;]","og_url":"https:\/\/super-news.info\/es\/inditex-adidas-y-otras-30-empresas-de-moda-firman-un-pacto-contra-el-cambio-climatico\/","og_site_name":"Super News","article_published_time":"2019-08-23T20:09:44+00:00","article_modified_time":"2019-08-23T20:09:45+00:00","og_image":[{"width":1072,"height":623,"url":"https:\/\/super-news.info\/es\/wp-content\/uploads\/sites\/4\/2019\/08\/Inditex-Adidas-y-otras-30-empresas-de-moda-firman-un.jpg","type":"image\/jpeg"}],"author":"super-news","twitter_card":"summary_large_image","twitter_misc":{"Written by":"super-news","Est. reading time":"3 minutes"},"schema":{"@context":"https:\/\/schema.org","@graph":[{"@type":"Article","@id":"https:\/\/super-news.info\/es\/inditex-adidas-y-otras-30-empresas-de-moda-firman-un-pacto-contra-el-cambio-climatico\/#article","isPartOf":{"@id":"https:\/\/super-news.info\/es\/inditex-adidas-y-otras-30-empresas-de-moda-firman-un-pacto-contra-el-cambio-climatico\/"},"author":{"name":"super-news","@id":"https:\/\/super-news.info\/es\/#\/schema\/person\/2d4068cb2f39cd10008c2fce578a7356"},"headline":"Inditex, Adidas y otras 30 empresas de moda firman un pacto contra el cambio clim\u00e1tico","datePublished":"2019-08-23T20:09:44+00:00","dateModified":"2019-08-23T20:09:45+00:00","mainEntityOfPage":{"@id":"https:\/\/super-news.info\/es\/inditex-adidas-y-otras-30-empresas-de-moda-firman-un-pacto-contra-el-cambio-climatico\/"},"wordCount":551,"commentCount":0,"image":{"@id":"https:\/\/super-news.info\/es\/inditex-adidas-y-otras-30-empresas-de-moda-firman-un-pacto-contra-el-cambio-climatico\/#primaryimage"},"thumbnailUrl":"https:\/\/super-news.info\/es\/wp-content\/uploads\/sites\/4\/2019\/08\/Inditex-Adidas-y-otras-30-empresas-de-moda-firman-un.jpg","articleSection":["NOTICIAS DE MARKETING DIGITAL"],"inLanguage":"en-US","potentialAction":[{"@type":"CommentAction","name":"Comment","target":["https:\/\/super-news.info\/es\/inditex-adidas-y-otras-30-empresas-de-moda-firman-un-pacto-contra-el-cambio-climatico\/#respond"]}]},{"@type":"WebPage","@id":"https:\/\/super-news.info\/es\/inditex-adidas-y-otras-30-empresas-de-moda-firman-un-pacto-contra-el-cambio-climatico\/","url":"https:\/\/super-news.info\/es\/inditex-adidas-y-otras-30-empresas-de-moda-firman-un-pacto-contra-el-cambio-climatico\/","name":"Inditex, Adidas y otras 30 empresas de moda firman un pacto contra el cambio clim\u00e1tico - Super News","isPartOf":{"@id":"https:\/\/super-news.info\/es\/#website"},"primaryImageOfPage":{"@id":"https:\/\/super-news.info\/es\/inditex-adidas-y-otras-30-empresas-de-moda-firman-un-pacto-contra-el-cambio-climatico\/#primaryimage"},"image":{"@id":"https:\/\/super-news.info\/es\/inditex-adidas-y-otras-30-empresas-de-moda-firman-un-pacto-contra-el-cambio-climatico\/#primaryimage"},"thumbnailUrl":"https:\/\/super-news.info\/es\/wp-content\/uploads\/sites\/4\/2019\/08\/Inditex-Adidas-y-otras-30-empresas-de-moda-firman-un.jpg","datePublished":"2019-08-23T20:09:44+00:00","dateModified":"2019-08-23T20:09:45+00:00","author":{"@id":"https:\/\/super-news.info\/es\/#\/schema\/person\/2d4068cb2f39cd10008c2fce578a7356"},"breadcrumb":{"@id":"https:\/\/super-news.info\/es\/inditex-adidas-y-otras-30-empresas-de-moda-firman-un-pacto-contra-el-cambio-climatico\/#breadcrumb"},"inLanguage":"en-US","potentialAction":[{"@type":"ReadAction","target":["https:\/\/super-news.info\/es\/inditex-adidas-y-otras-30-empresas-de-moda-firman-un-pacto-contra-el-cambio-climatico\/"]}]},{"@type":"ImageObject","inLanguage":"en-US","@id":"https:\/\/super-news.info\/es\/inditex-adidas-y-otras-30-empresas-de-moda-firman-un-pacto-contra-el-cambio-climatico\/#primaryimage","url":"https:\/\/super-news.info\/es\/wp-content\/uploads\/sites\/4\/2019\/08\/Inditex-Adidas-y-otras-30-empresas-de-moda-firman-un.jpg","contentUrl":"https:\/\/super-news.info\/es\/wp-content\/uploads\/sites\/4\/2019\/08\/Inditex-Adidas-y-otras-30-empresas-de-moda-firman-un.jpg","width":1072,"height":623,"caption":"Fashion Pact"},{"@type":"BreadcrumbList","@id":"https:\/\/super-news.info\/es\/inditex-adidas-y-otras-30-empresas-de-moda-firman-un-pacto-contra-el-cambio-climatico\/#breadcrumb","itemListElement":[{"@type":"ListItem","position":1,"name":"\u0413\u043b\u0430\u0432\u043d\u0430\u044f \u0441\u0442\u0440\u0430\u043d\u0438\u0446\u0430","item":"https:\/\/super-news.info\/es\/"},{"@type":"ListItem","position":2,"name":"Inditex, Adidas y otras 30 empresas de moda firman un pacto contra el cambio clim\u00e1tico"}]},{"@type":"WebSite","@id":"https:\/\/super-news.info\/es\/#website","url":"https:\/\/super-news.info\/es\/","name":"Super News","description":"Super News Espa\u00f1a","potentialAction":[{"@type":"SearchAction","target":{"@type":"EntryPoint","urlTemplate":"https:\/\/super-news.info\/es\/?s={search_term_string}"},"query-input":{"@type":"PropertyValueSpecification","valueRequired":true,"valueName":"search_term_string"}}],"inLanguage":"en-US"},{"@type":"Person","@id":"https:\/\/super-news.info\/es\/#\/schema\/person\/2d4068cb2f39cd10008c2fce578a7356","name":"super-news","image":{"@type":"ImageObject","inLanguage":"en-US","@id":"https:\/\/secure.gravatar.com\/avatar\/64ebac40b93f26a154f8a9b5b6fdccfc46f442b26b3dd6756dbff3bf9dc76fd7?s=96&d=mm&r=g","url":"https:\/\/secure.gravatar.com\/avatar\/64ebac40b93f26a154f8a9b5b6fdccfc46f442b26b3dd6756dbff3bf9dc76fd7?s=96&d=mm&r=g","contentUrl":"https:\/\/secure.gravatar.com\/avatar\/64ebac40b93f26a154f8a9b5b6fdccfc46f442b26b3dd6756dbff3bf9dc76fd7?s=96&d=mm&r=g","caption":"super-news"},"url":"https:\/\/super-news.info\/es\/author\/pt\/"}]}},"_links":{"self":[{"href":"https:\/\/super-news.info\/es\/wp-json\/wp\/v2\/posts\/9426","targetHints":{"allow":["GET"]}}],"collection":[{"href":"https:\/\/super-news.info\/es\/wp-json\/wp\/v2\/posts"}],"about":[{"href":"https:\/\/super-news.info\/es\/wp-json\/wp\/v2\/types\/post"}],"author":[{"embeddable":true,"href":"https:\/\/super-news.info\/es\/wp-json\/wp\/v2\/users\/2"}],"replies":[{"embeddable":true,"href":"https:\/\/super-news.info\/es\/wp-json\/wp\/v2\/comments?post=9426"}],"version-history":[{"count":1,"href":"https:\/\/super-news.info\/es\/wp-json\/wp\/v2\/posts\/9426\/revisions"}],"predecessor-version":[{"id":9428,"href":"https:\/\/super-news.info\/es\/wp-json\/wp\/v2\/posts\/9426\/revisions\/9428"}],"wp:featuredmedia":[{"embeddable":true,"href":"https:\/\/super-news.info\/es\/wp-json\/wp\/v2\/media\/9427"}],"wp:attachment":[{"href":"https:\/\/super-news.info\/es\/wp-json\/wp\/v2\/media?parent=9426"}],"wp:term":[{"taxonomy":"category","embeddable":true,"href":"https:\/\/super-news.info\/es\/wp-json\/wp\/v2\/categories?post=9426"},{"taxonomy":"post_tag","embeddable":true,"href":"https:\/\/super-news.info\/es\/wp-json\/wp\/v2\/tags?post=9426"}],"curies":[{"name":"wp","href":"https:\/\/api.w.org\/{rel}","templated":true}]}}