{"id":9417,"date":"2019-08-23T21:41:03","date_gmt":"2019-08-23T18:41:03","guid":{"rendered":"https:\/\/super-news.info\/es\/la-proteccion-de-fincas-una-gran-preocupacion-en-el-sector-primario\/"},"modified":"2019-08-23T21:41:04","modified_gmt":"2019-08-23T18:41:04","slug":"la-proteccion-de-fincas-una-gran-preocupacion-en-el-sector-primario","status":"publish","type":"post","link":"https:\/\/super-news.info\/es\/la-proteccion-de-fincas-una-gran-preocupacion-en-el-sector-primario\/","title":{"rendered":"La protecci\u00f3n de fincas, una gran preocupaci\u00f3n en el sector primario"},"content":{"rendered":"<p> [ad_1]<br \/>\n<\/p>\n<div id=\"textoNoticia\">\n<p class=\"excerpt-single\">La protecci\u00f3n de los sectores agr\u00edcolas es imprescindible para poteger un sector (el primario) que se mantiene vivo a duras penas<\/p>\n<\/p>\n<p>La <strong>digitalizaci\u00f3n<\/strong> ha transformado por completo nuestro h\u00e1bitos de consumo, as\u00ed como nuestro estilo de vida.<\/p>\n<p>Un claro ejemplo de ello es la metamorfosis que han sufrido los puestos de trabajo, desapareciendo los tradicionales y apareciendo <strong>nuevos perfile<\/strong>s adaptados a Internet y a las nuevas circunstancias.<\/p>\n<p>Sin embargo, en Espa\u00f1a, aunque cada vez menos, las actividades del <strong>sector primario<\/strong> siguen teniendo un importante papel sobre la econom\u00eda del pa\u00eds.<\/p>\n<p>Por ello, al igual que una multinacional requiere los servicios de protecci\u00f3n de su p\u00e1gina web, los ganaderos y agricultores tambi\u00e9n buscan<strong> la seguridad de sus fincas.<\/strong><\/p>\n<p><span style=\"font-weight: 400;\">Para ello, deben hacer uso de elementos como el alambre de espino. Su <\/span><b>principal uso es rodear los per\u00edmetros en fincas y en sectores agr\u00edcolas<\/b><span style=\"font-weight: 400;\">, as\u00ed como en cerramientos industriales y residenciales para evitar el acceso de intrusos.<\/span><\/p>\n<p><span style=\"font-weight: 400;\">Es una soluci\u00f3n muy \u00fatil y efectiva, y al mismo tiempo <\/span><b>un material de construcci\u00f3n econ\u00f3mico y de f\u00e1cil disposici\u00f3n<\/b><span style=\"font-weight: 400;\">. Tiene su origen como barrera militar, descubierto al juntar varios alambres da\u00f1ados tras los ataques de guerra. Su principal ventaja es ser un elemento de colocaci\u00f3n sencilla muy resistente y de calidad.<\/span><\/p>\n<h2><b>Tipos de alambre de espino en el mercado<\/b><\/h2>\n<p><span style=\"font-weight: 400;\">Considerado un complemento para incrementar la seguridad, los alambres de espino deben estar fabricados con materias primas de calidad. Existen varias clases de alambrada, <\/span><b>de diferentes componentes y especificaciones, <\/b><span style=\"font-weight: 400;\">que pueden distinguirse en dos grupos: el <\/span><span style=\"font-weight: 400;\">alambre de espino galvanizado<\/span><span style=\"font-weight: 400;\"> y el alambre con plastificado verde.<\/span><\/p>\n<p><span style=\"font-weight: 400;\">Ambos se caracterizan por tener una tracci\u00f3n de 400 kilogramos de fuerza por metros cuadrados (Kgf\/m<\/span><span style=\"font-weight: 400;\">2<\/span><span style=\"font-weight: 400;\">), lo que <\/span><b>les confiere una alta resistencia y durabilidad<\/b><span style=\"font-weight: 400;\">, con cualidades t\u00e9cnicas seg\u00fan el di\u00e1metro del alambre, la distribuci\u00f3n de las puntas, el n\u00famero y la distancia entre ellas.<\/span><\/p>\n<blockquote>\n<p>Resulta econ\u00f3mico de fabricar, lo que lo hace uno de los elementos de construcci\u00f3n de preferencia y mayor usabilidad<\/p>\n<\/blockquote>\n<p><span style=\"font-weight: 400;\">Los <\/span><b>m\u00e1s vendidos son los galvanizados, por resistir a la intemperie y los cambios de clima<\/b><span style=\"font-weight: 400;\">. Aparte, es un material que retarda el proceso de oxidaci\u00f3n y con esto alarga su vida \u00fatil. Tiene una forma de fabricaci\u00f3n muy econ\u00f3mica, lo que lo hace uno de los elementos de construcci\u00f3n de preferencia y mayor usabilidad.<\/span><\/p>\n<p><span style=\"font-weight: 400;\">Otro tipo son los alambres con plastificado verde, m\u00e1s agradables a la vista ya que contienen <\/span><b>una protecci\u00f3n exterior que los cubre de agentes externos y ofrece mayor duraci\u00f3n<\/b><span style=\"font-weight: 400;\">. Son usados como decoraci\u00f3n en vallas met\u00e1licas para plantado de abetos u otros \u00e1rboles y su recubrimiento verde contribuye a la est\u00e9tica del cercado y evita que se oxiden r\u00e1pidamente.<\/span><\/p>\n<p><strong>Clasificaci\u00f3n seg\u00fan las p\u00faas y el grosor<\/strong><\/p>\n<p><span style=\"font-weight: 400;\">Cada tipo de alambre puede tener varias clasificaciones de acuerdo con las caracter\u00edsticas t\u00e9cnicas que los diferencian en su fabricaci\u00f3; seg\u00fan la <strong>c<\/strong><\/span><b>antidad de p\u00faas que integran el alambre <\/b><span style=\"font-weight: 400;\">pueden fabricarse de 3, 4 o 5 puntas, seg\u00fan la distribuci\u00f3n y posici\u00f3n a lo largo del cord\u00f3n. El n\u00famero de espino depender\u00e1 de la mayor o menor seguridad que requiera el lugar que se quiere proteger.<\/span><\/p>\n<p><strong>Seg\u00fan la distancia entre una p\u00faa y otra<\/strong>, <span style=\"font-weight: 400;\">la separaci\u00f3n que tengan los espinos es un aspecto de protecci\u00f3n y seguridad, mientras m\u00e1s juntas est\u00e9n, menor riesgo de acceso de intrusos.<\/span><\/p>\n<p><b>En base al di\u00e1metro del grosor del alambre<\/b><span style=\"font-weight: 400;\">\u00a0se puede medir la calidad de material, mientras mayor sea el espesor es m\u00e1s resistente el cord\u00f3n y por ende, es m\u00e1s duradero.<\/span><\/p>\n<p><img loading=\"lazy\" decoding=\"async\" class=\"size-full wp-image-505826 aligncenter\" src=\"https:\/\/super-news.info\/es\/wp-content\/uploads\/sites\/4\/2019\/08\/1566585663_398_La-proteccion-de-fincas-una-gran-preocupacion-en-el-sector.jpg\" alt=\"\" width=\"626\" height=\"364\"\/><\/p>\n<h2><b>Formas de instalaci\u00f3n y la normativa<\/b><\/h2>\n<p><span style=\"font-weight: 400;\">Una de las ventajas del alambre de espino es su f\u00e1cil instalaci\u00f3n. Aun as\u00ed por motivos de seguridad se debe contar con profesionales expertos que realicen <\/span><strong>el montaje correcto para lograr un tensado y anclado adecuado<span style=\"font-weight: 400;\">.<\/span><\/strong><\/p>\n<p><span style=\"font-weight: 400;\">Su colocaci\u00f3n va en funci\u00f3n del lugar que se quiere proteger y cumplir con el objetivo de que las puntas de los espinos dificulten el acceso de intrusos.<\/span><\/p>\n<p><span style=\"font-weight: 400;\">Es necesario conocer el vallado de la zona y el uso espec\u00edfico que va a tener, por lo que se pueden instalar en un campo con postes de madera, sobre un vallado de torsi\u00f3n por medio de uso de bayoneta, tambi\u00e9n como seguridad de un muro, o enrollado entre las vallas de protecci\u00f3n.<\/span><\/p>\n<p><span style=\"font-weight: 400;\">Este proceso <\/span>debe<strong> cumplir con normativas y permisos que se encuentran regulado<\/strong>s por cada localidad <span style=\"font-weight: 400;\">o por la ley de la comunidad aut\u00f3noma en casos de legislaciones independientes. Estas regulaciones difieren de una zona a otra, por lo que se debe acudir al Ayuntamiento para conocer las disposiciones de cada lugar.<\/span><\/p>\n<h2><b>La evoluci\u00f3n del alambre de espino<\/b><\/h2>\n<p><span style=\"font-weight: 400;\">Las concertinas son un tipo de cerramientos con caracter\u00edsticas diferentes en el dise\u00f1o de las p\u00faas, dado que estas se fabrican en forma de cuchillas. Son <\/span><strong>consideradas como la evoluci\u00f3n del alambre de espino, y su uso principal es industrial<\/strong><span style=\"font-weight: 400;\">. Se las suele ver en centrales el\u00e9ctricas y plantas de tratamiento petroqu\u00edmico entre otros complejos.<\/span><\/p>\n<p><span style=\"font-weight: 400;\">Se encuentran en rollos que forman bobinas y tienen la capacidad de expansi\u00f3n como si fuese un acorde\u00f3n. La serie de cuchillas se adaptan de manera que puedan penetrar y enganchar al intruso que intente violar esta protecci\u00f3n.<\/span><\/p>\n<p class=\"link-telegram\">\n\t\t\t\t\t\t\t\t\t\t\tNo te pierdas nada de MarketingDirecto.com y \u00fanete a nuestro Telegram t.me\/MarketingDirecto\n\t\t\t\t\t\t\t\t\t\t<\/p>\n<\/p><\/div>\n<p><script>(function(d, s, id) {\n  var js, fjs = d.getElementsByTagName(s)[0];\n  if (d.getElementById(id)) return;\n  js = d.createElement(s); js.id = id;\n  js.src = \"http:\/\/connect.facebook.net\/es_LA\/sdk.js#xfbml=1&appId=408746052611679&version=v2.3\";\n  fjs.parentNode.insertBefore(js, fjs);\n}(document, 'script', 'facebook-jssdk'));<\/script><br \/>\n<br \/>[ad_2]<br \/>\n<br \/><a href=\"https:\/\/www.marketingdirecto.com\/marketing-general\/tendencias\/la-proteccion-de-fincas-una-gran-preocupacion-en-el-sector-primario\">Source link <\/a><\/p>\n","protected":false},"excerpt":{"rendered":"<p>[ad_1] La protecci\u00f3n de los sectores agr\u00edcolas es imprescindible para poteger un sector (el primario) que se mantiene vivo a duras penas La digitalizaci\u00f3n ha transformado por completo nuestro h\u00e1bitos de consumo, as\u00ed como nuestro estilo de vida. Un claro ejemplo de ello es la metamorfosis que han sufrido los puestos de trabajo, desapareciendo los [&hellip;]<\/p>\n","protected":false},"author":2,"featured_media":9418,"comment_status":"open","ping_status":"open","sticky":false,"template":"","format":"standard","meta":{"footnotes":""},"categories":[2],"tags":[],"class_list":["post-9417","post","type-post","status-publish","format-standard","has-post-thumbnail","hentry","category-noticias-de-marketing-digital"],"yoast_head":"<!-- This site is optimized with the Yoast SEO plugin v27.4 - https:\/\/yoast.com\/product\/yoast-seo-wordpress\/ -->\n<title>La protecci\u00f3n de fincas, una gran preocupaci\u00f3n en el sector primario - Super News<\/title>\n<meta name=\"robots\" content=\"index, follow, max-snippet:-1, max-image-preview:large, max-video-preview:-1\" \/>\n<link rel=\"canonical\" href=\"https:\/\/super-news.info\/es\/la-proteccion-de-fincas-una-gran-preocupacion-en-el-sector-primario\/\" \/>\n<meta property=\"og:locale\" content=\"en_US\" \/>\n<meta property=\"og:type\" content=\"article\" \/>\n<meta property=\"og:title\" content=\"La protecci\u00f3n de fincas, una gran preocupaci\u00f3n en el sector primario - Super News\" \/>\n<meta property=\"og:description\" content=\"[ad_1] La protecci\u00f3n de los sectores agr\u00edcolas es imprescindible para poteger un sector (el primario) que se mantiene vivo a duras penas La digitalizaci\u00f3n ha transformado por completo nuestro h\u00e1bitos de consumo, as\u00ed como nuestro estilo de vida. Un claro ejemplo de ello es la metamorfosis que han sufrido los puestos de trabajo, desapareciendo los [&hellip;]\" \/>\n<meta property=\"og:url\" content=\"https:\/\/super-news.info\/es\/la-proteccion-de-fincas-una-gran-preocupacion-en-el-sector-primario\/\" \/>\n<meta property=\"og:site_name\" content=\"Super News\" \/>\n<meta property=\"article:published_time\" content=\"2019-08-23T18:41:03+00:00\" \/>\n<meta property=\"article:modified_time\" content=\"2019-08-23T18:41:04+00:00\" \/>\n<meta property=\"og:image\" content=\"https:\/\/super-news.info\/es\/wp-content\/uploads\/sites\/4\/2019\/08\/La-protecci-n-de-fincas-una-gran-preocupaci-n-en-el-sector.jpg\" \/>\n\t<meta property=\"og:image:width\" content=\"626\" \/>\n\t<meta property=\"og:image:height\" content=\"364\" \/>\n\t<meta property=\"og:image:type\" content=\"image\/jpeg\" \/>\n<meta name=\"author\" content=\"super-news\" \/>\n<meta name=\"twitter:card\" content=\"summary_large_image\" \/>\n<meta name=\"twitter:label1\" content=\"Written by\" \/>\n\t<meta name=\"twitter:data1\" content=\"super-news\" \/>\n\t<meta name=\"twitter:label2\" content=\"Est. reading time\" \/>\n\t<meta name=\"twitter:data2\" content=\"5 minutes\" \/>\n<script type=\"application\/ld+json\" class=\"yoast-schema-graph\">{\"@context\":\"https:\\\/\\\/schema.org\",\"@graph\":[{\"@type\":\"Article\",\"@id\":\"https:\\\/\\\/super-news.info\\\/es\\\/la-proteccion-de-fincas-una-gran-preocupacion-en-el-sector-primario\\\/#article\",\"isPartOf\":{\"@id\":\"https:\\\/\\\/super-news.info\\\/es\\\/la-proteccion-de-fincas-una-gran-preocupacion-en-el-sector-primario\\\/\"},\"author\":{\"name\":\"super-news\",\"@id\":\"https:\\\/\\\/super-news.info\\\/es\\\/#\\\/schema\\\/person\\\/2d4068cb2f39cd10008c2fce578a7356\"},\"headline\":\"La protecci\u00f3n de fincas, una gran preocupaci\u00f3n en el sector primario\",\"datePublished\":\"2019-08-23T18:41:03+00:00\",\"dateModified\":\"2019-08-23T18:41:04+00:00\",\"mainEntityOfPage\":{\"@id\":\"https:\\\/\\\/super-news.info\\\/es\\\/la-proteccion-de-fincas-una-gran-preocupacion-en-el-sector-primario\\\/\"},\"wordCount\":958,\"commentCount\":0,\"image\":{\"@id\":\"https:\\\/\\\/super-news.info\\\/es\\\/la-proteccion-de-fincas-una-gran-preocupacion-en-el-sector-primario\\\/#primaryimage\"},\"thumbnailUrl\":\"https:\\\/\\\/super-news.info\\\/es\\\/wp-content\\\/uploads\\\/sites\\\/4\\\/2019\\\/08\\\/La-protecci-n-de-fincas-una-gran-preocupaci-n-en-el-sector.jpg\",\"articleSection\":[\"NOTICIAS DE MARKETING DIGITAL\"],\"inLanguage\":\"en-US\",\"potentialAction\":[{\"@type\":\"CommentAction\",\"name\":\"Comment\",\"target\":[\"https:\\\/\\\/super-news.info\\\/es\\\/la-proteccion-de-fincas-una-gran-preocupacion-en-el-sector-primario\\\/#respond\"]}]},{\"@type\":\"WebPage\",\"@id\":\"https:\\\/\\\/super-news.info\\\/es\\\/la-proteccion-de-fincas-una-gran-preocupacion-en-el-sector-primario\\\/\",\"url\":\"https:\\\/\\\/super-news.info\\\/es\\\/la-proteccion-de-fincas-una-gran-preocupacion-en-el-sector-primario\\\/\",\"name\":\"La protecci\u00f3n de fincas, una gran preocupaci\u00f3n en el sector primario - Super News\",\"isPartOf\":{\"@id\":\"https:\\\/\\\/super-news.info\\\/es\\\/#website\"},\"primaryImageOfPage\":{\"@id\":\"https:\\\/\\\/super-news.info\\\/es\\\/la-proteccion-de-fincas-una-gran-preocupacion-en-el-sector-primario\\\/#primaryimage\"},\"image\":{\"@id\":\"https:\\\/\\\/super-news.info\\\/es\\\/la-proteccion-de-fincas-una-gran-preocupacion-en-el-sector-primario\\\/#primaryimage\"},\"thumbnailUrl\":\"https:\\\/\\\/super-news.info\\\/es\\\/wp-content\\\/uploads\\\/sites\\\/4\\\/2019\\\/08\\\/La-protecci-n-de-fincas-una-gran-preocupaci-n-en-el-sector.jpg\",\"datePublished\":\"2019-08-23T18:41:03+00:00\",\"dateModified\":\"2019-08-23T18:41:04+00:00\",\"author\":{\"@id\":\"https:\\\/\\\/super-news.info\\\/es\\\/#\\\/schema\\\/person\\\/2d4068cb2f39cd10008c2fce578a7356\"},\"breadcrumb\":{\"@id\":\"https:\\\/\\\/super-news.info\\\/es\\\/la-proteccion-de-fincas-una-gran-preocupacion-en-el-sector-primario\\\/#breadcrumb\"},\"inLanguage\":\"en-US\",\"potentialAction\":[{\"@type\":\"ReadAction\",\"target\":[\"https:\\\/\\\/super-news.info\\\/es\\\/la-proteccion-de-fincas-una-gran-preocupacion-en-el-sector-primario\\\/\"]}]},{\"@type\":\"ImageObject\",\"inLanguage\":\"en-US\",\"@id\":\"https:\\\/\\\/super-news.info\\\/es\\\/la-proteccion-de-fincas-una-gran-preocupacion-en-el-sector-primario\\\/#primaryimage\",\"url\":\"https:\\\/\\\/super-news.info\\\/es\\\/wp-content\\\/uploads\\\/sites\\\/4\\\/2019\\\/08\\\/La-protecci-n-de-fincas-una-gran-preocupaci-n-en-el-sector.jpg\",\"contentUrl\":\"https:\\\/\\\/super-news.info\\\/es\\\/wp-content\\\/uploads\\\/sites\\\/4\\\/2019\\\/08\\\/La-protecci-n-de-fincas-una-gran-preocupaci-n-en-el-sector.jpg\",\"width\":626,\"height\":364,\"caption\":\"valla\"},{\"@type\":\"BreadcrumbList\",\"@id\":\"https:\\\/\\\/super-news.info\\\/es\\\/la-proteccion-de-fincas-una-gran-preocupacion-en-el-sector-primario\\\/#breadcrumb\",\"itemListElement\":[{\"@type\":\"ListItem\",\"position\":1,\"name\":\"\u0413\u043b\u0430\u0432\u043d\u0430\u044f \u0441\u0442\u0440\u0430\u043d\u0438\u0446\u0430\",\"item\":\"https:\\\/\\\/super-news.info\\\/es\\\/\"},{\"@type\":\"ListItem\",\"position\":2,\"name\":\"La protecci\u00f3n de fincas, una gran preocupaci\u00f3n en el sector primario\"}]},{\"@type\":\"WebSite\",\"@id\":\"https:\\\/\\\/super-news.info\\\/es\\\/#website\",\"url\":\"https:\\\/\\\/super-news.info\\\/es\\\/\",\"name\":\"Super News\",\"description\":\"Super News Espa\u00f1a\",\"potentialAction\":[{\"@type\":\"SearchAction\",\"target\":{\"@type\":\"EntryPoint\",\"urlTemplate\":\"https:\\\/\\\/super-news.info\\\/es\\\/?s={search_term_string}\"},\"query-input\":{\"@type\":\"PropertyValueSpecification\",\"valueRequired\":true,\"valueName\":\"search_term_string\"}}],\"inLanguage\":\"en-US\"},{\"@type\":\"Person\",\"@id\":\"https:\\\/\\\/super-news.info\\\/es\\\/#\\\/schema\\\/person\\\/2d4068cb2f39cd10008c2fce578a7356\",\"name\":\"super-news\",\"image\":{\"@type\":\"ImageObject\",\"inLanguage\":\"en-US\",\"@id\":\"https:\\\/\\\/secure.gravatar.com\\\/avatar\\\/64ebac40b93f26a154f8a9b5b6fdccfc46f442b26b3dd6756dbff3bf9dc76fd7?s=96&d=mm&r=g\",\"url\":\"https:\\\/\\\/secure.gravatar.com\\\/avatar\\\/64ebac40b93f26a154f8a9b5b6fdccfc46f442b26b3dd6756dbff3bf9dc76fd7?s=96&d=mm&r=g\",\"contentUrl\":\"https:\\\/\\\/secure.gravatar.com\\\/avatar\\\/64ebac40b93f26a154f8a9b5b6fdccfc46f442b26b3dd6756dbff3bf9dc76fd7?s=96&d=mm&r=g\",\"caption\":\"super-news\"},\"url\":\"https:\\\/\\\/super-news.info\\\/es\\\/author\\\/pt\\\/\"}]}<\/script>\n<!-- \/ Yoast SEO plugin. -->","yoast_head_json":{"title":"La protecci\u00f3n de fincas, una gran preocupaci\u00f3n en el sector primario - Super News","robots":{"index":"index","follow":"follow","max-snippet":"max-snippet:-1","max-image-preview":"max-image-preview:large","max-video-preview":"max-video-preview:-1"},"canonical":"https:\/\/super-news.info\/es\/la-proteccion-de-fincas-una-gran-preocupacion-en-el-sector-primario\/","og_locale":"en_US","og_type":"article","og_title":"La protecci\u00f3n de fincas, una gran preocupaci\u00f3n en el sector primario - Super News","og_description":"[ad_1] La protecci\u00f3n de los sectores agr\u00edcolas es imprescindible para poteger un sector (el primario) que se mantiene vivo a duras penas La digitalizaci\u00f3n ha transformado por completo nuestro h\u00e1bitos de consumo, as\u00ed como nuestro estilo de vida. Un claro ejemplo de ello es la metamorfosis que han sufrido los puestos de trabajo, desapareciendo los [&hellip;]","og_url":"https:\/\/super-news.info\/es\/la-proteccion-de-fincas-una-gran-preocupacion-en-el-sector-primario\/","og_site_name":"Super News","article_published_time":"2019-08-23T18:41:03+00:00","article_modified_time":"2019-08-23T18:41:04+00:00","og_image":[{"width":626,"height":364,"url":"https:\/\/super-news.info\/es\/wp-content\/uploads\/sites\/4\/2019\/08\/La-protecci-n-de-fincas-una-gran-preocupaci-n-en-el-sector.jpg","type":"image\/jpeg"}],"author":"super-news","twitter_card":"summary_large_image","twitter_misc":{"Written by":"super-news","Est. reading time":"5 minutes"},"schema":{"@context":"https:\/\/schema.org","@graph":[{"@type":"Article","@id":"https:\/\/super-news.info\/es\/la-proteccion-de-fincas-una-gran-preocupacion-en-el-sector-primario\/#article","isPartOf":{"@id":"https:\/\/super-news.info\/es\/la-proteccion-de-fincas-una-gran-preocupacion-en-el-sector-primario\/"},"author":{"name":"super-news","@id":"https:\/\/super-news.info\/es\/#\/schema\/person\/2d4068cb2f39cd10008c2fce578a7356"},"headline":"La protecci\u00f3n de fincas, una gran preocupaci\u00f3n en el sector primario","datePublished":"2019-08-23T18:41:03+00:00","dateModified":"2019-08-23T18:41:04+00:00","mainEntityOfPage":{"@id":"https:\/\/super-news.info\/es\/la-proteccion-de-fincas-una-gran-preocupacion-en-el-sector-primario\/"},"wordCount":958,"commentCount":0,"image":{"@id":"https:\/\/super-news.info\/es\/la-proteccion-de-fincas-una-gran-preocupacion-en-el-sector-primario\/#primaryimage"},"thumbnailUrl":"https:\/\/super-news.info\/es\/wp-content\/uploads\/sites\/4\/2019\/08\/La-protecci-n-de-fincas-una-gran-preocupaci-n-en-el-sector.jpg","articleSection":["NOTICIAS DE MARKETING DIGITAL"],"inLanguage":"en-US","potentialAction":[{"@type":"CommentAction","name":"Comment","target":["https:\/\/super-news.info\/es\/la-proteccion-de-fincas-una-gran-preocupacion-en-el-sector-primario\/#respond"]}]},{"@type":"WebPage","@id":"https:\/\/super-news.info\/es\/la-proteccion-de-fincas-una-gran-preocupacion-en-el-sector-primario\/","url":"https:\/\/super-news.info\/es\/la-proteccion-de-fincas-una-gran-preocupacion-en-el-sector-primario\/","name":"La protecci\u00f3n de fincas, una gran preocupaci\u00f3n en el sector primario - Super News","isPartOf":{"@id":"https:\/\/super-news.info\/es\/#website"},"primaryImageOfPage":{"@id":"https:\/\/super-news.info\/es\/la-proteccion-de-fincas-una-gran-preocupacion-en-el-sector-primario\/#primaryimage"},"image":{"@id":"https:\/\/super-news.info\/es\/la-proteccion-de-fincas-una-gran-preocupacion-en-el-sector-primario\/#primaryimage"},"thumbnailUrl":"https:\/\/super-news.info\/es\/wp-content\/uploads\/sites\/4\/2019\/08\/La-protecci-n-de-fincas-una-gran-preocupaci-n-en-el-sector.jpg","datePublished":"2019-08-23T18:41:03+00:00","dateModified":"2019-08-23T18:41:04+00:00","author":{"@id":"https:\/\/super-news.info\/es\/#\/schema\/person\/2d4068cb2f39cd10008c2fce578a7356"},"breadcrumb":{"@id":"https:\/\/super-news.info\/es\/la-proteccion-de-fincas-una-gran-preocupacion-en-el-sector-primario\/#breadcrumb"},"inLanguage":"en-US","potentialAction":[{"@type":"ReadAction","target":["https:\/\/super-news.info\/es\/la-proteccion-de-fincas-una-gran-preocupacion-en-el-sector-primario\/"]}]},{"@type":"ImageObject","inLanguage":"en-US","@id":"https:\/\/super-news.info\/es\/la-proteccion-de-fincas-una-gran-preocupacion-en-el-sector-primario\/#primaryimage","url":"https:\/\/super-news.info\/es\/wp-content\/uploads\/sites\/4\/2019\/08\/La-protecci-n-de-fincas-una-gran-preocupaci-n-en-el-sector.jpg","contentUrl":"https:\/\/super-news.info\/es\/wp-content\/uploads\/sites\/4\/2019\/08\/La-protecci-n-de-fincas-una-gran-preocupaci-n-en-el-sector.jpg","width":626,"height":364,"caption":"valla"},{"@type":"BreadcrumbList","@id":"https:\/\/super-news.info\/es\/la-proteccion-de-fincas-una-gran-preocupacion-en-el-sector-primario\/#breadcrumb","itemListElement":[{"@type":"ListItem","position":1,"name":"\u0413\u043b\u0430\u0432\u043d\u0430\u044f \u0441\u0442\u0440\u0430\u043d\u0438\u0446\u0430","item":"https:\/\/super-news.info\/es\/"},{"@type":"ListItem","position":2,"name":"La protecci\u00f3n de fincas, una gran preocupaci\u00f3n en el sector primario"}]},{"@type":"WebSite","@id":"https:\/\/super-news.info\/es\/#website","url":"https:\/\/super-news.info\/es\/","name":"Super News","description":"Super News Espa\u00f1a","potentialAction":[{"@type":"SearchAction","target":{"@type":"EntryPoint","urlTemplate":"https:\/\/super-news.info\/es\/?s={search_term_string}"},"query-input":{"@type":"PropertyValueSpecification","valueRequired":true,"valueName":"search_term_string"}}],"inLanguage":"en-US"},{"@type":"Person","@id":"https:\/\/super-news.info\/es\/#\/schema\/person\/2d4068cb2f39cd10008c2fce578a7356","name":"super-news","image":{"@type":"ImageObject","inLanguage":"en-US","@id":"https:\/\/secure.gravatar.com\/avatar\/64ebac40b93f26a154f8a9b5b6fdccfc46f442b26b3dd6756dbff3bf9dc76fd7?s=96&d=mm&r=g","url":"https:\/\/secure.gravatar.com\/avatar\/64ebac40b93f26a154f8a9b5b6fdccfc46f442b26b3dd6756dbff3bf9dc76fd7?s=96&d=mm&r=g","contentUrl":"https:\/\/secure.gravatar.com\/avatar\/64ebac40b93f26a154f8a9b5b6fdccfc46f442b26b3dd6756dbff3bf9dc76fd7?s=96&d=mm&r=g","caption":"super-news"},"url":"https:\/\/super-news.info\/es\/author\/pt\/"}]}},"_links":{"self":[{"href":"https:\/\/super-news.info\/es\/wp-json\/wp\/v2\/posts\/9417","targetHints":{"allow":["GET"]}}],"collection":[{"href":"https:\/\/super-news.info\/es\/wp-json\/wp\/v2\/posts"}],"about":[{"href":"https:\/\/super-news.info\/es\/wp-json\/wp\/v2\/types\/post"}],"author":[{"embeddable":true,"href":"https:\/\/super-news.info\/es\/wp-json\/wp\/v2\/users\/2"}],"replies":[{"embeddable":true,"href":"https:\/\/super-news.info\/es\/wp-json\/wp\/v2\/comments?post=9417"}],"version-history":[{"count":1,"href":"https:\/\/super-news.info\/es\/wp-json\/wp\/v2\/posts\/9417\/revisions"}],"predecessor-version":[{"id":9419,"href":"https:\/\/super-news.info\/es\/wp-json\/wp\/v2\/posts\/9417\/revisions\/9419"}],"wp:featuredmedia":[{"embeddable":true,"href":"https:\/\/super-news.info\/es\/wp-json\/wp\/v2\/media\/9418"}],"wp:attachment":[{"href":"https:\/\/super-news.info\/es\/wp-json\/wp\/v2\/media?parent=9417"}],"wp:term":[{"taxonomy":"category","embeddable":true,"href":"https:\/\/super-news.info\/es\/wp-json\/wp\/v2\/categories?post=9417"},{"taxonomy":"post_tag","embeddable":true,"href":"https:\/\/super-news.info\/es\/wp-json\/wp\/v2\/tags?post=9417"}],"curies":[{"name":"wp","href":"https:\/\/api.w.org\/{rel}","templated":true}]}}