{"id":9369,"date":"2019-08-23T11:05:07","date_gmt":"2019-08-23T08:05:07","guid":{"rendered":"https:\/\/super-news.info\/es\/las-marcas-que-pedalearan-con-los-ciclistas-en-la-vuelta-2019\/"},"modified":"2019-08-23T11:05:09","modified_gmt":"2019-08-23T08:05:09","slug":"las-marcas-que-pedalearan-con-los-ciclistas-en-la-vuelta-2019","status":"publish","type":"post","link":"https:\/\/super-news.info\/es\/las-marcas-que-pedalearan-con-los-ciclistas-en-la-vuelta-2019\/","title":{"rendered":"Las marcas que pedalear\u00e1n con los ciclistas en La Vuelta 2019"},"content":{"rendered":"<p> [ad_1]<br \/>\n<\/p>\n<div id=\"textoNoticia\">\n<p class=\"excerpt-single\">Carrefour, Cofidis, Continental y Skoda son algunas de las marcas que apoyar\u00e1n esta competici\u00f3n de \u00e9lite, que arrancar\u00e1 su 74\u00aa edici\u00f3n el 24 de agosto. <\/p>\n<\/p>\n<p>El evento del a\u00f1o en el mundo del ciclismo en Espa\u00f1a, <strong>La Vuelta 2019<\/strong>, dar\u00e1 su pistoletazo de salida este s\u00e1bado 24 de agosto y se prolongar\u00e1 hasta el 15 de septiembre. Como era de esperar, un espect\u00e1culo deportivo de tal magnitud viene acompa\u00f1ado de un ej\u00e9rcito marcas patrocinadoras que apuestan por el deporte y su poder medi\u00e1tico. Y es que, durante tres intensas semanas, un gran n\u00famero de espectadores se mantendr\u00e1n pegados a la pantalla de su televisor para seguir el recorrido de los ciclistas, que se dejar\u00e1n la piel en cada etapa para completar los 3.272,2 kil\u00f3metros.<\/p>\n<p>Seg\u00fan datos de <em>Kantar Media<\/em>, La Vuelta Ciclista a Espa\u00f1a 2018 gener\u00f3 un total de 13.782 noticias en medios de comunicaci\u00f3n y un impacto publicitario de <strong>112.119.441 euros<\/strong>.<\/p>\n<p>Por s\u00e9ptimo a\u00f1o consecutivo, <strong>Carrefour<\/strong> destaca entre las marcas patrocinadoras de La Vuelta Ciclista a Espa\u00f1a. El a\u00f1o pasado la compa\u00f1\u00eda logr\u00f3 un seguimiento de m\u00e1s de 2,5 millones de personas, que pudieron disfrutar de La Vuelta y de las actividades organizadas por Carrefour durante su transcurso. Este a\u00f1o la empresa lanzar\u00e1 tambi\u00e9n acciones con sus productos frescos, como parte de su iniciativa por fomentar la buena alimentaci\u00f3n. Los clientes y vecinos de las localidades por donde discurre La Vuelta disfrutar\u00e1n de los productos m\u00e1s representativos de cada regi\u00f3n gracias a las degustaciones gratuitas que organiza la marca. Carrefour ser\u00e1, como en a\u00f1os anteriores, la imagen detr\u00e1s del <strong>Maillot Rojo<\/strong> que se lucir\u00e1 el vencedor.<\/p>\n<p><strong>Cofidis<\/strong>, por su parte, ha sido la primera marca en revelar el equipo de ocho que este a\u00f1o participar\u00e1 en La Vuelta a Espa\u00f1a, entre los que se encuentran los hermanos Herrada y Luis \u00c1ngel Mat\u00e9. La compa\u00f1\u00eda contin\u00faa, adem\u00e1s, apostando por fomentar este deporte entre los m\u00e1s peque\u00f1os, al frente de La Vuelta Junior Cofidis.<\/p>\n<p>El coche oficial de La Vuelta 2019 ser\u00e1 un <strong>Skoda<\/strong>. La marca del Grupo Volkswagen patrocinar\u00e1, adem\u00e1s, el <strong>Maillot Verde<\/strong>, que reconoce al corredor que ocupa la primera posici\u00f3n de la clasificaci\u00f3n por puntos.<\/p>\n<div id=\"attachment_505619\" style=\"width: 636px\" class=\"wp-caption aligncenter\"><img loading=\"lazy\" decoding=\"async\" aria-describedby=\"caption-attachment-505619\" class=\"size-full wp-image-505619\" src=\"https:\/\/super-news.info\/es\/wp-content\/uploads\/sites\/4\/2019\/08\/1566547507_311_Las-marcas-que-pedalearan-con-los-ciclistas-en-La-Vuelta.png\" alt=\"La Vuelta 2019\" width=\"626\" height=\"410\"\/><\/p>\n<p id=\"caption-attachment-505619\" class=\"wp-caption-text\">PhotoGomezSport<\/p>\n<\/div>\n<p><strong>Continental<\/strong> contin\u00faa como patrocinadora La Vuelta gracias a un acuerdo que se prolonga hasta 2020. La marca de neum\u00e1ticos orienta sus esfuerzos en garantizar la seguridad en las carreteras, un compromiso que ha impulsado a la compa\u00f1\u00eda a apoyar a los ciclistas en esta competici\u00f3n de \u00e9lite. &#8220;La seguridad es una constante en nuestra compa\u00f1\u00eda en todos los \u00e1mbitos, desde sistemas espec\u00edficos de seguridad activa y preventiva, hasta neum\u00e1ticos para todo tipo de veh\u00edculos, incluidas las bicicletas. Ser patrocinador oficial de La Vuelta es parte de nuestro compromiso en el desarrollo de productos de alta tecnolog\u00eda y hacer que la movilidad sea m\u00e1s segura para todos&#8221;, dec\u00eda el a\u00f1o pasado Jon Ander Garc\u00eda, Director General de Continental Espa\u00f1a y Portugal.<\/p>\n<p>Otra de las marcas que han renovado su patrocinio, esta vez para los pr\u00f3ximos tres a\u00f1os, es <strong>Caser<\/strong>. La aseguradora contar\u00e1 con distintos soportes de visibilidad de marca durante el recorrido, que comenzar\u00e1 en Torrevieja. &#8220;La trayectoria y profesionalizaci\u00f3n de la carrera, su relevancia en calendario deportivo de nuestro pa\u00eds y su importancia como soporte para incrementar la visibilidad de la marca Caser&#8221; fueron los aspectos de la competici\u00f3n que destac\u00f3 Fernando de Lorenzo, Secretario General de Caser, en la firma del acuerdo el pasado mayo.<\/p>\n<p>Otras de las marcas que apoyar\u00e1n a los ciclistas en estas 21 etapas de La Vuelta 2019 ser\u00e1n <strong>Loter\u00edas y Apuestas del Estado, Andaluc\u00eda, Fen\u00ede Energ\u00eda, Fragata, Fertiberia, NTT, Tissot, ElPozo, Dachser Intelligent Logistics, Santini SMS, Halc\u00f3n Viajes, NamedSport, Italia (Agencia Nacional de Turismo), Ecopilas, Ambilamp, Shimano <\/strong>y<strong> Husqvarna<\/strong>.<\/p>\n<p class=\"link-telegram\">\n\t\t\t\t\t\t\t\t\t\t\tNo te pierdas nada de MarketingDirecto.com y \u00fanete a nuestro Telegram t.me\/MarketingDirecto\n\t\t\t\t\t\t\t\t\t\t<\/p>\n<\/p><\/div>\n<p><script>(function(d, s, id) {\n  var js, fjs = d.getElementsByTagName(s)[0];\n  if (d.getElementById(id)) return;\n  js = d.createElement(s); js.id = id;\n  js.src = \"http:\/\/connect.facebook.net\/es_LA\/sdk.js#xfbml=1&appId=408746052611679&version=v2.3\";\n  fjs.parentNode.insertBefore(js, fjs);\n}(document, 'script', 'facebook-jssdk'));<\/script><br \/>\n<br \/>[ad_2]<br \/>\n<br \/><a href=\"https:\/\/www.marketingdirecto.com\/anunciantes-general\/anunciantes\/las-marcas-que-pedalearan-con-los-ciclistas-en-la-vuelta-2019\">Source link <\/a><\/p>\n","protected":false},"excerpt":{"rendered":"<p>[ad_1] Carrefour, Cofidis, Continental y Skoda son algunas de las marcas que apoyar\u00e1n esta competici\u00f3n de \u00e9lite, que arrancar\u00e1 su 74\u00aa edici\u00f3n el 24 de agosto. El evento del a\u00f1o en el mundo del ciclismo en Espa\u00f1a, La Vuelta 2019, dar\u00e1 su pistoletazo de salida este s\u00e1bado 24 de agosto y se prolongar\u00e1 hasta el [&hellip;]<\/p>\n","protected":false},"author":2,"featured_media":9370,"comment_status":"open","ping_status":"open","sticky":false,"template":"","format":"standard","meta":{"footnotes":""},"categories":[2],"tags":[],"class_list":["post-9369","post","type-post","status-publish","format-standard","has-post-thumbnail","hentry","category-noticias-de-marketing-digital"],"yoast_head":"<!-- This site is optimized with the Yoast SEO plugin v27.4 - https:\/\/yoast.com\/product\/yoast-seo-wordpress\/ -->\n<title>Las marcas que pedalear\u00e1n con los ciclistas en La Vuelta 2019 - Super News<\/title>\n<meta name=\"robots\" content=\"index, follow, max-snippet:-1, max-image-preview:large, max-video-preview:-1\" \/>\n<link rel=\"canonical\" href=\"https:\/\/super-news.info\/es\/las-marcas-que-pedalearan-con-los-ciclistas-en-la-vuelta-2019\/\" \/>\n<meta property=\"og:locale\" content=\"en_US\" \/>\n<meta property=\"og:type\" content=\"article\" \/>\n<meta property=\"og:title\" content=\"Las marcas que pedalear\u00e1n con los ciclistas en La Vuelta 2019 - Super News\" \/>\n<meta property=\"og:description\" content=\"[ad_1] Carrefour, Cofidis, Continental y Skoda son algunas de las marcas que apoyar\u00e1n esta competici\u00f3n de \u00e9lite, que arrancar\u00e1 su 74\u00aa edici\u00f3n el 24 de agosto. El evento del a\u00f1o en el mundo del ciclismo en Espa\u00f1a, La Vuelta 2019, dar\u00e1 su pistoletazo de salida este s\u00e1bado 24 de agosto y se prolongar\u00e1 hasta el [&hellip;]\" \/>\n<meta property=\"og:url\" content=\"https:\/\/super-news.info\/es\/las-marcas-que-pedalearan-con-los-ciclistas-en-la-vuelta-2019\/\" \/>\n<meta property=\"og:site_name\" content=\"Super News\" \/>\n<meta property=\"article:published_time\" content=\"2019-08-23T08:05:07+00:00\" \/>\n<meta property=\"article:modified_time\" content=\"2019-08-23T08:05:09+00:00\" \/>\n<meta property=\"og:image\" content=\"https:\/\/super-news.info\/es\/wp-content\/uploads\/sites\/4\/2019\/08\/Las-marcas-que-pedalear-n-con-los-ciclistas-en-La-Vuelta.png\" \/>\n\t<meta property=\"og:image:width\" content=\"626\" \/>\n\t<meta property=\"og:image:height\" content=\"364\" \/>\n\t<meta property=\"og:image:type\" content=\"image\/png\" \/>\n<meta name=\"author\" content=\"super-news\" \/>\n<meta name=\"twitter:card\" content=\"summary_large_image\" \/>\n<meta name=\"twitter:label1\" content=\"Written by\" \/>\n\t<meta name=\"twitter:data1\" content=\"super-news\" \/>\n\t<meta name=\"twitter:label2\" content=\"Est. reading time\" \/>\n\t<meta name=\"twitter:data2\" content=\"3 minutes\" \/>\n<script type=\"application\/ld+json\" class=\"yoast-schema-graph\">{\"@context\":\"https:\\\/\\\/schema.org\",\"@graph\":[{\"@type\":\"Article\",\"@id\":\"https:\\\/\\\/super-news.info\\\/es\\\/las-marcas-que-pedalearan-con-los-ciclistas-en-la-vuelta-2019\\\/#article\",\"isPartOf\":{\"@id\":\"https:\\\/\\\/super-news.info\\\/es\\\/las-marcas-que-pedalearan-con-los-ciclistas-en-la-vuelta-2019\\\/\"},\"author\":{\"name\":\"super-news\",\"@id\":\"https:\\\/\\\/super-news.info\\\/es\\\/#\\\/schema\\\/person\\\/2d4068cb2f39cd10008c2fce578a7356\"},\"headline\":\"Las marcas que pedalear\u00e1n con los ciclistas en La Vuelta 2019\",\"datePublished\":\"2019-08-23T08:05:07+00:00\",\"dateModified\":\"2019-08-23T08:05:09+00:00\",\"mainEntityOfPage\":{\"@id\":\"https:\\\/\\\/super-news.info\\\/es\\\/las-marcas-que-pedalearan-con-los-ciclistas-en-la-vuelta-2019\\\/\"},\"wordCount\":696,\"commentCount\":0,\"image\":{\"@id\":\"https:\\\/\\\/super-news.info\\\/es\\\/las-marcas-que-pedalearan-con-los-ciclistas-en-la-vuelta-2019\\\/#primaryimage\"},\"thumbnailUrl\":\"https:\\\/\\\/super-news.info\\\/es\\\/wp-content\\\/uploads\\\/sites\\\/4\\\/2019\\\/08\\\/Las-marcas-que-pedalear-n-con-los-ciclistas-en-La-Vuelta.png\",\"articleSection\":[\"NOTICIAS DE MARKETING DIGITAL\"],\"inLanguage\":\"en-US\",\"potentialAction\":[{\"@type\":\"CommentAction\",\"name\":\"Comment\",\"target\":[\"https:\\\/\\\/super-news.info\\\/es\\\/las-marcas-que-pedalearan-con-los-ciclistas-en-la-vuelta-2019\\\/#respond\"]}]},{\"@type\":\"WebPage\",\"@id\":\"https:\\\/\\\/super-news.info\\\/es\\\/las-marcas-que-pedalearan-con-los-ciclistas-en-la-vuelta-2019\\\/\",\"url\":\"https:\\\/\\\/super-news.info\\\/es\\\/las-marcas-que-pedalearan-con-los-ciclistas-en-la-vuelta-2019\\\/\",\"name\":\"Las marcas que pedalear\u00e1n con los ciclistas en La Vuelta 2019 - Super News\",\"isPartOf\":{\"@id\":\"https:\\\/\\\/super-news.info\\\/es\\\/#website\"},\"primaryImageOfPage\":{\"@id\":\"https:\\\/\\\/super-news.info\\\/es\\\/las-marcas-que-pedalearan-con-los-ciclistas-en-la-vuelta-2019\\\/#primaryimage\"},\"image\":{\"@id\":\"https:\\\/\\\/super-news.info\\\/es\\\/las-marcas-que-pedalearan-con-los-ciclistas-en-la-vuelta-2019\\\/#primaryimage\"},\"thumbnailUrl\":\"https:\\\/\\\/super-news.info\\\/es\\\/wp-content\\\/uploads\\\/sites\\\/4\\\/2019\\\/08\\\/Las-marcas-que-pedalear-n-con-los-ciclistas-en-La-Vuelta.png\",\"datePublished\":\"2019-08-23T08:05:07+00:00\",\"dateModified\":\"2019-08-23T08:05:09+00:00\",\"author\":{\"@id\":\"https:\\\/\\\/super-news.info\\\/es\\\/#\\\/schema\\\/person\\\/2d4068cb2f39cd10008c2fce578a7356\"},\"breadcrumb\":{\"@id\":\"https:\\\/\\\/super-news.info\\\/es\\\/las-marcas-que-pedalearan-con-los-ciclistas-en-la-vuelta-2019\\\/#breadcrumb\"},\"inLanguage\":\"en-US\",\"potentialAction\":[{\"@type\":\"ReadAction\",\"target\":[\"https:\\\/\\\/super-news.info\\\/es\\\/las-marcas-que-pedalearan-con-los-ciclistas-en-la-vuelta-2019\\\/\"]}]},{\"@type\":\"ImageObject\",\"inLanguage\":\"en-US\",\"@id\":\"https:\\\/\\\/super-news.info\\\/es\\\/las-marcas-que-pedalearan-con-los-ciclistas-en-la-vuelta-2019\\\/#primaryimage\",\"url\":\"https:\\\/\\\/super-news.info\\\/es\\\/wp-content\\\/uploads\\\/sites\\\/4\\\/2019\\\/08\\\/Las-marcas-que-pedalear-n-con-los-ciclistas-en-La-Vuelta.png\",\"contentUrl\":\"https:\\\/\\\/super-news.info\\\/es\\\/wp-content\\\/uploads\\\/sites\\\/4\\\/2019\\\/08\\\/Las-marcas-que-pedalear-n-con-los-ciclistas-en-La-Vuelta.png\",\"width\":626,\"height\":364,\"caption\":\"La Vuelta 2019\"},{\"@type\":\"BreadcrumbList\",\"@id\":\"https:\\\/\\\/super-news.info\\\/es\\\/las-marcas-que-pedalearan-con-los-ciclistas-en-la-vuelta-2019\\\/#breadcrumb\",\"itemListElement\":[{\"@type\":\"ListItem\",\"position\":1,\"name\":\"\u0413\u043b\u0430\u0432\u043d\u0430\u044f \u0441\u0442\u0440\u0430\u043d\u0438\u0446\u0430\",\"item\":\"https:\\\/\\\/super-news.info\\\/es\\\/\"},{\"@type\":\"ListItem\",\"position\":2,\"name\":\"Las marcas que pedalear\u00e1n con los ciclistas en La Vuelta 2019\"}]},{\"@type\":\"WebSite\",\"@id\":\"https:\\\/\\\/super-news.info\\\/es\\\/#website\",\"url\":\"https:\\\/\\\/super-news.info\\\/es\\\/\",\"name\":\"Super News\",\"description\":\"Super News Espa\u00f1a\",\"potentialAction\":[{\"@type\":\"SearchAction\",\"target\":{\"@type\":\"EntryPoint\",\"urlTemplate\":\"https:\\\/\\\/super-news.info\\\/es\\\/?s={search_term_string}\"},\"query-input\":{\"@type\":\"PropertyValueSpecification\",\"valueRequired\":true,\"valueName\":\"search_term_string\"}}],\"inLanguage\":\"en-US\"},{\"@type\":\"Person\",\"@id\":\"https:\\\/\\\/super-news.info\\\/es\\\/#\\\/schema\\\/person\\\/2d4068cb2f39cd10008c2fce578a7356\",\"name\":\"super-news\",\"image\":{\"@type\":\"ImageObject\",\"inLanguage\":\"en-US\",\"@id\":\"https:\\\/\\\/secure.gravatar.com\\\/avatar\\\/64ebac40b93f26a154f8a9b5b6fdccfc46f442b26b3dd6756dbff3bf9dc76fd7?s=96&d=mm&r=g\",\"url\":\"https:\\\/\\\/secure.gravatar.com\\\/avatar\\\/64ebac40b93f26a154f8a9b5b6fdccfc46f442b26b3dd6756dbff3bf9dc76fd7?s=96&d=mm&r=g\",\"contentUrl\":\"https:\\\/\\\/secure.gravatar.com\\\/avatar\\\/64ebac40b93f26a154f8a9b5b6fdccfc46f442b26b3dd6756dbff3bf9dc76fd7?s=96&d=mm&r=g\",\"caption\":\"super-news\"},\"url\":\"https:\\\/\\\/super-news.info\\\/es\\\/author\\\/pt\\\/\"}]}<\/script>\n<!-- \/ Yoast SEO plugin. -->","yoast_head_json":{"title":"Las marcas que pedalear\u00e1n con los ciclistas en La Vuelta 2019 - Super News","robots":{"index":"index","follow":"follow","max-snippet":"max-snippet:-1","max-image-preview":"max-image-preview:large","max-video-preview":"max-video-preview:-1"},"canonical":"https:\/\/super-news.info\/es\/las-marcas-que-pedalearan-con-los-ciclistas-en-la-vuelta-2019\/","og_locale":"en_US","og_type":"article","og_title":"Las marcas que pedalear\u00e1n con los ciclistas en La Vuelta 2019 - Super News","og_description":"[ad_1] Carrefour, Cofidis, Continental y Skoda son algunas de las marcas que apoyar\u00e1n esta competici\u00f3n de \u00e9lite, que arrancar\u00e1 su 74\u00aa edici\u00f3n el 24 de agosto. El evento del a\u00f1o en el mundo del ciclismo en Espa\u00f1a, La Vuelta 2019, dar\u00e1 su pistoletazo de salida este s\u00e1bado 24 de agosto y se prolongar\u00e1 hasta el [&hellip;]","og_url":"https:\/\/super-news.info\/es\/las-marcas-que-pedalearan-con-los-ciclistas-en-la-vuelta-2019\/","og_site_name":"Super News","article_published_time":"2019-08-23T08:05:07+00:00","article_modified_time":"2019-08-23T08:05:09+00:00","og_image":[{"width":626,"height":364,"url":"https:\/\/super-news.info\/es\/wp-content\/uploads\/sites\/4\/2019\/08\/Las-marcas-que-pedalear-n-con-los-ciclistas-en-La-Vuelta.png","type":"image\/png"}],"author":"super-news","twitter_card":"summary_large_image","twitter_misc":{"Written by":"super-news","Est. reading time":"3 minutes"},"schema":{"@context":"https:\/\/schema.org","@graph":[{"@type":"Article","@id":"https:\/\/super-news.info\/es\/las-marcas-que-pedalearan-con-los-ciclistas-en-la-vuelta-2019\/#article","isPartOf":{"@id":"https:\/\/super-news.info\/es\/las-marcas-que-pedalearan-con-los-ciclistas-en-la-vuelta-2019\/"},"author":{"name":"super-news","@id":"https:\/\/super-news.info\/es\/#\/schema\/person\/2d4068cb2f39cd10008c2fce578a7356"},"headline":"Las marcas que pedalear\u00e1n con los ciclistas en La Vuelta 2019","datePublished":"2019-08-23T08:05:07+00:00","dateModified":"2019-08-23T08:05:09+00:00","mainEntityOfPage":{"@id":"https:\/\/super-news.info\/es\/las-marcas-que-pedalearan-con-los-ciclistas-en-la-vuelta-2019\/"},"wordCount":696,"commentCount":0,"image":{"@id":"https:\/\/super-news.info\/es\/las-marcas-que-pedalearan-con-los-ciclistas-en-la-vuelta-2019\/#primaryimage"},"thumbnailUrl":"https:\/\/super-news.info\/es\/wp-content\/uploads\/sites\/4\/2019\/08\/Las-marcas-que-pedalear-n-con-los-ciclistas-en-La-Vuelta.png","articleSection":["NOTICIAS DE MARKETING DIGITAL"],"inLanguage":"en-US","potentialAction":[{"@type":"CommentAction","name":"Comment","target":["https:\/\/super-news.info\/es\/las-marcas-que-pedalearan-con-los-ciclistas-en-la-vuelta-2019\/#respond"]}]},{"@type":"WebPage","@id":"https:\/\/super-news.info\/es\/las-marcas-que-pedalearan-con-los-ciclistas-en-la-vuelta-2019\/","url":"https:\/\/super-news.info\/es\/las-marcas-que-pedalearan-con-los-ciclistas-en-la-vuelta-2019\/","name":"Las marcas que pedalear\u00e1n con los ciclistas en La Vuelta 2019 - Super News","isPartOf":{"@id":"https:\/\/super-news.info\/es\/#website"},"primaryImageOfPage":{"@id":"https:\/\/super-news.info\/es\/las-marcas-que-pedalearan-con-los-ciclistas-en-la-vuelta-2019\/#primaryimage"},"image":{"@id":"https:\/\/super-news.info\/es\/las-marcas-que-pedalearan-con-los-ciclistas-en-la-vuelta-2019\/#primaryimage"},"thumbnailUrl":"https:\/\/super-news.info\/es\/wp-content\/uploads\/sites\/4\/2019\/08\/Las-marcas-que-pedalear-n-con-los-ciclistas-en-La-Vuelta.png","datePublished":"2019-08-23T08:05:07+00:00","dateModified":"2019-08-23T08:05:09+00:00","author":{"@id":"https:\/\/super-news.info\/es\/#\/schema\/person\/2d4068cb2f39cd10008c2fce578a7356"},"breadcrumb":{"@id":"https:\/\/super-news.info\/es\/las-marcas-que-pedalearan-con-los-ciclistas-en-la-vuelta-2019\/#breadcrumb"},"inLanguage":"en-US","potentialAction":[{"@type":"ReadAction","target":["https:\/\/super-news.info\/es\/las-marcas-que-pedalearan-con-los-ciclistas-en-la-vuelta-2019\/"]}]},{"@type":"ImageObject","inLanguage":"en-US","@id":"https:\/\/super-news.info\/es\/las-marcas-que-pedalearan-con-los-ciclistas-en-la-vuelta-2019\/#primaryimage","url":"https:\/\/super-news.info\/es\/wp-content\/uploads\/sites\/4\/2019\/08\/Las-marcas-que-pedalear-n-con-los-ciclistas-en-La-Vuelta.png","contentUrl":"https:\/\/super-news.info\/es\/wp-content\/uploads\/sites\/4\/2019\/08\/Las-marcas-que-pedalear-n-con-los-ciclistas-en-La-Vuelta.png","width":626,"height":364,"caption":"La Vuelta 2019"},{"@type":"BreadcrumbList","@id":"https:\/\/super-news.info\/es\/las-marcas-que-pedalearan-con-los-ciclistas-en-la-vuelta-2019\/#breadcrumb","itemListElement":[{"@type":"ListItem","position":1,"name":"\u0413\u043b\u0430\u0432\u043d\u0430\u044f \u0441\u0442\u0440\u0430\u043d\u0438\u0446\u0430","item":"https:\/\/super-news.info\/es\/"},{"@type":"ListItem","position":2,"name":"Las marcas que pedalear\u00e1n con los ciclistas en La Vuelta 2019"}]},{"@type":"WebSite","@id":"https:\/\/super-news.info\/es\/#website","url":"https:\/\/super-news.info\/es\/","name":"Super News","description":"Super News Espa\u00f1a","potentialAction":[{"@type":"SearchAction","target":{"@type":"EntryPoint","urlTemplate":"https:\/\/super-news.info\/es\/?s={search_term_string}"},"query-input":{"@type":"PropertyValueSpecification","valueRequired":true,"valueName":"search_term_string"}}],"inLanguage":"en-US"},{"@type":"Person","@id":"https:\/\/super-news.info\/es\/#\/schema\/person\/2d4068cb2f39cd10008c2fce578a7356","name":"super-news","image":{"@type":"ImageObject","inLanguage":"en-US","@id":"https:\/\/secure.gravatar.com\/avatar\/64ebac40b93f26a154f8a9b5b6fdccfc46f442b26b3dd6756dbff3bf9dc76fd7?s=96&d=mm&r=g","url":"https:\/\/secure.gravatar.com\/avatar\/64ebac40b93f26a154f8a9b5b6fdccfc46f442b26b3dd6756dbff3bf9dc76fd7?s=96&d=mm&r=g","contentUrl":"https:\/\/secure.gravatar.com\/avatar\/64ebac40b93f26a154f8a9b5b6fdccfc46f442b26b3dd6756dbff3bf9dc76fd7?s=96&d=mm&r=g","caption":"super-news"},"url":"https:\/\/super-news.info\/es\/author\/pt\/"}]}},"_links":{"self":[{"href":"https:\/\/super-news.info\/es\/wp-json\/wp\/v2\/posts\/9369","targetHints":{"allow":["GET"]}}],"collection":[{"href":"https:\/\/super-news.info\/es\/wp-json\/wp\/v2\/posts"}],"about":[{"href":"https:\/\/super-news.info\/es\/wp-json\/wp\/v2\/types\/post"}],"author":[{"embeddable":true,"href":"https:\/\/super-news.info\/es\/wp-json\/wp\/v2\/users\/2"}],"replies":[{"embeddable":true,"href":"https:\/\/super-news.info\/es\/wp-json\/wp\/v2\/comments?post=9369"}],"version-history":[{"count":1,"href":"https:\/\/super-news.info\/es\/wp-json\/wp\/v2\/posts\/9369\/revisions"}],"predecessor-version":[{"id":9371,"href":"https:\/\/super-news.info\/es\/wp-json\/wp\/v2\/posts\/9369\/revisions\/9371"}],"wp:featuredmedia":[{"embeddable":true,"href":"https:\/\/super-news.info\/es\/wp-json\/wp\/v2\/media\/9370"}],"wp:attachment":[{"href":"https:\/\/super-news.info\/es\/wp-json\/wp\/v2\/media?parent=9369"}],"wp:term":[{"taxonomy":"category","embeddable":true,"href":"https:\/\/super-news.info\/es\/wp-json\/wp\/v2\/categories?post=9369"},{"taxonomy":"post_tag","embeddable":true,"href":"https:\/\/super-news.info\/es\/wp-json\/wp\/v2\/tags?post=9369"}],"curies":[{"name":"wp","href":"https:\/\/api.w.org\/{rel}","templated":true}]}}