{"id":9363,"date":"2019-08-23T09:35:51","date_gmt":"2019-08-23T06:35:51","guid":{"rendered":"https:\/\/super-news.info\/es\/instagram-y-otras-redes-sociales-ponen-palos-en-las-ruedas-de-la-igualdad-de-genero\/"},"modified":"2019-08-23T09:35:52","modified_gmt":"2019-08-23T06:35:52","slug":"instagram-y-otras-redes-sociales-ponen-palos-en-las-ruedas-de-la-igualdad-de-genero","status":"publish","type":"post","link":"https:\/\/super-news.info\/es\/instagram-y-otras-redes-sociales-ponen-palos-en-las-ruedas-de-la-igualdad-de-genero\/","title":{"rendered":"Instagram y otras redes sociales ponen palos en las ruedas de la igualdad de g\u00e9nero"},"content":{"rendered":"<p> [ad_1]<br \/>\n<\/p>\n<div id=\"textoNoticia\">\n<p class=\"excerpt-single\">Seg\u00fan un reciente informe de la ONG Plan International, Instagram y otras redes sociales tienden a encasillar a hombres y a mujeres en trasnochados estereotipos de g\u00e9nero. <\/p>\n<p>Cuanto m\u00e1s intensivo (y rayano es la obsesi\u00f3n) es el uso que las personas hacen de las<strong> redes sociales<\/strong>, m\u00e1s predispuestas se sienten \u00e9stas a apalancar sus pensamientos en corrosivos estereotipos de g\u00e9nero.<\/p>\n<p>As\u00ed se desprende al menos de<strong> un informe llevado a cabo entre hombres y mujeres de entre 14 y 32 a\u00f1os<\/strong> por la ONG especializada en los derechos de los ni\u00f1os Plan International.<\/p>\n<p>De acuerdo con el informe, una tercera parte de los hombres y mujeres y m\u00e1s de la mitad de los j\u00f3venes adscritos al g\u00e9nero masculino que se conectan a diario a Instagram, Facebook, YouTube y compa\u00f1\u00eda<strong> consideran totalmente normal que las f\u00e9minas perciban por id\u00e9ntico trabajo menos salario que los hombres.<\/strong><\/p>\n<p>En esta misma y preocupante l\u00ednea el 57% de los hombres y el 35% de las mujeres creen que<strong> las labores dom\u00e9sticas deben ser asumidas predominantemente por las f\u00e9minas.<\/strong><\/p>\n<p>En las redes sociales, las que se han erigido en la segunda casa de los m\u00e1s j\u00f3venes en la nueva era digital, persisten <strong>antediluvianos clich\u00e9s de g\u00e9nero<\/strong>, denuncia Plan International en su investigaci\u00f3n.<\/p>\n<blockquote>\n<p><strong>Las redes sociales perpet\u00faan apolillados clich\u00e9s de g\u00e9nero<\/strong><\/p>\n<\/blockquote>\n<p>Mientras las chicas y las mujeres hacen suyos en las redes sociales temas t\u00edpicamente femeninos como<strong> la moda, la belleza, la alimentaci\u00f3n y la decoraci\u00f3n<\/strong>, los chicos y los hombres prefieren cabalgar a lomos de temas supuestamente m\u00e1s masculinos como la pol\u00edtica, la sociedad y los videojuegos.<\/p>\n<p>Por otra parte, <strong>en las redes sociales tanto hombres como mujeres parecen otorgar much\u00edsimo valor a ideales cl\u00e1sicos de belleza.<\/strong> Mientras para ellas es particularmente importante lucir delgadas y bellas en los social media, para ellos su particular obsesi\u00f3n es presumir de cuerpos musculados y sin un gramo de grasa.<\/p>\n<p>Conscientes de que <strong>en las redes sociales la imagen parece ser la medida de todas las cosas<\/strong> (en particular para calibrar el \u00e9xito), el 41% de los hombres y las mujeres confiesan tomarse much\u00edsimo tiempo para que su belleza (tanto natural como artificial) resplandezca en las redes sociales.<\/p>\n<p>Sin embargo,<strong> las mujeres (45%) retocan bastante m\u00e1s que los hombres (26%) las fotograf\u00edas que suben despu\u00e9s a las redes sociales.<\/strong> Tambi\u00e9n ellas (61%) est\u00e1n bastante m\u00e1s ofuscadas que ellos (42%) controlando la expresi\u00f3n de su rostro en las instant\u00e1neas que comparten en la Web 2.0.<\/p>\n<p class=\"link-telegram\">\n\t\t\t\t\t\t\t\t\t\t\tNo te pierdas nada de MarketingDirecto.com y \u00fanete a nuestro Telegram t.me\/MarketingDirecto\n\t\t\t\t\t\t\t\t\t\t<\/p>\n<\/p><\/div>\n<p><script>(function(d, s, id) {\n  var js, fjs = d.getElementsByTagName(s)[0];\n  if (d.getElementById(id)) return;\n  js = d.createElement(s); js.id = id;\n  js.src = \"http:\/\/connect.facebook.net\/es_LA\/sdk.js#xfbml=1&appId=408746052611679&version=v2.3\";\n  fjs.parentNode.insertBefore(js, fjs);\n}(document, 'script', 'facebook-jssdk'));<\/script><br \/>\n<br \/>[ad_2]<br \/>\n<br \/><a href=\"https:\/\/www.marketingdirecto.com\/digital-general\/social-media-marketing\/instagram-otras-redes-sociales-ponen-palos-ruedas-igualdad-genero\">Source link <\/a><\/p>\n","protected":false},"excerpt":{"rendered":"<p>[ad_1] Seg\u00fan un reciente informe de la ONG Plan International, Instagram y otras redes sociales tienden a encasillar a hombres y a mujeres en trasnochados estereotipos de g\u00e9nero. Cuanto m\u00e1s intensivo (y rayano es la obsesi\u00f3n) es el uso que las personas hacen de las redes sociales, m\u00e1s predispuestas se sienten \u00e9stas a apalancar sus [&hellip;]<\/p>\n","protected":false},"author":2,"featured_media":9364,"comment_status":"open","ping_status":"open","sticky":false,"template":"","format":"standard","meta":{"footnotes":""},"categories":[2],"tags":[],"class_list":["post-9363","post","type-post","status-publish","format-standard","has-post-thumbnail","hentry","category-noticias-de-marketing-digital"],"yoast_head":"<!-- This site is optimized with the Yoast SEO plugin v27.4 - https:\/\/yoast.com\/product\/yoast-seo-wordpress\/ -->\n<title>Instagram y otras redes sociales ponen palos en las ruedas de la igualdad de g\u00e9nero - Super News<\/title>\n<meta name=\"robots\" content=\"index, follow, max-snippet:-1, max-image-preview:large, max-video-preview:-1\" \/>\n<link rel=\"canonical\" href=\"https:\/\/super-news.info\/es\/instagram-y-otras-redes-sociales-ponen-palos-en-las-ruedas-de-la-igualdad-de-genero\/\" \/>\n<meta property=\"og:locale\" content=\"en_US\" \/>\n<meta property=\"og:type\" content=\"article\" \/>\n<meta property=\"og:title\" content=\"Instagram y otras redes sociales ponen palos en las ruedas de la igualdad de g\u00e9nero - Super News\" \/>\n<meta property=\"og:description\" content=\"[ad_1] Seg\u00fan un reciente informe de la ONG Plan International, Instagram y otras redes sociales tienden a encasillar a hombres y a mujeres en trasnochados estereotipos de g\u00e9nero. Cuanto m\u00e1s intensivo (y rayano es la obsesi\u00f3n) es el uso que las personas hacen de las redes sociales, m\u00e1s predispuestas se sienten \u00e9stas a apalancar sus [&hellip;]\" \/>\n<meta property=\"og:url\" content=\"https:\/\/super-news.info\/es\/instagram-y-otras-redes-sociales-ponen-palos-en-las-ruedas-de-la-igualdad-de-genero\/\" \/>\n<meta property=\"og:site_name\" content=\"Super News\" \/>\n<meta property=\"article:published_time\" content=\"2019-08-23T06:35:51+00:00\" \/>\n<meta property=\"article:modified_time\" content=\"2019-08-23T06:35:52+00:00\" \/>\n<meta property=\"og:image\" content=\"https:\/\/super-news.info\/es\/wp-content\/uploads\/sites\/4\/2019\/08\/Instagram-y-otras-redes-sociales-ponen-palos-en-las-ruedas.jpg\" \/>\n\t<meta property=\"og:image:width\" content=\"626\" \/>\n\t<meta property=\"og:image:height\" content=\"364\" \/>\n\t<meta property=\"og:image:type\" content=\"image\/jpeg\" \/>\n<meta name=\"author\" content=\"super-news\" \/>\n<meta name=\"twitter:card\" content=\"summary_large_image\" \/>\n<meta name=\"twitter:label1\" content=\"Written by\" \/>\n\t<meta name=\"twitter:data1\" content=\"super-news\" \/>\n\t<meta name=\"twitter:label2\" content=\"Est. reading time\" \/>\n\t<meta name=\"twitter:data2\" content=\"2 minutes\" \/>\n<script type=\"application\/ld+json\" class=\"yoast-schema-graph\">{\"@context\":\"https:\\\/\\\/schema.org\",\"@graph\":[{\"@type\":\"Article\",\"@id\":\"https:\\\/\\\/super-news.info\\\/es\\\/instagram-y-otras-redes-sociales-ponen-palos-en-las-ruedas-de-la-igualdad-de-genero\\\/#article\",\"isPartOf\":{\"@id\":\"https:\\\/\\\/super-news.info\\\/es\\\/instagram-y-otras-redes-sociales-ponen-palos-en-las-ruedas-de-la-igualdad-de-genero\\\/\"},\"author\":{\"name\":\"super-news\",\"@id\":\"https:\\\/\\\/super-news.info\\\/es\\\/#\\\/schema\\\/person\\\/2d4068cb2f39cd10008c2fce578a7356\"},\"headline\":\"Instagram y otras redes sociales ponen palos en las ruedas de la igualdad de g\u00e9nero\",\"datePublished\":\"2019-08-23T06:35:51+00:00\",\"dateModified\":\"2019-08-23T06:35:52+00:00\",\"mainEntityOfPage\":{\"@id\":\"https:\\\/\\\/super-news.info\\\/es\\\/instagram-y-otras-redes-sociales-ponen-palos-en-las-ruedas-de-la-igualdad-de-genero\\\/\"},\"wordCount\":472,\"commentCount\":0,\"image\":{\"@id\":\"https:\\\/\\\/super-news.info\\\/es\\\/instagram-y-otras-redes-sociales-ponen-palos-en-las-ruedas-de-la-igualdad-de-genero\\\/#primaryimage\"},\"thumbnailUrl\":\"https:\\\/\\\/super-news.info\\\/es\\\/wp-content\\\/uploads\\\/sites\\\/4\\\/2019\\\/08\\\/Instagram-y-otras-redes-sociales-ponen-palos-en-las-ruedas.jpg\",\"articleSection\":[\"NOTICIAS DE MARKETING DIGITAL\"],\"inLanguage\":\"en-US\",\"potentialAction\":[{\"@type\":\"CommentAction\",\"name\":\"Comment\",\"target\":[\"https:\\\/\\\/super-news.info\\\/es\\\/instagram-y-otras-redes-sociales-ponen-palos-en-las-ruedas-de-la-igualdad-de-genero\\\/#respond\"]}]},{\"@type\":\"WebPage\",\"@id\":\"https:\\\/\\\/super-news.info\\\/es\\\/instagram-y-otras-redes-sociales-ponen-palos-en-las-ruedas-de-la-igualdad-de-genero\\\/\",\"url\":\"https:\\\/\\\/super-news.info\\\/es\\\/instagram-y-otras-redes-sociales-ponen-palos-en-las-ruedas-de-la-igualdad-de-genero\\\/\",\"name\":\"Instagram y otras redes sociales ponen palos en las ruedas de la igualdad de g\u00e9nero - Super News\",\"isPartOf\":{\"@id\":\"https:\\\/\\\/super-news.info\\\/es\\\/#website\"},\"primaryImageOfPage\":{\"@id\":\"https:\\\/\\\/super-news.info\\\/es\\\/instagram-y-otras-redes-sociales-ponen-palos-en-las-ruedas-de-la-igualdad-de-genero\\\/#primaryimage\"},\"image\":{\"@id\":\"https:\\\/\\\/super-news.info\\\/es\\\/instagram-y-otras-redes-sociales-ponen-palos-en-las-ruedas-de-la-igualdad-de-genero\\\/#primaryimage\"},\"thumbnailUrl\":\"https:\\\/\\\/super-news.info\\\/es\\\/wp-content\\\/uploads\\\/sites\\\/4\\\/2019\\\/08\\\/Instagram-y-otras-redes-sociales-ponen-palos-en-las-ruedas.jpg\",\"datePublished\":\"2019-08-23T06:35:51+00:00\",\"dateModified\":\"2019-08-23T06:35:52+00:00\",\"author\":{\"@id\":\"https:\\\/\\\/super-news.info\\\/es\\\/#\\\/schema\\\/person\\\/2d4068cb2f39cd10008c2fce578a7356\"},\"breadcrumb\":{\"@id\":\"https:\\\/\\\/super-news.info\\\/es\\\/instagram-y-otras-redes-sociales-ponen-palos-en-las-ruedas-de-la-igualdad-de-genero\\\/#breadcrumb\"},\"inLanguage\":\"en-US\",\"potentialAction\":[{\"@type\":\"ReadAction\",\"target\":[\"https:\\\/\\\/super-news.info\\\/es\\\/instagram-y-otras-redes-sociales-ponen-palos-en-las-ruedas-de-la-igualdad-de-genero\\\/\"]}]},{\"@type\":\"ImageObject\",\"inLanguage\":\"en-US\",\"@id\":\"https:\\\/\\\/super-news.info\\\/es\\\/instagram-y-otras-redes-sociales-ponen-palos-en-las-ruedas-de-la-igualdad-de-genero\\\/#primaryimage\",\"url\":\"https:\\\/\\\/super-news.info\\\/es\\\/wp-content\\\/uploads\\\/sites\\\/4\\\/2019\\\/08\\\/Instagram-y-otras-redes-sociales-ponen-palos-en-las-ruedas.jpg\",\"contentUrl\":\"https:\\\/\\\/super-news.info\\\/es\\\/wp-content\\\/uploads\\\/sites\\\/4\\\/2019\\\/08\\\/Instagram-y-otras-redes-sociales-ponen-palos-en-las-ruedas.jpg\",\"width\":626,\"height\":364,\"caption\":\"igualdad de g\u00e9nero\"},{\"@type\":\"BreadcrumbList\",\"@id\":\"https:\\\/\\\/super-news.info\\\/es\\\/instagram-y-otras-redes-sociales-ponen-palos-en-las-ruedas-de-la-igualdad-de-genero\\\/#breadcrumb\",\"itemListElement\":[{\"@type\":\"ListItem\",\"position\":1,\"name\":\"\u0413\u043b\u0430\u0432\u043d\u0430\u044f \u0441\u0442\u0440\u0430\u043d\u0438\u0446\u0430\",\"item\":\"https:\\\/\\\/super-news.info\\\/es\\\/\"},{\"@type\":\"ListItem\",\"position\":2,\"name\":\"Instagram y otras redes sociales ponen palos en las ruedas de la igualdad de g\u00e9nero\"}]},{\"@type\":\"WebSite\",\"@id\":\"https:\\\/\\\/super-news.info\\\/es\\\/#website\",\"url\":\"https:\\\/\\\/super-news.info\\\/es\\\/\",\"name\":\"Super News\",\"description\":\"Super News Espa\u00f1a\",\"potentialAction\":[{\"@type\":\"SearchAction\",\"target\":{\"@type\":\"EntryPoint\",\"urlTemplate\":\"https:\\\/\\\/super-news.info\\\/es\\\/?s={search_term_string}\"},\"query-input\":{\"@type\":\"PropertyValueSpecification\",\"valueRequired\":true,\"valueName\":\"search_term_string\"}}],\"inLanguage\":\"en-US\"},{\"@type\":\"Person\",\"@id\":\"https:\\\/\\\/super-news.info\\\/es\\\/#\\\/schema\\\/person\\\/2d4068cb2f39cd10008c2fce578a7356\",\"name\":\"super-news\",\"image\":{\"@type\":\"ImageObject\",\"inLanguage\":\"en-US\",\"@id\":\"https:\\\/\\\/secure.gravatar.com\\\/avatar\\\/64ebac40b93f26a154f8a9b5b6fdccfc46f442b26b3dd6756dbff3bf9dc76fd7?s=96&d=mm&r=g\",\"url\":\"https:\\\/\\\/secure.gravatar.com\\\/avatar\\\/64ebac40b93f26a154f8a9b5b6fdccfc46f442b26b3dd6756dbff3bf9dc76fd7?s=96&d=mm&r=g\",\"contentUrl\":\"https:\\\/\\\/secure.gravatar.com\\\/avatar\\\/64ebac40b93f26a154f8a9b5b6fdccfc46f442b26b3dd6756dbff3bf9dc76fd7?s=96&d=mm&r=g\",\"caption\":\"super-news\"},\"url\":\"https:\\\/\\\/super-news.info\\\/es\\\/author\\\/pt\\\/\"}]}<\/script>\n<!-- \/ Yoast SEO plugin. -->","yoast_head_json":{"title":"Instagram y otras redes sociales ponen palos en las ruedas de la igualdad de g\u00e9nero - Super News","robots":{"index":"index","follow":"follow","max-snippet":"max-snippet:-1","max-image-preview":"max-image-preview:large","max-video-preview":"max-video-preview:-1"},"canonical":"https:\/\/super-news.info\/es\/instagram-y-otras-redes-sociales-ponen-palos-en-las-ruedas-de-la-igualdad-de-genero\/","og_locale":"en_US","og_type":"article","og_title":"Instagram y otras redes sociales ponen palos en las ruedas de la igualdad de g\u00e9nero - Super News","og_description":"[ad_1] Seg\u00fan un reciente informe de la ONG Plan International, Instagram y otras redes sociales tienden a encasillar a hombres y a mujeres en trasnochados estereotipos de g\u00e9nero. Cuanto m\u00e1s intensivo (y rayano es la obsesi\u00f3n) es el uso que las personas hacen de las redes sociales, m\u00e1s predispuestas se sienten \u00e9stas a apalancar sus [&hellip;]","og_url":"https:\/\/super-news.info\/es\/instagram-y-otras-redes-sociales-ponen-palos-en-las-ruedas-de-la-igualdad-de-genero\/","og_site_name":"Super News","article_published_time":"2019-08-23T06:35:51+00:00","article_modified_time":"2019-08-23T06:35:52+00:00","og_image":[{"width":626,"height":364,"url":"https:\/\/super-news.info\/es\/wp-content\/uploads\/sites\/4\/2019\/08\/Instagram-y-otras-redes-sociales-ponen-palos-en-las-ruedas.jpg","type":"image\/jpeg"}],"author":"super-news","twitter_card":"summary_large_image","twitter_misc":{"Written by":"super-news","Est. reading time":"2 minutes"},"schema":{"@context":"https:\/\/schema.org","@graph":[{"@type":"Article","@id":"https:\/\/super-news.info\/es\/instagram-y-otras-redes-sociales-ponen-palos-en-las-ruedas-de-la-igualdad-de-genero\/#article","isPartOf":{"@id":"https:\/\/super-news.info\/es\/instagram-y-otras-redes-sociales-ponen-palos-en-las-ruedas-de-la-igualdad-de-genero\/"},"author":{"name":"super-news","@id":"https:\/\/super-news.info\/es\/#\/schema\/person\/2d4068cb2f39cd10008c2fce578a7356"},"headline":"Instagram y otras redes sociales ponen palos en las ruedas de la igualdad de g\u00e9nero","datePublished":"2019-08-23T06:35:51+00:00","dateModified":"2019-08-23T06:35:52+00:00","mainEntityOfPage":{"@id":"https:\/\/super-news.info\/es\/instagram-y-otras-redes-sociales-ponen-palos-en-las-ruedas-de-la-igualdad-de-genero\/"},"wordCount":472,"commentCount":0,"image":{"@id":"https:\/\/super-news.info\/es\/instagram-y-otras-redes-sociales-ponen-palos-en-las-ruedas-de-la-igualdad-de-genero\/#primaryimage"},"thumbnailUrl":"https:\/\/super-news.info\/es\/wp-content\/uploads\/sites\/4\/2019\/08\/Instagram-y-otras-redes-sociales-ponen-palos-en-las-ruedas.jpg","articleSection":["NOTICIAS DE MARKETING DIGITAL"],"inLanguage":"en-US","potentialAction":[{"@type":"CommentAction","name":"Comment","target":["https:\/\/super-news.info\/es\/instagram-y-otras-redes-sociales-ponen-palos-en-las-ruedas-de-la-igualdad-de-genero\/#respond"]}]},{"@type":"WebPage","@id":"https:\/\/super-news.info\/es\/instagram-y-otras-redes-sociales-ponen-palos-en-las-ruedas-de-la-igualdad-de-genero\/","url":"https:\/\/super-news.info\/es\/instagram-y-otras-redes-sociales-ponen-palos-en-las-ruedas-de-la-igualdad-de-genero\/","name":"Instagram y otras redes sociales ponen palos en las ruedas de la igualdad de g\u00e9nero - Super News","isPartOf":{"@id":"https:\/\/super-news.info\/es\/#website"},"primaryImageOfPage":{"@id":"https:\/\/super-news.info\/es\/instagram-y-otras-redes-sociales-ponen-palos-en-las-ruedas-de-la-igualdad-de-genero\/#primaryimage"},"image":{"@id":"https:\/\/super-news.info\/es\/instagram-y-otras-redes-sociales-ponen-palos-en-las-ruedas-de-la-igualdad-de-genero\/#primaryimage"},"thumbnailUrl":"https:\/\/super-news.info\/es\/wp-content\/uploads\/sites\/4\/2019\/08\/Instagram-y-otras-redes-sociales-ponen-palos-en-las-ruedas.jpg","datePublished":"2019-08-23T06:35:51+00:00","dateModified":"2019-08-23T06:35:52+00:00","author":{"@id":"https:\/\/super-news.info\/es\/#\/schema\/person\/2d4068cb2f39cd10008c2fce578a7356"},"breadcrumb":{"@id":"https:\/\/super-news.info\/es\/instagram-y-otras-redes-sociales-ponen-palos-en-las-ruedas-de-la-igualdad-de-genero\/#breadcrumb"},"inLanguage":"en-US","potentialAction":[{"@type":"ReadAction","target":["https:\/\/super-news.info\/es\/instagram-y-otras-redes-sociales-ponen-palos-en-las-ruedas-de-la-igualdad-de-genero\/"]}]},{"@type":"ImageObject","inLanguage":"en-US","@id":"https:\/\/super-news.info\/es\/instagram-y-otras-redes-sociales-ponen-palos-en-las-ruedas-de-la-igualdad-de-genero\/#primaryimage","url":"https:\/\/super-news.info\/es\/wp-content\/uploads\/sites\/4\/2019\/08\/Instagram-y-otras-redes-sociales-ponen-palos-en-las-ruedas.jpg","contentUrl":"https:\/\/super-news.info\/es\/wp-content\/uploads\/sites\/4\/2019\/08\/Instagram-y-otras-redes-sociales-ponen-palos-en-las-ruedas.jpg","width":626,"height":364,"caption":"igualdad de g\u00e9nero"},{"@type":"BreadcrumbList","@id":"https:\/\/super-news.info\/es\/instagram-y-otras-redes-sociales-ponen-palos-en-las-ruedas-de-la-igualdad-de-genero\/#breadcrumb","itemListElement":[{"@type":"ListItem","position":1,"name":"\u0413\u043b\u0430\u0432\u043d\u0430\u044f \u0441\u0442\u0440\u0430\u043d\u0438\u0446\u0430","item":"https:\/\/super-news.info\/es\/"},{"@type":"ListItem","position":2,"name":"Instagram y otras redes sociales ponen palos en las ruedas de la igualdad de g\u00e9nero"}]},{"@type":"WebSite","@id":"https:\/\/super-news.info\/es\/#website","url":"https:\/\/super-news.info\/es\/","name":"Super News","description":"Super News Espa\u00f1a","potentialAction":[{"@type":"SearchAction","target":{"@type":"EntryPoint","urlTemplate":"https:\/\/super-news.info\/es\/?s={search_term_string}"},"query-input":{"@type":"PropertyValueSpecification","valueRequired":true,"valueName":"search_term_string"}}],"inLanguage":"en-US"},{"@type":"Person","@id":"https:\/\/super-news.info\/es\/#\/schema\/person\/2d4068cb2f39cd10008c2fce578a7356","name":"super-news","image":{"@type":"ImageObject","inLanguage":"en-US","@id":"https:\/\/secure.gravatar.com\/avatar\/64ebac40b93f26a154f8a9b5b6fdccfc46f442b26b3dd6756dbff3bf9dc76fd7?s=96&d=mm&r=g","url":"https:\/\/secure.gravatar.com\/avatar\/64ebac40b93f26a154f8a9b5b6fdccfc46f442b26b3dd6756dbff3bf9dc76fd7?s=96&d=mm&r=g","contentUrl":"https:\/\/secure.gravatar.com\/avatar\/64ebac40b93f26a154f8a9b5b6fdccfc46f442b26b3dd6756dbff3bf9dc76fd7?s=96&d=mm&r=g","caption":"super-news"},"url":"https:\/\/super-news.info\/es\/author\/pt\/"}]}},"_links":{"self":[{"href":"https:\/\/super-news.info\/es\/wp-json\/wp\/v2\/posts\/9363","targetHints":{"allow":["GET"]}}],"collection":[{"href":"https:\/\/super-news.info\/es\/wp-json\/wp\/v2\/posts"}],"about":[{"href":"https:\/\/super-news.info\/es\/wp-json\/wp\/v2\/types\/post"}],"author":[{"embeddable":true,"href":"https:\/\/super-news.info\/es\/wp-json\/wp\/v2\/users\/2"}],"replies":[{"embeddable":true,"href":"https:\/\/super-news.info\/es\/wp-json\/wp\/v2\/comments?post=9363"}],"version-history":[{"count":1,"href":"https:\/\/super-news.info\/es\/wp-json\/wp\/v2\/posts\/9363\/revisions"}],"predecessor-version":[{"id":9365,"href":"https:\/\/super-news.info\/es\/wp-json\/wp\/v2\/posts\/9363\/revisions\/9365"}],"wp:featuredmedia":[{"embeddable":true,"href":"https:\/\/super-news.info\/es\/wp-json\/wp\/v2\/media\/9364"}],"wp:attachment":[{"href":"https:\/\/super-news.info\/es\/wp-json\/wp\/v2\/media?parent=9363"}],"wp:term":[{"taxonomy":"category","embeddable":true,"href":"https:\/\/super-news.info\/es\/wp-json\/wp\/v2\/categories?post=9363"},{"taxonomy":"post_tag","embeddable":true,"href":"https:\/\/super-news.info\/es\/wp-json\/wp\/v2\/tags?post=9363"}],"curies":[{"name":"wp","href":"https:\/\/api.w.org\/{rel}","templated":true}]}}