{"id":9357,"date":"2019-08-23T06:36:20","date_gmt":"2019-08-23T03:36:20","guid":{"rendered":"https:\/\/super-news.info\/es\/nace-el-createfulness-la-nueva-campana-de-verano-de-adobe-creada-para-el-mercado-europeo\/"},"modified":"2019-08-23T06:36:21","modified_gmt":"2019-08-23T03:36:21","slug":"nace-el-createfulness-la-nueva-campana-de-verano-de-adobe-creada-para-el-mercado-europeo","status":"publish","type":"post","link":"https:\/\/super-news.info\/es\/nace-el-createfulness-la-nueva-campana-de-verano-de-adobe-creada-para-el-mercado-europeo\/","title":{"rendered":"Nace el Createfulness, la nueva campa\u00f1a de verano de Adobe creada para el mercado europeo"},"content":{"rendered":"<p> [ad_1]<br \/>\n<\/p>\n<div id=\"textoNoticia\">\n<p class=\"excerpt-single\">DR desarroll\u00f3 un concepto original que ahora se puede ver en toda Europa y cuenta con colaboraciones con los mejores dise\u00f1adores e influencers del momento<\/p>\n<\/p>\n<p>Mientras que el verano suele significar bajar el ritmo de trabajo en muchas agencias creativas, DR Digital Agency ha estado calentando motores con el <strong>reciente lanzamiento de la campa\u00f1a de verano Createfulness de Adobe<\/strong>. Mostrando las fortalezas creativas de la agencia, desarrollaron el concepto Createfulness, un nuevo t\u00e9rmino que no encontrar\u00e9is en el diccionario de momento, pero que llevar\u00e1 a los usuarios de Adobe a ser plenamente conscientes de su creatividad para mantenerla en equilibrio y presente cuando m\u00e1s se necesita.<\/p>\n<p>Habiendo colaborado con Adobe desde 2015, DR Digital Agency utiliza su experiencia en marketing y dise\u00f1o para comprender realmente la comunidad creativa de Adobe. Inspirados por la idea de inspirar a los creativos a practicar la atenci\u00f3n y la sostenibilidad creativa, <strong>crearon una palabra propia &#8211; Createfulness &#8211; para expresar mejor este concepto<\/strong>. Al llevar a los creativos a trav\u00e9s de tres etapas con t\u00e9cnicas y consejos para mantenerse creativos, esta campa\u00f1a es un viaje para renovarse, crear e ir m\u00e1s all\u00e1 utilizando elementos del pasado, inspir\u00e1ndose con los creativos top del momento y descubriendo las \u00faltimas herramientas de Adobe.<\/p>\n<p>DR Digital Agency ha colaborado con diversos creativos de distintos rincones del planeta para dar vida a la campa\u00f1a entre ellos: la ilustradora francesa Ma\u00eft\u00e9 Franchi, el reconocido estudio barcelon\u00e9s Vasava, el estudio parisino Akatre Studio y el dise\u00f1ador e influencer brit\u00e1nico Oliur Rahman. Uno de los aspectos m\u00e1s interesantes de esta campa\u00f1a es la <strong>colaboraci\u00f3n con el dise\u00f1ador berlin\u00e9s Erik Spiekermann y el Museo Tipoteca de Italia<\/strong>, desenterrando elementos vintage de los tiempos dorados de la imprenta para invitar a los creativos a &#8220;crear&#8221; de nuevas y excitantes maneras.<\/p>\n<p>Como en todas las campa\u00f1as que la agencia ha realizado para Adobe, incluido el Festival OFFF de la pasada primavera, el equipo de DR se esfuerza por trabajar innovando con una marca que ayuda a los creativos a crear el futuro del dise\u00f1o.<\/p>\n<p>Nota de prensa<\/p>\n<p class=\"link-telegram\">\n\t\t\t\t\t\t\t\t\t\t\tNo te pierdas nada de MarketingDirecto.com y \u00fanete a nuestro Telegram t.me\/MarketingDirecto\n\t\t\t\t\t\t\t\t\t\t<\/p>\n<\/p><\/div>\n<p><script>(function(d, s, id) {\n  var js, fjs = d.getElementsByTagName(s)[0];\n  if (d.getElementById(id)) return;\n  js = d.createElement(s); js.id = id;\n  js.src = \"http:\/\/connect.facebook.net\/es_LA\/sdk.js#xfbml=1&appId=408746052611679&version=v2.3\";\n  fjs.parentNode.insertBefore(js, fjs);\n}(document, 'script', 'facebook-jssdk'));<\/script><br \/>\n<br \/>[ad_2]<br \/>\n<br \/><a href=\"https:\/\/www.marketingdirecto.com\/marketing-general\/agencias\/nace-el-createfulness-la-nueva-campana-de-verano-de-adobe-creada-para-el-mercado-europeo\">Source link <\/a><\/p>\n","protected":false},"excerpt":{"rendered":"<p>[ad_1] DR desarroll\u00f3 un concepto original que ahora se puede ver en toda Europa y cuenta con colaboraciones con los mejores dise\u00f1adores e influencers del momento Mientras que el verano suele significar bajar el ritmo de trabajo en muchas agencias creativas, DR Digital Agency ha estado calentando motores con el reciente lanzamiento de la campa\u00f1a [&hellip;]<\/p>\n","protected":false},"author":2,"featured_media":9358,"comment_status":"open","ping_status":"open","sticky":false,"template":"","format":"standard","meta":{"footnotes":""},"categories":[2],"tags":[],"class_list":["post-9357","post","type-post","status-publish","format-standard","has-post-thumbnail","hentry","category-noticias-de-marketing-digital"],"yoast_head":"<!-- This site is optimized with the Yoast SEO plugin v27.4 - https:\/\/yoast.com\/product\/yoast-seo-wordpress\/ -->\n<title>Nace el Createfulness, la nueva campa\u00f1a de verano de Adobe creada para el mercado europeo - Super News<\/title>\n<meta name=\"robots\" content=\"index, follow, max-snippet:-1, max-image-preview:large, max-video-preview:-1\" \/>\n<link rel=\"canonical\" href=\"https:\/\/super-news.info\/es\/nace-el-createfulness-la-nueva-campana-de-verano-de-adobe-creada-para-el-mercado-europeo\/\" \/>\n<meta property=\"og:locale\" content=\"en_US\" \/>\n<meta property=\"og:type\" content=\"article\" \/>\n<meta property=\"og:title\" content=\"Nace el Createfulness, la nueva campa\u00f1a de verano de Adobe creada para el mercado europeo - Super News\" \/>\n<meta property=\"og:description\" content=\"[ad_1] DR desarroll\u00f3 un concepto original que ahora se puede ver en toda Europa y cuenta con colaboraciones con los mejores dise\u00f1adores e influencers del momento Mientras que el verano suele significar bajar el ritmo de trabajo en muchas agencias creativas, DR Digital Agency ha estado calentando motores con el reciente lanzamiento de la campa\u00f1a [&hellip;]\" \/>\n<meta property=\"og:url\" content=\"https:\/\/super-news.info\/es\/nace-el-createfulness-la-nueva-campana-de-verano-de-adobe-creada-para-el-mercado-europeo\/\" \/>\n<meta property=\"og:site_name\" content=\"Super News\" \/>\n<meta property=\"article:published_time\" content=\"2019-08-23T03:36:20+00:00\" \/>\n<meta property=\"article:modified_time\" content=\"2019-08-23T03:36:21+00:00\" \/>\n<meta property=\"og:image\" content=\"https:\/\/super-news.info\/es\/wp-content\/uploads\/sites\/4\/2019\/08\/Nace-el-Createfulness-la-nueva-campa-a-de-verano-de-Adobe.jpg\" \/>\n\t<meta property=\"og:image:width\" content=\"626\" \/>\n\t<meta property=\"og:image:height\" content=\"364\" \/>\n\t<meta property=\"og:image:type\" content=\"image\/jpeg\" \/>\n<meta name=\"author\" content=\"super-news\" \/>\n<meta name=\"twitter:card\" content=\"summary_large_image\" \/>\n<meta name=\"twitter:label1\" content=\"Written by\" \/>\n\t<meta name=\"twitter:data1\" content=\"super-news\" \/>\n\t<meta name=\"twitter:label2\" content=\"Est. reading time\" \/>\n\t<meta name=\"twitter:data2\" content=\"2 minutes\" \/>\n<script type=\"application\/ld+json\" class=\"yoast-schema-graph\">{\"@context\":\"https:\\\/\\\/schema.org\",\"@graph\":[{\"@type\":\"Article\",\"@id\":\"https:\\\/\\\/super-news.info\\\/es\\\/nace-el-createfulness-la-nueva-campana-de-verano-de-adobe-creada-para-el-mercado-europeo\\\/#article\",\"isPartOf\":{\"@id\":\"https:\\\/\\\/super-news.info\\\/es\\\/nace-el-createfulness-la-nueva-campana-de-verano-de-adobe-creada-para-el-mercado-europeo\\\/\"},\"author\":{\"name\":\"super-news\",\"@id\":\"https:\\\/\\\/super-news.info\\\/es\\\/#\\\/schema\\\/person\\\/2d4068cb2f39cd10008c2fce578a7356\"},\"headline\":\"Nace el Createfulness, la nueva campa\u00f1a de verano de Adobe creada para el mercado europeo\",\"datePublished\":\"2019-08-23T03:36:20+00:00\",\"dateModified\":\"2019-08-23T03:36:21+00:00\",\"mainEntityOfPage\":{\"@id\":\"https:\\\/\\\/super-news.info\\\/es\\\/nace-el-createfulness-la-nueva-campana-de-verano-de-adobe-creada-para-el-mercado-europeo\\\/\"},\"wordCount\":400,\"commentCount\":0,\"image\":{\"@id\":\"https:\\\/\\\/super-news.info\\\/es\\\/nace-el-createfulness-la-nueva-campana-de-verano-de-adobe-creada-para-el-mercado-europeo\\\/#primaryimage\"},\"thumbnailUrl\":\"https:\\\/\\\/super-news.info\\\/es\\\/wp-content\\\/uploads\\\/sites\\\/4\\\/2019\\\/08\\\/Nace-el-Createfulness-la-nueva-campa-a-de-verano-de-Adobe.jpg\",\"articleSection\":[\"NOTICIAS DE MARKETING DIGITAL\"],\"inLanguage\":\"en-US\",\"potentialAction\":[{\"@type\":\"CommentAction\",\"name\":\"Comment\",\"target\":[\"https:\\\/\\\/super-news.info\\\/es\\\/nace-el-createfulness-la-nueva-campana-de-verano-de-adobe-creada-para-el-mercado-europeo\\\/#respond\"]}]},{\"@type\":\"WebPage\",\"@id\":\"https:\\\/\\\/super-news.info\\\/es\\\/nace-el-createfulness-la-nueva-campana-de-verano-de-adobe-creada-para-el-mercado-europeo\\\/\",\"url\":\"https:\\\/\\\/super-news.info\\\/es\\\/nace-el-createfulness-la-nueva-campana-de-verano-de-adobe-creada-para-el-mercado-europeo\\\/\",\"name\":\"Nace el Createfulness, la nueva campa\u00f1a de verano de Adobe creada para el mercado europeo - Super News\",\"isPartOf\":{\"@id\":\"https:\\\/\\\/super-news.info\\\/es\\\/#website\"},\"primaryImageOfPage\":{\"@id\":\"https:\\\/\\\/super-news.info\\\/es\\\/nace-el-createfulness-la-nueva-campana-de-verano-de-adobe-creada-para-el-mercado-europeo\\\/#primaryimage\"},\"image\":{\"@id\":\"https:\\\/\\\/super-news.info\\\/es\\\/nace-el-createfulness-la-nueva-campana-de-verano-de-adobe-creada-para-el-mercado-europeo\\\/#primaryimage\"},\"thumbnailUrl\":\"https:\\\/\\\/super-news.info\\\/es\\\/wp-content\\\/uploads\\\/sites\\\/4\\\/2019\\\/08\\\/Nace-el-Createfulness-la-nueva-campa-a-de-verano-de-Adobe.jpg\",\"datePublished\":\"2019-08-23T03:36:20+00:00\",\"dateModified\":\"2019-08-23T03:36:21+00:00\",\"author\":{\"@id\":\"https:\\\/\\\/super-news.info\\\/es\\\/#\\\/schema\\\/person\\\/2d4068cb2f39cd10008c2fce578a7356\"},\"breadcrumb\":{\"@id\":\"https:\\\/\\\/super-news.info\\\/es\\\/nace-el-createfulness-la-nueva-campana-de-verano-de-adobe-creada-para-el-mercado-europeo\\\/#breadcrumb\"},\"inLanguage\":\"en-US\",\"potentialAction\":[{\"@type\":\"ReadAction\",\"target\":[\"https:\\\/\\\/super-news.info\\\/es\\\/nace-el-createfulness-la-nueva-campana-de-verano-de-adobe-creada-para-el-mercado-europeo\\\/\"]}]},{\"@type\":\"ImageObject\",\"inLanguage\":\"en-US\",\"@id\":\"https:\\\/\\\/super-news.info\\\/es\\\/nace-el-createfulness-la-nueva-campana-de-verano-de-adobe-creada-para-el-mercado-europeo\\\/#primaryimage\",\"url\":\"https:\\\/\\\/super-news.info\\\/es\\\/wp-content\\\/uploads\\\/sites\\\/4\\\/2019\\\/08\\\/Nace-el-Createfulness-la-nueva-campa-a-de-verano-de-Adobe.jpg\",\"contentUrl\":\"https:\\\/\\\/super-news.info\\\/es\\\/wp-content\\\/uploads\\\/sites\\\/4\\\/2019\\\/08\\\/Nace-el-Createfulness-la-nueva-campa-a-de-verano-de-Adobe.jpg\",\"width\":626,\"height\":364,\"caption\":\"Createfulness\"},{\"@type\":\"BreadcrumbList\",\"@id\":\"https:\\\/\\\/super-news.info\\\/es\\\/nace-el-createfulness-la-nueva-campana-de-verano-de-adobe-creada-para-el-mercado-europeo\\\/#breadcrumb\",\"itemListElement\":[{\"@type\":\"ListItem\",\"position\":1,\"name\":\"\u0413\u043b\u0430\u0432\u043d\u0430\u044f \u0441\u0442\u0440\u0430\u043d\u0438\u0446\u0430\",\"item\":\"https:\\\/\\\/super-news.info\\\/es\\\/\"},{\"@type\":\"ListItem\",\"position\":2,\"name\":\"Nace el Createfulness, la nueva campa\u00f1a de verano de Adobe creada para el mercado europeo\"}]},{\"@type\":\"WebSite\",\"@id\":\"https:\\\/\\\/super-news.info\\\/es\\\/#website\",\"url\":\"https:\\\/\\\/super-news.info\\\/es\\\/\",\"name\":\"Super News\",\"description\":\"Super News Espa\u00f1a\",\"potentialAction\":[{\"@type\":\"SearchAction\",\"target\":{\"@type\":\"EntryPoint\",\"urlTemplate\":\"https:\\\/\\\/super-news.info\\\/es\\\/?s={search_term_string}\"},\"query-input\":{\"@type\":\"PropertyValueSpecification\",\"valueRequired\":true,\"valueName\":\"search_term_string\"}}],\"inLanguage\":\"en-US\"},{\"@type\":\"Person\",\"@id\":\"https:\\\/\\\/super-news.info\\\/es\\\/#\\\/schema\\\/person\\\/2d4068cb2f39cd10008c2fce578a7356\",\"name\":\"super-news\",\"image\":{\"@type\":\"ImageObject\",\"inLanguage\":\"en-US\",\"@id\":\"https:\\\/\\\/secure.gravatar.com\\\/avatar\\\/64ebac40b93f26a154f8a9b5b6fdccfc46f442b26b3dd6756dbff3bf9dc76fd7?s=96&d=mm&r=g\",\"url\":\"https:\\\/\\\/secure.gravatar.com\\\/avatar\\\/64ebac40b93f26a154f8a9b5b6fdccfc46f442b26b3dd6756dbff3bf9dc76fd7?s=96&d=mm&r=g\",\"contentUrl\":\"https:\\\/\\\/secure.gravatar.com\\\/avatar\\\/64ebac40b93f26a154f8a9b5b6fdccfc46f442b26b3dd6756dbff3bf9dc76fd7?s=96&d=mm&r=g\",\"caption\":\"super-news\"},\"url\":\"https:\\\/\\\/super-news.info\\\/es\\\/author\\\/pt\\\/\"}]}<\/script>\n<!-- \/ Yoast SEO plugin. -->","yoast_head_json":{"title":"Nace el Createfulness, la nueva campa\u00f1a de verano de Adobe creada para el mercado europeo - Super News","robots":{"index":"index","follow":"follow","max-snippet":"max-snippet:-1","max-image-preview":"max-image-preview:large","max-video-preview":"max-video-preview:-1"},"canonical":"https:\/\/super-news.info\/es\/nace-el-createfulness-la-nueva-campana-de-verano-de-adobe-creada-para-el-mercado-europeo\/","og_locale":"en_US","og_type":"article","og_title":"Nace el Createfulness, la nueva campa\u00f1a de verano de Adobe creada para el mercado europeo - Super News","og_description":"[ad_1] DR desarroll\u00f3 un concepto original que ahora se puede ver en toda Europa y cuenta con colaboraciones con los mejores dise\u00f1adores e influencers del momento Mientras que el verano suele significar bajar el ritmo de trabajo en muchas agencias creativas, DR Digital Agency ha estado calentando motores con el reciente lanzamiento de la campa\u00f1a [&hellip;]","og_url":"https:\/\/super-news.info\/es\/nace-el-createfulness-la-nueva-campana-de-verano-de-adobe-creada-para-el-mercado-europeo\/","og_site_name":"Super News","article_published_time":"2019-08-23T03:36:20+00:00","article_modified_time":"2019-08-23T03:36:21+00:00","og_image":[{"width":626,"height":364,"url":"https:\/\/super-news.info\/es\/wp-content\/uploads\/sites\/4\/2019\/08\/Nace-el-Createfulness-la-nueva-campa-a-de-verano-de-Adobe.jpg","type":"image\/jpeg"}],"author":"super-news","twitter_card":"summary_large_image","twitter_misc":{"Written by":"super-news","Est. reading time":"2 minutes"},"schema":{"@context":"https:\/\/schema.org","@graph":[{"@type":"Article","@id":"https:\/\/super-news.info\/es\/nace-el-createfulness-la-nueva-campana-de-verano-de-adobe-creada-para-el-mercado-europeo\/#article","isPartOf":{"@id":"https:\/\/super-news.info\/es\/nace-el-createfulness-la-nueva-campana-de-verano-de-adobe-creada-para-el-mercado-europeo\/"},"author":{"name":"super-news","@id":"https:\/\/super-news.info\/es\/#\/schema\/person\/2d4068cb2f39cd10008c2fce578a7356"},"headline":"Nace el Createfulness, la nueva campa\u00f1a de verano de Adobe creada para el mercado europeo","datePublished":"2019-08-23T03:36:20+00:00","dateModified":"2019-08-23T03:36:21+00:00","mainEntityOfPage":{"@id":"https:\/\/super-news.info\/es\/nace-el-createfulness-la-nueva-campana-de-verano-de-adobe-creada-para-el-mercado-europeo\/"},"wordCount":400,"commentCount":0,"image":{"@id":"https:\/\/super-news.info\/es\/nace-el-createfulness-la-nueva-campana-de-verano-de-adobe-creada-para-el-mercado-europeo\/#primaryimage"},"thumbnailUrl":"https:\/\/super-news.info\/es\/wp-content\/uploads\/sites\/4\/2019\/08\/Nace-el-Createfulness-la-nueva-campa-a-de-verano-de-Adobe.jpg","articleSection":["NOTICIAS DE MARKETING DIGITAL"],"inLanguage":"en-US","potentialAction":[{"@type":"CommentAction","name":"Comment","target":["https:\/\/super-news.info\/es\/nace-el-createfulness-la-nueva-campana-de-verano-de-adobe-creada-para-el-mercado-europeo\/#respond"]}]},{"@type":"WebPage","@id":"https:\/\/super-news.info\/es\/nace-el-createfulness-la-nueva-campana-de-verano-de-adobe-creada-para-el-mercado-europeo\/","url":"https:\/\/super-news.info\/es\/nace-el-createfulness-la-nueva-campana-de-verano-de-adobe-creada-para-el-mercado-europeo\/","name":"Nace el Createfulness, la nueva campa\u00f1a de verano de Adobe creada para el mercado europeo - Super News","isPartOf":{"@id":"https:\/\/super-news.info\/es\/#website"},"primaryImageOfPage":{"@id":"https:\/\/super-news.info\/es\/nace-el-createfulness-la-nueva-campana-de-verano-de-adobe-creada-para-el-mercado-europeo\/#primaryimage"},"image":{"@id":"https:\/\/super-news.info\/es\/nace-el-createfulness-la-nueva-campana-de-verano-de-adobe-creada-para-el-mercado-europeo\/#primaryimage"},"thumbnailUrl":"https:\/\/super-news.info\/es\/wp-content\/uploads\/sites\/4\/2019\/08\/Nace-el-Createfulness-la-nueva-campa-a-de-verano-de-Adobe.jpg","datePublished":"2019-08-23T03:36:20+00:00","dateModified":"2019-08-23T03:36:21+00:00","author":{"@id":"https:\/\/super-news.info\/es\/#\/schema\/person\/2d4068cb2f39cd10008c2fce578a7356"},"breadcrumb":{"@id":"https:\/\/super-news.info\/es\/nace-el-createfulness-la-nueva-campana-de-verano-de-adobe-creada-para-el-mercado-europeo\/#breadcrumb"},"inLanguage":"en-US","potentialAction":[{"@type":"ReadAction","target":["https:\/\/super-news.info\/es\/nace-el-createfulness-la-nueva-campana-de-verano-de-adobe-creada-para-el-mercado-europeo\/"]}]},{"@type":"ImageObject","inLanguage":"en-US","@id":"https:\/\/super-news.info\/es\/nace-el-createfulness-la-nueva-campana-de-verano-de-adobe-creada-para-el-mercado-europeo\/#primaryimage","url":"https:\/\/super-news.info\/es\/wp-content\/uploads\/sites\/4\/2019\/08\/Nace-el-Createfulness-la-nueva-campa-a-de-verano-de-Adobe.jpg","contentUrl":"https:\/\/super-news.info\/es\/wp-content\/uploads\/sites\/4\/2019\/08\/Nace-el-Createfulness-la-nueva-campa-a-de-verano-de-Adobe.jpg","width":626,"height":364,"caption":"Createfulness"},{"@type":"BreadcrumbList","@id":"https:\/\/super-news.info\/es\/nace-el-createfulness-la-nueva-campana-de-verano-de-adobe-creada-para-el-mercado-europeo\/#breadcrumb","itemListElement":[{"@type":"ListItem","position":1,"name":"\u0413\u043b\u0430\u0432\u043d\u0430\u044f \u0441\u0442\u0440\u0430\u043d\u0438\u0446\u0430","item":"https:\/\/super-news.info\/es\/"},{"@type":"ListItem","position":2,"name":"Nace el Createfulness, la nueva campa\u00f1a de verano de Adobe creada para el mercado europeo"}]},{"@type":"WebSite","@id":"https:\/\/super-news.info\/es\/#website","url":"https:\/\/super-news.info\/es\/","name":"Super News","description":"Super News Espa\u00f1a","potentialAction":[{"@type":"SearchAction","target":{"@type":"EntryPoint","urlTemplate":"https:\/\/super-news.info\/es\/?s={search_term_string}"},"query-input":{"@type":"PropertyValueSpecification","valueRequired":true,"valueName":"search_term_string"}}],"inLanguage":"en-US"},{"@type":"Person","@id":"https:\/\/super-news.info\/es\/#\/schema\/person\/2d4068cb2f39cd10008c2fce578a7356","name":"super-news","image":{"@type":"ImageObject","inLanguage":"en-US","@id":"https:\/\/secure.gravatar.com\/avatar\/64ebac40b93f26a154f8a9b5b6fdccfc46f442b26b3dd6756dbff3bf9dc76fd7?s=96&d=mm&r=g","url":"https:\/\/secure.gravatar.com\/avatar\/64ebac40b93f26a154f8a9b5b6fdccfc46f442b26b3dd6756dbff3bf9dc76fd7?s=96&d=mm&r=g","contentUrl":"https:\/\/secure.gravatar.com\/avatar\/64ebac40b93f26a154f8a9b5b6fdccfc46f442b26b3dd6756dbff3bf9dc76fd7?s=96&d=mm&r=g","caption":"super-news"},"url":"https:\/\/super-news.info\/es\/author\/pt\/"}]}},"_links":{"self":[{"href":"https:\/\/super-news.info\/es\/wp-json\/wp\/v2\/posts\/9357","targetHints":{"allow":["GET"]}}],"collection":[{"href":"https:\/\/super-news.info\/es\/wp-json\/wp\/v2\/posts"}],"about":[{"href":"https:\/\/super-news.info\/es\/wp-json\/wp\/v2\/types\/post"}],"author":[{"embeddable":true,"href":"https:\/\/super-news.info\/es\/wp-json\/wp\/v2\/users\/2"}],"replies":[{"embeddable":true,"href":"https:\/\/super-news.info\/es\/wp-json\/wp\/v2\/comments?post=9357"}],"version-history":[{"count":1,"href":"https:\/\/super-news.info\/es\/wp-json\/wp\/v2\/posts\/9357\/revisions"}],"predecessor-version":[{"id":9359,"href":"https:\/\/super-news.info\/es\/wp-json\/wp\/v2\/posts\/9357\/revisions\/9359"}],"wp:featuredmedia":[{"embeddable":true,"href":"https:\/\/super-news.info\/es\/wp-json\/wp\/v2\/media\/9358"}],"wp:attachment":[{"href":"https:\/\/super-news.info\/es\/wp-json\/wp\/v2\/media?parent=9357"}],"wp:term":[{"taxonomy":"category","embeddable":true,"href":"https:\/\/super-news.info\/es\/wp-json\/wp\/v2\/categories?post=9357"},{"taxonomy":"post_tag","embeddable":true,"href":"https:\/\/super-news.info\/es\/wp-json\/wp\/v2\/tags?post=9357"}],"curies":[{"name":"wp","href":"https:\/\/api.w.org\/{rel}","templated":true}]}}