{"id":9240,"date":"2019-08-21T18:18:44","date_gmt":"2019-08-21T15:18:44","guid":{"rendered":"https:\/\/super-news.info\/es\/vans-ensalza-el-espiritu-de-la-cultura-punk-con-su-nueva-campana\/"},"modified":"2019-08-21T18:18:45","modified_gmt":"2019-08-21T15:18:45","slug":"vans-ensalza-el-espiritu-de-la-cultura-punk-con-su-nueva-campana","status":"publish","type":"post","link":"https:\/\/super-news.info\/es\/vans-ensalza-el-espiritu-de-la-cultura-punk-con-su-nueva-campana\/","title":{"rendered":"Vans ensalza el esp\u00edritu de la cultura punk con su nueva campa\u00f1a"},"content":{"rendered":"<p> [ad_1]<br \/>\n<\/p>\n<div id=\"textoNoticia\">\n<p class=\"excerpt-single\">Para ello, contar\u00e1 con la colaboraci\u00f3n de artistas globales representantes de esta cultura, y adem\u00e1s organizar\u00e1 eventos art\u00edsticos y culturales a nivel mundial para reforzar la campa\u00f1a<\/p>\n<\/p>\n<p>La marca de calzado Vans se aventur\u00f3 en la cultura naciente del <strong>hardcore<\/strong> y el <strong>punk<\/strong>, y en su <strong>filosof\u00eda DIY (Do It Yourself)<\/strong> all\u00e1 por <strong>1966<\/strong>, y ya en la d\u00e9cada de los <strong>70<\/strong> abraz\u00f3 por completo la <strong>cultura skate<\/strong> que har\u00eda a la compa\u00f1\u00eda famosa a nivel mundial. Por eso, ahora est\u00e1 promocionando a aquellas personas que tambi\u00e9n han adoptado la naturaleza salvaje y sin complejos del DIY en su \u00faltima campa\u00f1a llamada \u201c<strong>Spirit of DIY<\/strong>\u201d.<\/p>\n<p>\n\t\t\t\t<iframe loading=\"lazy\" src=\"http:\/\/www.youtube.com\/embed\/ov8ZszV7LOo?enablejsapi=1&amp;version=3&amp;rel=0&amp;showinfo=0&amp;controls=0\" id=\"iframePlayer\" width=\"940\" height=\"529\" frameborder=\"0\" webkitallowfullscreen=\"\" mozallowfullscreen=\"\" allowfullscreen=\"\"><\/iframe>\n\t\t\t<\/p>\n<p>Si no visualiza correctamente el v\u00eddeo embedded, haga clic aqu\u00ed.<\/p>\n<p>El <strong>movimiento punk<\/strong> naci\u00f3 a <strong>finales de los a\u00f1os 70<\/strong> y vi\u00f3 crecer a toda una <strong>comunidad global de artistas, m\u00fasicos y fans<\/strong> que a d\u00eda de hoy contin\u00faa fiel a la <strong>\u00e9tica DIY<\/strong>. A trav\u00e9s de esta, los artistas y dem\u00e1s personajes tomaban las riendas de su <strong>creatividad<\/strong> <strong>para poder expresar sus sentimientos<\/strong> gracias al arte y la m\u00fasica. Por ello, ahora Vans celebra y conmemora con \u201c<strong>Spirit of DIY<\/strong>\u201d a estos artistas y creadores.<\/p>\n<p><img loading=\"lazy\" decoding=\"async\" class=\"aligncenter size-full wp-image-505230\" src=\"https:\/\/super-news.info\/es\/wp-content\/uploads\/sites\/4\/2019\/08\/1566400724_808_Vans-ensalza-el-espiritu-de-la-cultura-punk-con-su.jpeg\" alt=\"artistas-punk-vans\" width=\"626\" height=\"417\"\/><\/p>\n<p>Esta campa\u00f1a consta de varios v\u00eddeos en los que diferentes artistas de la escena punk internacional aparecen <strong>creando<\/strong>, <strong>jugando<\/strong>, <strong>comprometidos<\/strong> y <strong>construyendo su comunidad<\/strong> mediante la creatividad. Para ello, ha contado con la colaboraci\u00f3n de artistas como la banda <strong>Culture Abuse<\/strong>, asentada en California, el brasile\u00f1o <strong>Eduardo Andrade (Revolback)<\/strong>, la <strong>Skate Society Soweto<\/strong> de Sud\u00e1frica o el colectivo <strong>Diders<\/strong> en China.<\/p>\n<p>\n\t\t\t\t<iframe loading=\"lazy\" src=\"http:\/\/www.youtube.com\/embed\/hELEdWrcP5A?enablejsapi=1&amp;version=3&amp;rel=0&amp;showinfo=0&amp;controls=0\" id=\"iframePlayer\" width=\"940\" height=\"529\" frameborder=\"0\" webkitallowfullscreen=\"\" mozallowfullscreen=\"\" allowfullscreen=\"\"><\/iframe>\n\t\t\t<\/p>\n<p>Si no visualiza correctamente el v\u00eddeo embedded, haga clic aqu\u00ed.<\/p>\n<p>\u201cLa campa\u00f1a habla por la <strong>idea universal de la expresi\u00f3n creativa<\/strong>, y muestra como se manifiesta alrededor del mundo <strong>gracias a la familia Vans<\/strong>\u201d afirma <strong>Jamie Reilly,<\/strong> Vicepresidente Creativo de Vans. \u201cSkate Society Soweto, The Diders, Revolback, y Culture Abuse <strong>representan el verdadero significado de DIY<\/strong> (hazlo t\u00fa mismo) ya que ellos construyen su propia comunidad y su propia escena art\u00edstica\u201d comenta Reilly. Para finalizar, a\u00f1ade que \u201c<strong>nos llena de orgullo y honor darles la oportunidad de contar sus historias<\/strong>\u201d.<\/p>\n<p><img loading=\"lazy\" decoding=\"async\" class=\"aligncenter size-full wp-image-505232\" src=\"https:\/\/super-news.info\/es\/wp-content\/uploads\/sites\/4\/2019\/08\/1566400724_233_Vans-ensalza-el-espiritu-de-la-cultura-punk-con-su.jpeg\" alt=\"\" width=\"626\" height=\"432\"\/><\/p>\n<p>Con la idea en mente de facilitar a\u00fan m\u00e1s estas iniciativas creativas, <strong>Vans organizar\u00e1 a nivel mundial actividades y talleres DIY<\/strong>. Estos proyectos no s\u00f3lo servir\u00e1n para conmemorar a estos m\u00fasicos y artistas alineados desde el principio con este movimiento. Tambi\u00e9n servir\u00e1 para invitar a los reci\u00e9n llegados a aportar su manera especial de expresarse y mostrarla al mundo entero.<\/p>\n<p>\n\t\t\t\t<iframe loading=\"lazy\" src=\"http:\/\/www.youtube.com\/embed\/vxyT7mJsJNU?enablejsapi=1&amp;version=3&amp;rel=0&amp;showinfo=0&amp;controls=0\" id=\"iframePlayer\" width=\"940\" height=\"529\" frameborder=\"0\" webkitallowfullscreen=\"\" mozallowfullscreen=\"\" allowfullscreen=\"\"><\/iframe>\n\t\t\t<\/p>\n<p>Si no visualiza correctamente el v\u00eddeo embedded, haga clic aqu\u00ed.<\/p>\n<p>A trav\u00e9s de la <strong>House of Vans<\/strong> y de otras iniciativas locales, estas actividades DIY ser\u00e1n exclusivas de cada localizaci\u00f3n donde se realicen. Contar\u00e1n, adem\u00e1s, con artistas que llevan toda la vida ligados al punk, y con aquellos que mejor lo representan en la actualidad. Por otro lado, Vans ir\u00e1 celebrando eventos pasajeros <strong>de aqu\u00ed a finales de septiembre<\/strong> en tres continentes distintos, \u00c1frica, Europa y Am\u00e9rica.<\/p>\n<p>\n\t\t\t\t<iframe loading=\"lazy\" src=\"http:\/\/www.youtube.com\/embed\/7oW42NWVsi8?enablejsapi=1&amp;version=3&amp;rel=0&amp;showinfo=0&amp;controls=0\" id=\"iframePlayer\" width=\"940\" height=\"529\" frameborder=\"0\" webkitallowfullscreen=\"\" mozallowfullscreen=\"\" allowfullscreen=\"\"><\/iframe>\n\t\t\t<\/p>\n<p>Si no visualiza correctamente el v\u00eddeo embedded, haga clic aqu\u00ed.<\/p>\n<p>\n\t\t\t\t<iframe loading=\"lazy\" src=\"http:\/\/www.youtube.com\/embed\/2cA7d-SgCO4?enablejsapi=1&amp;version=3&amp;rel=0&amp;showinfo=0&amp;controls=0\" id=\"iframePlayer\" width=\"940\" height=\"529\" frameborder=\"0\" webkitallowfullscreen=\"\" mozallowfullscreen=\"\" allowfullscreen=\"\"><\/iframe>\n\t\t\t<\/p>\n<p>Si no visualiza correctamente el v\u00eddeo embedded, haga clic aqu\u00ed.<\/p>\n<p class=\"link-telegram\">\n\t\t\t\t\t\t\t\t\t\t\tNo te pierdas nada de MarketingDirecto.com y \u00fanete a nuestro Telegram t.me\/MarketingDirecto\n\t\t\t\t\t\t\t\t\t\t<\/p>\n<\/p><\/div>\n<p><script>(function(d, s, id) {\n  var js, fjs = d.getElementsByTagName(s)[0];\n  if (d.getElementById(id)) return;\n  js = d.createElement(s); js.id = id;\n  js.src = \"http:\/\/connect.facebook.net\/es_LA\/sdk.js#xfbml=1&appId=408746052611679&version=v2.3\";\n  fjs.parentNode.insertBefore(js, fjs);\n}(document, 'script', 'facebook-jssdk'));<\/script><br \/>\n<br \/>[ad_2]<br \/>\n<br \/><a href=\"https:\/\/www.marketingdirecto.com\/anunciantes-general\/anunciantes\/vans-ensalza-el-espiritu-de-la-cultura-punk-con-su-nueva-campana\">Source link <\/a><\/p>\n","protected":false},"excerpt":{"rendered":"<p>[ad_1] Para ello, contar\u00e1 con la colaboraci\u00f3n de artistas globales representantes de esta cultura, y adem\u00e1s organizar\u00e1 eventos art\u00edsticos y culturales a nivel mundial para reforzar la campa\u00f1a La marca de calzado Vans se aventur\u00f3 en la cultura naciente del hardcore y el punk, y en su filosof\u00eda DIY (Do It Yourself) all\u00e1 por 1966, [&hellip;]<\/p>\n","protected":false},"author":2,"featured_media":9241,"comment_status":"open","ping_status":"open","sticky":false,"template":"","format":"standard","meta":{"footnotes":""},"categories":[2],"tags":[],"class_list":["post-9240","post","type-post","status-publish","format-standard","has-post-thumbnail","hentry","category-noticias-de-marketing-digital"],"yoast_head":"<!-- This site is optimized with the Yoast SEO plugin v27.4 - https:\/\/yoast.com\/product\/yoast-seo-wordpress\/ -->\n<title>Vans ensalza el esp\u00edritu de la cultura punk con su nueva campa\u00f1a - Super News<\/title>\n<meta name=\"robots\" content=\"index, follow, max-snippet:-1, max-image-preview:large, max-video-preview:-1\" \/>\n<link rel=\"canonical\" href=\"https:\/\/super-news.info\/es\/vans-ensalza-el-espiritu-de-la-cultura-punk-con-su-nueva-campana\/\" \/>\n<meta property=\"og:locale\" content=\"en_US\" \/>\n<meta property=\"og:type\" content=\"article\" \/>\n<meta property=\"og:title\" content=\"Vans ensalza el esp\u00edritu de la cultura punk con su nueva campa\u00f1a - Super News\" \/>\n<meta property=\"og:description\" content=\"[ad_1] Para ello, contar\u00e1 con la colaboraci\u00f3n de artistas globales representantes de esta cultura, y adem\u00e1s organizar\u00e1 eventos art\u00edsticos y culturales a nivel mundial para reforzar la campa\u00f1a La marca de calzado Vans se aventur\u00f3 en la cultura naciente del hardcore y el punk, y en su filosof\u00eda DIY (Do It Yourself) all\u00e1 por 1966, [&hellip;]\" \/>\n<meta property=\"og:url\" content=\"https:\/\/super-news.info\/es\/vans-ensalza-el-espiritu-de-la-cultura-punk-con-su-nueva-campana\/\" \/>\n<meta property=\"og:site_name\" content=\"Super News\" \/>\n<meta property=\"article:published_time\" content=\"2019-08-21T15:18:44+00:00\" \/>\n<meta property=\"article:modified_time\" content=\"2019-08-21T15:18:45+00:00\" \/>\n<meta property=\"og:image\" content=\"https:\/\/super-news.info\/es\/wp-content\/uploads\/sites\/4\/2019\/08\/Vans-ensalza-el-esp-ritu-de-la-cultura-punk-con-su.jpeg\" \/>\n\t<meta property=\"og:image:width\" content=\"626\" \/>\n\t<meta property=\"og:image:height\" content=\"364\" \/>\n\t<meta property=\"og:image:type\" content=\"image\/jpeg\" \/>\n<meta name=\"author\" content=\"super-news\" \/>\n<meta name=\"twitter:card\" content=\"summary_large_image\" \/>\n<meta name=\"twitter:label1\" content=\"Written by\" \/>\n\t<meta name=\"twitter:data1\" content=\"super-news\" \/>\n\t<meta name=\"twitter:label2\" content=\"Est. reading time\" \/>\n\t<meta name=\"twitter:data2\" content=\"3 minutes\" \/>\n<script type=\"application\/ld+json\" class=\"yoast-schema-graph\">{\"@context\":\"https:\\\/\\\/schema.org\",\"@graph\":[{\"@type\":\"Article\",\"@id\":\"https:\\\/\\\/super-news.info\\\/es\\\/vans-ensalza-el-espiritu-de-la-cultura-punk-con-su-nueva-campana\\\/#article\",\"isPartOf\":{\"@id\":\"https:\\\/\\\/super-news.info\\\/es\\\/vans-ensalza-el-espiritu-de-la-cultura-punk-con-su-nueva-campana\\\/\"},\"author\":{\"name\":\"super-news\",\"@id\":\"https:\\\/\\\/super-news.info\\\/es\\\/#\\\/schema\\\/person\\\/2d4068cb2f39cd10008c2fce578a7356\"},\"headline\":\"Vans ensalza el esp\u00edritu de la cultura punk con su nueva campa\u00f1a\",\"datePublished\":\"2019-08-21T15:18:44+00:00\",\"dateModified\":\"2019-08-21T15:18:45+00:00\",\"mainEntityOfPage\":{\"@id\":\"https:\\\/\\\/super-news.info\\\/es\\\/vans-ensalza-el-espiritu-de-la-cultura-punk-con-su-nueva-campana\\\/\"},\"wordCount\":573,\"commentCount\":0,\"image\":{\"@id\":\"https:\\\/\\\/super-news.info\\\/es\\\/vans-ensalza-el-espiritu-de-la-cultura-punk-con-su-nueva-campana\\\/#primaryimage\"},\"thumbnailUrl\":\"https:\\\/\\\/super-news.info\\\/es\\\/wp-content\\\/uploads\\\/sites\\\/4\\\/2019\\\/08\\\/Vans-ensalza-el-esp-ritu-de-la-cultura-punk-con-su.jpeg\",\"articleSection\":[\"NOTICIAS DE MARKETING DIGITAL\"],\"inLanguage\":\"en-US\",\"potentialAction\":[{\"@type\":\"CommentAction\",\"name\":\"Comment\",\"target\":[\"https:\\\/\\\/super-news.info\\\/es\\\/vans-ensalza-el-espiritu-de-la-cultura-punk-con-su-nueva-campana\\\/#respond\"]}]},{\"@type\":\"WebPage\",\"@id\":\"https:\\\/\\\/super-news.info\\\/es\\\/vans-ensalza-el-espiritu-de-la-cultura-punk-con-su-nueva-campana\\\/\",\"url\":\"https:\\\/\\\/super-news.info\\\/es\\\/vans-ensalza-el-espiritu-de-la-cultura-punk-con-su-nueva-campana\\\/\",\"name\":\"Vans ensalza el esp\u00edritu de la cultura punk con su nueva campa\u00f1a - Super News\",\"isPartOf\":{\"@id\":\"https:\\\/\\\/super-news.info\\\/es\\\/#website\"},\"primaryImageOfPage\":{\"@id\":\"https:\\\/\\\/super-news.info\\\/es\\\/vans-ensalza-el-espiritu-de-la-cultura-punk-con-su-nueva-campana\\\/#primaryimage\"},\"image\":{\"@id\":\"https:\\\/\\\/super-news.info\\\/es\\\/vans-ensalza-el-espiritu-de-la-cultura-punk-con-su-nueva-campana\\\/#primaryimage\"},\"thumbnailUrl\":\"https:\\\/\\\/super-news.info\\\/es\\\/wp-content\\\/uploads\\\/sites\\\/4\\\/2019\\\/08\\\/Vans-ensalza-el-esp-ritu-de-la-cultura-punk-con-su.jpeg\",\"datePublished\":\"2019-08-21T15:18:44+00:00\",\"dateModified\":\"2019-08-21T15:18:45+00:00\",\"author\":{\"@id\":\"https:\\\/\\\/super-news.info\\\/es\\\/#\\\/schema\\\/person\\\/2d4068cb2f39cd10008c2fce578a7356\"},\"breadcrumb\":{\"@id\":\"https:\\\/\\\/super-news.info\\\/es\\\/vans-ensalza-el-espiritu-de-la-cultura-punk-con-su-nueva-campana\\\/#breadcrumb\"},\"inLanguage\":\"en-US\",\"potentialAction\":[{\"@type\":\"ReadAction\",\"target\":[\"https:\\\/\\\/super-news.info\\\/es\\\/vans-ensalza-el-espiritu-de-la-cultura-punk-con-su-nueva-campana\\\/\"]}]},{\"@type\":\"ImageObject\",\"inLanguage\":\"en-US\",\"@id\":\"https:\\\/\\\/super-news.info\\\/es\\\/vans-ensalza-el-espiritu-de-la-cultura-punk-con-su-nueva-campana\\\/#primaryimage\",\"url\":\"https:\\\/\\\/super-news.info\\\/es\\\/wp-content\\\/uploads\\\/sites\\\/4\\\/2019\\\/08\\\/Vans-ensalza-el-esp-ritu-de-la-cultura-punk-con-su.jpeg\",\"contentUrl\":\"https:\\\/\\\/super-news.info\\\/es\\\/wp-content\\\/uploads\\\/sites\\\/4\\\/2019\\\/08\\\/Vans-ensalza-el-esp-ritu-de-la-cultura-punk-con-su.jpeg\",\"width\":626,\"height\":364,\"caption\":\"Vans-Punk\"},{\"@type\":\"BreadcrumbList\",\"@id\":\"https:\\\/\\\/super-news.info\\\/es\\\/vans-ensalza-el-espiritu-de-la-cultura-punk-con-su-nueva-campana\\\/#breadcrumb\",\"itemListElement\":[{\"@type\":\"ListItem\",\"position\":1,\"name\":\"\u0413\u043b\u0430\u0432\u043d\u0430\u044f \u0441\u0442\u0440\u0430\u043d\u0438\u0446\u0430\",\"item\":\"https:\\\/\\\/super-news.info\\\/es\\\/\"},{\"@type\":\"ListItem\",\"position\":2,\"name\":\"Vans ensalza el esp\u00edritu de la cultura punk con su nueva campa\u00f1a\"}]},{\"@type\":\"WebSite\",\"@id\":\"https:\\\/\\\/super-news.info\\\/es\\\/#website\",\"url\":\"https:\\\/\\\/super-news.info\\\/es\\\/\",\"name\":\"Super News\",\"description\":\"Super News Espa\u00f1a\",\"potentialAction\":[{\"@type\":\"SearchAction\",\"target\":{\"@type\":\"EntryPoint\",\"urlTemplate\":\"https:\\\/\\\/super-news.info\\\/es\\\/?s={search_term_string}\"},\"query-input\":{\"@type\":\"PropertyValueSpecification\",\"valueRequired\":true,\"valueName\":\"search_term_string\"}}],\"inLanguage\":\"en-US\"},{\"@type\":\"Person\",\"@id\":\"https:\\\/\\\/super-news.info\\\/es\\\/#\\\/schema\\\/person\\\/2d4068cb2f39cd10008c2fce578a7356\",\"name\":\"super-news\",\"image\":{\"@type\":\"ImageObject\",\"inLanguage\":\"en-US\",\"@id\":\"https:\\\/\\\/secure.gravatar.com\\\/avatar\\\/64ebac40b93f26a154f8a9b5b6fdccfc46f442b26b3dd6756dbff3bf9dc76fd7?s=96&d=mm&r=g\",\"url\":\"https:\\\/\\\/secure.gravatar.com\\\/avatar\\\/64ebac40b93f26a154f8a9b5b6fdccfc46f442b26b3dd6756dbff3bf9dc76fd7?s=96&d=mm&r=g\",\"contentUrl\":\"https:\\\/\\\/secure.gravatar.com\\\/avatar\\\/64ebac40b93f26a154f8a9b5b6fdccfc46f442b26b3dd6756dbff3bf9dc76fd7?s=96&d=mm&r=g\",\"caption\":\"super-news\"},\"url\":\"https:\\\/\\\/super-news.info\\\/es\\\/author\\\/pt\\\/\"}]}<\/script>\n<!-- \/ Yoast SEO plugin. -->","yoast_head_json":{"title":"Vans ensalza el esp\u00edritu de la cultura punk con su nueva campa\u00f1a - Super News","robots":{"index":"index","follow":"follow","max-snippet":"max-snippet:-1","max-image-preview":"max-image-preview:large","max-video-preview":"max-video-preview:-1"},"canonical":"https:\/\/super-news.info\/es\/vans-ensalza-el-espiritu-de-la-cultura-punk-con-su-nueva-campana\/","og_locale":"en_US","og_type":"article","og_title":"Vans ensalza el esp\u00edritu de la cultura punk con su nueva campa\u00f1a - Super News","og_description":"[ad_1] Para ello, contar\u00e1 con la colaboraci\u00f3n de artistas globales representantes de esta cultura, y adem\u00e1s organizar\u00e1 eventos art\u00edsticos y culturales a nivel mundial para reforzar la campa\u00f1a La marca de calzado Vans se aventur\u00f3 en la cultura naciente del hardcore y el punk, y en su filosof\u00eda DIY (Do It Yourself) all\u00e1 por 1966, [&hellip;]","og_url":"https:\/\/super-news.info\/es\/vans-ensalza-el-espiritu-de-la-cultura-punk-con-su-nueva-campana\/","og_site_name":"Super News","article_published_time":"2019-08-21T15:18:44+00:00","article_modified_time":"2019-08-21T15:18:45+00:00","og_image":[{"width":626,"height":364,"url":"https:\/\/super-news.info\/es\/wp-content\/uploads\/sites\/4\/2019\/08\/Vans-ensalza-el-esp-ritu-de-la-cultura-punk-con-su.jpeg","type":"image\/jpeg"}],"author":"super-news","twitter_card":"summary_large_image","twitter_misc":{"Written by":"super-news","Est. reading time":"3 minutes"},"schema":{"@context":"https:\/\/schema.org","@graph":[{"@type":"Article","@id":"https:\/\/super-news.info\/es\/vans-ensalza-el-espiritu-de-la-cultura-punk-con-su-nueva-campana\/#article","isPartOf":{"@id":"https:\/\/super-news.info\/es\/vans-ensalza-el-espiritu-de-la-cultura-punk-con-su-nueva-campana\/"},"author":{"name":"super-news","@id":"https:\/\/super-news.info\/es\/#\/schema\/person\/2d4068cb2f39cd10008c2fce578a7356"},"headline":"Vans ensalza el esp\u00edritu de la cultura punk con su nueva campa\u00f1a","datePublished":"2019-08-21T15:18:44+00:00","dateModified":"2019-08-21T15:18:45+00:00","mainEntityOfPage":{"@id":"https:\/\/super-news.info\/es\/vans-ensalza-el-espiritu-de-la-cultura-punk-con-su-nueva-campana\/"},"wordCount":573,"commentCount":0,"image":{"@id":"https:\/\/super-news.info\/es\/vans-ensalza-el-espiritu-de-la-cultura-punk-con-su-nueva-campana\/#primaryimage"},"thumbnailUrl":"https:\/\/super-news.info\/es\/wp-content\/uploads\/sites\/4\/2019\/08\/Vans-ensalza-el-esp-ritu-de-la-cultura-punk-con-su.jpeg","articleSection":["NOTICIAS DE MARKETING DIGITAL"],"inLanguage":"en-US","potentialAction":[{"@type":"CommentAction","name":"Comment","target":["https:\/\/super-news.info\/es\/vans-ensalza-el-espiritu-de-la-cultura-punk-con-su-nueva-campana\/#respond"]}]},{"@type":"WebPage","@id":"https:\/\/super-news.info\/es\/vans-ensalza-el-espiritu-de-la-cultura-punk-con-su-nueva-campana\/","url":"https:\/\/super-news.info\/es\/vans-ensalza-el-espiritu-de-la-cultura-punk-con-su-nueva-campana\/","name":"Vans ensalza el esp\u00edritu de la cultura punk con su nueva campa\u00f1a - Super News","isPartOf":{"@id":"https:\/\/super-news.info\/es\/#website"},"primaryImageOfPage":{"@id":"https:\/\/super-news.info\/es\/vans-ensalza-el-espiritu-de-la-cultura-punk-con-su-nueva-campana\/#primaryimage"},"image":{"@id":"https:\/\/super-news.info\/es\/vans-ensalza-el-espiritu-de-la-cultura-punk-con-su-nueva-campana\/#primaryimage"},"thumbnailUrl":"https:\/\/super-news.info\/es\/wp-content\/uploads\/sites\/4\/2019\/08\/Vans-ensalza-el-esp-ritu-de-la-cultura-punk-con-su.jpeg","datePublished":"2019-08-21T15:18:44+00:00","dateModified":"2019-08-21T15:18:45+00:00","author":{"@id":"https:\/\/super-news.info\/es\/#\/schema\/person\/2d4068cb2f39cd10008c2fce578a7356"},"breadcrumb":{"@id":"https:\/\/super-news.info\/es\/vans-ensalza-el-espiritu-de-la-cultura-punk-con-su-nueva-campana\/#breadcrumb"},"inLanguage":"en-US","potentialAction":[{"@type":"ReadAction","target":["https:\/\/super-news.info\/es\/vans-ensalza-el-espiritu-de-la-cultura-punk-con-su-nueva-campana\/"]}]},{"@type":"ImageObject","inLanguage":"en-US","@id":"https:\/\/super-news.info\/es\/vans-ensalza-el-espiritu-de-la-cultura-punk-con-su-nueva-campana\/#primaryimage","url":"https:\/\/super-news.info\/es\/wp-content\/uploads\/sites\/4\/2019\/08\/Vans-ensalza-el-esp-ritu-de-la-cultura-punk-con-su.jpeg","contentUrl":"https:\/\/super-news.info\/es\/wp-content\/uploads\/sites\/4\/2019\/08\/Vans-ensalza-el-esp-ritu-de-la-cultura-punk-con-su.jpeg","width":626,"height":364,"caption":"Vans-Punk"},{"@type":"BreadcrumbList","@id":"https:\/\/super-news.info\/es\/vans-ensalza-el-espiritu-de-la-cultura-punk-con-su-nueva-campana\/#breadcrumb","itemListElement":[{"@type":"ListItem","position":1,"name":"\u0413\u043b\u0430\u0432\u043d\u0430\u044f \u0441\u0442\u0440\u0430\u043d\u0438\u0446\u0430","item":"https:\/\/super-news.info\/es\/"},{"@type":"ListItem","position":2,"name":"Vans ensalza el esp\u00edritu de la cultura punk con su nueva campa\u00f1a"}]},{"@type":"WebSite","@id":"https:\/\/super-news.info\/es\/#website","url":"https:\/\/super-news.info\/es\/","name":"Super News","description":"Super News Espa\u00f1a","potentialAction":[{"@type":"SearchAction","target":{"@type":"EntryPoint","urlTemplate":"https:\/\/super-news.info\/es\/?s={search_term_string}"},"query-input":{"@type":"PropertyValueSpecification","valueRequired":true,"valueName":"search_term_string"}}],"inLanguage":"en-US"},{"@type":"Person","@id":"https:\/\/super-news.info\/es\/#\/schema\/person\/2d4068cb2f39cd10008c2fce578a7356","name":"super-news","image":{"@type":"ImageObject","inLanguage":"en-US","@id":"https:\/\/secure.gravatar.com\/avatar\/64ebac40b93f26a154f8a9b5b6fdccfc46f442b26b3dd6756dbff3bf9dc76fd7?s=96&d=mm&r=g","url":"https:\/\/secure.gravatar.com\/avatar\/64ebac40b93f26a154f8a9b5b6fdccfc46f442b26b3dd6756dbff3bf9dc76fd7?s=96&d=mm&r=g","contentUrl":"https:\/\/secure.gravatar.com\/avatar\/64ebac40b93f26a154f8a9b5b6fdccfc46f442b26b3dd6756dbff3bf9dc76fd7?s=96&d=mm&r=g","caption":"super-news"},"url":"https:\/\/super-news.info\/es\/author\/pt\/"}]}},"_links":{"self":[{"href":"https:\/\/super-news.info\/es\/wp-json\/wp\/v2\/posts\/9240","targetHints":{"allow":["GET"]}}],"collection":[{"href":"https:\/\/super-news.info\/es\/wp-json\/wp\/v2\/posts"}],"about":[{"href":"https:\/\/super-news.info\/es\/wp-json\/wp\/v2\/types\/post"}],"author":[{"embeddable":true,"href":"https:\/\/super-news.info\/es\/wp-json\/wp\/v2\/users\/2"}],"replies":[{"embeddable":true,"href":"https:\/\/super-news.info\/es\/wp-json\/wp\/v2\/comments?post=9240"}],"version-history":[{"count":1,"href":"https:\/\/super-news.info\/es\/wp-json\/wp\/v2\/posts\/9240\/revisions"}],"predecessor-version":[{"id":9242,"href":"https:\/\/super-news.info\/es\/wp-json\/wp\/v2\/posts\/9240\/revisions\/9242"}],"wp:featuredmedia":[{"embeddable":true,"href":"https:\/\/super-news.info\/es\/wp-json\/wp\/v2\/media\/9241"}],"wp:attachment":[{"href":"https:\/\/super-news.info\/es\/wp-json\/wp\/v2\/media?parent=9240"}],"wp:term":[{"taxonomy":"category","embeddable":true,"href":"https:\/\/super-news.info\/es\/wp-json\/wp\/v2\/categories?post=9240"},{"taxonomy":"post_tag","embeddable":true,"href":"https:\/\/super-news.info\/es\/wp-json\/wp\/v2\/tags?post=9240"}],"curies":[{"name":"wp","href":"https:\/\/api.w.org\/{rel}","templated":true}]}}