{"id":9225,"date":"2019-08-21T15:18:23","date_gmt":"2019-08-21T12:18:23","guid":{"rendered":"https:\/\/super-news.info\/es\/facebook-mostrara-a-los-usuarios-los-datos-que-aplicaciones-y-sitios-web-comparten-con-la-red-social\/"},"modified":"2019-08-21T15:18:24","modified_gmt":"2019-08-21T12:18:24","slug":"facebook-mostrara-a-los-usuarios-los-datos-que-aplicaciones-y-sitios-web-comparten-con-la-red-social","status":"publish","type":"post","link":"https:\/\/super-news.info\/es\/facebook-mostrara-a-los-usuarios-los-datos-que-aplicaciones-y-sitios-web-comparten-con-la-red-social\/","title":{"rendered":"Facebook mostrar\u00e1 a los usuarios los datos que aplicaciones y sitios web comparten con la red social"},"content":{"rendered":"<p> [ad_1]<br \/>\n<\/p>\n<div id=\"textoNoticia\">\n<p class=\"excerpt-single\">La nueva funci\u00f3n de Facebook tiene como objetivo aumentar la transparencia y otorgar al usuario un mayor control sobre los datos que provienen de los sitios web que utiliza de manera regular.<\/p>\n<\/p>\n<p>Facebook ha dado un paso m\u00e1s en su camino hacia la transparencia y ha lanzando una nueva funci\u00f3n que permite al usuario controlar los datos sobre su actividad m\u00e1s all\u00e1 del territorio de la red social.<\/p>\n<p>Se trata de la herramienta &#8220;<strong>Actividad fuera de Facebook<\/strong>&#8220;, que muestra de manera clara un resumen de las aplicaciones y los sitios web que env\u00edan informaci\u00f3n sobre su actividad a Facebook para que la plataforma pueda, posteriormente, mostrar publicidad relacionada con esos valiosos datos.<\/p>\n<p>Esta funci\u00f3n ofrece la posibilidad de eliminar la informaci\u00f3n de su cuenta, as\u00ed como de <strong>desconectar la cuenta de toda actividad<\/strong> <strong>fuera de Facebook<\/strong> o \u00fanicamente la de aplicaciones y sitios web espec\u00edficos. Si opta por la opci\u00f3n m\u00e1s dr\u00e1stica, Facebook eliminar\u00e1 su informaci\u00f3n de identificaci\u00f3n de los datos que las aplicaciones y sitios web decidan enviar a la plataforma. &#8220;No sabremos en qu\u00e9 sitios web has estado o lo que has hecho ah\u00ed, y no utilizaremos los datos que has desconectado para mostrarte anuncios en Facebook, Instagram o Messenger&#8221;, explican en la web de la compa\u00f1\u00eda Erin Egan, directora de pol\u00edticas de privacidad, y David Baser, director de gesti\u00f3n de producto.<\/p>\n<p><img loading=\"lazy\" decoding=\"async\" class=\"aligncenter size-full wp-image-505203\" src=\"https:\/\/super-news.info\/es\/wp-content\/uploads\/sites\/4\/2019\/08\/1566389903_32_Facebook-mostrara-a-los-usuarios-los-datos-que-aplicaciones-y.jpg\" alt=\"Facebook\" width=\"626\" height=\"364\"\/><\/p>\n<p>&#8220;Actividad fuera de Facebook&#8221; comenzar\u00e1 a mostrarse de manera gradual a personas que utilizan la red social en Irlanda, Corea del Sur y Espa\u00f1a antes de implantarse en el resto del mundo.<\/p>\n<p>&#8220;Como parte de la responsabilidad de Unilever, nos comprometemos a crear un mejor ecosistema digital junto con nuestros socios. La herramienta &#8216;Actividad fuera de Facebook&#8217; busca ofrecer una mayor transparencia y control a las personas sobre sus datos y ayudar a mejorar su experiencia online. <strong>Apoyamos este paso de Facebook y animamos al resto del sector<\/strong> a seguir un camino para crear m\u00e1s confianza en el ecosistema publicitarios&#8221;, ha dicho Luis Di Como, EVP Global Media de Unilever.<\/p>\n<p class=\"link-telegram\">\n\t\t\t\t\t\t\t\t\t\t\tNo te pierdas nada de MarketingDirecto.com y \u00fanete a nuestro Telegram t.me\/MarketingDirecto\n\t\t\t\t\t\t\t\t\t\t<\/p>\n<\/p><\/div>\n<p><script>(function(d, s, id) {\n  var js, fjs = d.getElementsByTagName(s)[0];\n  if (d.getElementById(id)) return;\n  js = d.createElement(s); js.id = id;\n  js.src = \"http:\/\/connect.facebook.net\/es_LA\/sdk.js#xfbml=1&appId=408746052611679&version=v2.3\";\n  fjs.parentNode.insertBefore(js, fjs);\n}(document, 'script', 'facebook-jssdk'));<\/script><br \/>\n<br \/>[ad_2]<br \/>\n<br \/><a href=\"https:\/\/www.marketingdirecto.com\/digital-general\/social-media-marketing\/facebook-mostrara-a-los-usuarios-los-datos-que-aplicaciones-y-sitios-web-comparten-con-la-red-social\">Source link <\/a><\/p>\n","protected":false},"excerpt":{"rendered":"<p>[ad_1] La nueva funci\u00f3n de Facebook tiene como objetivo aumentar la transparencia y otorgar al usuario un mayor control sobre los datos que provienen de los sitios web que utiliza de manera regular. Facebook ha dado un paso m\u00e1s en su camino hacia la transparencia y ha lanzando una nueva funci\u00f3n que permite al usuario [&hellip;]<\/p>\n","protected":false},"author":2,"featured_media":9226,"comment_status":"open","ping_status":"open","sticky":false,"template":"","format":"standard","meta":{"footnotes":""},"categories":[2],"tags":[],"class_list":["post-9225","post","type-post","status-publish","format-standard","has-post-thumbnail","hentry","category-noticias-de-marketing-digital"],"yoast_head":"<!-- This site is optimized with the Yoast SEO plugin v27.4 - https:\/\/yoast.com\/product\/yoast-seo-wordpress\/ -->\n<title>Facebook mostrar\u00e1 a los usuarios los datos que aplicaciones y sitios web comparten con la red social - Super News<\/title>\n<meta name=\"robots\" content=\"index, follow, max-snippet:-1, max-image-preview:large, max-video-preview:-1\" \/>\n<link rel=\"canonical\" href=\"https:\/\/super-news.info\/es\/facebook-mostrara-a-los-usuarios-los-datos-que-aplicaciones-y-sitios-web-comparten-con-la-red-social\/\" \/>\n<meta property=\"og:locale\" content=\"en_US\" \/>\n<meta property=\"og:type\" content=\"article\" \/>\n<meta property=\"og:title\" content=\"Facebook mostrar\u00e1 a los usuarios los datos que aplicaciones y sitios web comparten con la red social - Super News\" \/>\n<meta property=\"og:description\" content=\"[ad_1] La nueva funci\u00f3n de Facebook tiene como objetivo aumentar la transparencia y otorgar al usuario un mayor control sobre los datos que provienen de los sitios web que utiliza de manera regular. Facebook ha dado un paso m\u00e1s en su camino hacia la transparencia y ha lanzando una nueva funci\u00f3n que permite al usuario [&hellip;]\" \/>\n<meta property=\"og:url\" content=\"https:\/\/super-news.info\/es\/facebook-mostrara-a-los-usuarios-los-datos-que-aplicaciones-y-sitios-web-comparten-con-la-red-social\/\" \/>\n<meta property=\"og:site_name\" content=\"Super News\" \/>\n<meta property=\"article:published_time\" content=\"2019-08-21T12:18:23+00:00\" \/>\n<meta property=\"article:modified_time\" content=\"2019-08-21T12:18:24+00:00\" \/>\n<meta property=\"og:image\" content=\"https:\/\/super-news.info\/es\/wp-content\/uploads\/sites\/4\/2019\/08\/Facebook-mostrar-a-los-usuarios-los-datos-que-aplicaciones-y.jpg\" \/>\n\t<meta property=\"og:image:width\" content=\"626\" \/>\n\t<meta property=\"og:image:height\" content=\"364\" \/>\n\t<meta property=\"og:image:type\" content=\"image\/jpeg\" \/>\n<meta name=\"author\" content=\"super-news\" \/>\n<meta name=\"twitter:card\" content=\"summary_large_image\" \/>\n<meta name=\"twitter:label1\" content=\"Written by\" \/>\n\t<meta name=\"twitter:data1\" content=\"super-news\" \/>\n\t<meta name=\"twitter:label2\" content=\"Est. reading time\" \/>\n\t<meta name=\"twitter:data2\" content=\"2 minutes\" \/>\n<script type=\"application\/ld+json\" class=\"yoast-schema-graph\">{\"@context\":\"https:\\\/\\\/schema.org\",\"@graph\":[{\"@type\":\"Article\",\"@id\":\"https:\\\/\\\/super-news.info\\\/es\\\/facebook-mostrara-a-los-usuarios-los-datos-que-aplicaciones-y-sitios-web-comparten-con-la-red-social\\\/#article\",\"isPartOf\":{\"@id\":\"https:\\\/\\\/super-news.info\\\/es\\\/facebook-mostrara-a-los-usuarios-los-datos-que-aplicaciones-y-sitios-web-comparten-con-la-red-social\\\/\"},\"author\":{\"name\":\"super-news\",\"@id\":\"https:\\\/\\\/super-news.info\\\/es\\\/#\\\/schema\\\/person\\\/2d4068cb2f39cd10008c2fce578a7356\"},\"headline\":\"Facebook mostrar\u00e1 a los usuarios los datos que aplicaciones y sitios web comparten con la red social\",\"datePublished\":\"2019-08-21T12:18:23+00:00\",\"dateModified\":\"2019-08-21T12:18:24+00:00\",\"mainEntityOfPage\":{\"@id\":\"https:\\\/\\\/super-news.info\\\/es\\\/facebook-mostrara-a-los-usuarios-los-datos-que-aplicaciones-y-sitios-web-comparten-con-la-red-social\\\/\"},\"wordCount\":389,\"commentCount\":0,\"image\":{\"@id\":\"https:\\\/\\\/super-news.info\\\/es\\\/facebook-mostrara-a-los-usuarios-los-datos-que-aplicaciones-y-sitios-web-comparten-con-la-red-social\\\/#primaryimage\"},\"thumbnailUrl\":\"https:\\\/\\\/super-news.info\\\/es\\\/wp-content\\\/uploads\\\/sites\\\/4\\\/2019\\\/08\\\/Facebook-mostrar-a-los-usuarios-los-datos-que-aplicaciones-y.jpg\",\"articleSection\":[\"NOTICIAS DE MARKETING DIGITAL\"],\"inLanguage\":\"en-US\",\"potentialAction\":[{\"@type\":\"CommentAction\",\"name\":\"Comment\",\"target\":[\"https:\\\/\\\/super-news.info\\\/es\\\/facebook-mostrara-a-los-usuarios-los-datos-que-aplicaciones-y-sitios-web-comparten-con-la-red-social\\\/#respond\"]}]},{\"@type\":\"WebPage\",\"@id\":\"https:\\\/\\\/super-news.info\\\/es\\\/facebook-mostrara-a-los-usuarios-los-datos-que-aplicaciones-y-sitios-web-comparten-con-la-red-social\\\/\",\"url\":\"https:\\\/\\\/super-news.info\\\/es\\\/facebook-mostrara-a-los-usuarios-los-datos-que-aplicaciones-y-sitios-web-comparten-con-la-red-social\\\/\",\"name\":\"Facebook mostrar\u00e1 a los usuarios los datos que aplicaciones y sitios web comparten con la red social - Super News\",\"isPartOf\":{\"@id\":\"https:\\\/\\\/super-news.info\\\/es\\\/#website\"},\"primaryImageOfPage\":{\"@id\":\"https:\\\/\\\/super-news.info\\\/es\\\/facebook-mostrara-a-los-usuarios-los-datos-que-aplicaciones-y-sitios-web-comparten-con-la-red-social\\\/#primaryimage\"},\"image\":{\"@id\":\"https:\\\/\\\/super-news.info\\\/es\\\/facebook-mostrara-a-los-usuarios-los-datos-que-aplicaciones-y-sitios-web-comparten-con-la-red-social\\\/#primaryimage\"},\"thumbnailUrl\":\"https:\\\/\\\/super-news.info\\\/es\\\/wp-content\\\/uploads\\\/sites\\\/4\\\/2019\\\/08\\\/Facebook-mostrar-a-los-usuarios-los-datos-que-aplicaciones-y.jpg\",\"datePublished\":\"2019-08-21T12:18:23+00:00\",\"dateModified\":\"2019-08-21T12:18:24+00:00\",\"author\":{\"@id\":\"https:\\\/\\\/super-news.info\\\/es\\\/#\\\/schema\\\/person\\\/2d4068cb2f39cd10008c2fce578a7356\"},\"breadcrumb\":{\"@id\":\"https:\\\/\\\/super-news.info\\\/es\\\/facebook-mostrara-a-los-usuarios-los-datos-que-aplicaciones-y-sitios-web-comparten-con-la-red-social\\\/#breadcrumb\"},\"inLanguage\":\"en-US\",\"potentialAction\":[{\"@type\":\"ReadAction\",\"target\":[\"https:\\\/\\\/super-news.info\\\/es\\\/facebook-mostrara-a-los-usuarios-los-datos-que-aplicaciones-y-sitios-web-comparten-con-la-red-social\\\/\"]}]},{\"@type\":\"ImageObject\",\"inLanguage\":\"en-US\",\"@id\":\"https:\\\/\\\/super-news.info\\\/es\\\/facebook-mostrara-a-los-usuarios-los-datos-que-aplicaciones-y-sitios-web-comparten-con-la-red-social\\\/#primaryimage\",\"url\":\"https:\\\/\\\/super-news.info\\\/es\\\/wp-content\\\/uploads\\\/sites\\\/4\\\/2019\\\/08\\\/Facebook-mostrar-a-los-usuarios-los-datos-que-aplicaciones-y.jpg\",\"contentUrl\":\"https:\\\/\\\/super-news.info\\\/es\\\/wp-content\\\/uploads\\\/sites\\\/4\\\/2019\\\/08\\\/Facebook-mostrar-a-los-usuarios-los-datos-que-aplicaciones-y.jpg\",\"width\":626,\"height\":364,\"caption\":\"Facebook\"},{\"@type\":\"BreadcrumbList\",\"@id\":\"https:\\\/\\\/super-news.info\\\/es\\\/facebook-mostrara-a-los-usuarios-los-datos-que-aplicaciones-y-sitios-web-comparten-con-la-red-social\\\/#breadcrumb\",\"itemListElement\":[{\"@type\":\"ListItem\",\"position\":1,\"name\":\"\u0413\u043b\u0430\u0432\u043d\u0430\u044f \u0441\u0442\u0440\u0430\u043d\u0438\u0446\u0430\",\"item\":\"https:\\\/\\\/super-news.info\\\/es\\\/\"},{\"@type\":\"ListItem\",\"position\":2,\"name\":\"Facebook mostrar\u00e1 a los usuarios los datos que aplicaciones y sitios web comparten con la red social\"}]},{\"@type\":\"WebSite\",\"@id\":\"https:\\\/\\\/super-news.info\\\/es\\\/#website\",\"url\":\"https:\\\/\\\/super-news.info\\\/es\\\/\",\"name\":\"Super News\",\"description\":\"Super News Espa\u00f1a\",\"potentialAction\":[{\"@type\":\"SearchAction\",\"target\":{\"@type\":\"EntryPoint\",\"urlTemplate\":\"https:\\\/\\\/super-news.info\\\/es\\\/?s={search_term_string}\"},\"query-input\":{\"@type\":\"PropertyValueSpecification\",\"valueRequired\":true,\"valueName\":\"search_term_string\"}}],\"inLanguage\":\"en-US\"},{\"@type\":\"Person\",\"@id\":\"https:\\\/\\\/super-news.info\\\/es\\\/#\\\/schema\\\/person\\\/2d4068cb2f39cd10008c2fce578a7356\",\"name\":\"super-news\",\"image\":{\"@type\":\"ImageObject\",\"inLanguage\":\"en-US\",\"@id\":\"https:\\\/\\\/secure.gravatar.com\\\/avatar\\\/64ebac40b93f26a154f8a9b5b6fdccfc46f442b26b3dd6756dbff3bf9dc76fd7?s=96&d=mm&r=g\",\"url\":\"https:\\\/\\\/secure.gravatar.com\\\/avatar\\\/64ebac40b93f26a154f8a9b5b6fdccfc46f442b26b3dd6756dbff3bf9dc76fd7?s=96&d=mm&r=g\",\"contentUrl\":\"https:\\\/\\\/secure.gravatar.com\\\/avatar\\\/64ebac40b93f26a154f8a9b5b6fdccfc46f442b26b3dd6756dbff3bf9dc76fd7?s=96&d=mm&r=g\",\"caption\":\"super-news\"},\"url\":\"https:\\\/\\\/super-news.info\\\/es\\\/author\\\/pt\\\/\"}]}<\/script>\n<!-- \/ Yoast SEO plugin. -->","yoast_head_json":{"title":"Facebook mostrar\u00e1 a los usuarios los datos que aplicaciones y sitios web comparten con la red social - Super News","robots":{"index":"index","follow":"follow","max-snippet":"max-snippet:-1","max-image-preview":"max-image-preview:large","max-video-preview":"max-video-preview:-1"},"canonical":"https:\/\/super-news.info\/es\/facebook-mostrara-a-los-usuarios-los-datos-que-aplicaciones-y-sitios-web-comparten-con-la-red-social\/","og_locale":"en_US","og_type":"article","og_title":"Facebook mostrar\u00e1 a los usuarios los datos que aplicaciones y sitios web comparten con la red social - Super News","og_description":"[ad_1] La nueva funci\u00f3n de Facebook tiene como objetivo aumentar la transparencia y otorgar al usuario un mayor control sobre los datos que provienen de los sitios web que utiliza de manera regular. Facebook ha dado un paso m\u00e1s en su camino hacia la transparencia y ha lanzando una nueva funci\u00f3n que permite al usuario [&hellip;]","og_url":"https:\/\/super-news.info\/es\/facebook-mostrara-a-los-usuarios-los-datos-que-aplicaciones-y-sitios-web-comparten-con-la-red-social\/","og_site_name":"Super News","article_published_time":"2019-08-21T12:18:23+00:00","article_modified_time":"2019-08-21T12:18:24+00:00","og_image":[{"width":626,"height":364,"url":"https:\/\/super-news.info\/es\/wp-content\/uploads\/sites\/4\/2019\/08\/Facebook-mostrar-a-los-usuarios-los-datos-que-aplicaciones-y.jpg","type":"image\/jpeg"}],"author":"super-news","twitter_card":"summary_large_image","twitter_misc":{"Written by":"super-news","Est. reading time":"2 minutes"},"schema":{"@context":"https:\/\/schema.org","@graph":[{"@type":"Article","@id":"https:\/\/super-news.info\/es\/facebook-mostrara-a-los-usuarios-los-datos-que-aplicaciones-y-sitios-web-comparten-con-la-red-social\/#article","isPartOf":{"@id":"https:\/\/super-news.info\/es\/facebook-mostrara-a-los-usuarios-los-datos-que-aplicaciones-y-sitios-web-comparten-con-la-red-social\/"},"author":{"name":"super-news","@id":"https:\/\/super-news.info\/es\/#\/schema\/person\/2d4068cb2f39cd10008c2fce578a7356"},"headline":"Facebook mostrar\u00e1 a los usuarios los datos que aplicaciones y sitios web comparten con la red social","datePublished":"2019-08-21T12:18:23+00:00","dateModified":"2019-08-21T12:18:24+00:00","mainEntityOfPage":{"@id":"https:\/\/super-news.info\/es\/facebook-mostrara-a-los-usuarios-los-datos-que-aplicaciones-y-sitios-web-comparten-con-la-red-social\/"},"wordCount":389,"commentCount":0,"image":{"@id":"https:\/\/super-news.info\/es\/facebook-mostrara-a-los-usuarios-los-datos-que-aplicaciones-y-sitios-web-comparten-con-la-red-social\/#primaryimage"},"thumbnailUrl":"https:\/\/super-news.info\/es\/wp-content\/uploads\/sites\/4\/2019\/08\/Facebook-mostrar-a-los-usuarios-los-datos-que-aplicaciones-y.jpg","articleSection":["NOTICIAS DE MARKETING DIGITAL"],"inLanguage":"en-US","potentialAction":[{"@type":"CommentAction","name":"Comment","target":["https:\/\/super-news.info\/es\/facebook-mostrara-a-los-usuarios-los-datos-que-aplicaciones-y-sitios-web-comparten-con-la-red-social\/#respond"]}]},{"@type":"WebPage","@id":"https:\/\/super-news.info\/es\/facebook-mostrara-a-los-usuarios-los-datos-que-aplicaciones-y-sitios-web-comparten-con-la-red-social\/","url":"https:\/\/super-news.info\/es\/facebook-mostrara-a-los-usuarios-los-datos-que-aplicaciones-y-sitios-web-comparten-con-la-red-social\/","name":"Facebook mostrar\u00e1 a los usuarios los datos que aplicaciones y sitios web comparten con la red social - Super News","isPartOf":{"@id":"https:\/\/super-news.info\/es\/#website"},"primaryImageOfPage":{"@id":"https:\/\/super-news.info\/es\/facebook-mostrara-a-los-usuarios-los-datos-que-aplicaciones-y-sitios-web-comparten-con-la-red-social\/#primaryimage"},"image":{"@id":"https:\/\/super-news.info\/es\/facebook-mostrara-a-los-usuarios-los-datos-que-aplicaciones-y-sitios-web-comparten-con-la-red-social\/#primaryimage"},"thumbnailUrl":"https:\/\/super-news.info\/es\/wp-content\/uploads\/sites\/4\/2019\/08\/Facebook-mostrar-a-los-usuarios-los-datos-que-aplicaciones-y.jpg","datePublished":"2019-08-21T12:18:23+00:00","dateModified":"2019-08-21T12:18:24+00:00","author":{"@id":"https:\/\/super-news.info\/es\/#\/schema\/person\/2d4068cb2f39cd10008c2fce578a7356"},"breadcrumb":{"@id":"https:\/\/super-news.info\/es\/facebook-mostrara-a-los-usuarios-los-datos-que-aplicaciones-y-sitios-web-comparten-con-la-red-social\/#breadcrumb"},"inLanguage":"en-US","potentialAction":[{"@type":"ReadAction","target":["https:\/\/super-news.info\/es\/facebook-mostrara-a-los-usuarios-los-datos-que-aplicaciones-y-sitios-web-comparten-con-la-red-social\/"]}]},{"@type":"ImageObject","inLanguage":"en-US","@id":"https:\/\/super-news.info\/es\/facebook-mostrara-a-los-usuarios-los-datos-que-aplicaciones-y-sitios-web-comparten-con-la-red-social\/#primaryimage","url":"https:\/\/super-news.info\/es\/wp-content\/uploads\/sites\/4\/2019\/08\/Facebook-mostrar-a-los-usuarios-los-datos-que-aplicaciones-y.jpg","contentUrl":"https:\/\/super-news.info\/es\/wp-content\/uploads\/sites\/4\/2019\/08\/Facebook-mostrar-a-los-usuarios-los-datos-que-aplicaciones-y.jpg","width":626,"height":364,"caption":"Facebook"},{"@type":"BreadcrumbList","@id":"https:\/\/super-news.info\/es\/facebook-mostrara-a-los-usuarios-los-datos-que-aplicaciones-y-sitios-web-comparten-con-la-red-social\/#breadcrumb","itemListElement":[{"@type":"ListItem","position":1,"name":"\u0413\u043b\u0430\u0432\u043d\u0430\u044f \u0441\u0442\u0440\u0430\u043d\u0438\u0446\u0430","item":"https:\/\/super-news.info\/es\/"},{"@type":"ListItem","position":2,"name":"Facebook mostrar\u00e1 a los usuarios los datos que aplicaciones y sitios web comparten con la red social"}]},{"@type":"WebSite","@id":"https:\/\/super-news.info\/es\/#website","url":"https:\/\/super-news.info\/es\/","name":"Super News","description":"Super News Espa\u00f1a","potentialAction":[{"@type":"SearchAction","target":{"@type":"EntryPoint","urlTemplate":"https:\/\/super-news.info\/es\/?s={search_term_string}"},"query-input":{"@type":"PropertyValueSpecification","valueRequired":true,"valueName":"search_term_string"}}],"inLanguage":"en-US"},{"@type":"Person","@id":"https:\/\/super-news.info\/es\/#\/schema\/person\/2d4068cb2f39cd10008c2fce578a7356","name":"super-news","image":{"@type":"ImageObject","inLanguage":"en-US","@id":"https:\/\/secure.gravatar.com\/avatar\/64ebac40b93f26a154f8a9b5b6fdccfc46f442b26b3dd6756dbff3bf9dc76fd7?s=96&d=mm&r=g","url":"https:\/\/secure.gravatar.com\/avatar\/64ebac40b93f26a154f8a9b5b6fdccfc46f442b26b3dd6756dbff3bf9dc76fd7?s=96&d=mm&r=g","contentUrl":"https:\/\/secure.gravatar.com\/avatar\/64ebac40b93f26a154f8a9b5b6fdccfc46f442b26b3dd6756dbff3bf9dc76fd7?s=96&d=mm&r=g","caption":"super-news"},"url":"https:\/\/super-news.info\/es\/author\/pt\/"}]}},"_links":{"self":[{"href":"https:\/\/super-news.info\/es\/wp-json\/wp\/v2\/posts\/9225","targetHints":{"allow":["GET"]}}],"collection":[{"href":"https:\/\/super-news.info\/es\/wp-json\/wp\/v2\/posts"}],"about":[{"href":"https:\/\/super-news.info\/es\/wp-json\/wp\/v2\/types\/post"}],"author":[{"embeddable":true,"href":"https:\/\/super-news.info\/es\/wp-json\/wp\/v2\/users\/2"}],"replies":[{"embeddable":true,"href":"https:\/\/super-news.info\/es\/wp-json\/wp\/v2\/comments?post=9225"}],"version-history":[{"count":1,"href":"https:\/\/super-news.info\/es\/wp-json\/wp\/v2\/posts\/9225\/revisions"}],"predecessor-version":[{"id":9227,"href":"https:\/\/super-news.info\/es\/wp-json\/wp\/v2\/posts\/9225\/revisions\/9227"}],"wp:featuredmedia":[{"embeddable":true,"href":"https:\/\/super-news.info\/es\/wp-json\/wp\/v2\/media\/9226"}],"wp:attachment":[{"href":"https:\/\/super-news.info\/es\/wp-json\/wp\/v2\/media?parent=9225"}],"wp:term":[{"taxonomy":"category","embeddable":true,"href":"https:\/\/super-news.info\/es\/wp-json\/wp\/v2\/categories?post=9225"},{"taxonomy":"post_tag","embeddable":true,"href":"https:\/\/super-news.info\/es\/wp-json\/wp\/v2\/tags?post=9225"}],"curies":[{"name":"wp","href":"https:\/\/api.w.org\/{rel}","templated":true}]}}