{"id":8894,"date":"2019-08-16T12:22:12","date_gmt":"2019-08-16T09:22:12","guid":{"rendered":"https:\/\/super-news.info\/es\/publicis-groupe-se-hace-con-la-planificacion-de-medios-de-novartis\/"},"modified":"2019-08-16T12:22:13","modified_gmt":"2019-08-16T09:22:13","slug":"publicis-groupe-se-hace-con-la-planificacion-de-medios-de-novartis","status":"publish","type":"post","link":"https:\/\/super-news.info\/es\/publicis-groupe-se-hace-con-la-planificacion-de-medios-de-novartis\/","title":{"rendered":"Publicis Groupe se hace con la planificaci\u00f3n de medios de Novartis"},"content":{"rendered":"<p> [ad_1]<br \/>\n<\/p>\n<div id=\"textoNoticia\">\n<p class=\"excerpt-single\">Publicis Groupe ser\u00e1 el socio global de compras y planificaci\u00f3n de medios, datos y an\u00e1lisis de la farmac\u00e9utica Novartis en 60 pa\u00edses.<\/p>\n<\/p>\n<p>Publicis Groupe ser\u00e1 el socio global de <strong>compras y planificaci\u00f3n de medios, datos y an\u00e1lisis<\/strong> de la farmac\u00e9utica Novartis en 60 pa\u00edses. As\u00ed lo ha informado el CEO de la compa\u00f1\u00eda, Arthur Sadoun, en un memor\u00e1ndum interno.<\/p>\n<p>La multinacional francesa de publicidad y relaciones p\u00fablicas adquiri\u00f3 a principios de este a\u00f1o a Starcom y Epsilon por <strong>m\u00e1s de 4.000 millones de d\u00f3lares.<\/strong> De esta forma, las tres liderar\u00e1n la cuenta a partir de enero de 2020 a trav\u00e9s de la bautizada como NovartisONE2.<\/p>\n<p>&#8220;As\u00ed como Novartis busca reimaginar la medicina, <strong>nosotros tambi\u00e9n buscamos reimaginar y transformar la forma<\/strong> en que brindamos estrategias de marketing basadas en datos de nuestros clientes&#8221;, ha explicado el presidente de la marca global de Starcom, John Sheehy, en un comunicado.<\/p>\n<p>No es la primera vez que Starcom lidera esta cuenta. Ya lo hizo en 2011 a trav\u00e9s de Wavemaker y CMI Media. &#8220;Ofreceremos una capacidad \u00e1gil, colaborativa y centrada incesantemente en <strong>impulsar los resultados comerciales, adem\u00e1s de ofrecer experiencias personalizadas<\/strong> para los consumidores complejos y cambiantes de Novartis&#8221;, ha expresado Sheehy.<\/p>\n<p>El CEO de Novartis ha agradecido a Starcom<strong> el liderazgo que posee en el campo del marketing m\u00e9dico<\/strong>, adem\u00e1s de destacar el papel desempe\u00f1ado por Epsilon en el an\u00e1lisis realizado a las compa\u00f1\u00edas candidatas a la cuenta.<\/p>\n<p>&#8220;Nuestra capacidad para consolidar el negocio, expandir nuestro alcance y demostrarle a un cliente existente que despu\u00e9s de muchos a\u00f1os <strong>seguimos siendo el socio adecuado para su transformaci\u00f3n<\/strong>, es la clara demostraci\u00f3n de nuestra capacidad para construir relaciones s\u00f3lidas a largo plazo, al tiempo que mejoramos constantemente nuestro producto y nuestra oferta&#8221;, escribi\u00f3 Sadoun.<\/p>\n<p>El gigante farmac\u00e9utico fabrica medicamentos como Ritalin y Tegretol y ha gastado a nivel mundial una cifra que ronda los <strong>600 millones de d\u00f3lares en marketing basado en datos<\/strong>, consiguiendo un &#8220;primer semestre excepci\u00f3nal&#8221; seg\u00fan la compa\u00f1\u00eda de datos global COMvergence.<\/p>\n<p>La evaluaci\u00f3n que ha llevado a cabo durante meses Novartis a la hora de elegir la cuenta ha contado con otros candidatos como Omnicon, WPP y Havas, quienes se enfrentaron en la etapa final del proceso.<\/p>\n<p class=\"link-telegram\">\n\t\t\t\t\t\t\t\t\t\t\tNo te pierdas nada de MarketingDirecto.com y \u00fanete a nuestro Telegram t.me\/MarketingDirecto\n\t\t\t\t\t\t\t\t\t\t<\/p>\n<\/p><\/div>\n<p><script>(function(d, s, id) {\n  var js, fjs = d.getElementsByTagName(s)[0];\n  if (d.getElementById(id)) return;\n  js = d.createElement(s); js.id = id;\n  js.src = \"http:\/\/connect.facebook.net\/es_LA\/sdk.js#xfbml=1&appId=408746052611679&version=v2.3\";\n  fjs.parentNode.insertBefore(js, fjs);\n}(document, 'script', 'facebook-jssdk'));<\/script><br \/>\n<br \/>[ad_2]<br \/>\n<br \/><a href=\"https:\/\/www.marketingdirecto.com\/marketing-general\/agencias\/publicis-groupe-se-hace-con-la-planificacion-de-medios-de-novartis\">Source link <\/a><\/p>\n","protected":false},"excerpt":{"rendered":"<p>[ad_1] Publicis Groupe ser\u00e1 el socio global de compras y planificaci\u00f3n de medios, datos y an\u00e1lisis de la farmac\u00e9utica Novartis en 60 pa\u00edses. Publicis Groupe ser\u00e1 el socio global de compras y planificaci\u00f3n de medios, datos y an\u00e1lisis de la farmac\u00e9utica Novartis en 60 pa\u00edses. As\u00ed lo ha informado el CEO de la compa\u00f1\u00eda, Arthur [&hellip;]<\/p>\n","protected":false},"author":2,"featured_media":8895,"comment_status":"open","ping_status":"open","sticky":false,"template":"","format":"standard","meta":{"footnotes":""},"categories":[2],"tags":[],"class_list":["post-8894","post","type-post","status-publish","format-standard","has-post-thumbnail","hentry","category-noticias-de-marketing-digital"],"yoast_head":"<!-- This site is optimized with the Yoast SEO plugin v27.4 - https:\/\/yoast.com\/product\/yoast-seo-wordpress\/ -->\n<title>Publicis Groupe se hace con la planificaci\u00f3n de medios de Novartis - Super News<\/title>\n<meta name=\"robots\" content=\"index, follow, max-snippet:-1, max-image-preview:large, max-video-preview:-1\" \/>\n<link rel=\"canonical\" href=\"https:\/\/super-news.info\/es\/publicis-groupe-se-hace-con-la-planificacion-de-medios-de-novartis\/\" \/>\n<meta property=\"og:locale\" content=\"en_US\" \/>\n<meta property=\"og:type\" content=\"article\" \/>\n<meta property=\"og:title\" content=\"Publicis Groupe se hace con la planificaci\u00f3n de medios de Novartis - Super News\" \/>\n<meta property=\"og:description\" content=\"[ad_1] Publicis Groupe ser\u00e1 el socio global de compras y planificaci\u00f3n de medios, datos y an\u00e1lisis de la farmac\u00e9utica Novartis en 60 pa\u00edses. Publicis Groupe ser\u00e1 el socio global de compras y planificaci\u00f3n de medios, datos y an\u00e1lisis de la farmac\u00e9utica Novartis en 60 pa\u00edses. As\u00ed lo ha informado el CEO de la compa\u00f1\u00eda, Arthur [&hellip;]\" \/>\n<meta property=\"og:url\" content=\"https:\/\/super-news.info\/es\/publicis-groupe-se-hace-con-la-planificacion-de-medios-de-novartis\/\" \/>\n<meta property=\"og:site_name\" content=\"Super News\" \/>\n<meta property=\"article:published_time\" content=\"2019-08-16T09:22:12+00:00\" \/>\n<meta property=\"article:modified_time\" content=\"2019-08-16T09:22:13+00:00\" \/>\n<meta property=\"og:image\" content=\"https:\/\/super-news.info\/es\/wp-content\/uploads\/sites\/4\/2019\/08\/Publicis-Groupe-se-hace-con-la-planificaci\u00f3n-de-medios-de.jpg\" \/>\n\t<meta property=\"og:image:width\" content=\"626\" \/>\n\t<meta property=\"og:image:height\" content=\"364\" \/>\n\t<meta property=\"og:image:type\" content=\"image\/jpeg\" \/>\n<meta name=\"author\" content=\"super-news\" \/>\n<meta name=\"twitter:card\" content=\"summary_large_image\" \/>\n<meta name=\"twitter:label1\" content=\"Written by\" \/>\n\t<meta name=\"twitter:data1\" content=\"super-news\" \/>\n\t<meta name=\"twitter:label2\" content=\"Est. reading time\" \/>\n\t<meta name=\"twitter:data2\" content=\"2 minutes\" \/>\n<script type=\"application\/ld+json\" class=\"yoast-schema-graph\">{\"@context\":\"https:\\\/\\\/schema.org\",\"@graph\":[{\"@type\":\"Article\",\"@id\":\"https:\\\/\\\/super-news.info\\\/es\\\/publicis-groupe-se-hace-con-la-planificacion-de-medios-de-novartis\\\/#article\",\"isPartOf\":{\"@id\":\"https:\\\/\\\/super-news.info\\\/es\\\/publicis-groupe-se-hace-con-la-planificacion-de-medios-de-novartis\\\/\"},\"author\":{\"name\":\"super-news\",\"@id\":\"https:\\\/\\\/super-news.info\\\/es\\\/#\\\/schema\\\/person\\\/2d4068cb2f39cd10008c2fce578a7356\"},\"headline\":\"Publicis Groupe se hace con la planificaci\u00f3n de medios de Novartis\",\"datePublished\":\"2019-08-16T09:22:12+00:00\",\"dateModified\":\"2019-08-16T09:22:13+00:00\",\"mainEntityOfPage\":{\"@id\":\"https:\\\/\\\/super-news.info\\\/es\\\/publicis-groupe-se-hace-con-la-planificacion-de-medios-de-novartis\\\/\"},\"wordCount\":426,\"commentCount\":0,\"image\":{\"@id\":\"https:\\\/\\\/super-news.info\\\/es\\\/publicis-groupe-se-hace-con-la-planificacion-de-medios-de-novartis\\\/#primaryimage\"},\"thumbnailUrl\":\"https:\\\/\\\/super-news.info\\\/es\\\/wp-content\\\/uploads\\\/sites\\\/4\\\/2019\\\/08\\\/Publicis-Groupe-se-hace-con-la-planificaci\u00f3n-de-medios-de.jpg\",\"articleSection\":[\"NOTICIAS DE MARKETING DIGITAL\"],\"inLanguage\":\"en-US\",\"potentialAction\":[{\"@type\":\"CommentAction\",\"name\":\"Comment\",\"target\":[\"https:\\\/\\\/super-news.info\\\/es\\\/publicis-groupe-se-hace-con-la-planificacion-de-medios-de-novartis\\\/#respond\"]}]},{\"@type\":\"WebPage\",\"@id\":\"https:\\\/\\\/super-news.info\\\/es\\\/publicis-groupe-se-hace-con-la-planificacion-de-medios-de-novartis\\\/\",\"url\":\"https:\\\/\\\/super-news.info\\\/es\\\/publicis-groupe-se-hace-con-la-planificacion-de-medios-de-novartis\\\/\",\"name\":\"Publicis Groupe se hace con la planificaci\u00f3n de medios de Novartis - Super News\",\"isPartOf\":{\"@id\":\"https:\\\/\\\/super-news.info\\\/es\\\/#website\"},\"primaryImageOfPage\":{\"@id\":\"https:\\\/\\\/super-news.info\\\/es\\\/publicis-groupe-se-hace-con-la-planificacion-de-medios-de-novartis\\\/#primaryimage\"},\"image\":{\"@id\":\"https:\\\/\\\/super-news.info\\\/es\\\/publicis-groupe-se-hace-con-la-planificacion-de-medios-de-novartis\\\/#primaryimage\"},\"thumbnailUrl\":\"https:\\\/\\\/super-news.info\\\/es\\\/wp-content\\\/uploads\\\/sites\\\/4\\\/2019\\\/08\\\/Publicis-Groupe-se-hace-con-la-planificaci\u00f3n-de-medios-de.jpg\",\"datePublished\":\"2019-08-16T09:22:12+00:00\",\"dateModified\":\"2019-08-16T09:22:13+00:00\",\"author\":{\"@id\":\"https:\\\/\\\/super-news.info\\\/es\\\/#\\\/schema\\\/person\\\/2d4068cb2f39cd10008c2fce578a7356\"},\"breadcrumb\":{\"@id\":\"https:\\\/\\\/super-news.info\\\/es\\\/publicis-groupe-se-hace-con-la-planificacion-de-medios-de-novartis\\\/#breadcrumb\"},\"inLanguage\":\"en-US\",\"potentialAction\":[{\"@type\":\"ReadAction\",\"target\":[\"https:\\\/\\\/super-news.info\\\/es\\\/publicis-groupe-se-hace-con-la-planificacion-de-medios-de-novartis\\\/\"]}]},{\"@type\":\"ImageObject\",\"inLanguage\":\"en-US\",\"@id\":\"https:\\\/\\\/super-news.info\\\/es\\\/publicis-groupe-se-hace-con-la-planificacion-de-medios-de-novartis\\\/#primaryimage\",\"url\":\"https:\\\/\\\/super-news.info\\\/es\\\/wp-content\\\/uploads\\\/sites\\\/4\\\/2019\\\/08\\\/Publicis-Groupe-se-hace-con-la-planificaci\u00f3n-de-medios-de.jpg\",\"contentUrl\":\"https:\\\/\\\/super-news.info\\\/es\\\/wp-content\\\/uploads\\\/sites\\\/4\\\/2019\\\/08\\\/Publicis-Groupe-se-hace-con-la-planificaci\u00f3n-de-medios-de.jpg\",\"width\":626,\"height\":364,\"caption\":\"Publicis Groupe se hace con la planificaci\u00f3n de medios de Novartis\"},{\"@type\":\"BreadcrumbList\",\"@id\":\"https:\\\/\\\/super-news.info\\\/es\\\/publicis-groupe-se-hace-con-la-planificacion-de-medios-de-novartis\\\/#breadcrumb\",\"itemListElement\":[{\"@type\":\"ListItem\",\"position\":1,\"name\":\"\u0413\u043b\u0430\u0432\u043d\u0430\u044f \u0441\u0442\u0440\u0430\u043d\u0438\u0446\u0430\",\"item\":\"https:\\\/\\\/super-news.info\\\/es\\\/\"},{\"@type\":\"ListItem\",\"position\":2,\"name\":\"Publicis Groupe se hace con la planificaci\u00f3n de medios de Novartis\"}]},{\"@type\":\"WebSite\",\"@id\":\"https:\\\/\\\/super-news.info\\\/es\\\/#website\",\"url\":\"https:\\\/\\\/super-news.info\\\/es\\\/\",\"name\":\"Super News\",\"description\":\"Super News Espa\u00f1a\",\"potentialAction\":[{\"@type\":\"SearchAction\",\"target\":{\"@type\":\"EntryPoint\",\"urlTemplate\":\"https:\\\/\\\/super-news.info\\\/es\\\/?s={search_term_string}\"},\"query-input\":{\"@type\":\"PropertyValueSpecification\",\"valueRequired\":true,\"valueName\":\"search_term_string\"}}],\"inLanguage\":\"en-US\"},{\"@type\":\"Person\",\"@id\":\"https:\\\/\\\/super-news.info\\\/es\\\/#\\\/schema\\\/person\\\/2d4068cb2f39cd10008c2fce578a7356\",\"name\":\"super-news\",\"image\":{\"@type\":\"ImageObject\",\"inLanguage\":\"en-US\",\"@id\":\"https:\\\/\\\/secure.gravatar.com\\\/avatar\\\/64ebac40b93f26a154f8a9b5b6fdccfc46f442b26b3dd6756dbff3bf9dc76fd7?s=96&d=mm&r=g\",\"url\":\"https:\\\/\\\/secure.gravatar.com\\\/avatar\\\/64ebac40b93f26a154f8a9b5b6fdccfc46f442b26b3dd6756dbff3bf9dc76fd7?s=96&d=mm&r=g\",\"contentUrl\":\"https:\\\/\\\/secure.gravatar.com\\\/avatar\\\/64ebac40b93f26a154f8a9b5b6fdccfc46f442b26b3dd6756dbff3bf9dc76fd7?s=96&d=mm&r=g\",\"caption\":\"super-news\"},\"url\":\"https:\\\/\\\/super-news.info\\\/es\\\/author\\\/pt\\\/\"}]}<\/script>\n<!-- \/ Yoast SEO plugin. -->","yoast_head_json":{"title":"Publicis Groupe se hace con la planificaci\u00f3n de medios de Novartis - Super News","robots":{"index":"index","follow":"follow","max-snippet":"max-snippet:-1","max-image-preview":"max-image-preview:large","max-video-preview":"max-video-preview:-1"},"canonical":"https:\/\/super-news.info\/es\/publicis-groupe-se-hace-con-la-planificacion-de-medios-de-novartis\/","og_locale":"en_US","og_type":"article","og_title":"Publicis Groupe se hace con la planificaci\u00f3n de medios de Novartis - Super News","og_description":"[ad_1] Publicis Groupe ser\u00e1 el socio global de compras y planificaci\u00f3n de medios, datos y an\u00e1lisis de la farmac\u00e9utica Novartis en 60 pa\u00edses. Publicis Groupe ser\u00e1 el socio global de compras y planificaci\u00f3n de medios, datos y an\u00e1lisis de la farmac\u00e9utica Novartis en 60 pa\u00edses. As\u00ed lo ha informado el CEO de la compa\u00f1\u00eda, Arthur [&hellip;]","og_url":"https:\/\/super-news.info\/es\/publicis-groupe-se-hace-con-la-planificacion-de-medios-de-novartis\/","og_site_name":"Super News","article_published_time":"2019-08-16T09:22:12+00:00","article_modified_time":"2019-08-16T09:22:13+00:00","og_image":[{"width":626,"height":364,"url":"https:\/\/super-news.info\/es\/wp-content\/uploads\/sites\/4\/2019\/08\/Publicis-Groupe-se-hace-con-la-planificaci\u00f3n-de-medios-de.jpg","type":"image\/jpeg"}],"author":"super-news","twitter_card":"summary_large_image","twitter_misc":{"Written by":"super-news","Est. reading time":"2 minutes"},"schema":{"@context":"https:\/\/schema.org","@graph":[{"@type":"Article","@id":"https:\/\/super-news.info\/es\/publicis-groupe-se-hace-con-la-planificacion-de-medios-de-novartis\/#article","isPartOf":{"@id":"https:\/\/super-news.info\/es\/publicis-groupe-se-hace-con-la-planificacion-de-medios-de-novartis\/"},"author":{"name":"super-news","@id":"https:\/\/super-news.info\/es\/#\/schema\/person\/2d4068cb2f39cd10008c2fce578a7356"},"headline":"Publicis Groupe se hace con la planificaci\u00f3n de medios de Novartis","datePublished":"2019-08-16T09:22:12+00:00","dateModified":"2019-08-16T09:22:13+00:00","mainEntityOfPage":{"@id":"https:\/\/super-news.info\/es\/publicis-groupe-se-hace-con-la-planificacion-de-medios-de-novartis\/"},"wordCount":426,"commentCount":0,"image":{"@id":"https:\/\/super-news.info\/es\/publicis-groupe-se-hace-con-la-planificacion-de-medios-de-novartis\/#primaryimage"},"thumbnailUrl":"https:\/\/super-news.info\/es\/wp-content\/uploads\/sites\/4\/2019\/08\/Publicis-Groupe-se-hace-con-la-planificaci\u00f3n-de-medios-de.jpg","articleSection":["NOTICIAS DE MARKETING DIGITAL"],"inLanguage":"en-US","potentialAction":[{"@type":"CommentAction","name":"Comment","target":["https:\/\/super-news.info\/es\/publicis-groupe-se-hace-con-la-planificacion-de-medios-de-novartis\/#respond"]}]},{"@type":"WebPage","@id":"https:\/\/super-news.info\/es\/publicis-groupe-se-hace-con-la-planificacion-de-medios-de-novartis\/","url":"https:\/\/super-news.info\/es\/publicis-groupe-se-hace-con-la-planificacion-de-medios-de-novartis\/","name":"Publicis Groupe se hace con la planificaci\u00f3n de medios de Novartis - Super News","isPartOf":{"@id":"https:\/\/super-news.info\/es\/#website"},"primaryImageOfPage":{"@id":"https:\/\/super-news.info\/es\/publicis-groupe-se-hace-con-la-planificacion-de-medios-de-novartis\/#primaryimage"},"image":{"@id":"https:\/\/super-news.info\/es\/publicis-groupe-se-hace-con-la-planificacion-de-medios-de-novartis\/#primaryimage"},"thumbnailUrl":"https:\/\/super-news.info\/es\/wp-content\/uploads\/sites\/4\/2019\/08\/Publicis-Groupe-se-hace-con-la-planificaci\u00f3n-de-medios-de.jpg","datePublished":"2019-08-16T09:22:12+00:00","dateModified":"2019-08-16T09:22:13+00:00","author":{"@id":"https:\/\/super-news.info\/es\/#\/schema\/person\/2d4068cb2f39cd10008c2fce578a7356"},"breadcrumb":{"@id":"https:\/\/super-news.info\/es\/publicis-groupe-se-hace-con-la-planificacion-de-medios-de-novartis\/#breadcrumb"},"inLanguage":"en-US","potentialAction":[{"@type":"ReadAction","target":["https:\/\/super-news.info\/es\/publicis-groupe-se-hace-con-la-planificacion-de-medios-de-novartis\/"]}]},{"@type":"ImageObject","inLanguage":"en-US","@id":"https:\/\/super-news.info\/es\/publicis-groupe-se-hace-con-la-planificacion-de-medios-de-novartis\/#primaryimage","url":"https:\/\/super-news.info\/es\/wp-content\/uploads\/sites\/4\/2019\/08\/Publicis-Groupe-se-hace-con-la-planificaci\u00f3n-de-medios-de.jpg","contentUrl":"https:\/\/super-news.info\/es\/wp-content\/uploads\/sites\/4\/2019\/08\/Publicis-Groupe-se-hace-con-la-planificaci\u00f3n-de-medios-de.jpg","width":626,"height":364,"caption":"Publicis Groupe se hace con la planificaci\u00f3n de medios de Novartis"},{"@type":"BreadcrumbList","@id":"https:\/\/super-news.info\/es\/publicis-groupe-se-hace-con-la-planificacion-de-medios-de-novartis\/#breadcrumb","itemListElement":[{"@type":"ListItem","position":1,"name":"\u0413\u043b\u0430\u0432\u043d\u0430\u044f \u0441\u0442\u0440\u0430\u043d\u0438\u0446\u0430","item":"https:\/\/super-news.info\/es\/"},{"@type":"ListItem","position":2,"name":"Publicis Groupe se hace con la planificaci\u00f3n de medios de Novartis"}]},{"@type":"WebSite","@id":"https:\/\/super-news.info\/es\/#website","url":"https:\/\/super-news.info\/es\/","name":"Super News","description":"Super News Espa\u00f1a","potentialAction":[{"@type":"SearchAction","target":{"@type":"EntryPoint","urlTemplate":"https:\/\/super-news.info\/es\/?s={search_term_string}"},"query-input":{"@type":"PropertyValueSpecification","valueRequired":true,"valueName":"search_term_string"}}],"inLanguage":"en-US"},{"@type":"Person","@id":"https:\/\/super-news.info\/es\/#\/schema\/person\/2d4068cb2f39cd10008c2fce578a7356","name":"super-news","image":{"@type":"ImageObject","inLanguage":"en-US","@id":"https:\/\/secure.gravatar.com\/avatar\/64ebac40b93f26a154f8a9b5b6fdccfc46f442b26b3dd6756dbff3bf9dc76fd7?s=96&d=mm&r=g","url":"https:\/\/secure.gravatar.com\/avatar\/64ebac40b93f26a154f8a9b5b6fdccfc46f442b26b3dd6756dbff3bf9dc76fd7?s=96&d=mm&r=g","contentUrl":"https:\/\/secure.gravatar.com\/avatar\/64ebac40b93f26a154f8a9b5b6fdccfc46f442b26b3dd6756dbff3bf9dc76fd7?s=96&d=mm&r=g","caption":"super-news"},"url":"https:\/\/super-news.info\/es\/author\/pt\/"}]}},"_links":{"self":[{"href":"https:\/\/super-news.info\/es\/wp-json\/wp\/v2\/posts\/8894","targetHints":{"allow":["GET"]}}],"collection":[{"href":"https:\/\/super-news.info\/es\/wp-json\/wp\/v2\/posts"}],"about":[{"href":"https:\/\/super-news.info\/es\/wp-json\/wp\/v2\/types\/post"}],"author":[{"embeddable":true,"href":"https:\/\/super-news.info\/es\/wp-json\/wp\/v2\/users\/2"}],"replies":[{"embeddable":true,"href":"https:\/\/super-news.info\/es\/wp-json\/wp\/v2\/comments?post=8894"}],"version-history":[{"count":1,"href":"https:\/\/super-news.info\/es\/wp-json\/wp\/v2\/posts\/8894\/revisions"}],"predecessor-version":[{"id":8896,"href":"https:\/\/super-news.info\/es\/wp-json\/wp\/v2\/posts\/8894\/revisions\/8896"}],"wp:featuredmedia":[{"embeddable":true,"href":"https:\/\/super-news.info\/es\/wp-json\/wp\/v2\/media\/8895"}],"wp:attachment":[{"href":"https:\/\/super-news.info\/es\/wp-json\/wp\/v2\/media?parent=8894"}],"wp:term":[{"taxonomy":"category","embeddable":true,"href":"https:\/\/super-news.info\/es\/wp-json\/wp\/v2\/categories?post=8894"},{"taxonomy":"post_tag","embeddable":true,"href":"https:\/\/super-news.info\/es\/wp-json\/wp\/v2\/tags?post=8894"}],"curies":[{"name":"wp","href":"https:\/\/api.w.org\/{rel}","templated":true}]}}