{"id":8888,"date":"2019-08-16T10:53:26","date_gmt":"2019-08-16T07:53:26","guid":{"rendered":"https:\/\/super-news.info\/es\/conde-nast-anuncia-su-nueva-estructura-de-liderazgo-global\/"},"modified":"2019-08-16T10:53:27","modified_gmt":"2019-08-16T07:53:27","slug":"conde-nast-anuncia-su-nueva-estructura-de-liderazgo-global","status":"publish","type":"post","link":"https:\/\/super-news.info\/es\/conde-nast-anuncia-su-nueva-estructura-de-liderazgo-global\/","title":{"rendered":"Cond\u00e9 Nast anuncia su nueva estructura de liderazgo global"},"content":{"rendered":"<p> [ad_1]<br \/>\n<\/p>\n<div id=\"textoNoticia\">\n<p class=\"excerpt-single\">La nueva estructura comercial de Cond\u00e9 Nast, formada por un \u00fanico equipo global, persigue dar un servicio integral a los clientes.<\/p>\n<p>Cond\u00e9 Nast anuncia el <b>nombramiento de un nuevo equipo de liderazgo global<\/b>\u00a0dise\u00f1ado para\u00a0<b>acelerar su evoluci\u00f3n hacia una compa\u00f1\u00eda de medios del siglo XXI<\/b>. La nueva estructura organizativa, que integra Cond\u00e9 Nast y Cond\u00e9 Nast Internacional en un equipo global unificado, responde a varios principios fundacionales del grupo, incluyendo la\u00a0<b>fuerza y autoridad de los equipos locales<\/b>; el\u00a0<b>foco en el consumidor<\/b>; la\u00a0<b>conciliaci\u00f3n de las necesidades locales y globales de los clientes<\/b>; y el desarrollo de\u00a0<b>nuevas f\u00f3rmulas para compartir conocimiento<\/b>, habilidades y buenas pr\u00e1cticas a nivel global.<\/p>\n<p>&#8220;Una de mis principales prioridades ha sido definir nuestra estructura organizativa para que podamos\u00a0<b>aprovechar al m\u00e1ximo tanto nuestra extraordinaria oportunidad de crecimiento<\/b>\u00a0y desarrollo, como nuestro excepcional contenido en todo el mundo&#8221;, explica\u00a0<b>Roger Lynch, CEO de Cond\u00e9 Nast<\/b>. &#8220;Estoy seguro de que nuestra nueva estructura global nos permitir\u00e1 colaborar mejor entre equipos y mercados y, en \u00faltima instancia, ofrecer\u00a0<b>experiencias incomparables a nuestros consumidores y clientes<\/b>\u201d.<\/p>\n<p>&#8220;Estamos concentrando esfuerzos en\u00a0<b>enriquecer la experiencia global del consumidor<\/b>, para lo que hemos creado una nueva funci\u00f3n de\u00a0<b><i>Consumer Marketing<\/i><\/b>\u00a0que se encargar\u00e1 de desarrollar los\u00a0<b>mejores servicios y herramientas de suscripci\u00f3n y afiliaci\u00f3n del mercado<\/b>, manteniendo al mismo tiempo la\u00a0<b>autenticidad de nuestras ic\u00f3nicas marcas globales<\/b>&#8220;. Contin\u00faa Lynch: &#8220;Adem\u00e1s, con la transformaci\u00f3n de nuestra\u00a0<b>organizaci\u00f3n comercial en un equipo global unificado<\/b>, Cond\u00e9 Nast se encuentra en una posici\u00f3n inmejorable para satisfacer las necesidades hol\u00edsticas de nuestros clientes en todo el mundo, y para facilitar y\u00a0<b>maximizar las oportunidades comerciales que les ofrecemos<\/b>&#8220;.<\/p>\n<p>La nueva estructura se organizar\u00e1 de la siguiente forma:<\/p>\n<p><b><u>Funciones de Contenido Global<\/u><\/b>:<\/p>\n<p><b>Anna Wintour, Directora Art\u00edstica de EE. UU., Directora de Vogue EE. UU. y Consultora de Contenido Global,<\/b>\u00a0continuar\u00e1 en su funci\u00f3n de Directora Art\u00edstica de EE. UU. y Directora de Vogue EE. UU. Adem\u00e1s, Wintour actuar\u00e1 como\u00a0<b>Consultora de Contenido Global<\/b>\u00a0y supervisar\u00e1 el Hub central de contenido de Vogue Internacional. Por su parte, las distintas ediciones de Vogue continuar\u00e1n manteniendo su propia identidad editorial en cada uno de los mercados.<\/p>\n<p><b>Oren Katzeff, presidente de Cond\u00e9 Nast Entertainment (CNE),<\/b>\u00a0estar\u00e1 al frente de la ampliaci\u00f3n de las operaciones de v\u00eddeo digital, cine y televisi\u00f3n de la compa\u00f1\u00eda, con el objetivo de crear las mejores experiencias posibles de contenido audiovisual para audiencias de todo el mundo. En la actualidad, la compa\u00f1\u00eda est\u00e1 potenciando el desarrollo de contenido audiovisual y actualmente genera 1.100 millones de visualizaciones mensuales. Bajo el liderazgo de Oren Katzeff, CNE ser\u00e1, a partir de ahora, el eje central de la red global de equipos de v\u00eddeo del grupo, contribuyendo al crecimiento de nuestro negocio audiovisual en todos los mercados.<\/p>\n<p><b><u>Organizaci\u00f3n de operaciones globales<\/u><\/b><b>:<\/b><\/p>\n<p><b>Wolfgang Blau<i>, President, International &amp; Chief Operating Officer<\/i><\/b>supervisar\u00e1 todos los mercados internacionales (a excepci\u00f3n de USA), y liderar\u00e1 determinadas funciones estrat\u00e9gicas globales, incluyendo Producto &amp; Tecnolog\u00eda, Data, Licencias, Operaciones Editoriales Globales, Desarrollo de Negocio y\u00a0<i>Delivery &amp; Business Transformation.\u00a0<\/i>Esta organizaci\u00f3n tiene como objetivo garantizar la excelencia operativa del d\u00eda a d\u00eda y el intercambio de conocimiento, as\u00ed como el trabajo colaborativo en toda la compa\u00f1\u00eda.<\/p>\n<p><b><u>Organizaci\u00f3n comercial global<\/u><\/b>:<\/p>\n<p><b>Pamela Drucker Mann,\u00a0<i>Global Chief Revenue Officer &amp; President, U.S. Revenue<\/i><\/b>, dirigir\u00e1 una nueva organizaci\u00f3n comercial global.\u00a0<b>Jamie Jouning<\/b>, ascendido a\u00a0<b>Chief Client Officer<\/b>, reportar\u00e1 a Drucker Mann y supervisar\u00e1 las cuentas globales clave y los grandes acuerdos multinacionales. Drucker Mann definir\u00e1 la estrategia de ventas y producto comercial a nivel mundial y colaborar\u00e1 con los equipos comerciales locales para prestar el mejor servicio a los clientes del grupo.<\/p>\n<p><b><u>Organizaci\u00f3n de Consumer Marketing<\/u><\/b>:<\/p>\n<p>Una de las principales apuestas de esta nueva organizaci\u00f3n es la creaci\u00f3n de una\u00a0<b>direcci\u00f3n de Consumer Marketing global<\/b>. Esta divisi\u00f3n revolucionar\u00e1 los servicios que el grupo ofrece al consumidor, creando una propuesta de valor \u00fanica en cada plataforma. Los servicios de\u00a0<i>membership<\/i>, el\u00a0<i>branding<\/i>global, el\u00a0<i>research<\/i>\u00a0y el desarrollo de audiencia global ser\u00e1n competencias de este departamento, todo ello desde un enfoque inspirado en el data como fuente para tomar las mejores decisiones. La b\u00fasqueda de un CMO para dirigir este nuevo departamento comenzar\u00e1 de inmediato.<\/p>\n<p><b><u>Funciones Corporativas:<\/u><\/b><\/p>\n<p>La armonizaci\u00f3n de tres funciones corporativas clave -Finanzas, Talento (Recursos Humanos) y Comunicaci\u00f3n- es otra de las decisiones estrat\u00e9gicas que persigue mejorar conocimientos y habilidades en estas \u00e1reas, as\u00ed como estandarizar procesos y buenas pr\u00e1cticas. La compa\u00f1\u00eda comenzar\u00e1 un proceso inmediato de b\u00fasqueda y selecci\u00f3n para estos puestos, que trabajar\u00e1n con los equipos locales para conseguir una armon\u00eda \u00f3ptima entre las pol\u00edticas internacionales y la aplicaci\u00f3n en cada mercado.<\/p>\n<p class=\"link-telegram\">\n\t\t\t\t\t\t\t\t\t\t\tNo te pierdas nada de MarketingDirecto.com y \u00fanete a nuestro Telegram t.me\/MarketingDirecto\n\t\t\t\t\t\t\t\t\t\t<\/p>\n<\/p><\/div>\n<p><script>(function(d, s, id) {\n  var js, fjs = d.getElementsByTagName(s)[0];\n  if (d.getElementById(id)) return;\n  js = d.createElement(s); js.id = id;\n  js.src = \"http:\/\/connect.facebook.net\/es_LA\/sdk.js#xfbml=1&appId=408746052611679&version=v2.3\";\n  fjs.parentNode.insertBefore(js, fjs);\n}(document, 'script', 'facebook-jssdk'));<\/script><br \/>\n<br \/>[ad_2]<br \/>\n<br \/><a href=\"https:\/\/www.marketingdirecto.com\/anunciantes-general\/medios\/conde-nast-anuncia-su-nueva-estructura-de-liderazgo-global\">Source link <\/a><\/p>\n","protected":false},"excerpt":{"rendered":"<p>[ad_1] La nueva estructura comercial de Cond\u00e9 Nast, formada por un \u00fanico equipo global, persigue dar un servicio integral a los clientes. Cond\u00e9 Nast anuncia el nombramiento de un nuevo equipo de liderazgo global\u00a0dise\u00f1ado para\u00a0acelerar su evoluci\u00f3n hacia una compa\u00f1\u00eda de medios del siglo XXI. La nueva estructura organizativa, que integra Cond\u00e9 Nast y Cond\u00e9 [&hellip;]<\/p>\n","protected":false},"author":2,"featured_media":8889,"comment_status":"open","ping_status":"open","sticky":false,"template":"","format":"standard","meta":{"footnotes":""},"categories":[2],"tags":[],"class_list":["post-8888","post","type-post","status-publish","format-standard","has-post-thumbnail","hentry","category-noticias-de-marketing-digital"],"yoast_head":"<!-- This site is optimized with the Yoast SEO plugin v27.4 - https:\/\/yoast.com\/product\/yoast-seo-wordpress\/ -->\n<title>Cond\u00e9 Nast anuncia su nueva estructura de liderazgo global - Super News<\/title>\n<meta name=\"robots\" content=\"index, follow, max-snippet:-1, max-image-preview:large, max-video-preview:-1\" \/>\n<link rel=\"canonical\" href=\"https:\/\/super-news.info\/es\/conde-nast-anuncia-su-nueva-estructura-de-liderazgo-global\/\" \/>\n<meta property=\"og:locale\" content=\"en_US\" \/>\n<meta property=\"og:type\" content=\"article\" \/>\n<meta property=\"og:title\" content=\"Cond\u00e9 Nast anuncia su nueva estructura de liderazgo global - Super News\" \/>\n<meta property=\"og:description\" content=\"[ad_1] La nueva estructura comercial de Cond\u00e9 Nast, formada por un \u00fanico equipo global, persigue dar un servicio integral a los clientes. Cond\u00e9 Nast anuncia el nombramiento de un nuevo equipo de liderazgo global\u00a0dise\u00f1ado para\u00a0acelerar su evoluci\u00f3n hacia una compa\u00f1\u00eda de medios del siglo XXI. La nueva estructura organizativa, que integra Cond\u00e9 Nast y Cond\u00e9 [&hellip;]\" \/>\n<meta property=\"og:url\" content=\"https:\/\/super-news.info\/es\/conde-nast-anuncia-su-nueva-estructura-de-liderazgo-global\/\" \/>\n<meta property=\"og:site_name\" content=\"Super News\" \/>\n<meta property=\"article:published_time\" content=\"2019-08-16T07:53:26+00:00\" \/>\n<meta property=\"article:modified_time\" content=\"2019-08-16T07:53:27+00:00\" \/>\n<meta property=\"og:image\" content=\"https:\/\/super-news.info\/es\/wp-content\/uploads\/sites\/4\/2019\/08\/Cond\u00e9-Nast-anuncia-su-nueva-estructura-de-liderazgo-global.jpg\" \/>\n\t<meta property=\"og:image:width\" content=\"626\" \/>\n\t<meta property=\"og:image:height\" content=\"364\" \/>\n\t<meta property=\"og:image:type\" content=\"image\/jpeg\" \/>\n<meta name=\"author\" content=\"super-news\" \/>\n<meta name=\"twitter:card\" content=\"summary_large_image\" \/>\n<meta name=\"twitter:label1\" content=\"Written by\" \/>\n\t<meta name=\"twitter:data1\" content=\"super-news\" \/>\n\t<meta name=\"twitter:label2\" content=\"Est. reading time\" \/>\n\t<meta name=\"twitter:data2\" content=\"4 minutes\" \/>\n<script type=\"application\/ld+json\" class=\"yoast-schema-graph\">{\"@context\":\"https:\\\/\\\/schema.org\",\"@graph\":[{\"@type\":\"Article\",\"@id\":\"https:\\\/\\\/super-news.info\\\/es\\\/conde-nast-anuncia-su-nueva-estructura-de-liderazgo-global\\\/#article\",\"isPartOf\":{\"@id\":\"https:\\\/\\\/super-news.info\\\/es\\\/conde-nast-anuncia-su-nueva-estructura-de-liderazgo-global\\\/\"},\"author\":{\"name\":\"super-news\",\"@id\":\"https:\\\/\\\/super-news.info\\\/es\\\/#\\\/schema\\\/person\\\/2d4068cb2f39cd10008c2fce578a7356\"},\"headline\":\"Cond\u00e9 Nast anuncia su nueva estructura de liderazgo global\",\"datePublished\":\"2019-08-16T07:53:26+00:00\",\"dateModified\":\"2019-08-16T07:53:27+00:00\",\"mainEntityOfPage\":{\"@id\":\"https:\\\/\\\/super-news.info\\\/es\\\/conde-nast-anuncia-su-nueva-estructura-de-liderazgo-global\\\/\"},\"wordCount\":846,\"commentCount\":0,\"image\":{\"@id\":\"https:\\\/\\\/super-news.info\\\/es\\\/conde-nast-anuncia-su-nueva-estructura-de-liderazgo-global\\\/#primaryimage\"},\"thumbnailUrl\":\"https:\\\/\\\/super-news.info\\\/es\\\/wp-content\\\/uploads\\\/sites\\\/4\\\/2019\\\/08\\\/Cond\u00e9-Nast-anuncia-su-nueva-estructura-de-liderazgo-global.jpg\",\"articleSection\":[\"NOTICIAS DE MARKETING DIGITAL\"],\"inLanguage\":\"en-US\",\"potentialAction\":[{\"@type\":\"CommentAction\",\"name\":\"Comment\",\"target\":[\"https:\\\/\\\/super-news.info\\\/es\\\/conde-nast-anuncia-su-nueva-estructura-de-liderazgo-global\\\/#respond\"]}]},{\"@type\":\"WebPage\",\"@id\":\"https:\\\/\\\/super-news.info\\\/es\\\/conde-nast-anuncia-su-nueva-estructura-de-liderazgo-global\\\/\",\"url\":\"https:\\\/\\\/super-news.info\\\/es\\\/conde-nast-anuncia-su-nueva-estructura-de-liderazgo-global\\\/\",\"name\":\"Cond\u00e9 Nast anuncia su nueva estructura de liderazgo global - Super News\",\"isPartOf\":{\"@id\":\"https:\\\/\\\/super-news.info\\\/es\\\/#website\"},\"primaryImageOfPage\":{\"@id\":\"https:\\\/\\\/super-news.info\\\/es\\\/conde-nast-anuncia-su-nueva-estructura-de-liderazgo-global\\\/#primaryimage\"},\"image\":{\"@id\":\"https:\\\/\\\/super-news.info\\\/es\\\/conde-nast-anuncia-su-nueva-estructura-de-liderazgo-global\\\/#primaryimage\"},\"thumbnailUrl\":\"https:\\\/\\\/super-news.info\\\/es\\\/wp-content\\\/uploads\\\/sites\\\/4\\\/2019\\\/08\\\/Cond\u00e9-Nast-anuncia-su-nueva-estructura-de-liderazgo-global.jpg\",\"datePublished\":\"2019-08-16T07:53:26+00:00\",\"dateModified\":\"2019-08-16T07:53:27+00:00\",\"author\":{\"@id\":\"https:\\\/\\\/super-news.info\\\/es\\\/#\\\/schema\\\/person\\\/2d4068cb2f39cd10008c2fce578a7356\"},\"breadcrumb\":{\"@id\":\"https:\\\/\\\/super-news.info\\\/es\\\/conde-nast-anuncia-su-nueva-estructura-de-liderazgo-global\\\/#breadcrumb\"},\"inLanguage\":\"en-US\",\"potentialAction\":[{\"@type\":\"ReadAction\",\"target\":[\"https:\\\/\\\/super-news.info\\\/es\\\/conde-nast-anuncia-su-nueva-estructura-de-liderazgo-global\\\/\"]}]},{\"@type\":\"ImageObject\",\"inLanguage\":\"en-US\",\"@id\":\"https:\\\/\\\/super-news.info\\\/es\\\/conde-nast-anuncia-su-nueva-estructura-de-liderazgo-global\\\/#primaryimage\",\"url\":\"https:\\\/\\\/super-news.info\\\/es\\\/wp-content\\\/uploads\\\/sites\\\/4\\\/2019\\\/08\\\/Cond\u00e9-Nast-anuncia-su-nueva-estructura-de-liderazgo-global.jpg\",\"contentUrl\":\"https:\\\/\\\/super-news.info\\\/es\\\/wp-content\\\/uploads\\\/sites\\\/4\\\/2019\\\/08\\\/Cond\u00e9-Nast-anuncia-su-nueva-estructura-de-liderazgo-global.jpg\",\"width\":626,\"height\":364,\"caption\":\"Cond\u00e9 Nast anuncia su nueva estructura de liderazgo global\"},{\"@type\":\"BreadcrumbList\",\"@id\":\"https:\\\/\\\/super-news.info\\\/es\\\/conde-nast-anuncia-su-nueva-estructura-de-liderazgo-global\\\/#breadcrumb\",\"itemListElement\":[{\"@type\":\"ListItem\",\"position\":1,\"name\":\"\u0413\u043b\u0430\u0432\u043d\u0430\u044f \u0441\u0442\u0440\u0430\u043d\u0438\u0446\u0430\",\"item\":\"https:\\\/\\\/super-news.info\\\/es\\\/\"},{\"@type\":\"ListItem\",\"position\":2,\"name\":\"Cond\u00e9 Nast anuncia su nueva estructura de liderazgo global\"}]},{\"@type\":\"WebSite\",\"@id\":\"https:\\\/\\\/super-news.info\\\/es\\\/#website\",\"url\":\"https:\\\/\\\/super-news.info\\\/es\\\/\",\"name\":\"Super News\",\"description\":\"Super News Espa\u00f1a\",\"potentialAction\":[{\"@type\":\"SearchAction\",\"target\":{\"@type\":\"EntryPoint\",\"urlTemplate\":\"https:\\\/\\\/super-news.info\\\/es\\\/?s={search_term_string}\"},\"query-input\":{\"@type\":\"PropertyValueSpecification\",\"valueRequired\":true,\"valueName\":\"search_term_string\"}}],\"inLanguage\":\"en-US\"},{\"@type\":\"Person\",\"@id\":\"https:\\\/\\\/super-news.info\\\/es\\\/#\\\/schema\\\/person\\\/2d4068cb2f39cd10008c2fce578a7356\",\"name\":\"super-news\",\"image\":{\"@type\":\"ImageObject\",\"inLanguage\":\"en-US\",\"@id\":\"https:\\\/\\\/secure.gravatar.com\\\/avatar\\\/64ebac40b93f26a154f8a9b5b6fdccfc46f442b26b3dd6756dbff3bf9dc76fd7?s=96&d=mm&r=g\",\"url\":\"https:\\\/\\\/secure.gravatar.com\\\/avatar\\\/64ebac40b93f26a154f8a9b5b6fdccfc46f442b26b3dd6756dbff3bf9dc76fd7?s=96&d=mm&r=g\",\"contentUrl\":\"https:\\\/\\\/secure.gravatar.com\\\/avatar\\\/64ebac40b93f26a154f8a9b5b6fdccfc46f442b26b3dd6756dbff3bf9dc76fd7?s=96&d=mm&r=g\",\"caption\":\"super-news\"},\"url\":\"https:\\\/\\\/super-news.info\\\/es\\\/author\\\/pt\\\/\"}]}<\/script>\n<!-- \/ Yoast SEO plugin. -->","yoast_head_json":{"title":"Cond\u00e9 Nast anuncia su nueva estructura de liderazgo global - Super News","robots":{"index":"index","follow":"follow","max-snippet":"max-snippet:-1","max-image-preview":"max-image-preview:large","max-video-preview":"max-video-preview:-1"},"canonical":"https:\/\/super-news.info\/es\/conde-nast-anuncia-su-nueva-estructura-de-liderazgo-global\/","og_locale":"en_US","og_type":"article","og_title":"Cond\u00e9 Nast anuncia su nueva estructura de liderazgo global - Super News","og_description":"[ad_1] La nueva estructura comercial de Cond\u00e9 Nast, formada por un \u00fanico equipo global, persigue dar un servicio integral a los clientes. Cond\u00e9 Nast anuncia el nombramiento de un nuevo equipo de liderazgo global\u00a0dise\u00f1ado para\u00a0acelerar su evoluci\u00f3n hacia una compa\u00f1\u00eda de medios del siglo XXI. La nueva estructura organizativa, que integra Cond\u00e9 Nast y Cond\u00e9 [&hellip;]","og_url":"https:\/\/super-news.info\/es\/conde-nast-anuncia-su-nueva-estructura-de-liderazgo-global\/","og_site_name":"Super News","article_published_time":"2019-08-16T07:53:26+00:00","article_modified_time":"2019-08-16T07:53:27+00:00","og_image":[{"width":626,"height":364,"url":"https:\/\/super-news.info\/es\/wp-content\/uploads\/sites\/4\/2019\/08\/Cond\u00e9-Nast-anuncia-su-nueva-estructura-de-liderazgo-global.jpg","type":"image\/jpeg"}],"author":"super-news","twitter_card":"summary_large_image","twitter_misc":{"Written by":"super-news","Est. reading time":"4 minutes"},"schema":{"@context":"https:\/\/schema.org","@graph":[{"@type":"Article","@id":"https:\/\/super-news.info\/es\/conde-nast-anuncia-su-nueva-estructura-de-liderazgo-global\/#article","isPartOf":{"@id":"https:\/\/super-news.info\/es\/conde-nast-anuncia-su-nueva-estructura-de-liderazgo-global\/"},"author":{"name":"super-news","@id":"https:\/\/super-news.info\/es\/#\/schema\/person\/2d4068cb2f39cd10008c2fce578a7356"},"headline":"Cond\u00e9 Nast anuncia su nueva estructura de liderazgo global","datePublished":"2019-08-16T07:53:26+00:00","dateModified":"2019-08-16T07:53:27+00:00","mainEntityOfPage":{"@id":"https:\/\/super-news.info\/es\/conde-nast-anuncia-su-nueva-estructura-de-liderazgo-global\/"},"wordCount":846,"commentCount":0,"image":{"@id":"https:\/\/super-news.info\/es\/conde-nast-anuncia-su-nueva-estructura-de-liderazgo-global\/#primaryimage"},"thumbnailUrl":"https:\/\/super-news.info\/es\/wp-content\/uploads\/sites\/4\/2019\/08\/Cond\u00e9-Nast-anuncia-su-nueva-estructura-de-liderazgo-global.jpg","articleSection":["NOTICIAS DE MARKETING DIGITAL"],"inLanguage":"en-US","potentialAction":[{"@type":"CommentAction","name":"Comment","target":["https:\/\/super-news.info\/es\/conde-nast-anuncia-su-nueva-estructura-de-liderazgo-global\/#respond"]}]},{"@type":"WebPage","@id":"https:\/\/super-news.info\/es\/conde-nast-anuncia-su-nueva-estructura-de-liderazgo-global\/","url":"https:\/\/super-news.info\/es\/conde-nast-anuncia-su-nueva-estructura-de-liderazgo-global\/","name":"Cond\u00e9 Nast anuncia su nueva estructura de liderazgo global - Super News","isPartOf":{"@id":"https:\/\/super-news.info\/es\/#website"},"primaryImageOfPage":{"@id":"https:\/\/super-news.info\/es\/conde-nast-anuncia-su-nueva-estructura-de-liderazgo-global\/#primaryimage"},"image":{"@id":"https:\/\/super-news.info\/es\/conde-nast-anuncia-su-nueva-estructura-de-liderazgo-global\/#primaryimage"},"thumbnailUrl":"https:\/\/super-news.info\/es\/wp-content\/uploads\/sites\/4\/2019\/08\/Cond\u00e9-Nast-anuncia-su-nueva-estructura-de-liderazgo-global.jpg","datePublished":"2019-08-16T07:53:26+00:00","dateModified":"2019-08-16T07:53:27+00:00","author":{"@id":"https:\/\/super-news.info\/es\/#\/schema\/person\/2d4068cb2f39cd10008c2fce578a7356"},"breadcrumb":{"@id":"https:\/\/super-news.info\/es\/conde-nast-anuncia-su-nueva-estructura-de-liderazgo-global\/#breadcrumb"},"inLanguage":"en-US","potentialAction":[{"@type":"ReadAction","target":["https:\/\/super-news.info\/es\/conde-nast-anuncia-su-nueva-estructura-de-liderazgo-global\/"]}]},{"@type":"ImageObject","inLanguage":"en-US","@id":"https:\/\/super-news.info\/es\/conde-nast-anuncia-su-nueva-estructura-de-liderazgo-global\/#primaryimage","url":"https:\/\/super-news.info\/es\/wp-content\/uploads\/sites\/4\/2019\/08\/Cond\u00e9-Nast-anuncia-su-nueva-estructura-de-liderazgo-global.jpg","contentUrl":"https:\/\/super-news.info\/es\/wp-content\/uploads\/sites\/4\/2019\/08\/Cond\u00e9-Nast-anuncia-su-nueva-estructura-de-liderazgo-global.jpg","width":626,"height":364,"caption":"Cond\u00e9 Nast anuncia su nueva estructura de liderazgo global"},{"@type":"BreadcrumbList","@id":"https:\/\/super-news.info\/es\/conde-nast-anuncia-su-nueva-estructura-de-liderazgo-global\/#breadcrumb","itemListElement":[{"@type":"ListItem","position":1,"name":"\u0413\u043b\u0430\u0432\u043d\u0430\u044f \u0441\u0442\u0440\u0430\u043d\u0438\u0446\u0430","item":"https:\/\/super-news.info\/es\/"},{"@type":"ListItem","position":2,"name":"Cond\u00e9 Nast anuncia su nueva estructura de liderazgo global"}]},{"@type":"WebSite","@id":"https:\/\/super-news.info\/es\/#website","url":"https:\/\/super-news.info\/es\/","name":"Super News","description":"Super News Espa\u00f1a","potentialAction":[{"@type":"SearchAction","target":{"@type":"EntryPoint","urlTemplate":"https:\/\/super-news.info\/es\/?s={search_term_string}"},"query-input":{"@type":"PropertyValueSpecification","valueRequired":true,"valueName":"search_term_string"}}],"inLanguage":"en-US"},{"@type":"Person","@id":"https:\/\/super-news.info\/es\/#\/schema\/person\/2d4068cb2f39cd10008c2fce578a7356","name":"super-news","image":{"@type":"ImageObject","inLanguage":"en-US","@id":"https:\/\/secure.gravatar.com\/avatar\/64ebac40b93f26a154f8a9b5b6fdccfc46f442b26b3dd6756dbff3bf9dc76fd7?s=96&d=mm&r=g","url":"https:\/\/secure.gravatar.com\/avatar\/64ebac40b93f26a154f8a9b5b6fdccfc46f442b26b3dd6756dbff3bf9dc76fd7?s=96&d=mm&r=g","contentUrl":"https:\/\/secure.gravatar.com\/avatar\/64ebac40b93f26a154f8a9b5b6fdccfc46f442b26b3dd6756dbff3bf9dc76fd7?s=96&d=mm&r=g","caption":"super-news"},"url":"https:\/\/super-news.info\/es\/author\/pt\/"}]}},"_links":{"self":[{"href":"https:\/\/super-news.info\/es\/wp-json\/wp\/v2\/posts\/8888","targetHints":{"allow":["GET"]}}],"collection":[{"href":"https:\/\/super-news.info\/es\/wp-json\/wp\/v2\/posts"}],"about":[{"href":"https:\/\/super-news.info\/es\/wp-json\/wp\/v2\/types\/post"}],"author":[{"embeddable":true,"href":"https:\/\/super-news.info\/es\/wp-json\/wp\/v2\/users\/2"}],"replies":[{"embeddable":true,"href":"https:\/\/super-news.info\/es\/wp-json\/wp\/v2\/comments?post=8888"}],"version-history":[{"count":1,"href":"https:\/\/super-news.info\/es\/wp-json\/wp\/v2\/posts\/8888\/revisions"}],"predecessor-version":[{"id":8890,"href":"https:\/\/super-news.info\/es\/wp-json\/wp\/v2\/posts\/8888\/revisions\/8890"}],"wp:featuredmedia":[{"embeddable":true,"href":"https:\/\/super-news.info\/es\/wp-json\/wp\/v2\/media\/8889"}],"wp:attachment":[{"href":"https:\/\/super-news.info\/es\/wp-json\/wp\/v2\/media?parent=8888"}],"wp:term":[{"taxonomy":"category","embeddable":true,"href":"https:\/\/super-news.info\/es\/wp-json\/wp\/v2\/categories?post=8888"},{"taxonomy":"post_tag","embeddable":true,"href":"https:\/\/super-news.info\/es\/wp-json\/wp\/v2\/tags?post=8888"}],"curies":[{"name":"wp","href":"https:\/\/api.w.org\/{rel}","templated":true}]}}