{"id":8873,"date":"2019-08-16T03:19:56","date_gmt":"2019-08-16T00:19:56","guid":{"rendered":"https:\/\/super-news.info\/es\/la-generacion-de-demanda-desde-sus-inicios-hasta-su-adaptacion-a-la-era-digital\/"},"modified":"2019-08-16T03:19:57","modified_gmt":"2019-08-16T00:19:57","slug":"la-generacion-de-demanda-desde-sus-inicios-hasta-su-adaptacion-a-la-era-digital","status":"publish","type":"post","link":"https:\/\/super-news.info\/es\/la-generacion-de-demanda-desde-sus-inicios-hasta-su-adaptacion-a-la-era-digital\/","title":{"rendered":"La generaci\u00f3n de demanda: desde sus inicios hasta su adaptaci\u00f3n a la era digital"},"content":{"rendered":"<p> [ad_1]<br \/>\n<\/p>\n<div id=\"textoNoticia\">\n<p class=\"excerpt-single\">De la mano de Martin Bihl repasamos c\u00f3mo el nacimiento del universo digital supuso un antes y un despu\u00e9s en la relaci\u00f3n de marcas y agencias y en la tan anhelada generaci\u00f3n de demanda.<\/p>\n<\/p>\n<p>Que la <strong>revoluci\u00f3n digital<\/strong> ha cambiado las reglas del juego en el sector publicitario es un hecho ya asumido (en mayor o menor medida) por todos los agentes de sector. La llegada de internet, el boom de las redes sociales y los nuevos formatos de publicidad online han creado la necesidad imperiosa de investigar, de manera constante, los cambios que se producen en el comportamiento de los consumidores y en su relaci\u00f3n con las marcas.<\/p>\n<p>Para conocer y entender la fotograf\u00eda completa del panorama publicitario a lo largo de los a\u00f1os, el <strong>experto en publicidad Martin Bihl<\/strong> se ha centrado en la &#8220;generaci\u00f3n de demanda&#8221;, desde su aparici\u00f3n hasta los nuevos retos a los que se ha tenido que enfrentar impulsada por un hurac\u00e1n digital que no ha dejado t\u00edtere con cabeza.<\/p>\n<p>La <strong>generaci\u00f3n de demanda<\/strong> surgi\u00f3 de la mano del t\u00e1ndem marcas y agencias. Las primeras, porque ten\u00edan un producto que no pod\u00edan vender, y las segundas, porque consegu\u00edan venderlo. \u00bfC\u00f3mo? Creando una demanda entre los consumidores. El publicista pone el ejemplo de Listerine, un producto que comenz\u00f3 como antis\u00e9ptico quir\u00fargico, y que hoy, gracias a la brillante idea de posicionarlo como una cura para la halitosis (un problema, por desgracia, com\u00fan), es una marca de \u00e9xito (360,3 millones de d\u00f3lares en ventas en 2016).<\/p>\n<p>Esa generaci\u00f3n de demanda era entonces el gran <strong>valor a\u00f1adido que las agencias ofrec\u00edan a sus clientes<\/strong>, la respuesta a sus desvelos y el fin de sus preocupaciones. Una buena agencia podr\u00eda vender cualquier cosa, tocando las teclas correctas para activar esa necesidad entre los consumidores. &#8220;Y as\u00ed, los productos se vendieron, los Leones se ganaron y las casas de verano se compraron&#8221;, explica Bihl en su art\u00edculo.<\/p>\n<p>Sin embargo,<strong> la irrupci\u00f3n del digital<\/strong> puso este exitoso ecosistema del rev\u00e9s. La demanda, ahora, es f\u00e1cilmente detectable gracias al todopoderoso Google, que ofrece en mil\u00e9simas de segundos millones de resultados y revelaciones sobre lo que buscan los consumidores y lo que realmente anhelan, sin necesidad de que los altos cargos de marcas y agencias se sienten durante largas horas a construir una estrategia que les abra el coraz\u00f3n de los clientes.<\/p>\n<blockquote>\n<p>Las agencias deber\u00e1n tener &#8220;la capacidad de escuchar y participar, en lugar de solo transmitir&#8221;<\/p>\n<\/blockquote>\n<p>Pero, como dice Martin Bihl, esta revoluci\u00f3n no ha supuesto, ni de lejos, el fin de las agencias, sino la <strong>creaci\u00f3n de nuevos retos<\/strong> a los que deber\u00e1n hacer frente para continuar siendo un activo fundamental para las marcas. Su trabajo consiste ahora en dos objetivos fundamentales. El primero, asegurarse de que la marca y su producto aparezcan en la &#8220;pole position&#8221; del escaparate, tambi\u00e9n llamado <strong>primera p\u00e1gina de Google<\/strong>. Se trata de un largo camino a recorrer cada d\u00eda gracias a la monitorizaci\u00f3n y optimizaci\u00f3n constante de los sitios web, con el objetivo de pon\u00e9rselos en bandeja a un consumidor que busca cubrir su necesidad. El segundo punto se centra en la conversaci\u00f3n. Las agencias deber\u00e1n ser capaces de recoger toda la informaci\u00f3n sobre las b\u00fasquedas de los consumidores para entablar <strong>las conversaciones que realmente quieren tener<\/strong> con las marcas, y no las que las marcas quieren tener con los consumidores.<\/p>\n<p>En resumen, las agencias deber\u00e1n tener &#8220;la capacidad de escuchar y participar, en lugar de solo transmitir&#8221;, tal y como explica el experto. Y, todo ello, el tiempo real, atendiendo a unas necesidades cambiantes y a un consumidor que dice, exactamente, lo que quiere y como lo quiere.<\/p>\n<p class=\"link-telegram\">\n\t\t\t\t\t\t\t\t\t\t\tNo te pierdas nada de MarketingDirecto.com y \u00fanete a nuestro Telegram t.me\/MarketingDirecto\n\t\t\t\t\t\t\t\t\t\t<\/p>\n<\/p><\/div>\n<p><script>(function(d, s, id) {\n  var js, fjs = d.getElementsByTagName(s)[0];\n  if (d.getElementById(id)) return;\n  js = d.createElement(s); js.id = id;\n  js.src = \"http:\/\/connect.facebook.net\/es_LA\/sdk.js#xfbml=1&appId=408746052611679&version=v2.3\";\n  fjs.parentNode.insertBefore(js, fjs);\n}(document, 'script', 'facebook-jssdk'));<\/script><br \/>\n<br \/>[ad_2]<br \/>\n<br \/><a href=\"https:\/\/www.marketingdirecto.com\/marketing-general\/publicidad\/la-generacion-de-demanda-desde-sus-inicios-hasta-su-adaptacion-a-la-era-digital\">Source link <\/a><\/p>\n","protected":false},"excerpt":{"rendered":"<p>[ad_1] De la mano de Martin Bihl repasamos c\u00f3mo el nacimiento del universo digital supuso un antes y un despu\u00e9s en la relaci\u00f3n de marcas y agencias y en la tan anhelada generaci\u00f3n de demanda. Que la revoluci\u00f3n digital ha cambiado las reglas del juego en el sector publicitario es un hecho ya asumido (en [&hellip;]<\/p>\n","protected":false},"author":2,"featured_media":8874,"comment_status":"open","ping_status":"open","sticky":false,"template":"","format":"standard","meta":{"footnotes":""},"categories":[2],"tags":[],"class_list":["post-8873","post","type-post","status-publish","format-standard","has-post-thumbnail","hentry","category-noticias-de-marketing-digital"],"yoast_head":"<!-- This site is optimized with the Yoast SEO plugin v27.4 - https:\/\/yoast.com\/product\/yoast-seo-wordpress\/ -->\n<title>La generaci\u00f3n de demanda: desde sus inicios hasta su adaptaci\u00f3n a la era digital - Super News<\/title>\n<meta name=\"robots\" content=\"index, follow, max-snippet:-1, max-image-preview:large, max-video-preview:-1\" \/>\n<link rel=\"canonical\" href=\"https:\/\/super-news.info\/es\/la-generacion-de-demanda-desde-sus-inicios-hasta-su-adaptacion-a-la-era-digital\/\" \/>\n<meta property=\"og:locale\" content=\"en_US\" \/>\n<meta property=\"og:type\" content=\"article\" \/>\n<meta property=\"og:title\" content=\"La generaci\u00f3n de demanda: desde sus inicios hasta su adaptaci\u00f3n a la era digital - Super News\" \/>\n<meta property=\"og:description\" content=\"[ad_1] De la mano de Martin Bihl repasamos c\u00f3mo el nacimiento del universo digital supuso un antes y un despu\u00e9s en la relaci\u00f3n de marcas y agencias y en la tan anhelada generaci\u00f3n de demanda. Que la revoluci\u00f3n digital ha cambiado las reglas del juego en el sector publicitario es un hecho ya asumido (en [&hellip;]\" \/>\n<meta property=\"og:url\" content=\"https:\/\/super-news.info\/es\/la-generacion-de-demanda-desde-sus-inicios-hasta-su-adaptacion-a-la-era-digital\/\" \/>\n<meta property=\"og:site_name\" content=\"Super News\" \/>\n<meta property=\"article:published_time\" content=\"2019-08-16T00:19:56+00:00\" \/>\n<meta property=\"article:modified_time\" content=\"2019-08-16T00:19:57+00:00\" \/>\n<meta property=\"og:image\" content=\"https:\/\/super-news.info\/es\/wp-content\/uploads\/sites\/4\/2019\/08\/La-generaci\u00f3n-de-demanda-desde-sus-inicios-hasta-su-adaptaci\u00f3n.png\" \/>\n\t<meta property=\"og:image:width\" content=\"626\" \/>\n\t<meta property=\"og:image:height\" content=\"364\" \/>\n\t<meta property=\"og:image:type\" content=\"image\/png\" \/>\n<meta name=\"author\" content=\"super-news\" \/>\n<meta name=\"twitter:card\" content=\"summary_large_image\" \/>\n<meta name=\"twitter:label1\" content=\"Written by\" \/>\n\t<meta name=\"twitter:data1\" content=\"super-news\" \/>\n\t<meta name=\"twitter:label2\" content=\"Est. reading time\" \/>\n\t<meta name=\"twitter:data2\" content=\"3 minutes\" \/>\n<script type=\"application\/ld+json\" class=\"yoast-schema-graph\">{\"@context\":\"https:\\\/\\\/schema.org\",\"@graph\":[{\"@type\":\"Article\",\"@id\":\"https:\\\/\\\/super-news.info\\\/es\\\/la-generacion-de-demanda-desde-sus-inicios-hasta-su-adaptacion-a-la-era-digital\\\/#article\",\"isPartOf\":{\"@id\":\"https:\\\/\\\/super-news.info\\\/es\\\/la-generacion-de-demanda-desde-sus-inicios-hasta-su-adaptacion-a-la-era-digital\\\/\"},\"author\":{\"name\":\"super-news\",\"@id\":\"https:\\\/\\\/super-news.info\\\/es\\\/#\\\/schema\\\/person\\\/2d4068cb2f39cd10008c2fce578a7356\"},\"headline\":\"La generaci\u00f3n de demanda: desde sus inicios hasta su adaptaci\u00f3n a la era digital\",\"datePublished\":\"2019-08-16T00:19:56+00:00\",\"dateModified\":\"2019-08-16T00:19:57+00:00\",\"mainEntityOfPage\":{\"@id\":\"https:\\\/\\\/super-news.info\\\/es\\\/la-generacion-de-demanda-desde-sus-inicios-hasta-su-adaptacion-a-la-era-digital\\\/\"},\"wordCount\":685,\"commentCount\":0,\"image\":{\"@id\":\"https:\\\/\\\/super-news.info\\\/es\\\/la-generacion-de-demanda-desde-sus-inicios-hasta-su-adaptacion-a-la-era-digital\\\/#primaryimage\"},\"thumbnailUrl\":\"https:\\\/\\\/super-news.info\\\/es\\\/wp-content\\\/uploads\\\/sites\\\/4\\\/2019\\\/08\\\/La-generaci\u00f3n-de-demanda-desde-sus-inicios-hasta-su-adaptaci\u00f3n.png\",\"articleSection\":[\"NOTICIAS DE MARKETING DIGITAL\"],\"inLanguage\":\"en-US\",\"potentialAction\":[{\"@type\":\"CommentAction\",\"name\":\"Comment\",\"target\":[\"https:\\\/\\\/super-news.info\\\/es\\\/la-generacion-de-demanda-desde-sus-inicios-hasta-su-adaptacion-a-la-era-digital\\\/#respond\"]}]},{\"@type\":\"WebPage\",\"@id\":\"https:\\\/\\\/super-news.info\\\/es\\\/la-generacion-de-demanda-desde-sus-inicios-hasta-su-adaptacion-a-la-era-digital\\\/\",\"url\":\"https:\\\/\\\/super-news.info\\\/es\\\/la-generacion-de-demanda-desde-sus-inicios-hasta-su-adaptacion-a-la-era-digital\\\/\",\"name\":\"La generaci\u00f3n de demanda: desde sus inicios hasta su adaptaci\u00f3n a la era digital - Super News\",\"isPartOf\":{\"@id\":\"https:\\\/\\\/super-news.info\\\/es\\\/#website\"},\"primaryImageOfPage\":{\"@id\":\"https:\\\/\\\/super-news.info\\\/es\\\/la-generacion-de-demanda-desde-sus-inicios-hasta-su-adaptacion-a-la-era-digital\\\/#primaryimage\"},\"image\":{\"@id\":\"https:\\\/\\\/super-news.info\\\/es\\\/la-generacion-de-demanda-desde-sus-inicios-hasta-su-adaptacion-a-la-era-digital\\\/#primaryimage\"},\"thumbnailUrl\":\"https:\\\/\\\/super-news.info\\\/es\\\/wp-content\\\/uploads\\\/sites\\\/4\\\/2019\\\/08\\\/La-generaci\u00f3n-de-demanda-desde-sus-inicios-hasta-su-adaptaci\u00f3n.png\",\"datePublished\":\"2019-08-16T00:19:56+00:00\",\"dateModified\":\"2019-08-16T00:19:57+00:00\",\"author\":{\"@id\":\"https:\\\/\\\/super-news.info\\\/es\\\/#\\\/schema\\\/person\\\/2d4068cb2f39cd10008c2fce578a7356\"},\"breadcrumb\":{\"@id\":\"https:\\\/\\\/super-news.info\\\/es\\\/la-generacion-de-demanda-desde-sus-inicios-hasta-su-adaptacion-a-la-era-digital\\\/#breadcrumb\"},\"inLanguage\":\"en-US\",\"potentialAction\":[{\"@type\":\"ReadAction\",\"target\":[\"https:\\\/\\\/super-news.info\\\/es\\\/la-generacion-de-demanda-desde-sus-inicios-hasta-su-adaptacion-a-la-era-digital\\\/\"]}]},{\"@type\":\"ImageObject\",\"inLanguage\":\"en-US\",\"@id\":\"https:\\\/\\\/super-news.info\\\/es\\\/la-generacion-de-demanda-desde-sus-inicios-hasta-su-adaptacion-a-la-era-digital\\\/#primaryimage\",\"url\":\"https:\\\/\\\/super-news.info\\\/es\\\/wp-content\\\/uploads\\\/sites\\\/4\\\/2019\\\/08\\\/La-generaci\u00f3n-de-demanda-desde-sus-inicios-hasta-su-adaptaci\u00f3n.png\",\"contentUrl\":\"https:\\\/\\\/super-news.info\\\/es\\\/wp-content\\\/uploads\\\/sites\\\/4\\\/2019\\\/08\\\/La-generaci\u00f3n-de-demanda-desde-sus-inicios-hasta-su-adaptaci\u00f3n.png\",\"width\":626,\"height\":364,\"caption\":\"Generaci\u00f3n de demanda\"},{\"@type\":\"BreadcrumbList\",\"@id\":\"https:\\\/\\\/super-news.info\\\/es\\\/la-generacion-de-demanda-desde-sus-inicios-hasta-su-adaptacion-a-la-era-digital\\\/#breadcrumb\",\"itemListElement\":[{\"@type\":\"ListItem\",\"position\":1,\"name\":\"\u0413\u043b\u0430\u0432\u043d\u0430\u044f \u0441\u0442\u0440\u0430\u043d\u0438\u0446\u0430\",\"item\":\"https:\\\/\\\/super-news.info\\\/es\\\/\"},{\"@type\":\"ListItem\",\"position\":2,\"name\":\"La generaci\u00f3n de demanda: desde sus inicios hasta su adaptaci\u00f3n a la era digital\"}]},{\"@type\":\"WebSite\",\"@id\":\"https:\\\/\\\/super-news.info\\\/es\\\/#website\",\"url\":\"https:\\\/\\\/super-news.info\\\/es\\\/\",\"name\":\"Super News\",\"description\":\"Super News Espa\u00f1a\",\"potentialAction\":[{\"@type\":\"SearchAction\",\"target\":{\"@type\":\"EntryPoint\",\"urlTemplate\":\"https:\\\/\\\/super-news.info\\\/es\\\/?s={search_term_string}\"},\"query-input\":{\"@type\":\"PropertyValueSpecification\",\"valueRequired\":true,\"valueName\":\"search_term_string\"}}],\"inLanguage\":\"en-US\"},{\"@type\":\"Person\",\"@id\":\"https:\\\/\\\/super-news.info\\\/es\\\/#\\\/schema\\\/person\\\/2d4068cb2f39cd10008c2fce578a7356\",\"name\":\"super-news\",\"image\":{\"@type\":\"ImageObject\",\"inLanguage\":\"en-US\",\"@id\":\"https:\\\/\\\/secure.gravatar.com\\\/avatar\\\/64ebac40b93f26a154f8a9b5b6fdccfc46f442b26b3dd6756dbff3bf9dc76fd7?s=96&d=mm&r=g\",\"url\":\"https:\\\/\\\/secure.gravatar.com\\\/avatar\\\/64ebac40b93f26a154f8a9b5b6fdccfc46f442b26b3dd6756dbff3bf9dc76fd7?s=96&d=mm&r=g\",\"contentUrl\":\"https:\\\/\\\/secure.gravatar.com\\\/avatar\\\/64ebac40b93f26a154f8a9b5b6fdccfc46f442b26b3dd6756dbff3bf9dc76fd7?s=96&d=mm&r=g\",\"caption\":\"super-news\"},\"url\":\"https:\\\/\\\/super-news.info\\\/es\\\/author\\\/pt\\\/\"}]}<\/script>\n<!-- \/ Yoast SEO plugin. -->","yoast_head_json":{"title":"La generaci\u00f3n de demanda: desde sus inicios hasta su adaptaci\u00f3n a la era digital - Super News","robots":{"index":"index","follow":"follow","max-snippet":"max-snippet:-1","max-image-preview":"max-image-preview:large","max-video-preview":"max-video-preview:-1"},"canonical":"https:\/\/super-news.info\/es\/la-generacion-de-demanda-desde-sus-inicios-hasta-su-adaptacion-a-la-era-digital\/","og_locale":"en_US","og_type":"article","og_title":"La generaci\u00f3n de demanda: desde sus inicios hasta su adaptaci\u00f3n a la era digital - Super News","og_description":"[ad_1] De la mano de Martin Bihl repasamos c\u00f3mo el nacimiento del universo digital supuso un antes y un despu\u00e9s en la relaci\u00f3n de marcas y agencias y en la tan anhelada generaci\u00f3n de demanda. Que la revoluci\u00f3n digital ha cambiado las reglas del juego en el sector publicitario es un hecho ya asumido (en [&hellip;]","og_url":"https:\/\/super-news.info\/es\/la-generacion-de-demanda-desde-sus-inicios-hasta-su-adaptacion-a-la-era-digital\/","og_site_name":"Super News","article_published_time":"2019-08-16T00:19:56+00:00","article_modified_time":"2019-08-16T00:19:57+00:00","og_image":[{"width":626,"height":364,"url":"https:\/\/super-news.info\/es\/wp-content\/uploads\/sites\/4\/2019\/08\/La-generaci\u00f3n-de-demanda-desde-sus-inicios-hasta-su-adaptaci\u00f3n.png","type":"image\/png"}],"author":"super-news","twitter_card":"summary_large_image","twitter_misc":{"Written by":"super-news","Est. reading time":"3 minutes"},"schema":{"@context":"https:\/\/schema.org","@graph":[{"@type":"Article","@id":"https:\/\/super-news.info\/es\/la-generacion-de-demanda-desde-sus-inicios-hasta-su-adaptacion-a-la-era-digital\/#article","isPartOf":{"@id":"https:\/\/super-news.info\/es\/la-generacion-de-demanda-desde-sus-inicios-hasta-su-adaptacion-a-la-era-digital\/"},"author":{"name":"super-news","@id":"https:\/\/super-news.info\/es\/#\/schema\/person\/2d4068cb2f39cd10008c2fce578a7356"},"headline":"La generaci\u00f3n de demanda: desde sus inicios hasta su adaptaci\u00f3n a la era digital","datePublished":"2019-08-16T00:19:56+00:00","dateModified":"2019-08-16T00:19:57+00:00","mainEntityOfPage":{"@id":"https:\/\/super-news.info\/es\/la-generacion-de-demanda-desde-sus-inicios-hasta-su-adaptacion-a-la-era-digital\/"},"wordCount":685,"commentCount":0,"image":{"@id":"https:\/\/super-news.info\/es\/la-generacion-de-demanda-desde-sus-inicios-hasta-su-adaptacion-a-la-era-digital\/#primaryimage"},"thumbnailUrl":"https:\/\/super-news.info\/es\/wp-content\/uploads\/sites\/4\/2019\/08\/La-generaci\u00f3n-de-demanda-desde-sus-inicios-hasta-su-adaptaci\u00f3n.png","articleSection":["NOTICIAS DE MARKETING DIGITAL"],"inLanguage":"en-US","potentialAction":[{"@type":"CommentAction","name":"Comment","target":["https:\/\/super-news.info\/es\/la-generacion-de-demanda-desde-sus-inicios-hasta-su-adaptacion-a-la-era-digital\/#respond"]}]},{"@type":"WebPage","@id":"https:\/\/super-news.info\/es\/la-generacion-de-demanda-desde-sus-inicios-hasta-su-adaptacion-a-la-era-digital\/","url":"https:\/\/super-news.info\/es\/la-generacion-de-demanda-desde-sus-inicios-hasta-su-adaptacion-a-la-era-digital\/","name":"La generaci\u00f3n de demanda: desde sus inicios hasta su adaptaci\u00f3n a la era digital - Super News","isPartOf":{"@id":"https:\/\/super-news.info\/es\/#website"},"primaryImageOfPage":{"@id":"https:\/\/super-news.info\/es\/la-generacion-de-demanda-desde-sus-inicios-hasta-su-adaptacion-a-la-era-digital\/#primaryimage"},"image":{"@id":"https:\/\/super-news.info\/es\/la-generacion-de-demanda-desde-sus-inicios-hasta-su-adaptacion-a-la-era-digital\/#primaryimage"},"thumbnailUrl":"https:\/\/super-news.info\/es\/wp-content\/uploads\/sites\/4\/2019\/08\/La-generaci\u00f3n-de-demanda-desde-sus-inicios-hasta-su-adaptaci\u00f3n.png","datePublished":"2019-08-16T00:19:56+00:00","dateModified":"2019-08-16T00:19:57+00:00","author":{"@id":"https:\/\/super-news.info\/es\/#\/schema\/person\/2d4068cb2f39cd10008c2fce578a7356"},"breadcrumb":{"@id":"https:\/\/super-news.info\/es\/la-generacion-de-demanda-desde-sus-inicios-hasta-su-adaptacion-a-la-era-digital\/#breadcrumb"},"inLanguage":"en-US","potentialAction":[{"@type":"ReadAction","target":["https:\/\/super-news.info\/es\/la-generacion-de-demanda-desde-sus-inicios-hasta-su-adaptacion-a-la-era-digital\/"]}]},{"@type":"ImageObject","inLanguage":"en-US","@id":"https:\/\/super-news.info\/es\/la-generacion-de-demanda-desde-sus-inicios-hasta-su-adaptacion-a-la-era-digital\/#primaryimage","url":"https:\/\/super-news.info\/es\/wp-content\/uploads\/sites\/4\/2019\/08\/La-generaci\u00f3n-de-demanda-desde-sus-inicios-hasta-su-adaptaci\u00f3n.png","contentUrl":"https:\/\/super-news.info\/es\/wp-content\/uploads\/sites\/4\/2019\/08\/La-generaci\u00f3n-de-demanda-desde-sus-inicios-hasta-su-adaptaci\u00f3n.png","width":626,"height":364,"caption":"Generaci\u00f3n de demanda"},{"@type":"BreadcrumbList","@id":"https:\/\/super-news.info\/es\/la-generacion-de-demanda-desde-sus-inicios-hasta-su-adaptacion-a-la-era-digital\/#breadcrumb","itemListElement":[{"@type":"ListItem","position":1,"name":"\u0413\u043b\u0430\u0432\u043d\u0430\u044f \u0441\u0442\u0440\u0430\u043d\u0438\u0446\u0430","item":"https:\/\/super-news.info\/es\/"},{"@type":"ListItem","position":2,"name":"La generaci\u00f3n de demanda: desde sus inicios hasta su adaptaci\u00f3n a la era digital"}]},{"@type":"WebSite","@id":"https:\/\/super-news.info\/es\/#website","url":"https:\/\/super-news.info\/es\/","name":"Super News","description":"Super News Espa\u00f1a","potentialAction":[{"@type":"SearchAction","target":{"@type":"EntryPoint","urlTemplate":"https:\/\/super-news.info\/es\/?s={search_term_string}"},"query-input":{"@type":"PropertyValueSpecification","valueRequired":true,"valueName":"search_term_string"}}],"inLanguage":"en-US"},{"@type":"Person","@id":"https:\/\/super-news.info\/es\/#\/schema\/person\/2d4068cb2f39cd10008c2fce578a7356","name":"super-news","image":{"@type":"ImageObject","inLanguage":"en-US","@id":"https:\/\/secure.gravatar.com\/avatar\/64ebac40b93f26a154f8a9b5b6fdccfc46f442b26b3dd6756dbff3bf9dc76fd7?s=96&d=mm&r=g","url":"https:\/\/secure.gravatar.com\/avatar\/64ebac40b93f26a154f8a9b5b6fdccfc46f442b26b3dd6756dbff3bf9dc76fd7?s=96&d=mm&r=g","contentUrl":"https:\/\/secure.gravatar.com\/avatar\/64ebac40b93f26a154f8a9b5b6fdccfc46f442b26b3dd6756dbff3bf9dc76fd7?s=96&d=mm&r=g","caption":"super-news"},"url":"https:\/\/super-news.info\/es\/author\/pt\/"}]}},"_links":{"self":[{"href":"https:\/\/super-news.info\/es\/wp-json\/wp\/v2\/posts\/8873","targetHints":{"allow":["GET"]}}],"collection":[{"href":"https:\/\/super-news.info\/es\/wp-json\/wp\/v2\/posts"}],"about":[{"href":"https:\/\/super-news.info\/es\/wp-json\/wp\/v2\/types\/post"}],"author":[{"embeddable":true,"href":"https:\/\/super-news.info\/es\/wp-json\/wp\/v2\/users\/2"}],"replies":[{"embeddable":true,"href":"https:\/\/super-news.info\/es\/wp-json\/wp\/v2\/comments?post=8873"}],"version-history":[{"count":1,"href":"https:\/\/super-news.info\/es\/wp-json\/wp\/v2\/posts\/8873\/revisions"}],"predecessor-version":[{"id":8875,"href":"https:\/\/super-news.info\/es\/wp-json\/wp\/v2\/posts\/8873\/revisions\/8875"}],"wp:featuredmedia":[{"embeddable":true,"href":"https:\/\/super-news.info\/es\/wp-json\/wp\/v2\/media\/8874"}],"wp:attachment":[{"href":"https:\/\/super-news.info\/es\/wp-json\/wp\/v2\/media?parent=8873"}],"wp:term":[{"taxonomy":"category","embeddable":true,"href":"https:\/\/super-news.info\/es\/wp-json\/wp\/v2\/categories?post=8873"},{"taxonomy":"post_tag","embeddable":true,"href":"https:\/\/super-news.info\/es\/wp-json\/wp\/v2\/tags?post=8873"}],"curies":[{"name":"wp","href":"https:\/\/api.w.org\/{rel}","templated":true}]}}