{"id":8858,"date":"2019-08-15T22:50:02","date_gmt":"2019-08-15T19:50:02","guid":{"rendered":"https:\/\/super-news.info\/es\/el-ojo-presenta-el-premio-mujeres-creativas\/"},"modified":"2019-08-15T22:50:03","modified_gmt":"2019-08-15T19:50:03","slug":"el-ojo-presenta-el-premio-mujeres-creativas","status":"publish","type":"post","link":"https:\/\/super-news.info\/es\/el-ojo-presenta-el-premio-mujeres-creativas\/","title":{"rendered":"El Ojo presenta el Premio + Mujeres Creativas"},"content":{"rendered":"<p> [ad_1]<br \/>\n<\/p>\n<div id=\"textoNoticia\">\n<p class=\"excerpt-single\">El Ojo de Iberoam\u00e9rica crea el reconocimiento + Mujeres Creativas con el fin de promover el crecimiento de la presencia de mujeres<\/p>\n<\/p>\n<p>Con el fin de amplificar, dar m\u00e1s visibilidad y promover el crecimiento de la presencia de mujeres en la creaci\u00f3n de ideas de comunicaci\u00f3n, en los equipos creativos, en la direcci\u00f3n de comerciales y puestos de liderazgo en las agencias y productoras <strong>El Ojo de Iberoam\u00e9rica crea el reconocimiento + Mujeres Creativas<\/strong>. Con este nuevo premio tambi\u00e9n se apunta a premiar y estimular la diversidad en los equipos creativos.<\/p>\n<p>Este premio estar\u00e1 dividido en <strong>dos subcategor\u00edas<\/strong>: +Mujeres Creativas y + Mujeres Realizadoras.<\/p>\n<p><strong>Categor\u00eda +Mujeres Creativas<\/strong><\/p>\n<p>Podr\u00e1n participar de este premio, solamente aquellas piezas, ideas, campa\u00f1as o casos que tengan a mujeres en el puesto de liderazgo en el <strong>\u00e1rea creativa o de Realizaci\u00f3n Audiovisual<\/strong>: Presidenta (de origen Creativo), CCO, VP Creativa, Directora General Creativa, Directora Creativa Digital, Directora Creativa, Head of Art , Realizadora Audiovisual, entre otros en las fichas t\u00e9cnicas de las respectivas piezas.<\/p>\n<p>Entre las piezas participantes, se entregar\u00e1 Oro, Plata y Bronce y finalistas. Estas piezas sumar\u00e1n puntos para los rankings creativos, agencias, agencias independientes, de redes, de realizador y productora, tanto a nivel de El Ojo Local como a nivel regional.<\/p>\n<p>Participar\u00e1n autom\u00e1ticamente de este premio, las piezas inscritas a otros premios del festival que hayan logrado ser finalistas y que cuenten con una o m\u00e1s mujeres en lugares relevantes a nivel creativo o de realizaci\u00f3n en su ficha t\u00e9cnica.<\/p>\n<p><strong>Categor\u00eda + Mujeres Realizadoras<\/strong><\/p>\n<p>Podr\u00e1n participar de este premio, solamente aquellas piezas, ideas, campa\u00f1as o casos que tengan a <strong>mujeres en la direcci\u00f3n \/ edici\u00f3n de la Realizaci\u00f3n Audiovisual en las respectivas fichas t\u00e9cnicas<\/strong>.<\/p>\n<p>Este Premio Especial reconocer\u00e1 a las mejores piezas que cumplan con las condiciones para participar del reconocimiento con Oro, Plata y Bronce y finalistas. Estos premios sumar\u00e1n puntos para la definici\u00f3n de los reconocimientos a la trayectoria tanto a nivel local como regional para las Agencias, Agencias Independientes y Red del A\u00f1o.<\/p>\n<p>La participaci\u00f3n en Premio Especial + Mujeres Creativas <strong>no tiene coste y la inscripci\u00f3n es autom\u00e1tica<\/strong> desde el momento que cumpla los requisitos para participar del premio.<\/p>\n<p>Podr\u00e1n participar aquellas ideas\/piezas inscritas en otros reconocimientos del Festival durante 2019, que hayan alcanzado un metal. Dependiendo de la cantidad de piezas el festival podr\u00e1 sumar para participar del reconocimiento +Mujeres Creativas a las piezas finalistas que cumplan las condiciones establecidas para el premio.<\/p>\n<p>Participar\u00e1n gratuitamente de este premio, las piezas que hayan logrado ser finalistas y que cuenten con una o m\u00e1s mujeres en lugares relevantes a nivel creativo en su ficha t\u00e9cnica.<\/p>\n<p>Nota de prensa<\/p>\n<p class=\"link-telegram\">\n\t\t\t\t\t\t\t\t\t\t\tNo te pierdas nada de MarketingDirecto.com y \u00fanete a nuestro Telegram t.me\/MarketingDirecto\n\t\t\t\t\t\t\t\t\t\t<\/p>\n<\/p><\/div>\n<p><script>(function(d, s, id) {\n  var js, fjs = d.getElementsByTagName(s)[0];\n  if (d.getElementById(id)) return;\n  js = d.createElement(s); js.id = id;\n  js.src = \"http:\/\/connect.facebook.net\/es_LA\/sdk.js#xfbml=1&appId=408746052611679&version=v2.3\";\n  fjs.parentNode.insertBefore(js, fjs);\n}(document, 'script', 'facebook-jssdk'));<\/script><br \/>\n<br \/>[ad_2]<br \/>\n<br \/><a href=\"https:\/\/www.marketingdirecto.com\/marketing-general\/eventos-y-formacion\/el-ojo-presenta-el-premio-mujeres-creativas\">Source link <\/a><\/p>\n","protected":false},"excerpt":{"rendered":"<p>[ad_1] El Ojo de Iberoam\u00e9rica crea el reconocimiento + Mujeres Creativas con el fin de promover el crecimiento de la presencia de mujeres Con el fin de amplificar, dar m\u00e1s visibilidad y promover el crecimiento de la presencia de mujeres en la creaci\u00f3n de ideas de comunicaci\u00f3n, en los equipos creativos, en la direcci\u00f3n de [&hellip;]<\/p>\n","protected":false},"author":2,"featured_media":8859,"comment_status":"open","ping_status":"open","sticky":false,"template":"","format":"standard","meta":{"footnotes":""},"categories":[2],"tags":[],"class_list":["post-8858","post","type-post","status-publish","format-standard","has-post-thumbnail","hentry","category-noticias-de-marketing-digital"],"yoast_head":"<!-- This site is optimized with the Yoast SEO plugin v27.4 - https:\/\/yoast.com\/product\/yoast-seo-wordpress\/ -->\n<title>El Ojo presenta el Premio + Mujeres Creativas - Super News<\/title>\n<meta name=\"robots\" content=\"index, follow, max-snippet:-1, max-image-preview:large, max-video-preview:-1\" \/>\n<link rel=\"canonical\" href=\"https:\/\/super-news.info\/es\/el-ojo-presenta-el-premio-mujeres-creativas\/\" \/>\n<meta property=\"og:locale\" content=\"en_US\" \/>\n<meta property=\"og:type\" content=\"article\" \/>\n<meta property=\"og:title\" content=\"El Ojo presenta el Premio + Mujeres Creativas - Super News\" \/>\n<meta property=\"og:description\" content=\"[ad_1] El Ojo de Iberoam\u00e9rica crea el reconocimiento + Mujeres Creativas con el fin de promover el crecimiento de la presencia de mujeres Con el fin de amplificar, dar m\u00e1s visibilidad y promover el crecimiento de la presencia de mujeres en la creaci\u00f3n de ideas de comunicaci\u00f3n, en los equipos creativos, en la direcci\u00f3n de [&hellip;]\" \/>\n<meta property=\"og:url\" content=\"https:\/\/super-news.info\/es\/el-ojo-presenta-el-premio-mujeres-creativas\/\" \/>\n<meta property=\"og:site_name\" content=\"Super News\" \/>\n<meta property=\"article:published_time\" content=\"2019-08-15T19:50:02+00:00\" \/>\n<meta property=\"article:modified_time\" content=\"2019-08-15T19:50:03+00:00\" \/>\n<meta property=\"og:image\" content=\"https:\/\/super-news.info\/es\/wp-content\/uploads\/sites\/4\/2019\/08\/El-Ojo-presenta-el-Premio-Mujeres-Creativas.jpg\" \/>\n\t<meta property=\"og:image:width\" content=\"626\" \/>\n\t<meta property=\"og:image:height\" content=\"364\" \/>\n\t<meta property=\"og:image:type\" content=\"image\/jpeg\" \/>\n<meta name=\"author\" content=\"super-news\" \/>\n<meta name=\"twitter:card\" content=\"summary_large_image\" \/>\n<meta name=\"twitter:label1\" content=\"Written by\" \/>\n\t<meta name=\"twitter:data1\" content=\"super-news\" \/>\n\t<meta name=\"twitter:label2\" content=\"Est. reading time\" \/>\n\t<meta name=\"twitter:data2\" content=\"2 minutes\" \/>\n<script type=\"application\/ld+json\" class=\"yoast-schema-graph\">{\"@context\":\"https:\\\/\\\/schema.org\",\"@graph\":[{\"@type\":\"Article\",\"@id\":\"https:\\\/\\\/super-news.info\\\/es\\\/el-ojo-presenta-el-premio-mujeres-creativas\\\/#article\",\"isPartOf\":{\"@id\":\"https:\\\/\\\/super-news.info\\\/es\\\/el-ojo-presenta-el-premio-mujeres-creativas\\\/\"},\"author\":{\"name\":\"super-news\",\"@id\":\"https:\\\/\\\/super-news.info\\\/es\\\/#\\\/schema\\\/person\\\/2d4068cb2f39cd10008c2fce578a7356\"},\"headline\":\"El Ojo presenta el Premio + Mujeres Creativas\",\"datePublished\":\"2019-08-15T19:50:02+00:00\",\"dateModified\":\"2019-08-15T19:50:03+00:00\",\"mainEntityOfPage\":{\"@id\":\"https:\\\/\\\/super-news.info\\\/es\\\/el-ojo-presenta-el-premio-mujeres-creativas\\\/\"},\"wordCount\":492,\"commentCount\":0,\"image\":{\"@id\":\"https:\\\/\\\/super-news.info\\\/es\\\/el-ojo-presenta-el-premio-mujeres-creativas\\\/#primaryimage\"},\"thumbnailUrl\":\"https:\\\/\\\/super-news.info\\\/es\\\/wp-content\\\/uploads\\\/sites\\\/4\\\/2019\\\/08\\\/El-Ojo-presenta-el-Premio-Mujeres-Creativas.jpg\",\"articleSection\":[\"NOTICIAS DE MARKETING DIGITAL\"],\"inLanguage\":\"en-US\",\"potentialAction\":[{\"@type\":\"CommentAction\",\"name\":\"Comment\",\"target\":[\"https:\\\/\\\/super-news.info\\\/es\\\/el-ojo-presenta-el-premio-mujeres-creativas\\\/#respond\"]}]},{\"@type\":\"WebPage\",\"@id\":\"https:\\\/\\\/super-news.info\\\/es\\\/el-ojo-presenta-el-premio-mujeres-creativas\\\/\",\"url\":\"https:\\\/\\\/super-news.info\\\/es\\\/el-ojo-presenta-el-premio-mujeres-creativas\\\/\",\"name\":\"El Ojo presenta el Premio + Mujeres Creativas - Super News\",\"isPartOf\":{\"@id\":\"https:\\\/\\\/super-news.info\\\/es\\\/#website\"},\"primaryImageOfPage\":{\"@id\":\"https:\\\/\\\/super-news.info\\\/es\\\/el-ojo-presenta-el-premio-mujeres-creativas\\\/#primaryimage\"},\"image\":{\"@id\":\"https:\\\/\\\/super-news.info\\\/es\\\/el-ojo-presenta-el-premio-mujeres-creativas\\\/#primaryimage\"},\"thumbnailUrl\":\"https:\\\/\\\/super-news.info\\\/es\\\/wp-content\\\/uploads\\\/sites\\\/4\\\/2019\\\/08\\\/El-Ojo-presenta-el-Premio-Mujeres-Creativas.jpg\",\"datePublished\":\"2019-08-15T19:50:02+00:00\",\"dateModified\":\"2019-08-15T19:50:03+00:00\",\"author\":{\"@id\":\"https:\\\/\\\/super-news.info\\\/es\\\/#\\\/schema\\\/person\\\/2d4068cb2f39cd10008c2fce578a7356\"},\"breadcrumb\":{\"@id\":\"https:\\\/\\\/super-news.info\\\/es\\\/el-ojo-presenta-el-premio-mujeres-creativas\\\/#breadcrumb\"},\"inLanguage\":\"en-US\",\"potentialAction\":[{\"@type\":\"ReadAction\",\"target\":[\"https:\\\/\\\/super-news.info\\\/es\\\/el-ojo-presenta-el-premio-mujeres-creativas\\\/\"]}]},{\"@type\":\"ImageObject\",\"inLanguage\":\"en-US\",\"@id\":\"https:\\\/\\\/super-news.info\\\/es\\\/el-ojo-presenta-el-premio-mujeres-creativas\\\/#primaryimage\",\"url\":\"https:\\\/\\\/super-news.info\\\/es\\\/wp-content\\\/uploads\\\/sites\\\/4\\\/2019\\\/08\\\/El-Ojo-presenta-el-Premio-Mujeres-Creativas.jpg\",\"contentUrl\":\"https:\\\/\\\/super-news.info\\\/es\\\/wp-content\\\/uploads\\\/sites\\\/4\\\/2019\\\/08\\\/El-Ojo-presenta-el-Premio-Mujeres-Creativas.jpg\",\"width\":626,\"height\":364,\"caption\":\"el ojo iberoamerica\"},{\"@type\":\"BreadcrumbList\",\"@id\":\"https:\\\/\\\/super-news.info\\\/es\\\/el-ojo-presenta-el-premio-mujeres-creativas\\\/#breadcrumb\",\"itemListElement\":[{\"@type\":\"ListItem\",\"position\":1,\"name\":\"\u0413\u043b\u0430\u0432\u043d\u0430\u044f \u0441\u0442\u0440\u0430\u043d\u0438\u0446\u0430\",\"item\":\"https:\\\/\\\/super-news.info\\\/es\\\/\"},{\"@type\":\"ListItem\",\"position\":2,\"name\":\"El Ojo presenta el Premio + Mujeres Creativas\"}]},{\"@type\":\"WebSite\",\"@id\":\"https:\\\/\\\/super-news.info\\\/es\\\/#website\",\"url\":\"https:\\\/\\\/super-news.info\\\/es\\\/\",\"name\":\"Super News\",\"description\":\"Super News Espa\u00f1a\",\"potentialAction\":[{\"@type\":\"SearchAction\",\"target\":{\"@type\":\"EntryPoint\",\"urlTemplate\":\"https:\\\/\\\/super-news.info\\\/es\\\/?s={search_term_string}\"},\"query-input\":{\"@type\":\"PropertyValueSpecification\",\"valueRequired\":true,\"valueName\":\"search_term_string\"}}],\"inLanguage\":\"en-US\"},{\"@type\":\"Person\",\"@id\":\"https:\\\/\\\/super-news.info\\\/es\\\/#\\\/schema\\\/person\\\/2d4068cb2f39cd10008c2fce578a7356\",\"name\":\"super-news\",\"image\":{\"@type\":\"ImageObject\",\"inLanguage\":\"en-US\",\"@id\":\"https:\\\/\\\/secure.gravatar.com\\\/avatar\\\/64ebac40b93f26a154f8a9b5b6fdccfc46f442b26b3dd6756dbff3bf9dc76fd7?s=96&d=mm&r=g\",\"url\":\"https:\\\/\\\/secure.gravatar.com\\\/avatar\\\/64ebac40b93f26a154f8a9b5b6fdccfc46f442b26b3dd6756dbff3bf9dc76fd7?s=96&d=mm&r=g\",\"contentUrl\":\"https:\\\/\\\/secure.gravatar.com\\\/avatar\\\/64ebac40b93f26a154f8a9b5b6fdccfc46f442b26b3dd6756dbff3bf9dc76fd7?s=96&d=mm&r=g\",\"caption\":\"super-news\"},\"url\":\"https:\\\/\\\/super-news.info\\\/es\\\/author\\\/pt\\\/\"}]}<\/script>\n<!-- \/ Yoast SEO plugin. -->","yoast_head_json":{"title":"El Ojo presenta el Premio + Mujeres Creativas - Super News","robots":{"index":"index","follow":"follow","max-snippet":"max-snippet:-1","max-image-preview":"max-image-preview:large","max-video-preview":"max-video-preview:-1"},"canonical":"https:\/\/super-news.info\/es\/el-ojo-presenta-el-premio-mujeres-creativas\/","og_locale":"en_US","og_type":"article","og_title":"El Ojo presenta el Premio + Mujeres Creativas - Super News","og_description":"[ad_1] El Ojo de Iberoam\u00e9rica crea el reconocimiento + Mujeres Creativas con el fin de promover el crecimiento de la presencia de mujeres Con el fin de amplificar, dar m\u00e1s visibilidad y promover el crecimiento de la presencia de mujeres en la creaci\u00f3n de ideas de comunicaci\u00f3n, en los equipos creativos, en la direcci\u00f3n de [&hellip;]","og_url":"https:\/\/super-news.info\/es\/el-ojo-presenta-el-premio-mujeres-creativas\/","og_site_name":"Super News","article_published_time":"2019-08-15T19:50:02+00:00","article_modified_time":"2019-08-15T19:50:03+00:00","og_image":[{"width":626,"height":364,"url":"https:\/\/super-news.info\/es\/wp-content\/uploads\/sites\/4\/2019\/08\/El-Ojo-presenta-el-Premio-Mujeres-Creativas.jpg","type":"image\/jpeg"}],"author":"super-news","twitter_card":"summary_large_image","twitter_misc":{"Written by":"super-news","Est. reading time":"2 minutes"},"schema":{"@context":"https:\/\/schema.org","@graph":[{"@type":"Article","@id":"https:\/\/super-news.info\/es\/el-ojo-presenta-el-premio-mujeres-creativas\/#article","isPartOf":{"@id":"https:\/\/super-news.info\/es\/el-ojo-presenta-el-premio-mujeres-creativas\/"},"author":{"name":"super-news","@id":"https:\/\/super-news.info\/es\/#\/schema\/person\/2d4068cb2f39cd10008c2fce578a7356"},"headline":"El Ojo presenta el Premio + Mujeres Creativas","datePublished":"2019-08-15T19:50:02+00:00","dateModified":"2019-08-15T19:50:03+00:00","mainEntityOfPage":{"@id":"https:\/\/super-news.info\/es\/el-ojo-presenta-el-premio-mujeres-creativas\/"},"wordCount":492,"commentCount":0,"image":{"@id":"https:\/\/super-news.info\/es\/el-ojo-presenta-el-premio-mujeres-creativas\/#primaryimage"},"thumbnailUrl":"https:\/\/super-news.info\/es\/wp-content\/uploads\/sites\/4\/2019\/08\/El-Ojo-presenta-el-Premio-Mujeres-Creativas.jpg","articleSection":["NOTICIAS DE MARKETING DIGITAL"],"inLanguage":"en-US","potentialAction":[{"@type":"CommentAction","name":"Comment","target":["https:\/\/super-news.info\/es\/el-ojo-presenta-el-premio-mujeres-creativas\/#respond"]}]},{"@type":"WebPage","@id":"https:\/\/super-news.info\/es\/el-ojo-presenta-el-premio-mujeres-creativas\/","url":"https:\/\/super-news.info\/es\/el-ojo-presenta-el-premio-mujeres-creativas\/","name":"El Ojo presenta el Premio + Mujeres Creativas - Super News","isPartOf":{"@id":"https:\/\/super-news.info\/es\/#website"},"primaryImageOfPage":{"@id":"https:\/\/super-news.info\/es\/el-ojo-presenta-el-premio-mujeres-creativas\/#primaryimage"},"image":{"@id":"https:\/\/super-news.info\/es\/el-ojo-presenta-el-premio-mujeres-creativas\/#primaryimage"},"thumbnailUrl":"https:\/\/super-news.info\/es\/wp-content\/uploads\/sites\/4\/2019\/08\/El-Ojo-presenta-el-Premio-Mujeres-Creativas.jpg","datePublished":"2019-08-15T19:50:02+00:00","dateModified":"2019-08-15T19:50:03+00:00","author":{"@id":"https:\/\/super-news.info\/es\/#\/schema\/person\/2d4068cb2f39cd10008c2fce578a7356"},"breadcrumb":{"@id":"https:\/\/super-news.info\/es\/el-ojo-presenta-el-premio-mujeres-creativas\/#breadcrumb"},"inLanguage":"en-US","potentialAction":[{"@type":"ReadAction","target":["https:\/\/super-news.info\/es\/el-ojo-presenta-el-premio-mujeres-creativas\/"]}]},{"@type":"ImageObject","inLanguage":"en-US","@id":"https:\/\/super-news.info\/es\/el-ojo-presenta-el-premio-mujeres-creativas\/#primaryimage","url":"https:\/\/super-news.info\/es\/wp-content\/uploads\/sites\/4\/2019\/08\/El-Ojo-presenta-el-Premio-Mujeres-Creativas.jpg","contentUrl":"https:\/\/super-news.info\/es\/wp-content\/uploads\/sites\/4\/2019\/08\/El-Ojo-presenta-el-Premio-Mujeres-Creativas.jpg","width":626,"height":364,"caption":"el ojo iberoamerica"},{"@type":"BreadcrumbList","@id":"https:\/\/super-news.info\/es\/el-ojo-presenta-el-premio-mujeres-creativas\/#breadcrumb","itemListElement":[{"@type":"ListItem","position":1,"name":"\u0413\u043b\u0430\u0432\u043d\u0430\u044f \u0441\u0442\u0440\u0430\u043d\u0438\u0446\u0430","item":"https:\/\/super-news.info\/es\/"},{"@type":"ListItem","position":2,"name":"El Ojo presenta el Premio + Mujeres Creativas"}]},{"@type":"WebSite","@id":"https:\/\/super-news.info\/es\/#website","url":"https:\/\/super-news.info\/es\/","name":"Super News","description":"Super News Espa\u00f1a","potentialAction":[{"@type":"SearchAction","target":{"@type":"EntryPoint","urlTemplate":"https:\/\/super-news.info\/es\/?s={search_term_string}"},"query-input":{"@type":"PropertyValueSpecification","valueRequired":true,"valueName":"search_term_string"}}],"inLanguage":"en-US"},{"@type":"Person","@id":"https:\/\/super-news.info\/es\/#\/schema\/person\/2d4068cb2f39cd10008c2fce578a7356","name":"super-news","image":{"@type":"ImageObject","inLanguage":"en-US","@id":"https:\/\/secure.gravatar.com\/avatar\/64ebac40b93f26a154f8a9b5b6fdccfc46f442b26b3dd6756dbff3bf9dc76fd7?s=96&d=mm&r=g","url":"https:\/\/secure.gravatar.com\/avatar\/64ebac40b93f26a154f8a9b5b6fdccfc46f442b26b3dd6756dbff3bf9dc76fd7?s=96&d=mm&r=g","contentUrl":"https:\/\/secure.gravatar.com\/avatar\/64ebac40b93f26a154f8a9b5b6fdccfc46f442b26b3dd6756dbff3bf9dc76fd7?s=96&d=mm&r=g","caption":"super-news"},"url":"https:\/\/super-news.info\/es\/author\/pt\/"}]}},"_links":{"self":[{"href":"https:\/\/super-news.info\/es\/wp-json\/wp\/v2\/posts\/8858","targetHints":{"allow":["GET"]}}],"collection":[{"href":"https:\/\/super-news.info\/es\/wp-json\/wp\/v2\/posts"}],"about":[{"href":"https:\/\/super-news.info\/es\/wp-json\/wp\/v2\/types\/post"}],"author":[{"embeddable":true,"href":"https:\/\/super-news.info\/es\/wp-json\/wp\/v2\/users\/2"}],"replies":[{"embeddable":true,"href":"https:\/\/super-news.info\/es\/wp-json\/wp\/v2\/comments?post=8858"}],"version-history":[{"count":1,"href":"https:\/\/super-news.info\/es\/wp-json\/wp\/v2\/posts\/8858\/revisions"}],"predecessor-version":[{"id":8860,"href":"https:\/\/super-news.info\/es\/wp-json\/wp\/v2\/posts\/8858\/revisions\/8860"}],"wp:featuredmedia":[{"embeddable":true,"href":"https:\/\/super-news.info\/es\/wp-json\/wp\/v2\/media\/8859"}],"wp:attachment":[{"href":"https:\/\/super-news.info\/es\/wp-json\/wp\/v2\/media?parent=8858"}],"wp:term":[{"taxonomy":"category","embeddable":true,"href":"https:\/\/super-news.info\/es\/wp-json\/wp\/v2\/categories?post=8858"},{"taxonomy":"post_tag","embeddable":true,"href":"https:\/\/super-news.info\/es\/wp-json\/wp\/v2\/tags?post=8858"}],"curies":[{"name":"wp","href":"https:\/\/api.w.org\/{rel}","templated":true}]}}