{"id":8852,"date":"2019-08-15T21:20:35","date_gmt":"2019-08-15T18:20:35","guid":{"rendered":"https:\/\/super-news.info\/es\/por-que-apostar-por-una-red-social-corporativa\/"},"modified":"2019-08-15T21:20:36","modified_gmt":"2019-08-15T18:20:36","slug":"por-que-apostar-por-una-red-social-corporativa","status":"publish","type":"post","link":"https:\/\/super-news.info\/es\/por-que-apostar-por-una-red-social-corporativa\/","title":{"rendered":"\u00bfPor qu\u00e9 apostar por una red social corporativa?"},"content":{"rendered":"<p> [ad_1]<br \/>\n<\/p>\n<div>\n<div class=\"Author-opinion\">\n<figure>\n<div class=\"circle\"><\/div><figcaption>Javier Marbec<br \/>\n\t\t\t\t                \t\t\t\t\t<span class=\"job\">Gerente Comercial para el Sur de Am\u00e9rica Latina de TOTVS<\/span><br \/>\n\t\t\t\t                \t\t\t\t<\/figcaption><\/figure>\n<\/p><\/div>\n<p><span class=\"imgHomeDesBig lazyImg aligncenter \"><img loading=\"lazy\" decoding=\"async\" class=\"\" src=\"https:\/\/super-news.info\/es\/wp-content\/uploads\/sites\/4\/2019\/08\/1565893235_850_\u00bfPor-que-apostar-por-una-red-social-corporativa.jpg\" alt=\"red social corporativa\" width=\"626\" height=\"364\"\/><\/span><\/p>\n<p>Si buscamos la definici\u00f3n de red social, podremos ver que se trata de una estructura social donde los diferentes individuos u organizaciones est\u00e1n relacionados entre s\u00ed de acuerdo a un criterio com\u00fan que los une. Y m\u00e1s espec\u00edficamente, en el \u00e1mbito de la comunicaci\u00f3n y las nuevas tecnolog\u00edas, nos referimos a las aplicaciones o herramientas que act\u00faan como medios de comunicaci\u00f3n.<\/p>\n<p>Por lo tanto, una red social corporativa es una herramienta de comunicaci\u00f3n entre los empleados. Ni m\u00e1s, ni menos. Podr\u00edamos decir que el correo electr\u00f3nico corporativo fue la primera red social corporativa. De hecho, al d\u00eda de hoy sigue siendo la m\u00e1s utilizada. Sin embargo, las necesidades de las empresas, y m\u00e1s concretamente las necesidades de comunicaci\u00f3n de los trabajadores, han evolucionado tanto que las funcionalidades del email se han quedado muy cortas.<\/p>\n<p>Dentro del entorno corporativo actual, es cr\u00edtico potenciar el talento y la productividad de los empleados a trav\u00e9s de entornos de colaboraci\u00f3n que hagan posible un cambio cultural mediante la conexi\u00f3n de personas, procesos, datos y dispositivos de forma segura. Aqu\u00ed se contextualiza la implantaci\u00f3n de soluciones de comunicaci\u00f3n, colaboraci\u00f3n y productividad, como pueden ser las redes sociales corporativas.<\/p>\n<p><strong>La comunicaci\u00f3n<\/strong> es un factor clave para la satisfacci\u00f3n de los empleados de una empresa, pero tambi\u00e9n lo es para que los equipos tengan \u00e9xito, puedan resolver problemas complejos, colaboren de forma fruct\u00edfera en los proyectos, encuentren soluciones m\u00e1s r\u00e1pidamente, lleven adelante la innovaci\u00f3n, puedan poner su conocimiento a disposici\u00f3n de todos y dise\u00f1en procesos de forma transparente, est\u00e9n o no presentes. Todos estos objetivos pueden alcanzarse dentro de una empresa a trav\u00e9s de una plataforma de red social corporativa.<\/p>\n<p>Entonces, \u00bfpuede una <strong>red social corporativa potenciar la productividad de los empleados<\/strong>? Por supuesto. Su implementaci\u00f3n ayuda a estimular la comunicaci\u00f3n, fomentar la interacci\u00f3n y facilitar el intercambio de informaci\u00f3n, lo cual mejora el clima laboral y elevar la productividad de la compa\u00f1\u00eda. Las redes sociales corporativas les dan la oportunidad a los colaboradores de <strong>intercambiar ideas, relacionarse con sus compa\u00f1eros y discutir temas de inter\u00e9s general para la empresa<\/strong>; estas plataformas mejoran la comunicaci\u00f3n interna al estimular el di\u00e1logo. Asimismo, su incorporaci\u00f3n ayuda a simplificar el trabajo al incrementar la rapidez con la que se comparte informaci\u00f3n y reducir el tiempo de respuesta, dando como resultado la optimizaci\u00f3n de procesos internos.<\/p>\n<p>Esto ata\u00f1e a todo tipo de compa\u00f1\u00edas, <strong>desde las grandes corporaciones a peque\u00f1as y medianas empresas<\/strong>. Y en todas las industrias, hasta en algunas impensadas, como construcci\u00f3n o manufactura, de las que m\u00e1s han tardado en desplegar estrategias de Social Business. Aunque hace unos a\u00f1os el ROI de una red social corporativa era un asunto controvertido, hoy existen miles de testimonios y varios informes de analistas, fabricantes de software y del mundo acad\u00e9mico, que avalan que estamos ante un asunto estrat\u00e9gico: puede mejorar la productividad, reducir el time-to-market y mejorar las ventas.<\/p>\n<p>Muchas compa\u00f1\u00edas del sector industrial integran sus productos dentro de una cadena de valor global, y necesitan colaborar con un ecosistema de partners y proveedores. <strong>La tecnolog\u00eda social puede mejorar la productividad en estas interacciones<\/strong>. As\u00ed, la mayor parte de los beneficios en el \u00e1rea industrial surgen de la mejora de la comunicaci\u00f3n y colaboraci\u00f3n interna o con partners en los procesos de negocio, proyectos y actividades de gesti\u00f3n del conocimiento e innovaci\u00f3n.<\/p>\n<p>Pero no es s\u00f3lo la tecnolog\u00eda lo que hace falta para que funcione. Sobre todo, requiere una cultura corporativa que permita esta revoluci\u00f3n. De acuerdo a <strong>McKinsey<\/strong>, la cultura corporativa tradicional es la causa principal de que la digitalizaci\u00f3n no progrese dentro de una empresa, incluyendo la comunicaci\u00f3n interna. Se trata de que las herramientas digitales hagan que la comunicaci\u00f3n sea abierta, directa y transparente para todos, y eso incluye al jefe, a la secretaria, al equipo comercial y a los becarios. La discusi\u00f3n digital no sabe de jerarqu\u00edas: Todo el mundo lee todo y cualquiera puede decirle algo a otro, en tiempo real. Esto ahorra un mont\u00f3n de molestos correos electr\u00f3nicos con listas de destinatarios interminables, y al mismo tiempo crea una acumulaci\u00f3n de conocimiento en la que las discusiones, los consejos y las orientaciones a la soluci\u00f3n de problemas pueden archivarse y encontrarse f\u00e1cilmente cuando sea necesario.<\/p>\n<p>Una buena red social corporativa debe proporcionar valor tanto a los individuos que la usen como a la empresa donde se implanta. Debe ser un gran repositorio de informaci\u00f3n de la organizaci\u00f3n, f\u00e1cilmente accesible y que genere conocimiento para los trabajadores actuales y los que se incorporen con el tiempo. Debe ayudar a la productividad y darnos mayor capacidad para hacer cosas. Y debe potenciar la conexi\u00f3n entre las personas, la colaboraci\u00f3n entre ellas, la confianza y el conocimiento compartido.<\/p>\n<p>En definitiva, las redes sociales dentro de las empresas son una excelente herramienta para mejorar el funcionamiento de las corporaciones. \u00bfQui\u00e9n no querr\u00eda reducir el volumen de correos que se generan o compartir informaci\u00f3n de manera sencilla entre todos los empleados de una organizaci\u00f3n?<\/p>\n<p><em><strong>Javier Marbec, Gerente Comercial para el Sur de Am\u00e9rica Latina de TOTVS<\/strong><\/em><\/p>\n<\/p><\/div>\n<p><script>(function(d, s, id) {\n  var js, fjs = d.getElementsByTagName(s)[0];\n  if (d.getElementById(id)) return;\n  js = d.createElement(s); js.id = id;\n  js.src = \"http:\/\/connect.facebook.net\/es_LA\/sdk.js#xfbml=1&appId=408746052611679&version=v2.3\";\n  fjs.parentNode.insertBefore(js, fjs);\n}(document, 'script', 'facebook-jssdk'));<\/script><br \/>\n<br \/>[ad_2]<br \/>\n<br \/><a href=\"https:\/\/www.marketingdirecto.com\/punto-de-vista\/la-columna\/por-que-apostar-a-una-red-social-corporativa\">Source link <\/a><\/p>\n","protected":false},"excerpt":{"rendered":"<p>[ad_1] Javier Marbec Gerente Comercial para el Sur de Am\u00e9rica Latina de TOTVS Si buscamos la definici\u00f3n de red social, podremos ver que se trata de una estructura social donde los diferentes individuos u organizaciones est\u00e1n relacionados entre s\u00ed de acuerdo a un criterio com\u00fan que los une. Y m\u00e1s espec\u00edficamente, en el \u00e1mbito de [&hellip;]<\/p>\n","protected":false},"author":2,"featured_media":8853,"comment_status":"open","ping_status":"open","sticky":false,"template":"","format":"standard","meta":{"footnotes":""},"categories":[2],"tags":[],"class_list":["post-8852","post","type-post","status-publish","format-standard","has-post-thumbnail","hentry","category-noticias-de-marketing-digital"],"yoast_head":"<!-- This site is optimized with the Yoast SEO plugin v27.4 - https:\/\/yoast.com\/product\/yoast-seo-wordpress\/ -->\n<title>\u00bfPor qu\u00e9 apostar por una red social corporativa? - Super News<\/title>\n<meta name=\"robots\" content=\"index, follow, max-snippet:-1, max-image-preview:large, max-video-preview:-1\" \/>\n<link rel=\"canonical\" href=\"https:\/\/super-news.info\/es\/por-que-apostar-por-una-red-social-corporativa\/\" \/>\n<meta property=\"og:locale\" content=\"en_US\" \/>\n<meta property=\"og:type\" content=\"article\" \/>\n<meta property=\"og:title\" content=\"\u00bfPor qu\u00e9 apostar por una red social corporativa? - Super News\" \/>\n<meta property=\"og:description\" content=\"[ad_1] Javier Marbec Gerente Comercial para el Sur de Am\u00e9rica Latina de TOTVS Si buscamos la definici\u00f3n de red social, podremos ver que se trata de una estructura social donde los diferentes individuos u organizaciones est\u00e1n relacionados entre s\u00ed de acuerdo a un criterio com\u00fan que los une. Y m\u00e1s espec\u00edficamente, en el \u00e1mbito de [&hellip;]\" \/>\n<meta property=\"og:url\" content=\"https:\/\/super-news.info\/es\/por-que-apostar-por-una-red-social-corporativa\/\" \/>\n<meta property=\"og:site_name\" content=\"Super News\" \/>\n<meta property=\"article:published_time\" content=\"2019-08-15T18:20:35+00:00\" \/>\n<meta property=\"article:modified_time\" content=\"2019-08-15T18:20:36+00:00\" \/>\n<meta property=\"og:image\" content=\"https:\/\/super-news.info\/es\/wp-content\/uploads\/sites\/4\/2019\/08\/\u00bfPor-qu\u00e9-apostar-por-una-red-social-corporativa.jpg\" \/>\n\t<meta property=\"og:image:width\" content=\"150\" \/>\n\t<meta property=\"og:image:height\" content=\"150\" \/>\n\t<meta property=\"og:image:type\" content=\"image\/jpeg\" \/>\n<meta name=\"author\" content=\"super-news\" \/>\n<meta name=\"twitter:card\" content=\"summary_large_image\" \/>\n<meta name=\"twitter:label1\" content=\"Written by\" \/>\n\t<meta name=\"twitter:data1\" content=\"super-news\" \/>\n\t<meta name=\"twitter:label2\" content=\"Est. reading time\" \/>\n\t<meta name=\"twitter:data2\" content=\"5 minutes\" \/>\n<script type=\"application\/ld+json\" class=\"yoast-schema-graph\">{\"@context\":\"https:\\\/\\\/schema.org\",\"@graph\":[{\"@type\":\"Article\",\"@id\":\"https:\\\/\\\/super-news.info\\\/es\\\/por-que-apostar-por-una-red-social-corporativa\\\/#article\",\"isPartOf\":{\"@id\":\"https:\\\/\\\/super-news.info\\\/es\\\/por-que-apostar-por-una-red-social-corporativa\\\/\"},\"author\":{\"name\":\"super-news\",\"@id\":\"https:\\\/\\\/super-news.info\\\/es\\\/#\\\/schema\\\/person\\\/2d4068cb2f39cd10008c2fce578a7356\"},\"headline\":\"\u00bfPor qu\u00e9 apostar por una red social corporativa?\",\"datePublished\":\"2019-08-15T18:20:35+00:00\",\"dateModified\":\"2019-08-15T18:20:36+00:00\",\"mainEntityOfPage\":{\"@id\":\"https:\\\/\\\/super-news.info\\\/es\\\/por-que-apostar-por-una-red-social-corporativa\\\/\"},\"wordCount\":944,\"commentCount\":0,\"image\":{\"@id\":\"https:\\\/\\\/super-news.info\\\/es\\\/por-que-apostar-por-una-red-social-corporativa\\\/#primaryimage\"},\"thumbnailUrl\":\"https:\\\/\\\/super-news.info\\\/es\\\/wp-content\\\/uploads\\\/sites\\\/4\\\/2019\\\/08\\\/\u00bfPor-qu\u00e9-apostar-por-una-red-social-corporativa.jpg\",\"articleSection\":[\"NOTICIAS DE MARKETING DIGITAL\"],\"inLanguage\":\"en-US\",\"potentialAction\":[{\"@type\":\"CommentAction\",\"name\":\"Comment\",\"target\":[\"https:\\\/\\\/super-news.info\\\/es\\\/por-que-apostar-por-una-red-social-corporativa\\\/#respond\"]}]},{\"@type\":\"WebPage\",\"@id\":\"https:\\\/\\\/super-news.info\\\/es\\\/por-que-apostar-por-una-red-social-corporativa\\\/\",\"url\":\"https:\\\/\\\/super-news.info\\\/es\\\/por-que-apostar-por-una-red-social-corporativa\\\/\",\"name\":\"\u00bfPor qu\u00e9 apostar por una red social corporativa? - Super News\",\"isPartOf\":{\"@id\":\"https:\\\/\\\/super-news.info\\\/es\\\/#website\"},\"primaryImageOfPage\":{\"@id\":\"https:\\\/\\\/super-news.info\\\/es\\\/por-que-apostar-por-una-red-social-corporativa\\\/#primaryimage\"},\"image\":{\"@id\":\"https:\\\/\\\/super-news.info\\\/es\\\/por-que-apostar-por-una-red-social-corporativa\\\/#primaryimage\"},\"thumbnailUrl\":\"https:\\\/\\\/super-news.info\\\/es\\\/wp-content\\\/uploads\\\/sites\\\/4\\\/2019\\\/08\\\/\u00bfPor-qu\u00e9-apostar-por-una-red-social-corporativa.jpg\",\"datePublished\":\"2019-08-15T18:20:35+00:00\",\"dateModified\":\"2019-08-15T18:20:36+00:00\",\"author\":{\"@id\":\"https:\\\/\\\/super-news.info\\\/es\\\/#\\\/schema\\\/person\\\/2d4068cb2f39cd10008c2fce578a7356\"},\"breadcrumb\":{\"@id\":\"https:\\\/\\\/super-news.info\\\/es\\\/por-que-apostar-por-una-red-social-corporativa\\\/#breadcrumb\"},\"inLanguage\":\"en-US\",\"potentialAction\":[{\"@type\":\"ReadAction\",\"target\":[\"https:\\\/\\\/super-news.info\\\/es\\\/por-que-apostar-por-una-red-social-corporativa\\\/\"]}]},{\"@type\":\"ImageObject\",\"inLanguage\":\"en-US\",\"@id\":\"https:\\\/\\\/super-news.info\\\/es\\\/por-que-apostar-por-una-red-social-corporativa\\\/#primaryimage\",\"url\":\"https:\\\/\\\/super-news.info\\\/es\\\/wp-content\\\/uploads\\\/sites\\\/4\\\/2019\\\/08\\\/\u00bfPor-qu\u00e9-apostar-por-una-red-social-corporativa.jpg\",\"contentUrl\":\"https:\\\/\\\/super-news.info\\\/es\\\/wp-content\\\/uploads\\\/sites\\\/4\\\/2019\\\/08\\\/\u00bfPor-qu\u00e9-apostar-por-una-red-social-corporativa.jpg\",\"width\":150,\"height\":150,\"caption\":\"\u00bfPor qu\u00e9 apostar por una red social corporativa?\"},{\"@type\":\"BreadcrumbList\",\"@id\":\"https:\\\/\\\/super-news.info\\\/es\\\/por-que-apostar-por-una-red-social-corporativa\\\/#breadcrumb\",\"itemListElement\":[{\"@type\":\"ListItem\",\"position\":1,\"name\":\"\u0413\u043b\u0430\u0432\u043d\u0430\u044f \u0441\u0442\u0440\u0430\u043d\u0438\u0446\u0430\",\"item\":\"https:\\\/\\\/super-news.info\\\/es\\\/\"},{\"@type\":\"ListItem\",\"position\":2,\"name\":\"\u00bfPor qu\u00e9 apostar por una red social corporativa?\"}]},{\"@type\":\"WebSite\",\"@id\":\"https:\\\/\\\/super-news.info\\\/es\\\/#website\",\"url\":\"https:\\\/\\\/super-news.info\\\/es\\\/\",\"name\":\"Super News\",\"description\":\"Super News Espa\u00f1a\",\"potentialAction\":[{\"@type\":\"SearchAction\",\"target\":{\"@type\":\"EntryPoint\",\"urlTemplate\":\"https:\\\/\\\/super-news.info\\\/es\\\/?s={search_term_string}\"},\"query-input\":{\"@type\":\"PropertyValueSpecification\",\"valueRequired\":true,\"valueName\":\"search_term_string\"}}],\"inLanguage\":\"en-US\"},{\"@type\":\"Person\",\"@id\":\"https:\\\/\\\/super-news.info\\\/es\\\/#\\\/schema\\\/person\\\/2d4068cb2f39cd10008c2fce578a7356\",\"name\":\"super-news\",\"image\":{\"@type\":\"ImageObject\",\"inLanguage\":\"en-US\",\"@id\":\"https:\\\/\\\/secure.gravatar.com\\\/avatar\\\/64ebac40b93f26a154f8a9b5b6fdccfc46f442b26b3dd6756dbff3bf9dc76fd7?s=96&d=mm&r=g\",\"url\":\"https:\\\/\\\/secure.gravatar.com\\\/avatar\\\/64ebac40b93f26a154f8a9b5b6fdccfc46f442b26b3dd6756dbff3bf9dc76fd7?s=96&d=mm&r=g\",\"contentUrl\":\"https:\\\/\\\/secure.gravatar.com\\\/avatar\\\/64ebac40b93f26a154f8a9b5b6fdccfc46f442b26b3dd6756dbff3bf9dc76fd7?s=96&d=mm&r=g\",\"caption\":\"super-news\"},\"url\":\"https:\\\/\\\/super-news.info\\\/es\\\/author\\\/pt\\\/\"}]}<\/script>\n<!-- \/ Yoast SEO plugin. -->","yoast_head_json":{"title":"\u00bfPor qu\u00e9 apostar por una red social corporativa? - Super News","robots":{"index":"index","follow":"follow","max-snippet":"max-snippet:-1","max-image-preview":"max-image-preview:large","max-video-preview":"max-video-preview:-1"},"canonical":"https:\/\/super-news.info\/es\/por-que-apostar-por-una-red-social-corporativa\/","og_locale":"en_US","og_type":"article","og_title":"\u00bfPor qu\u00e9 apostar por una red social corporativa? - Super News","og_description":"[ad_1] Javier Marbec Gerente Comercial para el Sur de Am\u00e9rica Latina de TOTVS Si buscamos la definici\u00f3n de red social, podremos ver que se trata de una estructura social donde los diferentes individuos u organizaciones est\u00e1n relacionados entre s\u00ed de acuerdo a un criterio com\u00fan que los une. Y m\u00e1s espec\u00edficamente, en el \u00e1mbito de [&hellip;]","og_url":"https:\/\/super-news.info\/es\/por-que-apostar-por-una-red-social-corporativa\/","og_site_name":"Super News","article_published_time":"2019-08-15T18:20:35+00:00","article_modified_time":"2019-08-15T18:20:36+00:00","og_image":[{"width":150,"height":150,"url":"https:\/\/super-news.info\/es\/wp-content\/uploads\/sites\/4\/2019\/08\/\u00bfPor-qu\u00e9-apostar-por-una-red-social-corporativa.jpg","type":"image\/jpeg"}],"author":"super-news","twitter_card":"summary_large_image","twitter_misc":{"Written by":"super-news","Est. reading time":"5 minutes"},"schema":{"@context":"https:\/\/schema.org","@graph":[{"@type":"Article","@id":"https:\/\/super-news.info\/es\/por-que-apostar-por-una-red-social-corporativa\/#article","isPartOf":{"@id":"https:\/\/super-news.info\/es\/por-que-apostar-por-una-red-social-corporativa\/"},"author":{"name":"super-news","@id":"https:\/\/super-news.info\/es\/#\/schema\/person\/2d4068cb2f39cd10008c2fce578a7356"},"headline":"\u00bfPor qu\u00e9 apostar por una red social corporativa?","datePublished":"2019-08-15T18:20:35+00:00","dateModified":"2019-08-15T18:20:36+00:00","mainEntityOfPage":{"@id":"https:\/\/super-news.info\/es\/por-que-apostar-por-una-red-social-corporativa\/"},"wordCount":944,"commentCount":0,"image":{"@id":"https:\/\/super-news.info\/es\/por-que-apostar-por-una-red-social-corporativa\/#primaryimage"},"thumbnailUrl":"https:\/\/super-news.info\/es\/wp-content\/uploads\/sites\/4\/2019\/08\/\u00bfPor-qu\u00e9-apostar-por-una-red-social-corporativa.jpg","articleSection":["NOTICIAS DE MARKETING DIGITAL"],"inLanguage":"en-US","potentialAction":[{"@type":"CommentAction","name":"Comment","target":["https:\/\/super-news.info\/es\/por-que-apostar-por-una-red-social-corporativa\/#respond"]}]},{"@type":"WebPage","@id":"https:\/\/super-news.info\/es\/por-que-apostar-por-una-red-social-corporativa\/","url":"https:\/\/super-news.info\/es\/por-que-apostar-por-una-red-social-corporativa\/","name":"\u00bfPor qu\u00e9 apostar por una red social corporativa? - Super News","isPartOf":{"@id":"https:\/\/super-news.info\/es\/#website"},"primaryImageOfPage":{"@id":"https:\/\/super-news.info\/es\/por-que-apostar-por-una-red-social-corporativa\/#primaryimage"},"image":{"@id":"https:\/\/super-news.info\/es\/por-que-apostar-por-una-red-social-corporativa\/#primaryimage"},"thumbnailUrl":"https:\/\/super-news.info\/es\/wp-content\/uploads\/sites\/4\/2019\/08\/\u00bfPor-qu\u00e9-apostar-por-una-red-social-corporativa.jpg","datePublished":"2019-08-15T18:20:35+00:00","dateModified":"2019-08-15T18:20:36+00:00","author":{"@id":"https:\/\/super-news.info\/es\/#\/schema\/person\/2d4068cb2f39cd10008c2fce578a7356"},"breadcrumb":{"@id":"https:\/\/super-news.info\/es\/por-que-apostar-por-una-red-social-corporativa\/#breadcrumb"},"inLanguage":"en-US","potentialAction":[{"@type":"ReadAction","target":["https:\/\/super-news.info\/es\/por-que-apostar-por-una-red-social-corporativa\/"]}]},{"@type":"ImageObject","inLanguage":"en-US","@id":"https:\/\/super-news.info\/es\/por-que-apostar-por-una-red-social-corporativa\/#primaryimage","url":"https:\/\/super-news.info\/es\/wp-content\/uploads\/sites\/4\/2019\/08\/\u00bfPor-qu\u00e9-apostar-por-una-red-social-corporativa.jpg","contentUrl":"https:\/\/super-news.info\/es\/wp-content\/uploads\/sites\/4\/2019\/08\/\u00bfPor-qu\u00e9-apostar-por-una-red-social-corporativa.jpg","width":150,"height":150,"caption":"\u00bfPor qu\u00e9 apostar por una red social corporativa?"},{"@type":"BreadcrumbList","@id":"https:\/\/super-news.info\/es\/por-que-apostar-por-una-red-social-corporativa\/#breadcrumb","itemListElement":[{"@type":"ListItem","position":1,"name":"\u0413\u043b\u0430\u0432\u043d\u0430\u044f \u0441\u0442\u0440\u0430\u043d\u0438\u0446\u0430","item":"https:\/\/super-news.info\/es\/"},{"@type":"ListItem","position":2,"name":"\u00bfPor qu\u00e9 apostar por una red social corporativa?"}]},{"@type":"WebSite","@id":"https:\/\/super-news.info\/es\/#website","url":"https:\/\/super-news.info\/es\/","name":"Super News","description":"Super News Espa\u00f1a","potentialAction":[{"@type":"SearchAction","target":{"@type":"EntryPoint","urlTemplate":"https:\/\/super-news.info\/es\/?s={search_term_string}"},"query-input":{"@type":"PropertyValueSpecification","valueRequired":true,"valueName":"search_term_string"}}],"inLanguage":"en-US"},{"@type":"Person","@id":"https:\/\/super-news.info\/es\/#\/schema\/person\/2d4068cb2f39cd10008c2fce578a7356","name":"super-news","image":{"@type":"ImageObject","inLanguage":"en-US","@id":"https:\/\/secure.gravatar.com\/avatar\/64ebac40b93f26a154f8a9b5b6fdccfc46f442b26b3dd6756dbff3bf9dc76fd7?s=96&d=mm&r=g","url":"https:\/\/secure.gravatar.com\/avatar\/64ebac40b93f26a154f8a9b5b6fdccfc46f442b26b3dd6756dbff3bf9dc76fd7?s=96&d=mm&r=g","contentUrl":"https:\/\/secure.gravatar.com\/avatar\/64ebac40b93f26a154f8a9b5b6fdccfc46f442b26b3dd6756dbff3bf9dc76fd7?s=96&d=mm&r=g","caption":"super-news"},"url":"https:\/\/super-news.info\/es\/author\/pt\/"}]}},"_links":{"self":[{"href":"https:\/\/super-news.info\/es\/wp-json\/wp\/v2\/posts\/8852","targetHints":{"allow":["GET"]}}],"collection":[{"href":"https:\/\/super-news.info\/es\/wp-json\/wp\/v2\/posts"}],"about":[{"href":"https:\/\/super-news.info\/es\/wp-json\/wp\/v2\/types\/post"}],"author":[{"embeddable":true,"href":"https:\/\/super-news.info\/es\/wp-json\/wp\/v2\/users\/2"}],"replies":[{"embeddable":true,"href":"https:\/\/super-news.info\/es\/wp-json\/wp\/v2\/comments?post=8852"}],"version-history":[{"count":1,"href":"https:\/\/super-news.info\/es\/wp-json\/wp\/v2\/posts\/8852\/revisions"}],"predecessor-version":[{"id":8854,"href":"https:\/\/super-news.info\/es\/wp-json\/wp\/v2\/posts\/8852\/revisions\/8854"}],"wp:featuredmedia":[{"embeddable":true,"href":"https:\/\/super-news.info\/es\/wp-json\/wp\/v2\/media\/8853"}],"wp:attachment":[{"href":"https:\/\/super-news.info\/es\/wp-json\/wp\/v2\/media?parent=8852"}],"wp:term":[{"taxonomy":"category","embeddable":true,"href":"https:\/\/super-news.info\/es\/wp-json\/wp\/v2\/categories?post=8852"},{"taxonomy":"post_tag","embeddable":true,"href":"https:\/\/super-news.info\/es\/wp-json\/wp\/v2\/tags?post=8852"}],"curies":[{"name":"wp","href":"https:\/\/api.w.org\/{rel}","templated":true}]}}