{"id":8703,"date":"2019-08-14T04:36:57","date_gmt":"2019-08-14T01:36:57","guid":{"rendered":"https:\/\/super-news.info\/es\/el-hotel-riu-plaza-espana-abre-por-fin-sus-puertas-en-madrid\/"},"modified":"2019-08-14T04:36:58","modified_gmt":"2019-08-14T01:36:58","slug":"el-hotel-riu-plaza-espana-abre-por-fin-sus-puertas-en-madrid","status":"publish","type":"post","link":"https:\/\/super-news.info\/es\/el-hotel-riu-plaza-espana-abre-por-fin-sus-puertas-en-madrid\/","title":{"rendered":"El Hotel RIU Plaza Espa\u00f1a abre (por fin) sus puertas en Madrid"},"content":{"rendered":"<p> [ad_1]<br \/>\n<\/p>\n<div id=\"textoNoticia\">\n<p class=\"excerpt-single\">Ubicado en la Gran V\u00eda, cuenta con una calificaci\u00f3n de 4 estrellas y 585 habitaciones. Todo el proyecto arquitect\u00f3nico y de interiorismo se ha levantado sobre un &#8220;profundo respeto&#8221; por la historia del edificio, que fue inaugurado en 1953<\/p>\n<\/p>\n<p>Han sido dos largos a\u00f1os de obras y reformas pero, por fin, ha podido abrir sus puertas al p\u00fablico. El Hotel RIU Plaza Espa\u00f1a de Madrid ha comenzado a rodar.<\/p>\n<p>Est\u00e1 situado en el emblem\u00e1tico Edificio Espa\u00f1a y es el primer hotel de la compa\u00f1\u00eda que est\u00e1 ubicado en la capital madrile\u00f1a y tambi\u00e9n es el primero de la l\u00ednea urbana Riu Plaza en nuestro pa\u00eds.<\/p>\n<p>Inaugurar este hotel ha supuesto todo un desaf\u00edo pero tambi\u00e9n &#8220;toda una satisfacci\u00f3n&#8221;, tal y como se\u00f1ala Luis Riu, CEO de RIU Hotels: &#8220;Hac\u00eda a\u00f1os que busc\u00e1bamos<strong> una oportunidad para abrir un hotel urbano en Madrid<\/strong> y poder hacerlo en el coraz\u00f3n de la ciudad, en un edificio tan emblem\u00e1tico, supera con creces todas las expectativas&#8221;.<\/p>\n<p><img loading=\"lazy\" decoding=\"async\" class=\"size-full wp-image-504028 aligncenter\" src=\"https:\/\/super-news.info\/es\/wp-content\/uploads\/sites\/4\/2019\/08\/1565746617_987_El-Hotel-RIU-Plaza-Espana-abre-por-fin-sus-puertas.jpg\" alt=\"hotel riu plaza espana 2\" width=\"626\" height=\"364\"\/><\/p>\n<p>El hotel, ubicado en la Gran V\u00eda, cuenta con<strong> una calificaci\u00f3n de 4 estrellas y 585 habitaciones<\/strong>. Todo el proyecto arquitect\u00f3nico y de interiorismo se ha levantado sobre un &#8220;profundo respeto&#8221; por la historia del edificio, que fue inaugurado por primera vez en 1953.<\/p>\n<blockquote>\n<p>Un sky bar ambientado en la Movida Madrile\u00f1a<\/p>\n<\/blockquote>\n<p>Las instalaciones se nutren con un gimnasio, piscina exterior climatizable en la planta 21, un restaurante, 5.000 m2 para la celebraci\u00f3n de todo tipo de eventos y un lobby bar, adem\u00e1s de dos\u00a0 sky bar en los que las impresionantes vistas de la ciudad son las aut\u00e9nticas protagonistas.<\/p>\n<p>En la planta 26 se encuentra el primero de ellos, <em>De Madrid al Cielo<\/em>, est\u00e1 <strong>ambientado en la Movida Madrile\u00f1<\/strong>a, con luces de ne\u00f3n en sus paredes. El segundo, ubicado en la planta m\u00e1s alta del edificio, ofrece<strong> vistas 360\u00ba<\/strong> a la ciudad y una espectacular pasarela de cristal que permite caminar literalmente sobre el cielo de Madrid.<\/p>\n<p><img loading=\"lazy\" decoding=\"async\" class=\"size-full wp-image-504030 aligncenter\" src=\"https:\/\/super-news.info\/es\/wp-content\/uploads\/sites\/4\/2019\/08\/1565746617_894_El-Hotel-RIU-Plaza-Espana-abre-por-fin-sus-puertas.jpg\" alt=\"hotel riu plaza espana\" width=\"626\" height=\"364\"\/><\/p>\n<p>Todas las zonas del hotel y la decoraci\u00f3n escogida son un gui\u00f1o al car\u00e1cter ic\u00f3nico del edificio. RIU ha restaurado y puesto en valor todos los elementos protegidos de este ic\u00f3nico edificio con suma delicadeza y <strong>respetando siempre el valor hist\u00f3rico<\/strong> de cada uno de ellos.<\/p>\n<p>&#8220;El proyecto ha sido apasionante y complejo&#8221;, ha comentado Riu, &#8220;durante dos a\u00f1os <strong>hemos destinado el mejor talento<\/strong>, toda nuestra experiencia y un gran esfuerzo a hacer realidad este nuevo hotel que devuelve la vida al Edificio Espa\u00f1a y que esperamos que tambi\u00e9n sirva de palanca para regenerar la zona&#8221;.<\/p>\n<p class=\"link-telegram\">\n\t\t\t\t\t\t\t\t\t\t\tNo te pierdas nada de MarketingDirecto.com y \u00fanete a nuestro Telegram t.me\/MarketingDirecto\n\t\t\t\t\t\t\t\t\t\t<\/p>\n<\/p><\/div>\n<p><script>(function(d, s, id) {\n  var js, fjs = d.getElementsByTagName(s)[0];\n  if (d.getElementById(id)) return;\n  js = d.createElement(s); js.id = id;\n  js.src = \"http:\/\/connect.facebook.net\/es_LA\/sdk.js#xfbml=1&appId=408746052611679&version=v2.3\";\n  fjs.parentNode.insertBefore(js, fjs);\n}(document, 'script', 'facebook-jssdk'));<\/script><br \/>\n<br \/>[ad_2]<br \/>\n<br \/><a href=\"https:\/\/www.marketingdirecto.com\/anunciantes-general\/anunciantes\/el-hotel-riu-plaza-espana-abre-por-fin-sus-puertas-en-madrid\">Source link <\/a><\/p>\n","protected":false},"excerpt":{"rendered":"<p>[ad_1] Ubicado en la Gran V\u00eda, cuenta con una calificaci\u00f3n de 4 estrellas y 585 habitaciones. Todo el proyecto arquitect\u00f3nico y de interiorismo se ha levantado sobre un &#8220;profundo respeto&#8221; por la historia del edificio, que fue inaugurado en 1953 Han sido dos largos a\u00f1os de obras y reformas pero, por fin, ha podido abrir [&hellip;]<\/p>\n","protected":false},"author":2,"featured_media":8704,"comment_status":"open","ping_status":"open","sticky":false,"template":"","format":"standard","meta":{"footnotes":""},"categories":[2],"tags":[],"class_list":["post-8703","post","type-post","status-publish","format-standard","has-post-thumbnail","hentry","category-noticias-de-marketing-digital"],"yoast_head":"<!-- This site is optimized with the Yoast SEO plugin v27.4 - https:\/\/yoast.com\/product\/yoast-seo-wordpress\/ -->\n<title>El Hotel RIU Plaza Espa\u00f1a abre (por fin) sus puertas en Madrid - Super News<\/title>\n<meta name=\"robots\" content=\"index, follow, max-snippet:-1, max-image-preview:large, max-video-preview:-1\" \/>\n<link rel=\"canonical\" href=\"https:\/\/super-news.info\/es\/el-hotel-riu-plaza-espana-abre-por-fin-sus-puertas-en-madrid\/\" \/>\n<meta property=\"og:locale\" content=\"en_US\" \/>\n<meta property=\"og:type\" content=\"article\" \/>\n<meta property=\"og:title\" content=\"El Hotel RIU Plaza Espa\u00f1a abre (por fin) sus puertas en Madrid - Super News\" \/>\n<meta property=\"og:description\" content=\"[ad_1] Ubicado en la Gran V\u00eda, cuenta con una calificaci\u00f3n de 4 estrellas y 585 habitaciones. Todo el proyecto arquitect\u00f3nico y de interiorismo se ha levantado sobre un &#8220;profundo respeto&#8221; por la historia del edificio, que fue inaugurado en 1953 Han sido dos largos a\u00f1os de obras y reformas pero, por fin, ha podido abrir [&hellip;]\" \/>\n<meta property=\"og:url\" content=\"https:\/\/super-news.info\/es\/el-hotel-riu-plaza-espana-abre-por-fin-sus-puertas-en-madrid\/\" \/>\n<meta property=\"og:site_name\" content=\"Super News\" \/>\n<meta property=\"article:published_time\" content=\"2019-08-14T01:36:57+00:00\" \/>\n<meta property=\"article:modified_time\" content=\"2019-08-14T01:36:58+00:00\" \/>\n<meta property=\"og:image\" content=\"https:\/\/super-news.info\/es\/wp-content\/uploads\/sites\/4\/2019\/08\/El-Hotel-RIU-Plaza-Espa\u00f1a-abre-por-fin-sus-puertas.jpg\" \/>\n\t<meta property=\"og:image:width\" content=\"626\" \/>\n\t<meta property=\"og:image:height\" content=\"364\" \/>\n\t<meta property=\"og:image:type\" content=\"image\/jpeg\" \/>\n<meta name=\"author\" content=\"super-news\" \/>\n<meta name=\"twitter:card\" content=\"summary_large_image\" \/>\n<meta name=\"twitter:label1\" content=\"Written by\" \/>\n\t<meta name=\"twitter:data1\" content=\"super-news\" \/>\n\t<meta name=\"twitter:label2\" content=\"Est. reading time\" \/>\n\t<meta name=\"twitter:data2\" content=\"2 minutes\" \/>\n<script type=\"application\/ld+json\" class=\"yoast-schema-graph\">{\"@context\":\"https:\\\/\\\/schema.org\",\"@graph\":[{\"@type\":\"Article\",\"@id\":\"https:\\\/\\\/super-news.info\\\/es\\\/el-hotel-riu-plaza-espana-abre-por-fin-sus-puertas-en-madrid\\\/#article\",\"isPartOf\":{\"@id\":\"https:\\\/\\\/super-news.info\\\/es\\\/el-hotel-riu-plaza-espana-abre-por-fin-sus-puertas-en-madrid\\\/\"},\"author\":{\"name\":\"super-news\",\"@id\":\"https:\\\/\\\/super-news.info\\\/es\\\/#\\\/schema\\\/person\\\/2d4068cb2f39cd10008c2fce578a7356\"},\"headline\":\"El Hotel RIU Plaza Espa\u00f1a abre (por fin) sus puertas en Madrid\",\"datePublished\":\"2019-08-14T01:36:57+00:00\",\"dateModified\":\"2019-08-14T01:36:58+00:00\",\"mainEntityOfPage\":{\"@id\":\"https:\\\/\\\/super-news.info\\\/es\\\/el-hotel-riu-plaza-espana-abre-por-fin-sus-puertas-en-madrid\\\/\"},\"wordCount\":478,\"commentCount\":0,\"image\":{\"@id\":\"https:\\\/\\\/super-news.info\\\/es\\\/el-hotel-riu-plaza-espana-abre-por-fin-sus-puertas-en-madrid\\\/#primaryimage\"},\"thumbnailUrl\":\"https:\\\/\\\/super-news.info\\\/es\\\/wp-content\\\/uploads\\\/sites\\\/4\\\/2019\\\/08\\\/El-Hotel-RIU-Plaza-Espa\u00f1a-abre-por-fin-sus-puertas.jpg\",\"articleSection\":[\"NOTICIAS DE MARKETING DIGITAL\"],\"inLanguage\":\"en-US\",\"potentialAction\":[{\"@type\":\"CommentAction\",\"name\":\"Comment\",\"target\":[\"https:\\\/\\\/super-news.info\\\/es\\\/el-hotel-riu-plaza-espana-abre-por-fin-sus-puertas-en-madrid\\\/#respond\"]}]},{\"@type\":\"WebPage\",\"@id\":\"https:\\\/\\\/super-news.info\\\/es\\\/el-hotel-riu-plaza-espana-abre-por-fin-sus-puertas-en-madrid\\\/\",\"url\":\"https:\\\/\\\/super-news.info\\\/es\\\/el-hotel-riu-plaza-espana-abre-por-fin-sus-puertas-en-madrid\\\/\",\"name\":\"El Hotel RIU Plaza Espa\u00f1a abre (por fin) sus puertas en Madrid - Super News\",\"isPartOf\":{\"@id\":\"https:\\\/\\\/super-news.info\\\/es\\\/#website\"},\"primaryImageOfPage\":{\"@id\":\"https:\\\/\\\/super-news.info\\\/es\\\/el-hotel-riu-plaza-espana-abre-por-fin-sus-puertas-en-madrid\\\/#primaryimage\"},\"image\":{\"@id\":\"https:\\\/\\\/super-news.info\\\/es\\\/el-hotel-riu-plaza-espana-abre-por-fin-sus-puertas-en-madrid\\\/#primaryimage\"},\"thumbnailUrl\":\"https:\\\/\\\/super-news.info\\\/es\\\/wp-content\\\/uploads\\\/sites\\\/4\\\/2019\\\/08\\\/El-Hotel-RIU-Plaza-Espa\u00f1a-abre-por-fin-sus-puertas.jpg\",\"datePublished\":\"2019-08-14T01:36:57+00:00\",\"dateModified\":\"2019-08-14T01:36:58+00:00\",\"author\":{\"@id\":\"https:\\\/\\\/super-news.info\\\/es\\\/#\\\/schema\\\/person\\\/2d4068cb2f39cd10008c2fce578a7356\"},\"breadcrumb\":{\"@id\":\"https:\\\/\\\/super-news.info\\\/es\\\/el-hotel-riu-plaza-espana-abre-por-fin-sus-puertas-en-madrid\\\/#breadcrumb\"},\"inLanguage\":\"en-US\",\"potentialAction\":[{\"@type\":\"ReadAction\",\"target\":[\"https:\\\/\\\/super-news.info\\\/es\\\/el-hotel-riu-plaza-espana-abre-por-fin-sus-puertas-en-madrid\\\/\"]}]},{\"@type\":\"ImageObject\",\"inLanguage\":\"en-US\",\"@id\":\"https:\\\/\\\/super-news.info\\\/es\\\/el-hotel-riu-plaza-espana-abre-por-fin-sus-puertas-en-madrid\\\/#primaryimage\",\"url\":\"https:\\\/\\\/super-news.info\\\/es\\\/wp-content\\\/uploads\\\/sites\\\/4\\\/2019\\\/08\\\/El-Hotel-RIU-Plaza-Espa\u00f1a-abre-por-fin-sus-puertas.jpg\",\"contentUrl\":\"https:\\\/\\\/super-news.info\\\/es\\\/wp-content\\\/uploads\\\/sites\\\/4\\\/2019\\\/08\\\/El-Hotel-RIU-Plaza-Espa\u00f1a-abre-por-fin-sus-puertas.jpg\",\"width\":626,\"height\":364,\"caption\":\"hotel riu plaza espana\"},{\"@type\":\"BreadcrumbList\",\"@id\":\"https:\\\/\\\/super-news.info\\\/es\\\/el-hotel-riu-plaza-espana-abre-por-fin-sus-puertas-en-madrid\\\/#breadcrumb\",\"itemListElement\":[{\"@type\":\"ListItem\",\"position\":1,\"name\":\"\u0413\u043b\u0430\u0432\u043d\u0430\u044f \u0441\u0442\u0440\u0430\u043d\u0438\u0446\u0430\",\"item\":\"https:\\\/\\\/super-news.info\\\/es\\\/\"},{\"@type\":\"ListItem\",\"position\":2,\"name\":\"El Hotel RIU Plaza Espa\u00f1a abre (por fin) sus puertas en Madrid\"}]},{\"@type\":\"WebSite\",\"@id\":\"https:\\\/\\\/super-news.info\\\/es\\\/#website\",\"url\":\"https:\\\/\\\/super-news.info\\\/es\\\/\",\"name\":\"Super News\",\"description\":\"Super News Espa\u00f1a\",\"potentialAction\":[{\"@type\":\"SearchAction\",\"target\":{\"@type\":\"EntryPoint\",\"urlTemplate\":\"https:\\\/\\\/super-news.info\\\/es\\\/?s={search_term_string}\"},\"query-input\":{\"@type\":\"PropertyValueSpecification\",\"valueRequired\":true,\"valueName\":\"search_term_string\"}}],\"inLanguage\":\"en-US\"},{\"@type\":\"Person\",\"@id\":\"https:\\\/\\\/super-news.info\\\/es\\\/#\\\/schema\\\/person\\\/2d4068cb2f39cd10008c2fce578a7356\",\"name\":\"super-news\",\"image\":{\"@type\":\"ImageObject\",\"inLanguage\":\"en-US\",\"@id\":\"https:\\\/\\\/secure.gravatar.com\\\/avatar\\\/64ebac40b93f26a154f8a9b5b6fdccfc46f442b26b3dd6756dbff3bf9dc76fd7?s=96&d=mm&r=g\",\"url\":\"https:\\\/\\\/secure.gravatar.com\\\/avatar\\\/64ebac40b93f26a154f8a9b5b6fdccfc46f442b26b3dd6756dbff3bf9dc76fd7?s=96&d=mm&r=g\",\"contentUrl\":\"https:\\\/\\\/secure.gravatar.com\\\/avatar\\\/64ebac40b93f26a154f8a9b5b6fdccfc46f442b26b3dd6756dbff3bf9dc76fd7?s=96&d=mm&r=g\",\"caption\":\"super-news\"},\"url\":\"https:\\\/\\\/super-news.info\\\/es\\\/author\\\/pt\\\/\"}]}<\/script>\n<!-- \/ Yoast SEO plugin. -->","yoast_head_json":{"title":"El Hotel RIU Plaza Espa\u00f1a abre (por fin) sus puertas en Madrid - Super News","robots":{"index":"index","follow":"follow","max-snippet":"max-snippet:-1","max-image-preview":"max-image-preview:large","max-video-preview":"max-video-preview:-1"},"canonical":"https:\/\/super-news.info\/es\/el-hotel-riu-plaza-espana-abre-por-fin-sus-puertas-en-madrid\/","og_locale":"en_US","og_type":"article","og_title":"El Hotel RIU Plaza Espa\u00f1a abre (por fin) sus puertas en Madrid - Super News","og_description":"[ad_1] Ubicado en la Gran V\u00eda, cuenta con una calificaci\u00f3n de 4 estrellas y 585 habitaciones. Todo el proyecto arquitect\u00f3nico y de interiorismo se ha levantado sobre un &#8220;profundo respeto&#8221; por la historia del edificio, que fue inaugurado en 1953 Han sido dos largos a\u00f1os de obras y reformas pero, por fin, ha podido abrir [&hellip;]","og_url":"https:\/\/super-news.info\/es\/el-hotel-riu-plaza-espana-abre-por-fin-sus-puertas-en-madrid\/","og_site_name":"Super News","article_published_time":"2019-08-14T01:36:57+00:00","article_modified_time":"2019-08-14T01:36:58+00:00","og_image":[{"width":626,"height":364,"url":"https:\/\/super-news.info\/es\/wp-content\/uploads\/sites\/4\/2019\/08\/El-Hotel-RIU-Plaza-Espa\u00f1a-abre-por-fin-sus-puertas.jpg","type":"image\/jpeg"}],"author":"super-news","twitter_card":"summary_large_image","twitter_misc":{"Written by":"super-news","Est. reading time":"2 minutes"},"schema":{"@context":"https:\/\/schema.org","@graph":[{"@type":"Article","@id":"https:\/\/super-news.info\/es\/el-hotel-riu-plaza-espana-abre-por-fin-sus-puertas-en-madrid\/#article","isPartOf":{"@id":"https:\/\/super-news.info\/es\/el-hotel-riu-plaza-espana-abre-por-fin-sus-puertas-en-madrid\/"},"author":{"name":"super-news","@id":"https:\/\/super-news.info\/es\/#\/schema\/person\/2d4068cb2f39cd10008c2fce578a7356"},"headline":"El Hotel RIU Plaza Espa\u00f1a abre (por fin) sus puertas en Madrid","datePublished":"2019-08-14T01:36:57+00:00","dateModified":"2019-08-14T01:36:58+00:00","mainEntityOfPage":{"@id":"https:\/\/super-news.info\/es\/el-hotel-riu-plaza-espana-abre-por-fin-sus-puertas-en-madrid\/"},"wordCount":478,"commentCount":0,"image":{"@id":"https:\/\/super-news.info\/es\/el-hotel-riu-plaza-espana-abre-por-fin-sus-puertas-en-madrid\/#primaryimage"},"thumbnailUrl":"https:\/\/super-news.info\/es\/wp-content\/uploads\/sites\/4\/2019\/08\/El-Hotel-RIU-Plaza-Espa\u00f1a-abre-por-fin-sus-puertas.jpg","articleSection":["NOTICIAS DE MARKETING DIGITAL"],"inLanguage":"en-US","potentialAction":[{"@type":"CommentAction","name":"Comment","target":["https:\/\/super-news.info\/es\/el-hotel-riu-plaza-espana-abre-por-fin-sus-puertas-en-madrid\/#respond"]}]},{"@type":"WebPage","@id":"https:\/\/super-news.info\/es\/el-hotel-riu-plaza-espana-abre-por-fin-sus-puertas-en-madrid\/","url":"https:\/\/super-news.info\/es\/el-hotel-riu-plaza-espana-abre-por-fin-sus-puertas-en-madrid\/","name":"El Hotel RIU Plaza Espa\u00f1a abre (por fin) sus puertas en Madrid - Super News","isPartOf":{"@id":"https:\/\/super-news.info\/es\/#website"},"primaryImageOfPage":{"@id":"https:\/\/super-news.info\/es\/el-hotel-riu-plaza-espana-abre-por-fin-sus-puertas-en-madrid\/#primaryimage"},"image":{"@id":"https:\/\/super-news.info\/es\/el-hotel-riu-plaza-espana-abre-por-fin-sus-puertas-en-madrid\/#primaryimage"},"thumbnailUrl":"https:\/\/super-news.info\/es\/wp-content\/uploads\/sites\/4\/2019\/08\/El-Hotel-RIU-Plaza-Espa\u00f1a-abre-por-fin-sus-puertas.jpg","datePublished":"2019-08-14T01:36:57+00:00","dateModified":"2019-08-14T01:36:58+00:00","author":{"@id":"https:\/\/super-news.info\/es\/#\/schema\/person\/2d4068cb2f39cd10008c2fce578a7356"},"breadcrumb":{"@id":"https:\/\/super-news.info\/es\/el-hotel-riu-plaza-espana-abre-por-fin-sus-puertas-en-madrid\/#breadcrumb"},"inLanguage":"en-US","potentialAction":[{"@type":"ReadAction","target":["https:\/\/super-news.info\/es\/el-hotel-riu-plaza-espana-abre-por-fin-sus-puertas-en-madrid\/"]}]},{"@type":"ImageObject","inLanguage":"en-US","@id":"https:\/\/super-news.info\/es\/el-hotel-riu-plaza-espana-abre-por-fin-sus-puertas-en-madrid\/#primaryimage","url":"https:\/\/super-news.info\/es\/wp-content\/uploads\/sites\/4\/2019\/08\/El-Hotel-RIU-Plaza-Espa\u00f1a-abre-por-fin-sus-puertas.jpg","contentUrl":"https:\/\/super-news.info\/es\/wp-content\/uploads\/sites\/4\/2019\/08\/El-Hotel-RIU-Plaza-Espa\u00f1a-abre-por-fin-sus-puertas.jpg","width":626,"height":364,"caption":"hotel riu plaza espana"},{"@type":"BreadcrumbList","@id":"https:\/\/super-news.info\/es\/el-hotel-riu-plaza-espana-abre-por-fin-sus-puertas-en-madrid\/#breadcrumb","itemListElement":[{"@type":"ListItem","position":1,"name":"\u0413\u043b\u0430\u0432\u043d\u0430\u044f \u0441\u0442\u0440\u0430\u043d\u0438\u0446\u0430","item":"https:\/\/super-news.info\/es\/"},{"@type":"ListItem","position":2,"name":"El Hotel RIU Plaza Espa\u00f1a abre (por fin) sus puertas en Madrid"}]},{"@type":"WebSite","@id":"https:\/\/super-news.info\/es\/#website","url":"https:\/\/super-news.info\/es\/","name":"Super News","description":"Super News Espa\u00f1a","potentialAction":[{"@type":"SearchAction","target":{"@type":"EntryPoint","urlTemplate":"https:\/\/super-news.info\/es\/?s={search_term_string}"},"query-input":{"@type":"PropertyValueSpecification","valueRequired":true,"valueName":"search_term_string"}}],"inLanguage":"en-US"},{"@type":"Person","@id":"https:\/\/super-news.info\/es\/#\/schema\/person\/2d4068cb2f39cd10008c2fce578a7356","name":"super-news","image":{"@type":"ImageObject","inLanguage":"en-US","@id":"https:\/\/secure.gravatar.com\/avatar\/64ebac40b93f26a154f8a9b5b6fdccfc46f442b26b3dd6756dbff3bf9dc76fd7?s=96&d=mm&r=g","url":"https:\/\/secure.gravatar.com\/avatar\/64ebac40b93f26a154f8a9b5b6fdccfc46f442b26b3dd6756dbff3bf9dc76fd7?s=96&d=mm&r=g","contentUrl":"https:\/\/secure.gravatar.com\/avatar\/64ebac40b93f26a154f8a9b5b6fdccfc46f442b26b3dd6756dbff3bf9dc76fd7?s=96&d=mm&r=g","caption":"super-news"},"url":"https:\/\/super-news.info\/es\/author\/pt\/"}]}},"_links":{"self":[{"href":"https:\/\/super-news.info\/es\/wp-json\/wp\/v2\/posts\/8703","targetHints":{"allow":["GET"]}}],"collection":[{"href":"https:\/\/super-news.info\/es\/wp-json\/wp\/v2\/posts"}],"about":[{"href":"https:\/\/super-news.info\/es\/wp-json\/wp\/v2\/types\/post"}],"author":[{"embeddable":true,"href":"https:\/\/super-news.info\/es\/wp-json\/wp\/v2\/users\/2"}],"replies":[{"embeddable":true,"href":"https:\/\/super-news.info\/es\/wp-json\/wp\/v2\/comments?post=8703"}],"version-history":[{"count":1,"href":"https:\/\/super-news.info\/es\/wp-json\/wp\/v2\/posts\/8703\/revisions"}],"predecessor-version":[{"id":8705,"href":"https:\/\/super-news.info\/es\/wp-json\/wp\/v2\/posts\/8703\/revisions\/8705"}],"wp:featuredmedia":[{"embeddable":true,"href":"https:\/\/super-news.info\/es\/wp-json\/wp\/v2\/media\/8704"}],"wp:attachment":[{"href":"https:\/\/super-news.info\/es\/wp-json\/wp\/v2\/media?parent=8703"}],"wp:term":[{"taxonomy":"category","embeddable":true,"href":"https:\/\/super-news.info\/es\/wp-json\/wp\/v2\/categories?post=8703"},{"taxonomy":"post_tag","embeddable":true,"href":"https:\/\/super-news.info\/es\/wp-json\/wp\/v2\/tags?post=8703"}],"curies":[{"name":"wp","href":"https:\/\/api.w.org\/{rel}","templated":true}]}}