{"id":8697,"date":"2019-08-14T01:33:41","date_gmt":"2019-08-13T22:33:41","guid":{"rendered":"https:\/\/super-news.info\/es\/samsung-estrena-su-nueva-campana-profesiones-del-futuro\/"},"modified":"2019-08-14T01:33:42","modified_gmt":"2019-08-13T22:33:42","slug":"samsung-estrena-su-nueva-campana-profesiones-del-futuro","status":"publish","type":"post","link":"https:\/\/super-news.info\/es\/samsung-estrena-su-nueva-campana-profesiones-del-futuro\/","title":{"rendered":"Samsung estrena su nueva campa\u00f1a &#8220;Profesiones del Futuro&#8221;"},"content":{"rendered":"<p> [ad_1]<br \/>\n<\/p>\n<div id=\"textoNoticia\">\n<p class=\"excerpt-single\">La campa\u00f1a durar\u00e1 tres semanas y se centrar\u00e1 en el papel transformador que tiene la tecnolog\u00eda en los perfiles laborales del futuro, dentro del compromiso de la marca con la educaci\u00f3n, a trav\u00e9s del proyecto Samsung Smart School&#13;<br \/>\n&#13;\n<\/p>\n<\/p>\n<p>Samsung ha presentado recientemente la campa\u00f1a &#8220;<strong>Profesiones del Futuro&#8221;<\/strong>. Es una iniciativa que la marca surcoreana va a desarrollar en el marco del proyecto <strong>#Tecnolog\u00edaconProp\u00f3sito<\/strong>. Todos estos esfuerzos van enfocados a reforzar el compromiso de la compa\u00f1\u00eda por mejorar la educaci\u00f3n en Espa\u00f1a.<\/p>\n<p>De hecho, esta campa\u00f1a sirve para enfatizar a\u00fan m\u00e1s la apuesta de Samsung por una <strong>educaci\u00f3n basada en competencias<\/strong>. Con este modelo, a su vez, la empresa ya prepara a m\u00e1s de <strong>4.000 alumnos<\/strong> espa\u00f1oles para que reciban clases a trav\u00e9s de su programa <strong>Samsung Smart School<\/strong>. Se trata de una metodolog\u00eda educativa desarrollada con el visto bueno y la colaboraci\u00f3n del <strong>Ministerio de Educaci\u00f3n y Formaci\u00f3n Profesional<\/strong>, adem\u00e1s de las comunidades aut\u00f3nomas. Adem\u00e1s, es un programa que est\u00e1 dirigido a alumnos <strong>entre quinto y sexto de educaci\u00f3n primaria<\/strong>.<\/p>\n<p>De esta forma, ya son <strong>cuarenta centros p\u00fablicos<\/strong> espa\u00f1oles los que han implementado este tipo de ense\u00f1anza. Su objetivo principal es el de <strong>integrar en el d\u00eda a d\u00eda de las aulas las nuevas tecnolog\u00edas<\/strong>, tambi\u00e9n para los m\u00e1s peque\u00f1os. Gracias a este m\u00e9todo, la capacidad de aprendizaje de los ni\u00f1os ha mejorado sustancialmente en materia ling\u00fc\u00edstica, digital, matem\u00e1tica, etc.<\/p>\n<p>\n\t\t\t\t<iframe loading=\"lazy\" src=\"http:\/\/www.youtube.com\/embed\/wPjtUN7-KRE?enablejsapi=1&amp;version=3&amp;rel=0&amp;showinfo=0&amp;controls=0\" id=\"iframePlayer\" width=\"940\" height=\"529\" frameborder=\"0\" webkitallowfullscreen=\"\" mozallowfullscreen=\"\" allowfullscreen=\"\"><\/iframe>\n\t\t\t<\/p>\n<p>Si no visualiza correctamente el v\u00eddeo embedded, haga clic aqu\u00ed.<\/p>\n<p>\u201cCon esta nueva campa\u00f1a, Samsung quiere poner de manifiesto el papel transformador que tendr\u00e1 la tecnolog\u00eda en los <strong>perfiles laborales del futuro<\/strong>\u201d, se\u00f1ala <strong>Alfonso Fern\u00e1ndez<\/strong>, director de Marketing y Comunicaci\u00f3n Corporativa de Samsung. A continuaci\u00f3n, a\u00f1ade que \u201cperseguimos un <strong>objetivo \u00fanico<\/strong>: cambiar la forma de ense\u00f1ar hoy, para que muchos ni\u00f1os puedan cambiar el ma\u00f1ana\u201d.<\/p>\n<p>La campa\u00f1a, puesta en marcha por la agencia <strong>Cheil<\/strong> para Samsung, <strong>estar\u00e1 en emisi\u00f3n desde hoy<\/strong> en televisi\u00f3n, redes sociales, cines y v\u00eddeos online. Durar\u00e1 <strong>tres semanas<\/strong>, y cuenta con dos anuncios y diversas piezas audiovisuales para redes sociales. En ellas muestran a <strong>ni\u00f1os y ni\u00f1as de la actualidad<\/strong>, describiendo en su aula cu\u00e1l es su <strong>trabajo so\u00f1ado<\/strong>. Adem\u00e1s, lo hacen siendo conscientes de que el <strong>85%<\/strong> de las profesiones m\u00e1s demandadas en el mercado para <strong>2030<\/strong> apenas est\u00e1n siendo inventadas.<\/p>\n<p>Gracias al <strong>tono din\u00e1mico<\/strong> y la <strong>naturalidad<\/strong> que aporta la <strong>perspectiva<\/strong> <strong>infantil<\/strong>, la campa\u00f1a capta la veloz transformaci\u00f3n que experimenta el panorama laboral. Para hacernos una idea, basta con descubrir que la <strong>programaci\u00f3n de sue\u00f1os<\/strong>, el <strong>turismo espacial<\/strong> y la <strong>arquitectura submarina<\/strong> son algunas de las actividades profesionales y laborales preferidas por los ni\u00f1os para el futuro.<\/p>\n<p class=\"link-telegram\">\n\t\t\t\t\t\t\t\t\t\t\tNo te pierdas nada de MarketingDirecto.com y \u00fanete a nuestro Telegram t.me\/MarketingDirecto\n\t\t\t\t\t\t\t\t\t\t<\/p>\n<\/p><\/div>\n<p><script>(function(d, s, id) {\n  var js, fjs = d.getElementsByTagName(s)[0];\n  if (d.getElementById(id)) return;\n  js = d.createElement(s); js.id = id;\n  js.src = \"http:\/\/connect.facebook.net\/es_LA\/sdk.js#xfbml=1&appId=408746052611679&version=v2.3\";\n  fjs.parentNode.insertBefore(js, fjs);\n}(document, 'script', 'facebook-jssdk'));<\/script><br \/>\n<br \/>[ad_2]<br \/>\n<br \/><a href=\"https:\/\/www.marketingdirecto.com\/anunciantes-general\/anunciantes\/samsung-estrena-su-nueva-campana-profesiones-del-futuro\">Source link <\/a><\/p>\n","protected":false},"excerpt":{"rendered":"<p>[ad_1] La campa\u00f1a durar\u00e1 tres semanas y se centrar\u00e1 en el papel transformador que tiene la tecnolog\u00eda en los perfiles laborales del futuro, dentro del compromiso de la marca con la educaci\u00f3n, a trav\u00e9s del proyecto Samsung Smart School&#13; &#13; Samsung ha presentado recientemente la campa\u00f1a &#8220;Profesiones del Futuro&#8221;. Es una iniciativa que la marca [&hellip;]<\/p>\n","protected":false},"author":2,"featured_media":8698,"comment_status":"open","ping_status":"open","sticky":false,"template":"","format":"standard","meta":{"footnotes":""},"categories":[2],"tags":[],"class_list":["post-8697","post","type-post","status-publish","format-standard","has-post-thumbnail","hentry","category-noticias-de-marketing-digital"],"yoast_head":"<!-- This site is optimized with the Yoast SEO plugin v27.4 - https:\/\/yoast.com\/product\/yoast-seo-wordpress\/ -->\n<title>Samsung estrena su nueva campa\u00f1a &quot;Profesiones del Futuro&quot; - Super News<\/title>\n<meta name=\"robots\" content=\"index, follow, max-snippet:-1, max-image-preview:large, max-video-preview:-1\" \/>\n<link rel=\"canonical\" href=\"https:\/\/super-news.info\/es\/samsung-estrena-su-nueva-campana-profesiones-del-futuro\/\" \/>\n<meta property=\"og:locale\" content=\"en_US\" \/>\n<meta property=\"og:type\" content=\"article\" \/>\n<meta property=\"og:title\" content=\"Samsung estrena su nueva campa\u00f1a &quot;Profesiones del Futuro&quot; - Super News\" \/>\n<meta property=\"og:description\" content=\"[ad_1] La campa\u00f1a durar\u00e1 tres semanas y se centrar\u00e1 en el papel transformador que tiene la tecnolog\u00eda en los perfiles laborales del futuro, dentro del compromiso de la marca con la educaci\u00f3n, a trav\u00e9s del proyecto Samsung Smart School&#013; &#013; Samsung ha presentado recientemente la campa\u00f1a &#8220;Profesiones del Futuro&#8221;. Es una iniciativa que la marca [&hellip;]\" \/>\n<meta property=\"og:url\" content=\"https:\/\/super-news.info\/es\/samsung-estrena-su-nueva-campana-profesiones-del-futuro\/\" \/>\n<meta property=\"og:site_name\" content=\"Super News\" \/>\n<meta property=\"article:published_time\" content=\"2019-08-13T22:33:41+00:00\" \/>\n<meta property=\"article:modified_time\" content=\"2019-08-13T22:33:42+00:00\" \/>\n<meta property=\"og:image\" content=\"https:\/\/super-news.info\/es\/wp-content\/uploads\/sites\/4\/2019\/08\/Samsung-estrena-su-nueva-campa\u00f1a-Profesiones-del-Futuro.jpg\" \/>\n\t<meta property=\"og:image:width\" content=\"626\" \/>\n\t<meta property=\"og:image:height\" content=\"364\" \/>\n\t<meta property=\"og:image:type\" content=\"image\/jpeg\" \/>\n<meta name=\"author\" content=\"super-news\" \/>\n<meta name=\"twitter:card\" content=\"summary_large_image\" \/>\n<meta name=\"twitter:label1\" content=\"Written by\" \/>\n\t<meta name=\"twitter:data1\" content=\"super-news\" \/>\n\t<meta name=\"twitter:label2\" content=\"Est. reading time\" \/>\n\t<meta name=\"twitter:data2\" content=\"3 minutes\" \/>\n<script type=\"application\/ld+json\" class=\"yoast-schema-graph\">{\"@context\":\"https:\\\/\\\/schema.org\",\"@graph\":[{\"@type\":\"Article\",\"@id\":\"https:\\\/\\\/super-news.info\\\/es\\\/samsung-estrena-su-nueva-campana-profesiones-del-futuro\\\/#article\",\"isPartOf\":{\"@id\":\"https:\\\/\\\/super-news.info\\\/es\\\/samsung-estrena-su-nueva-campana-profesiones-del-futuro\\\/\"},\"author\":{\"name\":\"super-news\",\"@id\":\"https:\\\/\\\/super-news.info\\\/es\\\/#\\\/schema\\\/person\\\/2d4068cb2f39cd10008c2fce578a7356\"},\"headline\":\"Samsung estrena su nueva campa\u00f1a &#8220;Profesiones del Futuro&#8221;\",\"datePublished\":\"2019-08-13T22:33:41+00:00\",\"dateModified\":\"2019-08-13T22:33:42+00:00\",\"mainEntityOfPage\":{\"@id\":\"https:\\\/\\\/super-news.info\\\/es\\\/samsung-estrena-su-nueva-campana-profesiones-del-futuro\\\/\"},\"wordCount\":524,\"commentCount\":0,\"image\":{\"@id\":\"https:\\\/\\\/super-news.info\\\/es\\\/samsung-estrena-su-nueva-campana-profesiones-del-futuro\\\/#primaryimage\"},\"thumbnailUrl\":\"https:\\\/\\\/super-news.info\\\/es\\\/wp-content\\\/uploads\\\/sites\\\/4\\\/2019\\\/08\\\/Samsung-estrena-su-nueva-campa\u00f1a-Profesiones-del-Futuro.jpg\",\"articleSection\":[\"NOTICIAS DE MARKETING DIGITAL\"],\"inLanguage\":\"en-US\",\"potentialAction\":[{\"@type\":\"CommentAction\",\"name\":\"Comment\",\"target\":[\"https:\\\/\\\/super-news.info\\\/es\\\/samsung-estrena-su-nueva-campana-profesiones-del-futuro\\\/#respond\"]}]},{\"@type\":\"WebPage\",\"@id\":\"https:\\\/\\\/super-news.info\\\/es\\\/samsung-estrena-su-nueva-campana-profesiones-del-futuro\\\/\",\"url\":\"https:\\\/\\\/super-news.info\\\/es\\\/samsung-estrena-su-nueva-campana-profesiones-del-futuro\\\/\",\"name\":\"Samsung estrena su nueva campa\u00f1a \\\"Profesiones del Futuro\\\" - Super News\",\"isPartOf\":{\"@id\":\"https:\\\/\\\/super-news.info\\\/es\\\/#website\"},\"primaryImageOfPage\":{\"@id\":\"https:\\\/\\\/super-news.info\\\/es\\\/samsung-estrena-su-nueva-campana-profesiones-del-futuro\\\/#primaryimage\"},\"image\":{\"@id\":\"https:\\\/\\\/super-news.info\\\/es\\\/samsung-estrena-su-nueva-campana-profesiones-del-futuro\\\/#primaryimage\"},\"thumbnailUrl\":\"https:\\\/\\\/super-news.info\\\/es\\\/wp-content\\\/uploads\\\/sites\\\/4\\\/2019\\\/08\\\/Samsung-estrena-su-nueva-campa\u00f1a-Profesiones-del-Futuro.jpg\",\"datePublished\":\"2019-08-13T22:33:41+00:00\",\"dateModified\":\"2019-08-13T22:33:42+00:00\",\"author\":{\"@id\":\"https:\\\/\\\/super-news.info\\\/es\\\/#\\\/schema\\\/person\\\/2d4068cb2f39cd10008c2fce578a7356\"},\"breadcrumb\":{\"@id\":\"https:\\\/\\\/super-news.info\\\/es\\\/samsung-estrena-su-nueva-campana-profesiones-del-futuro\\\/#breadcrumb\"},\"inLanguage\":\"en-US\",\"potentialAction\":[{\"@type\":\"ReadAction\",\"target\":[\"https:\\\/\\\/super-news.info\\\/es\\\/samsung-estrena-su-nueva-campana-profesiones-del-futuro\\\/\"]}]},{\"@type\":\"ImageObject\",\"inLanguage\":\"en-US\",\"@id\":\"https:\\\/\\\/super-news.info\\\/es\\\/samsung-estrena-su-nueva-campana-profesiones-del-futuro\\\/#primaryimage\",\"url\":\"https:\\\/\\\/super-news.info\\\/es\\\/wp-content\\\/uploads\\\/sites\\\/4\\\/2019\\\/08\\\/Samsung-estrena-su-nueva-campa\u00f1a-Profesiones-del-Futuro.jpg\",\"contentUrl\":\"https:\\\/\\\/super-news.info\\\/es\\\/wp-content\\\/uploads\\\/sites\\\/4\\\/2019\\\/08\\\/Samsung-estrena-su-nueva-campa\u00f1a-Profesiones-del-Futuro.jpg\",\"width\":626,\"height\":364,\"caption\":\"Profesiones-del-futuro-Samsung-campa\u00f1a\"},{\"@type\":\"BreadcrumbList\",\"@id\":\"https:\\\/\\\/super-news.info\\\/es\\\/samsung-estrena-su-nueva-campana-profesiones-del-futuro\\\/#breadcrumb\",\"itemListElement\":[{\"@type\":\"ListItem\",\"position\":1,\"name\":\"\u0413\u043b\u0430\u0432\u043d\u0430\u044f \u0441\u0442\u0440\u0430\u043d\u0438\u0446\u0430\",\"item\":\"https:\\\/\\\/super-news.info\\\/es\\\/\"},{\"@type\":\"ListItem\",\"position\":2,\"name\":\"Samsung estrena su nueva campa\u00f1a &#8220;Profesiones del Futuro&#8221;\"}]},{\"@type\":\"WebSite\",\"@id\":\"https:\\\/\\\/super-news.info\\\/es\\\/#website\",\"url\":\"https:\\\/\\\/super-news.info\\\/es\\\/\",\"name\":\"Super News\",\"description\":\"Super News Espa\u00f1a\",\"potentialAction\":[{\"@type\":\"SearchAction\",\"target\":{\"@type\":\"EntryPoint\",\"urlTemplate\":\"https:\\\/\\\/super-news.info\\\/es\\\/?s={search_term_string}\"},\"query-input\":{\"@type\":\"PropertyValueSpecification\",\"valueRequired\":true,\"valueName\":\"search_term_string\"}}],\"inLanguage\":\"en-US\"},{\"@type\":\"Person\",\"@id\":\"https:\\\/\\\/super-news.info\\\/es\\\/#\\\/schema\\\/person\\\/2d4068cb2f39cd10008c2fce578a7356\",\"name\":\"super-news\",\"image\":{\"@type\":\"ImageObject\",\"inLanguage\":\"en-US\",\"@id\":\"https:\\\/\\\/secure.gravatar.com\\\/avatar\\\/64ebac40b93f26a154f8a9b5b6fdccfc46f442b26b3dd6756dbff3bf9dc76fd7?s=96&d=mm&r=g\",\"url\":\"https:\\\/\\\/secure.gravatar.com\\\/avatar\\\/64ebac40b93f26a154f8a9b5b6fdccfc46f442b26b3dd6756dbff3bf9dc76fd7?s=96&d=mm&r=g\",\"contentUrl\":\"https:\\\/\\\/secure.gravatar.com\\\/avatar\\\/64ebac40b93f26a154f8a9b5b6fdccfc46f442b26b3dd6756dbff3bf9dc76fd7?s=96&d=mm&r=g\",\"caption\":\"super-news\"},\"url\":\"https:\\\/\\\/super-news.info\\\/es\\\/author\\\/pt\\\/\"}]}<\/script>\n<!-- \/ Yoast SEO plugin. -->","yoast_head_json":{"title":"Samsung estrena su nueva campa\u00f1a \"Profesiones del Futuro\" - Super News","robots":{"index":"index","follow":"follow","max-snippet":"max-snippet:-1","max-image-preview":"max-image-preview:large","max-video-preview":"max-video-preview:-1"},"canonical":"https:\/\/super-news.info\/es\/samsung-estrena-su-nueva-campana-profesiones-del-futuro\/","og_locale":"en_US","og_type":"article","og_title":"Samsung estrena su nueva campa\u00f1a \"Profesiones del Futuro\" - Super News","og_description":"[ad_1] La campa\u00f1a durar\u00e1 tres semanas y se centrar\u00e1 en el papel transformador que tiene la tecnolog\u00eda en los perfiles laborales del futuro, dentro del compromiso de la marca con la educaci\u00f3n, a trav\u00e9s del proyecto Samsung Smart School&#13; &#13; Samsung ha presentado recientemente la campa\u00f1a &#8220;Profesiones del Futuro&#8221;. Es una iniciativa que la marca [&hellip;]","og_url":"https:\/\/super-news.info\/es\/samsung-estrena-su-nueva-campana-profesiones-del-futuro\/","og_site_name":"Super News","article_published_time":"2019-08-13T22:33:41+00:00","article_modified_time":"2019-08-13T22:33:42+00:00","og_image":[{"width":626,"height":364,"url":"https:\/\/super-news.info\/es\/wp-content\/uploads\/sites\/4\/2019\/08\/Samsung-estrena-su-nueva-campa\u00f1a-Profesiones-del-Futuro.jpg","type":"image\/jpeg"}],"author":"super-news","twitter_card":"summary_large_image","twitter_misc":{"Written by":"super-news","Est. reading time":"3 minutes"},"schema":{"@context":"https:\/\/schema.org","@graph":[{"@type":"Article","@id":"https:\/\/super-news.info\/es\/samsung-estrena-su-nueva-campana-profesiones-del-futuro\/#article","isPartOf":{"@id":"https:\/\/super-news.info\/es\/samsung-estrena-su-nueva-campana-profesiones-del-futuro\/"},"author":{"name":"super-news","@id":"https:\/\/super-news.info\/es\/#\/schema\/person\/2d4068cb2f39cd10008c2fce578a7356"},"headline":"Samsung estrena su nueva campa\u00f1a &#8220;Profesiones del Futuro&#8221;","datePublished":"2019-08-13T22:33:41+00:00","dateModified":"2019-08-13T22:33:42+00:00","mainEntityOfPage":{"@id":"https:\/\/super-news.info\/es\/samsung-estrena-su-nueva-campana-profesiones-del-futuro\/"},"wordCount":524,"commentCount":0,"image":{"@id":"https:\/\/super-news.info\/es\/samsung-estrena-su-nueva-campana-profesiones-del-futuro\/#primaryimage"},"thumbnailUrl":"https:\/\/super-news.info\/es\/wp-content\/uploads\/sites\/4\/2019\/08\/Samsung-estrena-su-nueva-campa\u00f1a-Profesiones-del-Futuro.jpg","articleSection":["NOTICIAS DE MARKETING DIGITAL"],"inLanguage":"en-US","potentialAction":[{"@type":"CommentAction","name":"Comment","target":["https:\/\/super-news.info\/es\/samsung-estrena-su-nueva-campana-profesiones-del-futuro\/#respond"]}]},{"@type":"WebPage","@id":"https:\/\/super-news.info\/es\/samsung-estrena-su-nueva-campana-profesiones-del-futuro\/","url":"https:\/\/super-news.info\/es\/samsung-estrena-su-nueva-campana-profesiones-del-futuro\/","name":"Samsung estrena su nueva campa\u00f1a \"Profesiones del Futuro\" - Super News","isPartOf":{"@id":"https:\/\/super-news.info\/es\/#website"},"primaryImageOfPage":{"@id":"https:\/\/super-news.info\/es\/samsung-estrena-su-nueva-campana-profesiones-del-futuro\/#primaryimage"},"image":{"@id":"https:\/\/super-news.info\/es\/samsung-estrena-su-nueva-campana-profesiones-del-futuro\/#primaryimage"},"thumbnailUrl":"https:\/\/super-news.info\/es\/wp-content\/uploads\/sites\/4\/2019\/08\/Samsung-estrena-su-nueva-campa\u00f1a-Profesiones-del-Futuro.jpg","datePublished":"2019-08-13T22:33:41+00:00","dateModified":"2019-08-13T22:33:42+00:00","author":{"@id":"https:\/\/super-news.info\/es\/#\/schema\/person\/2d4068cb2f39cd10008c2fce578a7356"},"breadcrumb":{"@id":"https:\/\/super-news.info\/es\/samsung-estrena-su-nueva-campana-profesiones-del-futuro\/#breadcrumb"},"inLanguage":"en-US","potentialAction":[{"@type":"ReadAction","target":["https:\/\/super-news.info\/es\/samsung-estrena-su-nueva-campana-profesiones-del-futuro\/"]}]},{"@type":"ImageObject","inLanguage":"en-US","@id":"https:\/\/super-news.info\/es\/samsung-estrena-su-nueva-campana-profesiones-del-futuro\/#primaryimage","url":"https:\/\/super-news.info\/es\/wp-content\/uploads\/sites\/4\/2019\/08\/Samsung-estrena-su-nueva-campa\u00f1a-Profesiones-del-Futuro.jpg","contentUrl":"https:\/\/super-news.info\/es\/wp-content\/uploads\/sites\/4\/2019\/08\/Samsung-estrena-su-nueva-campa\u00f1a-Profesiones-del-Futuro.jpg","width":626,"height":364,"caption":"Profesiones-del-futuro-Samsung-campa\u00f1a"},{"@type":"BreadcrumbList","@id":"https:\/\/super-news.info\/es\/samsung-estrena-su-nueva-campana-profesiones-del-futuro\/#breadcrumb","itemListElement":[{"@type":"ListItem","position":1,"name":"\u0413\u043b\u0430\u0432\u043d\u0430\u044f \u0441\u0442\u0440\u0430\u043d\u0438\u0446\u0430","item":"https:\/\/super-news.info\/es\/"},{"@type":"ListItem","position":2,"name":"Samsung estrena su nueva campa\u00f1a &#8220;Profesiones del Futuro&#8221;"}]},{"@type":"WebSite","@id":"https:\/\/super-news.info\/es\/#website","url":"https:\/\/super-news.info\/es\/","name":"Super News","description":"Super News Espa\u00f1a","potentialAction":[{"@type":"SearchAction","target":{"@type":"EntryPoint","urlTemplate":"https:\/\/super-news.info\/es\/?s={search_term_string}"},"query-input":{"@type":"PropertyValueSpecification","valueRequired":true,"valueName":"search_term_string"}}],"inLanguage":"en-US"},{"@type":"Person","@id":"https:\/\/super-news.info\/es\/#\/schema\/person\/2d4068cb2f39cd10008c2fce578a7356","name":"super-news","image":{"@type":"ImageObject","inLanguage":"en-US","@id":"https:\/\/secure.gravatar.com\/avatar\/64ebac40b93f26a154f8a9b5b6fdccfc46f442b26b3dd6756dbff3bf9dc76fd7?s=96&d=mm&r=g","url":"https:\/\/secure.gravatar.com\/avatar\/64ebac40b93f26a154f8a9b5b6fdccfc46f442b26b3dd6756dbff3bf9dc76fd7?s=96&d=mm&r=g","contentUrl":"https:\/\/secure.gravatar.com\/avatar\/64ebac40b93f26a154f8a9b5b6fdccfc46f442b26b3dd6756dbff3bf9dc76fd7?s=96&d=mm&r=g","caption":"super-news"},"url":"https:\/\/super-news.info\/es\/author\/pt\/"}]}},"_links":{"self":[{"href":"https:\/\/super-news.info\/es\/wp-json\/wp\/v2\/posts\/8697","targetHints":{"allow":["GET"]}}],"collection":[{"href":"https:\/\/super-news.info\/es\/wp-json\/wp\/v2\/posts"}],"about":[{"href":"https:\/\/super-news.info\/es\/wp-json\/wp\/v2\/types\/post"}],"author":[{"embeddable":true,"href":"https:\/\/super-news.info\/es\/wp-json\/wp\/v2\/users\/2"}],"replies":[{"embeddable":true,"href":"https:\/\/super-news.info\/es\/wp-json\/wp\/v2\/comments?post=8697"}],"version-history":[{"count":1,"href":"https:\/\/super-news.info\/es\/wp-json\/wp\/v2\/posts\/8697\/revisions"}],"predecessor-version":[{"id":8699,"href":"https:\/\/super-news.info\/es\/wp-json\/wp\/v2\/posts\/8697\/revisions\/8699"}],"wp:featuredmedia":[{"embeddable":true,"href":"https:\/\/super-news.info\/es\/wp-json\/wp\/v2\/media\/8698"}],"wp:attachment":[{"href":"https:\/\/super-news.info\/es\/wp-json\/wp\/v2\/media?parent=8697"}],"wp:term":[{"taxonomy":"category","embeddable":true,"href":"https:\/\/super-news.info\/es\/wp-json\/wp\/v2\/categories?post=8697"},{"taxonomy":"post_tag","embeddable":true,"href":"https:\/\/super-news.info\/es\/wp-json\/wp\/v2\/tags?post=8697"}],"curies":[{"name":"wp","href":"https:\/\/api.w.org\/{rel}","templated":true}]}}