{"id":8694,"date":"2019-08-14T00:04:09","date_gmt":"2019-08-13T21:04:09","guid":{"rendered":"https:\/\/super-news.info\/es\/maximiliano-maddalena-nuevo-director-general-de-ogilvy-chile\/"},"modified":"2019-08-14T00:04:10","modified_gmt":"2019-08-13T21:04:10","slug":"maximiliano-maddalena-nuevo-director-general-de-ogilvy-chile","status":"publish","type":"post","link":"https:\/\/super-news.info\/es\/maximiliano-maddalena-nuevo-director-general-de-ogilvy-chile\/","title":{"rendered":"Maximiliano Maddalena, nuevo Director General de Ogilvy Chile"},"content":{"rendered":"<p> [ad_1]<br \/>\n<\/p>\n<div id=\"textoNoticia\">\n<p class=\"excerpt-single\">El creativo, que dejar\u00e1 su rol como VP Creativo de Latina South, asumir\u00e1 adem\u00e1s el rol de COO Export Markets y Managing Director Chile. Pablo Colonesse, por su parte, ser\u00e1 el nuevo Chief Creative Officer de Argentina.<\/p>\n<\/p>\n<p>Luego de siete exitosos a\u00f1os en el liderazgo del equipo creativo, Maximiliano Maddalena deja la posici\u00f3n de CCO de Ogilvy latina South para asumir su nuevo rol como <strong>Managing Director de la oficina de la red en Chile<\/strong> as\u00ed como la posici\u00f3n de Chief Operating Officer Export Markets.<\/p>\n<p>&#8220;La contribuci\u00f3n de Maxi en estos \u00faltimos a\u00f1os ha sido sobresaliente. Ha ayudado a la expansi\u00f3n de Ogilvy, no s\u00f3lo en Argentina y Chile, sino tambi\u00e9n en mercados como Brasil, Hait\u00ed y Panam\u00e1, entre otros&#8221;, afirm\u00f3 Leandro Berrone, CEO de Ogilvy Latina South. &#8220;No tengo m\u00e1s que agradecimiento a su gesti\u00f3n y tengo la <strong>absoluta confianza en que llevar\u00e1 a cabo este desaf\u00edo<\/strong> con la m\u00e1xima calidad&#8221;, agreg\u00f3.<\/p>\n<p>Pablo Colonesse, de desatacada trayectoria nacional e internacional, ocupar\u00e1 la posici\u00f3n de Chief Creative Officer (CCO) de Ogilvy Argentina. El creativo cuenta con una larga lista de premios de diferentes festivales, entre ellos <strong>2 FIAP Grand Prix, 12 Clios y 8 Cannes Lions.<\/strong> Adem\u00e1s, ha sido elegido como uno de los <strong>45 mejores creativos ejecutivos del mundo<\/strong> por The Big Won Report 2014.<\/p>\n<p>&#8220;La incorporaci\u00f3n de Pablo es para nosotros un privilegio al mismo tiempo que un refortalecimiento de nuestra apuesta a la creatividad estrat\u00e9gica como discriminador de nuestra oferta de comunicaci\u00f3n integral. Estamos convencidos del enorme valor que Pablo traer\u00e1 a nuestra amplia base de clientes as\u00ed como al mercado argentino&#8221;, sostuvo Berrone.<\/p>\n<p>Nota de prensa<\/p>\n<p class=\"link-telegram\">\n\t\t\t\t\t\t\t\t\t\t\tNo te pierdas nada de MarketingDirecto.com y \u00fanete a nuestro Telegram t.me\/MarketingDirecto\n\t\t\t\t\t\t\t\t\t\t<\/p>\n<\/p><\/div>\n<p><script>(function(d, s, id) {\n  var js, fjs = d.getElementsByTagName(s)[0];\n  if (d.getElementById(id)) return;\n  js = d.createElement(s); js.id = id;\n  js.src = \"http:\/\/connect.facebook.net\/es_LA\/sdk.js#xfbml=1&appId=408746052611679&version=v2.3\";\n  fjs.parentNode.insertBefore(js, fjs);\n}(document, 'script', 'facebook-jssdk'));<\/script><br \/>\n<br \/>[ad_2]<br \/>\n<br \/><a href=\"https:\/\/www.marketingdirecto.com\/anunciantes-general\/anunciantes\/maximiliano-maddalena-nuevo-director-general-de-ogilvy-chile\">Source link <\/a><\/p>\n","protected":false},"excerpt":{"rendered":"<p>[ad_1] El creativo, que dejar\u00e1 su rol como VP Creativo de Latina South, asumir\u00e1 adem\u00e1s el rol de COO Export Markets y Managing Director Chile. Pablo Colonesse, por su parte, ser\u00e1 el nuevo Chief Creative Officer de Argentina. Luego de siete exitosos a\u00f1os en el liderazgo del equipo creativo, Maximiliano Maddalena deja la posici\u00f3n de [&hellip;]<\/p>\n","protected":false},"author":2,"featured_media":8695,"comment_status":"open","ping_status":"open","sticky":false,"template":"","format":"standard","meta":{"footnotes":""},"categories":[2],"tags":[],"class_list":["post-8694","post","type-post","status-publish","format-standard","has-post-thumbnail","hentry","category-noticias-de-marketing-digital"],"yoast_head":"<!-- This site is optimized with the Yoast SEO plugin v27.4 - https:\/\/yoast.com\/product\/yoast-seo-wordpress\/ -->\n<title>Maximiliano Maddalena, nuevo Director General de Ogilvy Chile - Super News<\/title>\n<meta name=\"robots\" content=\"index, follow, max-snippet:-1, max-image-preview:large, max-video-preview:-1\" \/>\n<link rel=\"canonical\" href=\"https:\/\/super-news.info\/es\/maximiliano-maddalena-nuevo-director-general-de-ogilvy-chile\/\" \/>\n<meta property=\"og:locale\" content=\"en_US\" \/>\n<meta property=\"og:type\" content=\"article\" \/>\n<meta property=\"og:title\" content=\"Maximiliano Maddalena, nuevo Director General de Ogilvy Chile - Super News\" \/>\n<meta property=\"og:description\" content=\"[ad_1] El creativo, que dejar\u00e1 su rol como VP Creativo de Latina South, asumir\u00e1 adem\u00e1s el rol de COO Export Markets y Managing Director Chile. Pablo Colonesse, por su parte, ser\u00e1 el nuevo Chief Creative Officer de Argentina. Luego de siete exitosos a\u00f1os en el liderazgo del equipo creativo, Maximiliano Maddalena deja la posici\u00f3n de [&hellip;]\" \/>\n<meta property=\"og:url\" content=\"https:\/\/super-news.info\/es\/maximiliano-maddalena-nuevo-director-general-de-ogilvy-chile\/\" \/>\n<meta property=\"og:site_name\" content=\"Super News\" \/>\n<meta property=\"article:published_time\" content=\"2019-08-13T21:04:09+00:00\" \/>\n<meta property=\"article:modified_time\" content=\"2019-08-13T21:04:10+00:00\" \/>\n<meta property=\"og:image\" content=\"https:\/\/super-news.info\/es\/wp-content\/uploads\/sites\/4\/2019\/08\/Maximiliano-Maddalena-nuevo-Director-General-de-Ogilvy-Chile.jpg\" \/>\n\t<meta property=\"og:image:width\" content=\"626\" \/>\n\t<meta property=\"og:image:height\" content=\"364\" \/>\n\t<meta property=\"og:image:type\" content=\"image\/jpeg\" \/>\n<meta name=\"author\" content=\"super-news\" \/>\n<meta name=\"twitter:card\" content=\"summary_large_image\" \/>\n<meta name=\"twitter:label1\" content=\"Written by\" \/>\n\t<meta name=\"twitter:data1\" content=\"super-news\" \/>\n\t<meta name=\"twitter:label2\" content=\"Est. reading time\" \/>\n\t<meta name=\"twitter:data2\" content=\"2 minutes\" \/>\n<script type=\"application\/ld+json\" class=\"yoast-schema-graph\">{\"@context\":\"https:\\\/\\\/schema.org\",\"@graph\":[{\"@type\":\"Article\",\"@id\":\"https:\\\/\\\/super-news.info\\\/es\\\/maximiliano-maddalena-nuevo-director-general-de-ogilvy-chile\\\/#article\",\"isPartOf\":{\"@id\":\"https:\\\/\\\/super-news.info\\\/es\\\/maximiliano-maddalena-nuevo-director-general-de-ogilvy-chile\\\/\"},\"author\":{\"name\":\"super-news\",\"@id\":\"https:\\\/\\\/super-news.info\\\/es\\\/#\\\/schema\\\/person\\\/2d4068cb2f39cd10008c2fce578a7356\"},\"headline\":\"Maximiliano Maddalena, nuevo Director General de Ogilvy Chile\",\"datePublished\":\"2019-08-13T21:04:09+00:00\",\"dateModified\":\"2019-08-13T21:04:10+00:00\",\"mainEntityOfPage\":{\"@id\":\"https:\\\/\\\/super-news.info\\\/es\\\/maximiliano-maddalena-nuevo-director-general-de-ogilvy-chile\\\/\"},\"wordCount\":310,\"commentCount\":0,\"image\":{\"@id\":\"https:\\\/\\\/super-news.info\\\/es\\\/maximiliano-maddalena-nuevo-director-general-de-ogilvy-chile\\\/#primaryimage\"},\"thumbnailUrl\":\"https:\\\/\\\/super-news.info\\\/es\\\/wp-content\\\/uploads\\\/sites\\\/4\\\/2019\\\/08\\\/Maximiliano-Maddalena-nuevo-Director-General-de-Ogilvy-Chile.jpg\",\"articleSection\":[\"NOTICIAS DE MARKETING DIGITAL\"],\"inLanguage\":\"en-US\",\"potentialAction\":[{\"@type\":\"CommentAction\",\"name\":\"Comment\",\"target\":[\"https:\\\/\\\/super-news.info\\\/es\\\/maximiliano-maddalena-nuevo-director-general-de-ogilvy-chile\\\/#respond\"]}]},{\"@type\":\"WebPage\",\"@id\":\"https:\\\/\\\/super-news.info\\\/es\\\/maximiliano-maddalena-nuevo-director-general-de-ogilvy-chile\\\/\",\"url\":\"https:\\\/\\\/super-news.info\\\/es\\\/maximiliano-maddalena-nuevo-director-general-de-ogilvy-chile\\\/\",\"name\":\"Maximiliano Maddalena, nuevo Director General de Ogilvy Chile - Super News\",\"isPartOf\":{\"@id\":\"https:\\\/\\\/super-news.info\\\/es\\\/#website\"},\"primaryImageOfPage\":{\"@id\":\"https:\\\/\\\/super-news.info\\\/es\\\/maximiliano-maddalena-nuevo-director-general-de-ogilvy-chile\\\/#primaryimage\"},\"image\":{\"@id\":\"https:\\\/\\\/super-news.info\\\/es\\\/maximiliano-maddalena-nuevo-director-general-de-ogilvy-chile\\\/#primaryimage\"},\"thumbnailUrl\":\"https:\\\/\\\/super-news.info\\\/es\\\/wp-content\\\/uploads\\\/sites\\\/4\\\/2019\\\/08\\\/Maximiliano-Maddalena-nuevo-Director-General-de-Ogilvy-Chile.jpg\",\"datePublished\":\"2019-08-13T21:04:09+00:00\",\"dateModified\":\"2019-08-13T21:04:10+00:00\",\"author\":{\"@id\":\"https:\\\/\\\/super-news.info\\\/es\\\/#\\\/schema\\\/person\\\/2d4068cb2f39cd10008c2fce578a7356\"},\"breadcrumb\":{\"@id\":\"https:\\\/\\\/super-news.info\\\/es\\\/maximiliano-maddalena-nuevo-director-general-de-ogilvy-chile\\\/#breadcrumb\"},\"inLanguage\":\"en-US\",\"potentialAction\":[{\"@type\":\"ReadAction\",\"target\":[\"https:\\\/\\\/super-news.info\\\/es\\\/maximiliano-maddalena-nuevo-director-general-de-ogilvy-chile\\\/\"]}]},{\"@type\":\"ImageObject\",\"inLanguage\":\"en-US\",\"@id\":\"https:\\\/\\\/super-news.info\\\/es\\\/maximiliano-maddalena-nuevo-director-general-de-ogilvy-chile\\\/#primaryimage\",\"url\":\"https:\\\/\\\/super-news.info\\\/es\\\/wp-content\\\/uploads\\\/sites\\\/4\\\/2019\\\/08\\\/Maximiliano-Maddalena-nuevo-Director-General-de-Ogilvy-Chile.jpg\",\"contentUrl\":\"https:\\\/\\\/super-news.info\\\/es\\\/wp-content\\\/uploads\\\/sites\\\/4\\\/2019\\\/08\\\/Maximiliano-Maddalena-nuevo-Director-General-de-Ogilvy-Chile.jpg\",\"width\":626,\"height\":364,\"caption\":\"ogilvy\"},{\"@type\":\"BreadcrumbList\",\"@id\":\"https:\\\/\\\/super-news.info\\\/es\\\/maximiliano-maddalena-nuevo-director-general-de-ogilvy-chile\\\/#breadcrumb\",\"itemListElement\":[{\"@type\":\"ListItem\",\"position\":1,\"name\":\"\u0413\u043b\u0430\u0432\u043d\u0430\u044f \u0441\u0442\u0440\u0430\u043d\u0438\u0446\u0430\",\"item\":\"https:\\\/\\\/super-news.info\\\/es\\\/\"},{\"@type\":\"ListItem\",\"position\":2,\"name\":\"Maximiliano Maddalena, nuevo Director General de Ogilvy Chile\"}]},{\"@type\":\"WebSite\",\"@id\":\"https:\\\/\\\/super-news.info\\\/es\\\/#website\",\"url\":\"https:\\\/\\\/super-news.info\\\/es\\\/\",\"name\":\"Super News\",\"description\":\"Super News Espa\u00f1a\",\"potentialAction\":[{\"@type\":\"SearchAction\",\"target\":{\"@type\":\"EntryPoint\",\"urlTemplate\":\"https:\\\/\\\/super-news.info\\\/es\\\/?s={search_term_string}\"},\"query-input\":{\"@type\":\"PropertyValueSpecification\",\"valueRequired\":true,\"valueName\":\"search_term_string\"}}],\"inLanguage\":\"en-US\"},{\"@type\":\"Person\",\"@id\":\"https:\\\/\\\/super-news.info\\\/es\\\/#\\\/schema\\\/person\\\/2d4068cb2f39cd10008c2fce578a7356\",\"name\":\"super-news\",\"image\":{\"@type\":\"ImageObject\",\"inLanguage\":\"en-US\",\"@id\":\"https:\\\/\\\/secure.gravatar.com\\\/avatar\\\/64ebac40b93f26a154f8a9b5b6fdccfc46f442b26b3dd6756dbff3bf9dc76fd7?s=96&d=mm&r=g\",\"url\":\"https:\\\/\\\/secure.gravatar.com\\\/avatar\\\/64ebac40b93f26a154f8a9b5b6fdccfc46f442b26b3dd6756dbff3bf9dc76fd7?s=96&d=mm&r=g\",\"contentUrl\":\"https:\\\/\\\/secure.gravatar.com\\\/avatar\\\/64ebac40b93f26a154f8a9b5b6fdccfc46f442b26b3dd6756dbff3bf9dc76fd7?s=96&d=mm&r=g\",\"caption\":\"super-news\"},\"url\":\"https:\\\/\\\/super-news.info\\\/es\\\/author\\\/pt\\\/\"}]}<\/script>\n<!-- \/ Yoast SEO plugin. -->","yoast_head_json":{"title":"Maximiliano Maddalena, nuevo Director General de Ogilvy Chile - Super News","robots":{"index":"index","follow":"follow","max-snippet":"max-snippet:-1","max-image-preview":"max-image-preview:large","max-video-preview":"max-video-preview:-1"},"canonical":"https:\/\/super-news.info\/es\/maximiliano-maddalena-nuevo-director-general-de-ogilvy-chile\/","og_locale":"en_US","og_type":"article","og_title":"Maximiliano Maddalena, nuevo Director General de Ogilvy Chile - Super News","og_description":"[ad_1] El creativo, que dejar\u00e1 su rol como VP Creativo de Latina South, asumir\u00e1 adem\u00e1s el rol de COO Export Markets y Managing Director Chile. Pablo Colonesse, por su parte, ser\u00e1 el nuevo Chief Creative Officer de Argentina. Luego de siete exitosos a\u00f1os en el liderazgo del equipo creativo, Maximiliano Maddalena deja la posici\u00f3n de [&hellip;]","og_url":"https:\/\/super-news.info\/es\/maximiliano-maddalena-nuevo-director-general-de-ogilvy-chile\/","og_site_name":"Super News","article_published_time":"2019-08-13T21:04:09+00:00","article_modified_time":"2019-08-13T21:04:10+00:00","og_image":[{"width":626,"height":364,"url":"https:\/\/super-news.info\/es\/wp-content\/uploads\/sites\/4\/2019\/08\/Maximiliano-Maddalena-nuevo-Director-General-de-Ogilvy-Chile.jpg","type":"image\/jpeg"}],"author":"super-news","twitter_card":"summary_large_image","twitter_misc":{"Written by":"super-news","Est. reading time":"2 minutes"},"schema":{"@context":"https:\/\/schema.org","@graph":[{"@type":"Article","@id":"https:\/\/super-news.info\/es\/maximiliano-maddalena-nuevo-director-general-de-ogilvy-chile\/#article","isPartOf":{"@id":"https:\/\/super-news.info\/es\/maximiliano-maddalena-nuevo-director-general-de-ogilvy-chile\/"},"author":{"name":"super-news","@id":"https:\/\/super-news.info\/es\/#\/schema\/person\/2d4068cb2f39cd10008c2fce578a7356"},"headline":"Maximiliano Maddalena, nuevo Director General de Ogilvy Chile","datePublished":"2019-08-13T21:04:09+00:00","dateModified":"2019-08-13T21:04:10+00:00","mainEntityOfPage":{"@id":"https:\/\/super-news.info\/es\/maximiliano-maddalena-nuevo-director-general-de-ogilvy-chile\/"},"wordCount":310,"commentCount":0,"image":{"@id":"https:\/\/super-news.info\/es\/maximiliano-maddalena-nuevo-director-general-de-ogilvy-chile\/#primaryimage"},"thumbnailUrl":"https:\/\/super-news.info\/es\/wp-content\/uploads\/sites\/4\/2019\/08\/Maximiliano-Maddalena-nuevo-Director-General-de-Ogilvy-Chile.jpg","articleSection":["NOTICIAS DE MARKETING DIGITAL"],"inLanguage":"en-US","potentialAction":[{"@type":"CommentAction","name":"Comment","target":["https:\/\/super-news.info\/es\/maximiliano-maddalena-nuevo-director-general-de-ogilvy-chile\/#respond"]}]},{"@type":"WebPage","@id":"https:\/\/super-news.info\/es\/maximiliano-maddalena-nuevo-director-general-de-ogilvy-chile\/","url":"https:\/\/super-news.info\/es\/maximiliano-maddalena-nuevo-director-general-de-ogilvy-chile\/","name":"Maximiliano Maddalena, nuevo Director General de Ogilvy Chile - Super News","isPartOf":{"@id":"https:\/\/super-news.info\/es\/#website"},"primaryImageOfPage":{"@id":"https:\/\/super-news.info\/es\/maximiliano-maddalena-nuevo-director-general-de-ogilvy-chile\/#primaryimage"},"image":{"@id":"https:\/\/super-news.info\/es\/maximiliano-maddalena-nuevo-director-general-de-ogilvy-chile\/#primaryimage"},"thumbnailUrl":"https:\/\/super-news.info\/es\/wp-content\/uploads\/sites\/4\/2019\/08\/Maximiliano-Maddalena-nuevo-Director-General-de-Ogilvy-Chile.jpg","datePublished":"2019-08-13T21:04:09+00:00","dateModified":"2019-08-13T21:04:10+00:00","author":{"@id":"https:\/\/super-news.info\/es\/#\/schema\/person\/2d4068cb2f39cd10008c2fce578a7356"},"breadcrumb":{"@id":"https:\/\/super-news.info\/es\/maximiliano-maddalena-nuevo-director-general-de-ogilvy-chile\/#breadcrumb"},"inLanguage":"en-US","potentialAction":[{"@type":"ReadAction","target":["https:\/\/super-news.info\/es\/maximiliano-maddalena-nuevo-director-general-de-ogilvy-chile\/"]}]},{"@type":"ImageObject","inLanguage":"en-US","@id":"https:\/\/super-news.info\/es\/maximiliano-maddalena-nuevo-director-general-de-ogilvy-chile\/#primaryimage","url":"https:\/\/super-news.info\/es\/wp-content\/uploads\/sites\/4\/2019\/08\/Maximiliano-Maddalena-nuevo-Director-General-de-Ogilvy-Chile.jpg","contentUrl":"https:\/\/super-news.info\/es\/wp-content\/uploads\/sites\/4\/2019\/08\/Maximiliano-Maddalena-nuevo-Director-General-de-Ogilvy-Chile.jpg","width":626,"height":364,"caption":"ogilvy"},{"@type":"BreadcrumbList","@id":"https:\/\/super-news.info\/es\/maximiliano-maddalena-nuevo-director-general-de-ogilvy-chile\/#breadcrumb","itemListElement":[{"@type":"ListItem","position":1,"name":"\u0413\u043b\u0430\u0432\u043d\u0430\u044f \u0441\u0442\u0440\u0430\u043d\u0438\u0446\u0430","item":"https:\/\/super-news.info\/es\/"},{"@type":"ListItem","position":2,"name":"Maximiliano Maddalena, nuevo Director General de Ogilvy Chile"}]},{"@type":"WebSite","@id":"https:\/\/super-news.info\/es\/#website","url":"https:\/\/super-news.info\/es\/","name":"Super News","description":"Super News Espa\u00f1a","potentialAction":[{"@type":"SearchAction","target":{"@type":"EntryPoint","urlTemplate":"https:\/\/super-news.info\/es\/?s={search_term_string}"},"query-input":{"@type":"PropertyValueSpecification","valueRequired":true,"valueName":"search_term_string"}}],"inLanguage":"en-US"},{"@type":"Person","@id":"https:\/\/super-news.info\/es\/#\/schema\/person\/2d4068cb2f39cd10008c2fce578a7356","name":"super-news","image":{"@type":"ImageObject","inLanguage":"en-US","@id":"https:\/\/secure.gravatar.com\/avatar\/64ebac40b93f26a154f8a9b5b6fdccfc46f442b26b3dd6756dbff3bf9dc76fd7?s=96&d=mm&r=g","url":"https:\/\/secure.gravatar.com\/avatar\/64ebac40b93f26a154f8a9b5b6fdccfc46f442b26b3dd6756dbff3bf9dc76fd7?s=96&d=mm&r=g","contentUrl":"https:\/\/secure.gravatar.com\/avatar\/64ebac40b93f26a154f8a9b5b6fdccfc46f442b26b3dd6756dbff3bf9dc76fd7?s=96&d=mm&r=g","caption":"super-news"},"url":"https:\/\/super-news.info\/es\/author\/pt\/"}]}},"_links":{"self":[{"href":"https:\/\/super-news.info\/es\/wp-json\/wp\/v2\/posts\/8694","targetHints":{"allow":["GET"]}}],"collection":[{"href":"https:\/\/super-news.info\/es\/wp-json\/wp\/v2\/posts"}],"about":[{"href":"https:\/\/super-news.info\/es\/wp-json\/wp\/v2\/types\/post"}],"author":[{"embeddable":true,"href":"https:\/\/super-news.info\/es\/wp-json\/wp\/v2\/users\/2"}],"replies":[{"embeddable":true,"href":"https:\/\/super-news.info\/es\/wp-json\/wp\/v2\/comments?post=8694"}],"version-history":[{"count":1,"href":"https:\/\/super-news.info\/es\/wp-json\/wp\/v2\/posts\/8694\/revisions"}],"predecessor-version":[{"id":8696,"href":"https:\/\/super-news.info\/es\/wp-json\/wp\/v2\/posts\/8694\/revisions\/8696"}],"wp:featuredmedia":[{"embeddable":true,"href":"https:\/\/super-news.info\/es\/wp-json\/wp\/v2\/media\/8695"}],"wp:attachment":[{"href":"https:\/\/super-news.info\/es\/wp-json\/wp\/v2\/media?parent=8694"}],"wp:term":[{"taxonomy":"category","embeddable":true,"href":"https:\/\/super-news.info\/es\/wp-json\/wp\/v2\/categories?post=8694"},{"taxonomy":"post_tag","embeddable":true,"href":"https:\/\/super-news.info\/es\/wp-json\/wp\/v2\/tags?post=8694"}],"curies":[{"name":"wp","href":"https:\/\/api.w.org\/{rel}","templated":true}]}}