{"id":8652,"date":"2019-08-13T14:56:32","date_gmt":"2019-08-13T11:56:32","guid":{"rendered":"https:\/\/super-news.info\/es\/por-que-el-explotadisimo-proposito-de-marca-debe-morir\/"},"modified":"2019-08-13T14:56:33","modified_gmt":"2019-08-13T11:56:33","slug":"por-que-el-explotadisimo-proposito-de-marca-debe-morir","status":"publish","type":"post","link":"https:\/\/super-news.info\/es\/por-que-el-explotadisimo-proposito-de-marca-debe-morir\/","title":{"rendered":"Por qu\u00e9 el explotad\u00edsimo prop\u00f3sito de marca debe morir"},"content":{"rendered":"<p> [ad_1]<br \/>\n<\/p>\n<div id=\"textoNoticia\">\n<p class=\"excerpt-single\">Diluido en un pozo sin fondo de palabrer\u00eda y nader\u00eda, el prop\u00f3sito de marca debe ser reemplazado con urgencia por la estrategia espoleada por la fuerza de la juventud. <\/p>\n<p><strong>El prop\u00f3sito de marca se ha erigido en los \u00faltimos tiempos en la particular raz\u00f3n de ser de los marketeros.<\/strong> Supurante de emoci\u00f3n, de potencial y de promesas, el prop\u00f3sito de marca tiene enamorados hasta las trancas a los profesionales del marketing y la publicidad.<\/p>\n<p>Hay, sin embargo, un problema con el tan cacareado prop\u00f3sito de marca: que es casi todo pura ch\u00e1chara e involucra en realidad poqu\u00edsima (o nula) acci\u00f3n. E<strong>l significado primigenio del prop\u00f3sito de marca ha acabado diluy\u00e9ndose en un mar de palabrer\u00eda.<\/strong> Y es, por lo tanto, el momento de matarlo.<\/p>\n<p>Desbordados por las memeces emanadas en los \u00faltimos tiempos del concepto gastad\u00edsimo de prop\u00f3sito de marc<strong>a, los marketeros deben fijar la mirada en las voces extraordinariamente poderosas de la juventud, que son tambi\u00e9n las voces del progreso<\/strong>, asegura Sara Vanore Rewkiewicz en un art\u00edculo para <em>Campaign<\/em>. Son esas voces las que los marketeros deben utilizar en \u00faltimo t\u00e9rmino para dar la puntilla al devaluado prop\u00f3sito de marca.<\/p>\n<p><strong>La muerte del prop\u00f3sito de marca es en realidad extraordinariamente positiva<\/strong>. Aquello que fenece va a ser al fin y al cabo reemplazado por algo mucho m\u00e1s rebosante de prop\u00f3sito. La que constituye el relevo del prop\u00f3sito de marca, la estrategia que cabalga a lomos de la impetuosa juventud, unge a los marketeros con una nueva y purificadora mentalidad, justamente la que necesitan para sobrevivir a lo que est\u00e1 por venir.<\/p>\n<blockquote>\n<p><strong>La estrategia espoleada por la fuerza de la juventud, el reemplazo del prop\u00f3sito de marca<\/strong><\/p>\n<\/blockquote>\n<p>En un mundo donde los tradicionales sistemas se han quedado vac\u00edos se sentido por la disrupci\u00f3n tecnol\u00f3gica y el a menudo ninguneado cambio clim\u00e1tico, <strong>es hora de que los viejos (en la vida y en el marketing) entreguen el cetro de la sabidur\u00eda a los j\u00f3venes.<\/strong><\/p>\n<p><strong>La juventud rebosa acci\u00f3n por todos los poro<\/strong>s. Y los miedos que habitan en sus entra\u00f1as acaban transmutados en \u00faltimo t\u00e9rmino en deseos de superaci\u00f3n. Los j\u00f3venes desean reimaginarse y reinventarse a s\u00ed mismos (y tambi\u00e9n al mundo que les rodea).<\/p>\n<p>Los j\u00f3venes sojuzgan los miedos que les carcomen por dentro con el \u00faltimo objetivo de abrazar la libertad y<strong> encarar de este modo el presente y tambi\u00e9n el futuro<\/strong>, subraya Varone Rewkiewicz.<\/p>\n<p><strong>En menos de una d\u00e9cada se estima que el 40% de las empresas de la lista Fortune 500 dejar\u00e1n de existir<\/strong>. Esta cifra que tan aterradora resulta a bote pronto es el s\u00edntoma inequ\u00edvoco de que la estrategia que utiliza la juventud como particular carburante es la nueva lente con la que la que marketeros deben contemplar el mundo que les rodea (so pena de morir arrollados por el tsunami vac\u00edo de sentido del prop\u00f3sito de marca).<\/p>\n<p>Es hora de poner a dormir (el sue\u00f1o eterno) al prop\u00f3sito de marca para abrazar las <strong>estrategias marketeras comandadas por la juventud<\/strong>. Las marcas que no lo hagan caer\u00e1n inevitablemente en un letargo eterno, concluye Varone Rewkiewicz.<\/p>\n<p class=\"link-telegram\">\n\t\t\t\t\t\t\t\t\t\t\tNo te pierdas nada de MarketingDirecto.com y \u00fanete a nuestro Telegram t.me\/MarketingDirecto\n\t\t\t\t\t\t\t\t\t\t<\/p>\n<\/p><\/div>\n<p><script>(function(d, s, id) {\n  var js, fjs = d.getElementsByTagName(s)[0];\n  if (d.getElementById(id)) return;\n  js = d.createElement(s); js.id = id;\n  js.src = \"http:\/\/connect.facebook.net\/es_LA\/sdk.js#xfbml=1&appId=408746052611679&version=v2.3\";\n  fjs.parentNode.insertBefore(js, fjs);\n}(document, 'script', 'facebook-jssdk'));<\/script><br \/>\n<br \/>[ad_2]<br \/>\n<br \/><a href=\"https:\/\/www.marketingdirecto.com\/anunciantes-general\/anunciantes\/por-que-explotadisimo-proposito-marca-debe-morir\">Source link <\/a><\/p>\n","protected":false},"excerpt":{"rendered":"<p>[ad_1] Diluido en un pozo sin fondo de palabrer\u00eda y nader\u00eda, el prop\u00f3sito de marca debe ser reemplazado con urgencia por la estrategia espoleada por la fuerza de la juventud. El prop\u00f3sito de marca se ha erigido en los \u00faltimos tiempos en la particular raz\u00f3n de ser de los marketeros. Supurante de emoci\u00f3n, de potencial [&hellip;]<\/p>\n","protected":false},"author":2,"featured_media":8653,"comment_status":"open","ping_status":"open","sticky":false,"template":"","format":"standard","meta":{"footnotes":""},"categories":[2],"tags":[],"class_list":["post-8652","post","type-post","status-publish","format-standard","has-post-thumbnail","hentry","category-noticias-de-marketing-digital"],"yoast_head":"<!-- This site is optimized with the Yoast SEO plugin v27.4 - https:\/\/yoast.com\/product\/yoast-seo-wordpress\/ -->\n<title>Por qu\u00e9 el explotad\u00edsimo prop\u00f3sito de marca debe morir - Super News<\/title>\n<meta name=\"robots\" content=\"index, follow, max-snippet:-1, max-image-preview:large, max-video-preview:-1\" \/>\n<link rel=\"canonical\" href=\"https:\/\/super-news.info\/es\/por-que-el-explotadisimo-proposito-de-marca-debe-morir\/\" \/>\n<meta property=\"og:locale\" content=\"en_US\" \/>\n<meta property=\"og:type\" content=\"article\" \/>\n<meta property=\"og:title\" content=\"Por qu\u00e9 el explotad\u00edsimo prop\u00f3sito de marca debe morir - Super News\" \/>\n<meta property=\"og:description\" content=\"[ad_1] Diluido en un pozo sin fondo de palabrer\u00eda y nader\u00eda, el prop\u00f3sito de marca debe ser reemplazado con urgencia por la estrategia espoleada por la fuerza de la juventud. El prop\u00f3sito de marca se ha erigido en los \u00faltimos tiempos en la particular raz\u00f3n de ser de los marketeros. Supurante de emoci\u00f3n, de potencial [&hellip;]\" \/>\n<meta property=\"og:url\" content=\"https:\/\/super-news.info\/es\/por-que-el-explotadisimo-proposito-de-marca-debe-morir\/\" \/>\n<meta property=\"og:site_name\" content=\"Super News\" \/>\n<meta property=\"article:published_time\" content=\"2019-08-13T11:56:32+00:00\" \/>\n<meta property=\"article:modified_time\" content=\"2019-08-13T11:56:33+00:00\" \/>\n<meta property=\"og:image\" content=\"https:\/\/super-news.info\/es\/wp-content\/uploads\/sites\/4\/2019\/08\/Por-qu\u00e9-el-explotad\u00edsimo-prop\u00f3sito-de-marca-debe-morir.jpg\" \/>\n\t<meta property=\"og:image:width\" content=\"626\" \/>\n\t<meta property=\"og:image:height\" content=\"364\" \/>\n\t<meta property=\"og:image:type\" content=\"image\/jpeg\" \/>\n<meta name=\"author\" content=\"super-news\" \/>\n<meta name=\"twitter:card\" content=\"summary_large_image\" \/>\n<meta name=\"twitter:label1\" content=\"Written by\" \/>\n\t<meta name=\"twitter:data1\" content=\"super-news\" \/>\n\t<meta name=\"twitter:label2\" content=\"Est. reading time\" \/>\n\t<meta name=\"twitter:data2\" content=\"3 minutes\" \/>\n<script type=\"application\/ld+json\" class=\"yoast-schema-graph\">{\"@context\":\"https:\\\/\\\/schema.org\",\"@graph\":[{\"@type\":\"Article\",\"@id\":\"https:\\\/\\\/super-news.info\\\/es\\\/por-que-el-explotadisimo-proposito-de-marca-debe-morir\\\/#article\",\"isPartOf\":{\"@id\":\"https:\\\/\\\/super-news.info\\\/es\\\/por-que-el-explotadisimo-proposito-de-marca-debe-morir\\\/\"},\"author\":{\"name\":\"super-news\",\"@id\":\"https:\\\/\\\/super-news.info\\\/es\\\/#\\\/schema\\\/person\\\/2d4068cb2f39cd10008c2fce578a7356\"},\"headline\":\"Por qu\u00e9 el explotad\u00edsimo prop\u00f3sito de marca debe morir\",\"datePublished\":\"2019-08-13T11:56:32+00:00\",\"dateModified\":\"2019-08-13T11:56:33+00:00\",\"mainEntityOfPage\":{\"@id\":\"https:\\\/\\\/super-news.info\\\/es\\\/por-que-el-explotadisimo-proposito-de-marca-debe-morir\\\/\"},\"wordCount\":586,\"commentCount\":0,\"image\":{\"@id\":\"https:\\\/\\\/super-news.info\\\/es\\\/por-que-el-explotadisimo-proposito-de-marca-debe-morir\\\/#primaryimage\"},\"thumbnailUrl\":\"https:\\\/\\\/super-news.info\\\/es\\\/wp-content\\\/uploads\\\/sites\\\/4\\\/2019\\\/08\\\/Por-qu\u00e9-el-explotad\u00edsimo-prop\u00f3sito-de-marca-debe-morir.jpg\",\"articleSection\":[\"NOTICIAS DE MARKETING DIGITAL\"],\"inLanguage\":\"en-US\",\"potentialAction\":[{\"@type\":\"CommentAction\",\"name\":\"Comment\",\"target\":[\"https:\\\/\\\/super-news.info\\\/es\\\/por-que-el-explotadisimo-proposito-de-marca-debe-morir\\\/#respond\"]}]},{\"@type\":\"WebPage\",\"@id\":\"https:\\\/\\\/super-news.info\\\/es\\\/por-que-el-explotadisimo-proposito-de-marca-debe-morir\\\/\",\"url\":\"https:\\\/\\\/super-news.info\\\/es\\\/por-que-el-explotadisimo-proposito-de-marca-debe-morir\\\/\",\"name\":\"Por qu\u00e9 el explotad\u00edsimo prop\u00f3sito de marca debe morir - Super News\",\"isPartOf\":{\"@id\":\"https:\\\/\\\/super-news.info\\\/es\\\/#website\"},\"primaryImageOfPage\":{\"@id\":\"https:\\\/\\\/super-news.info\\\/es\\\/por-que-el-explotadisimo-proposito-de-marca-debe-morir\\\/#primaryimage\"},\"image\":{\"@id\":\"https:\\\/\\\/super-news.info\\\/es\\\/por-que-el-explotadisimo-proposito-de-marca-debe-morir\\\/#primaryimage\"},\"thumbnailUrl\":\"https:\\\/\\\/super-news.info\\\/es\\\/wp-content\\\/uploads\\\/sites\\\/4\\\/2019\\\/08\\\/Por-qu\u00e9-el-explotad\u00edsimo-prop\u00f3sito-de-marca-debe-morir.jpg\",\"datePublished\":\"2019-08-13T11:56:32+00:00\",\"dateModified\":\"2019-08-13T11:56:33+00:00\",\"author\":{\"@id\":\"https:\\\/\\\/super-news.info\\\/es\\\/#\\\/schema\\\/person\\\/2d4068cb2f39cd10008c2fce578a7356\"},\"breadcrumb\":{\"@id\":\"https:\\\/\\\/super-news.info\\\/es\\\/por-que-el-explotadisimo-proposito-de-marca-debe-morir\\\/#breadcrumb\"},\"inLanguage\":\"en-US\",\"potentialAction\":[{\"@type\":\"ReadAction\",\"target\":[\"https:\\\/\\\/super-news.info\\\/es\\\/por-que-el-explotadisimo-proposito-de-marca-debe-morir\\\/\"]}]},{\"@type\":\"ImageObject\",\"inLanguage\":\"en-US\",\"@id\":\"https:\\\/\\\/super-news.info\\\/es\\\/por-que-el-explotadisimo-proposito-de-marca-debe-morir\\\/#primaryimage\",\"url\":\"https:\\\/\\\/super-news.info\\\/es\\\/wp-content\\\/uploads\\\/sites\\\/4\\\/2019\\\/08\\\/Por-qu\u00e9-el-explotad\u00edsimo-prop\u00f3sito-de-marca-debe-morir.jpg\",\"contentUrl\":\"https:\\\/\\\/super-news.info\\\/es\\\/wp-content\\\/uploads\\\/sites\\\/4\\\/2019\\\/08\\\/Por-qu\u00e9-el-explotad\u00edsimo-prop\u00f3sito-de-marca-debe-morir.jpg\",\"width\":626,\"height\":364,\"caption\":\"prop\u00f3sito de marca\"},{\"@type\":\"BreadcrumbList\",\"@id\":\"https:\\\/\\\/super-news.info\\\/es\\\/por-que-el-explotadisimo-proposito-de-marca-debe-morir\\\/#breadcrumb\",\"itemListElement\":[{\"@type\":\"ListItem\",\"position\":1,\"name\":\"\u0413\u043b\u0430\u0432\u043d\u0430\u044f \u0441\u0442\u0440\u0430\u043d\u0438\u0446\u0430\",\"item\":\"https:\\\/\\\/super-news.info\\\/es\\\/\"},{\"@type\":\"ListItem\",\"position\":2,\"name\":\"Por qu\u00e9 el explotad\u00edsimo prop\u00f3sito de marca debe morir\"}]},{\"@type\":\"WebSite\",\"@id\":\"https:\\\/\\\/super-news.info\\\/es\\\/#website\",\"url\":\"https:\\\/\\\/super-news.info\\\/es\\\/\",\"name\":\"Super News\",\"description\":\"Super News Espa\u00f1a\",\"potentialAction\":[{\"@type\":\"SearchAction\",\"target\":{\"@type\":\"EntryPoint\",\"urlTemplate\":\"https:\\\/\\\/super-news.info\\\/es\\\/?s={search_term_string}\"},\"query-input\":{\"@type\":\"PropertyValueSpecification\",\"valueRequired\":true,\"valueName\":\"search_term_string\"}}],\"inLanguage\":\"en-US\"},{\"@type\":\"Person\",\"@id\":\"https:\\\/\\\/super-news.info\\\/es\\\/#\\\/schema\\\/person\\\/2d4068cb2f39cd10008c2fce578a7356\",\"name\":\"super-news\",\"image\":{\"@type\":\"ImageObject\",\"inLanguage\":\"en-US\",\"@id\":\"https:\\\/\\\/secure.gravatar.com\\\/avatar\\\/64ebac40b93f26a154f8a9b5b6fdccfc46f442b26b3dd6756dbff3bf9dc76fd7?s=96&d=mm&r=g\",\"url\":\"https:\\\/\\\/secure.gravatar.com\\\/avatar\\\/64ebac40b93f26a154f8a9b5b6fdccfc46f442b26b3dd6756dbff3bf9dc76fd7?s=96&d=mm&r=g\",\"contentUrl\":\"https:\\\/\\\/secure.gravatar.com\\\/avatar\\\/64ebac40b93f26a154f8a9b5b6fdccfc46f442b26b3dd6756dbff3bf9dc76fd7?s=96&d=mm&r=g\",\"caption\":\"super-news\"},\"url\":\"https:\\\/\\\/super-news.info\\\/es\\\/author\\\/pt\\\/\"}]}<\/script>\n<!-- \/ Yoast SEO plugin. -->","yoast_head_json":{"title":"Por qu\u00e9 el explotad\u00edsimo prop\u00f3sito de marca debe morir - Super News","robots":{"index":"index","follow":"follow","max-snippet":"max-snippet:-1","max-image-preview":"max-image-preview:large","max-video-preview":"max-video-preview:-1"},"canonical":"https:\/\/super-news.info\/es\/por-que-el-explotadisimo-proposito-de-marca-debe-morir\/","og_locale":"en_US","og_type":"article","og_title":"Por qu\u00e9 el explotad\u00edsimo prop\u00f3sito de marca debe morir - Super News","og_description":"[ad_1] Diluido en un pozo sin fondo de palabrer\u00eda y nader\u00eda, el prop\u00f3sito de marca debe ser reemplazado con urgencia por la estrategia espoleada por la fuerza de la juventud. El prop\u00f3sito de marca se ha erigido en los \u00faltimos tiempos en la particular raz\u00f3n de ser de los marketeros. Supurante de emoci\u00f3n, de potencial [&hellip;]","og_url":"https:\/\/super-news.info\/es\/por-que-el-explotadisimo-proposito-de-marca-debe-morir\/","og_site_name":"Super News","article_published_time":"2019-08-13T11:56:32+00:00","article_modified_time":"2019-08-13T11:56:33+00:00","og_image":[{"width":626,"height":364,"url":"https:\/\/super-news.info\/es\/wp-content\/uploads\/sites\/4\/2019\/08\/Por-qu\u00e9-el-explotad\u00edsimo-prop\u00f3sito-de-marca-debe-morir.jpg","type":"image\/jpeg"}],"author":"super-news","twitter_card":"summary_large_image","twitter_misc":{"Written by":"super-news","Est. reading time":"3 minutes"},"schema":{"@context":"https:\/\/schema.org","@graph":[{"@type":"Article","@id":"https:\/\/super-news.info\/es\/por-que-el-explotadisimo-proposito-de-marca-debe-morir\/#article","isPartOf":{"@id":"https:\/\/super-news.info\/es\/por-que-el-explotadisimo-proposito-de-marca-debe-morir\/"},"author":{"name":"super-news","@id":"https:\/\/super-news.info\/es\/#\/schema\/person\/2d4068cb2f39cd10008c2fce578a7356"},"headline":"Por qu\u00e9 el explotad\u00edsimo prop\u00f3sito de marca debe morir","datePublished":"2019-08-13T11:56:32+00:00","dateModified":"2019-08-13T11:56:33+00:00","mainEntityOfPage":{"@id":"https:\/\/super-news.info\/es\/por-que-el-explotadisimo-proposito-de-marca-debe-morir\/"},"wordCount":586,"commentCount":0,"image":{"@id":"https:\/\/super-news.info\/es\/por-que-el-explotadisimo-proposito-de-marca-debe-morir\/#primaryimage"},"thumbnailUrl":"https:\/\/super-news.info\/es\/wp-content\/uploads\/sites\/4\/2019\/08\/Por-qu\u00e9-el-explotad\u00edsimo-prop\u00f3sito-de-marca-debe-morir.jpg","articleSection":["NOTICIAS DE MARKETING DIGITAL"],"inLanguage":"en-US","potentialAction":[{"@type":"CommentAction","name":"Comment","target":["https:\/\/super-news.info\/es\/por-que-el-explotadisimo-proposito-de-marca-debe-morir\/#respond"]}]},{"@type":"WebPage","@id":"https:\/\/super-news.info\/es\/por-que-el-explotadisimo-proposito-de-marca-debe-morir\/","url":"https:\/\/super-news.info\/es\/por-que-el-explotadisimo-proposito-de-marca-debe-morir\/","name":"Por qu\u00e9 el explotad\u00edsimo prop\u00f3sito de marca debe morir - Super News","isPartOf":{"@id":"https:\/\/super-news.info\/es\/#website"},"primaryImageOfPage":{"@id":"https:\/\/super-news.info\/es\/por-que-el-explotadisimo-proposito-de-marca-debe-morir\/#primaryimage"},"image":{"@id":"https:\/\/super-news.info\/es\/por-que-el-explotadisimo-proposito-de-marca-debe-morir\/#primaryimage"},"thumbnailUrl":"https:\/\/super-news.info\/es\/wp-content\/uploads\/sites\/4\/2019\/08\/Por-qu\u00e9-el-explotad\u00edsimo-prop\u00f3sito-de-marca-debe-morir.jpg","datePublished":"2019-08-13T11:56:32+00:00","dateModified":"2019-08-13T11:56:33+00:00","author":{"@id":"https:\/\/super-news.info\/es\/#\/schema\/person\/2d4068cb2f39cd10008c2fce578a7356"},"breadcrumb":{"@id":"https:\/\/super-news.info\/es\/por-que-el-explotadisimo-proposito-de-marca-debe-morir\/#breadcrumb"},"inLanguage":"en-US","potentialAction":[{"@type":"ReadAction","target":["https:\/\/super-news.info\/es\/por-que-el-explotadisimo-proposito-de-marca-debe-morir\/"]}]},{"@type":"ImageObject","inLanguage":"en-US","@id":"https:\/\/super-news.info\/es\/por-que-el-explotadisimo-proposito-de-marca-debe-morir\/#primaryimage","url":"https:\/\/super-news.info\/es\/wp-content\/uploads\/sites\/4\/2019\/08\/Por-qu\u00e9-el-explotad\u00edsimo-prop\u00f3sito-de-marca-debe-morir.jpg","contentUrl":"https:\/\/super-news.info\/es\/wp-content\/uploads\/sites\/4\/2019\/08\/Por-qu\u00e9-el-explotad\u00edsimo-prop\u00f3sito-de-marca-debe-morir.jpg","width":626,"height":364,"caption":"prop\u00f3sito de marca"},{"@type":"BreadcrumbList","@id":"https:\/\/super-news.info\/es\/por-que-el-explotadisimo-proposito-de-marca-debe-morir\/#breadcrumb","itemListElement":[{"@type":"ListItem","position":1,"name":"\u0413\u043b\u0430\u0432\u043d\u0430\u044f \u0441\u0442\u0440\u0430\u043d\u0438\u0446\u0430","item":"https:\/\/super-news.info\/es\/"},{"@type":"ListItem","position":2,"name":"Por qu\u00e9 el explotad\u00edsimo prop\u00f3sito de marca debe morir"}]},{"@type":"WebSite","@id":"https:\/\/super-news.info\/es\/#website","url":"https:\/\/super-news.info\/es\/","name":"Super News","description":"Super News Espa\u00f1a","potentialAction":[{"@type":"SearchAction","target":{"@type":"EntryPoint","urlTemplate":"https:\/\/super-news.info\/es\/?s={search_term_string}"},"query-input":{"@type":"PropertyValueSpecification","valueRequired":true,"valueName":"search_term_string"}}],"inLanguage":"en-US"},{"@type":"Person","@id":"https:\/\/super-news.info\/es\/#\/schema\/person\/2d4068cb2f39cd10008c2fce578a7356","name":"super-news","image":{"@type":"ImageObject","inLanguage":"en-US","@id":"https:\/\/secure.gravatar.com\/avatar\/64ebac40b93f26a154f8a9b5b6fdccfc46f442b26b3dd6756dbff3bf9dc76fd7?s=96&d=mm&r=g","url":"https:\/\/secure.gravatar.com\/avatar\/64ebac40b93f26a154f8a9b5b6fdccfc46f442b26b3dd6756dbff3bf9dc76fd7?s=96&d=mm&r=g","contentUrl":"https:\/\/secure.gravatar.com\/avatar\/64ebac40b93f26a154f8a9b5b6fdccfc46f442b26b3dd6756dbff3bf9dc76fd7?s=96&d=mm&r=g","caption":"super-news"},"url":"https:\/\/super-news.info\/es\/author\/pt\/"}]}},"_links":{"self":[{"href":"https:\/\/super-news.info\/es\/wp-json\/wp\/v2\/posts\/8652","targetHints":{"allow":["GET"]}}],"collection":[{"href":"https:\/\/super-news.info\/es\/wp-json\/wp\/v2\/posts"}],"about":[{"href":"https:\/\/super-news.info\/es\/wp-json\/wp\/v2\/types\/post"}],"author":[{"embeddable":true,"href":"https:\/\/super-news.info\/es\/wp-json\/wp\/v2\/users\/2"}],"replies":[{"embeddable":true,"href":"https:\/\/super-news.info\/es\/wp-json\/wp\/v2\/comments?post=8652"}],"version-history":[{"count":1,"href":"https:\/\/super-news.info\/es\/wp-json\/wp\/v2\/posts\/8652\/revisions"}],"predecessor-version":[{"id":8654,"href":"https:\/\/super-news.info\/es\/wp-json\/wp\/v2\/posts\/8652\/revisions\/8654"}],"wp:featuredmedia":[{"embeddable":true,"href":"https:\/\/super-news.info\/es\/wp-json\/wp\/v2\/media\/8653"}],"wp:attachment":[{"href":"https:\/\/super-news.info\/es\/wp-json\/wp\/v2\/media?parent=8652"}],"wp:term":[{"taxonomy":"category","embeddable":true,"href":"https:\/\/super-news.info\/es\/wp-json\/wp\/v2\/categories?post=8652"},{"taxonomy":"post_tag","embeddable":true,"href":"https:\/\/super-news.info\/es\/wp-json\/wp\/v2\/tags?post=8652"}],"curies":[{"name":"wp","href":"https:\/\/api.w.org\/{rel}","templated":true}]}}