{"id":8625,"date":"2019-08-13T07:30:36","date_gmt":"2019-08-13T04:30:36","guid":{"rendered":"https:\/\/super-news.info\/es\/javier-garcia-paz-nuevo-creative-director-de-grey-espana\/"},"modified":"2019-08-13T07:30:37","modified_gmt":"2019-08-13T04:30:37","slug":"javier-garcia-paz-nuevo-creative-director-de-grey-espana","status":"publish","type":"post","link":"https:\/\/super-news.info\/es\/javier-garcia-paz-nuevo-creative-director-de-grey-espana\/","title":{"rendered":"Javier Garc\u00eda Paz, nuevo Creative Director de GREY Espa\u00f1a"},"content":{"rendered":"<p> [ad_1]<br \/>\n<\/p>\n<div id=\"textoNoticia\">\n<p class=\"excerpt-single\">El boliviano formar\u00e1 parte del departamento de creatividad y reportar\u00e1 a Rafael Santamar\u00eda, CCO de Grey Espa\u00f1a<\/p>\n<p>\u00a0<\/p>\n<\/p>\n<p>En una apuesta por la experiencia combinada con la innovaci\u00f3n, Grey Espa\u00f1a incorpora a sus oficinas de Madrid a <strong>Javier Garc\u00eda Paz como nuevo Director Creativo<\/strong>. El boliviano formar\u00e1 parte del departamento de creatividad y reportar\u00e1 a Rafael Santamarina, CCO de Grey Espa\u00f1a.<\/p>\n<p>Javier, que <strong>desarroll\u00f3 su carrera en Argentina<\/strong>, llega a Espa\u00f1a tras haber trabajado en grandes agencias como Del Campo Saatchi &amp; Saatchi, Grey Argentina, Mccann y SANTO.<\/p>\n<p>Javier<strong> ha trabajado en campa\u00f1as locales y globales<\/strong> para marcas como Sprite, Vodafone, Danone, Banco Santander, Ab Inbev, Brahma, Coca Cola, P&amp;G, Pantene, GSK, Paramount Channel, MTV, VH1, Disney Channel, LG, AB InBev, 1882, Avon\u2026 entre otras.<\/p>\n<p>Su gran trabajo en Argentina le llev\u00f3 a<strong> ganar este a\u00f1o 5 premios Cannes Lions<\/strong>, adem\u00e1s de ganar el Grand Prix de Campa\u00f1as Integrales y m\u00e1s de 10 premios en el festival el Sol, anteriormente fue premiado por diferentes trabajos en festivales de todo el mundo y ha formado parte del jurado del NY Festival, Ojo de Iberoam\u00e9rica, AdStar, El C\u00edrculo de Creativos de Argentina.<\/p>\n<p>Sobre su llegada a Espa\u00f1a, Javier comenta: &#8220;Estoy entusiasmado con el proyecto que tiene Grey Espa\u00f1a, pero sobre todo muy <strong>contento de volver a trabajar junto a Rafa y Maxi<\/strong>&#8220;. Para Rafael Santamarina es una gran incorporaci\u00f3n ya que &#8220;Javier es de esas personas que resuelve un brief siempre desde un \u00e1ngulo que no esperabas. Su llegada es reafirmar el camino que elegimos transitar, donde las buenas ideas son las que hablan por nosotros. Es una gran incorporaci\u00f3n para la agencia, pero sobre todo para el negocio de las marcas con las que trabajamos&#8221;.<\/p>\n<p>Nota de prensa<\/p>\n<p class=\"link-telegram\">\n\t\t\t\t\t\t\t\t\t\t\tNo te pierdas nada de MarketingDirecto.com y \u00fanete a nuestro Telegram t.me\/MarketingDirecto\n\t\t\t\t\t\t\t\t\t\t<\/p>\n<\/p><\/div>\n<p><script>(function(d, s, id) {\n  var js, fjs = d.getElementsByTagName(s)[0];\n  if (d.getElementById(id)) return;\n  js = d.createElement(s); js.id = id;\n  js.src = \"http:\/\/connect.facebook.net\/es_LA\/sdk.js#xfbml=1&appId=408746052611679&version=v2.3\";\n  fjs.parentNode.insertBefore(js, fjs);\n}(document, 'script', 'facebook-jssdk'));<\/script><br \/>\n<br \/>[ad_2]<br \/>\n<br \/><a href=\"https:\/\/www.marketingdirecto.com\/marketing-general\/agencias\/javier-garcia-paz-nuevo-creative-director-de-grey-espana\">Source link <\/a><\/p>\n","protected":false},"excerpt":{"rendered":"<p>[ad_1] El boliviano formar\u00e1 parte del departamento de creatividad y reportar\u00e1 a Rafael Santamar\u00eda, CCO de Grey Espa\u00f1a \u00a0 En una apuesta por la experiencia combinada con la innovaci\u00f3n, Grey Espa\u00f1a incorpora a sus oficinas de Madrid a Javier Garc\u00eda Paz como nuevo Director Creativo. El boliviano formar\u00e1 parte del departamento de creatividad y reportar\u00e1 [&hellip;]<\/p>\n","protected":false},"author":2,"featured_media":8626,"comment_status":"open","ping_status":"open","sticky":false,"template":"","format":"standard","meta":{"footnotes":""},"categories":[2],"tags":[],"class_list":["post-8625","post","type-post","status-publish","format-standard","has-post-thumbnail","hentry","category-noticias-de-marketing-digital"],"yoast_head":"<!-- This site is optimized with the Yoast SEO plugin v27.4 - https:\/\/yoast.com\/product\/yoast-seo-wordpress\/ -->\n<title>Javier Garc\u00eda Paz, nuevo Creative Director de GREY Espa\u00f1a - Super News<\/title>\n<meta name=\"robots\" content=\"index, follow, max-snippet:-1, max-image-preview:large, max-video-preview:-1\" \/>\n<link rel=\"canonical\" href=\"https:\/\/super-news.info\/es\/javier-garcia-paz-nuevo-creative-director-de-grey-espana\/\" \/>\n<meta property=\"og:locale\" content=\"en_US\" \/>\n<meta property=\"og:type\" content=\"article\" \/>\n<meta property=\"og:title\" content=\"Javier Garc\u00eda Paz, nuevo Creative Director de GREY Espa\u00f1a - Super News\" \/>\n<meta property=\"og:description\" content=\"[ad_1] El boliviano formar\u00e1 parte del departamento de creatividad y reportar\u00e1 a Rafael Santamar\u00eda, CCO de Grey Espa\u00f1a \u00a0 En una apuesta por la experiencia combinada con la innovaci\u00f3n, Grey Espa\u00f1a incorpora a sus oficinas de Madrid a Javier Garc\u00eda Paz como nuevo Director Creativo. El boliviano formar\u00e1 parte del departamento de creatividad y reportar\u00e1 [&hellip;]\" \/>\n<meta property=\"og:url\" content=\"https:\/\/super-news.info\/es\/javier-garcia-paz-nuevo-creative-director-de-grey-espana\/\" \/>\n<meta property=\"og:site_name\" content=\"Super News\" \/>\n<meta property=\"article:published_time\" content=\"2019-08-13T04:30:36+00:00\" \/>\n<meta property=\"article:modified_time\" content=\"2019-08-13T04:30:37+00:00\" \/>\n<meta property=\"og:image\" content=\"https:\/\/super-news.info\/es\/wp-content\/uploads\/sites\/4\/2019\/08\/Javier-Garc\u00eda-Paz-nuevo-Creative-Director-de-GREY-Espa\u00f1a.jpg\" \/>\n\t<meta property=\"og:image:width\" content=\"626\" \/>\n\t<meta property=\"og:image:height\" content=\"364\" \/>\n\t<meta property=\"og:image:type\" content=\"image\/jpeg\" \/>\n<meta name=\"author\" content=\"super-news\" \/>\n<meta name=\"twitter:card\" content=\"summary_large_image\" \/>\n<meta name=\"twitter:label1\" content=\"Written by\" \/>\n\t<meta name=\"twitter:data1\" content=\"super-news\" \/>\n\t<meta name=\"twitter:label2\" content=\"Est. reading time\" \/>\n\t<meta name=\"twitter:data2\" content=\"2 minutes\" \/>\n<script type=\"application\/ld+json\" class=\"yoast-schema-graph\">{\"@context\":\"https:\\\/\\\/schema.org\",\"@graph\":[{\"@type\":\"Article\",\"@id\":\"https:\\\/\\\/super-news.info\\\/es\\\/javier-garcia-paz-nuevo-creative-director-de-grey-espana\\\/#article\",\"isPartOf\":{\"@id\":\"https:\\\/\\\/super-news.info\\\/es\\\/javier-garcia-paz-nuevo-creative-director-de-grey-espana\\\/\"},\"author\":{\"name\":\"super-news\",\"@id\":\"https:\\\/\\\/super-news.info\\\/es\\\/#\\\/schema\\\/person\\\/2d4068cb2f39cd10008c2fce578a7356\"},\"headline\":\"Javier Garc\u00eda Paz, nuevo Creative Director de GREY Espa\u00f1a\",\"datePublished\":\"2019-08-13T04:30:36+00:00\",\"dateModified\":\"2019-08-13T04:30:37+00:00\",\"mainEntityOfPage\":{\"@id\":\"https:\\\/\\\/super-news.info\\\/es\\\/javier-garcia-paz-nuevo-creative-director-de-grey-espana\\\/\"},\"wordCount\":333,\"commentCount\":0,\"image\":{\"@id\":\"https:\\\/\\\/super-news.info\\\/es\\\/javier-garcia-paz-nuevo-creative-director-de-grey-espana\\\/#primaryimage\"},\"thumbnailUrl\":\"https:\\\/\\\/super-news.info\\\/es\\\/wp-content\\\/uploads\\\/sites\\\/4\\\/2019\\\/08\\\/Javier-Garc\u00eda-Paz-nuevo-Creative-Director-de-GREY-Espa\u00f1a.jpg\",\"articleSection\":[\"NOTICIAS DE MARKETING DIGITAL\"],\"inLanguage\":\"en-US\",\"potentialAction\":[{\"@type\":\"CommentAction\",\"name\":\"Comment\",\"target\":[\"https:\\\/\\\/super-news.info\\\/es\\\/javier-garcia-paz-nuevo-creative-director-de-grey-espana\\\/#respond\"]}]},{\"@type\":\"WebPage\",\"@id\":\"https:\\\/\\\/super-news.info\\\/es\\\/javier-garcia-paz-nuevo-creative-director-de-grey-espana\\\/\",\"url\":\"https:\\\/\\\/super-news.info\\\/es\\\/javier-garcia-paz-nuevo-creative-director-de-grey-espana\\\/\",\"name\":\"Javier Garc\u00eda Paz, nuevo Creative Director de GREY Espa\u00f1a - Super News\",\"isPartOf\":{\"@id\":\"https:\\\/\\\/super-news.info\\\/es\\\/#website\"},\"primaryImageOfPage\":{\"@id\":\"https:\\\/\\\/super-news.info\\\/es\\\/javier-garcia-paz-nuevo-creative-director-de-grey-espana\\\/#primaryimage\"},\"image\":{\"@id\":\"https:\\\/\\\/super-news.info\\\/es\\\/javier-garcia-paz-nuevo-creative-director-de-grey-espana\\\/#primaryimage\"},\"thumbnailUrl\":\"https:\\\/\\\/super-news.info\\\/es\\\/wp-content\\\/uploads\\\/sites\\\/4\\\/2019\\\/08\\\/Javier-Garc\u00eda-Paz-nuevo-Creative-Director-de-GREY-Espa\u00f1a.jpg\",\"datePublished\":\"2019-08-13T04:30:36+00:00\",\"dateModified\":\"2019-08-13T04:30:37+00:00\",\"author\":{\"@id\":\"https:\\\/\\\/super-news.info\\\/es\\\/#\\\/schema\\\/person\\\/2d4068cb2f39cd10008c2fce578a7356\"},\"breadcrumb\":{\"@id\":\"https:\\\/\\\/super-news.info\\\/es\\\/javier-garcia-paz-nuevo-creative-director-de-grey-espana\\\/#breadcrumb\"},\"inLanguage\":\"en-US\",\"potentialAction\":[{\"@type\":\"ReadAction\",\"target\":[\"https:\\\/\\\/super-news.info\\\/es\\\/javier-garcia-paz-nuevo-creative-director-de-grey-espana\\\/\"]}]},{\"@type\":\"ImageObject\",\"inLanguage\":\"en-US\",\"@id\":\"https:\\\/\\\/super-news.info\\\/es\\\/javier-garcia-paz-nuevo-creative-director-de-grey-espana\\\/#primaryimage\",\"url\":\"https:\\\/\\\/super-news.info\\\/es\\\/wp-content\\\/uploads\\\/sites\\\/4\\\/2019\\\/08\\\/Javier-Garc\u00eda-Paz-nuevo-Creative-Director-de-GREY-Espa\u00f1a.jpg\",\"contentUrl\":\"https:\\\/\\\/super-news.info\\\/es\\\/wp-content\\\/uploads\\\/sites\\\/4\\\/2019\\\/08\\\/Javier-Garc\u00eda-Paz-nuevo-Creative-Director-de-GREY-Espa\u00f1a.jpg\",\"width\":626,\"height\":364,\"caption\":\"Javier Garc\u00eda\"},{\"@type\":\"BreadcrumbList\",\"@id\":\"https:\\\/\\\/super-news.info\\\/es\\\/javier-garcia-paz-nuevo-creative-director-de-grey-espana\\\/#breadcrumb\",\"itemListElement\":[{\"@type\":\"ListItem\",\"position\":1,\"name\":\"\u0413\u043b\u0430\u0432\u043d\u0430\u044f \u0441\u0442\u0440\u0430\u043d\u0438\u0446\u0430\",\"item\":\"https:\\\/\\\/super-news.info\\\/es\\\/\"},{\"@type\":\"ListItem\",\"position\":2,\"name\":\"Javier Garc\u00eda Paz, nuevo Creative Director de GREY Espa\u00f1a\"}]},{\"@type\":\"WebSite\",\"@id\":\"https:\\\/\\\/super-news.info\\\/es\\\/#website\",\"url\":\"https:\\\/\\\/super-news.info\\\/es\\\/\",\"name\":\"Super News\",\"description\":\"Super News Espa\u00f1a\",\"potentialAction\":[{\"@type\":\"SearchAction\",\"target\":{\"@type\":\"EntryPoint\",\"urlTemplate\":\"https:\\\/\\\/super-news.info\\\/es\\\/?s={search_term_string}\"},\"query-input\":{\"@type\":\"PropertyValueSpecification\",\"valueRequired\":true,\"valueName\":\"search_term_string\"}}],\"inLanguage\":\"en-US\"},{\"@type\":\"Person\",\"@id\":\"https:\\\/\\\/super-news.info\\\/es\\\/#\\\/schema\\\/person\\\/2d4068cb2f39cd10008c2fce578a7356\",\"name\":\"super-news\",\"image\":{\"@type\":\"ImageObject\",\"inLanguage\":\"en-US\",\"@id\":\"https:\\\/\\\/secure.gravatar.com\\\/avatar\\\/64ebac40b93f26a154f8a9b5b6fdccfc46f442b26b3dd6756dbff3bf9dc76fd7?s=96&d=mm&r=g\",\"url\":\"https:\\\/\\\/secure.gravatar.com\\\/avatar\\\/64ebac40b93f26a154f8a9b5b6fdccfc46f442b26b3dd6756dbff3bf9dc76fd7?s=96&d=mm&r=g\",\"contentUrl\":\"https:\\\/\\\/secure.gravatar.com\\\/avatar\\\/64ebac40b93f26a154f8a9b5b6fdccfc46f442b26b3dd6756dbff3bf9dc76fd7?s=96&d=mm&r=g\",\"caption\":\"super-news\"},\"url\":\"https:\\\/\\\/super-news.info\\\/es\\\/author\\\/pt\\\/\"}]}<\/script>\n<!-- \/ Yoast SEO plugin. -->","yoast_head_json":{"title":"Javier Garc\u00eda Paz, nuevo Creative Director de GREY Espa\u00f1a - Super News","robots":{"index":"index","follow":"follow","max-snippet":"max-snippet:-1","max-image-preview":"max-image-preview:large","max-video-preview":"max-video-preview:-1"},"canonical":"https:\/\/super-news.info\/es\/javier-garcia-paz-nuevo-creative-director-de-grey-espana\/","og_locale":"en_US","og_type":"article","og_title":"Javier Garc\u00eda Paz, nuevo Creative Director de GREY Espa\u00f1a - Super News","og_description":"[ad_1] El boliviano formar\u00e1 parte del departamento de creatividad y reportar\u00e1 a Rafael Santamar\u00eda, CCO de Grey Espa\u00f1a \u00a0 En una apuesta por la experiencia combinada con la innovaci\u00f3n, Grey Espa\u00f1a incorpora a sus oficinas de Madrid a Javier Garc\u00eda Paz como nuevo Director Creativo. El boliviano formar\u00e1 parte del departamento de creatividad y reportar\u00e1 [&hellip;]","og_url":"https:\/\/super-news.info\/es\/javier-garcia-paz-nuevo-creative-director-de-grey-espana\/","og_site_name":"Super News","article_published_time":"2019-08-13T04:30:36+00:00","article_modified_time":"2019-08-13T04:30:37+00:00","og_image":[{"width":626,"height":364,"url":"https:\/\/super-news.info\/es\/wp-content\/uploads\/sites\/4\/2019\/08\/Javier-Garc\u00eda-Paz-nuevo-Creative-Director-de-GREY-Espa\u00f1a.jpg","type":"image\/jpeg"}],"author":"super-news","twitter_card":"summary_large_image","twitter_misc":{"Written by":"super-news","Est. reading time":"2 minutes"},"schema":{"@context":"https:\/\/schema.org","@graph":[{"@type":"Article","@id":"https:\/\/super-news.info\/es\/javier-garcia-paz-nuevo-creative-director-de-grey-espana\/#article","isPartOf":{"@id":"https:\/\/super-news.info\/es\/javier-garcia-paz-nuevo-creative-director-de-grey-espana\/"},"author":{"name":"super-news","@id":"https:\/\/super-news.info\/es\/#\/schema\/person\/2d4068cb2f39cd10008c2fce578a7356"},"headline":"Javier Garc\u00eda Paz, nuevo Creative Director de GREY Espa\u00f1a","datePublished":"2019-08-13T04:30:36+00:00","dateModified":"2019-08-13T04:30:37+00:00","mainEntityOfPage":{"@id":"https:\/\/super-news.info\/es\/javier-garcia-paz-nuevo-creative-director-de-grey-espana\/"},"wordCount":333,"commentCount":0,"image":{"@id":"https:\/\/super-news.info\/es\/javier-garcia-paz-nuevo-creative-director-de-grey-espana\/#primaryimage"},"thumbnailUrl":"https:\/\/super-news.info\/es\/wp-content\/uploads\/sites\/4\/2019\/08\/Javier-Garc\u00eda-Paz-nuevo-Creative-Director-de-GREY-Espa\u00f1a.jpg","articleSection":["NOTICIAS DE MARKETING DIGITAL"],"inLanguage":"en-US","potentialAction":[{"@type":"CommentAction","name":"Comment","target":["https:\/\/super-news.info\/es\/javier-garcia-paz-nuevo-creative-director-de-grey-espana\/#respond"]}]},{"@type":"WebPage","@id":"https:\/\/super-news.info\/es\/javier-garcia-paz-nuevo-creative-director-de-grey-espana\/","url":"https:\/\/super-news.info\/es\/javier-garcia-paz-nuevo-creative-director-de-grey-espana\/","name":"Javier Garc\u00eda Paz, nuevo Creative Director de GREY Espa\u00f1a - Super News","isPartOf":{"@id":"https:\/\/super-news.info\/es\/#website"},"primaryImageOfPage":{"@id":"https:\/\/super-news.info\/es\/javier-garcia-paz-nuevo-creative-director-de-grey-espana\/#primaryimage"},"image":{"@id":"https:\/\/super-news.info\/es\/javier-garcia-paz-nuevo-creative-director-de-grey-espana\/#primaryimage"},"thumbnailUrl":"https:\/\/super-news.info\/es\/wp-content\/uploads\/sites\/4\/2019\/08\/Javier-Garc\u00eda-Paz-nuevo-Creative-Director-de-GREY-Espa\u00f1a.jpg","datePublished":"2019-08-13T04:30:36+00:00","dateModified":"2019-08-13T04:30:37+00:00","author":{"@id":"https:\/\/super-news.info\/es\/#\/schema\/person\/2d4068cb2f39cd10008c2fce578a7356"},"breadcrumb":{"@id":"https:\/\/super-news.info\/es\/javier-garcia-paz-nuevo-creative-director-de-grey-espana\/#breadcrumb"},"inLanguage":"en-US","potentialAction":[{"@type":"ReadAction","target":["https:\/\/super-news.info\/es\/javier-garcia-paz-nuevo-creative-director-de-grey-espana\/"]}]},{"@type":"ImageObject","inLanguage":"en-US","@id":"https:\/\/super-news.info\/es\/javier-garcia-paz-nuevo-creative-director-de-grey-espana\/#primaryimage","url":"https:\/\/super-news.info\/es\/wp-content\/uploads\/sites\/4\/2019\/08\/Javier-Garc\u00eda-Paz-nuevo-Creative-Director-de-GREY-Espa\u00f1a.jpg","contentUrl":"https:\/\/super-news.info\/es\/wp-content\/uploads\/sites\/4\/2019\/08\/Javier-Garc\u00eda-Paz-nuevo-Creative-Director-de-GREY-Espa\u00f1a.jpg","width":626,"height":364,"caption":"Javier Garc\u00eda"},{"@type":"BreadcrumbList","@id":"https:\/\/super-news.info\/es\/javier-garcia-paz-nuevo-creative-director-de-grey-espana\/#breadcrumb","itemListElement":[{"@type":"ListItem","position":1,"name":"\u0413\u043b\u0430\u0432\u043d\u0430\u044f \u0441\u0442\u0440\u0430\u043d\u0438\u0446\u0430","item":"https:\/\/super-news.info\/es\/"},{"@type":"ListItem","position":2,"name":"Javier Garc\u00eda Paz, nuevo Creative Director de GREY Espa\u00f1a"}]},{"@type":"WebSite","@id":"https:\/\/super-news.info\/es\/#website","url":"https:\/\/super-news.info\/es\/","name":"Super News","description":"Super News Espa\u00f1a","potentialAction":[{"@type":"SearchAction","target":{"@type":"EntryPoint","urlTemplate":"https:\/\/super-news.info\/es\/?s={search_term_string}"},"query-input":{"@type":"PropertyValueSpecification","valueRequired":true,"valueName":"search_term_string"}}],"inLanguage":"en-US"},{"@type":"Person","@id":"https:\/\/super-news.info\/es\/#\/schema\/person\/2d4068cb2f39cd10008c2fce578a7356","name":"super-news","image":{"@type":"ImageObject","inLanguage":"en-US","@id":"https:\/\/secure.gravatar.com\/avatar\/64ebac40b93f26a154f8a9b5b6fdccfc46f442b26b3dd6756dbff3bf9dc76fd7?s=96&d=mm&r=g","url":"https:\/\/secure.gravatar.com\/avatar\/64ebac40b93f26a154f8a9b5b6fdccfc46f442b26b3dd6756dbff3bf9dc76fd7?s=96&d=mm&r=g","contentUrl":"https:\/\/secure.gravatar.com\/avatar\/64ebac40b93f26a154f8a9b5b6fdccfc46f442b26b3dd6756dbff3bf9dc76fd7?s=96&d=mm&r=g","caption":"super-news"},"url":"https:\/\/super-news.info\/es\/author\/pt\/"}]}},"_links":{"self":[{"href":"https:\/\/super-news.info\/es\/wp-json\/wp\/v2\/posts\/8625","targetHints":{"allow":["GET"]}}],"collection":[{"href":"https:\/\/super-news.info\/es\/wp-json\/wp\/v2\/posts"}],"about":[{"href":"https:\/\/super-news.info\/es\/wp-json\/wp\/v2\/types\/post"}],"author":[{"embeddable":true,"href":"https:\/\/super-news.info\/es\/wp-json\/wp\/v2\/users\/2"}],"replies":[{"embeddable":true,"href":"https:\/\/super-news.info\/es\/wp-json\/wp\/v2\/comments?post=8625"}],"version-history":[{"count":1,"href":"https:\/\/super-news.info\/es\/wp-json\/wp\/v2\/posts\/8625\/revisions"}],"predecessor-version":[{"id":8627,"href":"https:\/\/super-news.info\/es\/wp-json\/wp\/v2\/posts\/8625\/revisions\/8627"}],"wp:featuredmedia":[{"embeddable":true,"href":"https:\/\/super-news.info\/es\/wp-json\/wp\/v2\/media\/8626"}],"wp:attachment":[{"href":"https:\/\/super-news.info\/es\/wp-json\/wp\/v2\/media?parent=8625"}],"wp:term":[{"taxonomy":"category","embeddable":true,"href":"https:\/\/super-news.info\/es\/wp-json\/wp\/v2\/categories?post=8625"},{"taxonomy":"post_tag","embeddable":true,"href":"https:\/\/super-news.info\/es\/wp-json\/wp\/v2\/tags?post=8625"}],"curies":[{"name":"wp","href":"https:\/\/api.w.org\/{rel}","templated":true}]}}