{"id":8622,"date":"2019-08-13T05:59:48","date_gmt":"2019-08-13T02:59:48","guid":{"rendered":"https:\/\/super-news.info\/es\/las-marcas-de-moda-espanola-se-recuperan-de-la-crisis\/"},"modified":"2019-08-13T05:59:49","modified_gmt":"2019-08-13T02:59:49","slug":"las-marcas-de-moda-espanola-se-recuperan-de-la-crisis","status":"publish","type":"post","link":"https:\/\/super-news.info\/es\/las-marcas-de-moda-espanola-se-recuperan-de-la-crisis\/","title":{"rendered":"Las marcas de moda espa\u00f1ola se recuperan de la crisis"},"content":{"rendered":"<p> [ad_1]<br \/>\n<\/p>\n<div id=\"textoNoticia\">\n<p class=\"excerpt-single\">La crisis azot\u00f3 la moda espa\u00f1ola que por fin ve su recuperaci\u00f3n m\u00e1s cerca gracias a la llegada de nuevos directivos. Zara sigue a la cabeza en un sector en el que ya han desaparecido marcas tan exitosas como Blanco o Caramelo<\/p>\n<\/p>\n<p>Han sido a\u00f1os duros para la moda patria. Desde desapariciones, cierres de tiendas y ca\u00eddas estrepitosas de ventas hasta una monta\u00f1a rusa de renovaciones en busca de una mejora incierta. La crisis de la industria textil espa\u00f1ola ha dejado paso a <strong>nuevas caras que han conseguido mejorar el rumbo de la moda<\/strong> en nuestro pa\u00eds.<\/p>\n<p>El cierre de Blanco, tras 50 a\u00f1os en el mercado, fue un duro rev\u00e9s para el sector textil y para sus 850 empleados en 2016. Despu\u00e9s vino<strong> la desaparici\u00f3n de la gallega Caramelo<\/strong> en octubre de ese mismo a\u00f1o, que dejaba en la calle a 170 personas.<\/p>\n<p>Solo Inditex salv\u00f3 los trastos de una industria que lleva a\u00f1os haciendo malabares para no desaparecer. As\u00ed lo recoge el diario <em>El Mundo<\/em> quien se\u00f1ala que <strong>Custo y Desigual<\/strong>, dos marcas de \u00e9xito incluso en las vacas flacas,\u00a0 <strong>siguen tambale\u00e1ndose<\/strong>\u00a0 a d\u00eda de hoy en una cuerda floja tirante.<\/p>\n<p>Otras de talla internacional que sufrieron un rese\u00f1able socav\u00f3n fueron <strong>Cortefiel, Adolfo Dom\u00ednguez y Mango<\/strong>. Ahora parece que recuperan aliento en la supervivencia del mercado nacional actual.<\/p>\n<p>De la misma forma que la moda cambia y evoluciona, los clientes tambi\u00e9n lo hacen. Nos encontramos en un momento en el que <strong>la venta online toma fuerza frente a las tiendas f\u00edsicas<\/strong> y, junto a clientes m\u00e1s exigentes, las marcas deben renovarse o morir.<\/p>\n<p>En el propio sector parece que lo tienen claro. Toni Ruiz, director general de Mango, lo comentaba en una entrevista a <em>El Mundo<\/em>: &#8220;El sector est\u00e1 viviendo un momento de transformaci\u00f3n y las recetas de toda la vida ya no sirven. Hay que hacer las cosas distintas para conseguir resultados distintos. Las compa\u00f1\u00edas que no den pasos en esta direcci\u00f3n tendr\u00e1n problemas de supervivencia&#8221;.<\/p>\n<blockquote>\n<p>Nuevas caras, nuevo rumbo<\/p>\n<\/blockquote>\n<p>Tras esta crisis nacional, las marcas han apostado por nuevas caras que han tomado el tim\u00f3n del barco de la moda. Son ejecutivos que se han puesto al mando de compa\u00f1\u00edas con presencia internacional como Adolfo Dom\u00ednguez, Mango y Cortefiel.<\/p>\n<p>El ya nombrado <strong>Toni Ruiz ascendi\u00f3 como director general de Mango<\/strong> en octubre de 2018, abandonando su puesto de director financiero. Tom\u00f3 el relevo de Enric Casi, que abandon\u00f3 la firma en abril del 2016 despu\u00e9s de dos d\u00e9cadas de trabajo a la derecha del cofundador de la compa\u00f1\u00eda, Isak Andic.<\/p>\n<p>Lo hizo por la crisis que azotaba a la marca que entr\u00f3 en n\u00fameros rojos por culpa del <strong>proyecto de reestructuraci\u00f3n de sus tiendas<\/strong>, la apertura de m\u00e1s de 200 locales de gran formato un problema con la colecci\u00f3n. Entraron en p\u00e9rdidas por primera vez en su historia.<\/p>\n<p>Adriana Dom\u00ednguez es la persona que se encuentra al frente de Adolfo Dom\u00ednguez y quien la ha levantado de<strong> la ca\u00edda m\u00e1s absoluta que sufri\u00f3 en los \u00faltimos a\u00f1os<\/strong>. &#8220;Las decisiones estrat\u00e9gicas, cuando se toman, son acertadas, pero luego con la perspectiva se ve de otra manera. Cuando empez\u00f3 la crisis ven\u00edamos de tomar una decisi\u00f3n estrat\u00e9gica que fue la expansi\u00f3n: con tiendas en ubicaciones no tan c\u00e9ntricas, pensando que la marca era suficiente reclamo&#8221;, explica a<em> El Mundo<\/em> Antonio Puente, director general de la compa\u00f1\u00eda.<\/p>\n<p>Adolfo Dom\u00ednguez jug\u00f3 a lo que no era y perdi\u00f3. Abandonaron su identidad, esa que tanto les hab\u00eda costado alcanzar como marca y <strong>se alejaron de lo m\u00e1s importante: sus clientes<\/strong>. Esto les llevo a entrar en n\u00famero rojos, algo que no han solventado hasta la llegada de Adriana.<\/p>\n<blockquote>\n<p>Grupo Cortefiel cambia de nombre<\/p>\n<\/blockquote>\n<p>Hace poco m\u00e1s de un a\u00f1o que Cortefiel se rebautiz\u00f3 con el nombre de Tendam, dejando atr\u00e1s los a\u00f1os duros de la crisis. El due\u00f1o de <strong>Springfield, Women&#8217;secret y Pedro del Hierro<\/strong> coloc\u00f3 a Jaume Miquel como consejero delegado en 2016 tras 10 a\u00f1os al frente de Women\u2019secret, la ni\u00f1a bonita de la compa\u00f1\u00eda.<\/p>\n<p>Miquel ha conseguido dar un haz de luz a una empresa que, por fin, ha vuelto a beneficio tras a\u00f1os en n\u00fameros rojos. <strong>Llegaron a perder hasta 24 millones de euros<\/strong> por ejercicio pero en 2017 el beneficio neto se coloc\u00f3 en 98 millones y siguen sumando en la actualidad. Todo un \u00e9xito.<\/p>\n<p class=\"link-telegram\">\n\t\t\t\t\t\t\t\t\t\t\tNo te pierdas nada de MarketingDirecto.com y \u00fanete a nuestro Telegram t.me\/MarketingDirecto\n\t\t\t\t\t\t\t\t\t\t<\/p>\n<\/p><\/div>\n<p><script>(function(d, s, id) {\n  var js, fjs = d.getElementsByTagName(s)[0];\n  if (d.getElementById(id)) return;\n  js = d.createElement(s); js.id = id;\n  js.src = \"http:\/\/connect.facebook.net\/es_LA\/sdk.js#xfbml=1&appId=408746052611679&version=v2.3\";\n  fjs.parentNode.insertBefore(js, fjs);\n}(document, 'script', 'facebook-jssdk'));<\/script><br \/>\n<br \/>[ad_2]<br \/>\n<br \/><a href=\"https:\/\/www.marketingdirecto.com\/anunciantes-general\/anunciantes\/las-marcas-de-moda-espanola-se-recuperan-de-la-crisis-industria-textil\">Source link <\/a><\/p>\n","protected":false},"excerpt":{"rendered":"<p>[ad_1] La crisis azot\u00f3 la moda espa\u00f1ola que por fin ve su recuperaci\u00f3n m\u00e1s cerca gracias a la llegada de nuevos directivos. Zara sigue a la cabeza en un sector en el que ya han desaparecido marcas tan exitosas como Blanco o Caramelo Han sido a\u00f1os duros para la moda patria. Desde desapariciones, cierres de [&hellip;]<\/p>\n","protected":false},"author":2,"featured_media":8623,"comment_status":"open","ping_status":"open","sticky":false,"template":"","format":"standard","meta":{"footnotes":""},"categories":[2],"tags":[],"class_list":["post-8622","post","type-post","status-publish","format-standard","has-post-thumbnail","hentry","category-noticias-de-marketing-digital"],"yoast_head":"<!-- This site is optimized with the Yoast SEO plugin v27.4 - https:\/\/yoast.com\/product\/yoast-seo-wordpress\/ -->\n<title>Las marcas de moda espa\u00f1ola se recuperan de la crisis - Super News<\/title>\n<meta name=\"robots\" content=\"index, follow, max-snippet:-1, max-image-preview:large, max-video-preview:-1\" \/>\n<link rel=\"canonical\" href=\"https:\/\/super-news.info\/es\/las-marcas-de-moda-espanola-se-recuperan-de-la-crisis\/\" \/>\n<meta property=\"og:locale\" content=\"en_US\" \/>\n<meta property=\"og:type\" content=\"article\" \/>\n<meta property=\"og:title\" content=\"Las marcas de moda espa\u00f1ola se recuperan de la crisis - Super News\" \/>\n<meta property=\"og:description\" content=\"[ad_1] La crisis azot\u00f3 la moda espa\u00f1ola que por fin ve su recuperaci\u00f3n m\u00e1s cerca gracias a la llegada de nuevos directivos. Zara sigue a la cabeza en un sector en el que ya han desaparecido marcas tan exitosas como Blanco o Caramelo Han sido a\u00f1os duros para la moda patria. Desde desapariciones, cierres de [&hellip;]\" \/>\n<meta property=\"og:url\" content=\"https:\/\/super-news.info\/es\/las-marcas-de-moda-espanola-se-recuperan-de-la-crisis\/\" \/>\n<meta property=\"og:site_name\" content=\"Super News\" \/>\n<meta property=\"article:published_time\" content=\"2019-08-13T02:59:48+00:00\" \/>\n<meta property=\"article:modified_time\" content=\"2019-08-13T02:59:49+00:00\" \/>\n<meta property=\"og:image\" content=\"https:\/\/super-news.info\/es\/wp-content\/uploads\/sites\/4\/2019\/08\/Las-marcas-de-moda-espa\u00f1ola-se-recuperan-de-la-crisis.jpg\" \/>\n\t<meta property=\"og:image:width\" content=\"626\" \/>\n\t<meta property=\"og:image:height\" content=\"364\" \/>\n\t<meta property=\"og:image:type\" content=\"image\/jpeg\" \/>\n<meta name=\"author\" content=\"super-news\" \/>\n<meta name=\"twitter:card\" content=\"summary_large_image\" \/>\n<meta name=\"twitter:label1\" content=\"Written by\" \/>\n\t<meta name=\"twitter:data1\" content=\"super-news\" \/>\n\t<meta name=\"twitter:label2\" content=\"Est. reading time\" \/>\n\t<meta name=\"twitter:data2\" content=\"4 minutes\" \/>\n<script type=\"application\/ld+json\" class=\"yoast-schema-graph\">{\"@context\":\"https:\\\/\\\/schema.org\",\"@graph\":[{\"@type\":\"Article\",\"@id\":\"https:\\\/\\\/super-news.info\\\/es\\\/las-marcas-de-moda-espanola-se-recuperan-de-la-crisis\\\/#article\",\"isPartOf\":{\"@id\":\"https:\\\/\\\/super-news.info\\\/es\\\/las-marcas-de-moda-espanola-se-recuperan-de-la-crisis\\\/\"},\"author\":{\"name\":\"super-news\",\"@id\":\"https:\\\/\\\/super-news.info\\\/es\\\/#\\\/schema\\\/person\\\/2d4068cb2f39cd10008c2fce578a7356\"},\"headline\":\"Las marcas de moda espa\u00f1ola se recuperan de la crisis\",\"datePublished\":\"2019-08-13T02:59:48+00:00\",\"dateModified\":\"2019-08-13T02:59:49+00:00\",\"mainEntityOfPage\":{\"@id\":\"https:\\\/\\\/super-news.info\\\/es\\\/las-marcas-de-moda-espanola-se-recuperan-de-la-crisis\\\/\"},\"wordCount\":803,\"commentCount\":0,\"image\":{\"@id\":\"https:\\\/\\\/super-news.info\\\/es\\\/las-marcas-de-moda-espanola-se-recuperan-de-la-crisis\\\/#primaryimage\"},\"thumbnailUrl\":\"https:\\\/\\\/super-news.info\\\/es\\\/wp-content\\\/uploads\\\/sites\\\/4\\\/2019\\\/08\\\/Las-marcas-de-moda-espa\u00f1ola-se-recuperan-de-la-crisis.jpg\",\"articleSection\":[\"NOTICIAS DE MARKETING DIGITAL\"],\"inLanguage\":\"en-US\",\"potentialAction\":[{\"@type\":\"CommentAction\",\"name\":\"Comment\",\"target\":[\"https:\\\/\\\/super-news.info\\\/es\\\/las-marcas-de-moda-espanola-se-recuperan-de-la-crisis\\\/#respond\"]}]},{\"@type\":\"WebPage\",\"@id\":\"https:\\\/\\\/super-news.info\\\/es\\\/las-marcas-de-moda-espanola-se-recuperan-de-la-crisis\\\/\",\"url\":\"https:\\\/\\\/super-news.info\\\/es\\\/las-marcas-de-moda-espanola-se-recuperan-de-la-crisis\\\/\",\"name\":\"Las marcas de moda espa\u00f1ola se recuperan de la crisis - Super News\",\"isPartOf\":{\"@id\":\"https:\\\/\\\/super-news.info\\\/es\\\/#website\"},\"primaryImageOfPage\":{\"@id\":\"https:\\\/\\\/super-news.info\\\/es\\\/las-marcas-de-moda-espanola-se-recuperan-de-la-crisis\\\/#primaryimage\"},\"image\":{\"@id\":\"https:\\\/\\\/super-news.info\\\/es\\\/las-marcas-de-moda-espanola-se-recuperan-de-la-crisis\\\/#primaryimage\"},\"thumbnailUrl\":\"https:\\\/\\\/super-news.info\\\/es\\\/wp-content\\\/uploads\\\/sites\\\/4\\\/2019\\\/08\\\/Las-marcas-de-moda-espa\u00f1ola-se-recuperan-de-la-crisis.jpg\",\"datePublished\":\"2019-08-13T02:59:48+00:00\",\"dateModified\":\"2019-08-13T02:59:49+00:00\",\"author\":{\"@id\":\"https:\\\/\\\/super-news.info\\\/es\\\/#\\\/schema\\\/person\\\/2d4068cb2f39cd10008c2fce578a7356\"},\"breadcrumb\":{\"@id\":\"https:\\\/\\\/super-news.info\\\/es\\\/las-marcas-de-moda-espanola-se-recuperan-de-la-crisis\\\/#breadcrumb\"},\"inLanguage\":\"en-US\",\"potentialAction\":[{\"@type\":\"ReadAction\",\"target\":[\"https:\\\/\\\/super-news.info\\\/es\\\/las-marcas-de-moda-espanola-se-recuperan-de-la-crisis\\\/\"]}]},{\"@type\":\"ImageObject\",\"inLanguage\":\"en-US\",\"@id\":\"https:\\\/\\\/super-news.info\\\/es\\\/las-marcas-de-moda-espanola-se-recuperan-de-la-crisis\\\/#primaryimage\",\"url\":\"https:\\\/\\\/super-news.info\\\/es\\\/wp-content\\\/uploads\\\/sites\\\/4\\\/2019\\\/08\\\/Las-marcas-de-moda-espa\u00f1ola-se-recuperan-de-la-crisis.jpg\",\"contentUrl\":\"https:\\\/\\\/super-news.info\\\/es\\\/wp-content\\\/uploads\\\/sites\\\/4\\\/2019\\\/08\\\/Las-marcas-de-moda-espa\u00f1ola-se-recuperan-de-la-crisis.jpg\",\"width\":626,\"height\":364,\"caption\":\"crisis industria textil\"},{\"@type\":\"BreadcrumbList\",\"@id\":\"https:\\\/\\\/super-news.info\\\/es\\\/las-marcas-de-moda-espanola-se-recuperan-de-la-crisis\\\/#breadcrumb\",\"itemListElement\":[{\"@type\":\"ListItem\",\"position\":1,\"name\":\"\u0413\u043b\u0430\u0432\u043d\u0430\u044f \u0441\u0442\u0440\u0430\u043d\u0438\u0446\u0430\",\"item\":\"https:\\\/\\\/super-news.info\\\/es\\\/\"},{\"@type\":\"ListItem\",\"position\":2,\"name\":\"Las marcas de moda espa\u00f1ola se recuperan de la crisis\"}]},{\"@type\":\"WebSite\",\"@id\":\"https:\\\/\\\/super-news.info\\\/es\\\/#website\",\"url\":\"https:\\\/\\\/super-news.info\\\/es\\\/\",\"name\":\"Super News\",\"description\":\"Super News Espa\u00f1a\",\"potentialAction\":[{\"@type\":\"SearchAction\",\"target\":{\"@type\":\"EntryPoint\",\"urlTemplate\":\"https:\\\/\\\/super-news.info\\\/es\\\/?s={search_term_string}\"},\"query-input\":{\"@type\":\"PropertyValueSpecification\",\"valueRequired\":true,\"valueName\":\"search_term_string\"}}],\"inLanguage\":\"en-US\"},{\"@type\":\"Person\",\"@id\":\"https:\\\/\\\/super-news.info\\\/es\\\/#\\\/schema\\\/person\\\/2d4068cb2f39cd10008c2fce578a7356\",\"name\":\"super-news\",\"image\":{\"@type\":\"ImageObject\",\"inLanguage\":\"en-US\",\"@id\":\"https:\\\/\\\/secure.gravatar.com\\\/avatar\\\/64ebac40b93f26a154f8a9b5b6fdccfc46f442b26b3dd6756dbff3bf9dc76fd7?s=96&d=mm&r=g\",\"url\":\"https:\\\/\\\/secure.gravatar.com\\\/avatar\\\/64ebac40b93f26a154f8a9b5b6fdccfc46f442b26b3dd6756dbff3bf9dc76fd7?s=96&d=mm&r=g\",\"contentUrl\":\"https:\\\/\\\/secure.gravatar.com\\\/avatar\\\/64ebac40b93f26a154f8a9b5b6fdccfc46f442b26b3dd6756dbff3bf9dc76fd7?s=96&d=mm&r=g\",\"caption\":\"super-news\"},\"url\":\"https:\\\/\\\/super-news.info\\\/es\\\/author\\\/pt\\\/\"}]}<\/script>\n<!-- \/ Yoast SEO plugin. -->","yoast_head_json":{"title":"Las marcas de moda espa\u00f1ola se recuperan de la crisis - Super News","robots":{"index":"index","follow":"follow","max-snippet":"max-snippet:-1","max-image-preview":"max-image-preview:large","max-video-preview":"max-video-preview:-1"},"canonical":"https:\/\/super-news.info\/es\/las-marcas-de-moda-espanola-se-recuperan-de-la-crisis\/","og_locale":"en_US","og_type":"article","og_title":"Las marcas de moda espa\u00f1ola se recuperan de la crisis - Super News","og_description":"[ad_1] La crisis azot\u00f3 la moda espa\u00f1ola que por fin ve su recuperaci\u00f3n m\u00e1s cerca gracias a la llegada de nuevos directivos. Zara sigue a la cabeza en un sector en el que ya han desaparecido marcas tan exitosas como Blanco o Caramelo Han sido a\u00f1os duros para la moda patria. Desde desapariciones, cierres de [&hellip;]","og_url":"https:\/\/super-news.info\/es\/las-marcas-de-moda-espanola-se-recuperan-de-la-crisis\/","og_site_name":"Super News","article_published_time":"2019-08-13T02:59:48+00:00","article_modified_time":"2019-08-13T02:59:49+00:00","og_image":[{"width":626,"height":364,"url":"https:\/\/super-news.info\/es\/wp-content\/uploads\/sites\/4\/2019\/08\/Las-marcas-de-moda-espa\u00f1ola-se-recuperan-de-la-crisis.jpg","type":"image\/jpeg"}],"author":"super-news","twitter_card":"summary_large_image","twitter_misc":{"Written by":"super-news","Est. reading time":"4 minutes"},"schema":{"@context":"https:\/\/schema.org","@graph":[{"@type":"Article","@id":"https:\/\/super-news.info\/es\/las-marcas-de-moda-espanola-se-recuperan-de-la-crisis\/#article","isPartOf":{"@id":"https:\/\/super-news.info\/es\/las-marcas-de-moda-espanola-se-recuperan-de-la-crisis\/"},"author":{"name":"super-news","@id":"https:\/\/super-news.info\/es\/#\/schema\/person\/2d4068cb2f39cd10008c2fce578a7356"},"headline":"Las marcas de moda espa\u00f1ola se recuperan de la crisis","datePublished":"2019-08-13T02:59:48+00:00","dateModified":"2019-08-13T02:59:49+00:00","mainEntityOfPage":{"@id":"https:\/\/super-news.info\/es\/las-marcas-de-moda-espanola-se-recuperan-de-la-crisis\/"},"wordCount":803,"commentCount":0,"image":{"@id":"https:\/\/super-news.info\/es\/las-marcas-de-moda-espanola-se-recuperan-de-la-crisis\/#primaryimage"},"thumbnailUrl":"https:\/\/super-news.info\/es\/wp-content\/uploads\/sites\/4\/2019\/08\/Las-marcas-de-moda-espa\u00f1ola-se-recuperan-de-la-crisis.jpg","articleSection":["NOTICIAS DE MARKETING DIGITAL"],"inLanguage":"en-US","potentialAction":[{"@type":"CommentAction","name":"Comment","target":["https:\/\/super-news.info\/es\/las-marcas-de-moda-espanola-se-recuperan-de-la-crisis\/#respond"]}]},{"@type":"WebPage","@id":"https:\/\/super-news.info\/es\/las-marcas-de-moda-espanola-se-recuperan-de-la-crisis\/","url":"https:\/\/super-news.info\/es\/las-marcas-de-moda-espanola-se-recuperan-de-la-crisis\/","name":"Las marcas de moda espa\u00f1ola se recuperan de la crisis - Super News","isPartOf":{"@id":"https:\/\/super-news.info\/es\/#website"},"primaryImageOfPage":{"@id":"https:\/\/super-news.info\/es\/las-marcas-de-moda-espanola-se-recuperan-de-la-crisis\/#primaryimage"},"image":{"@id":"https:\/\/super-news.info\/es\/las-marcas-de-moda-espanola-se-recuperan-de-la-crisis\/#primaryimage"},"thumbnailUrl":"https:\/\/super-news.info\/es\/wp-content\/uploads\/sites\/4\/2019\/08\/Las-marcas-de-moda-espa\u00f1ola-se-recuperan-de-la-crisis.jpg","datePublished":"2019-08-13T02:59:48+00:00","dateModified":"2019-08-13T02:59:49+00:00","author":{"@id":"https:\/\/super-news.info\/es\/#\/schema\/person\/2d4068cb2f39cd10008c2fce578a7356"},"breadcrumb":{"@id":"https:\/\/super-news.info\/es\/las-marcas-de-moda-espanola-se-recuperan-de-la-crisis\/#breadcrumb"},"inLanguage":"en-US","potentialAction":[{"@type":"ReadAction","target":["https:\/\/super-news.info\/es\/las-marcas-de-moda-espanola-se-recuperan-de-la-crisis\/"]}]},{"@type":"ImageObject","inLanguage":"en-US","@id":"https:\/\/super-news.info\/es\/las-marcas-de-moda-espanola-se-recuperan-de-la-crisis\/#primaryimage","url":"https:\/\/super-news.info\/es\/wp-content\/uploads\/sites\/4\/2019\/08\/Las-marcas-de-moda-espa\u00f1ola-se-recuperan-de-la-crisis.jpg","contentUrl":"https:\/\/super-news.info\/es\/wp-content\/uploads\/sites\/4\/2019\/08\/Las-marcas-de-moda-espa\u00f1ola-se-recuperan-de-la-crisis.jpg","width":626,"height":364,"caption":"crisis industria textil"},{"@type":"BreadcrumbList","@id":"https:\/\/super-news.info\/es\/las-marcas-de-moda-espanola-se-recuperan-de-la-crisis\/#breadcrumb","itemListElement":[{"@type":"ListItem","position":1,"name":"\u0413\u043b\u0430\u0432\u043d\u0430\u044f \u0441\u0442\u0440\u0430\u043d\u0438\u0446\u0430","item":"https:\/\/super-news.info\/es\/"},{"@type":"ListItem","position":2,"name":"Las marcas de moda espa\u00f1ola se recuperan de la crisis"}]},{"@type":"WebSite","@id":"https:\/\/super-news.info\/es\/#website","url":"https:\/\/super-news.info\/es\/","name":"Super News","description":"Super News Espa\u00f1a","potentialAction":[{"@type":"SearchAction","target":{"@type":"EntryPoint","urlTemplate":"https:\/\/super-news.info\/es\/?s={search_term_string}"},"query-input":{"@type":"PropertyValueSpecification","valueRequired":true,"valueName":"search_term_string"}}],"inLanguage":"en-US"},{"@type":"Person","@id":"https:\/\/super-news.info\/es\/#\/schema\/person\/2d4068cb2f39cd10008c2fce578a7356","name":"super-news","image":{"@type":"ImageObject","inLanguage":"en-US","@id":"https:\/\/secure.gravatar.com\/avatar\/64ebac40b93f26a154f8a9b5b6fdccfc46f442b26b3dd6756dbff3bf9dc76fd7?s=96&d=mm&r=g","url":"https:\/\/secure.gravatar.com\/avatar\/64ebac40b93f26a154f8a9b5b6fdccfc46f442b26b3dd6756dbff3bf9dc76fd7?s=96&d=mm&r=g","contentUrl":"https:\/\/secure.gravatar.com\/avatar\/64ebac40b93f26a154f8a9b5b6fdccfc46f442b26b3dd6756dbff3bf9dc76fd7?s=96&d=mm&r=g","caption":"super-news"},"url":"https:\/\/super-news.info\/es\/author\/pt\/"}]}},"_links":{"self":[{"href":"https:\/\/super-news.info\/es\/wp-json\/wp\/v2\/posts\/8622","targetHints":{"allow":["GET"]}}],"collection":[{"href":"https:\/\/super-news.info\/es\/wp-json\/wp\/v2\/posts"}],"about":[{"href":"https:\/\/super-news.info\/es\/wp-json\/wp\/v2\/types\/post"}],"author":[{"embeddable":true,"href":"https:\/\/super-news.info\/es\/wp-json\/wp\/v2\/users\/2"}],"replies":[{"embeddable":true,"href":"https:\/\/super-news.info\/es\/wp-json\/wp\/v2\/comments?post=8622"}],"version-history":[{"count":1,"href":"https:\/\/super-news.info\/es\/wp-json\/wp\/v2\/posts\/8622\/revisions"}],"predecessor-version":[{"id":8624,"href":"https:\/\/super-news.info\/es\/wp-json\/wp\/v2\/posts\/8622\/revisions\/8624"}],"wp:featuredmedia":[{"embeddable":true,"href":"https:\/\/super-news.info\/es\/wp-json\/wp\/v2\/media\/8623"}],"wp:attachment":[{"href":"https:\/\/super-news.info\/es\/wp-json\/wp\/v2\/media?parent=8622"}],"wp:term":[{"taxonomy":"category","embeddable":true,"href":"https:\/\/super-news.info\/es\/wp-json\/wp\/v2\/categories?post=8622"},{"taxonomy":"post_tag","embeddable":true,"href":"https:\/\/super-news.info\/es\/wp-json\/wp\/v2\/tags?post=8622"}],"curies":[{"name":"wp","href":"https:\/\/api.w.org\/{rel}","templated":true}]}}