{"id":8551,"date":"2019-08-12T11:52:11","date_gmt":"2019-08-12T08:52:11","guid":{"rendered":"https:\/\/super-news.info\/es\/apple-estaria-trabajando-en-un-iphone-y-ipad-plegables\/"},"modified":"2019-08-12T11:52:12","modified_gmt":"2019-08-12T08:52:12","slug":"apple-estaria-trabajando-en-un-iphone-y-ipad-plegables","status":"publish","type":"post","link":"https:\/\/super-news.info\/es\/apple-estaria-trabajando-en-un-iphone-y-ipad-plegables\/","title":{"rendered":"Apple estar\u00eda trabajando en un iPhone y iPad plegables"},"content":{"rendered":"<p> [ad_1]<br \/>\n<\/p>\n<div id=\"textoNoticia\">\n<p class=\"excerpt-single\">Seg\u00fan un informe de la UBS, los usuarios estar\u00edan dispuestos a pagar hasta 600 d\u00f3lares por ese supuesto dispositivo, pese a que el precio sigue siendo un obst\u00e1culo en la mayor\u00eda de los consumidores. <\/p>\n<\/p>\n<p>Parecer ser que a\u00fan habr\u00e1 que esperar un poco para ver en persona un dispositivo de Apple plegable. Lo que s\u00ed est\u00e1 un poco m\u00e1s claro es que ver\u00e1 la luz en 2021. Eso s\u00ed, a\u00fan se desconoce si <strong>ser\u00e1 el iPhone o el iPad el primero en sumarse a la fiebre<\/strong> que comenzaron otras marcas como Samsung, Huawei o Xiaomi.<\/p>\n<p>Seg\u00fan un informe de la UBS, recogido por la CNBC, los usuarios estar\u00edan <strong>dispuestos a pagar hasta 600 d\u00f3lares<\/strong> por ese supuesto dispositivo, pese a que el precio sigue siendo un obst\u00e1culo en la mayor\u00eda de los consumidores. Y ser\u00eda el mercado chino el que m\u00e1s impaciente estar\u00eda por recibir esa nueva versi\u00f3n del smartphone de los de Cupertino.<\/p>\n<p>En este sentido, hay que tener en cuenta que <strong>Samsung es la compa\u00f1\u00eda que domina la propiedad intelectual<\/strong> en cuanto a las tecnolog\u00edas de dispositivos y pantallas plegables y se espera que sea la compa\u00f1\u00eda coreana la que lidere el sector como proveedor. Eso s\u00ed, los problemas a los que se ha enfrentado \u00e9l y otros competidores no han sido pocos.\u00a0 Es el Galaxy Fold de Samsung el ejemplo m\u00e1s claro aunque parece que ya est\u00e1 todo listo para su lanzamiento el mes que viene.<\/p>\n<p>Sin embargo, <strong>Apple sigue trabajando sin descanso en este tipo de tecnolog\u00eda<\/strong> y por ello se ha establecido como 2021 la fecha en la que los dispositivos plegables de Apple ver\u00e1n la luz. Incluso se ha llegado a pensar, seg\u00fan UBS, que ser\u00e1 el iPad plegable el primero en vez la luz antes que el iPhone.<\/p>\n<blockquote>\n<p>TouchID podr\u00eda regresar, pero a\u00fan no<\/p>\n<\/blockquote>\n<p>Seg\u00fan este mismo informe, el tan deseado y recordado TouchID de Apple podr\u00eda volver en futuros lanzamientos de la compa\u00f1\u00eda aunque a\u00fan se desconocen los detalles. Los rumores, recogidos por CNET, estiman que el regreso del <strong>sensor de huellas digitales complementar\u00e1 al FaceID<\/strong> como otra forma de autenticaci\u00f3n biom\u00e9trica. Otros, sin embargo, piensan que\u00a0 reemplazar\u00eda a FaceID por completo para reducir los costes de una supuesta alternativa de iPhone m\u00e1s barata.<\/p>\n<p class=\"link-telegram\">\n\t\t\t\t\t\t\t\t\t\t\tNo te pierdas nada de MarketingDirecto.com y \u00fanete a nuestro Telegram t.me\/MarketingDirecto\n\t\t\t\t\t\t\t\t\t\t<\/p>\n<\/p><\/div>\n<p><script>(function(d, s, id) {\n  var js, fjs = d.getElementsByTagName(s)[0];\n  if (d.getElementById(id)) return;\n  js = d.createElement(s); js.id = id;\n  js.src = \"http:\/\/connect.facebook.net\/es_LA\/sdk.js#xfbml=1&appId=408746052611679&version=v2.3\";\n  fjs.parentNode.insertBefore(js, fjs);\n}(document, 'script', 'facebook-jssdk'));<\/script><br \/>\n<br \/>[ad_2]<br \/>\n<br \/><a href=\"https:\/\/www.marketingdirecto.com\/digital-general\/digital\/apple-estaria-trabajando-en-un-iphone-y-ipad-plegables\">Source link <\/a><\/p>\n","protected":false},"excerpt":{"rendered":"<p>[ad_1] Seg\u00fan un informe de la UBS, los usuarios estar\u00edan dispuestos a pagar hasta 600 d\u00f3lares por ese supuesto dispositivo, pese a que el precio sigue siendo un obst\u00e1culo en la mayor\u00eda de los consumidores. Parecer ser que a\u00fan habr\u00e1 que esperar un poco para ver en persona un dispositivo de Apple plegable. Lo que [&hellip;]<\/p>\n","protected":false},"author":2,"featured_media":8552,"comment_status":"open","ping_status":"open","sticky":false,"template":"","format":"standard","meta":{"footnotes":""},"categories":[2],"tags":[],"class_list":["post-8551","post","type-post","status-publish","format-standard","has-post-thumbnail","hentry","category-noticias-de-marketing-digital"],"yoast_head":"<!-- This site is optimized with the Yoast SEO plugin v27.4 - https:\/\/yoast.com\/product\/yoast-seo-wordpress\/ -->\n<title>Apple estar\u00eda trabajando en un iPhone y iPad plegables - Super News<\/title>\n<meta name=\"robots\" content=\"index, follow, max-snippet:-1, max-image-preview:large, max-video-preview:-1\" \/>\n<link rel=\"canonical\" href=\"https:\/\/super-news.info\/es\/apple-estaria-trabajando-en-un-iphone-y-ipad-plegables\/\" \/>\n<meta property=\"og:locale\" content=\"en_US\" \/>\n<meta property=\"og:type\" content=\"article\" \/>\n<meta property=\"og:title\" content=\"Apple estar\u00eda trabajando en un iPhone y iPad plegables - Super News\" \/>\n<meta property=\"og:description\" content=\"[ad_1] Seg\u00fan un informe de la UBS, los usuarios estar\u00edan dispuestos a pagar hasta 600 d\u00f3lares por ese supuesto dispositivo, pese a que el precio sigue siendo un obst\u00e1culo en la mayor\u00eda de los consumidores. Parecer ser que a\u00fan habr\u00e1 que esperar un poco para ver en persona un dispositivo de Apple plegable. Lo que [&hellip;]\" \/>\n<meta property=\"og:url\" content=\"https:\/\/super-news.info\/es\/apple-estaria-trabajando-en-un-iphone-y-ipad-plegables\/\" \/>\n<meta property=\"og:site_name\" content=\"Super News\" \/>\n<meta property=\"article:published_time\" content=\"2019-08-12T08:52:11+00:00\" \/>\n<meta property=\"article:modified_time\" content=\"2019-08-12T08:52:12+00:00\" \/>\n<meta property=\"og:image\" content=\"https:\/\/super-news.info\/es\/wp-content\/uploads\/sites\/4\/2019\/08\/Apple-estar\u00eda-trabajando-en-un-iPhone-y-iPad-plegables.jpg\" \/>\n\t<meta property=\"og:image:width\" content=\"626\" \/>\n\t<meta property=\"og:image:height\" content=\"364\" \/>\n\t<meta property=\"og:image:type\" content=\"image\/jpeg\" \/>\n<meta name=\"author\" content=\"super-news\" \/>\n<meta name=\"twitter:card\" content=\"summary_large_image\" \/>\n<meta name=\"twitter:label1\" content=\"Written by\" \/>\n\t<meta name=\"twitter:data1\" content=\"super-news\" \/>\n\t<meta name=\"twitter:label2\" content=\"Est. reading time\" \/>\n\t<meta name=\"twitter:data2\" content=\"2 minutes\" \/>\n<script type=\"application\/ld+json\" class=\"yoast-schema-graph\">{\"@context\":\"https:\\\/\\\/schema.org\",\"@graph\":[{\"@type\":\"Article\",\"@id\":\"https:\\\/\\\/super-news.info\\\/es\\\/apple-estaria-trabajando-en-un-iphone-y-ipad-plegables\\\/#article\",\"isPartOf\":{\"@id\":\"https:\\\/\\\/super-news.info\\\/es\\\/apple-estaria-trabajando-en-un-iphone-y-ipad-plegables\\\/\"},\"author\":{\"name\":\"super-news\",\"@id\":\"https:\\\/\\\/super-news.info\\\/es\\\/#\\\/schema\\\/person\\\/2d4068cb2f39cd10008c2fce578a7356\"},\"headline\":\"Apple estar\u00eda trabajando en un iPhone y iPad plegables\",\"datePublished\":\"2019-08-12T08:52:11+00:00\",\"dateModified\":\"2019-08-12T08:52:12+00:00\",\"mainEntityOfPage\":{\"@id\":\"https:\\\/\\\/super-news.info\\\/es\\\/apple-estaria-trabajando-en-un-iphone-y-ipad-plegables\\\/\"},\"wordCount\":431,\"commentCount\":0,\"image\":{\"@id\":\"https:\\\/\\\/super-news.info\\\/es\\\/apple-estaria-trabajando-en-un-iphone-y-ipad-plegables\\\/#primaryimage\"},\"thumbnailUrl\":\"https:\\\/\\\/super-news.info\\\/es\\\/wp-content\\\/uploads\\\/sites\\\/4\\\/2019\\\/08\\\/Apple-estar\u00eda-trabajando-en-un-iPhone-y-iPad-plegables.jpg\",\"articleSection\":[\"NOTICIAS DE MARKETING DIGITAL\"],\"inLanguage\":\"en-US\",\"potentialAction\":[{\"@type\":\"CommentAction\",\"name\":\"Comment\",\"target\":[\"https:\\\/\\\/super-news.info\\\/es\\\/apple-estaria-trabajando-en-un-iphone-y-ipad-plegables\\\/#respond\"]}]},{\"@type\":\"WebPage\",\"@id\":\"https:\\\/\\\/super-news.info\\\/es\\\/apple-estaria-trabajando-en-un-iphone-y-ipad-plegables\\\/\",\"url\":\"https:\\\/\\\/super-news.info\\\/es\\\/apple-estaria-trabajando-en-un-iphone-y-ipad-plegables\\\/\",\"name\":\"Apple estar\u00eda trabajando en un iPhone y iPad plegables - Super News\",\"isPartOf\":{\"@id\":\"https:\\\/\\\/super-news.info\\\/es\\\/#website\"},\"primaryImageOfPage\":{\"@id\":\"https:\\\/\\\/super-news.info\\\/es\\\/apple-estaria-trabajando-en-un-iphone-y-ipad-plegables\\\/#primaryimage\"},\"image\":{\"@id\":\"https:\\\/\\\/super-news.info\\\/es\\\/apple-estaria-trabajando-en-un-iphone-y-ipad-plegables\\\/#primaryimage\"},\"thumbnailUrl\":\"https:\\\/\\\/super-news.info\\\/es\\\/wp-content\\\/uploads\\\/sites\\\/4\\\/2019\\\/08\\\/Apple-estar\u00eda-trabajando-en-un-iPhone-y-iPad-plegables.jpg\",\"datePublished\":\"2019-08-12T08:52:11+00:00\",\"dateModified\":\"2019-08-12T08:52:12+00:00\",\"author\":{\"@id\":\"https:\\\/\\\/super-news.info\\\/es\\\/#\\\/schema\\\/person\\\/2d4068cb2f39cd10008c2fce578a7356\"},\"breadcrumb\":{\"@id\":\"https:\\\/\\\/super-news.info\\\/es\\\/apple-estaria-trabajando-en-un-iphone-y-ipad-plegables\\\/#breadcrumb\"},\"inLanguage\":\"en-US\",\"potentialAction\":[{\"@type\":\"ReadAction\",\"target\":[\"https:\\\/\\\/super-news.info\\\/es\\\/apple-estaria-trabajando-en-un-iphone-y-ipad-plegables\\\/\"]}]},{\"@type\":\"ImageObject\",\"inLanguage\":\"en-US\",\"@id\":\"https:\\\/\\\/super-news.info\\\/es\\\/apple-estaria-trabajando-en-un-iphone-y-ipad-plegables\\\/#primaryimage\",\"url\":\"https:\\\/\\\/super-news.info\\\/es\\\/wp-content\\\/uploads\\\/sites\\\/4\\\/2019\\\/08\\\/Apple-estar\u00eda-trabajando-en-un-iPhone-y-iPad-plegables.jpg\",\"contentUrl\":\"https:\\\/\\\/super-news.info\\\/es\\\/wp-content\\\/uploads\\\/sites\\\/4\\\/2019\\\/08\\\/Apple-estar\u00eda-trabajando-en-un-iPhone-y-iPad-plegables.jpg\",\"width\":626,\"height\":364,\"caption\":\"iphone ipad plegable\"},{\"@type\":\"BreadcrumbList\",\"@id\":\"https:\\\/\\\/super-news.info\\\/es\\\/apple-estaria-trabajando-en-un-iphone-y-ipad-plegables\\\/#breadcrumb\",\"itemListElement\":[{\"@type\":\"ListItem\",\"position\":1,\"name\":\"\u0413\u043b\u0430\u0432\u043d\u0430\u044f \u0441\u0442\u0440\u0430\u043d\u0438\u0446\u0430\",\"item\":\"https:\\\/\\\/super-news.info\\\/es\\\/\"},{\"@type\":\"ListItem\",\"position\":2,\"name\":\"Apple estar\u00eda trabajando en un iPhone y iPad plegables\"}]},{\"@type\":\"WebSite\",\"@id\":\"https:\\\/\\\/super-news.info\\\/es\\\/#website\",\"url\":\"https:\\\/\\\/super-news.info\\\/es\\\/\",\"name\":\"Super News\",\"description\":\"Super News Espa\u00f1a\",\"potentialAction\":[{\"@type\":\"SearchAction\",\"target\":{\"@type\":\"EntryPoint\",\"urlTemplate\":\"https:\\\/\\\/super-news.info\\\/es\\\/?s={search_term_string}\"},\"query-input\":{\"@type\":\"PropertyValueSpecification\",\"valueRequired\":true,\"valueName\":\"search_term_string\"}}],\"inLanguage\":\"en-US\"},{\"@type\":\"Person\",\"@id\":\"https:\\\/\\\/super-news.info\\\/es\\\/#\\\/schema\\\/person\\\/2d4068cb2f39cd10008c2fce578a7356\",\"name\":\"super-news\",\"image\":{\"@type\":\"ImageObject\",\"inLanguage\":\"en-US\",\"@id\":\"https:\\\/\\\/secure.gravatar.com\\\/avatar\\\/64ebac40b93f26a154f8a9b5b6fdccfc46f442b26b3dd6756dbff3bf9dc76fd7?s=96&d=mm&r=g\",\"url\":\"https:\\\/\\\/secure.gravatar.com\\\/avatar\\\/64ebac40b93f26a154f8a9b5b6fdccfc46f442b26b3dd6756dbff3bf9dc76fd7?s=96&d=mm&r=g\",\"contentUrl\":\"https:\\\/\\\/secure.gravatar.com\\\/avatar\\\/64ebac40b93f26a154f8a9b5b6fdccfc46f442b26b3dd6756dbff3bf9dc76fd7?s=96&d=mm&r=g\",\"caption\":\"super-news\"},\"url\":\"https:\\\/\\\/super-news.info\\\/es\\\/author\\\/pt\\\/\"}]}<\/script>\n<!-- \/ Yoast SEO plugin. -->","yoast_head_json":{"title":"Apple estar\u00eda trabajando en un iPhone y iPad plegables - Super News","robots":{"index":"index","follow":"follow","max-snippet":"max-snippet:-1","max-image-preview":"max-image-preview:large","max-video-preview":"max-video-preview:-1"},"canonical":"https:\/\/super-news.info\/es\/apple-estaria-trabajando-en-un-iphone-y-ipad-plegables\/","og_locale":"en_US","og_type":"article","og_title":"Apple estar\u00eda trabajando en un iPhone y iPad plegables - Super News","og_description":"[ad_1] Seg\u00fan un informe de la UBS, los usuarios estar\u00edan dispuestos a pagar hasta 600 d\u00f3lares por ese supuesto dispositivo, pese a que el precio sigue siendo un obst\u00e1culo en la mayor\u00eda de los consumidores. Parecer ser que a\u00fan habr\u00e1 que esperar un poco para ver en persona un dispositivo de Apple plegable. Lo que [&hellip;]","og_url":"https:\/\/super-news.info\/es\/apple-estaria-trabajando-en-un-iphone-y-ipad-plegables\/","og_site_name":"Super News","article_published_time":"2019-08-12T08:52:11+00:00","article_modified_time":"2019-08-12T08:52:12+00:00","og_image":[{"width":626,"height":364,"url":"https:\/\/super-news.info\/es\/wp-content\/uploads\/sites\/4\/2019\/08\/Apple-estar\u00eda-trabajando-en-un-iPhone-y-iPad-plegables.jpg","type":"image\/jpeg"}],"author":"super-news","twitter_card":"summary_large_image","twitter_misc":{"Written by":"super-news","Est. reading time":"2 minutes"},"schema":{"@context":"https:\/\/schema.org","@graph":[{"@type":"Article","@id":"https:\/\/super-news.info\/es\/apple-estaria-trabajando-en-un-iphone-y-ipad-plegables\/#article","isPartOf":{"@id":"https:\/\/super-news.info\/es\/apple-estaria-trabajando-en-un-iphone-y-ipad-plegables\/"},"author":{"name":"super-news","@id":"https:\/\/super-news.info\/es\/#\/schema\/person\/2d4068cb2f39cd10008c2fce578a7356"},"headline":"Apple estar\u00eda trabajando en un iPhone y iPad plegables","datePublished":"2019-08-12T08:52:11+00:00","dateModified":"2019-08-12T08:52:12+00:00","mainEntityOfPage":{"@id":"https:\/\/super-news.info\/es\/apple-estaria-trabajando-en-un-iphone-y-ipad-plegables\/"},"wordCount":431,"commentCount":0,"image":{"@id":"https:\/\/super-news.info\/es\/apple-estaria-trabajando-en-un-iphone-y-ipad-plegables\/#primaryimage"},"thumbnailUrl":"https:\/\/super-news.info\/es\/wp-content\/uploads\/sites\/4\/2019\/08\/Apple-estar\u00eda-trabajando-en-un-iPhone-y-iPad-plegables.jpg","articleSection":["NOTICIAS DE MARKETING DIGITAL"],"inLanguage":"en-US","potentialAction":[{"@type":"CommentAction","name":"Comment","target":["https:\/\/super-news.info\/es\/apple-estaria-trabajando-en-un-iphone-y-ipad-plegables\/#respond"]}]},{"@type":"WebPage","@id":"https:\/\/super-news.info\/es\/apple-estaria-trabajando-en-un-iphone-y-ipad-plegables\/","url":"https:\/\/super-news.info\/es\/apple-estaria-trabajando-en-un-iphone-y-ipad-plegables\/","name":"Apple estar\u00eda trabajando en un iPhone y iPad plegables - Super News","isPartOf":{"@id":"https:\/\/super-news.info\/es\/#website"},"primaryImageOfPage":{"@id":"https:\/\/super-news.info\/es\/apple-estaria-trabajando-en-un-iphone-y-ipad-plegables\/#primaryimage"},"image":{"@id":"https:\/\/super-news.info\/es\/apple-estaria-trabajando-en-un-iphone-y-ipad-plegables\/#primaryimage"},"thumbnailUrl":"https:\/\/super-news.info\/es\/wp-content\/uploads\/sites\/4\/2019\/08\/Apple-estar\u00eda-trabajando-en-un-iPhone-y-iPad-plegables.jpg","datePublished":"2019-08-12T08:52:11+00:00","dateModified":"2019-08-12T08:52:12+00:00","author":{"@id":"https:\/\/super-news.info\/es\/#\/schema\/person\/2d4068cb2f39cd10008c2fce578a7356"},"breadcrumb":{"@id":"https:\/\/super-news.info\/es\/apple-estaria-trabajando-en-un-iphone-y-ipad-plegables\/#breadcrumb"},"inLanguage":"en-US","potentialAction":[{"@type":"ReadAction","target":["https:\/\/super-news.info\/es\/apple-estaria-trabajando-en-un-iphone-y-ipad-plegables\/"]}]},{"@type":"ImageObject","inLanguage":"en-US","@id":"https:\/\/super-news.info\/es\/apple-estaria-trabajando-en-un-iphone-y-ipad-plegables\/#primaryimage","url":"https:\/\/super-news.info\/es\/wp-content\/uploads\/sites\/4\/2019\/08\/Apple-estar\u00eda-trabajando-en-un-iPhone-y-iPad-plegables.jpg","contentUrl":"https:\/\/super-news.info\/es\/wp-content\/uploads\/sites\/4\/2019\/08\/Apple-estar\u00eda-trabajando-en-un-iPhone-y-iPad-plegables.jpg","width":626,"height":364,"caption":"iphone ipad plegable"},{"@type":"BreadcrumbList","@id":"https:\/\/super-news.info\/es\/apple-estaria-trabajando-en-un-iphone-y-ipad-plegables\/#breadcrumb","itemListElement":[{"@type":"ListItem","position":1,"name":"\u0413\u043b\u0430\u0432\u043d\u0430\u044f \u0441\u0442\u0440\u0430\u043d\u0438\u0446\u0430","item":"https:\/\/super-news.info\/es\/"},{"@type":"ListItem","position":2,"name":"Apple estar\u00eda trabajando en un iPhone y iPad plegables"}]},{"@type":"WebSite","@id":"https:\/\/super-news.info\/es\/#website","url":"https:\/\/super-news.info\/es\/","name":"Super News","description":"Super News Espa\u00f1a","potentialAction":[{"@type":"SearchAction","target":{"@type":"EntryPoint","urlTemplate":"https:\/\/super-news.info\/es\/?s={search_term_string}"},"query-input":{"@type":"PropertyValueSpecification","valueRequired":true,"valueName":"search_term_string"}}],"inLanguage":"en-US"},{"@type":"Person","@id":"https:\/\/super-news.info\/es\/#\/schema\/person\/2d4068cb2f39cd10008c2fce578a7356","name":"super-news","image":{"@type":"ImageObject","inLanguage":"en-US","@id":"https:\/\/secure.gravatar.com\/avatar\/64ebac40b93f26a154f8a9b5b6fdccfc46f442b26b3dd6756dbff3bf9dc76fd7?s=96&d=mm&r=g","url":"https:\/\/secure.gravatar.com\/avatar\/64ebac40b93f26a154f8a9b5b6fdccfc46f442b26b3dd6756dbff3bf9dc76fd7?s=96&d=mm&r=g","contentUrl":"https:\/\/secure.gravatar.com\/avatar\/64ebac40b93f26a154f8a9b5b6fdccfc46f442b26b3dd6756dbff3bf9dc76fd7?s=96&d=mm&r=g","caption":"super-news"},"url":"https:\/\/super-news.info\/es\/author\/pt\/"}]}},"_links":{"self":[{"href":"https:\/\/super-news.info\/es\/wp-json\/wp\/v2\/posts\/8551","targetHints":{"allow":["GET"]}}],"collection":[{"href":"https:\/\/super-news.info\/es\/wp-json\/wp\/v2\/posts"}],"about":[{"href":"https:\/\/super-news.info\/es\/wp-json\/wp\/v2\/types\/post"}],"author":[{"embeddable":true,"href":"https:\/\/super-news.info\/es\/wp-json\/wp\/v2\/users\/2"}],"replies":[{"embeddable":true,"href":"https:\/\/super-news.info\/es\/wp-json\/wp\/v2\/comments?post=8551"}],"version-history":[{"count":1,"href":"https:\/\/super-news.info\/es\/wp-json\/wp\/v2\/posts\/8551\/revisions"}],"predecessor-version":[{"id":8553,"href":"https:\/\/super-news.info\/es\/wp-json\/wp\/v2\/posts\/8551\/revisions\/8553"}],"wp:featuredmedia":[{"embeddable":true,"href":"https:\/\/super-news.info\/es\/wp-json\/wp\/v2\/media\/8552"}],"wp:attachment":[{"href":"https:\/\/super-news.info\/es\/wp-json\/wp\/v2\/media?parent=8551"}],"wp:term":[{"taxonomy":"category","embeddable":true,"href":"https:\/\/super-news.info\/es\/wp-json\/wp\/v2\/categories?post=8551"},{"taxonomy":"post_tag","embeddable":true,"href":"https:\/\/super-news.info\/es\/wp-json\/wp\/v2\/tags?post=8551"}],"curies":[{"name":"wp","href":"https:\/\/api.w.org\/{rel}","templated":true}]}}