{"id":8533,"date":"2019-08-12T04:15:50","date_gmt":"2019-08-12T01:15:50","guid":{"rendered":"https:\/\/super-news.info\/es\/bmw-presenta-sus-hibridos-enchufables-con-una-atrevida-campana-de-jung-von-matt\/"},"modified":"2019-08-12T04:15:52","modified_gmt":"2019-08-12T01:15:52","slug":"bmw-presenta-sus-hibridos-enchufables-con-una-atrevida-campana-de-jung-von-matt","status":"publish","type":"post","link":"https:\/\/super-news.info\/es\/bmw-presenta-sus-hibridos-enchufables-con-una-atrevida-campana-de-jung-von-matt\/","title":{"rendered":"BMW presenta sus h\u00edbridos enchufables con una atrevida campa\u00f1a de Jung von Matt"},"content":{"rendered":"<p> [ad_1]<br \/>\n<\/p>\n<div id=\"textoNoticia\">\n<p class=\"excerpt-single\">La huella del CMO de BMW, Jens Thiemer, se deja notar en la \u00faltima campa\u00f1a de la marca para promocionar sus nuevos modelos h\u00edbridos.<\/p>\n<\/p>\n<p>BMW presenta sus modelos h\u00edbridos enchufables con un spot <strong>inusualmente descarado<\/strong>. La campa\u00f1a &#8220;Unplug &amp; Play&#8221;, que forme parta de una reciente ofensiva de comunicaci\u00f3n del fabricante de autom\u00f3viles alem\u00e1n, es el primer trabajo importante creado en la nueva etapa de Jens Thiemer como CMO de la marca.<\/p>\n<p>La campa\u00f1a podr\u00eda haber tenido un enfoque apacible, <strong>centrado en la naturaleza<\/strong>. Quiz\u00e1 mostrando veh\u00edculos h\u00edbridos y p\u00e1jaros cantando, incluso alg\u00fan primer plano de un ciervo. Y en el coche, preferiblemente, una familia feliz.<\/p>\n<p>Pero esta campa\u00f1a es todo lo contrario. Delirantes hinchas enganchados viendo el partido de su club en la televisi\u00f3n de un bar, un castillo hinchable con ni\u00f1os o el reciento de los osos en un parque natural con animales. Nada fuera de lo com\u00fan, hasta que un ni\u00f1o, de repente, tira del enchufe de la televisi\u00f3n, del castillo hinchable y del recinto de los osos. Entonces<strong> comienza la acci\u00f3n<\/strong>.<\/p>\n<p>\n\t\t\t\t<iframe loading=\"lazy\" src=\"http:\/\/www.youtube.com\/embed\/g8t_jXuO-Gk?enablejsapi=1&amp;version=3&amp;rel=0&amp;showinfo=0&amp;controls=0\" id=\"iframePlayer\" width=\"940\" height=\"529\" frameborder=\"0\" webkitallowfullscreen=\"\" mozallowfullscreen=\"\" allowfullscreen=\"\"><\/iframe>\n\t\t\t<\/p>\n<p>Si no visualiza correctamente el v\u00eddeo embedded, haga clic aqu\u00ed.<\/p>\n<p>Para BMW es una <strong>campa\u00f1a valiente<\/strong>, mucho m\u00e1s atrevida que las que sol\u00eda lanzar. Se nota, por tanto, la impronta de Jens Thiemer. El ex director de marketing de Mercedes ha estado a bordo de BMW desde enero como vicepresidente senior de la marca BMW.<\/p>\n<p>Se trata de una <strong>manera diferente de hablar de sostenibilidad<\/strong>. Y tambi\u00e9n de generar conversaci\u00f3n: &#8220;\u00bfhas visto el anuncio de BMW en el que aparece un ni\u00f1o\u2026 \u00bfNo? Espera, que te lo env\u00edo&#8221;. De hecho, el v\u00eddeo solo se puede ver a trav\u00e9s de canales digitales y social media. Y est\u00e1 estructurado de tal manera que las distintas historias se pueden recortar para ser difundidas individualmente para los diferentes mercados de BMW.<\/p>\n<p>El <strong>mensaje de fondo<\/strong> sigue siendo el mismo en todas las historias. BMW y su socio creativo Jung von Matt \/ Next Alster quieren mostrar lo f\u00e1cil que es enchufar un modelo h\u00edbrido enchufable y dejarse de preocupaciones. Quiz\u00e1, al final, el ni\u00f1o no se port\u00f3 tan mal.<\/p>\n<p class=\"link-telegram\">\n\t\t\t\t\t\t\t\t\t\t\tNo te pierdas nada de MarketingDirecto.com y \u00fanete a nuestro Telegram t.me\/MarketingDirecto\n\t\t\t\t\t\t\t\t\t\t<\/p>\n<\/p><\/div>\n<p><script>(function(d, s, id) {\n  var js, fjs = d.getElementsByTagName(s)[0];\n  if (d.getElementById(id)) return;\n  js = d.createElement(s); js.id = id;\n  js.src = \"http:\/\/connect.facebook.net\/es_LA\/sdk.js#xfbml=1&appId=408746052611679&version=v2.3\";\n  fjs.parentNode.insertBefore(js, fjs);\n}(document, 'script', 'facebook-jssdk'));<\/script><br \/>\n<br \/>[ad_2]<br \/>\n<br \/><a href=\"https:\/\/www.marketingdirecto.com\/anunciantes-general\/anunciantes\/bmw-presenta-hibridos-enchufables-con-atrevida-campana-de-jung-von-matt\">Source link <\/a><\/p>\n","protected":false},"excerpt":{"rendered":"<p>[ad_1] La huella del CMO de BMW, Jens Thiemer, se deja notar en la \u00faltima campa\u00f1a de la marca para promocionar sus nuevos modelos h\u00edbridos. BMW presenta sus modelos h\u00edbridos enchufables con un spot inusualmente descarado. La campa\u00f1a &#8220;Unplug &amp; Play&#8221;, que forme parta de una reciente ofensiva de comunicaci\u00f3n del fabricante de autom\u00f3viles alem\u00e1n, [&hellip;]<\/p>\n","protected":false},"author":2,"featured_media":8534,"comment_status":"open","ping_status":"open","sticky":false,"template":"","format":"standard","meta":{"footnotes":""},"categories":[2],"tags":[],"class_list":["post-8533","post","type-post","status-publish","format-standard","has-post-thumbnail","hentry","category-noticias-de-marketing-digital"],"yoast_head":"<!-- This site is optimized with the Yoast SEO plugin v27.4 - https:\/\/yoast.com\/product\/yoast-seo-wordpress\/ -->\n<title>BMW presenta sus h\u00edbridos enchufables con una atrevida campa\u00f1a de Jung von Matt - Super News<\/title>\n<meta name=\"robots\" content=\"index, follow, max-snippet:-1, max-image-preview:large, max-video-preview:-1\" \/>\n<link rel=\"canonical\" href=\"https:\/\/super-news.info\/es\/bmw-presenta-sus-hibridos-enchufables-con-una-atrevida-campana-de-jung-von-matt\/\" \/>\n<meta property=\"og:locale\" content=\"en_US\" \/>\n<meta property=\"og:type\" content=\"article\" \/>\n<meta property=\"og:title\" content=\"BMW presenta sus h\u00edbridos enchufables con una atrevida campa\u00f1a de Jung von Matt - Super News\" \/>\n<meta property=\"og:description\" content=\"[ad_1] La huella del CMO de BMW, Jens Thiemer, se deja notar en la \u00faltima campa\u00f1a de la marca para promocionar sus nuevos modelos h\u00edbridos. BMW presenta sus modelos h\u00edbridos enchufables con un spot inusualmente descarado. La campa\u00f1a &#8220;Unplug &amp; Play&#8221;, que forme parta de una reciente ofensiva de comunicaci\u00f3n del fabricante de autom\u00f3viles alem\u00e1n, [&hellip;]\" \/>\n<meta property=\"og:url\" content=\"https:\/\/super-news.info\/es\/bmw-presenta-sus-hibridos-enchufables-con-una-atrevida-campana-de-jung-von-matt\/\" \/>\n<meta property=\"og:site_name\" content=\"Super News\" \/>\n<meta property=\"article:published_time\" content=\"2019-08-12T01:15:50+00:00\" \/>\n<meta property=\"article:modified_time\" content=\"2019-08-12T01:15:52+00:00\" \/>\n<meta property=\"og:image\" content=\"https:\/\/super-news.info\/es\/wp-content\/uploads\/sites\/4\/2019\/08\/BMW-presenta-sus-h\u00edbridos-enchufables-con-una-atrevida-campa\u00f1a-de.jpg\" \/>\n\t<meta property=\"og:image:width\" content=\"626\" \/>\n\t<meta property=\"og:image:height\" content=\"364\" \/>\n\t<meta property=\"og:image:type\" content=\"image\/jpeg\" \/>\n<meta name=\"author\" content=\"super-news\" \/>\n<meta name=\"twitter:card\" content=\"summary_large_image\" \/>\n<meta name=\"twitter:label1\" content=\"Written by\" \/>\n\t<meta name=\"twitter:data1\" content=\"super-news\" \/>\n\t<meta name=\"twitter:label2\" content=\"Est. reading time\" \/>\n\t<meta name=\"twitter:data2\" content=\"2 minutes\" \/>\n<script type=\"application\/ld+json\" class=\"yoast-schema-graph\">{\"@context\":\"https:\\\/\\\/schema.org\",\"@graph\":[{\"@type\":\"Article\",\"@id\":\"https:\\\/\\\/super-news.info\\\/es\\\/bmw-presenta-sus-hibridos-enchufables-con-una-atrevida-campana-de-jung-von-matt\\\/#article\",\"isPartOf\":{\"@id\":\"https:\\\/\\\/super-news.info\\\/es\\\/bmw-presenta-sus-hibridos-enchufables-con-una-atrevida-campana-de-jung-von-matt\\\/\"},\"author\":{\"name\":\"super-news\",\"@id\":\"https:\\\/\\\/super-news.info\\\/es\\\/#\\\/schema\\\/person\\\/2d4068cb2f39cd10008c2fce578a7356\"},\"headline\":\"BMW presenta sus h\u00edbridos enchufables con una atrevida campa\u00f1a de Jung von Matt\",\"datePublished\":\"2019-08-12T01:15:50+00:00\",\"dateModified\":\"2019-08-12T01:15:52+00:00\",\"mainEntityOfPage\":{\"@id\":\"https:\\\/\\\/super-news.info\\\/es\\\/bmw-presenta-sus-hibridos-enchufables-con-una-atrevida-campana-de-jung-von-matt\\\/\"},\"wordCount\":416,\"commentCount\":0,\"image\":{\"@id\":\"https:\\\/\\\/super-news.info\\\/es\\\/bmw-presenta-sus-hibridos-enchufables-con-una-atrevida-campana-de-jung-von-matt\\\/#primaryimage\"},\"thumbnailUrl\":\"https:\\\/\\\/super-news.info\\\/es\\\/wp-content\\\/uploads\\\/sites\\\/4\\\/2019\\\/08\\\/BMW-presenta-sus-h\u00edbridos-enchufables-con-una-atrevida-campa\u00f1a-de.jpg\",\"articleSection\":[\"NOTICIAS DE MARKETING DIGITAL\"],\"inLanguage\":\"en-US\",\"potentialAction\":[{\"@type\":\"CommentAction\",\"name\":\"Comment\",\"target\":[\"https:\\\/\\\/super-news.info\\\/es\\\/bmw-presenta-sus-hibridos-enchufables-con-una-atrevida-campana-de-jung-von-matt\\\/#respond\"]}]},{\"@type\":\"WebPage\",\"@id\":\"https:\\\/\\\/super-news.info\\\/es\\\/bmw-presenta-sus-hibridos-enchufables-con-una-atrevida-campana-de-jung-von-matt\\\/\",\"url\":\"https:\\\/\\\/super-news.info\\\/es\\\/bmw-presenta-sus-hibridos-enchufables-con-una-atrevida-campana-de-jung-von-matt\\\/\",\"name\":\"BMW presenta sus h\u00edbridos enchufables con una atrevida campa\u00f1a de Jung von Matt - Super News\",\"isPartOf\":{\"@id\":\"https:\\\/\\\/super-news.info\\\/es\\\/#website\"},\"primaryImageOfPage\":{\"@id\":\"https:\\\/\\\/super-news.info\\\/es\\\/bmw-presenta-sus-hibridos-enchufables-con-una-atrevida-campana-de-jung-von-matt\\\/#primaryimage\"},\"image\":{\"@id\":\"https:\\\/\\\/super-news.info\\\/es\\\/bmw-presenta-sus-hibridos-enchufables-con-una-atrevida-campana-de-jung-von-matt\\\/#primaryimage\"},\"thumbnailUrl\":\"https:\\\/\\\/super-news.info\\\/es\\\/wp-content\\\/uploads\\\/sites\\\/4\\\/2019\\\/08\\\/BMW-presenta-sus-h\u00edbridos-enchufables-con-una-atrevida-campa\u00f1a-de.jpg\",\"datePublished\":\"2019-08-12T01:15:50+00:00\",\"dateModified\":\"2019-08-12T01:15:52+00:00\",\"author\":{\"@id\":\"https:\\\/\\\/super-news.info\\\/es\\\/#\\\/schema\\\/person\\\/2d4068cb2f39cd10008c2fce578a7356\"},\"breadcrumb\":{\"@id\":\"https:\\\/\\\/super-news.info\\\/es\\\/bmw-presenta-sus-hibridos-enchufables-con-una-atrevida-campana-de-jung-von-matt\\\/#breadcrumb\"},\"inLanguage\":\"en-US\",\"potentialAction\":[{\"@type\":\"ReadAction\",\"target\":[\"https:\\\/\\\/super-news.info\\\/es\\\/bmw-presenta-sus-hibridos-enchufables-con-una-atrevida-campana-de-jung-von-matt\\\/\"]}]},{\"@type\":\"ImageObject\",\"inLanguage\":\"en-US\",\"@id\":\"https:\\\/\\\/super-news.info\\\/es\\\/bmw-presenta-sus-hibridos-enchufables-con-una-atrevida-campana-de-jung-von-matt\\\/#primaryimage\",\"url\":\"https:\\\/\\\/super-news.info\\\/es\\\/wp-content\\\/uploads\\\/sites\\\/4\\\/2019\\\/08\\\/BMW-presenta-sus-h\u00edbridos-enchufables-con-una-atrevida-campa\u00f1a-de.jpg\",\"contentUrl\":\"https:\\\/\\\/super-news.info\\\/es\\\/wp-content\\\/uploads\\\/sites\\\/4\\\/2019\\\/08\\\/BMW-presenta-sus-h\u00edbridos-enchufables-con-una-atrevida-campa\u00f1a-de.jpg\",\"width\":626,\"height\":364,\"caption\":\"bmw-unplug-and-play\"},{\"@type\":\"BreadcrumbList\",\"@id\":\"https:\\\/\\\/super-news.info\\\/es\\\/bmw-presenta-sus-hibridos-enchufables-con-una-atrevida-campana-de-jung-von-matt\\\/#breadcrumb\",\"itemListElement\":[{\"@type\":\"ListItem\",\"position\":1,\"name\":\"\u0413\u043b\u0430\u0432\u043d\u0430\u044f \u0441\u0442\u0440\u0430\u043d\u0438\u0446\u0430\",\"item\":\"https:\\\/\\\/super-news.info\\\/es\\\/\"},{\"@type\":\"ListItem\",\"position\":2,\"name\":\"BMW presenta sus h\u00edbridos enchufables con una atrevida campa\u00f1a de Jung von Matt\"}]},{\"@type\":\"WebSite\",\"@id\":\"https:\\\/\\\/super-news.info\\\/es\\\/#website\",\"url\":\"https:\\\/\\\/super-news.info\\\/es\\\/\",\"name\":\"Super News\",\"description\":\"Super News Espa\u00f1a\",\"potentialAction\":[{\"@type\":\"SearchAction\",\"target\":{\"@type\":\"EntryPoint\",\"urlTemplate\":\"https:\\\/\\\/super-news.info\\\/es\\\/?s={search_term_string}\"},\"query-input\":{\"@type\":\"PropertyValueSpecification\",\"valueRequired\":true,\"valueName\":\"search_term_string\"}}],\"inLanguage\":\"en-US\"},{\"@type\":\"Person\",\"@id\":\"https:\\\/\\\/super-news.info\\\/es\\\/#\\\/schema\\\/person\\\/2d4068cb2f39cd10008c2fce578a7356\",\"name\":\"super-news\",\"image\":{\"@type\":\"ImageObject\",\"inLanguage\":\"en-US\",\"@id\":\"https:\\\/\\\/secure.gravatar.com\\\/avatar\\\/64ebac40b93f26a154f8a9b5b6fdccfc46f442b26b3dd6756dbff3bf9dc76fd7?s=96&d=mm&r=g\",\"url\":\"https:\\\/\\\/secure.gravatar.com\\\/avatar\\\/64ebac40b93f26a154f8a9b5b6fdccfc46f442b26b3dd6756dbff3bf9dc76fd7?s=96&d=mm&r=g\",\"contentUrl\":\"https:\\\/\\\/secure.gravatar.com\\\/avatar\\\/64ebac40b93f26a154f8a9b5b6fdccfc46f442b26b3dd6756dbff3bf9dc76fd7?s=96&d=mm&r=g\",\"caption\":\"super-news\"},\"url\":\"https:\\\/\\\/super-news.info\\\/es\\\/author\\\/pt\\\/\"}]}<\/script>\n<!-- \/ Yoast SEO plugin. -->","yoast_head_json":{"title":"BMW presenta sus h\u00edbridos enchufables con una atrevida campa\u00f1a de Jung von Matt - Super News","robots":{"index":"index","follow":"follow","max-snippet":"max-snippet:-1","max-image-preview":"max-image-preview:large","max-video-preview":"max-video-preview:-1"},"canonical":"https:\/\/super-news.info\/es\/bmw-presenta-sus-hibridos-enchufables-con-una-atrevida-campana-de-jung-von-matt\/","og_locale":"en_US","og_type":"article","og_title":"BMW presenta sus h\u00edbridos enchufables con una atrevida campa\u00f1a de Jung von Matt - Super News","og_description":"[ad_1] La huella del CMO de BMW, Jens Thiemer, se deja notar en la \u00faltima campa\u00f1a de la marca para promocionar sus nuevos modelos h\u00edbridos. BMW presenta sus modelos h\u00edbridos enchufables con un spot inusualmente descarado. La campa\u00f1a &#8220;Unplug &amp; Play&#8221;, que forme parta de una reciente ofensiva de comunicaci\u00f3n del fabricante de autom\u00f3viles alem\u00e1n, [&hellip;]","og_url":"https:\/\/super-news.info\/es\/bmw-presenta-sus-hibridos-enchufables-con-una-atrevida-campana-de-jung-von-matt\/","og_site_name":"Super News","article_published_time":"2019-08-12T01:15:50+00:00","article_modified_time":"2019-08-12T01:15:52+00:00","og_image":[{"width":626,"height":364,"url":"https:\/\/super-news.info\/es\/wp-content\/uploads\/sites\/4\/2019\/08\/BMW-presenta-sus-h\u00edbridos-enchufables-con-una-atrevida-campa\u00f1a-de.jpg","type":"image\/jpeg"}],"author":"super-news","twitter_card":"summary_large_image","twitter_misc":{"Written by":"super-news","Est. reading time":"2 minutes"},"schema":{"@context":"https:\/\/schema.org","@graph":[{"@type":"Article","@id":"https:\/\/super-news.info\/es\/bmw-presenta-sus-hibridos-enchufables-con-una-atrevida-campana-de-jung-von-matt\/#article","isPartOf":{"@id":"https:\/\/super-news.info\/es\/bmw-presenta-sus-hibridos-enchufables-con-una-atrevida-campana-de-jung-von-matt\/"},"author":{"name":"super-news","@id":"https:\/\/super-news.info\/es\/#\/schema\/person\/2d4068cb2f39cd10008c2fce578a7356"},"headline":"BMW presenta sus h\u00edbridos enchufables con una atrevida campa\u00f1a de Jung von Matt","datePublished":"2019-08-12T01:15:50+00:00","dateModified":"2019-08-12T01:15:52+00:00","mainEntityOfPage":{"@id":"https:\/\/super-news.info\/es\/bmw-presenta-sus-hibridos-enchufables-con-una-atrevida-campana-de-jung-von-matt\/"},"wordCount":416,"commentCount":0,"image":{"@id":"https:\/\/super-news.info\/es\/bmw-presenta-sus-hibridos-enchufables-con-una-atrevida-campana-de-jung-von-matt\/#primaryimage"},"thumbnailUrl":"https:\/\/super-news.info\/es\/wp-content\/uploads\/sites\/4\/2019\/08\/BMW-presenta-sus-h\u00edbridos-enchufables-con-una-atrevida-campa\u00f1a-de.jpg","articleSection":["NOTICIAS DE MARKETING DIGITAL"],"inLanguage":"en-US","potentialAction":[{"@type":"CommentAction","name":"Comment","target":["https:\/\/super-news.info\/es\/bmw-presenta-sus-hibridos-enchufables-con-una-atrevida-campana-de-jung-von-matt\/#respond"]}]},{"@type":"WebPage","@id":"https:\/\/super-news.info\/es\/bmw-presenta-sus-hibridos-enchufables-con-una-atrevida-campana-de-jung-von-matt\/","url":"https:\/\/super-news.info\/es\/bmw-presenta-sus-hibridos-enchufables-con-una-atrevida-campana-de-jung-von-matt\/","name":"BMW presenta sus h\u00edbridos enchufables con una atrevida campa\u00f1a de Jung von Matt - Super News","isPartOf":{"@id":"https:\/\/super-news.info\/es\/#website"},"primaryImageOfPage":{"@id":"https:\/\/super-news.info\/es\/bmw-presenta-sus-hibridos-enchufables-con-una-atrevida-campana-de-jung-von-matt\/#primaryimage"},"image":{"@id":"https:\/\/super-news.info\/es\/bmw-presenta-sus-hibridos-enchufables-con-una-atrevida-campana-de-jung-von-matt\/#primaryimage"},"thumbnailUrl":"https:\/\/super-news.info\/es\/wp-content\/uploads\/sites\/4\/2019\/08\/BMW-presenta-sus-h\u00edbridos-enchufables-con-una-atrevida-campa\u00f1a-de.jpg","datePublished":"2019-08-12T01:15:50+00:00","dateModified":"2019-08-12T01:15:52+00:00","author":{"@id":"https:\/\/super-news.info\/es\/#\/schema\/person\/2d4068cb2f39cd10008c2fce578a7356"},"breadcrumb":{"@id":"https:\/\/super-news.info\/es\/bmw-presenta-sus-hibridos-enchufables-con-una-atrevida-campana-de-jung-von-matt\/#breadcrumb"},"inLanguage":"en-US","potentialAction":[{"@type":"ReadAction","target":["https:\/\/super-news.info\/es\/bmw-presenta-sus-hibridos-enchufables-con-una-atrevida-campana-de-jung-von-matt\/"]}]},{"@type":"ImageObject","inLanguage":"en-US","@id":"https:\/\/super-news.info\/es\/bmw-presenta-sus-hibridos-enchufables-con-una-atrevida-campana-de-jung-von-matt\/#primaryimage","url":"https:\/\/super-news.info\/es\/wp-content\/uploads\/sites\/4\/2019\/08\/BMW-presenta-sus-h\u00edbridos-enchufables-con-una-atrevida-campa\u00f1a-de.jpg","contentUrl":"https:\/\/super-news.info\/es\/wp-content\/uploads\/sites\/4\/2019\/08\/BMW-presenta-sus-h\u00edbridos-enchufables-con-una-atrevida-campa\u00f1a-de.jpg","width":626,"height":364,"caption":"bmw-unplug-and-play"},{"@type":"BreadcrumbList","@id":"https:\/\/super-news.info\/es\/bmw-presenta-sus-hibridos-enchufables-con-una-atrevida-campana-de-jung-von-matt\/#breadcrumb","itemListElement":[{"@type":"ListItem","position":1,"name":"\u0413\u043b\u0430\u0432\u043d\u0430\u044f \u0441\u0442\u0440\u0430\u043d\u0438\u0446\u0430","item":"https:\/\/super-news.info\/es\/"},{"@type":"ListItem","position":2,"name":"BMW presenta sus h\u00edbridos enchufables con una atrevida campa\u00f1a de Jung von Matt"}]},{"@type":"WebSite","@id":"https:\/\/super-news.info\/es\/#website","url":"https:\/\/super-news.info\/es\/","name":"Super News","description":"Super News Espa\u00f1a","potentialAction":[{"@type":"SearchAction","target":{"@type":"EntryPoint","urlTemplate":"https:\/\/super-news.info\/es\/?s={search_term_string}"},"query-input":{"@type":"PropertyValueSpecification","valueRequired":true,"valueName":"search_term_string"}}],"inLanguage":"en-US"},{"@type":"Person","@id":"https:\/\/super-news.info\/es\/#\/schema\/person\/2d4068cb2f39cd10008c2fce578a7356","name":"super-news","image":{"@type":"ImageObject","inLanguage":"en-US","@id":"https:\/\/secure.gravatar.com\/avatar\/64ebac40b93f26a154f8a9b5b6fdccfc46f442b26b3dd6756dbff3bf9dc76fd7?s=96&d=mm&r=g","url":"https:\/\/secure.gravatar.com\/avatar\/64ebac40b93f26a154f8a9b5b6fdccfc46f442b26b3dd6756dbff3bf9dc76fd7?s=96&d=mm&r=g","contentUrl":"https:\/\/secure.gravatar.com\/avatar\/64ebac40b93f26a154f8a9b5b6fdccfc46f442b26b3dd6756dbff3bf9dc76fd7?s=96&d=mm&r=g","caption":"super-news"},"url":"https:\/\/super-news.info\/es\/author\/pt\/"}]}},"_links":{"self":[{"href":"https:\/\/super-news.info\/es\/wp-json\/wp\/v2\/posts\/8533","targetHints":{"allow":["GET"]}}],"collection":[{"href":"https:\/\/super-news.info\/es\/wp-json\/wp\/v2\/posts"}],"about":[{"href":"https:\/\/super-news.info\/es\/wp-json\/wp\/v2\/types\/post"}],"author":[{"embeddable":true,"href":"https:\/\/super-news.info\/es\/wp-json\/wp\/v2\/users\/2"}],"replies":[{"embeddable":true,"href":"https:\/\/super-news.info\/es\/wp-json\/wp\/v2\/comments?post=8533"}],"version-history":[{"count":1,"href":"https:\/\/super-news.info\/es\/wp-json\/wp\/v2\/posts\/8533\/revisions"}],"predecessor-version":[{"id":8535,"href":"https:\/\/super-news.info\/es\/wp-json\/wp\/v2\/posts\/8533\/revisions\/8535"}],"wp:featuredmedia":[{"embeddable":true,"href":"https:\/\/super-news.info\/es\/wp-json\/wp\/v2\/media\/8534"}],"wp:attachment":[{"href":"https:\/\/super-news.info\/es\/wp-json\/wp\/v2\/media?parent=8533"}],"wp:term":[{"taxonomy":"category","embeddable":true,"href":"https:\/\/super-news.info\/es\/wp-json\/wp\/v2\/categories?post=8533"},{"taxonomy":"post_tag","embeddable":true,"href":"https:\/\/super-news.info\/es\/wp-json\/wp\/v2\/tags?post=8533"}],"curies":[{"name":"wp","href":"https:\/\/api.w.org\/{rel}","templated":true}]}}