{"id":8524,"date":"2019-08-11T23:46:00","date_gmt":"2019-08-11T20:46:00","guid":{"rendered":"https:\/\/super-news.info\/es\/5-razones-por-las-que-el-envase-es-el-principal-activo-de-marketing-de-las-empresas-de-gran-consumo\/"},"modified":"2019-08-11T23:46:02","modified_gmt":"2019-08-11T20:46:02","slug":"5-razones-por-las-que-el-envase-es-el-principal-activo-de-marketing-de-las-empresas-de-gran-consumo","status":"publish","type":"post","link":"https:\/\/super-news.info\/es\/5-razones-por-las-que-el-envase-es-el-principal-activo-de-marketing-de-las-empresas-de-gran-consumo\/","title":{"rendered":"5 razones por las que el envase es el principal activo de marketing de las empresas de gran consumo"},"content":{"rendered":"<p> [ad_1]<br \/>\n<\/p>\n<div>\n<p><span class=\"imgHomeDesBig lazyImg aligncenter \"><\/span>El <strong>director \/a de marketing de la empresa<\/strong> de gran consumo sabe que el envase constituye el activo clave para desplegar el mejor marketing y un elemento cr\u00edtico en la cifra de ventas.<\/p>\n<p>Vivimos en un mercado con la demanda muy segmentada, donde la mayor parte de la compra se realiza en grandes superficies y donde apenas existe prescripci\u00f3n de producto en el punto de venta. Por este motivo existen al menos 5 razones para proteger el envase o <strong>packaging<\/strong>, por parte de la empresa y por la legislaci\u00f3n:<\/p>\n<p><strong>1. Diferenciaci\u00f3n del producto y competitividad de la empresa<\/strong>: Es el soporte de la marca y de todos sus atributos. El logotipo, los mensajes de marca, colores, materiales, textura, tipo de letra; transmiten los valores de la marca y es el punto de contacto con el cliente y con el potencial cliente. El envase va m\u00e1s all\u00e1 de la marca, m\u00e1s all\u00e1 del logotipo. Pepe Barro, autor de la caja de huevos camperos de Pazo de Vilane, y posiblemente, uno de los mejores dise\u00f1adores, nos lo explica en este v\u00eddeo de 3 minutos.<\/p>\n<p><strong>2. Identidad \u00fanica<\/strong>: El cliente que ya conoce la marca, reconoce el producto en el punto de venta y lo compra.<\/p>\n<p><strong>3. Propiedad industrial<\/strong>: El dise\u00f1o vende y es importante en la captaci\u00f3n de nuevos clientes. Seg\u00fan se\u00f1alan los estudios, en un supermercado medio recibimos una media de 300 impactos de art\u00edculos por minuto, la visi\u00f3n del packaging es responsable del 70% de las decisiones de compra positivas. El 60% de las compras son impulsivas, no estaban planificadas. En Envase es el punto de contacto con la marca y a trav\u00e9s del envase, se recibe el primer mensaje de \u00e9sta.<\/p>\n<p><strong>4. Inversi\u00f3n en tiempo y dinero<\/strong>: Crear un envase es una actividad de I+D. Debe proteger el producto, optimizar los costes, la log\u00edstica y construir la base del marketing. Es un proceso con coste, especialmente cuando el envase es pionero y novedoso en su mercado.<\/p>\n<p><strong>5. Tiene un valor intangible<\/strong>: Lo mismo que la marca, tiene un valor que puede concretarse en una cifra monetaria y en este caso est\u00e1 muy relacionado con la cifra de ventas de la compa\u00f1\u00eda.<\/p>\n<p>Si los competidores imitan los envases, entran en competencia desleal, porque se aprovechan de la reputaci\u00f3n y del marketing de otras empresas. Se producen<strong> 5 efectos<\/strong> que lesionan a los distintos actores del mercado:<\/p>\n<p><strong>1) El consumidor tiene dificultades para diferenciar el producto<\/strong>. No puede distinguir la calidad y las caracter\u00edsticas de las distintas marcas. La empresa pionera, innovadora y diferencial pierde competitividad.<\/p>\n<p><strong>2) El cliente tiene dificultades para identificar la marca<\/strong> en el punto de venta.<\/p>\n<p><strong>3) El cliente potencial no encontrar\u00e1 la marca<\/strong>. La marca tiene dificultad para destacar en los lineales del punto de venta si no tiene un dise\u00f1o diferente.<\/p>\n<p><strong>4) La empresa no tiene incentivo para innovar<\/strong> ni para desarrollar el marketing.<\/p>\n<p><strong>5) Las start-ups creativas y novedosas tienen menos posibilidades<\/strong> de establecerse en el mercado.<\/p>\n<p>Recientemente se est\u00e1n dando casos de plagios a<strong> pymes<\/strong> que tienen poca capacidad de defensa frente a empresas potentes.<\/p>\n<p>La imitaci\u00f3n de envases y dise\u00f1os de marca se ha disparado en las \u00faltimas fechas. La investigaci\u00f3n v\u00eda internet permite acceder a mucha informaci\u00f3n que inspira a los dise\u00f1adores. Actualmente, grandes marcas como <strong>Adidas o Coca-Cola est\u00e1n teniendo una intensa actividad en defensa de sus marcas<\/strong>. En Espa\u00f1a, empresas como Mr. Wonderful ha tenido que recurrir a los tribunales. Y tambi\u00e9n Pazo de Vilane, ante la creciente imitaci\u00f3n de su envase, ha puesto una demanda en defensa de su packaging.<\/p>\n<p><em><strong>Juan Aspas, Profesor asociado de ICEMD<\/strong><\/em><\/p>\n<\/p><\/div>\n<p><script>(function(d, s, id) {\n  var js, fjs = d.getElementsByTagName(s)[0];\n  if (d.getElementById(id)) return;\n  js = d.createElement(s); js.id = id;\n  js.src = \"http:\/\/connect.facebook.net\/es_LA\/sdk.js#xfbml=1&appId=408746052611679&version=v2.3\";\n  fjs.parentNode.insertBefore(js, fjs);\n}(document, 'script', 'facebook-jssdk'));<\/script><br \/>\n<br \/>[ad_2]<br \/>\n<br \/><a href=\"https:\/\/www.marketingdirecto.com\/punto-de-vista\/la-columna\/5-razones-envase-es-principal-activo-marketing-empresas-gran-consumo\">Source link <\/a><\/p>\n","protected":false},"excerpt":{"rendered":"<p>[ad_1] El director \/a de marketing de la empresa de gran consumo sabe que el envase constituye el activo clave para desplegar el mejor marketing y un elemento cr\u00edtico en la cifra de ventas. Vivimos en un mercado con la demanda muy segmentada, donde la mayor parte de la compra se realiza en grandes superficies [&hellip;]<\/p>\n","protected":false},"author":2,"featured_media":8525,"comment_status":"open","ping_status":"open","sticky":false,"template":"","format":"standard","meta":{"footnotes":""},"categories":[2],"tags":[],"class_list":["post-8524","post","type-post","status-publish","format-standard","has-post-thumbnail","hentry","category-noticias-de-marketing-digital"],"yoast_head":"<!-- This site is optimized with the Yoast SEO plugin v27.4 - https:\/\/yoast.com\/product\/yoast-seo-wordpress\/ -->\n<title>5 razones por las que el envase es el principal activo de marketing de las empresas de gran consumo - Super News<\/title>\n<meta name=\"robots\" content=\"index, follow, max-snippet:-1, max-image-preview:large, max-video-preview:-1\" \/>\n<link rel=\"canonical\" href=\"https:\/\/super-news.info\/es\/5-razones-por-las-que-el-envase-es-el-principal-activo-de-marketing-de-las-empresas-de-gran-consumo\/\" \/>\n<meta property=\"og:locale\" content=\"en_US\" \/>\n<meta property=\"og:type\" content=\"article\" \/>\n<meta property=\"og:title\" content=\"5 razones por las que el envase es el principal activo de marketing de las empresas de gran consumo - Super News\" \/>\n<meta property=\"og:description\" content=\"[ad_1] El director \/a de marketing de la empresa de gran consumo sabe que el envase constituye el activo clave para desplegar el mejor marketing y un elemento cr\u00edtico en la cifra de ventas. Vivimos en un mercado con la demanda muy segmentada, donde la mayor parte de la compra se realiza en grandes superficies [&hellip;]\" \/>\n<meta property=\"og:url\" content=\"https:\/\/super-news.info\/es\/5-razones-por-las-que-el-envase-es-el-principal-activo-de-marketing-de-las-empresas-de-gran-consumo\/\" \/>\n<meta property=\"og:site_name\" content=\"Super News\" \/>\n<meta property=\"article:published_time\" content=\"2019-08-11T20:46:00+00:00\" \/>\n<meta property=\"article:modified_time\" content=\"2019-08-11T20:46:02+00:00\" \/>\n<meta property=\"og:image\" content=\"https:\/\/super-news.info\/es\/wp-content\/uploads\/sites\/4\/2019\/08\/5-razones-por-las-que-el-envase-es-el-principal.jpg\" \/>\n\t<meta property=\"og:image:width\" content=\"626\" \/>\n\t<meta property=\"og:image:height\" content=\"364\" \/>\n\t<meta property=\"og:image:type\" content=\"image\/jpeg\" \/>\n<meta name=\"author\" content=\"super-news\" \/>\n<meta name=\"twitter:card\" content=\"summary_large_image\" \/>\n<meta name=\"twitter:label1\" content=\"Written by\" \/>\n\t<meta name=\"twitter:data1\" content=\"super-news\" \/>\n\t<meta name=\"twitter:label2\" content=\"Est. reading time\" \/>\n\t<meta name=\"twitter:data2\" content=\"3 minutes\" \/>\n<script type=\"application\/ld+json\" class=\"yoast-schema-graph\">{\"@context\":\"https:\\\/\\\/schema.org\",\"@graph\":[{\"@type\":\"Article\",\"@id\":\"https:\\\/\\\/super-news.info\\\/es\\\/5-razones-por-las-que-el-envase-es-el-principal-activo-de-marketing-de-las-empresas-de-gran-consumo\\\/#article\",\"isPartOf\":{\"@id\":\"https:\\\/\\\/super-news.info\\\/es\\\/5-razones-por-las-que-el-envase-es-el-principal-activo-de-marketing-de-las-empresas-de-gran-consumo\\\/\"},\"author\":{\"name\":\"super-news\",\"@id\":\"https:\\\/\\\/super-news.info\\\/es\\\/#\\\/schema\\\/person\\\/2d4068cb2f39cd10008c2fce578a7356\"},\"headline\":\"5 razones por las que el envase es el principal activo de marketing de las empresas de gran consumo\",\"datePublished\":\"2019-08-11T20:46:00+00:00\",\"dateModified\":\"2019-08-11T20:46:02+00:00\",\"mainEntityOfPage\":{\"@id\":\"https:\\\/\\\/super-news.info\\\/es\\\/5-razones-por-las-que-el-envase-es-el-principal-activo-de-marketing-de-las-empresas-de-gran-consumo\\\/\"},\"wordCount\":637,\"commentCount\":0,\"image\":{\"@id\":\"https:\\\/\\\/super-news.info\\\/es\\\/5-razones-por-las-que-el-envase-es-el-principal-activo-de-marketing-de-las-empresas-de-gran-consumo\\\/#primaryimage\"},\"thumbnailUrl\":\"https:\\\/\\\/super-news.info\\\/es\\\/wp-content\\\/uploads\\\/sites\\\/4\\\/2019\\\/08\\\/5-razones-por-las-que-el-envase-es-el-principal.jpg\",\"articleSection\":[\"NOTICIAS DE MARKETING DIGITAL\"],\"inLanguage\":\"en-US\",\"potentialAction\":[{\"@type\":\"CommentAction\",\"name\":\"Comment\",\"target\":[\"https:\\\/\\\/super-news.info\\\/es\\\/5-razones-por-las-que-el-envase-es-el-principal-activo-de-marketing-de-las-empresas-de-gran-consumo\\\/#respond\"]}]},{\"@type\":\"WebPage\",\"@id\":\"https:\\\/\\\/super-news.info\\\/es\\\/5-razones-por-las-que-el-envase-es-el-principal-activo-de-marketing-de-las-empresas-de-gran-consumo\\\/\",\"url\":\"https:\\\/\\\/super-news.info\\\/es\\\/5-razones-por-las-que-el-envase-es-el-principal-activo-de-marketing-de-las-empresas-de-gran-consumo\\\/\",\"name\":\"5 razones por las que el envase es el principal activo de marketing de las empresas de gran consumo - Super News\",\"isPartOf\":{\"@id\":\"https:\\\/\\\/super-news.info\\\/es\\\/#website\"},\"primaryImageOfPage\":{\"@id\":\"https:\\\/\\\/super-news.info\\\/es\\\/5-razones-por-las-que-el-envase-es-el-principal-activo-de-marketing-de-las-empresas-de-gran-consumo\\\/#primaryimage\"},\"image\":{\"@id\":\"https:\\\/\\\/super-news.info\\\/es\\\/5-razones-por-las-que-el-envase-es-el-principal-activo-de-marketing-de-las-empresas-de-gran-consumo\\\/#primaryimage\"},\"thumbnailUrl\":\"https:\\\/\\\/super-news.info\\\/es\\\/wp-content\\\/uploads\\\/sites\\\/4\\\/2019\\\/08\\\/5-razones-por-las-que-el-envase-es-el-principal.jpg\",\"datePublished\":\"2019-08-11T20:46:00+00:00\",\"dateModified\":\"2019-08-11T20:46:02+00:00\",\"author\":{\"@id\":\"https:\\\/\\\/super-news.info\\\/es\\\/#\\\/schema\\\/person\\\/2d4068cb2f39cd10008c2fce578a7356\"},\"breadcrumb\":{\"@id\":\"https:\\\/\\\/super-news.info\\\/es\\\/5-razones-por-las-que-el-envase-es-el-principal-activo-de-marketing-de-las-empresas-de-gran-consumo\\\/#breadcrumb\"},\"inLanguage\":\"en-US\",\"potentialAction\":[{\"@type\":\"ReadAction\",\"target\":[\"https:\\\/\\\/super-news.info\\\/es\\\/5-razones-por-las-que-el-envase-es-el-principal-activo-de-marketing-de-las-empresas-de-gran-consumo\\\/\"]}]},{\"@type\":\"ImageObject\",\"inLanguage\":\"en-US\",\"@id\":\"https:\\\/\\\/super-news.info\\\/es\\\/5-razones-por-las-que-el-envase-es-el-principal-activo-de-marketing-de-las-empresas-de-gran-consumo\\\/#primaryimage\",\"url\":\"https:\\\/\\\/super-news.info\\\/es\\\/wp-content\\\/uploads\\\/sites\\\/4\\\/2019\\\/08\\\/5-razones-por-las-que-el-envase-es-el-principal.jpg\",\"contentUrl\":\"https:\\\/\\\/super-news.info\\\/es\\\/wp-content\\\/uploads\\\/sites\\\/4\\\/2019\\\/08\\\/5-razones-por-las-que-el-envase-es-el-principal.jpg\",\"width\":626,\"height\":364,\"caption\":\"envase\"},{\"@type\":\"BreadcrumbList\",\"@id\":\"https:\\\/\\\/super-news.info\\\/es\\\/5-razones-por-las-que-el-envase-es-el-principal-activo-de-marketing-de-las-empresas-de-gran-consumo\\\/#breadcrumb\",\"itemListElement\":[{\"@type\":\"ListItem\",\"position\":1,\"name\":\"\u0413\u043b\u0430\u0432\u043d\u0430\u044f \u0441\u0442\u0440\u0430\u043d\u0438\u0446\u0430\",\"item\":\"https:\\\/\\\/super-news.info\\\/es\\\/\"},{\"@type\":\"ListItem\",\"position\":2,\"name\":\"5 razones por las que el envase es el principal activo de marketing de las empresas de gran consumo\"}]},{\"@type\":\"WebSite\",\"@id\":\"https:\\\/\\\/super-news.info\\\/es\\\/#website\",\"url\":\"https:\\\/\\\/super-news.info\\\/es\\\/\",\"name\":\"Super News\",\"description\":\"Super News Espa\u00f1a\",\"potentialAction\":[{\"@type\":\"SearchAction\",\"target\":{\"@type\":\"EntryPoint\",\"urlTemplate\":\"https:\\\/\\\/super-news.info\\\/es\\\/?s={search_term_string}\"},\"query-input\":{\"@type\":\"PropertyValueSpecification\",\"valueRequired\":true,\"valueName\":\"search_term_string\"}}],\"inLanguage\":\"en-US\"},{\"@type\":\"Person\",\"@id\":\"https:\\\/\\\/super-news.info\\\/es\\\/#\\\/schema\\\/person\\\/2d4068cb2f39cd10008c2fce578a7356\",\"name\":\"super-news\",\"image\":{\"@type\":\"ImageObject\",\"inLanguage\":\"en-US\",\"@id\":\"https:\\\/\\\/secure.gravatar.com\\\/avatar\\\/64ebac40b93f26a154f8a9b5b6fdccfc46f442b26b3dd6756dbff3bf9dc76fd7?s=96&d=mm&r=g\",\"url\":\"https:\\\/\\\/secure.gravatar.com\\\/avatar\\\/64ebac40b93f26a154f8a9b5b6fdccfc46f442b26b3dd6756dbff3bf9dc76fd7?s=96&d=mm&r=g\",\"contentUrl\":\"https:\\\/\\\/secure.gravatar.com\\\/avatar\\\/64ebac40b93f26a154f8a9b5b6fdccfc46f442b26b3dd6756dbff3bf9dc76fd7?s=96&d=mm&r=g\",\"caption\":\"super-news\"},\"url\":\"https:\\\/\\\/super-news.info\\\/es\\\/author\\\/pt\\\/\"}]}<\/script>\n<!-- \/ Yoast SEO plugin. -->","yoast_head_json":{"title":"5 razones por las que el envase es el principal activo de marketing de las empresas de gran consumo - Super News","robots":{"index":"index","follow":"follow","max-snippet":"max-snippet:-1","max-image-preview":"max-image-preview:large","max-video-preview":"max-video-preview:-1"},"canonical":"https:\/\/super-news.info\/es\/5-razones-por-las-que-el-envase-es-el-principal-activo-de-marketing-de-las-empresas-de-gran-consumo\/","og_locale":"en_US","og_type":"article","og_title":"5 razones por las que el envase es el principal activo de marketing de las empresas de gran consumo - Super News","og_description":"[ad_1] El director \/a de marketing de la empresa de gran consumo sabe que el envase constituye el activo clave para desplegar el mejor marketing y un elemento cr\u00edtico en la cifra de ventas. Vivimos en un mercado con la demanda muy segmentada, donde la mayor parte de la compra se realiza en grandes superficies [&hellip;]","og_url":"https:\/\/super-news.info\/es\/5-razones-por-las-que-el-envase-es-el-principal-activo-de-marketing-de-las-empresas-de-gran-consumo\/","og_site_name":"Super News","article_published_time":"2019-08-11T20:46:00+00:00","article_modified_time":"2019-08-11T20:46:02+00:00","og_image":[{"width":626,"height":364,"url":"https:\/\/super-news.info\/es\/wp-content\/uploads\/sites\/4\/2019\/08\/5-razones-por-las-que-el-envase-es-el-principal.jpg","type":"image\/jpeg"}],"author":"super-news","twitter_card":"summary_large_image","twitter_misc":{"Written by":"super-news","Est. reading time":"3 minutes"},"schema":{"@context":"https:\/\/schema.org","@graph":[{"@type":"Article","@id":"https:\/\/super-news.info\/es\/5-razones-por-las-que-el-envase-es-el-principal-activo-de-marketing-de-las-empresas-de-gran-consumo\/#article","isPartOf":{"@id":"https:\/\/super-news.info\/es\/5-razones-por-las-que-el-envase-es-el-principal-activo-de-marketing-de-las-empresas-de-gran-consumo\/"},"author":{"name":"super-news","@id":"https:\/\/super-news.info\/es\/#\/schema\/person\/2d4068cb2f39cd10008c2fce578a7356"},"headline":"5 razones por las que el envase es el principal activo de marketing de las empresas de gran consumo","datePublished":"2019-08-11T20:46:00+00:00","dateModified":"2019-08-11T20:46:02+00:00","mainEntityOfPage":{"@id":"https:\/\/super-news.info\/es\/5-razones-por-las-que-el-envase-es-el-principal-activo-de-marketing-de-las-empresas-de-gran-consumo\/"},"wordCount":637,"commentCount":0,"image":{"@id":"https:\/\/super-news.info\/es\/5-razones-por-las-que-el-envase-es-el-principal-activo-de-marketing-de-las-empresas-de-gran-consumo\/#primaryimage"},"thumbnailUrl":"https:\/\/super-news.info\/es\/wp-content\/uploads\/sites\/4\/2019\/08\/5-razones-por-las-que-el-envase-es-el-principal.jpg","articleSection":["NOTICIAS DE MARKETING DIGITAL"],"inLanguage":"en-US","potentialAction":[{"@type":"CommentAction","name":"Comment","target":["https:\/\/super-news.info\/es\/5-razones-por-las-que-el-envase-es-el-principal-activo-de-marketing-de-las-empresas-de-gran-consumo\/#respond"]}]},{"@type":"WebPage","@id":"https:\/\/super-news.info\/es\/5-razones-por-las-que-el-envase-es-el-principal-activo-de-marketing-de-las-empresas-de-gran-consumo\/","url":"https:\/\/super-news.info\/es\/5-razones-por-las-que-el-envase-es-el-principal-activo-de-marketing-de-las-empresas-de-gran-consumo\/","name":"5 razones por las que el envase es el principal activo de marketing de las empresas de gran consumo - Super News","isPartOf":{"@id":"https:\/\/super-news.info\/es\/#website"},"primaryImageOfPage":{"@id":"https:\/\/super-news.info\/es\/5-razones-por-las-que-el-envase-es-el-principal-activo-de-marketing-de-las-empresas-de-gran-consumo\/#primaryimage"},"image":{"@id":"https:\/\/super-news.info\/es\/5-razones-por-las-que-el-envase-es-el-principal-activo-de-marketing-de-las-empresas-de-gran-consumo\/#primaryimage"},"thumbnailUrl":"https:\/\/super-news.info\/es\/wp-content\/uploads\/sites\/4\/2019\/08\/5-razones-por-las-que-el-envase-es-el-principal.jpg","datePublished":"2019-08-11T20:46:00+00:00","dateModified":"2019-08-11T20:46:02+00:00","author":{"@id":"https:\/\/super-news.info\/es\/#\/schema\/person\/2d4068cb2f39cd10008c2fce578a7356"},"breadcrumb":{"@id":"https:\/\/super-news.info\/es\/5-razones-por-las-que-el-envase-es-el-principal-activo-de-marketing-de-las-empresas-de-gran-consumo\/#breadcrumb"},"inLanguage":"en-US","potentialAction":[{"@type":"ReadAction","target":["https:\/\/super-news.info\/es\/5-razones-por-las-que-el-envase-es-el-principal-activo-de-marketing-de-las-empresas-de-gran-consumo\/"]}]},{"@type":"ImageObject","inLanguage":"en-US","@id":"https:\/\/super-news.info\/es\/5-razones-por-las-que-el-envase-es-el-principal-activo-de-marketing-de-las-empresas-de-gran-consumo\/#primaryimage","url":"https:\/\/super-news.info\/es\/wp-content\/uploads\/sites\/4\/2019\/08\/5-razones-por-las-que-el-envase-es-el-principal.jpg","contentUrl":"https:\/\/super-news.info\/es\/wp-content\/uploads\/sites\/4\/2019\/08\/5-razones-por-las-que-el-envase-es-el-principal.jpg","width":626,"height":364,"caption":"envase"},{"@type":"BreadcrumbList","@id":"https:\/\/super-news.info\/es\/5-razones-por-las-que-el-envase-es-el-principal-activo-de-marketing-de-las-empresas-de-gran-consumo\/#breadcrumb","itemListElement":[{"@type":"ListItem","position":1,"name":"\u0413\u043b\u0430\u0432\u043d\u0430\u044f \u0441\u0442\u0440\u0430\u043d\u0438\u0446\u0430","item":"https:\/\/super-news.info\/es\/"},{"@type":"ListItem","position":2,"name":"5 razones por las que el envase es el principal activo de marketing de las empresas de gran consumo"}]},{"@type":"WebSite","@id":"https:\/\/super-news.info\/es\/#website","url":"https:\/\/super-news.info\/es\/","name":"Super News","description":"Super News Espa\u00f1a","potentialAction":[{"@type":"SearchAction","target":{"@type":"EntryPoint","urlTemplate":"https:\/\/super-news.info\/es\/?s={search_term_string}"},"query-input":{"@type":"PropertyValueSpecification","valueRequired":true,"valueName":"search_term_string"}}],"inLanguage":"en-US"},{"@type":"Person","@id":"https:\/\/super-news.info\/es\/#\/schema\/person\/2d4068cb2f39cd10008c2fce578a7356","name":"super-news","image":{"@type":"ImageObject","inLanguage":"en-US","@id":"https:\/\/secure.gravatar.com\/avatar\/64ebac40b93f26a154f8a9b5b6fdccfc46f442b26b3dd6756dbff3bf9dc76fd7?s=96&d=mm&r=g","url":"https:\/\/secure.gravatar.com\/avatar\/64ebac40b93f26a154f8a9b5b6fdccfc46f442b26b3dd6756dbff3bf9dc76fd7?s=96&d=mm&r=g","contentUrl":"https:\/\/secure.gravatar.com\/avatar\/64ebac40b93f26a154f8a9b5b6fdccfc46f442b26b3dd6756dbff3bf9dc76fd7?s=96&d=mm&r=g","caption":"super-news"},"url":"https:\/\/super-news.info\/es\/author\/pt\/"}]}},"_links":{"self":[{"href":"https:\/\/super-news.info\/es\/wp-json\/wp\/v2\/posts\/8524","targetHints":{"allow":["GET"]}}],"collection":[{"href":"https:\/\/super-news.info\/es\/wp-json\/wp\/v2\/posts"}],"about":[{"href":"https:\/\/super-news.info\/es\/wp-json\/wp\/v2\/types\/post"}],"author":[{"embeddable":true,"href":"https:\/\/super-news.info\/es\/wp-json\/wp\/v2\/users\/2"}],"replies":[{"embeddable":true,"href":"https:\/\/super-news.info\/es\/wp-json\/wp\/v2\/comments?post=8524"}],"version-history":[{"count":1,"href":"https:\/\/super-news.info\/es\/wp-json\/wp\/v2\/posts\/8524\/revisions"}],"predecessor-version":[{"id":8526,"href":"https:\/\/super-news.info\/es\/wp-json\/wp\/v2\/posts\/8524\/revisions\/8526"}],"wp:featuredmedia":[{"embeddable":true,"href":"https:\/\/super-news.info\/es\/wp-json\/wp\/v2\/media\/8525"}],"wp:attachment":[{"href":"https:\/\/super-news.info\/es\/wp-json\/wp\/v2\/media?parent=8524"}],"wp:term":[{"taxonomy":"category","embeddable":true,"href":"https:\/\/super-news.info\/es\/wp-json\/wp\/v2\/categories?post=8524"},{"taxonomy":"post_tag","embeddable":true,"href":"https:\/\/super-news.info\/es\/wp-json\/wp\/v2\/tags?post=8524"}],"curies":[{"name":"wp","href":"https:\/\/api.w.org\/{rel}","templated":true}]}}