{"id":8494,"date":"2019-08-11T14:26:37","date_gmt":"2019-08-11T11:26:37","guid":{"rendered":"https:\/\/super-news.info\/es\/la-patronal-de-mediacion-inmobiliaria-ve-fracaso-en-la-politica-de-vivienda-y-pide-incentivar-la-oferta\/"},"modified":"2019-08-11T14:26:38","modified_gmt":"2019-08-11T11:26:38","slug":"la-patronal-de-mediacion-inmobiliaria-ve-fracaso-en-la-politica-de-vivienda-y-pide-incentivar-la-oferta","status":"publish","type":"post","link":"https:\/\/super-news.info\/es\/la-patronal-de-mediacion-inmobiliaria-ve-fracaso-en-la-politica-de-vivienda-y-pide-incentivar-la-oferta\/","title":{"rendered":"La patronal de mediaci\u00f3n inmobiliaria ve &#8220;fracaso&#8221; en la pol\u00edtica de vivienda y pide incentivar la oferta"},"content":{"rendered":"<p> [ad_1]<\/p>\n<div id=\"CuerpoNoticiav2\" itemprop=\"articleBody\">\n<p>MADRID, 11 Ago. (EUROPA PRESS) &#8211; <\/p>\n<p itemprop=\"description\">   La Federaci\u00f3n de Asociaciones de Empresas Inmobiliarias (Fadei) critica el &#8220;fracaso&#8221; de la pol\u00edtica de vivienda en Espa\u00f1a, ya las sucesivas modificaciones de la Ley de Arrendamientos urbanos de 2013 con la aplicaci\u00f3n de reales decretos de medidas urgentes &#8220;no han servido para facilitar el acceso a la vivienda&#8221;, por lo que demanda medidas para incentivar la construcci\u00f3n de vivienda asequible.<\/p>\n<p>   La patronal de la mediaci\u00f3n inmobiliaria, que agrupa a m\u00e1s de 5.000 empresas en Espa\u00f1a, a trav\u00e9s de sus asociaciones, afirma que, tras la crisis inmobiliaria de los a\u00f1os 2008-2013, Espa\u00f1a &#8220;no ha sido capaz de abordar con responsabilidad el tema de la vivienda&#8221;, siendo el tercer pa\u00eds de la OCDE con las rentas de alquiler m\u00e1s inaccesibles, seg\u00fan el informe del Banco de Espa\u00f1a.<\/p>\n<p>    El estudio del organismo supervisor indica que el aumento del peso del alquiler en el mercado residencial espa\u00f1ol pasaba de un 19,4% en 2005 -unos 2,4 millones de hogares- , a un 23,9% en 2019, 3 millones de hogares. Para Fadei, el an\u00e1lisis demuestra &#8220;una falta de atenci\u00f3n en lo que ocurr\u00eda en la sociedad..<\/p>\n<p>   En este sentido, se\u00f1ala que el alquiler se manifestaba como una circunstancia obligada por los segmentos m\u00e1s desfavorecidos para acceder a la vivienda, con crecimientos relevantes entre 2011 y 2014 y &#8220;no se tomaron las medidas necesarias&#8221;, y ahora se sigue &#8220;sin un plan de vivienda p\u00fablica con previsi\u00f3n a corto, medio y largo plazo&#8221;.<\/p>\n<h2 class=\"ladillo\">INCENTIVAR LA CONSTRUCCI\u00d3N ASEQUIBLE    <\/h2>\n<p>   Desde Fadei recuerdan las dificultades de las promotoras privadas para acceder a cr\u00e9ditos para construir vivienda. &#8220;Se deber\u00eda conseguir que las entidades financieras, con el control pertinente, facilitasen mayor cr\u00e9dito para la creaci\u00f3n de vivienda a empresas privadas&#8221;, reclama.<\/p>\n<p>   Tambi\u00e9n insiste en que faltan medidas para incentivar a los promotores a construir vivienda asequible, as\u00ed como  mayor protecci\u00f3n para los propietarios de viviendas en alquiler. &#8220;La indefensi\u00f3n del arrendador ante el vandalismo o los impagos de las rentas siguen protagonizando situaciones de absoluto sinsentido en Espa\u00f1a&#8221;, denuncia.<\/p>\n<\/div>\n<p>[ad_2]<br \/>\n<br \/><a href=\"https:\/\/www.europapress.es\/economia\/construccion-y-vivienda-00342\/noticia-patronal-mediacion-inmobiliaria-ve-fracaso-politica-vivienda-pide-incentivar-oferta-20190811103654.html\">Source link <\/a><\/p>\n","protected":false},"excerpt":{"rendered":"<p>[ad_1] MADRID, 11 Ago. (EUROPA PRESS) &#8211; La Federaci\u00f3n de Asociaciones de Empresas Inmobiliarias (Fadei) critica el &#8220;fracaso&#8221; de la pol\u00edtica de vivienda en Espa\u00f1a, ya las sucesivas modificaciones de la Ley de Arrendamientos urbanos de 2013 con la aplicaci\u00f3n de reales decretos de medidas urgentes &#8220;no han servido para facilitar el acceso a la [&hellip;]<\/p>\n","protected":false},"author":2,"featured_media":8495,"comment_status":"open","ping_status":"open","sticky":false,"template":"","format":"standard","meta":{"footnotes":""},"categories":[1],"tags":[],"class_list":["post-8494","post","type-post","status-publish","format-standard","has-post-thumbnail","hentry","category-noticias-financieras"],"yoast_head":"<!-- This site is optimized with the Yoast SEO plugin v27.4 - https:\/\/yoast.com\/product\/yoast-seo-wordpress\/ -->\n<title>La patronal de mediaci\u00f3n inmobiliaria ve &quot;fracaso&quot; en la pol\u00edtica de vivienda y pide incentivar la oferta - Super News<\/title>\n<meta name=\"robots\" content=\"index, follow, max-snippet:-1, max-image-preview:large, max-video-preview:-1\" \/>\n<link rel=\"canonical\" href=\"https:\/\/super-news.info\/es\/la-patronal-de-mediacion-inmobiliaria-ve-fracaso-en-la-politica-de-vivienda-y-pide-incentivar-la-oferta\/\" \/>\n<meta property=\"og:locale\" content=\"en_US\" \/>\n<meta property=\"og:type\" content=\"article\" \/>\n<meta property=\"og:title\" content=\"La patronal de mediaci\u00f3n inmobiliaria ve &quot;fracaso&quot; en la pol\u00edtica de vivienda y pide incentivar la oferta - Super News\" \/>\n<meta property=\"og:description\" content=\"[ad_1] MADRID, 11 Ago. (EUROPA PRESS) &#8211; La Federaci\u00f3n de Asociaciones de Empresas Inmobiliarias (Fadei) critica el &#8220;fracaso&#8221; de la pol\u00edtica de vivienda en Espa\u00f1a, ya las sucesivas modificaciones de la Ley de Arrendamientos urbanos de 2013 con la aplicaci\u00f3n de reales decretos de medidas urgentes &#8220;no han servido para facilitar el acceso a la [&hellip;]\" \/>\n<meta property=\"og:url\" content=\"https:\/\/super-news.info\/es\/la-patronal-de-mediacion-inmobiliaria-ve-fracaso-en-la-politica-de-vivienda-y-pide-incentivar-la-oferta\/\" \/>\n<meta property=\"og:site_name\" content=\"Super News\" \/>\n<meta property=\"article:published_time\" content=\"2019-08-11T11:26:37+00:00\" \/>\n<meta property=\"article:modified_time\" content=\"2019-08-11T11:26:38+00:00\" \/>\n<meta property=\"og:image\" content=\"https:\/\/super-news.info\/es\/wp-content\/uploads\/sites\/4\/2019\/08\/La-patronal-de-mediaci\u00f3n-inmobiliaria-ve-fracaso-en-la-pol\u00edtica.jpg\" \/>\n\t<meta property=\"og:image:width\" content=\"120\" \/>\n\t<meta property=\"og:image:height\" content=\"102\" \/>\n\t<meta property=\"og:image:type\" content=\"image\/jpeg\" \/>\n<meta name=\"author\" content=\"super-news\" \/>\n<meta name=\"twitter:card\" content=\"summary_large_image\" \/>\n<meta name=\"twitter:label1\" content=\"Written by\" \/>\n\t<meta name=\"twitter:data1\" content=\"super-news\" \/>\n\t<meta name=\"twitter:label2\" content=\"Est. reading time\" \/>\n\t<meta name=\"twitter:data2\" content=\"2 minutes\" \/>\n<script type=\"application\/ld+json\" class=\"yoast-schema-graph\">{\"@context\":\"https:\\\/\\\/schema.org\",\"@graph\":[{\"@type\":\"Article\",\"@id\":\"https:\\\/\\\/super-news.info\\\/es\\\/la-patronal-de-mediacion-inmobiliaria-ve-fracaso-en-la-politica-de-vivienda-y-pide-incentivar-la-oferta\\\/#article\",\"isPartOf\":{\"@id\":\"https:\\\/\\\/super-news.info\\\/es\\\/la-patronal-de-mediacion-inmobiliaria-ve-fracaso-en-la-politica-de-vivienda-y-pide-incentivar-la-oferta\\\/\"},\"author\":{\"name\":\"super-news\",\"@id\":\"https:\\\/\\\/super-news.info\\\/es\\\/#\\\/schema\\\/person\\\/2d4068cb2f39cd10008c2fce578a7356\"},\"headline\":\"La patronal de mediaci\u00f3n inmobiliaria ve &#8220;fracaso&#8221; en la pol\u00edtica de vivienda y pide incentivar la oferta\",\"datePublished\":\"2019-08-11T11:26:37+00:00\",\"dateModified\":\"2019-08-11T11:26:38+00:00\",\"mainEntityOfPage\":{\"@id\":\"https:\\\/\\\/super-news.info\\\/es\\\/la-patronal-de-mediacion-inmobiliaria-ve-fracaso-en-la-politica-de-vivienda-y-pide-incentivar-la-oferta\\\/\"},\"wordCount\":376,\"commentCount\":0,\"image\":{\"@id\":\"https:\\\/\\\/super-news.info\\\/es\\\/la-patronal-de-mediacion-inmobiliaria-ve-fracaso-en-la-politica-de-vivienda-y-pide-incentivar-la-oferta\\\/#primaryimage\"},\"thumbnailUrl\":\"https:\\\/\\\/super-news.info\\\/es\\\/wp-content\\\/uploads\\\/sites\\\/4\\\/2019\\\/08\\\/La-patronal-de-mediaci\u00f3n-inmobiliaria-ve-fracaso-en-la-pol\u00edtica.jpg\",\"articleSection\":[\"NOTICIAS FINANCIERAS\"],\"inLanguage\":\"en-US\",\"potentialAction\":[{\"@type\":\"CommentAction\",\"name\":\"Comment\",\"target\":[\"https:\\\/\\\/super-news.info\\\/es\\\/la-patronal-de-mediacion-inmobiliaria-ve-fracaso-en-la-politica-de-vivienda-y-pide-incentivar-la-oferta\\\/#respond\"]}]},{\"@type\":\"WebPage\",\"@id\":\"https:\\\/\\\/super-news.info\\\/es\\\/la-patronal-de-mediacion-inmobiliaria-ve-fracaso-en-la-politica-de-vivienda-y-pide-incentivar-la-oferta\\\/\",\"url\":\"https:\\\/\\\/super-news.info\\\/es\\\/la-patronal-de-mediacion-inmobiliaria-ve-fracaso-en-la-politica-de-vivienda-y-pide-incentivar-la-oferta\\\/\",\"name\":\"La patronal de mediaci\u00f3n inmobiliaria ve \\\"fracaso\\\" en la pol\u00edtica de vivienda y pide incentivar la oferta - Super News\",\"isPartOf\":{\"@id\":\"https:\\\/\\\/super-news.info\\\/es\\\/#website\"},\"primaryImageOfPage\":{\"@id\":\"https:\\\/\\\/super-news.info\\\/es\\\/la-patronal-de-mediacion-inmobiliaria-ve-fracaso-en-la-politica-de-vivienda-y-pide-incentivar-la-oferta\\\/#primaryimage\"},\"image\":{\"@id\":\"https:\\\/\\\/super-news.info\\\/es\\\/la-patronal-de-mediacion-inmobiliaria-ve-fracaso-en-la-politica-de-vivienda-y-pide-incentivar-la-oferta\\\/#primaryimage\"},\"thumbnailUrl\":\"https:\\\/\\\/super-news.info\\\/es\\\/wp-content\\\/uploads\\\/sites\\\/4\\\/2019\\\/08\\\/La-patronal-de-mediaci\u00f3n-inmobiliaria-ve-fracaso-en-la-pol\u00edtica.jpg\",\"datePublished\":\"2019-08-11T11:26:37+00:00\",\"dateModified\":\"2019-08-11T11:26:38+00:00\",\"author\":{\"@id\":\"https:\\\/\\\/super-news.info\\\/es\\\/#\\\/schema\\\/person\\\/2d4068cb2f39cd10008c2fce578a7356\"},\"breadcrumb\":{\"@id\":\"https:\\\/\\\/super-news.info\\\/es\\\/la-patronal-de-mediacion-inmobiliaria-ve-fracaso-en-la-politica-de-vivienda-y-pide-incentivar-la-oferta\\\/#breadcrumb\"},\"inLanguage\":\"en-US\",\"potentialAction\":[{\"@type\":\"ReadAction\",\"target\":[\"https:\\\/\\\/super-news.info\\\/es\\\/la-patronal-de-mediacion-inmobiliaria-ve-fracaso-en-la-politica-de-vivienda-y-pide-incentivar-la-oferta\\\/\"]}]},{\"@type\":\"ImageObject\",\"inLanguage\":\"en-US\",\"@id\":\"https:\\\/\\\/super-news.info\\\/es\\\/la-patronal-de-mediacion-inmobiliaria-ve-fracaso-en-la-politica-de-vivienda-y-pide-incentivar-la-oferta\\\/#primaryimage\",\"url\":\"https:\\\/\\\/super-news.info\\\/es\\\/wp-content\\\/uploads\\\/sites\\\/4\\\/2019\\\/08\\\/La-patronal-de-mediaci\u00f3n-inmobiliaria-ve-fracaso-en-la-pol\u00edtica.jpg\",\"contentUrl\":\"https:\\\/\\\/super-news.info\\\/es\\\/wp-content\\\/uploads\\\/sites\\\/4\\\/2019\\\/08\\\/La-patronal-de-mediaci\u00f3n-inmobiliaria-ve-fracaso-en-la-pol\u00edtica.jpg\",\"width\":120,\"height\":102,\"caption\":\"La patronal de mediaci\u00f3n inmobiliaria ve \\\"fracaso\\\" en la pol\u00edtica de vivienda y pide incentivar la oferta\"},{\"@type\":\"BreadcrumbList\",\"@id\":\"https:\\\/\\\/super-news.info\\\/es\\\/la-patronal-de-mediacion-inmobiliaria-ve-fracaso-en-la-politica-de-vivienda-y-pide-incentivar-la-oferta\\\/#breadcrumb\",\"itemListElement\":[{\"@type\":\"ListItem\",\"position\":1,\"name\":\"\u0413\u043b\u0430\u0432\u043d\u0430\u044f \u0441\u0442\u0440\u0430\u043d\u0438\u0446\u0430\",\"item\":\"https:\\\/\\\/super-news.info\\\/es\\\/\"},{\"@type\":\"ListItem\",\"position\":2,\"name\":\"La patronal de mediaci\u00f3n inmobiliaria ve &#8220;fracaso&#8221; en la pol\u00edtica de vivienda y pide incentivar la oferta\"}]},{\"@type\":\"WebSite\",\"@id\":\"https:\\\/\\\/super-news.info\\\/es\\\/#website\",\"url\":\"https:\\\/\\\/super-news.info\\\/es\\\/\",\"name\":\"Super News\",\"description\":\"Super News Espa\u00f1a\",\"potentialAction\":[{\"@type\":\"SearchAction\",\"target\":{\"@type\":\"EntryPoint\",\"urlTemplate\":\"https:\\\/\\\/super-news.info\\\/es\\\/?s={search_term_string}\"},\"query-input\":{\"@type\":\"PropertyValueSpecification\",\"valueRequired\":true,\"valueName\":\"search_term_string\"}}],\"inLanguage\":\"en-US\"},{\"@type\":\"Person\",\"@id\":\"https:\\\/\\\/super-news.info\\\/es\\\/#\\\/schema\\\/person\\\/2d4068cb2f39cd10008c2fce578a7356\",\"name\":\"super-news\",\"image\":{\"@type\":\"ImageObject\",\"inLanguage\":\"en-US\",\"@id\":\"https:\\\/\\\/secure.gravatar.com\\\/avatar\\\/64ebac40b93f26a154f8a9b5b6fdccfc46f442b26b3dd6756dbff3bf9dc76fd7?s=96&d=mm&r=g\",\"url\":\"https:\\\/\\\/secure.gravatar.com\\\/avatar\\\/64ebac40b93f26a154f8a9b5b6fdccfc46f442b26b3dd6756dbff3bf9dc76fd7?s=96&d=mm&r=g\",\"contentUrl\":\"https:\\\/\\\/secure.gravatar.com\\\/avatar\\\/64ebac40b93f26a154f8a9b5b6fdccfc46f442b26b3dd6756dbff3bf9dc76fd7?s=96&d=mm&r=g\",\"caption\":\"super-news\"},\"url\":\"https:\\\/\\\/super-news.info\\\/es\\\/author\\\/pt\\\/\"}]}<\/script>\n<!-- \/ Yoast SEO plugin. -->","yoast_head_json":{"title":"La patronal de mediaci\u00f3n inmobiliaria ve \"fracaso\" en la pol\u00edtica de vivienda y pide incentivar la oferta - Super News","robots":{"index":"index","follow":"follow","max-snippet":"max-snippet:-1","max-image-preview":"max-image-preview:large","max-video-preview":"max-video-preview:-1"},"canonical":"https:\/\/super-news.info\/es\/la-patronal-de-mediacion-inmobiliaria-ve-fracaso-en-la-politica-de-vivienda-y-pide-incentivar-la-oferta\/","og_locale":"en_US","og_type":"article","og_title":"La patronal de mediaci\u00f3n inmobiliaria ve \"fracaso\" en la pol\u00edtica de vivienda y pide incentivar la oferta - Super News","og_description":"[ad_1] MADRID, 11 Ago. (EUROPA PRESS) &#8211; La Federaci\u00f3n de Asociaciones de Empresas Inmobiliarias (Fadei) critica el &#8220;fracaso&#8221; de la pol\u00edtica de vivienda en Espa\u00f1a, ya las sucesivas modificaciones de la Ley de Arrendamientos urbanos de 2013 con la aplicaci\u00f3n de reales decretos de medidas urgentes &#8220;no han servido para facilitar el acceso a la [&hellip;]","og_url":"https:\/\/super-news.info\/es\/la-patronal-de-mediacion-inmobiliaria-ve-fracaso-en-la-politica-de-vivienda-y-pide-incentivar-la-oferta\/","og_site_name":"Super News","article_published_time":"2019-08-11T11:26:37+00:00","article_modified_time":"2019-08-11T11:26:38+00:00","og_image":[{"width":120,"height":102,"url":"https:\/\/super-news.info\/es\/wp-content\/uploads\/sites\/4\/2019\/08\/La-patronal-de-mediaci\u00f3n-inmobiliaria-ve-fracaso-en-la-pol\u00edtica.jpg","type":"image\/jpeg"}],"author":"super-news","twitter_card":"summary_large_image","twitter_misc":{"Written by":"super-news","Est. reading time":"2 minutes"},"schema":{"@context":"https:\/\/schema.org","@graph":[{"@type":"Article","@id":"https:\/\/super-news.info\/es\/la-patronal-de-mediacion-inmobiliaria-ve-fracaso-en-la-politica-de-vivienda-y-pide-incentivar-la-oferta\/#article","isPartOf":{"@id":"https:\/\/super-news.info\/es\/la-patronal-de-mediacion-inmobiliaria-ve-fracaso-en-la-politica-de-vivienda-y-pide-incentivar-la-oferta\/"},"author":{"name":"super-news","@id":"https:\/\/super-news.info\/es\/#\/schema\/person\/2d4068cb2f39cd10008c2fce578a7356"},"headline":"La patronal de mediaci\u00f3n inmobiliaria ve &#8220;fracaso&#8221; en la pol\u00edtica de vivienda y pide incentivar la oferta","datePublished":"2019-08-11T11:26:37+00:00","dateModified":"2019-08-11T11:26:38+00:00","mainEntityOfPage":{"@id":"https:\/\/super-news.info\/es\/la-patronal-de-mediacion-inmobiliaria-ve-fracaso-en-la-politica-de-vivienda-y-pide-incentivar-la-oferta\/"},"wordCount":376,"commentCount":0,"image":{"@id":"https:\/\/super-news.info\/es\/la-patronal-de-mediacion-inmobiliaria-ve-fracaso-en-la-politica-de-vivienda-y-pide-incentivar-la-oferta\/#primaryimage"},"thumbnailUrl":"https:\/\/super-news.info\/es\/wp-content\/uploads\/sites\/4\/2019\/08\/La-patronal-de-mediaci\u00f3n-inmobiliaria-ve-fracaso-en-la-pol\u00edtica.jpg","articleSection":["NOTICIAS FINANCIERAS"],"inLanguage":"en-US","potentialAction":[{"@type":"CommentAction","name":"Comment","target":["https:\/\/super-news.info\/es\/la-patronal-de-mediacion-inmobiliaria-ve-fracaso-en-la-politica-de-vivienda-y-pide-incentivar-la-oferta\/#respond"]}]},{"@type":"WebPage","@id":"https:\/\/super-news.info\/es\/la-patronal-de-mediacion-inmobiliaria-ve-fracaso-en-la-politica-de-vivienda-y-pide-incentivar-la-oferta\/","url":"https:\/\/super-news.info\/es\/la-patronal-de-mediacion-inmobiliaria-ve-fracaso-en-la-politica-de-vivienda-y-pide-incentivar-la-oferta\/","name":"La patronal de mediaci\u00f3n inmobiliaria ve \"fracaso\" en la pol\u00edtica de vivienda y pide incentivar la oferta - Super News","isPartOf":{"@id":"https:\/\/super-news.info\/es\/#website"},"primaryImageOfPage":{"@id":"https:\/\/super-news.info\/es\/la-patronal-de-mediacion-inmobiliaria-ve-fracaso-en-la-politica-de-vivienda-y-pide-incentivar-la-oferta\/#primaryimage"},"image":{"@id":"https:\/\/super-news.info\/es\/la-patronal-de-mediacion-inmobiliaria-ve-fracaso-en-la-politica-de-vivienda-y-pide-incentivar-la-oferta\/#primaryimage"},"thumbnailUrl":"https:\/\/super-news.info\/es\/wp-content\/uploads\/sites\/4\/2019\/08\/La-patronal-de-mediaci\u00f3n-inmobiliaria-ve-fracaso-en-la-pol\u00edtica.jpg","datePublished":"2019-08-11T11:26:37+00:00","dateModified":"2019-08-11T11:26:38+00:00","author":{"@id":"https:\/\/super-news.info\/es\/#\/schema\/person\/2d4068cb2f39cd10008c2fce578a7356"},"breadcrumb":{"@id":"https:\/\/super-news.info\/es\/la-patronal-de-mediacion-inmobiliaria-ve-fracaso-en-la-politica-de-vivienda-y-pide-incentivar-la-oferta\/#breadcrumb"},"inLanguage":"en-US","potentialAction":[{"@type":"ReadAction","target":["https:\/\/super-news.info\/es\/la-patronal-de-mediacion-inmobiliaria-ve-fracaso-en-la-politica-de-vivienda-y-pide-incentivar-la-oferta\/"]}]},{"@type":"ImageObject","inLanguage":"en-US","@id":"https:\/\/super-news.info\/es\/la-patronal-de-mediacion-inmobiliaria-ve-fracaso-en-la-politica-de-vivienda-y-pide-incentivar-la-oferta\/#primaryimage","url":"https:\/\/super-news.info\/es\/wp-content\/uploads\/sites\/4\/2019\/08\/La-patronal-de-mediaci\u00f3n-inmobiliaria-ve-fracaso-en-la-pol\u00edtica.jpg","contentUrl":"https:\/\/super-news.info\/es\/wp-content\/uploads\/sites\/4\/2019\/08\/La-patronal-de-mediaci\u00f3n-inmobiliaria-ve-fracaso-en-la-pol\u00edtica.jpg","width":120,"height":102,"caption":"La patronal de mediaci\u00f3n inmobiliaria ve \"fracaso\" en la pol\u00edtica de vivienda y pide incentivar la oferta"},{"@type":"BreadcrumbList","@id":"https:\/\/super-news.info\/es\/la-patronal-de-mediacion-inmobiliaria-ve-fracaso-en-la-politica-de-vivienda-y-pide-incentivar-la-oferta\/#breadcrumb","itemListElement":[{"@type":"ListItem","position":1,"name":"\u0413\u043b\u0430\u0432\u043d\u0430\u044f \u0441\u0442\u0440\u0430\u043d\u0438\u0446\u0430","item":"https:\/\/super-news.info\/es\/"},{"@type":"ListItem","position":2,"name":"La patronal de mediaci\u00f3n inmobiliaria ve &#8220;fracaso&#8221; en la pol\u00edtica de vivienda y pide incentivar la oferta"}]},{"@type":"WebSite","@id":"https:\/\/super-news.info\/es\/#website","url":"https:\/\/super-news.info\/es\/","name":"Super News","description":"Super News Espa\u00f1a","potentialAction":[{"@type":"SearchAction","target":{"@type":"EntryPoint","urlTemplate":"https:\/\/super-news.info\/es\/?s={search_term_string}"},"query-input":{"@type":"PropertyValueSpecification","valueRequired":true,"valueName":"search_term_string"}}],"inLanguage":"en-US"},{"@type":"Person","@id":"https:\/\/super-news.info\/es\/#\/schema\/person\/2d4068cb2f39cd10008c2fce578a7356","name":"super-news","image":{"@type":"ImageObject","inLanguage":"en-US","@id":"https:\/\/secure.gravatar.com\/avatar\/64ebac40b93f26a154f8a9b5b6fdccfc46f442b26b3dd6756dbff3bf9dc76fd7?s=96&d=mm&r=g","url":"https:\/\/secure.gravatar.com\/avatar\/64ebac40b93f26a154f8a9b5b6fdccfc46f442b26b3dd6756dbff3bf9dc76fd7?s=96&d=mm&r=g","contentUrl":"https:\/\/secure.gravatar.com\/avatar\/64ebac40b93f26a154f8a9b5b6fdccfc46f442b26b3dd6756dbff3bf9dc76fd7?s=96&d=mm&r=g","caption":"super-news"},"url":"https:\/\/super-news.info\/es\/author\/pt\/"}]}},"_links":{"self":[{"href":"https:\/\/super-news.info\/es\/wp-json\/wp\/v2\/posts\/8494","targetHints":{"allow":["GET"]}}],"collection":[{"href":"https:\/\/super-news.info\/es\/wp-json\/wp\/v2\/posts"}],"about":[{"href":"https:\/\/super-news.info\/es\/wp-json\/wp\/v2\/types\/post"}],"author":[{"embeddable":true,"href":"https:\/\/super-news.info\/es\/wp-json\/wp\/v2\/users\/2"}],"replies":[{"embeddable":true,"href":"https:\/\/super-news.info\/es\/wp-json\/wp\/v2\/comments?post=8494"}],"version-history":[{"count":1,"href":"https:\/\/super-news.info\/es\/wp-json\/wp\/v2\/posts\/8494\/revisions"}],"predecessor-version":[{"id":8496,"href":"https:\/\/super-news.info\/es\/wp-json\/wp\/v2\/posts\/8494\/revisions\/8496"}],"wp:featuredmedia":[{"embeddable":true,"href":"https:\/\/super-news.info\/es\/wp-json\/wp\/v2\/media\/8495"}],"wp:attachment":[{"href":"https:\/\/super-news.info\/es\/wp-json\/wp\/v2\/media?parent=8494"}],"wp:term":[{"taxonomy":"category","embeddable":true,"href":"https:\/\/super-news.info\/es\/wp-json\/wp\/v2\/categories?post=8494"},{"taxonomy":"post_tag","embeddable":true,"href":"https:\/\/super-news.info\/es\/wp-json\/wp\/v2\/tags?post=8494"}],"curies":[{"name":"wp","href":"https:\/\/api.w.org\/{rel}","templated":true}]}}