{"id":8416,"date":"2019-08-10T02:28:31","date_gmt":"2019-08-09T23:28:31","guid":{"rendered":"https:\/\/super-news.info\/es\/el-ibex-cierra-por-segunda-semana-en-rojo-con-un-descenso-del-157-por-la-guerra-de-divisas-e-italia\/"},"modified":"2019-08-10T02:28:32","modified_gmt":"2019-08-09T23:28:32","slug":"el-ibex-cierra-por-segunda-semana-en-rojo-con-un-descenso-del-157-por-la-guerra-de-divisas-e-italia","status":"publish","type":"post","link":"https:\/\/super-news.info\/es\/el-ibex-cierra-por-segunda-semana-en-rojo-con-un-descenso-del-157-por-la-guerra-de-divisas-e-italia\/","title":{"rendered":"El Ibex cierra por segunda semana en &#8216;rojo&#8217; con un descenso del 1,57% por la guerra de divisas e Italia"},"content":{"rendered":"<p> [ad_1]<\/p>\n<div id=\"CuerpoNoticiav2\" itemprop=\"articleBody\">\n<h3 class=\"subsubhead\">Pierde los 8.800 puntos<\/h3>\n<p>   MADRID, 9 Ago. (EUROPA PRESS) &#8211; <\/p>\n<p itemprop=\"description\">   El Ibex 35 ha cerrado por segunda semana consecutiva en negativo, con un descenso del 1,57% y coloc\u00e1ndose por debajo de la cota psicol\u00f3gica de los 8.800 puntos, despu\u00e9s de concluir la anterior con su mayor descenso del a\u00f1o al desplomarse un 3,5%.<\/p>\n<p>   Concretamente este viernes, el principal selectivo espa\u00f1ol ha retrocedido un 1,25%, hasta situarse en los 8.757,8 enteros, arrastrado por las tensiones arancelarias entre Estados Unidos y China y por la inestabilidad pol\u00edtica de la eurozona.<\/p>\n<p>   Los valores con peor comportamiento de la sesi\u00f3n han sido M\u00e1sM\u00f3vil (-7,22%), ArcelorMittal (-6,94%), Acerinox (-3,31%), CIE Automotive (-3,12%), Meli\u00e1 (-2,8%) y Telef\u00f3nica (-2,77%). Al lado contrario, cinco valores han logrado terminar en &#8216;verde&#8217;: Cellnex (+1,6%), Merlin Properties (+1,5%), Colonial (+0,29%), Endesa (+0,17%) e Iberdrola (+0,15%).<\/p>\n<p>   Asimismo, la incertidumbre relacionada con la ruptura del Gobierno de coalici\u00f3n en Italia con el Movimiento 5 Estrellas ha contagiado a la prima de riesgo espa\u00f1ola, que se ampliaba hasta los 83 puntos b\u00e1sicos, con el inter\u00e9s exigido al bono a diez a\u00f1os en el 0,268%. La cotizaci\u00f3n del euro frente al d\u00f3lar sub\u00eda hasta los 1,1213 &#8216;billetes verdes&#8217;.<\/p>\n<p>   El resto de bolsas europeas han concluido la jornada de este viernes tambi\u00e9n con ca\u00eddas, del 1,28% para el caso del Dax de Fr\u00e1ncfort, del 1,11% para el Cac 40 de Par\u00eds, y con un descenso del 0,44% para el Ftse 100 de Londres.<\/p>\n<p>   Por otro lado, el precio del barril de petr\u00f3leo de calidad Brent, referencia para el Viejo Continente, sub\u00eda a 58,65 d\u00f3lares, mientras que el Texas se colocaba en los 54 d\u00f3lares.<\/p>\n<p>   La Agencia Internacional de la Energ\u00eda (AIE) revis\u00f3 este viernes a la baja sus estimaciones sobre el crecimiento de la demanda mundial de petr\u00f3leo para este a\u00f1o y el siguiente, despu\u00e9s de que el Fondo Monetario Internacional (FMI) recortar\u00e1 recientemente su pron\u00f3stico de crecimiento del PIB global y ante la creciente incertidumbre por las tensiones comerciales entre EEUU y China.<\/p>\n<p>   De este modo, la agencia adscrita a la Organizaci\u00f3n para la Cooperaci\u00f3n y el Desarrollo Econ\u00f3mico (OCDE) ha recortado en 100.000 y 50.000 barriles diarios respectivamente su estimaci\u00f3n de crecimiento del consumo de crudo en 2019 y 2020, situ\u00e1ndola en 1,1 millones de barriles diarios (mb\/d) este a\u00f1o y en 1,3 millones de barriles diarios (mb\/d) el pr\u00f3ximo.<\/p>\n<h2 class=\"ladillo\">GUERRA COMERCIAL<\/h2>\n<p>   El analista de XTB Joaqu\u00edn Robles ha explicado que &#8220;la creciente incertidumbre, unida al descenso de volumen caracter\u00edstico de estas fechas, est\u00e1 provocando una mayor volatilidad&#8221;. Aun as\u00ed, el experto ha destacado que el Ibex contin\u00faa en positivo desde inicios de a\u00f1o, con una rentabilidad acumulada ligeramente superior al 3%.<\/p>\n<p>   La guerra comercial se ha vuelto a convertir en el principal foco de tensi\u00f3n de los inversores. Despu\u00e9s de que el presidente estadounidense, Donald Trump, anunciar\u00e1 que a partir del mes de septiembre restablecer\u00e1 los aranceles del 10% sobre 300.000 millones, el Gobierno chino respondi\u00f3 con la misma fuerza.<\/p>\n<p>   En un primer momento pidi\u00f3 a los compradores estatales que detuvieran las importaciones de productos agr\u00edcolas norteamericanos, mientras que el lunes dej\u00f3 caer su moneda hasta m\u00ednimos de la \u00faltima d\u00e9cada frente al d\u00f3lar.<\/p>\n<p>   &#8220;Esta decisi\u00f3n sorprendi\u00f3 a unos mercados que, primero, temieron por una guerra de divisas y, m\u00e1s tarde, por un incremento en las tensiones comerciales que ya est\u00e1 afectando a las previsiones econ\u00f3micas&#8221;, ha apostillado Robles.<\/p>\n<p>   No obstante, China quiso evitar la sensaci\u00f3n de p\u00e1nico enviando se\u00f1ales de estabilizaci\u00f3n de su divisa. &#8220;Esta medida puede beneficiar al gigante asi\u00e1tico al hacerle m\u00e1s competitivo comercialmente, sin embargo, tambi\u00e9n puede precipitar una fuga de capitales que tensione su sistema financiero&#8221;, ha a\u00f1adido el experto.<\/p>\n<h2 class=\"ladillo\">INESTABILIDAD EN EUROPA<\/h2>\n<p>   En el &#8216;Viejo Continente&#8217;, el Banco Central Europeo (BCE) public\u00f3 en su bolet\u00edn econ\u00f3mico que est\u00e1 preocupado debido a que estos altos niveles de incertidumbre puedan desacelerar todav\u00eda m\u00e1s la econom\u00eda. Ante este entorno, se espera que el organismo europeo anuncie nuevos est\u00edmulos monetarios durante el mes de septiembre.<\/p>\n<p>   Asimismo, en Italia se ha incrementado la tensi\u00f3n despu\u00e9s de que el viceministro Matteo Salvini anunciara su intenci\u00f3n de convocar elecciones ante la ruptura de la coalici\u00f3n que forma el Gobierno. La prima de riesgo italiana ascendi\u00f3 hasta los 235 puntos b\u00e1sicos, y su \u00edndice cay\u00f3 el viernes m\u00e1s de un 2,5%. &#8220;Esto puede alterar la armon\u00eda financiera de la eurozona&#8221;, ha remarcado Robles.<\/p>\n<h2 class=\"ladillo\">PLANO EMPRESARIAL<\/h2>\n<p>   En el plano empresarial, Robles ha indicado que los valores m\u00e1s relacionados con la guerra comercial han sido los que m\u00e1s han vuelto a sufrir. Arcelomitall, Ence o Acerinox lideraron las ca\u00eddas ante el empeoramiento de las perspectivas econ\u00f3micas.<\/p>\n<p>   Adem\u00e1s de una menor demanda, estas compa\u00f1\u00edas est\u00e1n siendo penalizadas por la ca\u00edda en los precios de las materias primas.<\/p>\n<p>   El sector de las telecomunicaciones tambi\u00e9n sufri\u00f3 una fuerte correcci\u00f3n. Telef\u00f3nica cotiza en m\u00ednimos de la \u00faltima d\u00e9cada, mientras que M\u00e1sMovil fue la que m\u00e1s cay\u00f3 durante esta semana.<\/p>\n<p>   La banca tampoco pudo mantener el rebote que tuvo a mediados de semana. Durante los \u00faltimos cuatro meses, las entidades espa\u00f1olas han ca\u00eddo en 12 de las 16 semanas. &#8220;Las malas perspectivas econ\u00f3micas, junto a los pr\u00f3ximos est\u00edmulos monetarios dificultar\u00e1n la evoluci\u00f3n de los beneficios de un sector que cada vez cuenta con m\u00e1rgenes m\u00e1s peque\u00f1os&#8221;, ha se\u00f1alado el analista de XTB.<\/p>\n<\/div>\n<p>[ad_2]<br \/>\n<br \/><a href=\"https:\/\/www.europapress.es\/economia\/bolsa-00348\/noticia-ibex-cierra-segunda-semana-rojo-descenso-157-guerra-divisas-italia-20190809180301.html\">Source link <\/a><\/p>\n","protected":false},"excerpt":{"rendered":"<p>[ad_1] Pierde los 8.800 puntos MADRID, 9 Ago. (EUROPA PRESS) &#8211; El Ibex 35 ha cerrado por segunda semana consecutiva en negativo, con un descenso del 1,57% y coloc\u00e1ndose por debajo de la cota psicol\u00f3gica de los 8.800 puntos, despu\u00e9s de concluir la anterior con su mayor descenso del a\u00f1o al desplomarse un 3,5%. Concretamente [&hellip;]<\/p>\n","protected":false},"author":2,"featured_media":8417,"comment_status":"open","ping_status":"open","sticky":false,"template":"","format":"standard","meta":{"footnotes":""},"categories":[1],"tags":[],"class_list":["post-8416","post","type-post","status-publish","format-standard","has-post-thumbnail","hentry","category-noticias-financieras"],"yoast_head":"<!-- This site is optimized with the Yoast SEO plugin v27.4 - https:\/\/yoast.com\/product\/yoast-seo-wordpress\/ -->\n<title>El Ibex cierra por segunda semana en &#039;rojo&#039; con un descenso del 1,57% por la guerra de divisas e Italia - Super News<\/title>\n<meta name=\"robots\" content=\"index, follow, max-snippet:-1, max-image-preview:large, max-video-preview:-1\" \/>\n<link rel=\"canonical\" href=\"https:\/\/super-news.info\/es\/el-ibex-cierra-por-segunda-semana-en-rojo-con-un-descenso-del-157-por-la-guerra-de-divisas-e-italia\/\" \/>\n<meta property=\"og:locale\" content=\"en_US\" \/>\n<meta property=\"og:type\" content=\"article\" \/>\n<meta property=\"og:title\" content=\"El Ibex cierra por segunda semana en &#039;rojo&#039; con un descenso del 1,57% por la guerra de divisas e Italia - Super News\" \/>\n<meta property=\"og:description\" content=\"[ad_1] Pierde los 8.800 puntos MADRID, 9 Ago. (EUROPA PRESS) &#8211; El Ibex 35 ha cerrado por segunda semana consecutiva en negativo, con un descenso del 1,57% y coloc\u00e1ndose por debajo de la cota psicol\u00f3gica de los 8.800 puntos, despu\u00e9s de concluir la anterior con su mayor descenso del a\u00f1o al desplomarse un 3,5%. Concretamente [&hellip;]\" \/>\n<meta property=\"og:url\" content=\"https:\/\/super-news.info\/es\/el-ibex-cierra-por-segunda-semana-en-rojo-con-un-descenso-del-157-por-la-guerra-de-divisas-e-italia\/\" \/>\n<meta property=\"og:site_name\" content=\"Super News\" \/>\n<meta property=\"article:published_time\" content=\"2019-08-09T23:28:31+00:00\" \/>\n<meta property=\"article:modified_time\" content=\"2019-08-09T23:28:32+00:00\" \/>\n<meta property=\"og:image\" content=\"https:\/\/super-news.info\/es\/wp-content\/uploads\/sites\/4\/2019\/08\/El-Ibex-cierra-por-segunda-semana-en-rojo-con-un.jpg\" \/>\n\t<meta property=\"og:image:width\" content=\"120\" \/>\n\t<meta property=\"og:image:height\" content=\"80\" \/>\n\t<meta property=\"og:image:type\" content=\"image\/jpeg\" \/>\n<meta name=\"author\" content=\"super-news\" \/>\n<meta name=\"twitter:card\" content=\"summary_large_image\" \/>\n<meta name=\"twitter:label1\" content=\"Written by\" \/>\n\t<meta name=\"twitter:data1\" content=\"super-news\" \/>\n\t<meta name=\"twitter:label2\" content=\"Est. reading time\" \/>\n\t<meta name=\"twitter:data2\" content=\"5 minutes\" \/>\n<script type=\"application\/ld+json\" class=\"yoast-schema-graph\">{\"@context\":\"https:\\\/\\\/schema.org\",\"@graph\":[{\"@type\":\"Article\",\"@id\":\"https:\\\/\\\/super-news.info\\\/es\\\/el-ibex-cierra-por-segunda-semana-en-rojo-con-un-descenso-del-157-por-la-guerra-de-divisas-e-italia\\\/#article\",\"isPartOf\":{\"@id\":\"https:\\\/\\\/super-news.info\\\/es\\\/el-ibex-cierra-por-segunda-semana-en-rojo-con-un-descenso-del-157-por-la-guerra-de-divisas-e-italia\\\/\"},\"author\":{\"name\":\"super-news\",\"@id\":\"https:\\\/\\\/super-news.info\\\/es\\\/#\\\/schema\\\/person\\\/2d4068cb2f39cd10008c2fce578a7356\"},\"headline\":\"El Ibex cierra por segunda semana en &#8216;rojo&#8217; con un descenso del 1,57% por la guerra de divisas e Italia\",\"datePublished\":\"2019-08-09T23:28:31+00:00\",\"dateModified\":\"2019-08-09T23:28:32+00:00\",\"mainEntityOfPage\":{\"@id\":\"https:\\\/\\\/super-news.info\\\/es\\\/el-ibex-cierra-por-segunda-semana-en-rojo-con-un-descenso-del-157-por-la-guerra-de-divisas-e-italia\\\/\"},\"wordCount\":956,\"commentCount\":0,\"image\":{\"@id\":\"https:\\\/\\\/super-news.info\\\/es\\\/el-ibex-cierra-por-segunda-semana-en-rojo-con-un-descenso-del-157-por-la-guerra-de-divisas-e-italia\\\/#primaryimage\"},\"thumbnailUrl\":\"https:\\\/\\\/super-news.info\\\/es\\\/wp-content\\\/uploads\\\/sites\\\/4\\\/2019\\\/08\\\/El-Ibex-cierra-por-segunda-semana-en-rojo-con-un.jpg\",\"articleSection\":[\"NOTICIAS FINANCIERAS\"],\"inLanguage\":\"en-US\",\"potentialAction\":[{\"@type\":\"CommentAction\",\"name\":\"Comment\",\"target\":[\"https:\\\/\\\/super-news.info\\\/es\\\/el-ibex-cierra-por-segunda-semana-en-rojo-con-un-descenso-del-157-por-la-guerra-de-divisas-e-italia\\\/#respond\"]}]},{\"@type\":\"WebPage\",\"@id\":\"https:\\\/\\\/super-news.info\\\/es\\\/el-ibex-cierra-por-segunda-semana-en-rojo-con-un-descenso-del-157-por-la-guerra-de-divisas-e-italia\\\/\",\"url\":\"https:\\\/\\\/super-news.info\\\/es\\\/el-ibex-cierra-por-segunda-semana-en-rojo-con-un-descenso-del-157-por-la-guerra-de-divisas-e-italia\\\/\",\"name\":\"El Ibex cierra por segunda semana en 'rojo' con un descenso del 1,57% por la guerra de divisas e Italia - Super News\",\"isPartOf\":{\"@id\":\"https:\\\/\\\/super-news.info\\\/es\\\/#website\"},\"primaryImageOfPage\":{\"@id\":\"https:\\\/\\\/super-news.info\\\/es\\\/el-ibex-cierra-por-segunda-semana-en-rojo-con-un-descenso-del-157-por-la-guerra-de-divisas-e-italia\\\/#primaryimage\"},\"image\":{\"@id\":\"https:\\\/\\\/super-news.info\\\/es\\\/el-ibex-cierra-por-segunda-semana-en-rojo-con-un-descenso-del-157-por-la-guerra-de-divisas-e-italia\\\/#primaryimage\"},\"thumbnailUrl\":\"https:\\\/\\\/super-news.info\\\/es\\\/wp-content\\\/uploads\\\/sites\\\/4\\\/2019\\\/08\\\/El-Ibex-cierra-por-segunda-semana-en-rojo-con-un.jpg\",\"datePublished\":\"2019-08-09T23:28:31+00:00\",\"dateModified\":\"2019-08-09T23:28:32+00:00\",\"author\":{\"@id\":\"https:\\\/\\\/super-news.info\\\/es\\\/#\\\/schema\\\/person\\\/2d4068cb2f39cd10008c2fce578a7356\"},\"breadcrumb\":{\"@id\":\"https:\\\/\\\/super-news.info\\\/es\\\/el-ibex-cierra-por-segunda-semana-en-rojo-con-un-descenso-del-157-por-la-guerra-de-divisas-e-italia\\\/#breadcrumb\"},\"inLanguage\":\"en-US\",\"potentialAction\":[{\"@type\":\"ReadAction\",\"target\":[\"https:\\\/\\\/super-news.info\\\/es\\\/el-ibex-cierra-por-segunda-semana-en-rojo-con-un-descenso-del-157-por-la-guerra-de-divisas-e-italia\\\/\"]}]},{\"@type\":\"ImageObject\",\"inLanguage\":\"en-US\",\"@id\":\"https:\\\/\\\/super-news.info\\\/es\\\/el-ibex-cierra-por-segunda-semana-en-rojo-con-un-descenso-del-157-por-la-guerra-de-divisas-e-italia\\\/#primaryimage\",\"url\":\"https:\\\/\\\/super-news.info\\\/es\\\/wp-content\\\/uploads\\\/sites\\\/4\\\/2019\\\/08\\\/El-Ibex-cierra-por-segunda-semana-en-rojo-con-un.jpg\",\"contentUrl\":\"https:\\\/\\\/super-news.info\\\/es\\\/wp-content\\\/uploads\\\/sites\\\/4\\\/2019\\\/08\\\/El-Ibex-cierra-por-segunda-semana-en-rojo-con-un.jpg\",\"width\":120,\"height\":80,\"caption\":\"El Ibex cierra por segunda semana en 'rojo' con un descenso del 1,57% por la guerra de divisas e Italia\"},{\"@type\":\"BreadcrumbList\",\"@id\":\"https:\\\/\\\/super-news.info\\\/es\\\/el-ibex-cierra-por-segunda-semana-en-rojo-con-un-descenso-del-157-por-la-guerra-de-divisas-e-italia\\\/#breadcrumb\",\"itemListElement\":[{\"@type\":\"ListItem\",\"position\":1,\"name\":\"\u0413\u043b\u0430\u0432\u043d\u0430\u044f \u0441\u0442\u0440\u0430\u043d\u0438\u0446\u0430\",\"item\":\"https:\\\/\\\/super-news.info\\\/es\\\/\"},{\"@type\":\"ListItem\",\"position\":2,\"name\":\"El Ibex cierra por segunda semana en &#8216;rojo&#8217; con un descenso del 1,57% por la guerra de divisas e Italia\"}]},{\"@type\":\"WebSite\",\"@id\":\"https:\\\/\\\/super-news.info\\\/es\\\/#website\",\"url\":\"https:\\\/\\\/super-news.info\\\/es\\\/\",\"name\":\"Super News\",\"description\":\"Super News Espa\u00f1a\",\"potentialAction\":[{\"@type\":\"SearchAction\",\"target\":{\"@type\":\"EntryPoint\",\"urlTemplate\":\"https:\\\/\\\/super-news.info\\\/es\\\/?s={search_term_string}\"},\"query-input\":{\"@type\":\"PropertyValueSpecification\",\"valueRequired\":true,\"valueName\":\"search_term_string\"}}],\"inLanguage\":\"en-US\"},{\"@type\":\"Person\",\"@id\":\"https:\\\/\\\/super-news.info\\\/es\\\/#\\\/schema\\\/person\\\/2d4068cb2f39cd10008c2fce578a7356\",\"name\":\"super-news\",\"image\":{\"@type\":\"ImageObject\",\"inLanguage\":\"en-US\",\"@id\":\"https:\\\/\\\/secure.gravatar.com\\\/avatar\\\/64ebac40b93f26a154f8a9b5b6fdccfc46f442b26b3dd6756dbff3bf9dc76fd7?s=96&d=mm&r=g\",\"url\":\"https:\\\/\\\/secure.gravatar.com\\\/avatar\\\/64ebac40b93f26a154f8a9b5b6fdccfc46f442b26b3dd6756dbff3bf9dc76fd7?s=96&d=mm&r=g\",\"contentUrl\":\"https:\\\/\\\/secure.gravatar.com\\\/avatar\\\/64ebac40b93f26a154f8a9b5b6fdccfc46f442b26b3dd6756dbff3bf9dc76fd7?s=96&d=mm&r=g\",\"caption\":\"super-news\"},\"url\":\"https:\\\/\\\/super-news.info\\\/es\\\/author\\\/pt\\\/\"}]}<\/script>\n<!-- \/ Yoast SEO plugin. -->","yoast_head_json":{"title":"El Ibex cierra por segunda semana en 'rojo' con un descenso del 1,57% por la guerra de divisas e Italia - Super News","robots":{"index":"index","follow":"follow","max-snippet":"max-snippet:-1","max-image-preview":"max-image-preview:large","max-video-preview":"max-video-preview:-1"},"canonical":"https:\/\/super-news.info\/es\/el-ibex-cierra-por-segunda-semana-en-rojo-con-un-descenso-del-157-por-la-guerra-de-divisas-e-italia\/","og_locale":"en_US","og_type":"article","og_title":"El Ibex cierra por segunda semana en 'rojo' con un descenso del 1,57% por la guerra de divisas e Italia - Super News","og_description":"[ad_1] Pierde los 8.800 puntos MADRID, 9 Ago. (EUROPA PRESS) &#8211; El Ibex 35 ha cerrado por segunda semana consecutiva en negativo, con un descenso del 1,57% y coloc\u00e1ndose por debajo de la cota psicol\u00f3gica de los 8.800 puntos, despu\u00e9s de concluir la anterior con su mayor descenso del a\u00f1o al desplomarse un 3,5%. Concretamente [&hellip;]","og_url":"https:\/\/super-news.info\/es\/el-ibex-cierra-por-segunda-semana-en-rojo-con-un-descenso-del-157-por-la-guerra-de-divisas-e-italia\/","og_site_name":"Super News","article_published_time":"2019-08-09T23:28:31+00:00","article_modified_time":"2019-08-09T23:28:32+00:00","og_image":[{"width":120,"height":80,"url":"https:\/\/super-news.info\/es\/wp-content\/uploads\/sites\/4\/2019\/08\/El-Ibex-cierra-por-segunda-semana-en-rojo-con-un.jpg","type":"image\/jpeg"}],"author":"super-news","twitter_card":"summary_large_image","twitter_misc":{"Written by":"super-news","Est. reading time":"5 minutes"},"schema":{"@context":"https:\/\/schema.org","@graph":[{"@type":"Article","@id":"https:\/\/super-news.info\/es\/el-ibex-cierra-por-segunda-semana-en-rojo-con-un-descenso-del-157-por-la-guerra-de-divisas-e-italia\/#article","isPartOf":{"@id":"https:\/\/super-news.info\/es\/el-ibex-cierra-por-segunda-semana-en-rojo-con-un-descenso-del-157-por-la-guerra-de-divisas-e-italia\/"},"author":{"name":"super-news","@id":"https:\/\/super-news.info\/es\/#\/schema\/person\/2d4068cb2f39cd10008c2fce578a7356"},"headline":"El Ibex cierra por segunda semana en &#8216;rojo&#8217; con un descenso del 1,57% por la guerra de divisas e Italia","datePublished":"2019-08-09T23:28:31+00:00","dateModified":"2019-08-09T23:28:32+00:00","mainEntityOfPage":{"@id":"https:\/\/super-news.info\/es\/el-ibex-cierra-por-segunda-semana-en-rojo-con-un-descenso-del-157-por-la-guerra-de-divisas-e-italia\/"},"wordCount":956,"commentCount":0,"image":{"@id":"https:\/\/super-news.info\/es\/el-ibex-cierra-por-segunda-semana-en-rojo-con-un-descenso-del-157-por-la-guerra-de-divisas-e-italia\/#primaryimage"},"thumbnailUrl":"https:\/\/super-news.info\/es\/wp-content\/uploads\/sites\/4\/2019\/08\/El-Ibex-cierra-por-segunda-semana-en-rojo-con-un.jpg","articleSection":["NOTICIAS FINANCIERAS"],"inLanguage":"en-US","potentialAction":[{"@type":"CommentAction","name":"Comment","target":["https:\/\/super-news.info\/es\/el-ibex-cierra-por-segunda-semana-en-rojo-con-un-descenso-del-157-por-la-guerra-de-divisas-e-italia\/#respond"]}]},{"@type":"WebPage","@id":"https:\/\/super-news.info\/es\/el-ibex-cierra-por-segunda-semana-en-rojo-con-un-descenso-del-157-por-la-guerra-de-divisas-e-italia\/","url":"https:\/\/super-news.info\/es\/el-ibex-cierra-por-segunda-semana-en-rojo-con-un-descenso-del-157-por-la-guerra-de-divisas-e-italia\/","name":"El Ibex cierra por segunda semana en 'rojo' con un descenso del 1,57% por la guerra de divisas e Italia - Super News","isPartOf":{"@id":"https:\/\/super-news.info\/es\/#website"},"primaryImageOfPage":{"@id":"https:\/\/super-news.info\/es\/el-ibex-cierra-por-segunda-semana-en-rojo-con-un-descenso-del-157-por-la-guerra-de-divisas-e-italia\/#primaryimage"},"image":{"@id":"https:\/\/super-news.info\/es\/el-ibex-cierra-por-segunda-semana-en-rojo-con-un-descenso-del-157-por-la-guerra-de-divisas-e-italia\/#primaryimage"},"thumbnailUrl":"https:\/\/super-news.info\/es\/wp-content\/uploads\/sites\/4\/2019\/08\/El-Ibex-cierra-por-segunda-semana-en-rojo-con-un.jpg","datePublished":"2019-08-09T23:28:31+00:00","dateModified":"2019-08-09T23:28:32+00:00","author":{"@id":"https:\/\/super-news.info\/es\/#\/schema\/person\/2d4068cb2f39cd10008c2fce578a7356"},"breadcrumb":{"@id":"https:\/\/super-news.info\/es\/el-ibex-cierra-por-segunda-semana-en-rojo-con-un-descenso-del-157-por-la-guerra-de-divisas-e-italia\/#breadcrumb"},"inLanguage":"en-US","potentialAction":[{"@type":"ReadAction","target":["https:\/\/super-news.info\/es\/el-ibex-cierra-por-segunda-semana-en-rojo-con-un-descenso-del-157-por-la-guerra-de-divisas-e-italia\/"]}]},{"@type":"ImageObject","inLanguage":"en-US","@id":"https:\/\/super-news.info\/es\/el-ibex-cierra-por-segunda-semana-en-rojo-con-un-descenso-del-157-por-la-guerra-de-divisas-e-italia\/#primaryimage","url":"https:\/\/super-news.info\/es\/wp-content\/uploads\/sites\/4\/2019\/08\/El-Ibex-cierra-por-segunda-semana-en-rojo-con-un.jpg","contentUrl":"https:\/\/super-news.info\/es\/wp-content\/uploads\/sites\/4\/2019\/08\/El-Ibex-cierra-por-segunda-semana-en-rojo-con-un.jpg","width":120,"height":80,"caption":"El Ibex cierra por segunda semana en 'rojo' con un descenso del 1,57% por la guerra de divisas e Italia"},{"@type":"BreadcrumbList","@id":"https:\/\/super-news.info\/es\/el-ibex-cierra-por-segunda-semana-en-rojo-con-un-descenso-del-157-por-la-guerra-de-divisas-e-italia\/#breadcrumb","itemListElement":[{"@type":"ListItem","position":1,"name":"\u0413\u043b\u0430\u0432\u043d\u0430\u044f \u0441\u0442\u0440\u0430\u043d\u0438\u0446\u0430","item":"https:\/\/super-news.info\/es\/"},{"@type":"ListItem","position":2,"name":"El Ibex cierra por segunda semana en &#8216;rojo&#8217; con un descenso del 1,57% por la guerra de divisas e Italia"}]},{"@type":"WebSite","@id":"https:\/\/super-news.info\/es\/#website","url":"https:\/\/super-news.info\/es\/","name":"Super News","description":"Super News Espa\u00f1a","potentialAction":[{"@type":"SearchAction","target":{"@type":"EntryPoint","urlTemplate":"https:\/\/super-news.info\/es\/?s={search_term_string}"},"query-input":{"@type":"PropertyValueSpecification","valueRequired":true,"valueName":"search_term_string"}}],"inLanguage":"en-US"},{"@type":"Person","@id":"https:\/\/super-news.info\/es\/#\/schema\/person\/2d4068cb2f39cd10008c2fce578a7356","name":"super-news","image":{"@type":"ImageObject","inLanguage":"en-US","@id":"https:\/\/secure.gravatar.com\/avatar\/64ebac40b93f26a154f8a9b5b6fdccfc46f442b26b3dd6756dbff3bf9dc76fd7?s=96&d=mm&r=g","url":"https:\/\/secure.gravatar.com\/avatar\/64ebac40b93f26a154f8a9b5b6fdccfc46f442b26b3dd6756dbff3bf9dc76fd7?s=96&d=mm&r=g","contentUrl":"https:\/\/secure.gravatar.com\/avatar\/64ebac40b93f26a154f8a9b5b6fdccfc46f442b26b3dd6756dbff3bf9dc76fd7?s=96&d=mm&r=g","caption":"super-news"},"url":"https:\/\/super-news.info\/es\/author\/pt\/"}]}},"_links":{"self":[{"href":"https:\/\/super-news.info\/es\/wp-json\/wp\/v2\/posts\/8416","targetHints":{"allow":["GET"]}}],"collection":[{"href":"https:\/\/super-news.info\/es\/wp-json\/wp\/v2\/posts"}],"about":[{"href":"https:\/\/super-news.info\/es\/wp-json\/wp\/v2\/types\/post"}],"author":[{"embeddable":true,"href":"https:\/\/super-news.info\/es\/wp-json\/wp\/v2\/users\/2"}],"replies":[{"embeddable":true,"href":"https:\/\/super-news.info\/es\/wp-json\/wp\/v2\/comments?post=8416"}],"version-history":[{"count":1,"href":"https:\/\/super-news.info\/es\/wp-json\/wp\/v2\/posts\/8416\/revisions"}],"predecessor-version":[{"id":8418,"href":"https:\/\/super-news.info\/es\/wp-json\/wp\/v2\/posts\/8416\/revisions\/8418"}],"wp:featuredmedia":[{"embeddable":true,"href":"https:\/\/super-news.info\/es\/wp-json\/wp\/v2\/media\/8417"}],"wp:attachment":[{"href":"https:\/\/super-news.info\/es\/wp-json\/wp\/v2\/media?parent=8416"}],"wp:term":[{"taxonomy":"category","embeddable":true,"href":"https:\/\/super-news.info\/es\/wp-json\/wp\/v2\/categories?post=8416"},{"taxonomy":"post_tag","embeddable":true,"href":"https:\/\/super-news.info\/es\/wp-json\/wp\/v2\/tags?post=8416"}],"curies":[{"name":"wp","href":"https:\/\/api.w.org\/{rel}","templated":true}]}}