{"id":8409,"date":"2019-08-10T00:13:18","date_gmt":"2019-08-09T21:13:18","guid":{"rendered":"https:\/\/super-news.info\/es\/admitida-a-tramite-la-primera-querella-civil-contra-la-agencia-de-valores-qrenta-por-sus-fondos-suspendidos\/"},"modified":"2019-08-10T00:13:19","modified_gmt":"2019-08-09T21:13:19","slug":"admitida-a-tramite-la-primera-querella-civil-contra-la-agencia-de-valores-qrenta-por-sus-fondos-suspendidos","status":"publish","type":"post","link":"https:\/\/super-news.info\/es\/admitida-a-tramite-la-primera-querella-civil-contra-la-agencia-de-valores-qrenta-por-sus-fondos-suspendidos\/","title":{"rendered":"Admitida a tr\u00e1mite la primera querella civil contra la agencia de valores QRenta por sus fondos suspendidos"},"content":{"rendered":"<p> [ad_1]<br \/>\n<\/p>\n<div id=\"CuerpoNoticiav2\" itemprop=\"articleBody\">\n<h3 class=\"subsubhead\">Unos 6.500 afectados podr\u00edan haber perdido sus ahorros, seg\u00fan Asufin<\/h3>\n<p>   MADRID, 9 Ago. (EUROPA PRESS) &#8211; <\/p>\n<p itemprop=\"description\">   El juzgado 25 de Barcelona ha admitido a tr\u00e1mite la primera querella civil contra la agencia de valores QRenta por un presunto conflicto de inter\u00e9s e incumplimiento en la prestaci\u00f3n de servicios a sus clientes, que sufrieron el bloqueo de sus fondos tras la intervenci\u00f3n de la Comisi\u00f3n Nacional del Mercado de Valores (CNMV) en 2018.<\/p>\n<p>   La Asociaci\u00f3n de usuarios financieros (Asufin) ha interpuesto esta demanda por la v\u00eda civil para reclamar entre 200.000 y 400.000 euros de perjuicio causados por la agencia catalana dirigida por Jaime Miquel a dos de sus asociados entre 2015 y 2019, seg\u00fan consta en la querella a la que ha tenido acceso Europa Press .En ella, la asociaci\u00f3n denuncia que QRenta incumpli\u00f3 sus obligaciones de gesti\u00f3n de cartera y de asesoramiento financiero, con una asunci\u00f3n de riesgo mayor que la correspondiente al perfil de los clientes que ten\u00edan perfilados.<\/p>\n<p>   Adem\u00e1s, Asufin acusa a la agencia de &#8220;incurrir en un conflicto de inter\u00e9s intentando manipular el mercado, ya que representaban al mismo tiempo a las empresas que luego colocaban en los fondos bajo su gesti\u00f3n&#8221;. En concreto, el escrito detalla que ocho compa\u00f1\u00edas del MAB &#8211;Eurona, Eurocnosult, Inkemia, Home Meal, Elzinc, Cerium, Inclam y Clever&#8211; cuyas acciones o bonos fueron colocados por QRenta y tambi\u00e9n han formado parte de las carteras y del patrimonio cogestionado por la agencia.<\/p>\n<p>   &#8220;Posiblemente, como respuesta al insuficiente inter\u00e9s captado por la acciones de inversores dependientes a QRenta, la agencia a partir de las gesti\u00f3n de las aportaciones de sus clientes minoritarios o mediante los fondos de las IICs cogestionados, inici\u00f3 la inversi\u00f3n en estos valores para satisfacer la notable escasez de demanda en estos productos&#8221;, denuncia el escrito.<\/p>\n<p>    &#8220;Han incumplido la normativa en tanto que no han seguido las instrucciones del cliente y han estado colocando el dinero en productos de mucho riesgo del Mercado Alternativo Burs\u00e1til (MAB)&#8221;, ha explicado a Europa Press la presidenta de Asufin, Patricia Su\u00e1rez, que se ha mostrado &#8220;bastante impactada porque es una agencia que lleva 25 a\u00f1os en el mercado y no ten\u00eda este tipo de comportamiento&#8221;.<\/p>\n<h2 class=\"ladillo\">6.500 POSIBLES AFECTADOS<\/h2>\n<p>   Unas 6.500 personas podr\u00edan haberse visto afectadas por la falta de liquidez que llev\u00f3 a la suspensi\u00f3n temporarl de varios fondos por la CNMV el pasado a\u00f1o y que tras abrir su cotizaci\u00f3n han perdido todo su valor, seg\u00fan denuncia Asufin. Su\u00e1rez ha explicado que el perfil de los afectados se ajusta a familias con un alto nivel de ahorro, pero no muy profesionalizado, por lo que &#8220;muchas han perdido todos sus ahorros&#8221;.<\/p>\n<p>   Su\u00e1rez ha denunciado la &#8220;dejaci\u00f3n&#8221; por parte del MAB, que di\u00f3 la voz de alarma muy tarde. &#8220;Son ellos los que tienen que informar de que hay movimientos sospechosos al regulador, la CNMV, para que pare la cotizaci\u00f3n o tome medidas&#8221;, ha detallado Su\u00e1rez.<\/p>\n<p>   Tras la presentaci\u00f3n de la querella a trav\u00e9s del abogado colaborador de Asufin Fernando Gav\u00edn, el pasado 24 de mayo, medio centenar de personas afectadas han acudido a la asociaci\u00f3n, principalmente en Madrid y Barcelona, estando la mayor\u00eda de afectados en Catalu\u00f1a. Paralelamente, se ha dado de alta una Plataforma de Afectados de Esfera Capital y Qrenta.<\/p>\n<\/div>\n<p>[ad_2]<br \/>\n<br \/><a href=\"https:\/\/www.europapress.es\/economia\/finanzas-00340\/noticia-admitida-tramite-primera-querella-civil-contra-agencia-valores-qrenta-fondos-suspendidos-20190809190510.html\">Source link <\/a><\/p>\n","protected":false},"excerpt":{"rendered":"<p>[ad_1] Unos 6.500 afectados podr\u00edan haber perdido sus ahorros, seg\u00fan Asufin MADRID, 9 Ago. (EUROPA PRESS) &#8211; El juzgado 25 de Barcelona ha admitido a tr\u00e1mite la primera querella civil contra la agencia de valores QRenta por un presunto conflicto de inter\u00e9s e incumplimiento en la prestaci\u00f3n de servicios a sus clientes, que sufrieron el [&hellip;]<\/p>\n","protected":false},"author":2,"featured_media":180,"comment_status":"open","ping_status":"open","sticky":false,"template":"","format":"standard","meta":{"footnotes":""},"categories":[1],"tags":[],"class_list":["post-8409","post","type-post","status-publish","format-standard","has-post-thumbnail","hentry","category-noticias-financieras"],"yoast_head":"<!-- This site is optimized with the Yoast SEO plugin v27.4 - https:\/\/yoast.com\/product\/yoast-seo-wordpress\/ -->\n<title>Admitida a tr\u00e1mite la primera querella civil contra la agencia de valores QRenta por sus fondos suspendidos - Super News<\/title>\n<meta name=\"robots\" content=\"index, follow, max-snippet:-1, max-image-preview:large, max-video-preview:-1\" \/>\n<link rel=\"canonical\" href=\"https:\/\/super-news.info\/es\/admitida-a-tramite-la-primera-querella-civil-contra-la-agencia-de-valores-qrenta-por-sus-fondos-suspendidos\/\" \/>\n<meta property=\"og:locale\" content=\"en_US\" \/>\n<meta property=\"og:type\" content=\"article\" \/>\n<meta property=\"og:title\" content=\"Admitida a tr\u00e1mite la primera querella civil contra la agencia de valores QRenta por sus fondos suspendidos - Super News\" \/>\n<meta property=\"og:description\" content=\"[ad_1] Unos 6.500 afectados podr\u00edan haber perdido sus ahorros, seg\u00fan Asufin MADRID, 9 Ago. (EUROPA PRESS) &#8211; El juzgado 25 de Barcelona ha admitido a tr\u00e1mite la primera querella civil contra la agencia de valores QRenta por un presunto conflicto de inter\u00e9s e incumplimiento en la prestaci\u00f3n de servicios a sus clientes, que sufrieron el [&hellip;]\" \/>\n<meta property=\"og:url\" content=\"https:\/\/super-news.info\/es\/admitida-a-tramite-la-primera-querella-civil-contra-la-agencia-de-valores-qrenta-por-sus-fondos-suspendidos\/\" \/>\n<meta property=\"og:site_name\" content=\"Super News\" \/>\n<meta property=\"article:published_time\" content=\"2019-08-09T21:13:18+00:00\" \/>\n<meta property=\"article:modified_time\" content=\"2019-08-09T21:13:19+00:00\" \/>\n<meta property=\"og:image\" content=\"https:\/\/super-news.info\/es\/wp-content\/uploads\/sites\/4\/2019\/04\/La-tasa-de-empleo-de-la-OCDE-registr\u00f3-un-r\u00e9cord.jpg\" \/>\n\t<meta property=\"og:image:width\" content=\"1024\" \/>\n\t<meta property=\"og:image:height\" content=\"512\" \/>\n\t<meta property=\"og:image:type\" content=\"image\/jpeg\" \/>\n<meta name=\"author\" content=\"super-news\" \/>\n<meta name=\"twitter:card\" content=\"summary_large_image\" \/>\n<meta name=\"twitter:label1\" content=\"Written by\" \/>\n\t<meta name=\"twitter:data1\" content=\"super-news\" \/>\n\t<meta name=\"twitter:label2\" content=\"Est. reading time\" \/>\n\t<meta name=\"twitter:data2\" content=\"3 minutes\" \/>\n<script type=\"application\/ld+json\" class=\"yoast-schema-graph\">{\"@context\":\"https:\\\/\\\/schema.org\",\"@graph\":[{\"@type\":\"Article\",\"@id\":\"https:\\\/\\\/super-news.info\\\/es\\\/admitida-a-tramite-la-primera-querella-civil-contra-la-agencia-de-valores-qrenta-por-sus-fondos-suspendidos\\\/#article\",\"isPartOf\":{\"@id\":\"https:\\\/\\\/super-news.info\\\/es\\\/admitida-a-tramite-la-primera-querella-civil-contra-la-agencia-de-valores-qrenta-por-sus-fondos-suspendidos\\\/\"},\"author\":{\"name\":\"super-news\",\"@id\":\"https:\\\/\\\/super-news.info\\\/es\\\/#\\\/schema\\\/person\\\/2d4068cb2f39cd10008c2fce578a7356\"},\"headline\":\"Admitida a tr\u00e1mite la primera querella civil contra la agencia de valores QRenta por sus fondos suspendidos\",\"datePublished\":\"2019-08-09T21:13:18+00:00\",\"dateModified\":\"2019-08-09T21:13:19+00:00\",\"mainEntityOfPage\":{\"@id\":\"https:\\\/\\\/super-news.info\\\/es\\\/admitida-a-tramite-la-primera-querella-civil-contra-la-agencia-de-valores-qrenta-por-sus-fondos-suspendidos\\\/\"},\"wordCount\":589,\"commentCount\":0,\"image\":{\"@id\":\"https:\\\/\\\/super-news.info\\\/es\\\/admitida-a-tramite-la-primera-querella-civil-contra-la-agencia-de-valores-qrenta-por-sus-fondos-suspendidos\\\/#primaryimage\"},\"thumbnailUrl\":\"https:\\\/\\\/super-news.info\\\/es\\\/wp-content\\\/uploads\\\/sites\\\/4\\\/2019\\\/04\\\/La-tasa-de-empleo-de-la-OCDE-registr\u00f3-un-r\u00e9cord.jpg\",\"articleSection\":[\"NOTICIAS FINANCIERAS\"],\"inLanguage\":\"en-US\",\"potentialAction\":[{\"@type\":\"CommentAction\",\"name\":\"Comment\",\"target\":[\"https:\\\/\\\/super-news.info\\\/es\\\/admitida-a-tramite-la-primera-querella-civil-contra-la-agencia-de-valores-qrenta-por-sus-fondos-suspendidos\\\/#respond\"]}]},{\"@type\":\"WebPage\",\"@id\":\"https:\\\/\\\/super-news.info\\\/es\\\/admitida-a-tramite-la-primera-querella-civil-contra-la-agencia-de-valores-qrenta-por-sus-fondos-suspendidos\\\/\",\"url\":\"https:\\\/\\\/super-news.info\\\/es\\\/admitida-a-tramite-la-primera-querella-civil-contra-la-agencia-de-valores-qrenta-por-sus-fondos-suspendidos\\\/\",\"name\":\"Admitida a tr\u00e1mite la primera querella civil contra la agencia de valores QRenta por sus fondos suspendidos - Super News\",\"isPartOf\":{\"@id\":\"https:\\\/\\\/super-news.info\\\/es\\\/#website\"},\"primaryImageOfPage\":{\"@id\":\"https:\\\/\\\/super-news.info\\\/es\\\/admitida-a-tramite-la-primera-querella-civil-contra-la-agencia-de-valores-qrenta-por-sus-fondos-suspendidos\\\/#primaryimage\"},\"image\":{\"@id\":\"https:\\\/\\\/super-news.info\\\/es\\\/admitida-a-tramite-la-primera-querella-civil-contra-la-agencia-de-valores-qrenta-por-sus-fondos-suspendidos\\\/#primaryimage\"},\"thumbnailUrl\":\"https:\\\/\\\/super-news.info\\\/es\\\/wp-content\\\/uploads\\\/sites\\\/4\\\/2019\\\/04\\\/La-tasa-de-empleo-de-la-OCDE-registr\u00f3-un-r\u00e9cord.jpg\",\"datePublished\":\"2019-08-09T21:13:18+00:00\",\"dateModified\":\"2019-08-09T21:13:19+00:00\",\"author\":{\"@id\":\"https:\\\/\\\/super-news.info\\\/es\\\/#\\\/schema\\\/person\\\/2d4068cb2f39cd10008c2fce578a7356\"},\"breadcrumb\":{\"@id\":\"https:\\\/\\\/super-news.info\\\/es\\\/admitida-a-tramite-la-primera-querella-civil-contra-la-agencia-de-valores-qrenta-por-sus-fondos-suspendidos\\\/#breadcrumb\"},\"inLanguage\":\"en-US\",\"potentialAction\":[{\"@type\":\"ReadAction\",\"target\":[\"https:\\\/\\\/super-news.info\\\/es\\\/admitida-a-tramite-la-primera-querella-civil-contra-la-agencia-de-valores-qrenta-por-sus-fondos-suspendidos\\\/\"]}]},{\"@type\":\"ImageObject\",\"inLanguage\":\"en-US\",\"@id\":\"https:\\\/\\\/super-news.info\\\/es\\\/admitida-a-tramite-la-primera-querella-civil-contra-la-agencia-de-valores-qrenta-por-sus-fondos-suspendidos\\\/#primaryimage\",\"url\":\"https:\\\/\\\/super-news.info\\\/es\\\/wp-content\\\/uploads\\\/sites\\\/4\\\/2019\\\/04\\\/La-tasa-de-empleo-de-la-OCDE-registr\u00f3-un-r\u00e9cord.jpg\",\"contentUrl\":\"https:\\\/\\\/super-news.info\\\/es\\\/wp-content\\\/uploads\\\/sites\\\/4\\\/2019\\\/04\\\/La-tasa-de-empleo-de-la-OCDE-registr\u00f3-un-r\u00e9cord.jpg\",\"width\":1024,\"height\":512,\"caption\":\"La tasa de empleo de la OCDE registr\u00f3 un r\u00e9cord del 68,6% al cierre de 2018\"},{\"@type\":\"BreadcrumbList\",\"@id\":\"https:\\\/\\\/super-news.info\\\/es\\\/admitida-a-tramite-la-primera-querella-civil-contra-la-agencia-de-valores-qrenta-por-sus-fondos-suspendidos\\\/#breadcrumb\",\"itemListElement\":[{\"@type\":\"ListItem\",\"position\":1,\"name\":\"\u0413\u043b\u0430\u0432\u043d\u0430\u044f \u0441\u0442\u0440\u0430\u043d\u0438\u0446\u0430\",\"item\":\"https:\\\/\\\/super-news.info\\\/es\\\/\"},{\"@type\":\"ListItem\",\"position\":2,\"name\":\"Admitida a tr\u00e1mite la primera querella civil contra la agencia de valores QRenta por sus fondos suspendidos\"}]},{\"@type\":\"WebSite\",\"@id\":\"https:\\\/\\\/super-news.info\\\/es\\\/#website\",\"url\":\"https:\\\/\\\/super-news.info\\\/es\\\/\",\"name\":\"Super News\",\"description\":\"Super News Espa\u00f1a\",\"potentialAction\":[{\"@type\":\"SearchAction\",\"target\":{\"@type\":\"EntryPoint\",\"urlTemplate\":\"https:\\\/\\\/super-news.info\\\/es\\\/?s={search_term_string}\"},\"query-input\":{\"@type\":\"PropertyValueSpecification\",\"valueRequired\":true,\"valueName\":\"search_term_string\"}}],\"inLanguage\":\"en-US\"},{\"@type\":\"Person\",\"@id\":\"https:\\\/\\\/super-news.info\\\/es\\\/#\\\/schema\\\/person\\\/2d4068cb2f39cd10008c2fce578a7356\",\"name\":\"super-news\",\"image\":{\"@type\":\"ImageObject\",\"inLanguage\":\"en-US\",\"@id\":\"https:\\\/\\\/secure.gravatar.com\\\/avatar\\\/64ebac40b93f26a154f8a9b5b6fdccfc46f442b26b3dd6756dbff3bf9dc76fd7?s=96&d=mm&r=g\",\"url\":\"https:\\\/\\\/secure.gravatar.com\\\/avatar\\\/64ebac40b93f26a154f8a9b5b6fdccfc46f442b26b3dd6756dbff3bf9dc76fd7?s=96&d=mm&r=g\",\"contentUrl\":\"https:\\\/\\\/secure.gravatar.com\\\/avatar\\\/64ebac40b93f26a154f8a9b5b6fdccfc46f442b26b3dd6756dbff3bf9dc76fd7?s=96&d=mm&r=g\",\"caption\":\"super-news\"},\"url\":\"https:\\\/\\\/super-news.info\\\/es\\\/author\\\/pt\\\/\"}]}<\/script>\n<!-- \/ Yoast SEO plugin. -->","yoast_head_json":{"title":"Admitida a tr\u00e1mite la primera querella civil contra la agencia de valores QRenta por sus fondos suspendidos - Super News","robots":{"index":"index","follow":"follow","max-snippet":"max-snippet:-1","max-image-preview":"max-image-preview:large","max-video-preview":"max-video-preview:-1"},"canonical":"https:\/\/super-news.info\/es\/admitida-a-tramite-la-primera-querella-civil-contra-la-agencia-de-valores-qrenta-por-sus-fondos-suspendidos\/","og_locale":"en_US","og_type":"article","og_title":"Admitida a tr\u00e1mite la primera querella civil contra la agencia de valores QRenta por sus fondos suspendidos - Super News","og_description":"[ad_1] Unos 6.500 afectados podr\u00edan haber perdido sus ahorros, seg\u00fan Asufin MADRID, 9 Ago. (EUROPA PRESS) &#8211; El juzgado 25 de Barcelona ha admitido a tr\u00e1mite la primera querella civil contra la agencia de valores QRenta por un presunto conflicto de inter\u00e9s e incumplimiento en la prestaci\u00f3n de servicios a sus clientes, que sufrieron el [&hellip;]","og_url":"https:\/\/super-news.info\/es\/admitida-a-tramite-la-primera-querella-civil-contra-la-agencia-de-valores-qrenta-por-sus-fondos-suspendidos\/","og_site_name":"Super News","article_published_time":"2019-08-09T21:13:18+00:00","article_modified_time":"2019-08-09T21:13:19+00:00","og_image":[{"width":1024,"height":512,"url":"https:\/\/super-news.info\/es\/wp-content\/uploads\/sites\/4\/2019\/04\/La-tasa-de-empleo-de-la-OCDE-registr\u00f3-un-r\u00e9cord.jpg","type":"image\/jpeg"}],"author":"super-news","twitter_card":"summary_large_image","twitter_misc":{"Written by":"super-news","Est. reading time":"3 minutes"},"schema":{"@context":"https:\/\/schema.org","@graph":[{"@type":"Article","@id":"https:\/\/super-news.info\/es\/admitida-a-tramite-la-primera-querella-civil-contra-la-agencia-de-valores-qrenta-por-sus-fondos-suspendidos\/#article","isPartOf":{"@id":"https:\/\/super-news.info\/es\/admitida-a-tramite-la-primera-querella-civil-contra-la-agencia-de-valores-qrenta-por-sus-fondos-suspendidos\/"},"author":{"name":"super-news","@id":"https:\/\/super-news.info\/es\/#\/schema\/person\/2d4068cb2f39cd10008c2fce578a7356"},"headline":"Admitida a tr\u00e1mite la primera querella civil contra la agencia de valores QRenta por sus fondos suspendidos","datePublished":"2019-08-09T21:13:18+00:00","dateModified":"2019-08-09T21:13:19+00:00","mainEntityOfPage":{"@id":"https:\/\/super-news.info\/es\/admitida-a-tramite-la-primera-querella-civil-contra-la-agencia-de-valores-qrenta-por-sus-fondos-suspendidos\/"},"wordCount":589,"commentCount":0,"image":{"@id":"https:\/\/super-news.info\/es\/admitida-a-tramite-la-primera-querella-civil-contra-la-agencia-de-valores-qrenta-por-sus-fondos-suspendidos\/#primaryimage"},"thumbnailUrl":"https:\/\/super-news.info\/es\/wp-content\/uploads\/sites\/4\/2019\/04\/La-tasa-de-empleo-de-la-OCDE-registr\u00f3-un-r\u00e9cord.jpg","articleSection":["NOTICIAS FINANCIERAS"],"inLanguage":"en-US","potentialAction":[{"@type":"CommentAction","name":"Comment","target":["https:\/\/super-news.info\/es\/admitida-a-tramite-la-primera-querella-civil-contra-la-agencia-de-valores-qrenta-por-sus-fondos-suspendidos\/#respond"]}]},{"@type":"WebPage","@id":"https:\/\/super-news.info\/es\/admitida-a-tramite-la-primera-querella-civil-contra-la-agencia-de-valores-qrenta-por-sus-fondos-suspendidos\/","url":"https:\/\/super-news.info\/es\/admitida-a-tramite-la-primera-querella-civil-contra-la-agencia-de-valores-qrenta-por-sus-fondos-suspendidos\/","name":"Admitida a tr\u00e1mite la primera querella civil contra la agencia de valores QRenta por sus fondos suspendidos - Super News","isPartOf":{"@id":"https:\/\/super-news.info\/es\/#website"},"primaryImageOfPage":{"@id":"https:\/\/super-news.info\/es\/admitida-a-tramite-la-primera-querella-civil-contra-la-agencia-de-valores-qrenta-por-sus-fondos-suspendidos\/#primaryimage"},"image":{"@id":"https:\/\/super-news.info\/es\/admitida-a-tramite-la-primera-querella-civil-contra-la-agencia-de-valores-qrenta-por-sus-fondos-suspendidos\/#primaryimage"},"thumbnailUrl":"https:\/\/super-news.info\/es\/wp-content\/uploads\/sites\/4\/2019\/04\/La-tasa-de-empleo-de-la-OCDE-registr\u00f3-un-r\u00e9cord.jpg","datePublished":"2019-08-09T21:13:18+00:00","dateModified":"2019-08-09T21:13:19+00:00","author":{"@id":"https:\/\/super-news.info\/es\/#\/schema\/person\/2d4068cb2f39cd10008c2fce578a7356"},"breadcrumb":{"@id":"https:\/\/super-news.info\/es\/admitida-a-tramite-la-primera-querella-civil-contra-la-agencia-de-valores-qrenta-por-sus-fondos-suspendidos\/#breadcrumb"},"inLanguage":"en-US","potentialAction":[{"@type":"ReadAction","target":["https:\/\/super-news.info\/es\/admitida-a-tramite-la-primera-querella-civil-contra-la-agencia-de-valores-qrenta-por-sus-fondos-suspendidos\/"]}]},{"@type":"ImageObject","inLanguage":"en-US","@id":"https:\/\/super-news.info\/es\/admitida-a-tramite-la-primera-querella-civil-contra-la-agencia-de-valores-qrenta-por-sus-fondos-suspendidos\/#primaryimage","url":"https:\/\/super-news.info\/es\/wp-content\/uploads\/sites\/4\/2019\/04\/La-tasa-de-empleo-de-la-OCDE-registr\u00f3-un-r\u00e9cord.jpg","contentUrl":"https:\/\/super-news.info\/es\/wp-content\/uploads\/sites\/4\/2019\/04\/La-tasa-de-empleo-de-la-OCDE-registr\u00f3-un-r\u00e9cord.jpg","width":1024,"height":512,"caption":"La tasa de empleo de la OCDE registr\u00f3 un r\u00e9cord del 68,6% al cierre de 2018"},{"@type":"BreadcrumbList","@id":"https:\/\/super-news.info\/es\/admitida-a-tramite-la-primera-querella-civil-contra-la-agencia-de-valores-qrenta-por-sus-fondos-suspendidos\/#breadcrumb","itemListElement":[{"@type":"ListItem","position":1,"name":"\u0413\u043b\u0430\u0432\u043d\u0430\u044f \u0441\u0442\u0440\u0430\u043d\u0438\u0446\u0430","item":"https:\/\/super-news.info\/es\/"},{"@type":"ListItem","position":2,"name":"Admitida a tr\u00e1mite la primera querella civil contra la agencia de valores QRenta por sus fondos suspendidos"}]},{"@type":"WebSite","@id":"https:\/\/super-news.info\/es\/#website","url":"https:\/\/super-news.info\/es\/","name":"Super News","description":"Super News Espa\u00f1a","potentialAction":[{"@type":"SearchAction","target":{"@type":"EntryPoint","urlTemplate":"https:\/\/super-news.info\/es\/?s={search_term_string}"},"query-input":{"@type":"PropertyValueSpecification","valueRequired":true,"valueName":"search_term_string"}}],"inLanguage":"en-US"},{"@type":"Person","@id":"https:\/\/super-news.info\/es\/#\/schema\/person\/2d4068cb2f39cd10008c2fce578a7356","name":"super-news","image":{"@type":"ImageObject","inLanguage":"en-US","@id":"https:\/\/secure.gravatar.com\/avatar\/64ebac40b93f26a154f8a9b5b6fdccfc46f442b26b3dd6756dbff3bf9dc76fd7?s=96&d=mm&r=g","url":"https:\/\/secure.gravatar.com\/avatar\/64ebac40b93f26a154f8a9b5b6fdccfc46f442b26b3dd6756dbff3bf9dc76fd7?s=96&d=mm&r=g","contentUrl":"https:\/\/secure.gravatar.com\/avatar\/64ebac40b93f26a154f8a9b5b6fdccfc46f442b26b3dd6756dbff3bf9dc76fd7?s=96&d=mm&r=g","caption":"super-news"},"url":"https:\/\/super-news.info\/es\/author\/pt\/"}]}},"_links":{"self":[{"href":"https:\/\/super-news.info\/es\/wp-json\/wp\/v2\/posts\/8409","targetHints":{"allow":["GET"]}}],"collection":[{"href":"https:\/\/super-news.info\/es\/wp-json\/wp\/v2\/posts"}],"about":[{"href":"https:\/\/super-news.info\/es\/wp-json\/wp\/v2\/types\/post"}],"author":[{"embeddable":true,"href":"https:\/\/super-news.info\/es\/wp-json\/wp\/v2\/users\/2"}],"replies":[{"embeddable":true,"href":"https:\/\/super-news.info\/es\/wp-json\/wp\/v2\/comments?post=8409"}],"version-history":[{"count":1,"href":"https:\/\/super-news.info\/es\/wp-json\/wp\/v2\/posts\/8409\/revisions"}],"predecessor-version":[{"id":8410,"href":"https:\/\/super-news.info\/es\/wp-json\/wp\/v2\/posts\/8409\/revisions\/8410"}],"wp:featuredmedia":[{"embeddable":true,"href":"https:\/\/super-news.info\/es\/wp-json\/wp\/v2\/media\/180"}],"wp:attachment":[{"href":"https:\/\/super-news.info\/es\/wp-json\/wp\/v2\/media?parent=8409"}],"wp:term":[{"taxonomy":"category","embeddable":true,"href":"https:\/\/super-news.info\/es\/wp-json\/wp\/v2\/categories?post=8409"},{"taxonomy":"post_tag","embeddable":true,"href":"https:\/\/super-news.info\/es\/wp-json\/wp\/v2\/tags?post=8409"}],"curies":[{"name":"wp","href":"https:\/\/api.w.org\/{rel}","templated":true}]}}