{"id":8404,"date":"2019-08-09T23:05:51","date_gmt":"2019-08-09T20:05:51","guid":{"rendered":"https:\/\/super-news.info\/es\/la-crisis-politica-en-italia-dispara-la-prima-de-riesgo-a-maximos-desde-junio\/"},"modified":"2019-08-09T23:05:53","modified_gmt":"2019-08-09T20:05:53","slug":"la-crisis-politica-en-italia-dispara-la-prima-de-riesgo-a-maximos-desde-junio","status":"publish","type":"post","link":"https:\/\/super-news.info\/es\/la-crisis-politica-en-italia-dispara-la-prima-de-riesgo-a-maximos-desde-junio\/","title":{"rendered":"La crisis pol\u00edtica en Italia dispara la prima de riesgo a m\u00e1ximos desde junio"},"content":{"rendered":"<p> [ad_1]<br \/>\n<\/p>\n<div id=\"CuerpoNoticiav2\" itemprop=\"articleBody\">\n<p>LONDRES, 9 Ago. (EUROPA PRESS) &#8211; <\/p>\n<p itemprop=\"description\">   La crisis pol\u00edtica abierta en Italia, despu\u00e9s de que La Liga, el partido que dirige Matteo Salvini, haya anunciado una moci\u00f3n de censura contra el primer ministro, Giuseppe Conte, ha provocado un fuerte repunte de la rentabilidad de la deuda del pa\u00eds transalpino, ampliando el diferencial del bono italiano a diez a\u00f1os respecto del &#8216;bund&#8217; a m\u00e1ximos desde junio, con la mayor subida de la percepci\u00f3n del riesgo en una sesi\u00f3n desde 2018.<\/p>\n<p>   Asimismo, las turbulencias en el mercado secundario de deuda coinciden con la fecha fijada por la agencia Fitch para revisar su calificaci\u00f3n de la deuda soberana de Italia, situada actualmente en &#8216;BBB&#8217;, con perspectiva negativa.<\/p>\n<p>   En concreto, la prima de riesgo ofrecida a los inversores por los bonos italianos con vencimiento a diez a\u00f1os se ampliaba hasta 239,10 puntos b\u00e1sicos, frente a los 213,60 del cierre del jueves, alcanzando as\u00ed su mayor distancia sobre la referencia alemana desde el pasado 28 de junio.<\/p>\n<p>   Por su parte, el inter\u00e9s exigido en el mercado secundario de deuda al bono italiano a diez a\u00f1os escalaba hasta el 1,809%, el mayor desde el pasado 2 de julio, frente al 1,538% del cierre de ayer y casi medio punto porcentual m\u00e1s que hace dos d\u00edas.<\/p>\n<p>   &#8220;La crisis llega en un momento cr\u00edtico&#8221;, advert\u00edan los analistas de ING, se\u00f1alando que, hace apenas un mes, el primer ministro del pa\u00eds, Giuseppe Conte, logr\u00f3 llegar a un acuerdo con la Comisi\u00f3n Europea para evitar un procedimiento disciplinario de la UE sobre Italia. &#8220;Pero parece que el presupuesto para 2020 ser\u00e1 a\u00fan m\u00e1s dif\u00edcil y la ausencia de un Gobierno en funcionamiento en octubre complicar\u00e1 a\u00fan m\u00e1s las cosas&#8221;, a\u00f1adieron.<\/p>\n<p>   En este sentido, los analistas de ING consideran que el colapso de la coalici\u00f3n de Gobierno de Italia abre tres posibles escenarios:  nuevas elecciones, una pr\u00f3rroga de la actual coalici\u00f3n o un nuevo Gobierno tecnocr\u00e1tico. &#8220;El tiempo ser\u00e1 crucial, dada la proximidad de la fecha para los presupuestos&#8221;, a\u00f1aden, advirtiendo de que el incremento de la incertidumbre pol\u00edtica probablemente provoque aumente la prima de riesgo y afecte al euro.<\/p>\n<p>   La incertidumbre respecto de la continuidad del Gobierno italiano ha acabado arrastrando al coste de financiaci\u00f3n de la deuda de otros pa\u00edses de la zona euro, incluyendo Espa\u00f1a, cuyo bono a diez a\u00f1os cerraba este viernes con un inter\u00e9s del 0,276%, por encima del 0,243% del jueves y m\u00e1s del doble de la rentabilidad ofrecida hace dos sesiones, cuando lleg\u00f3 a marcar un m\u00ednimo hist\u00f3rico del 0,124%.<\/p>\n<p>   De este modo, el diferencial entre la deuda espa\u00f1ola a diez a\u00f1os y la referencia el &#8216;bund&#8217; tambi\u00e9n se ampliaba significativamente al pasar de los 74,70 puntos b\u00e1sicos del cierre de ayer a los 85,70 del cierre del viernes, su mayor distancia desde el pasado 7 de junio.<\/p>\n<p>   La Liga, el partido que dirige Matteo Salvini, ha anunciado la presentaci\u00f3n de una moci\u00f3n de censura en el Senado contra el primer ministro, Giuseppe Conte, alegando que es necesario convocar &#8220;r\u00e1pidamente&#8221; nuevas elecciones que puedan permitir solventar la ruptura de los dos partidos que comparten Gobierno.<\/p>\n<p>   La formaci\u00f3n ultraderechista considera que Italia ha pasado por &#8220;demasiados&#8221; momentos &#8220;malos&#8221; como consecuencia de las discrepancias entre la Liga y el Movimiento 5 Estrellas (M5S), el \u00faltimo de ellos esta misma semana a cuenta de un proyecto para conectar con un tren de alta velocidad Tur\u00edn y Lyon.<\/p>\n<p>   Italia, seg\u00fan la Liga, &#8220;necesita volver a crecer y, por tanto, votar r\u00e1pidamente. &#8220;Quien pierde el tiempo perjudica al pa\u00eds y piensa solo en su sill\u00f3n&#8221;, ha a\u00f1adido el partido, seg\u00fan el diario &#8216;La Repubblica&#8217;.<\/p>\n<p>   Corresponde ahora a las autoridades parlamentarias decidir los tiempos para la celebraci\u00f3n de la moci\u00f3n, aunque le prensa italiana da por hecho que ser\u00e1 la pr\u00f3xima semana. A continuaci\u00f3n, el presidente de la Rep\u00fablica, Sergio Mattarella, deber\u00eda decidir si nombra a un nuevo primer ministro o abre la puerta a nuevas elecciones, previsiblemente en octubre.<\/p>\n<\/div>\n<p>[ad_2]<br \/>\n<br \/><a href=\"https:\/\/www.europapress.es\/economia\/finanzas-00340\/noticia-crisis-politica-italia-dispara-prima-riesgo-maximos-junio-20190809191403.html\">Source link <\/a><\/p>\n","protected":false},"excerpt":{"rendered":"<p>[ad_1] LONDRES, 9 Ago. (EUROPA PRESS) &#8211; La crisis pol\u00edtica abierta en Italia, despu\u00e9s de que La Liga, el partido que dirige Matteo Salvini, haya anunciado una moci\u00f3n de censura contra el primer ministro, Giuseppe Conte, ha provocado un fuerte repunte de la rentabilidad de la deuda del pa\u00eds transalpino, ampliando el diferencial del bono [&hellip;]<\/p>\n","protected":false},"author":2,"featured_media":180,"comment_status":"open","ping_status":"open","sticky":false,"template":"","format":"standard","meta":{"footnotes":""},"categories":[1],"tags":[],"class_list":["post-8404","post","type-post","status-publish","format-standard","has-post-thumbnail","hentry","category-noticias-financieras"],"yoast_head":"<!-- This site is optimized with the Yoast SEO plugin v27.4 - https:\/\/yoast.com\/product\/yoast-seo-wordpress\/ -->\n<title>La crisis pol\u00edtica en Italia dispara la prima de riesgo a m\u00e1ximos desde junio - Super News<\/title>\n<meta name=\"robots\" content=\"index, follow, max-snippet:-1, max-image-preview:large, max-video-preview:-1\" \/>\n<link rel=\"canonical\" href=\"https:\/\/super-news.info\/es\/la-crisis-politica-en-italia-dispara-la-prima-de-riesgo-a-maximos-desde-junio\/\" \/>\n<meta property=\"og:locale\" content=\"en_US\" \/>\n<meta property=\"og:type\" content=\"article\" \/>\n<meta property=\"og:title\" content=\"La crisis pol\u00edtica en Italia dispara la prima de riesgo a m\u00e1ximos desde junio - Super News\" \/>\n<meta property=\"og:description\" content=\"[ad_1] LONDRES, 9 Ago. (EUROPA PRESS) &#8211; La crisis pol\u00edtica abierta en Italia, despu\u00e9s de que La Liga, el partido que dirige Matteo Salvini, haya anunciado una moci\u00f3n de censura contra el primer ministro, Giuseppe Conte, ha provocado un fuerte repunte de la rentabilidad de la deuda del pa\u00eds transalpino, ampliando el diferencial del bono [&hellip;]\" \/>\n<meta property=\"og:url\" content=\"https:\/\/super-news.info\/es\/la-crisis-politica-en-italia-dispara-la-prima-de-riesgo-a-maximos-desde-junio\/\" \/>\n<meta property=\"og:site_name\" content=\"Super News\" \/>\n<meta property=\"article:published_time\" content=\"2019-08-09T20:05:51+00:00\" \/>\n<meta property=\"article:modified_time\" content=\"2019-08-09T20:05:53+00:00\" \/>\n<meta property=\"og:image\" content=\"https:\/\/super-news.info\/es\/wp-content\/uploads\/sites\/4\/2019\/04\/La-tasa-de-empleo-de-la-OCDE-registr\u00f3-un-r\u00e9cord.jpg\" \/>\n\t<meta property=\"og:image:width\" content=\"1024\" \/>\n\t<meta property=\"og:image:height\" content=\"512\" \/>\n\t<meta property=\"og:image:type\" content=\"image\/jpeg\" \/>\n<meta name=\"author\" content=\"super-news\" \/>\n<meta name=\"twitter:card\" content=\"summary_large_image\" \/>\n<meta name=\"twitter:label1\" content=\"Written by\" \/>\n\t<meta name=\"twitter:data1\" content=\"super-news\" \/>\n\t<meta name=\"twitter:label2\" content=\"Est. reading time\" \/>\n\t<meta name=\"twitter:data2\" content=\"4 minutes\" \/>\n<script type=\"application\/ld+json\" class=\"yoast-schema-graph\">{\"@context\":\"https:\\\/\\\/schema.org\",\"@graph\":[{\"@type\":\"Article\",\"@id\":\"https:\\\/\\\/super-news.info\\\/es\\\/la-crisis-politica-en-italia-dispara-la-prima-de-riesgo-a-maximos-desde-junio\\\/#article\",\"isPartOf\":{\"@id\":\"https:\\\/\\\/super-news.info\\\/es\\\/la-crisis-politica-en-italia-dispara-la-prima-de-riesgo-a-maximos-desde-junio\\\/\"},\"author\":{\"name\":\"super-news\",\"@id\":\"https:\\\/\\\/super-news.info\\\/es\\\/#\\\/schema\\\/person\\\/2d4068cb2f39cd10008c2fce578a7356\"},\"headline\":\"La crisis pol\u00edtica en Italia dispara la prima de riesgo a m\u00e1ximos desde junio\",\"datePublished\":\"2019-08-09T20:05:51+00:00\",\"dateModified\":\"2019-08-09T20:05:53+00:00\",\"mainEntityOfPage\":{\"@id\":\"https:\\\/\\\/super-news.info\\\/es\\\/la-crisis-politica-en-italia-dispara-la-prima-de-riesgo-a-maximos-desde-junio\\\/\"},\"wordCount\":716,\"commentCount\":0,\"image\":{\"@id\":\"https:\\\/\\\/super-news.info\\\/es\\\/la-crisis-politica-en-italia-dispara-la-prima-de-riesgo-a-maximos-desde-junio\\\/#primaryimage\"},\"thumbnailUrl\":\"https:\\\/\\\/super-news.info\\\/es\\\/wp-content\\\/uploads\\\/sites\\\/4\\\/2019\\\/04\\\/La-tasa-de-empleo-de-la-OCDE-registr\u00f3-un-r\u00e9cord.jpg\",\"articleSection\":[\"NOTICIAS FINANCIERAS\"],\"inLanguage\":\"en-US\",\"potentialAction\":[{\"@type\":\"CommentAction\",\"name\":\"Comment\",\"target\":[\"https:\\\/\\\/super-news.info\\\/es\\\/la-crisis-politica-en-italia-dispara-la-prima-de-riesgo-a-maximos-desde-junio\\\/#respond\"]}]},{\"@type\":\"WebPage\",\"@id\":\"https:\\\/\\\/super-news.info\\\/es\\\/la-crisis-politica-en-italia-dispara-la-prima-de-riesgo-a-maximos-desde-junio\\\/\",\"url\":\"https:\\\/\\\/super-news.info\\\/es\\\/la-crisis-politica-en-italia-dispara-la-prima-de-riesgo-a-maximos-desde-junio\\\/\",\"name\":\"La crisis pol\u00edtica en Italia dispara la prima de riesgo a m\u00e1ximos desde junio - Super News\",\"isPartOf\":{\"@id\":\"https:\\\/\\\/super-news.info\\\/es\\\/#website\"},\"primaryImageOfPage\":{\"@id\":\"https:\\\/\\\/super-news.info\\\/es\\\/la-crisis-politica-en-italia-dispara-la-prima-de-riesgo-a-maximos-desde-junio\\\/#primaryimage\"},\"image\":{\"@id\":\"https:\\\/\\\/super-news.info\\\/es\\\/la-crisis-politica-en-italia-dispara-la-prima-de-riesgo-a-maximos-desde-junio\\\/#primaryimage\"},\"thumbnailUrl\":\"https:\\\/\\\/super-news.info\\\/es\\\/wp-content\\\/uploads\\\/sites\\\/4\\\/2019\\\/04\\\/La-tasa-de-empleo-de-la-OCDE-registr\u00f3-un-r\u00e9cord.jpg\",\"datePublished\":\"2019-08-09T20:05:51+00:00\",\"dateModified\":\"2019-08-09T20:05:53+00:00\",\"author\":{\"@id\":\"https:\\\/\\\/super-news.info\\\/es\\\/#\\\/schema\\\/person\\\/2d4068cb2f39cd10008c2fce578a7356\"},\"breadcrumb\":{\"@id\":\"https:\\\/\\\/super-news.info\\\/es\\\/la-crisis-politica-en-italia-dispara-la-prima-de-riesgo-a-maximos-desde-junio\\\/#breadcrumb\"},\"inLanguage\":\"en-US\",\"potentialAction\":[{\"@type\":\"ReadAction\",\"target\":[\"https:\\\/\\\/super-news.info\\\/es\\\/la-crisis-politica-en-italia-dispara-la-prima-de-riesgo-a-maximos-desde-junio\\\/\"]}]},{\"@type\":\"ImageObject\",\"inLanguage\":\"en-US\",\"@id\":\"https:\\\/\\\/super-news.info\\\/es\\\/la-crisis-politica-en-italia-dispara-la-prima-de-riesgo-a-maximos-desde-junio\\\/#primaryimage\",\"url\":\"https:\\\/\\\/super-news.info\\\/es\\\/wp-content\\\/uploads\\\/sites\\\/4\\\/2019\\\/04\\\/La-tasa-de-empleo-de-la-OCDE-registr\u00f3-un-r\u00e9cord.jpg\",\"contentUrl\":\"https:\\\/\\\/super-news.info\\\/es\\\/wp-content\\\/uploads\\\/sites\\\/4\\\/2019\\\/04\\\/La-tasa-de-empleo-de-la-OCDE-registr\u00f3-un-r\u00e9cord.jpg\",\"width\":1024,\"height\":512,\"caption\":\"La tasa de empleo de la OCDE registr\u00f3 un r\u00e9cord del 68,6% al cierre de 2018\"},{\"@type\":\"BreadcrumbList\",\"@id\":\"https:\\\/\\\/super-news.info\\\/es\\\/la-crisis-politica-en-italia-dispara-la-prima-de-riesgo-a-maximos-desde-junio\\\/#breadcrumb\",\"itemListElement\":[{\"@type\":\"ListItem\",\"position\":1,\"name\":\"\u0413\u043b\u0430\u0432\u043d\u0430\u044f \u0441\u0442\u0440\u0430\u043d\u0438\u0446\u0430\",\"item\":\"https:\\\/\\\/super-news.info\\\/es\\\/\"},{\"@type\":\"ListItem\",\"position\":2,\"name\":\"La crisis pol\u00edtica en Italia dispara la prima de riesgo a m\u00e1ximos desde junio\"}]},{\"@type\":\"WebSite\",\"@id\":\"https:\\\/\\\/super-news.info\\\/es\\\/#website\",\"url\":\"https:\\\/\\\/super-news.info\\\/es\\\/\",\"name\":\"Super News\",\"description\":\"Super News Espa\u00f1a\",\"potentialAction\":[{\"@type\":\"SearchAction\",\"target\":{\"@type\":\"EntryPoint\",\"urlTemplate\":\"https:\\\/\\\/super-news.info\\\/es\\\/?s={search_term_string}\"},\"query-input\":{\"@type\":\"PropertyValueSpecification\",\"valueRequired\":true,\"valueName\":\"search_term_string\"}}],\"inLanguage\":\"en-US\"},{\"@type\":\"Person\",\"@id\":\"https:\\\/\\\/super-news.info\\\/es\\\/#\\\/schema\\\/person\\\/2d4068cb2f39cd10008c2fce578a7356\",\"name\":\"super-news\",\"image\":{\"@type\":\"ImageObject\",\"inLanguage\":\"en-US\",\"@id\":\"https:\\\/\\\/secure.gravatar.com\\\/avatar\\\/64ebac40b93f26a154f8a9b5b6fdccfc46f442b26b3dd6756dbff3bf9dc76fd7?s=96&d=mm&r=g\",\"url\":\"https:\\\/\\\/secure.gravatar.com\\\/avatar\\\/64ebac40b93f26a154f8a9b5b6fdccfc46f442b26b3dd6756dbff3bf9dc76fd7?s=96&d=mm&r=g\",\"contentUrl\":\"https:\\\/\\\/secure.gravatar.com\\\/avatar\\\/64ebac40b93f26a154f8a9b5b6fdccfc46f442b26b3dd6756dbff3bf9dc76fd7?s=96&d=mm&r=g\",\"caption\":\"super-news\"},\"url\":\"https:\\\/\\\/super-news.info\\\/es\\\/author\\\/pt\\\/\"}]}<\/script>\n<!-- \/ Yoast SEO plugin. -->","yoast_head_json":{"title":"La crisis pol\u00edtica en Italia dispara la prima de riesgo a m\u00e1ximos desde junio - Super News","robots":{"index":"index","follow":"follow","max-snippet":"max-snippet:-1","max-image-preview":"max-image-preview:large","max-video-preview":"max-video-preview:-1"},"canonical":"https:\/\/super-news.info\/es\/la-crisis-politica-en-italia-dispara-la-prima-de-riesgo-a-maximos-desde-junio\/","og_locale":"en_US","og_type":"article","og_title":"La crisis pol\u00edtica en Italia dispara la prima de riesgo a m\u00e1ximos desde junio - Super News","og_description":"[ad_1] LONDRES, 9 Ago. (EUROPA PRESS) &#8211; La crisis pol\u00edtica abierta en Italia, despu\u00e9s de que La Liga, el partido que dirige Matteo Salvini, haya anunciado una moci\u00f3n de censura contra el primer ministro, Giuseppe Conte, ha provocado un fuerte repunte de la rentabilidad de la deuda del pa\u00eds transalpino, ampliando el diferencial del bono [&hellip;]","og_url":"https:\/\/super-news.info\/es\/la-crisis-politica-en-italia-dispara-la-prima-de-riesgo-a-maximos-desde-junio\/","og_site_name":"Super News","article_published_time":"2019-08-09T20:05:51+00:00","article_modified_time":"2019-08-09T20:05:53+00:00","og_image":[{"width":1024,"height":512,"url":"https:\/\/super-news.info\/es\/wp-content\/uploads\/sites\/4\/2019\/04\/La-tasa-de-empleo-de-la-OCDE-registr\u00f3-un-r\u00e9cord.jpg","type":"image\/jpeg"}],"author":"super-news","twitter_card":"summary_large_image","twitter_misc":{"Written by":"super-news","Est. reading time":"4 minutes"},"schema":{"@context":"https:\/\/schema.org","@graph":[{"@type":"Article","@id":"https:\/\/super-news.info\/es\/la-crisis-politica-en-italia-dispara-la-prima-de-riesgo-a-maximos-desde-junio\/#article","isPartOf":{"@id":"https:\/\/super-news.info\/es\/la-crisis-politica-en-italia-dispara-la-prima-de-riesgo-a-maximos-desde-junio\/"},"author":{"name":"super-news","@id":"https:\/\/super-news.info\/es\/#\/schema\/person\/2d4068cb2f39cd10008c2fce578a7356"},"headline":"La crisis pol\u00edtica en Italia dispara la prima de riesgo a m\u00e1ximos desde junio","datePublished":"2019-08-09T20:05:51+00:00","dateModified":"2019-08-09T20:05:53+00:00","mainEntityOfPage":{"@id":"https:\/\/super-news.info\/es\/la-crisis-politica-en-italia-dispara-la-prima-de-riesgo-a-maximos-desde-junio\/"},"wordCount":716,"commentCount":0,"image":{"@id":"https:\/\/super-news.info\/es\/la-crisis-politica-en-italia-dispara-la-prima-de-riesgo-a-maximos-desde-junio\/#primaryimage"},"thumbnailUrl":"https:\/\/super-news.info\/es\/wp-content\/uploads\/sites\/4\/2019\/04\/La-tasa-de-empleo-de-la-OCDE-registr\u00f3-un-r\u00e9cord.jpg","articleSection":["NOTICIAS FINANCIERAS"],"inLanguage":"en-US","potentialAction":[{"@type":"CommentAction","name":"Comment","target":["https:\/\/super-news.info\/es\/la-crisis-politica-en-italia-dispara-la-prima-de-riesgo-a-maximos-desde-junio\/#respond"]}]},{"@type":"WebPage","@id":"https:\/\/super-news.info\/es\/la-crisis-politica-en-italia-dispara-la-prima-de-riesgo-a-maximos-desde-junio\/","url":"https:\/\/super-news.info\/es\/la-crisis-politica-en-italia-dispara-la-prima-de-riesgo-a-maximos-desde-junio\/","name":"La crisis pol\u00edtica en Italia dispara la prima de riesgo a m\u00e1ximos desde junio - Super News","isPartOf":{"@id":"https:\/\/super-news.info\/es\/#website"},"primaryImageOfPage":{"@id":"https:\/\/super-news.info\/es\/la-crisis-politica-en-italia-dispara-la-prima-de-riesgo-a-maximos-desde-junio\/#primaryimage"},"image":{"@id":"https:\/\/super-news.info\/es\/la-crisis-politica-en-italia-dispara-la-prima-de-riesgo-a-maximos-desde-junio\/#primaryimage"},"thumbnailUrl":"https:\/\/super-news.info\/es\/wp-content\/uploads\/sites\/4\/2019\/04\/La-tasa-de-empleo-de-la-OCDE-registr\u00f3-un-r\u00e9cord.jpg","datePublished":"2019-08-09T20:05:51+00:00","dateModified":"2019-08-09T20:05:53+00:00","author":{"@id":"https:\/\/super-news.info\/es\/#\/schema\/person\/2d4068cb2f39cd10008c2fce578a7356"},"breadcrumb":{"@id":"https:\/\/super-news.info\/es\/la-crisis-politica-en-italia-dispara-la-prima-de-riesgo-a-maximos-desde-junio\/#breadcrumb"},"inLanguage":"en-US","potentialAction":[{"@type":"ReadAction","target":["https:\/\/super-news.info\/es\/la-crisis-politica-en-italia-dispara-la-prima-de-riesgo-a-maximos-desde-junio\/"]}]},{"@type":"ImageObject","inLanguage":"en-US","@id":"https:\/\/super-news.info\/es\/la-crisis-politica-en-italia-dispara-la-prima-de-riesgo-a-maximos-desde-junio\/#primaryimage","url":"https:\/\/super-news.info\/es\/wp-content\/uploads\/sites\/4\/2019\/04\/La-tasa-de-empleo-de-la-OCDE-registr\u00f3-un-r\u00e9cord.jpg","contentUrl":"https:\/\/super-news.info\/es\/wp-content\/uploads\/sites\/4\/2019\/04\/La-tasa-de-empleo-de-la-OCDE-registr\u00f3-un-r\u00e9cord.jpg","width":1024,"height":512,"caption":"La tasa de empleo de la OCDE registr\u00f3 un r\u00e9cord del 68,6% al cierre de 2018"},{"@type":"BreadcrumbList","@id":"https:\/\/super-news.info\/es\/la-crisis-politica-en-italia-dispara-la-prima-de-riesgo-a-maximos-desde-junio\/#breadcrumb","itemListElement":[{"@type":"ListItem","position":1,"name":"\u0413\u043b\u0430\u0432\u043d\u0430\u044f \u0441\u0442\u0440\u0430\u043d\u0438\u0446\u0430","item":"https:\/\/super-news.info\/es\/"},{"@type":"ListItem","position":2,"name":"La crisis pol\u00edtica en Italia dispara la prima de riesgo a m\u00e1ximos desde junio"}]},{"@type":"WebSite","@id":"https:\/\/super-news.info\/es\/#website","url":"https:\/\/super-news.info\/es\/","name":"Super News","description":"Super News Espa\u00f1a","potentialAction":[{"@type":"SearchAction","target":{"@type":"EntryPoint","urlTemplate":"https:\/\/super-news.info\/es\/?s={search_term_string}"},"query-input":{"@type":"PropertyValueSpecification","valueRequired":true,"valueName":"search_term_string"}}],"inLanguage":"en-US"},{"@type":"Person","@id":"https:\/\/super-news.info\/es\/#\/schema\/person\/2d4068cb2f39cd10008c2fce578a7356","name":"super-news","image":{"@type":"ImageObject","inLanguage":"en-US","@id":"https:\/\/secure.gravatar.com\/avatar\/64ebac40b93f26a154f8a9b5b6fdccfc46f442b26b3dd6756dbff3bf9dc76fd7?s=96&d=mm&r=g","url":"https:\/\/secure.gravatar.com\/avatar\/64ebac40b93f26a154f8a9b5b6fdccfc46f442b26b3dd6756dbff3bf9dc76fd7?s=96&d=mm&r=g","contentUrl":"https:\/\/secure.gravatar.com\/avatar\/64ebac40b93f26a154f8a9b5b6fdccfc46f442b26b3dd6756dbff3bf9dc76fd7?s=96&d=mm&r=g","caption":"super-news"},"url":"https:\/\/super-news.info\/es\/author\/pt\/"}]}},"_links":{"self":[{"href":"https:\/\/super-news.info\/es\/wp-json\/wp\/v2\/posts\/8404","targetHints":{"allow":["GET"]}}],"collection":[{"href":"https:\/\/super-news.info\/es\/wp-json\/wp\/v2\/posts"}],"about":[{"href":"https:\/\/super-news.info\/es\/wp-json\/wp\/v2\/types\/post"}],"author":[{"embeddable":true,"href":"https:\/\/super-news.info\/es\/wp-json\/wp\/v2\/users\/2"}],"replies":[{"embeddable":true,"href":"https:\/\/super-news.info\/es\/wp-json\/wp\/v2\/comments?post=8404"}],"version-history":[{"count":1,"href":"https:\/\/super-news.info\/es\/wp-json\/wp\/v2\/posts\/8404\/revisions"}],"predecessor-version":[{"id":8405,"href":"https:\/\/super-news.info\/es\/wp-json\/wp\/v2\/posts\/8404\/revisions\/8405"}],"wp:featuredmedia":[{"embeddable":true,"href":"https:\/\/super-news.info\/es\/wp-json\/wp\/v2\/media\/180"}],"wp:attachment":[{"href":"https:\/\/super-news.info\/es\/wp-json\/wp\/v2\/media?parent=8404"}],"wp:term":[{"taxonomy":"category","embeddable":true,"href":"https:\/\/super-news.info\/es\/wp-json\/wp\/v2\/categories?post=8404"},{"taxonomy":"post_tag","embeddable":true,"href":"https:\/\/super-news.info\/es\/wp-json\/wp\/v2\/tags?post=8404"}],"curies":[{"name":"wp","href":"https:\/\/api.w.org\/{rel}","templated":true}]}}