{"id":8398,"date":"2019-08-09T21:56:42","date_gmt":"2019-08-09T18:56:42","guid":{"rendered":"https:\/\/super-news.info\/es\/el-ave-a-la-meca-incrementa-sus-servicios-durante-su-primera-peregrinacion-a-la-ciudad-santa\/"},"modified":"2019-08-09T21:56:44","modified_gmt":"2019-08-09T18:56:44","slug":"el-ave-a-la-meca-incrementa-sus-servicios-durante-su-primera-peregrinacion-a-la-ciudad-santa","status":"publish","type":"post","link":"https:\/\/super-news.info\/es\/el-ave-a-la-meca-incrementa-sus-servicios-durante-su-primera-peregrinacion-a-la-ciudad-santa\/","title":{"rendered":"El AVE a la Meca incrementa sus servicios durante su primera peregrinaci\u00f3n a la ciudad santa"},"content":{"rendered":"<p> [ad_1]<\/p>\n<div id=\"CuerpoNoticiav2\" itemprop=\"articleBody\">\n<p itemprop=\"description\">MADRID, 9 Ago. (EUROPA PRESS) &#8211;<\/p>\n<p>La l\u00ednea de alta velocidad entre las ciudades saud\u00edes de Medina y La Meca, construido bajo un consorcio de 12 empresas espa\u00f1olas y dos locales, ha incrementado las frecuencias con motivo del estreno de su primer servicio durante la peregrinaci\u00f3n anual (Hajj) a la ciudad santa.<\/p>\n<p>Seg\u00fan han se\u00f1alado a Europa Press fuentes del Consorcio Espa\u00f1ol Alta Velocidad Meca Medina, se trata de la mayor oferta comercial desde el inicio de su actividad en octubre del a\u00f1o pasado, habilitando un programa especial que se extender\u00e1 hasta el pr\u00f3ximo 17 de agosto.<\/p>\n<p>En concreto, ha seguido un incremento progresivo de los servicios, desde el 29 de julio, hasta alcanzar al final de dicho programa en torno a 80 servicios semanales entre las ciudades de La Meca y Medina con parada en las estaciones de KAEC (King Abdullah Economic City) y Yeda, frente a los 64 que ofrec\u00eda previamente.<\/p>\n<p>En esta programaci\u00f3n, Haramain ha introducido trenes en doble composici\u00f3n, que duplican la capacidad del transporte de viajeros hasta las 834 plazas, para facilitar el movimiento de los millones de peregrinos que viajan a las ciudades santas del Islam durante estas fechas.<\/p>\n<h2 class=\"ladillo\">CASI 700.000 VIAJEROS<\/h2>\n<p>Desde el pasado 11 de octubre, Haramain ha ofrecido m\u00e1s de 1.700 servicios comerciales para m\u00e1s de 690.000 viajeros y con una puntualidad del 96,2% de llegadas sin demoras. Los trenes han recorrido un total de m\u00e1s de 990.000 kil\u00f3metros, incluidas<br \/>simulaciones comerciales y pruebas.<\/p>\n<p>El presidente del consorcio espa\u00f1ol, Jorge Segrelles, ha mostrado su &#8220;profunda satisfacci\u00f3n&#8221; por ofrecer el primer servicio especial que permitir\u00e1 a los peregrinos llegar a las distintas ciudades santas. &#8220;Tanto el n\u00famero de relaciones diarias como las prestaciones de los servicios seguir\u00e1n elev\u00e1ndose de forma progresiva, como lo han venido haciendo hasta ahora, durante los pr\u00f3ximos meses, en los que se producir\u00e1n diversos hitos que pondr\u00e1n de relieve el constante avance de la operaci\u00f3n comercial&#8221;, ha explicado.<\/p>\n<p>Las empresas que forman parte del consorcio son Abengoa Inabensa, Adif, Cobra, Consultrans, Copasa, Imathia, Indra, Ineco, OHL, Renfe, Siemens Rail Automation, Talgo, Al Rosan y Al Shoula.<\/p>\n<\/div>\n<p>[ad_2]<br \/>\n<br \/><a href=\"https:\/\/www.europapress.es\/economia\/transportes-00343\/noticia-ave-meca-incrementa-servicios-primera-peregrinacion-ciudad-santa-20190809193313.html\">Source link <\/a><\/p>\n","protected":false},"excerpt":{"rendered":"<p>[ad_1] MADRID, 9 Ago. (EUROPA PRESS) &#8211; La l\u00ednea de alta velocidad entre las ciudades saud\u00edes de Medina y La Meca, construido bajo un consorcio de 12 empresas espa\u00f1olas y dos locales, ha incrementado las frecuencias con motivo del estreno de su primer servicio durante la peregrinaci\u00f3n anual (Hajj) a la ciudad santa. Seg\u00fan han [&hellip;]<\/p>\n","protected":false},"author":2,"featured_media":8399,"comment_status":"open","ping_status":"open","sticky":false,"template":"","format":"standard","meta":{"footnotes":""},"categories":[1],"tags":[],"class_list":["post-8398","post","type-post","status-publish","format-standard","has-post-thumbnail","hentry","category-noticias-financieras"],"yoast_head":"<!-- This site is optimized with the Yoast SEO plugin v27.4 - https:\/\/yoast.com\/product\/yoast-seo-wordpress\/ -->\n<title>El AVE a la Meca incrementa sus servicios durante su primera peregrinaci\u00f3n a la ciudad santa - Super News<\/title>\n<meta name=\"robots\" content=\"index, follow, max-snippet:-1, max-image-preview:large, max-video-preview:-1\" \/>\n<link rel=\"canonical\" href=\"https:\/\/super-news.info\/es\/el-ave-a-la-meca-incrementa-sus-servicios-durante-su-primera-peregrinacion-a-la-ciudad-santa\/\" \/>\n<meta property=\"og:locale\" content=\"en_US\" \/>\n<meta property=\"og:type\" content=\"article\" \/>\n<meta property=\"og:title\" content=\"El AVE a la Meca incrementa sus servicios durante su primera peregrinaci\u00f3n a la ciudad santa - Super News\" \/>\n<meta property=\"og:description\" content=\"[ad_1] MADRID, 9 Ago. (EUROPA PRESS) &#8211; La l\u00ednea de alta velocidad entre las ciudades saud\u00edes de Medina y La Meca, construido bajo un consorcio de 12 empresas espa\u00f1olas y dos locales, ha incrementado las frecuencias con motivo del estreno de su primer servicio durante la peregrinaci\u00f3n anual (Hajj) a la ciudad santa. Seg\u00fan han [&hellip;]\" \/>\n<meta property=\"og:url\" content=\"https:\/\/super-news.info\/es\/el-ave-a-la-meca-incrementa-sus-servicios-durante-su-primera-peregrinacion-a-la-ciudad-santa\/\" \/>\n<meta property=\"og:site_name\" content=\"Super News\" \/>\n<meta property=\"article:published_time\" content=\"2019-08-09T18:56:42+00:00\" \/>\n<meta property=\"article:modified_time\" content=\"2019-08-09T18:56:44+00:00\" \/>\n<meta property=\"og:image\" content=\"https:\/\/super-news.info\/es\/wp-content\/uploads\/sites\/4\/2019\/08\/El-AVE-a-la-Meca-incrementa-sus-servicios-durante-su.jpg\" \/>\n\t<meta property=\"og:image:width\" content=\"120\" \/>\n\t<meta property=\"og:image:height\" content=\"67\" \/>\n\t<meta property=\"og:image:type\" content=\"image\/jpeg\" \/>\n<meta name=\"author\" content=\"super-news\" \/>\n<meta name=\"twitter:card\" content=\"summary_large_image\" \/>\n<meta name=\"twitter:label1\" content=\"Written by\" \/>\n\t<meta name=\"twitter:data1\" content=\"super-news\" \/>\n\t<meta name=\"twitter:label2\" content=\"Est. reading time\" \/>\n\t<meta name=\"twitter:data2\" content=\"2 minutes\" \/>\n<script type=\"application\/ld+json\" class=\"yoast-schema-graph\">{\"@context\":\"https:\\\/\\\/schema.org\",\"@graph\":[{\"@type\":\"Article\",\"@id\":\"https:\\\/\\\/super-news.info\\\/es\\\/el-ave-a-la-meca-incrementa-sus-servicios-durante-su-primera-peregrinacion-a-la-ciudad-santa\\\/#article\",\"isPartOf\":{\"@id\":\"https:\\\/\\\/super-news.info\\\/es\\\/el-ave-a-la-meca-incrementa-sus-servicios-durante-su-primera-peregrinacion-a-la-ciudad-santa\\\/\"},\"author\":{\"name\":\"super-news\",\"@id\":\"https:\\\/\\\/super-news.info\\\/es\\\/#\\\/schema\\\/person\\\/2d4068cb2f39cd10008c2fce578a7356\"},\"headline\":\"El AVE a la Meca incrementa sus servicios durante su primera peregrinaci\u00f3n a la ciudad santa\",\"datePublished\":\"2019-08-09T18:56:42+00:00\",\"dateModified\":\"2019-08-09T18:56:44+00:00\",\"mainEntityOfPage\":{\"@id\":\"https:\\\/\\\/super-news.info\\\/es\\\/el-ave-a-la-meca-incrementa-sus-servicios-durante-su-primera-peregrinacion-a-la-ciudad-santa\\\/\"},\"wordCount\":380,\"commentCount\":0,\"image\":{\"@id\":\"https:\\\/\\\/super-news.info\\\/es\\\/el-ave-a-la-meca-incrementa-sus-servicios-durante-su-primera-peregrinacion-a-la-ciudad-santa\\\/#primaryimage\"},\"thumbnailUrl\":\"https:\\\/\\\/super-news.info\\\/es\\\/wp-content\\\/uploads\\\/sites\\\/4\\\/2019\\\/08\\\/El-AVE-a-la-Meca-incrementa-sus-servicios-durante-su.jpg\",\"articleSection\":[\"NOTICIAS FINANCIERAS\"],\"inLanguage\":\"en-US\",\"potentialAction\":[{\"@type\":\"CommentAction\",\"name\":\"Comment\",\"target\":[\"https:\\\/\\\/super-news.info\\\/es\\\/el-ave-a-la-meca-incrementa-sus-servicios-durante-su-primera-peregrinacion-a-la-ciudad-santa\\\/#respond\"]}]},{\"@type\":\"WebPage\",\"@id\":\"https:\\\/\\\/super-news.info\\\/es\\\/el-ave-a-la-meca-incrementa-sus-servicios-durante-su-primera-peregrinacion-a-la-ciudad-santa\\\/\",\"url\":\"https:\\\/\\\/super-news.info\\\/es\\\/el-ave-a-la-meca-incrementa-sus-servicios-durante-su-primera-peregrinacion-a-la-ciudad-santa\\\/\",\"name\":\"El AVE a la Meca incrementa sus servicios durante su primera peregrinaci\u00f3n a la ciudad santa - Super News\",\"isPartOf\":{\"@id\":\"https:\\\/\\\/super-news.info\\\/es\\\/#website\"},\"primaryImageOfPage\":{\"@id\":\"https:\\\/\\\/super-news.info\\\/es\\\/el-ave-a-la-meca-incrementa-sus-servicios-durante-su-primera-peregrinacion-a-la-ciudad-santa\\\/#primaryimage\"},\"image\":{\"@id\":\"https:\\\/\\\/super-news.info\\\/es\\\/el-ave-a-la-meca-incrementa-sus-servicios-durante-su-primera-peregrinacion-a-la-ciudad-santa\\\/#primaryimage\"},\"thumbnailUrl\":\"https:\\\/\\\/super-news.info\\\/es\\\/wp-content\\\/uploads\\\/sites\\\/4\\\/2019\\\/08\\\/El-AVE-a-la-Meca-incrementa-sus-servicios-durante-su.jpg\",\"datePublished\":\"2019-08-09T18:56:42+00:00\",\"dateModified\":\"2019-08-09T18:56:44+00:00\",\"author\":{\"@id\":\"https:\\\/\\\/super-news.info\\\/es\\\/#\\\/schema\\\/person\\\/2d4068cb2f39cd10008c2fce578a7356\"},\"breadcrumb\":{\"@id\":\"https:\\\/\\\/super-news.info\\\/es\\\/el-ave-a-la-meca-incrementa-sus-servicios-durante-su-primera-peregrinacion-a-la-ciudad-santa\\\/#breadcrumb\"},\"inLanguage\":\"en-US\",\"potentialAction\":[{\"@type\":\"ReadAction\",\"target\":[\"https:\\\/\\\/super-news.info\\\/es\\\/el-ave-a-la-meca-incrementa-sus-servicios-durante-su-primera-peregrinacion-a-la-ciudad-santa\\\/\"]}]},{\"@type\":\"ImageObject\",\"inLanguage\":\"en-US\",\"@id\":\"https:\\\/\\\/super-news.info\\\/es\\\/el-ave-a-la-meca-incrementa-sus-servicios-durante-su-primera-peregrinacion-a-la-ciudad-santa\\\/#primaryimage\",\"url\":\"https:\\\/\\\/super-news.info\\\/es\\\/wp-content\\\/uploads\\\/sites\\\/4\\\/2019\\\/08\\\/El-AVE-a-la-Meca-incrementa-sus-servicios-durante-su.jpg\",\"contentUrl\":\"https:\\\/\\\/super-news.info\\\/es\\\/wp-content\\\/uploads\\\/sites\\\/4\\\/2019\\\/08\\\/El-AVE-a-la-Meca-incrementa-sus-servicios-durante-su.jpg\",\"width\":120,\"height\":67,\"caption\":\"El AVE a la Meca incrementa sus servicios durante su primera peregrinaci\u00f3n a la ciudad santa\"},{\"@type\":\"BreadcrumbList\",\"@id\":\"https:\\\/\\\/super-news.info\\\/es\\\/el-ave-a-la-meca-incrementa-sus-servicios-durante-su-primera-peregrinacion-a-la-ciudad-santa\\\/#breadcrumb\",\"itemListElement\":[{\"@type\":\"ListItem\",\"position\":1,\"name\":\"\u0413\u043b\u0430\u0432\u043d\u0430\u044f \u0441\u0442\u0440\u0430\u043d\u0438\u0446\u0430\",\"item\":\"https:\\\/\\\/super-news.info\\\/es\\\/\"},{\"@type\":\"ListItem\",\"position\":2,\"name\":\"El AVE a la Meca incrementa sus servicios durante su primera peregrinaci\u00f3n a la ciudad santa\"}]},{\"@type\":\"WebSite\",\"@id\":\"https:\\\/\\\/super-news.info\\\/es\\\/#website\",\"url\":\"https:\\\/\\\/super-news.info\\\/es\\\/\",\"name\":\"Super News\",\"description\":\"Super News Espa\u00f1a\",\"potentialAction\":[{\"@type\":\"SearchAction\",\"target\":{\"@type\":\"EntryPoint\",\"urlTemplate\":\"https:\\\/\\\/super-news.info\\\/es\\\/?s={search_term_string}\"},\"query-input\":{\"@type\":\"PropertyValueSpecification\",\"valueRequired\":true,\"valueName\":\"search_term_string\"}}],\"inLanguage\":\"en-US\"},{\"@type\":\"Person\",\"@id\":\"https:\\\/\\\/super-news.info\\\/es\\\/#\\\/schema\\\/person\\\/2d4068cb2f39cd10008c2fce578a7356\",\"name\":\"super-news\",\"image\":{\"@type\":\"ImageObject\",\"inLanguage\":\"en-US\",\"@id\":\"https:\\\/\\\/secure.gravatar.com\\\/avatar\\\/64ebac40b93f26a154f8a9b5b6fdccfc46f442b26b3dd6756dbff3bf9dc76fd7?s=96&d=mm&r=g\",\"url\":\"https:\\\/\\\/secure.gravatar.com\\\/avatar\\\/64ebac40b93f26a154f8a9b5b6fdccfc46f442b26b3dd6756dbff3bf9dc76fd7?s=96&d=mm&r=g\",\"contentUrl\":\"https:\\\/\\\/secure.gravatar.com\\\/avatar\\\/64ebac40b93f26a154f8a9b5b6fdccfc46f442b26b3dd6756dbff3bf9dc76fd7?s=96&d=mm&r=g\",\"caption\":\"super-news\"},\"url\":\"https:\\\/\\\/super-news.info\\\/es\\\/author\\\/pt\\\/\"}]}<\/script>\n<!-- \/ Yoast SEO plugin. -->","yoast_head_json":{"title":"El AVE a la Meca incrementa sus servicios durante su primera peregrinaci\u00f3n a la ciudad santa - Super News","robots":{"index":"index","follow":"follow","max-snippet":"max-snippet:-1","max-image-preview":"max-image-preview:large","max-video-preview":"max-video-preview:-1"},"canonical":"https:\/\/super-news.info\/es\/el-ave-a-la-meca-incrementa-sus-servicios-durante-su-primera-peregrinacion-a-la-ciudad-santa\/","og_locale":"en_US","og_type":"article","og_title":"El AVE a la Meca incrementa sus servicios durante su primera peregrinaci\u00f3n a la ciudad santa - Super News","og_description":"[ad_1] MADRID, 9 Ago. (EUROPA PRESS) &#8211; La l\u00ednea de alta velocidad entre las ciudades saud\u00edes de Medina y La Meca, construido bajo un consorcio de 12 empresas espa\u00f1olas y dos locales, ha incrementado las frecuencias con motivo del estreno de su primer servicio durante la peregrinaci\u00f3n anual (Hajj) a la ciudad santa. Seg\u00fan han [&hellip;]","og_url":"https:\/\/super-news.info\/es\/el-ave-a-la-meca-incrementa-sus-servicios-durante-su-primera-peregrinacion-a-la-ciudad-santa\/","og_site_name":"Super News","article_published_time":"2019-08-09T18:56:42+00:00","article_modified_time":"2019-08-09T18:56:44+00:00","og_image":[{"width":120,"height":67,"url":"https:\/\/super-news.info\/es\/wp-content\/uploads\/sites\/4\/2019\/08\/El-AVE-a-la-Meca-incrementa-sus-servicios-durante-su.jpg","type":"image\/jpeg"}],"author":"super-news","twitter_card":"summary_large_image","twitter_misc":{"Written by":"super-news","Est. reading time":"2 minutes"},"schema":{"@context":"https:\/\/schema.org","@graph":[{"@type":"Article","@id":"https:\/\/super-news.info\/es\/el-ave-a-la-meca-incrementa-sus-servicios-durante-su-primera-peregrinacion-a-la-ciudad-santa\/#article","isPartOf":{"@id":"https:\/\/super-news.info\/es\/el-ave-a-la-meca-incrementa-sus-servicios-durante-su-primera-peregrinacion-a-la-ciudad-santa\/"},"author":{"name":"super-news","@id":"https:\/\/super-news.info\/es\/#\/schema\/person\/2d4068cb2f39cd10008c2fce578a7356"},"headline":"El AVE a la Meca incrementa sus servicios durante su primera peregrinaci\u00f3n a la ciudad santa","datePublished":"2019-08-09T18:56:42+00:00","dateModified":"2019-08-09T18:56:44+00:00","mainEntityOfPage":{"@id":"https:\/\/super-news.info\/es\/el-ave-a-la-meca-incrementa-sus-servicios-durante-su-primera-peregrinacion-a-la-ciudad-santa\/"},"wordCount":380,"commentCount":0,"image":{"@id":"https:\/\/super-news.info\/es\/el-ave-a-la-meca-incrementa-sus-servicios-durante-su-primera-peregrinacion-a-la-ciudad-santa\/#primaryimage"},"thumbnailUrl":"https:\/\/super-news.info\/es\/wp-content\/uploads\/sites\/4\/2019\/08\/El-AVE-a-la-Meca-incrementa-sus-servicios-durante-su.jpg","articleSection":["NOTICIAS FINANCIERAS"],"inLanguage":"en-US","potentialAction":[{"@type":"CommentAction","name":"Comment","target":["https:\/\/super-news.info\/es\/el-ave-a-la-meca-incrementa-sus-servicios-durante-su-primera-peregrinacion-a-la-ciudad-santa\/#respond"]}]},{"@type":"WebPage","@id":"https:\/\/super-news.info\/es\/el-ave-a-la-meca-incrementa-sus-servicios-durante-su-primera-peregrinacion-a-la-ciudad-santa\/","url":"https:\/\/super-news.info\/es\/el-ave-a-la-meca-incrementa-sus-servicios-durante-su-primera-peregrinacion-a-la-ciudad-santa\/","name":"El AVE a la Meca incrementa sus servicios durante su primera peregrinaci\u00f3n a la ciudad santa - Super News","isPartOf":{"@id":"https:\/\/super-news.info\/es\/#website"},"primaryImageOfPage":{"@id":"https:\/\/super-news.info\/es\/el-ave-a-la-meca-incrementa-sus-servicios-durante-su-primera-peregrinacion-a-la-ciudad-santa\/#primaryimage"},"image":{"@id":"https:\/\/super-news.info\/es\/el-ave-a-la-meca-incrementa-sus-servicios-durante-su-primera-peregrinacion-a-la-ciudad-santa\/#primaryimage"},"thumbnailUrl":"https:\/\/super-news.info\/es\/wp-content\/uploads\/sites\/4\/2019\/08\/El-AVE-a-la-Meca-incrementa-sus-servicios-durante-su.jpg","datePublished":"2019-08-09T18:56:42+00:00","dateModified":"2019-08-09T18:56:44+00:00","author":{"@id":"https:\/\/super-news.info\/es\/#\/schema\/person\/2d4068cb2f39cd10008c2fce578a7356"},"breadcrumb":{"@id":"https:\/\/super-news.info\/es\/el-ave-a-la-meca-incrementa-sus-servicios-durante-su-primera-peregrinacion-a-la-ciudad-santa\/#breadcrumb"},"inLanguage":"en-US","potentialAction":[{"@type":"ReadAction","target":["https:\/\/super-news.info\/es\/el-ave-a-la-meca-incrementa-sus-servicios-durante-su-primera-peregrinacion-a-la-ciudad-santa\/"]}]},{"@type":"ImageObject","inLanguage":"en-US","@id":"https:\/\/super-news.info\/es\/el-ave-a-la-meca-incrementa-sus-servicios-durante-su-primera-peregrinacion-a-la-ciudad-santa\/#primaryimage","url":"https:\/\/super-news.info\/es\/wp-content\/uploads\/sites\/4\/2019\/08\/El-AVE-a-la-Meca-incrementa-sus-servicios-durante-su.jpg","contentUrl":"https:\/\/super-news.info\/es\/wp-content\/uploads\/sites\/4\/2019\/08\/El-AVE-a-la-Meca-incrementa-sus-servicios-durante-su.jpg","width":120,"height":67,"caption":"El AVE a la Meca incrementa sus servicios durante su primera peregrinaci\u00f3n a la ciudad santa"},{"@type":"BreadcrumbList","@id":"https:\/\/super-news.info\/es\/el-ave-a-la-meca-incrementa-sus-servicios-durante-su-primera-peregrinacion-a-la-ciudad-santa\/#breadcrumb","itemListElement":[{"@type":"ListItem","position":1,"name":"\u0413\u043b\u0430\u0432\u043d\u0430\u044f \u0441\u0442\u0440\u0430\u043d\u0438\u0446\u0430","item":"https:\/\/super-news.info\/es\/"},{"@type":"ListItem","position":2,"name":"El AVE a la Meca incrementa sus servicios durante su primera peregrinaci\u00f3n a la ciudad santa"}]},{"@type":"WebSite","@id":"https:\/\/super-news.info\/es\/#website","url":"https:\/\/super-news.info\/es\/","name":"Super News","description":"Super News Espa\u00f1a","potentialAction":[{"@type":"SearchAction","target":{"@type":"EntryPoint","urlTemplate":"https:\/\/super-news.info\/es\/?s={search_term_string}"},"query-input":{"@type":"PropertyValueSpecification","valueRequired":true,"valueName":"search_term_string"}}],"inLanguage":"en-US"},{"@type":"Person","@id":"https:\/\/super-news.info\/es\/#\/schema\/person\/2d4068cb2f39cd10008c2fce578a7356","name":"super-news","image":{"@type":"ImageObject","inLanguage":"en-US","@id":"https:\/\/secure.gravatar.com\/avatar\/64ebac40b93f26a154f8a9b5b6fdccfc46f442b26b3dd6756dbff3bf9dc76fd7?s=96&d=mm&r=g","url":"https:\/\/secure.gravatar.com\/avatar\/64ebac40b93f26a154f8a9b5b6fdccfc46f442b26b3dd6756dbff3bf9dc76fd7?s=96&d=mm&r=g","contentUrl":"https:\/\/secure.gravatar.com\/avatar\/64ebac40b93f26a154f8a9b5b6fdccfc46f442b26b3dd6756dbff3bf9dc76fd7?s=96&d=mm&r=g","caption":"super-news"},"url":"https:\/\/super-news.info\/es\/author\/pt\/"}]}},"_links":{"self":[{"href":"https:\/\/super-news.info\/es\/wp-json\/wp\/v2\/posts\/8398","targetHints":{"allow":["GET"]}}],"collection":[{"href":"https:\/\/super-news.info\/es\/wp-json\/wp\/v2\/posts"}],"about":[{"href":"https:\/\/super-news.info\/es\/wp-json\/wp\/v2\/types\/post"}],"author":[{"embeddable":true,"href":"https:\/\/super-news.info\/es\/wp-json\/wp\/v2\/users\/2"}],"replies":[{"embeddable":true,"href":"https:\/\/super-news.info\/es\/wp-json\/wp\/v2\/comments?post=8398"}],"version-history":[{"count":1,"href":"https:\/\/super-news.info\/es\/wp-json\/wp\/v2\/posts\/8398\/revisions"}],"predecessor-version":[{"id":8400,"href":"https:\/\/super-news.info\/es\/wp-json\/wp\/v2\/posts\/8398\/revisions\/8400"}],"wp:featuredmedia":[{"embeddable":true,"href":"https:\/\/super-news.info\/es\/wp-json\/wp\/v2\/media\/8399"}],"wp:attachment":[{"href":"https:\/\/super-news.info\/es\/wp-json\/wp\/v2\/media?parent=8398"}],"wp:term":[{"taxonomy":"category","embeddable":true,"href":"https:\/\/super-news.info\/es\/wp-json\/wp\/v2\/categories?post=8398"},{"taxonomy":"post_tag","embeddable":true,"href":"https:\/\/super-news.info\/es\/wp-json\/wp\/v2\/tags?post=8398"}],"curies":[{"name":"wp","href":"https:\/\/api.w.org\/{rel}","templated":true}]}}