{"id":8383,"date":"2019-08-09T18:36:38","date_gmt":"2019-08-09T15:36:38","guid":{"rendered":"https:\/\/super-news.info\/es\/ocu-amplia-su-querella-contra-banco-popular-para-que-se-le-investigue-desde-2008\/"},"modified":"2019-08-09T18:36:39","modified_gmt":"2019-08-09T15:36:39","slug":"ocu-amplia-su-querella-contra-banco-popular-para-que-se-le-investigue-desde-2008","status":"publish","type":"post","link":"https:\/\/super-news.info\/es\/ocu-amplia-su-querella-contra-banco-popular-para-que-se-le-investigue-desde-2008\/","title":{"rendered":"OCU ampl\u00eda su querella contra Banco Popular para que se le investigue desde 2008"},"content":{"rendered":"<p> [ad_1]<\/p>\n<div id=\"CuerpoNoticiav2\" itemprop=\"articleBody\">\n<p>MADRID, 9 Ago. (EUROPA PRESS) &#8211; <\/p>\n<p itemprop=\"description\">   La Organizaci\u00f3n de Consumidores y Usuarios (OCU) ha presentado un escrito ante el Juzgado de Instrucci\u00f3n n\u00famero 4 de la Audiencia Nacional en el que se solicita que se ampl\u00ede la querella interpuesta en junio de 2017 contra Banco Popular.<\/p>\n<p>   En concreto, pide que se extienda la investigaci\u00f3n a otras personas presuntamente responsables, pero sobre todo quiere que el origen temporal de la presunta falsedad contable de la informaci\u00f3n financiera y de los estados contables de la entidad se analicen al menos desde el ejercicio 2008.<\/p>\n<p>   Para OCU, la falsedad se manifest\u00f3 de forma &#8220;evidente&#8221; en la informaci\u00f3n financiera suministrada en la ampliaci\u00f3n de capital anunciado en mayo de 2016, si bien se pregunta desde qu\u00e9 momento Popular ven\u00eda ocultando al mercado su verdadera situaci\u00f3n, ya que entonces gener\u00f3 una apariencia de solvencia y beneficios cuando su situaci\u00f3n &#8220;real era de p\u00e9rdidas millonarias&#8221;.<\/p>\n<p>   La organizaci\u00f3n asegura que las diligencias de investigaci\u00f3n practicadas hasta la fecha por la Audiencia Nacional se desprenden al menos veinte indicios relevantes que ponen en evidencia que las &#8220;graves irregularidades contables en el seno de Popular tuvieron su origen al menos en el a\u00f1o 2008&#8221;.<\/p>\n<p>   En junio de 2017, OCU present\u00f3 su denuncia contra la antigua c\u00fapula de la entidad resuelta y posteriormente comprada por el simb\u00f3lico precio de un euro por Banco Santander, entre los que figuran el expresidente de la entidad \u00c1ngel Ron, el exvicepresidente Roberto Higuera y el exconsejero delegado Pedro Larena, adem\u00e1s de contra la auditora PwC y el socio que firm\u00f3 la cuenta, Pedro Barrio, por presunta falsedad contable y estafa a los inversores.<\/p>\n<p>   En un principio, el letrado que present\u00f3 la querella en nombre de OCU, Eliseo Mart\u00ednez, apunt\u00f3 solo a las cuentas del ejercicio 2016, en las que sostuvo que se distorsion\u00f3 de manera intencionada la informaci\u00f3n con la que contaron los consumidores a la hora de actuar sobre operaciones con Popular.<\/p>\n<\/div>\n<p>[ad_2]<br \/>\n<br \/><a href=\"https:\/\/www.europapress.es\/economia\/finanzas-00340\/noticia-ocu-amplia-querella-contra-banco-popular-le-investigue-2008-20190809111309.html\">Source link <\/a><\/p>\n","protected":false},"excerpt":{"rendered":"<p>[ad_1] MADRID, 9 Ago. (EUROPA PRESS) &#8211; La Organizaci\u00f3n de Consumidores y Usuarios (OCU) ha presentado un escrito ante el Juzgado de Instrucci\u00f3n n\u00famero 4 de la Audiencia Nacional en el que se solicita que se ampl\u00ede la querella interpuesta en junio de 2017 contra Banco Popular. En concreto, pide que se extienda la investigaci\u00f3n [&hellip;]<\/p>\n","protected":false},"author":2,"featured_media":8384,"comment_status":"open","ping_status":"open","sticky":false,"template":"","format":"standard","meta":{"footnotes":""},"categories":[1],"tags":[],"class_list":["post-8383","post","type-post","status-publish","format-standard","has-post-thumbnail","hentry","category-noticias-financieras"],"yoast_head":"<!-- This site is optimized with the Yoast SEO plugin v27.4 - https:\/\/yoast.com\/product\/yoast-seo-wordpress\/ -->\n<title>OCU ampl\u00eda su querella contra Banco Popular para que se le investigue desde 2008 - Super News<\/title>\n<meta name=\"robots\" content=\"index, follow, max-snippet:-1, max-image-preview:large, max-video-preview:-1\" \/>\n<link rel=\"canonical\" href=\"https:\/\/super-news.info\/es\/ocu-amplia-su-querella-contra-banco-popular-para-que-se-le-investigue-desde-2008\/\" \/>\n<meta property=\"og:locale\" content=\"en_US\" \/>\n<meta property=\"og:type\" content=\"article\" \/>\n<meta property=\"og:title\" content=\"OCU ampl\u00eda su querella contra Banco Popular para que se le investigue desde 2008 - Super News\" \/>\n<meta property=\"og:description\" content=\"[ad_1] MADRID, 9 Ago. (EUROPA PRESS) &#8211; La Organizaci\u00f3n de Consumidores y Usuarios (OCU) ha presentado un escrito ante el Juzgado de Instrucci\u00f3n n\u00famero 4 de la Audiencia Nacional en el que se solicita que se ampl\u00ede la querella interpuesta en junio de 2017 contra Banco Popular. En concreto, pide que se extienda la investigaci\u00f3n [&hellip;]\" \/>\n<meta property=\"og:url\" content=\"https:\/\/super-news.info\/es\/ocu-amplia-su-querella-contra-banco-popular-para-que-se-le-investigue-desde-2008\/\" \/>\n<meta property=\"og:site_name\" content=\"Super News\" \/>\n<meta property=\"article:published_time\" content=\"2019-08-09T15:36:38+00:00\" \/>\n<meta property=\"article:modified_time\" content=\"2019-08-09T15:36:39+00:00\" \/>\n<meta property=\"og:image\" content=\"https:\/\/super-news.info\/es\/wp-content\/uploads\/sites\/4\/2019\/08\/OCU-ampl\u00eda-su-querella-contra-Banco-Popular-para-que-se.jpg\" \/>\n\t<meta property=\"og:image:width\" content=\"120\" \/>\n\t<meta property=\"og:image:height\" content=\"90\" \/>\n\t<meta property=\"og:image:type\" content=\"image\/jpeg\" \/>\n<meta name=\"author\" content=\"super-news\" \/>\n<meta name=\"twitter:card\" content=\"summary_large_image\" \/>\n<meta name=\"twitter:label1\" content=\"Written by\" \/>\n\t<meta name=\"twitter:data1\" content=\"super-news\" \/>\n\t<meta name=\"twitter:label2\" content=\"Est. reading time\" \/>\n\t<meta name=\"twitter:data2\" content=\"2 minutes\" \/>\n<script type=\"application\/ld+json\" class=\"yoast-schema-graph\">{\"@context\":\"https:\\\/\\\/schema.org\",\"@graph\":[{\"@type\":\"Article\",\"@id\":\"https:\\\/\\\/super-news.info\\\/es\\\/ocu-amplia-su-querella-contra-banco-popular-para-que-se-le-investigue-desde-2008\\\/#article\",\"isPartOf\":{\"@id\":\"https:\\\/\\\/super-news.info\\\/es\\\/ocu-amplia-su-querella-contra-banco-popular-para-que-se-le-investigue-desde-2008\\\/\"},\"author\":{\"name\":\"super-news\",\"@id\":\"https:\\\/\\\/super-news.info\\\/es\\\/#\\\/schema\\\/person\\\/2d4068cb2f39cd10008c2fce578a7356\"},\"headline\":\"OCU ampl\u00eda su querella contra Banco Popular para que se le investigue desde 2008\",\"datePublished\":\"2019-08-09T15:36:38+00:00\",\"dateModified\":\"2019-08-09T15:36:39+00:00\",\"mainEntityOfPage\":{\"@id\":\"https:\\\/\\\/super-news.info\\\/es\\\/ocu-amplia-su-querella-contra-banco-popular-para-que-se-le-investigue-desde-2008\\\/\"},\"wordCount\":349,\"commentCount\":0,\"image\":{\"@id\":\"https:\\\/\\\/super-news.info\\\/es\\\/ocu-amplia-su-querella-contra-banco-popular-para-que-se-le-investigue-desde-2008\\\/#primaryimage\"},\"thumbnailUrl\":\"https:\\\/\\\/super-news.info\\\/es\\\/wp-content\\\/uploads\\\/sites\\\/4\\\/2019\\\/08\\\/OCU-ampl\u00eda-su-querella-contra-Banco-Popular-para-que-se.jpg\",\"articleSection\":[\"NOTICIAS FINANCIERAS\"],\"inLanguage\":\"en-US\",\"potentialAction\":[{\"@type\":\"CommentAction\",\"name\":\"Comment\",\"target\":[\"https:\\\/\\\/super-news.info\\\/es\\\/ocu-amplia-su-querella-contra-banco-popular-para-que-se-le-investigue-desde-2008\\\/#respond\"]}]},{\"@type\":\"WebPage\",\"@id\":\"https:\\\/\\\/super-news.info\\\/es\\\/ocu-amplia-su-querella-contra-banco-popular-para-que-se-le-investigue-desde-2008\\\/\",\"url\":\"https:\\\/\\\/super-news.info\\\/es\\\/ocu-amplia-su-querella-contra-banco-popular-para-que-se-le-investigue-desde-2008\\\/\",\"name\":\"OCU ampl\u00eda su querella contra Banco Popular para que se le investigue desde 2008 - Super News\",\"isPartOf\":{\"@id\":\"https:\\\/\\\/super-news.info\\\/es\\\/#website\"},\"primaryImageOfPage\":{\"@id\":\"https:\\\/\\\/super-news.info\\\/es\\\/ocu-amplia-su-querella-contra-banco-popular-para-que-se-le-investigue-desde-2008\\\/#primaryimage\"},\"image\":{\"@id\":\"https:\\\/\\\/super-news.info\\\/es\\\/ocu-amplia-su-querella-contra-banco-popular-para-que-se-le-investigue-desde-2008\\\/#primaryimage\"},\"thumbnailUrl\":\"https:\\\/\\\/super-news.info\\\/es\\\/wp-content\\\/uploads\\\/sites\\\/4\\\/2019\\\/08\\\/OCU-ampl\u00eda-su-querella-contra-Banco-Popular-para-que-se.jpg\",\"datePublished\":\"2019-08-09T15:36:38+00:00\",\"dateModified\":\"2019-08-09T15:36:39+00:00\",\"author\":{\"@id\":\"https:\\\/\\\/super-news.info\\\/es\\\/#\\\/schema\\\/person\\\/2d4068cb2f39cd10008c2fce578a7356\"},\"breadcrumb\":{\"@id\":\"https:\\\/\\\/super-news.info\\\/es\\\/ocu-amplia-su-querella-contra-banco-popular-para-que-se-le-investigue-desde-2008\\\/#breadcrumb\"},\"inLanguage\":\"en-US\",\"potentialAction\":[{\"@type\":\"ReadAction\",\"target\":[\"https:\\\/\\\/super-news.info\\\/es\\\/ocu-amplia-su-querella-contra-banco-popular-para-que-se-le-investigue-desde-2008\\\/\"]}]},{\"@type\":\"ImageObject\",\"inLanguage\":\"en-US\",\"@id\":\"https:\\\/\\\/super-news.info\\\/es\\\/ocu-amplia-su-querella-contra-banco-popular-para-que-se-le-investigue-desde-2008\\\/#primaryimage\",\"url\":\"https:\\\/\\\/super-news.info\\\/es\\\/wp-content\\\/uploads\\\/sites\\\/4\\\/2019\\\/08\\\/OCU-ampl\u00eda-su-querella-contra-Banco-Popular-para-que-se.jpg\",\"contentUrl\":\"https:\\\/\\\/super-news.info\\\/es\\\/wp-content\\\/uploads\\\/sites\\\/4\\\/2019\\\/08\\\/OCU-ampl\u00eda-su-querella-contra-Banco-Popular-para-que-se.jpg\",\"width\":120,\"height\":90,\"caption\":\"OCU ampl\u00eda su querella contra Banco Popular para que se le investigue desde 2008\"},{\"@type\":\"BreadcrumbList\",\"@id\":\"https:\\\/\\\/super-news.info\\\/es\\\/ocu-amplia-su-querella-contra-banco-popular-para-que-se-le-investigue-desde-2008\\\/#breadcrumb\",\"itemListElement\":[{\"@type\":\"ListItem\",\"position\":1,\"name\":\"\u0413\u043b\u0430\u0432\u043d\u0430\u044f \u0441\u0442\u0440\u0430\u043d\u0438\u0446\u0430\",\"item\":\"https:\\\/\\\/super-news.info\\\/es\\\/\"},{\"@type\":\"ListItem\",\"position\":2,\"name\":\"OCU ampl\u00eda su querella contra Banco Popular para que se le investigue desde 2008\"}]},{\"@type\":\"WebSite\",\"@id\":\"https:\\\/\\\/super-news.info\\\/es\\\/#website\",\"url\":\"https:\\\/\\\/super-news.info\\\/es\\\/\",\"name\":\"Super News\",\"description\":\"Super News Espa\u00f1a\",\"potentialAction\":[{\"@type\":\"SearchAction\",\"target\":{\"@type\":\"EntryPoint\",\"urlTemplate\":\"https:\\\/\\\/super-news.info\\\/es\\\/?s={search_term_string}\"},\"query-input\":{\"@type\":\"PropertyValueSpecification\",\"valueRequired\":true,\"valueName\":\"search_term_string\"}}],\"inLanguage\":\"en-US\"},{\"@type\":\"Person\",\"@id\":\"https:\\\/\\\/super-news.info\\\/es\\\/#\\\/schema\\\/person\\\/2d4068cb2f39cd10008c2fce578a7356\",\"name\":\"super-news\",\"image\":{\"@type\":\"ImageObject\",\"inLanguage\":\"en-US\",\"@id\":\"https:\\\/\\\/secure.gravatar.com\\\/avatar\\\/64ebac40b93f26a154f8a9b5b6fdccfc46f442b26b3dd6756dbff3bf9dc76fd7?s=96&d=mm&r=g\",\"url\":\"https:\\\/\\\/secure.gravatar.com\\\/avatar\\\/64ebac40b93f26a154f8a9b5b6fdccfc46f442b26b3dd6756dbff3bf9dc76fd7?s=96&d=mm&r=g\",\"contentUrl\":\"https:\\\/\\\/secure.gravatar.com\\\/avatar\\\/64ebac40b93f26a154f8a9b5b6fdccfc46f442b26b3dd6756dbff3bf9dc76fd7?s=96&d=mm&r=g\",\"caption\":\"super-news\"},\"url\":\"https:\\\/\\\/super-news.info\\\/es\\\/author\\\/pt\\\/\"}]}<\/script>\n<!-- \/ Yoast SEO plugin. -->","yoast_head_json":{"title":"OCU ampl\u00eda su querella contra Banco Popular para que se le investigue desde 2008 - Super News","robots":{"index":"index","follow":"follow","max-snippet":"max-snippet:-1","max-image-preview":"max-image-preview:large","max-video-preview":"max-video-preview:-1"},"canonical":"https:\/\/super-news.info\/es\/ocu-amplia-su-querella-contra-banco-popular-para-que-se-le-investigue-desde-2008\/","og_locale":"en_US","og_type":"article","og_title":"OCU ampl\u00eda su querella contra Banco Popular para que se le investigue desde 2008 - Super News","og_description":"[ad_1] MADRID, 9 Ago. (EUROPA PRESS) &#8211; La Organizaci\u00f3n de Consumidores y Usuarios (OCU) ha presentado un escrito ante el Juzgado de Instrucci\u00f3n n\u00famero 4 de la Audiencia Nacional en el que se solicita que se ampl\u00ede la querella interpuesta en junio de 2017 contra Banco Popular. En concreto, pide que se extienda la investigaci\u00f3n [&hellip;]","og_url":"https:\/\/super-news.info\/es\/ocu-amplia-su-querella-contra-banco-popular-para-que-se-le-investigue-desde-2008\/","og_site_name":"Super News","article_published_time":"2019-08-09T15:36:38+00:00","article_modified_time":"2019-08-09T15:36:39+00:00","og_image":[{"width":120,"height":90,"url":"https:\/\/super-news.info\/es\/wp-content\/uploads\/sites\/4\/2019\/08\/OCU-ampl\u00eda-su-querella-contra-Banco-Popular-para-que-se.jpg","type":"image\/jpeg"}],"author":"super-news","twitter_card":"summary_large_image","twitter_misc":{"Written by":"super-news","Est. reading time":"2 minutes"},"schema":{"@context":"https:\/\/schema.org","@graph":[{"@type":"Article","@id":"https:\/\/super-news.info\/es\/ocu-amplia-su-querella-contra-banco-popular-para-que-se-le-investigue-desde-2008\/#article","isPartOf":{"@id":"https:\/\/super-news.info\/es\/ocu-amplia-su-querella-contra-banco-popular-para-que-se-le-investigue-desde-2008\/"},"author":{"name":"super-news","@id":"https:\/\/super-news.info\/es\/#\/schema\/person\/2d4068cb2f39cd10008c2fce578a7356"},"headline":"OCU ampl\u00eda su querella contra Banco Popular para que se le investigue desde 2008","datePublished":"2019-08-09T15:36:38+00:00","dateModified":"2019-08-09T15:36:39+00:00","mainEntityOfPage":{"@id":"https:\/\/super-news.info\/es\/ocu-amplia-su-querella-contra-banco-popular-para-que-se-le-investigue-desde-2008\/"},"wordCount":349,"commentCount":0,"image":{"@id":"https:\/\/super-news.info\/es\/ocu-amplia-su-querella-contra-banco-popular-para-que-se-le-investigue-desde-2008\/#primaryimage"},"thumbnailUrl":"https:\/\/super-news.info\/es\/wp-content\/uploads\/sites\/4\/2019\/08\/OCU-ampl\u00eda-su-querella-contra-Banco-Popular-para-que-se.jpg","articleSection":["NOTICIAS FINANCIERAS"],"inLanguage":"en-US","potentialAction":[{"@type":"CommentAction","name":"Comment","target":["https:\/\/super-news.info\/es\/ocu-amplia-su-querella-contra-banco-popular-para-que-se-le-investigue-desde-2008\/#respond"]}]},{"@type":"WebPage","@id":"https:\/\/super-news.info\/es\/ocu-amplia-su-querella-contra-banco-popular-para-que-se-le-investigue-desde-2008\/","url":"https:\/\/super-news.info\/es\/ocu-amplia-su-querella-contra-banco-popular-para-que-se-le-investigue-desde-2008\/","name":"OCU ampl\u00eda su querella contra Banco Popular para que se le investigue desde 2008 - Super News","isPartOf":{"@id":"https:\/\/super-news.info\/es\/#website"},"primaryImageOfPage":{"@id":"https:\/\/super-news.info\/es\/ocu-amplia-su-querella-contra-banco-popular-para-que-se-le-investigue-desde-2008\/#primaryimage"},"image":{"@id":"https:\/\/super-news.info\/es\/ocu-amplia-su-querella-contra-banco-popular-para-que-se-le-investigue-desde-2008\/#primaryimage"},"thumbnailUrl":"https:\/\/super-news.info\/es\/wp-content\/uploads\/sites\/4\/2019\/08\/OCU-ampl\u00eda-su-querella-contra-Banco-Popular-para-que-se.jpg","datePublished":"2019-08-09T15:36:38+00:00","dateModified":"2019-08-09T15:36:39+00:00","author":{"@id":"https:\/\/super-news.info\/es\/#\/schema\/person\/2d4068cb2f39cd10008c2fce578a7356"},"breadcrumb":{"@id":"https:\/\/super-news.info\/es\/ocu-amplia-su-querella-contra-banco-popular-para-que-se-le-investigue-desde-2008\/#breadcrumb"},"inLanguage":"en-US","potentialAction":[{"@type":"ReadAction","target":["https:\/\/super-news.info\/es\/ocu-amplia-su-querella-contra-banco-popular-para-que-se-le-investigue-desde-2008\/"]}]},{"@type":"ImageObject","inLanguage":"en-US","@id":"https:\/\/super-news.info\/es\/ocu-amplia-su-querella-contra-banco-popular-para-que-se-le-investigue-desde-2008\/#primaryimage","url":"https:\/\/super-news.info\/es\/wp-content\/uploads\/sites\/4\/2019\/08\/OCU-ampl\u00eda-su-querella-contra-Banco-Popular-para-que-se.jpg","contentUrl":"https:\/\/super-news.info\/es\/wp-content\/uploads\/sites\/4\/2019\/08\/OCU-ampl\u00eda-su-querella-contra-Banco-Popular-para-que-se.jpg","width":120,"height":90,"caption":"OCU ampl\u00eda su querella contra Banco Popular para que se le investigue desde 2008"},{"@type":"BreadcrumbList","@id":"https:\/\/super-news.info\/es\/ocu-amplia-su-querella-contra-banco-popular-para-que-se-le-investigue-desde-2008\/#breadcrumb","itemListElement":[{"@type":"ListItem","position":1,"name":"\u0413\u043b\u0430\u0432\u043d\u0430\u044f \u0441\u0442\u0440\u0430\u043d\u0438\u0446\u0430","item":"https:\/\/super-news.info\/es\/"},{"@type":"ListItem","position":2,"name":"OCU ampl\u00eda su querella contra Banco Popular para que se le investigue desde 2008"}]},{"@type":"WebSite","@id":"https:\/\/super-news.info\/es\/#website","url":"https:\/\/super-news.info\/es\/","name":"Super News","description":"Super News Espa\u00f1a","potentialAction":[{"@type":"SearchAction","target":{"@type":"EntryPoint","urlTemplate":"https:\/\/super-news.info\/es\/?s={search_term_string}"},"query-input":{"@type":"PropertyValueSpecification","valueRequired":true,"valueName":"search_term_string"}}],"inLanguage":"en-US"},{"@type":"Person","@id":"https:\/\/super-news.info\/es\/#\/schema\/person\/2d4068cb2f39cd10008c2fce578a7356","name":"super-news","image":{"@type":"ImageObject","inLanguage":"en-US","@id":"https:\/\/secure.gravatar.com\/avatar\/64ebac40b93f26a154f8a9b5b6fdccfc46f442b26b3dd6756dbff3bf9dc76fd7?s=96&d=mm&r=g","url":"https:\/\/secure.gravatar.com\/avatar\/64ebac40b93f26a154f8a9b5b6fdccfc46f442b26b3dd6756dbff3bf9dc76fd7?s=96&d=mm&r=g","contentUrl":"https:\/\/secure.gravatar.com\/avatar\/64ebac40b93f26a154f8a9b5b6fdccfc46f442b26b3dd6756dbff3bf9dc76fd7?s=96&d=mm&r=g","caption":"super-news"},"url":"https:\/\/super-news.info\/es\/author\/pt\/"}]}},"_links":{"self":[{"href":"https:\/\/super-news.info\/es\/wp-json\/wp\/v2\/posts\/8383","targetHints":{"allow":["GET"]}}],"collection":[{"href":"https:\/\/super-news.info\/es\/wp-json\/wp\/v2\/posts"}],"about":[{"href":"https:\/\/super-news.info\/es\/wp-json\/wp\/v2\/types\/post"}],"author":[{"embeddable":true,"href":"https:\/\/super-news.info\/es\/wp-json\/wp\/v2\/users\/2"}],"replies":[{"embeddable":true,"href":"https:\/\/super-news.info\/es\/wp-json\/wp\/v2\/comments?post=8383"}],"version-history":[{"count":1,"href":"https:\/\/super-news.info\/es\/wp-json\/wp\/v2\/posts\/8383\/revisions"}],"predecessor-version":[{"id":8385,"href":"https:\/\/super-news.info\/es\/wp-json\/wp\/v2\/posts\/8383\/revisions\/8385"}],"wp:featuredmedia":[{"embeddable":true,"href":"https:\/\/super-news.info\/es\/wp-json\/wp\/v2\/media\/8384"}],"wp:attachment":[{"href":"https:\/\/super-news.info\/es\/wp-json\/wp\/v2\/media?parent=8383"}],"wp:term":[{"taxonomy":"category","embeddable":true,"href":"https:\/\/super-news.info\/es\/wp-json\/wp\/v2\/categories?post=8383"},{"taxonomy":"post_tag","embeddable":true,"href":"https:\/\/super-news.info\/es\/wp-json\/wp\/v2\/tags?post=8383"}],"curies":[{"name":"wp","href":"https:\/\/api.w.org\/{rel}","templated":true}]}}