{"id":8377,"date":"2019-08-09T17:27:26","date_gmt":"2019-08-09T14:27:26","guid":{"rendered":"https:\/\/super-news.info\/es\/el-5-de-la-poblacion-espanola-no-tendra-acceso-al-efectivo-en-2025-segun-el-instituto-coordenadas\/"},"modified":"2019-08-09T17:27:27","modified_gmt":"2019-08-09T14:27:27","slug":"el-5-de-la-poblacion-espanola-no-tendra-acceso-al-efectivo-en-2025-segun-el-instituto-coordenadas","status":"publish","type":"post","link":"https:\/\/super-news.info\/es\/el-5-de-la-poblacion-espanola-no-tendra-acceso-al-efectivo-en-2025-segun-el-instituto-coordenadas\/","title":{"rendered":"El 5% de la poblaci\u00f3n espa\u00f1ola no tendr\u00e1 acceso al efectivo en 2025, seg\u00fan el Instituto Coordenadas"},"content":{"rendered":"<p> [ad_1]<\/p>\n<div id=\"CuerpoNoticia\" itemprop=\"articleBody\">\n<p>MADRID, 9 Ago. (EUROPA PRESS) &#8211; <\/p>\n<p itemprop=\"description\">   La poblaci\u00f3n espa\u00f1ola sin acceso a oficinas bancarias o a puntos de acceso al dinero en efectivo ascender\u00e1 al 5% en 2025, desde el 2% actual, y cerca de tres millones de personas estar\u00e1n en grave riesgo de exclusi\u00f3n financiera, seg\u00fan el Instituto Coordenadas de Gobernanza y Econom\u00eda Aplicada.<\/p>\n<p>   Los esfuerzos de las entidades bancarias por ofrecer cajeros autom\u00e1ticos volantes, oficinas m\u00f3viles y otras soluciones &#8220;no han logrado superar el problema de acceso al dinero en efectivo en una poblaci\u00f3n eminentemente rural que crece a\u00f1o tras a\u00f1o, en el espacio de la Espa\u00f1a vac\u00eda&#8221;, destacan las conclusiones del Estudio sobre la brecha financiera en Espa\u00f1a.<\/p>\n<p>   En los \u00faltimos diez a\u00f1os el n\u00famero de oficinas bancarias en Espa\u00f1a ha ca\u00eddo casi un 44%, con cerca de 20.000 sucursales menos, y el ritmo de cierre de oficinas bancarias supera el 5% anual, se\u00f1ala el estudio del Instituto.<\/p>\n<p>   Los problemas de tipo social y econ\u00f3mico que esta falta de acceso al efectivo est\u00e1n generando en amplias capas de la poblaci\u00f3n &#8220;se van a agudizar en determinados territorios y sus consecuencias van a ser impactantes en el conjunto nacional&#8221;, alertan los expertos, que denuncian el agravante para la brecha geogr\u00e1fica y la desigualdad econ\u00f3mica y de oportunidades.<\/p>\n<p>   En este sentido, la econom\u00eda de tres millones de personas y de miles de peque\u00f1os negocios en el \u00e1mbito rural se basa en el dinero en efectivo. &#8220;Impedir o dificultar el acceso al dinero fomentar\u00e1 la exclusi\u00f3n de las personas por encima de los 60 a\u00f1os&#8221;, sostienen desde el Instituto.<\/p>\n<p>   Asimismo, los expertos han alertado de la concentraci\u00f3n de poder de las instituciones financieras en un mundo sin dinero. &#8220;El dinero en efectivo es un contrapoder en manos de los ciudadanos&#8221;, se\u00f1ala el Instituto Coordenadas.<\/p>\n<p>   &#8220;Una sociedad sin efectivo es un riesgo evidente, pero es imperativo poner en marcha todo tipo de actuaciones para que un porcentaje significativo de la poblaci\u00f3n no quede fuera del sistema financiero. Las consecuencias ser\u00e1n irreparables&#8221;, ha afirmado el vicepresidente ejecutivo del Instituto Coordenadas, Jes\u00fas S\u00e1nchez Lamb\u00e1s.<\/p>\n<\/div>\n<p>[ad_2]<br \/>\n<br \/><a href=\"https:\/\/www.europapress.es\/economia\/noticia-poblacion-espanola-no-tendra-acceso-efectivo-2025-instituto-coordenadas-20190809113315.html\">Source link <\/a><\/p>\n","protected":false},"excerpt":{"rendered":"<p>[ad_1] MADRID, 9 Ago. (EUROPA PRESS) &#8211; La poblaci\u00f3n espa\u00f1ola sin acceso a oficinas bancarias o a puntos de acceso al dinero en efectivo ascender\u00e1 al 5% en 2025, desde el 2% actual, y cerca de tres millones de personas estar\u00e1n en grave riesgo de exclusi\u00f3n financiera, seg\u00fan el Instituto Coordenadas de Gobernanza y Econom\u00eda [&hellip;]<\/p>\n","protected":false},"author":2,"featured_media":8378,"comment_status":"open","ping_status":"open","sticky":false,"template":"","format":"standard","meta":{"footnotes":""},"categories":[1],"tags":[],"class_list":["post-8377","post","type-post","status-publish","format-standard","has-post-thumbnail","hentry","category-noticias-financieras"],"yoast_head":"<!-- This site is optimized with the Yoast SEO plugin v27.4 - https:\/\/yoast.com\/product\/yoast-seo-wordpress\/ -->\n<title>El 5% de la poblaci\u00f3n espa\u00f1ola no tendr\u00e1 acceso al efectivo en 2025, seg\u00fan el Instituto Coordenadas - Super News<\/title>\n<meta name=\"robots\" content=\"index, follow, max-snippet:-1, max-image-preview:large, max-video-preview:-1\" \/>\n<link rel=\"canonical\" href=\"https:\/\/super-news.info\/es\/el-5-de-la-poblacion-espanola-no-tendra-acceso-al-efectivo-en-2025-segun-el-instituto-coordenadas\/\" \/>\n<meta property=\"og:locale\" content=\"en_US\" \/>\n<meta property=\"og:type\" content=\"article\" \/>\n<meta property=\"og:title\" content=\"El 5% de la poblaci\u00f3n espa\u00f1ola no tendr\u00e1 acceso al efectivo en 2025, seg\u00fan el Instituto Coordenadas - Super News\" \/>\n<meta property=\"og:description\" content=\"[ad_1] MADRID, 9 Ago. (EUROPA PRESS) &#8211; La poblaci\u00f3n espa\u00f1ola sin acceso a oficinas bancarias o a puntos de acceso al dinero en efectivo ascender\u00e1 al 5% en 2025, desde el 2% actual, y cerca de tres millones de personas estar\u00e1n en grave riesgo de exclusi\u00f3n financiera, seg\u00fan el Instituto Coordenadas de Gobernanza y Econom\u00eda [&hellip;]\" \/>\n<meta property=\"og:url\" content=\"https:\/\/super-news.info\/es\/el-5-de-la-poblacion-espanola-no-tendra-acceso-al-efectivo-en-2025-segun-el-instituto-coordenadas\/\" \/>\n<meta property=\"og:site_name\" content=\"Super News\" \/>\n<meta property=\"article:published_time\" content=\"2019-08-09T14:27:26+00:00\" \/>\n<meta property=\"article:modified_time\" content=\"2019-08-09T14:27:27+00:00\" \/>\n<meta property=\"og:image\" content=\"https:\/\/super-news.info\/es\/wp-content\/uploads\/sites\/4\/2019\/08\/El-5-de-la-poblaci\u00f3n-espa\u00f1ola-no-tendr\u00e1-acceso-al.jpg\" \/>\n\t<meta property=\"og:image:width\" content=\"120\" \/>\n\t<meta property=\"og:image:height\" content=\"79\" \/>\n\t<meta property=\"og:image:type\" content=\"image\/jpeg\" \/>\n<meta name=\"author\" content=\"super-news\" \/>\n<meta name=\"twitter:card\" content=\"summary_large_image\" \/>\n<meta name=\"twitter:label1\" content=\"Written by\" \/>\n\t<meta name=\"twitter:data1\" content=\"super-news\" \/>\n\t<meta name=\"twitter:label2\" content=\"Est. reading time\" \/>\n\t<meta name=\"twitter:data2\" content=\"2 minutes\" \/>\n<script type=\"application\/ld+json\" class=\"yoast-schema-graph\">{\"@context\":\"https:\\\/\\\/schema.org\",\"@graph\":[{\"@type\":\"Article\",\"@id\":\"https:\\\/\\\/super-news.info\\\/es\\\/el-5-de-la-poblacion-espanola-no-tendra-acceso-al-efectivo-en-2025-segun-el-instituto-coordenadas\\\/#article\",\"isPartOf\":{\"@id\":\"https:\\\/\\\/super-news.info\\\/es\\\/el-5-de-la-poblacion-espanola-no-tendra-acceso-al-efectivo-en-2025-segun-el-instituto-coordenadas\\\/\"},\"author\":{\"name\":\"super-news\",\"@id\":\"https:\\\/\\\/super-news.info\\\/es\\\/#\\\/schema\\\/person\\\/2d4068cb2f39cd10008c2fce578a7356\"},\"headline\":\"El 5% de la poblaci\u00f3n espa\u00f1ola no tendr\u00e1 acceso al efectivo en 2025, seg\u00fan el Instituto Coordenadas\",\"datePublished\":\"2019-08-09T14:27:26+00:00\",\"dateModified\":\"2019-08-09T14:27:27+00:00\",\"mainEntityOfPage\":{\"@id\":\"https:\\\/\\\/super-news.info\\\/es\\\/el-5-de-la-poblacion-espanola-no-tendra-acceso-al-efectivo-en-2025-segun-el-instituto-coordenadas\\\/\"},\"wordCount\":390,\"commentCount\":0,\"image\":{\"@id\":\"https:\\\/\\\/super-news.info\\\/es\\\/el-5-de-la-poblacion-espanola-no-tendra-acceso-al-efectivo-en-2025-segun-el-instituto-coordenadas\\\/#primaryimage\"},\"thumbnailUrl\":\"https:\\\/\\\/super-news.info\\\/es\\\/wp-content\\\/uploads\\\/sites\\\/4\\\/2019\\\/08\\\/El-5-de-la-poblaci\u00f3n-espa\u00f1ola-no-tendr\u00e1-acceso-al.jpg\",\"articleSection\":[\"NOTICIAS FINANCIERAS\"],\"inLanguage\":\"en-US\",\"potentialAction\":[{\"@type\":\"CommentAction\",\"name\":\"Comment\",\"target\":[\"https:\\\/\\\/super-news.info\\\/es\\\/el-5-de-la-poblacion-espanola-no-tendra-acceso-al-efectivo-en-2025-segun-el-instituto-coordenadas\\\/#respond\"]}]},{\"@type\":\"WebPage\",\"@id\":\"https:\\\/\\\/super-news.info\\\/es\\\/el-5-de-la-poblacion-espanola-no-tendra-acceso-al-efectivo-en-2025-segun-el-instituto-coordenadas\\\/\",\"url\":\"https:\\\/\\\/super-news.info\\\/es\\\/el-5-de-la-poblacion-espanola-no-tendra-acceso-al-efectivo-en-2025-segun-el-instituto-coordenadas\\\/\",\"name\":\"El 5% de la poblaci\u00f3n espa\u00f1ola no tendr\u00e1 acceso al efectivo en 2025, seg\u00fan el Instituto Coordenadas - Super News\",\"isPartOf\":{\"@id\":\"https:\\\/\\\/super-news.info\\\/es\\\/#website\"},\"primaryImageOfPage\":{\"@id\":\"https:\\\/\\\/super-news.info\\\/es\\\/el-5-de-la-poblacion-espanola-no-tendra-acceso-al-efectivo-en-2025-segun-el-instituto-coordenadas\\\/#primaryimage\"},\"image\":{\"@id\":\"https:\\\/\\\/super-news.info\\\/es\\\/el-5-de-la-poblacion-espanola-no-tendra-acceso-al-efectivo-en-2025-segun-el-instituto-coordenadas\\\/#primaryimage\"},\"thumbnailUrl\":\"https:\\\/\\\/super-news.info\\\/es\\\/wp-content\\\/uploads\\\/sites\\\/4\\\/2019\\\/08\\\/El-5-de-la-poblaci\u00f3n-espa\u00f1ola-no-tendr\u00e1-acceso-al.jpg\",\"datePublished\":\"2019-08-09T14:27:26+00:00\",\"dateModified\":\"2019-08-09T14:27:27+00:00\",\"author\":{\"@id\":\"https:\\\/\\\/super-news.info\\\/es\\\/#\\\/schema\\\/person\\\/2d4068cb2f39cd10008c2fce578a7356\"},\"breadcrumb\":{\"@id\":\"https:\\\/\\\/super-news.info\\\/es\\\/el-5-de-la-poblacion-espanola-no-tendra-acceso-al-efectivo-en-2025-segun-el-instituto-coordenadas\\\/#breadcrumb\"},\"inLanguage\":\"en-US\",\"potentialAction\":[{\"@type\":\"ReadAction\",\"target\":[\"https:\\\/\\\/super-news.info\\\/es\\\/el-5-de-la-poblacion-espanola-no-tendra-acceso-al-efectivo-en-2025-segun-el-instituto-coordenadas\\\/\"]}]},{\"@type\":\"ImageObject\",\"inLanguage\":\"en-US\",\"@id\":\"https:\\\/\\\/super-news.info\\\/es\\\/el-5-de-la-poblacion-espanola-no-tendra-acceso-al-efectivo-en-2025-segun-el-instituto-coordenadas\\\/#primaryimage\",\"url\":\"https:\\\/\\\/super-news.info\\\/es\\\/wp-content\\\/uploads\\\/sites\\\/4\\\/2019\\\/08\\\/El-5-de-la-poblaci\u00f3n-espa\u00f1ola-no-tendr\u00e1-acceso-al.jpg\",\"contentUrl\":\"https:\\\/\\\/super-news.info\\\/es\\\/wp-content\\\/uploads\\\/sites\\\/4\\\/2019\\\/08\\\/El-5-de-la-poblaci\u00f3n-espa\u00f1ola-no-tendr\u00e1-acceso-al.jpg\",\"width\":120,\"height\":79,\"caption\":\"El 5% de la poblaci\u00f3n espa\u00f1ola no tendr\u00e1 acceso al efectivo en 2025, seg\u00fan el Instituto Coordenadas\"},{\"@type\":\"BreadcrumbList\",\"@id\":\"https:\\\/\\\/super-news.info\\\/es\\\/el-5-de-la-poblacion-espanola-no-tendra-acceso-al-efectivo-en-2025-segun-el-instituto-coordenadas\\\/#breadcrumb\",\"itemListElement\":[{\"@type\":\"ListItem\",\"position\":1,\"name\":\"\u0413\u043b\u0430\u0432\u043d\u0430\u044f \u0441\u0442\u0440\u0430\u043d\u0438\u0446\u0430\",\"item\":\"https:\\\/\\\/super-news.info\\\/es\\\/\"},{\"@type\":\"ListItem\",\"position\":2,\"name\":\"El 5% de la poblaci\u00f3n espa\u00f1ola no tendr\u00e1 acceso al efectivo en 2025, seg\u00fan el Instituto Coordenadas\"}]},{\"@type\":\"WebSite\",\"@id\":\"https:\\\/\\\/super-news.info\\\/es\\\/#website\",\"url\":\"https:\\\/\\\/super-news.info\\\/es\\\/\",\"name\":\"Super News\",\"description\":\"Super News Espa\u00f1a\",\"potentialAction\":[{\"@type\":\"SearchAction\",\"target\":{\"@type\":\"EntryPoint\",\"urlTemplate\":\"https:\\\/\\\/super-news.info\\\/es\\\/?s={search_term_string}\"},\"query-input\":{\"@type\":\"PropertyValueSpecification\",\"valueRequired\":true,\"valueName\":\"search_term_string\"}}],\"inLanguage\":\"en-US\"},{\"@type\":\"Person\",\"@id\":\"https:\\\/\\\/super-news.info\\\/es\\\/#\\\/schema\\\/person\\\/2d4068cb2f39cd10008c2fce578a7356\",\"name\":\"super-news\",\"image\":{\"@type\":\"ImageObject\",\"inLanguage\":\"en-US\",\"@id\":\"https:\\\/\\\/secure.gravatar.com\\\/avatar\\\/64ebac40b93f26a154f8a9b5b6fdccfc46f442b26b3dd6756dbff3bf9dc76fd7?s=96&d=mm&r=g\",\"url\":\"https:\\\/\\\/secure.gravatar.com\\\/avatar\\\/64ebac40b93f26a154f8a9b5b6fdccfc46f442b26b3dd6756dbff3bf9dc76fd7?s=96&d=mm&r=g\",\"contentUrl\":\"https:\\\/\\\/secure.gravatar.com\\\/avatar\\\/64ebac40b93f26a154f8a9b5b6fdccfc46f442b26b3dd6756dbff3bf9dc76fd7?s=96&d=mm&r=g\",\"caption\":\"super-news\"},\"url\":\"https:\\\/\\\/super-news.info\\\/es\\\/author\\\/pt\\\/\"}]}<\/script>\n<!-- \/ Yoast SEO plugin. -->","yoast_head_json":{"title":"El 5% de la poblaci\u00f3n espa\u00f1ola no tendr\u00e1 acceso al efectivo en 2025, seg\u00fan el Instituto Coordenadas - Super News","robots":{"index":"index","follow":"follow","max-snippet":"max-snippet:-1","max-image-preview":"max-image-preview:large","max-video-preview":"max-video-preview:-1"},"canonical":"https:\/\/super-news.info\/es\/el-5-de-la-poblacion-espanola-no-tendra-acceso-al-efectivo-en-2025-segun-el-instituto-coordenadas\/","og_locale":"en_US","og_type":"article","og_title":"El 5% de la poblaci\u00f3n espa\u00f1ola no tendr\u00e1 acceso al efectivo en 2025, seg\u00fan el Instituto Coordenadas - Super News","og_description":"[ad_1] MADRID, 9 Ago. (EUROPA PRESS) &#8211; La poblaci\u00f3n espa\u00f1ola sin acceso a oficinas bancarias o a puntos de acceso al dinero en efectivo ascender\u00e1 al 5% en 2025, desde el 2% actual, y cerca de tres millones de personas estar\u00e1n en grave riesgo de exclusi\u00f3n financiera, seg\u00fan el Instituto Coordenadas de Gobernanza y Econom\u00eda [&hellip;]","og_url":"https:\/\/super-news.info\/es\/el-5-de-la-poblacion-espanola-no-tendra-acceso-al-efectivo-en-2025-segun-el-instituto-coordenadas\/","og_site_name":"Super News","article_published_time":"2019-08-09T14:27:26+00:00","article_modified_time":"2019-08-09T14:27:27+00:00","og_image":[{"width":120,"height":79,"url":"https:\/\/super-news.info\/es\/wp-content\/uploads\/sites\/4\/2019\/08\/El-5-de-la-poblaci\u00f3n-espa\u00f1ola-no-tendr\u00e1-acceso-al.jpg","type":"image\/jpeg"}],"author":"super-news","twitter_card":"summary_large_image","twitter_misc":{"Written by":"super-news","Est. reading time":"2 minutes"},"schema":{"@context":"https:\/\/schema.org","@graph":[{"@type":"Article","@id":"https:\/\/super-news.info\/es\/el-5-de-la-poblacion-espanola-no-tendra-acceso-al-efectivo-en-2025-segun-el-instituto-coordenadas\/#article","isPartOf":{"@id":"https:\/\/super-news.info\/es\/el-5-de-la-poblacion-espanola-no-tendra-acceso-al-efectivo-en-2025-segun-el-instituto-coordenadas\/"},"author":{"name":"super-news","@id":"https:\/\/super-news.info\/es\/#\/schema\/person\/2d4068cb2f39cd10008c2fce578a7356"},"headline":"El 5% de la poblaci\u00f3n espa\u00f1ola no tendr\u00e1 acceso al efectivo en 2025, seg\u00fan el Instituto Coordenadas","datePublished":"2019-08-09T14:27:26+00:00","dateModified":"2019-08-09T14:27:27+00:00","mainEntityOfPage":{"@id":"https:\/\/super-news.info\/es\/el-5-de-la-poblacion-espanola-no-tendra-acceso-al-efectivo-en-2025-segun-el-instituto-coordenadas\/"},"wordCount":390,"commentCount":0,"image":{"@id":"https:\/\/super-news.info\/es\/el-5-de-la-poblacion-espanola-no-tendra-acceso-al-efectivo-en-2025-segun-el-instituto-coordenadas\/#primaryimage"},"thumbnailUrl":"https:\/\/super-news.info\/es\/wp-content\/uploads\/sites\/4\/2019\/08\/El-5-de-la-poblaci\u00f3n-espa\u00f1ola-no-tendr\u00e1-acceso-al.jpg","articleSection":["NOTICIAS FINANCIERAS"],"inLanguage":"en-US","potentialAction":[{"@type":"CommentAction","name":"Comment","target":["https:\/\/super-news.info\/es\/el-5-de-la-poblacion-espanola-no-tendra-acceso-al-efectivo-en-2025-segun-el-instituto-coordenadas\/#respond"]}]},{"@type":"WebPage","@id":"https:\/\/super-news.info\/es\/el-5-de-la-poblacion-espanola-no-tendra-acceso-al-efectivo-en-2025-segun-el-instituto-coordenadas\/","url":"https:\/\/super-news.info\/es\/el-5-de-la-poblacion-espanola-no-tendra-acceso-al-efectivo-en-2025-segun-el-instituto-coordenadas\/","name":"El 5% de la poblaci\u00f3n espa\u00f1ola no tendr\u00e1 acceso al efectivo en 2025, seg\u00fan el Instituto Coordenadas - Super News","isPartOf":{"@id":"https:\/\/super-news.info\/es\/#website"},"primaryImageOfPage":{"@id":"https:\/\/super-news.info\/es\/el-5-de-la-poblacion-espanola-no-tendra-acceso-al-efectivo-en-2025-segun-el-instituto-coordenadas\/#primaryimage"},"image":{"@id":"https:\/\/super-news.info\/es\/el-5-de-la-poblacion-espanola-no-tendra-acceso-al-efectivo-en-2025-segun-el-instituto-coordenadas\/#primaryimage"},"thumbnailUrl":"https:\/\/super-news.info\/es\/wp-content\/uploads\/sites\/4\/2019\/08\/El-5-de-la-poblaci\u00f3n-espa\u00f1ola-no-tendr\u00e1-acceso-al.jpg","datePublished":"2019-08-09T14:27:26+00:00","dateModified":"2019-08-09T14:27:27+00:00","author":{"@id":"https:\/\/super-news.info\/es\/#\/schema\/person\/2d4068cb2f39cd10008c2fce578a7356"},"breadcrumb":{"@id":"https:\/\/super-news.info\/es\/el-5-de-la-poblacion-espanola-no-tendra-acceso-al-efectivo-en-2025-segun-el-instituto-coordenadas\/#breadcrumb"},"inLanguage":"en-US","potentialAction":[{"@type":"ReadAction","target":["https:\/\/super-news.info\/es\/el-5-de-la-poblacion-espanola-no-tendra-acceso-al-efectivo-en-2025-segun-el-instituto-coordenadas\/"]}]},{"@type":"ImageObject","inLanguage":"en-US","@id":"https:\/\/super-news.info\/es\/el-5-de-la-poblacion-espanola-no-tendra-acceso-al-efectivo-en-2025-segun-el-instituto-coordenadas\/#primaryimage","url":"https:\/\/super-news.info\/es\/wp-content\/uploads\/sites\/4\/2019\/08\/El-5-de-la-poblaci\u00f3n-espa\u00f1ola-no-tendr\u00e1-acceso-al.jpg","contentUrl":"https:\/\/super-news.info\/es\/wp-content\/uploads\/sites\/4\/2019\/08\/El-5-de-la-poblaci\u00f3n-espa\u00f1ola-no-tendr\u00e1-acceso-al.jpg","width":120,"height":79,"caption":"El 5% de la poblaci\u00f3n espa\u00f1ola no tendr\u00e1 acceso al efectivo en 2025, seg\u00fan el Instituto Coordenadas"},{"@type":"BreadcrumbList","@id":"https:\/\/super-news.info\/es\/el-5-de-la-poblacion-espanola-no-tendra-acceso-al-efectivo-en-2025-segun-el-instituto-coordenadas\/#breadcrumb","itemListElement":[{"@type":"ListItem","position":1,"name":"\u0413\u043b\u0430\u0432\u043d\u0430\u044f \u0441\u0442\u0440\u0430\u043d\u0438\u0446\u0430","item":"https:\/\/super-news.info\/es\/"},{"@type":"ListItem","position":2,"name":"El 5% de la poblaci\u00f3n espa\u00f1ola no tendr\u00e1 acceso al efectivo en 2025, seg\u00fan el Instituto Coordenadas"}]},{"@type":"WebSite","@id":"https:\/\/super-news.info\/es\/#website","url":"https:\/\/super-news.info\/es\/","name":"Super News","description":"Super News Espa\u00f1a","potentialAction":[{"@type":"SearchAction","target":{"@type":"EntryPoint","urlTemplate":"https:\/\/super-news.info\/es\/?s={search_term_string}"},"query-input":{"@type":"PropertyValueSpecification","valueRequired":true,"valueName":"search_term_string"}}],"inLanguage":"en-US"},{"@type":"Person","@id":"https:\/\/super-news.info\/es\/#\/schema\/person\/2d4068cb2f39cd10008c2fce578a7356","name":"super-news","image":{"@type":"ImageObject","inLanguage":"en-US","@id":"https:\/\/secure.gravatar.com\/avatar\/64ebac40b93f26a154f8a9b5b6fdccfc46f442b26b3dd6756dbff3bf9dc76fd7?s=96&d=mm&r=g","url":"https:\/\/secure.gravatar.com\/avatar\/64ebac40b93f26a154f8a9b5b6fdccfc46f442b26b3dd6756dbff3bf9dc76fd7?s=96&d=mm&r=g","contentUrl":"https:\/\/secure.gravatar.com\/avatar\/64ebac40b93f26a154f8a9b5b6fdccfc46f442b26b3dd6756dbff3bf9dc76fd7?s=96&d=mm&r=g","caption":"super-news"},"url":"https:\/\/super-news.info\/es\/author\/pt\/"}]}},"_links":{"self":[{"href":"https:\/\/super-news.info\/es\/wp-json\/wp\/v2\/posts\/8377","targetHints":{"allow":["GET"]}}],"collection":[{"href":"https:\/\/super-news.info\/es\/wp-json\/wp\/v2\/posts"}],"about":[{"href":"https:\/\/super-news.info\/es\/wp-json\/wp\/v2\/types\/post"}],"author":[{"embeddable":true,"href":"https:\/\/super-news.info\/es\/wp-json\/wp\/v2\/users\/2"}],"replies":[{"embeddable":true,"href":"https:\/\/super-news.info\/es\/wp-json\/wp\/v2\/comments?post=8377"}],"version-history":[{"count":1,"href":"https:\/\/super-news.info\/es\/wp-json\/wp\/v2\/posts\/8377\/revisions"}],"predecessor-version":[{"id":8379,"href":"https:\/\/super-news.info\/es\/wp-json\/wp\/v2\/posts\/8377\/revisions\/8379"}],"wp:featuredmedia":[{"embeddable":true,"href":"https:\/\/super-news.info\/es\/wp-json\/wp\/v2\/media\/8378"}],"wp:attachment":[{"href":"https:\/\/super-news.info\/es\/wp-json\/wp\/v2\/media?parent=8377"}],"wp:term":[{"taxonomy":"category","embeddable":true,"href":"https:\/\/super-news.info\/es\/wp-json\/wp\/v2\/categories?post=8377"},{"taxonomy":"post_tag","embeddable":true,"href":"https:\/\/super-news.info\/es\/wp-json\/wp\/v2\/tags?post=8377"}],"curies":[{"name":"wp","href":"https:\/\/api.w.org\/{rel}","templated":true}]}}