{"id":8374,"date":"2019-08-09T16:19:57","date_gmt":"2019-08-09T13:19:57","guid":{"rendered":"https:\/\/super-news.info\/es\/inspectores-de-trabajo-reclaman-a-valerio-mas-recursos-y-plantilla-ante-el-abandono-del-gobierno\/"},"modified":"2019-08-09T16:19:58","modified_gmt":"2019-08-09T13:19:58","slug":"inspectores-de-trabajo-reclaman-a-valerio-mas-recursos-y-plantilla-ante-el-abandono-del-gobierno","status":"publish","type":"post","link":"https:\/\/super-news.info\/es\/inspectores-de-trabajo-reclaman-a-valerio-mas-recursos-y-plantilla-ante-el-abandono-del-gobierno\/","title":{"rendered":"Inspectores de Trabajo reclaman a Valerio m\u00e1s recursos y plantilla ante el &#8220;abandono&#8221; del Gobierno"},"content":{"rendered":"<p> [ad_1]<\/p>\n<div id=\"CuerpoNoticiav2\" itemprop=\"articleBody\">\n<p>MADRID, 9 Ago. (EUROPA PRESS) &#8211; <\/p>\n<p itemprop=\"description\">   Sindicatos de la Inspecci\u00f3n de Trabajo y Seguridad Social han remitido una carta a la ministra de Trabajo, Migraciones y Seguridad Social, Magdalena Valerio, en la que reclaman m\u00e1s recursos materiales y humanos ante el &#8220;abandono&#8221; que, aseguran, padecen por parte del Gobierno y &#8220;sus m\u00e1ximos responsables&#8221;.<\/p>\n<p>   En la carta,  solicitan una reuni\u00f3n con la ministra con el fin de conocer &#8220;cu\u00e1les son sus prioridades en torno a la Inspecci\u00f3n&#8221;, pues consideran &#8220;pat\u00e9tica&#8221; la negociaci\u00f3n iniciada hace tres meses.<\/p>\n<p>   &#8220;Est\u00e1 vac\u00eda, nos lleva a un callej\u00f3n sin salida y a un conflicto inevitable si no cambia de manera radical, la forma de entender la misma, sus ritmos y, fundamentalmente, los contenidos que deben contemplarse en ella&#8221;, advierten.<\/p>\n<p>   La carta est\u00e1 firmada por los sindicatos CC.OO., UGT, CSIF, la Uni\u00f3n progresista de Inspectores de Trabajo (UPIT), la Federaci\u00f3n Espa\u00f1ola de Asociaciones de los Cuerpos Superiores de la Administraci\u00f3n Civil del Estado (FEDECA) y la Confederaci\u00f3n Intersindical Gallega (CIG).<\/p>\n<p>   Los inspectores critican que, cuatro a\u00f1os despu\u00e9s de la Ley ordenadora del sistema de la Inspecci\u00f3n, a\u00fan no se han concretado los estatutos del organismo, y piden negociar una nueva relaci\u00f3n de puestos de trabajo, as\u00ed como &#8220;solventar algunas otras carencias de calibre&#8221;.<\/p>\n<p>   &#8220;Han pasado m\u00e1s de cuatro a\u00f1os y no tenemos nada. Ni un presupuesto, ni los medios necesarios, ni siquiera el m\u00e1s m\u00ednimo diagn\u00f3stico&#8221;, aseveran, denunciando un &#8220;problema de plantilla&#8221;, una &#8220;descompensada estructura&#8221; del organismo y una &#8220;absoluta descapitalizaci\u00f3n&#8221; del personal, &#8220;la falta de carrera profesional&#8221; de los trabajadores y &#8220;el maltrato&#8221; que, aseguran, soportan frente a otros trabajadores de la Administraci\u00f3n General del Estado.<\/p>\n<\/div>\n<p>[ad_2]<br \/>\n<br \/><a href=\"https:\/\/www.europapress.es\/economia\/laboral-00346\/noticia-inspectores-trabajo-reclaman-valerio-mas-recursos-plantilla-abandono-gobierno-20190809133009.html\">Source link <\/a><\/p>\n","protected":false},"excerpt":{"rendered":"<p>[ad_1] MADRID, 9 Ago. (EUROPA PRESS) &#8211; Sindicatos de la Inspecci\u00f3n de Trabajo y Seguridad Social han remitido una carta a la ministra de Trabajo, Migraciones y Seguridad Social, Magdalena Valerio, en la que reclaman m\u00e1s recursos materiales y humanos ante el &#8220;abandono&#8221; que, aseguran, padecen por parte del Gobierno y &#8220;sus m\u00e1ximos responsables&#8221;. En [&hellip;]<\/p>\n","protected":false},"author":2,"featured_media":8375,"comment_status":"open","ping_status":"open","sticky":false,"template":"","format":"standard","meta":{"footnotes":""},"categories":[1],"tags":[],"class_list":["post-8374","post","type-post","status-publish","format-standard","has-post-thumbnail","hentry","category-noticias-financieras"],"yoast_head":"<!-- This site is optimized with the Yoast SEO plugin v27.4 - https:\/\/yoast.com\/product\/yoast-seo-wordpress\/ -->\n<title>Inspectores de Trabajo reclaman a Valerio m\u00e1s recursos y plantilla ante el &quot;abandono&quot; del Gobierno - Super News<\/title>\n<meta name=\"robots\" content=\"index, follow, max-snippet:-1, max-image-preview:large, max-video-preview:-1\" \/>\n<link rel=\"canonical\" href=\"https:\/\/super-news.info\/es\/inspectores-de-trabajo-reclaman-a-valerio-mas-recursos-y-plantilla-ante-el-abandono-del-gobierno\/\" \/>\n<meta property=\"og:locale\" content=\"en_US\" \/>\n<meta property=\"og:type\" content=\"article\" \/>\n<meta property=\"og:title\" content=\"Inspectores de Trabajo reclaman a Valerio m\u00e1s recursos y plantilla ante el &quot;abandono&quot; del Gobierno - Super News\" \/>\n<meta property=\"og:description\" content=\"[ad_1] MADRID, 9 Ago. (EUROPA PRESS) &#8211; Sindicatos de la Inspecci\u00f3n de Trabajo y Seguridad Social han remitido una carta a la ministra de Trabajo, Migraciones y Seguridad Social, Magdalena Valerio, en la que reclaman m\u00e1s recursos materiales y humanos ante el &#8220;abandono&#8221; que, aseguran, padecen por parte del Gobierno y &#8220;sus m\u00e1ximos responsables&#8221;. En [&hellip;]\" \/>\n<meta property=\"og:url\" content=\"https:\/\/super-news.info\/es\/inspectores-de-trabajo-reclaman-a-valerio-mas-recursos-y-plantilla-ante-el-abandono-del-gobierno\/\" \/>\n<meta property=\"og:site_name\" content=\"Super News\" \/>\n<meta property=\"article:published_time\" content=\"2019-08-09T13:19:57+00:00\" \/>\n<meta property=\"article:modified_time\" content=\"2019-08-09T13:19:58+00:00\" \/>\n<meta property=\"og:image\" content=\"https:\/\/super-news.info\/es\/wp-content\/uploads\/sites\/4\/2019\/08\/Inspectores-de-Trabajo-reclaman-a-Valerio-m\u00e1s-recursos-y-plantilla.jpg\" \/>\n\t<meta property=\"og:image:width\" content=\"120\" \/>\n\t<meta property=\"og:image:height\" content=\"80\" \/>\n\t<meta property=\"og:image:type\" content=\"image\/jpeg\" \/>\n<meta name=\"author\" content=\"super-news\" \/>\n<meta name=\"twitter:card\" content=\"summary_large_image\" \/>\n<meta name=\"twitter:label1\" content=\"Written by\" \/>\n\t<meta name=\"twitter:data1\" content=\"super-news\" \/>\n\t<meta name=\"twitter:label2\" content=\"Est. reading time\" \/>\n\t<meta name=\"twitter:data2\" content=\"2 minutes\" \/>\n<script type=\"application\/ld+json\" class=\"yoast-schema-graph\">{\"@context\":\"https:\\\/\\\/schema.org\",\"@graph\":[{\"@type\":\"Article\",\"@id\":\"https:\\\/\\\/super-news.info\\\/es\\\/inspectores-de-trabajo-reclaman-a-valerio-mas-recursos-y-plantilla-ante-el-abandono-del-gobierno\\\/#article\",\"isPartOf\":{\"@id\":\"https:\\\/\\\/super-news.info\\\/es\\\/inspectores-de-trabajo-reclaman-a-valerio-mas-recursos-y-plantilla-ante-el-abandono-del-gobierno\\\/\"},\"author\":{\"name\":\"super-news\",\"@id\":\"https:\\\/\\\/super-news.info\\\/es\\\/#\\\/schema\\\/person\\\/2d4068cb2f39cd10008c2fce578a7356\"},\"headline\":\"Inspectores de Trabajo reclaman a Valerio m\u00e1s recursos y plantilla ante el &#8220;abandono&#8221; del Gobierno\",\"datePublished\":\"2019-08-09T13:19:57+00:00\",\"dateModified\":\"2019-08-09T13:19:58+00:00\",\"mainEntityOfPage\":{\"@id\":\"https:\\\/\\\/super-news.info\\\/es\\\/inspectores-de-trabajo-reclaman-a-valerio-mas-recursos-y-plantilla-ante-el-abandono-del-gobierno\\\/\"},\"wordCount\":317,\"commentCount\":0,\"image\":{\"@id\":\"https:\\\/\\\/super-news.info\\\/es\\\/inspectores-de-trabajo-reclaman-a-valerio-mas-recursos-y-plantilla-ante-el-abandono-del-gobierno\\\/#primaryimage\"},\"thumbnailUrl\":\"https:\\\/\\\/super-news.info\\\/es\\\/wp-content\\\/uploads\\\/sites\\\/4\\\/2019\\\/08\\\/Inspectores-de-Trabajo-reclaman-a-Valerio-m\u00e1s-recursos-y-plantilla.jpg\",\"articleSection\":[\"NOTICIAS FINANCIERAS\"],\"inLanguage\":\"en-US\",\"potentialAction\":[{\"@type\":\"CommentAction\",\"name\":\"Comment\",\"target\":[\"https:\\\/\\\/super-news.info\\\/es\\\/inspectores-de-trabajo-reclaman-a-valerio-mas-recursos-y-plantilla-ante-el-abandono-del-gobierno\\\/#respond\"]}]},{\"@type\":\"WebPage\",\"@id\":\"https:\\\/\\\/super-news.info\\\/es\\\/inspectores-de-trabajo-reclaman-a-valerio-mas-recursos-y-plantilla-ante-el-abandono-del-gobierno\\\/\",\"url\":\"https:\\\/\\\/super-news.info\\\/es\\\/inspectores-de-trabajo-reclaman-a-valerio-mas-recursos-y-plantilla-ante-el-abandono-del-gobierno\\\/\",\"name\":\"Inspectores de Trabajo reclaman a Valerio m\u00e1s recursos y plantilla ante el \\\"abandono\\\" del Gobierno - Super News\",\"isPartOf\":{\"@id\":\"https:\\\/\\\/super-news.info\\\/es\\\/#website\"},\"primaryImageOfPage\":{\"@id\":\"https:\\\/\\\/super-news.info\\\/es\\\/inspectores-de-trabajo-reclaman-a-valerio-mas-recursos-y-plantilla-ante-el-abandono-del-gobierno\\\/#primaryimage\"},\"image\":{\"@id\":\"https:\\\/\\\/super-news.info\\\/es\\\/inspectores-de-trabajo-reclaman-a-valerio-mas-recursos-y-plantilla-ante-el-abandono-del-gobierno\\\/#primaryimage\"},\"thumbnailUrl\":\"https:\\\/\\\/super-news.info\\\/es\\\/wp-content\\\/uploads\\\/sites\\\/4\\\/2019\\\/08\\\/Inspectores-de-Trabajo-reclaman-a-Valerio-m\u00e1s-recursos-y-plantilla.jpg\",\"datePublished\":\"2019-08-09T13:19:57+00:00\",\"dateModified\":\"2019-08-09T13:19:58+00:00\",\"author\":{\"@id\":\"https:\\\/\\\/super-news.info\\\/es\\\/#\\\/schema\\\/person\\\/2d4068cb2f39cd10008c2fce578a7356\"},\"breadcrumb\":{\"@id\":\"https:\\\/\\\/super-news.info\\\/es\\\/inspectores-de-trabajo-reclaman-a-valerio-mas-recursos-y-plantilla-ante-el-abandono-del-gobierno\\\/#breadcrumb\"},\"inLanguage\":\"en-US\",\"potentialAction\":[{\"@type\":\"ReadAction\",\"target\":[\"https:\\\/\\\/super-news.info\\\/es\\\/inspectores-de-trabajo-reclaman-a-valerio-mas-recursos-y-plantilla-ante-el-abandono-del-gobierno\\\/\"]}]},{\"@type\":\"ImageObject\",\"inLanguage\":\"en-US\",\"@id\":\"https:\\\/\\\/super-news.info\\\/es\\\/inspectores-de-trabajo-reclaman-a-valerio-mas-recursos-y-plantilla-ante-el-abandono-del-gobierno\\\/#primaryimage\",\"url\":\"https:\\\/\\\/super-news.info\\\/es\\\/wp-content\\\/uploads\\\/sites\\\/4\\\/2019\\\/08\\\/Inspectores-de-Trabajo-reclaman-a-Valerio-m\u00e1s-recursos-y-plantilla.jpg\",\"contentUrl\":\"https:\\\/\\\/super-news.info\\\/es\\\/wp-content\\\/uploads\\\/sites\\\/4\\\/2019\\\/08\\\/Inspectores-de-Trabajo-reclaman-a-Valerio-m\u00e1s-recursos-y-plantilla.jpg\",\"width\":120,\"height\":80,\"caption\":\"Inspectores de Trabajo reclaman a Valerio m\u00e1s recursos y plantilla ante el \\\"abandono\\\" del Gobierno\"},{\"@type\":\"BreadcrumbList\",\"@id\":\"https:\\\/\\\/super-news.info\\\/es\\\/inspectores-de-trabajo-reclaman-a-valerio-mas-recursos-y-plantilla-ante-el-abandono-del-gobierno\\\/#breadcrumb\",\"itemListElement\":[{\"@type\":\"ListItem\",\"position\":1,\"name\":\"\u0413\u043b\u0430\u0432\u043d\u0430\u044f \u0441\u0442\u0440\u0430\u043d\u0438\u0446\u0430\",\"item\":\"https:\\\/\\\/super-news.info\\\/es\\\/\"},{\"@type\":\"ListItem\",\"position\":2,\"name\":\"Inspectores de Trabajo reclaman a Valerio m\u00e1s recursos y plantilla ante el &#8220;abandono&#8221; del Gobierno\"}]},{\"@type\":\"WebSite\",\"@id\":\"https:\\\/\\\/super-news.info\\\/es\\\/#website\",\"url\":\"https:\\\/\\\/super-news.info\\\/es\\\/\",\"name\":\"Super News\",\"description\":\"Super News Espa\u00f1a\",\"potentialAction\":[{\"@type\":\"SearchAction\",\"target\":{\"@type\":\"EntryPoint\",\"urlTemplate\":\"https:\\\/\\\/super-news.info\\\/es\\\/?s={search_term_string}\"},\"query-input\":{\"@type\":\"PropertyValueSpecification\",\"valueRequired\":true,\"valueName\":\"search_term_string\"}}],\"inLanguage\":\"en-US\"},{\"@type\":\"Person\",\"@id\":\"https:\\\/\\\/super-news.info\\\/es\\\/#\\\/schema\\\/person\\\/2d4068cb2f39cd10008c2fce578a7356\",\"name\":\"super-news\",\"image\":{\"@type\":\"ImageObject\",\"inLanguage\":\"en-US\",\"@id\":\"https:\\\/\\\/secure.gravatar.com\\\/avatar\\\/64ebac40b93f26a154f8a9b5b6fdccfc46f442b26b3dd6756dbff3bf9dc76fd7?s=96&d=mm&r=g\",\"url\":\"https:\\\/\\\/secure.gravatar.com\\\/avatar\\\/64ebac40b93f26a154f8a9b5b6fdccfc46f442b26b3dd6756dbff3bf9dc76fd7?s=96&d=mm&r=g\",\"contentUrl\":\"https:\\\/\\\/secure.gravatar.com\\\/avatar\\\/64ebac40b93f26a154f8a9b5b6fdccfc46f442b26b3dd6756dbff3bf9dc76fd7?s=96&d=mm&r=g\",\"caption\":\"super-news\"},\"url\":\"https:\\\/\\\/super-news.info\\\/es\\\/author\\\/pt\\\/\"}]}<\/script>\n<!-- \/ Yoast SEO plugin. -->","yoast_head_json":{"title":"Inspectores de Trabajo reclaman a Valerio m\u00e1s recursos y plantilla ante el \"abandono\" del Gobierno - Super News","robots":{"index":"index","follow":"follow","max-snippet":"max-snippet:-1","max-image-preview":"max-image-preview:large","max-video-preview":"max-video-preview:-1"},"canonical":"https:\/\/super-news.info\/es\/inspectores-de-trabajo-reclaman-a-valerio-mas-recursos-y-plantilla-ante-el-abandono-del-gobierno\/","og_locale":"en_US","og_type":"article","og_title":"Inspectores de Trabajo reclaman a Valerio m\u00e1s recursos y plantilla ante el \"abandono\" del Gobierno - Super News","og_description":"[ad_1] MADRID, 9 Ago. (EUROPA PRESS) &#8211; Sindicatos de la Inspecci\u00f3n de Trabajo y Seguridad Social han remitido una carta a la ministra de Trabajo, Migraciones y Seguridad Social, Magdalena Valerio, en la que reclaman m\u00e1s recursos materiales y humanos ante el &#8220;abandono&#8221; que, aseguran, padecen por parte del Gobierno y &#8220;sus m\u00e1ximos responsables&#8221;. En [&hellip;]","og_url":"https:\/\/super-news.info\/es\/inspectores-de-trabajo-reclaman-a-valerio-mas-recursos-y-plantilla-ante-el-abandono-del-gobierno\/","og_site_name":"Super News","article_published_time":"2019-08-09T13:19:57+00:00","article_modified_time":"2019-08-09T13:19:58+00:00","og_image":[{"width":120,"height":80,"url":"https:\/\/super-news.info\/es\/wp-content\/uploads\/sites\/4\/2019\/08\/Inspectores-de-Trabajo-reclaman-a-Valerio-m\u00e1s-recursos-y-plantilla.jpg","type":"image\/jpeg"}],"author":"super-news","twitter_card":"summary_large_image","twitter_misc":{"Written by":"super-news","Est. reading time":"2 minutes"},"schema":{"@context":"https:\/\/schema.org","@graph":[{"@type":"Article","@id":"https:\/\/super-news.info\/es\/inspectores-de-trabajo-reclaman-a-valerio-mas-recursos-y-plantilla-ante-el-abandono-del-gobierno\/#article","isPartOf":{"@id":"https:\/\/super-news.info\/es\/inspectores-de-trabajo-reclaman-a-valerio-mas-recursos-y-plantilla-ante-el-abandono-del-gobierno\/"},"author":{"name":"super-news","@id":"https:\/\/super-news.info\/es\/#\/schema\/person\/2d4068cb2f39cd10008c2fce578a7356"},"headline":"Inspectores de Trabajo reclaman a Valerio m\u00e1s recursos y plantilla ante el &#8220;abandono&#8221; del Gobierno","datePublished":"2019-08-09T13:19:57+00:00","dateModified":"2019-08-09T13:19:58+00:00","mainEntityOfPage":{"@id":"https:\/\/super-news.info\/es\/inspectores-de-trabajo-reclaman-a-valerio-mas-recursos-y-plantilla-ante-el-abandono-del-gobierno\/"},"wordCount":317,"commentCount":0,"image":{"@id":"https:\/\/super-news.info\/es\/inspectores-de-trabajo-reclaman-a-valerio-mas-recursos-y-plantilla-ante-el-abandono-del-gobierno\/#primaryimage"},"thumbnailUrl":"https:\/\/super-news.info\/es\/wp-content\/uploads\/sites\/4\/2019\/08\/Inspectores-de-Trabajo-reclaman-a-Valerio-m\u00e1s-recursos-y-plantilla.jpg","articleSection":["NOTICIAS FINANCIERAS"],"inLanguage":"en-US","potentialAction":[{"@type":"CommentAction","name":"Comment","target":["https:\/\/super-news.info\/es\/inspectores-de-trabajo-reclaman-a-valerio-mas-recursos-y-plantilla-ante-el-abandono-del-gobierno\/#respond"]}]},{"@type":"WebPage","@id":"https:\/\/super-news.info\/es\/inspectores-de-trabajo-reclaman-a-valerio-mas-recursos-y-plantilla-ante-el-abandono-del-gobierno\/","url":"https:\/\/super-news.info\/es\/inspectores-de-trabajo-reclaman-a-valerio-mas-recursos-y-plantilla-ante-el-abandono-del-gobierno\/","name":"Inspectores de Trabajo reclaman a Valerio m\u00e1s recursos y plantilla ante el \"abandono\" del Gobierno - Super News","isPartOf":{"@id":"https:\/\/super-news.info\/es\/#website"},"primaryImageOfPage":{"@id":"https:\/\/super-news.info\/es\/inspectores-de-trabajo-reclaman-a-valerio-mas-recursos-y-plantilla-ante-el-abandono-del-gobierno\/#primaryimage"},"image":{"@id":"https:\/\/super-news.info\/es\/inspectores-de-trabajo-reclaman-a-valerio-mas-recursos-y-plantilla-ante-el-abandono-del-gobierno\/#primaryimage"},"thumbnailUrl":"https:\/\/super-news.info\/es\/wp-content\/uploads\/sites\/4\/2019\/08\/Inspectores-de-Trabajo-reclaman-a-Valerio-m\u00e1s-recursos-y-plantilla.jpg","datePublished":"2019-08-09T13:19:57+00:00","dateModified":"2019-08-09T13:19:58+00:00","author":{"@id":"https:\/\/super-news.info\/es\/#\/schema\/person\/2d4068cb2f39cd10008c2fce578a7356"},"breadcrumb":{"@id":"https:\/\/super-news.info\/es\/inspectores-de-trabajo-reclaman-a-valerio-mas-recursos-y-plantilla-ante-el-abandono-del-gobierno\/#breadcrumb"},"inLanguage":"en-US","potentialAction":[{"@type":"ReadAction","target":["https:\/\/super-news.info\/es\/inspectores-de-trabajo-reclaman-a-valerio-mas-recursos-y-plantilla-ante-el-abandono-del-gobierno\/"]}]},{"@type":"ImageObject","inLanguage":"en-US","@id":"https:\/\/super-news.info\/es\/inspectores-de-trabajo-reclaman-a-valerio-mas-recursos-y-plantilla-ante-el-abandono-del-gobierno\/#primaryimage","url":"https:\/\/super-news.info\/es\/wp-content\/uploads\/sites\/4\/2019\/08\/Inspectores-de-Trabajo-reclaman-a-Valerio-m\u00e1s-recursos-y-plantilla.jpg","contentUrl":"https:\/\/super-news.info\/es\/wp-content\/uploads\/sites\/4\/2019\/08\/Inspectores-de-Trabajo-reclaman-a-Valerio-m\u00e1s-recursos-y-plantilla.jpg","width":120,"height":80,"caption":"Inspectores de Trabajo reclaman a Valerio m\u00e1s recursos y plantilla ante el \"abandono\" del Gobierno"},{"@type":"BreadcrumbList","@id":"https:\/\/super-news.info\/es\/inspectores-de-trabajo-reclaman-a-valerio-mas-recursos-y-plantilla-ante-el-abandono-del-gobierno\/#breadcrumb","itemListElement":[{"@type":"ListItem","position":1,"name":"\u0413\u043b\u0430\u0432\u043d\u0430\u044f \u0441\u0442\u0440\u0430\u043d\u0438\u0446\u0430","item":"https:\/\/super-news.info\/es\/"},{"@type":"ListItem","position":2,"name":"Inspectores de Trabajo reclaman a Valerio m\u00e1s recursos y plantilla ante el &#8220;abandono&#8221; del Gobierno"}]},{"@type":"WebSite","@id":"https:\/\/super-news.info\/es\/#website","url":"https:\/\/super-news.info\/es\/","name":"Super News","description":"Super News Espa\u00f1a","potentialAction":[{"@type":"SearchAction","target":{"@type":"EntryPoint","urlTemplate":"https:\/\/super-news.info\/es\/?s={search_term_string}"},"query-input":{"@type":"PropertyValueSpecification","valueRequired":true,"valueName":"search_term_string"}}],"inLanguage":"en-US"},{"@type":"Person","@id":"https:\/\/super-news.info\/es\/#\/schema\/person\/2d4068cb2f39cd10008c2fce578a7356","name":"super-news","image":{"@type":"ImageObject","inLanguage":"en-US","@id":"https:\/\/secure.gravatar.com\/avatar\/64ebac40b93f26a154f8a9b5b6fdccfc46f442b26b3dd6756dbff3bf9dc76fd7?s=96&d=mm&r=g","url":"https:\/\/secure.gravatar.com\/avatar\/64ebac40b93f26a154f8a9b5b6fdccfc46f442b26b3dd6756dbff3bf9dc76fd7?s=96&d=mm&r=g","contentUrl":"https:\/\/secure.gravatar.com\/avatar\/64ebac40b93f26a154f8a9b5b6fdccfc46f442b26b3dd6756dbff3bf9dc76fd7?s=96&d=mm&r=g","caption":"super-news"},"url":"https:\/\/super-news.info\/es\/author\/pt\/"}]}},"_links":{"self":[{"href":"https:\/\/super-news.info\/es\/wp-json\/wp\/v2\/posts\/8374","targetHints":{"allow":["GET"]}}],"collection":[{"href":"https:\/\/super-news.info\/es\/wp-json\/wp\/v2\/posts"}],"about":[{"href":"https:\/\/super-news.info\/es\/wp-json\/wp\/v2\/types\/post"}],"author":[{"embeddable":true,"href":"https:\/\/super-news.info\/es\/wp-json\/wp\/v2\/users\/2"}],"replies":[{"embeddable":true,"href":"https:\/\/super-news.info\/es\/wp-json\/wp\/v2\/comments?post=8374"}],"version-history":[{"count":1,"href":"https:\/\/super-news.info\/es\/wp-json\/wp\/v2\/posts\/8374\/revisions"}],"predecessor-version":[{"id":8376,"href":"https:\/\/super-news.info\/es\/wp-json\/wp\/v2\/posts\/8374\/revisions\/8376"}],"wp:featuredmedia":[{"embeddable":true,"href":"https:\/\/super-news.info\/es\/wp-json\/wp\/v2\/media\/8375"}],"wp:attachment":[{"href":"https:\/\/super-news.info\/es\/wp-json\/wp\/v2\/media?parent=8374"}],"wp:term":[{"taxonomy":"category","embeddable":true,"href":"https:\/\/super-news.info\/es\/wp-json\/wp\/v2\/categories?post=8374"},{"taxonomy":"post_tag","embeddable":true,"href":"https:\/\/super-news.info\/es\/wp-json\/wp\/v2\/tags?post=8374"}],"curies":[{"name":"wp","href":"https:\/\/api.w.org\/{rel}","templated":true}]}}