{"id":8356,"date":"2019-08-09T12:53:35","date_gmt":"2019-08-09T09:53:35","guid":{"rendered":"https:\/\/super-news.info\/es\/la-competitividad-precio-de-la-economia-espanola-mejoro-en-el-segundo-trimestre-respecto-a-la-ue-y-la-ocde\/"},"modified":"2019-08-09T12:53:36","modified_gmt":"2019-08-09T09:53:36","slug":"la-competitividad-precio-de-la-economia-espanola-mejoro-en-el-segundo-trimestre-respecto-a-la-ue-y-la-ocde","status":"publish","type":"post","link":"https:\/\/super-news.info\/es\/la-competitividad-precio-de-la-economia-espanola-mejoro-en-el-segundo-trimestre-respecto-a-la-ue-y-la-ocde\/","title":{"rendered":"La competitividad precio de la econom\u00eda espa\u00f1ola mejor\u00f3 en el segundo trimestre respecto a la UE y la OCDE"},"content":{"rendered":"<p> [ad_1]<\/p>\n<div id=\"CuerpoNoticiav2\" itemprop=\"articleBody\">\n<p>MADRID, 9 Ago. (EUROPA PRESS) &#8211; <\/p>\n<p itemprop=\"description\">   La competitividad precio de la econom\u00eda espa\u00f1ola mejor\u00f3 en el segundo trimestre de este a\u00f1o frente a la Uni\u00f3n Europea en su conjunto y sus dos zonas, frente a la OCDE y respecto a los pa\u00edses Brics, seg\u00fan el \u00cdndice de Tendencia de Competitividad (ITC) calculado con el \u00cdndice de Precios de Consumo (IPC), publicado este viernes por el Ministerio de Industria, Comercio y Turismo.<\/p>\n<p>   La secretaria de Estado de Comercio en funciones, Xiana M\u00e9ndez, considera que los datos muestran las &#8220;ganancias de competitividad generadas por el control de los precios&#8221; y ha destacado que tienen reflejo en un aumento de los intercambios de bienes y servicios y mejoras en la balanza de pagos y en la posici\u00f3n internacional de inversi\u00f3n de Espa\u00f1a.<\/p>\n<p>   En concreto, Espa\u00f1a gan\u00f3 un 0,6% de competitividad respecto a la UE-28 en el segundo trimestre, manteniendo el cambio de tendencia iniciado en el trimestre anterior, ya que el ITC calculado con el IPC, cuyas reducciones reflejan ganancias de competitividad, disminuy\u00f3 en ese porcentaje (0,6%).<\/p>\n<p>   La ganancia de competitividad se debe al descenso del \u00edndice de precios, que fue superior a la apreciaci\u00f3n del euro frente a las divisas de aquellos pa\u00edses comunitarios que no pertenecen a la zona euro. Tambi\u00e9n mejor\u00f3 un 0,6% respecto a la zona euro.<\/p>\n<p>   Frente a la OCDE, Espa\u00f1a tambi\u00e9n gan\u00f3 competitividad entre abril y junio, ya que el ITC se redujo un 2,1% por una evoluci\u00f3n de los precios en Espa\u00f1a m\u00e1s moderada que en la OCDE y por la depreciaci\u00f3n del euro frente a las principales monedas de esta zona.<\/p>\n<p>   En relaci\u00f3n con los pa\u00edses Brics (Brasil, Rusia, India, China y Sud\u00e1frica), el ITC decreci\u00f3 un 1,9% interanual en el periodo, y la ganancia de competitividad se debi\u00f3 a la reducci\u00f3n del \u00edndice de precios (-2,4%), mientras que aument\u00f3 el \u00edndice de tipo de cambio (+0,6%).<\/p>\n<p>   Con estos datos, la competitividad de la econom\u00eda espa\u00f1ola mejor\u00f3 en el primer semestre un 0,5% respecto a la Uni\u00f3n Europea (un 0,6% frente a la zona euro), y en mayor medida frente a la OCDE (2,2%) y respecto a los pa\u00edses Brics (1,7%).<\/p>\n<p>   Por otro lado, el ITC medido con \u00cdndices de Valor Unitario (IVUs) mejor\u00f3 frente al conjunto de la UE-28 en el primer trimestre de 2019, con una ganancia de competitividad del 1,2%, por la reducci\u00f3n del \u00edndice de precios, y frente a los pa\u00edses de la OCDE, donde mejor\u00f3 un 1,9%, por la depreciaci\u00f3n del euro frente a la cesta de monedas de la zona.<\/p>\n<p>   A su vez, el ITC calculado con Costes Laborales Unitarios (CLUs) cay\u00f3 un 2,8% en el primer trimestre, consolidando su tendencia de mejora de competitividad.<\/p>\n<\/div>\n<p>[ad_2]<br \/>\n<br \/><a href=\"https:\/\/www.europapress.es\/economia\/macroeconomia-00338\/noticia-competitividad-precio-economia-espanola-mejoro-segundo-trimestre-respecto-ue-ocde-20190809113908.html\">Source link <\/a><\/p>\n","protected":false},"excerpt":{"rendered":"<p>[ad_1] MADRID, 9 Ago. (EUROPA PRESS) &#8211; La competitividad precio de la econom\u00eda espa\u00f1ola mejor\u00f3 en el segundo trimestre de este a\u00f1o frente a la Uni\u00f3n Europea en su conjunto y sus dos zonas, frente a la OCDE y respecto a los pa\u00edses Brics, seg\u00fan el \u00cdndice de Tendencia de Competitividad (ITC) calculado con el [&hellip;]<\/p>\n","protected":false},"author":2,"featured_media":8357,"comment_status":"open","ping_status":"open","sticky":false,"template":"","format":"standard","meta":{"footnotes":""},"categories":[1],"tags":[],"class_list":["post-8356","post","type-post","status-publish","format-standard","has-post-thumbnail","hentry","category-noticias-financieras"],"yoast_head":"<!-- This site is optimized with the Yoast SEO plugin v27.4 - https:\/\/yoast.com\/product\/yoast-seo-wordpress\/ -->\n<title>La competitividad precio de la econom\u00eda espa\u00f1ola mejor\u00f3 en el segundo trimestre respecto a la UE y la OCDE - Super News<\/title>\n<meta name=\"robots\" content=\"index, follow, max-snippet:-1, max-image-preview:large, max-video-preview:-1\" \/>\n<link rel=\"canonical\" href=\"https:\/\/super-news.info\/es\/la-competitividad-precio-de-la-economia-espanola-mejoro-en-el-segundo-trimestre-respecto-a-la-ue-y-la-ocde\/\" \/>\n<meta property=\"og:locale\" content=\"en_US\" \/>\n<meta property=\"og:type\" content=\"article\" \/>\n<meta property=\"og:title\" content=\"La competitividad precio de la econom\u00eda espa\u00f1ola mejor\u00f3 en el segundo trimestre respecto a la UE y la OCDE - Super News\" \/>\n<meta property=\"og:description\" content=\"[ad_1] MADRID, 9 Ago. (EUROPA PRESS) &#8211; La competitividad precio de la econom\u00eda espa\u00f1ola mejor\u00f3 en el segundo trimestre de este a\u00f1o frente a la Uni\u00f3n Europea en su conjunto y sus dos zonas, frente a la OCDE y respecto a los pa\u00edses Brics, seg\u00fan el \u00cdndice de Tendencia de Competitividad (ITC) calculado con el [&hellip;]\" \/>\n<meta property=\"og:url\" content=\"https:\/\/super-news.info\/es\/la-competitividad-precio-de-la-economia-espanola-mejoro-en-el-segundo-trimestre-respecto-a-la-ue-y-la-ocde\/\" \/>\n<meta property=\"og:site_name\" content=\"Super News\" \/>\n<meta property=\"article:published_time\" content=\"2019-08-09T09:53:35+00:00\" \/>\n<meta property=\"article:modified_time\" content=\"2019-08-09T09:53:36+00:00\" \/>\n<meta property=\"og:image\" content=\"https:\/\/super-news.info\/es\/wp-content\/uploads\/sites\/4\/2019\/08\/La-competitividad-precio-de-la-econom\u00eda-espa\u00f1ola-mejor\u00f3-en-el.jpg\" \/>\n\t<meta property=\"og:image:width\" content=\"120\" \/>\n\t<meta property=\"og:image:height\" content=\"71\" \/>\n\t<meta property=\"og:image:type\" content=\"image\/jpeg\" \/>\n<meta name=\"author\" content=\"super-news\" \/>\n<meta name=\"twitter:card\" content=\"summary_large_image\" \/>\n<meta name=\"twitter:label1\" content=\"Written by\" \/>\n\t<meta name=\"twitter:data1\" content=\"super-news\" \/>\n\t<meta name=\"twitter:label2\" content=\"Est. reading time\" \/>\n\t<meta name=\"twitter:data2\" content=\"2 minutes\" \/>\n<script type=\"application\/ld+json\" class=\"yoast-schema-graph\">{\"@context\":\"https:\\\/\\\/schema.org\",\"@graph\":[{\"@type\":\"Article\",\"@id\":\"https:\\\/\\\/super-news.info\\\/es\\\/la-competitividad-precio-de-la-economia-espanola-mejoro-en-el-segundo-trimestre-respecto-a-la-ue-y-la-ocde\\\/#article\",\"isPartOf\":{\"@id\":\"https:\\\/\\\/super-news.info\\\/es\\\/la-competitividad-precio-de-la-economia-espanola-mejoro-en-el-segundo-trimestre-respecto-a-la-ue-y-la-ocde\\\/\"},\"author\":{\"name\":\"super-news\",\"@id\":\"https:\\\/\\\/super-news.info\\\/es\\\/#\\\/schema\\\/person\\\/2d4068cb2f39cd10008c2fce578a7356\"},\"headline\":\"La competitividad precio de la econom\u00eda espa\u00f1ola mejor\u00f3 en el segundo trimestre respecto a la UE y la OCDE\",\"datePublished\":\"2019-08-09T09:53:35+00:00\",\"dateModified\":\"2019-08-09T09:53:36+00:00\",\"mainEntityOfPage\":{\"@id\":\"https:\\\/\\\/super-news.info\\\/es\\\/la-competitividad-precio-de-la-economia-espanola-mejoro-en-el-segundo-trimestre-respecto-a-la-ue-y-la-ocde\\\/\"},\"wordCount\":487,\"commentCount\":0,\"image\":{\"@id\":\"https:\\\/\\\/super-news.info\\\/es\\\/la-competitividad-precio-de-la-economia-espanola-mejoro-en-el-segundo-trimestre-respecto-a-la-ue-y-la-ocde\\\/#primaryimage\"},\"thumbnailUrl\":\"https:\\\/\\\/super-news.info\\\/es\\\/wp-content\\\/uploads\\\/sites\\\/4\\\/2019\\\/08\\\/La-competitividad-precio-de-la-econom\u00eda-espa\u00f1ola-mejor\u00f3-en-el.jpg\",\"articleSection\":[\"NOTICIAS FINANCIERAS\"],\"inLanguage\":\"en-US\",\"potentialAction\":[{\"@type\":\"CommentAction\",\"name\":\"Comment\",\"target\":[\"https:\\\/\\\/super-news.info\\\/es\\\/la-competitividad-precio-de-la-economia-espanola-mejoro-en-el-segundo-trimestre-respecto-a-la-ue-y-la-ocde\\\/#respond\"]}]},{\"@type\":\"WebPage\",\"@id\":\"https:\\\/\\\/super-news.info\\\/es\\\/la-competitividad-precio-de-la-economia-espanola-mejoro-en-el-segundo-trimestre-respecto-a-la-ue-y-la-ocde\\\/\",\"url\":\"https:\\\/\\\/super-news.info\\\/es\\\/la-competitividad-precio-de-la-economia-espanola-mejoro-en-el-segundo-trimestre-respecto-a-la-ue-y-la-ocde\\\/\",\"name\":\"La competitividad precio de la econom\u00eda espa\u00f1ola mejor\u00f3 en el segundo trimestre respecto a la UE y la OCDE - Super News\",\"isPartOf\":{\"@id\":\"https:\\\/\\\/super-news.info\\\/es\\\/#website\"},\"primaryImageOfPage\":{\"@id\":\"https:\\\/\\\/super-news.info\\\/es\\\/la-competitividad-precio-de-la-economia-espanola-mejoro-en-el-segundo-trimestre-respecto-a-la-ue-y-la-ocde\\\/#primaryimage\"},\"image\":{\"@id\":\"https:\\\/\\\/super-news.info\\\/es\\\/la-competitividad-precio-de-la-economia-espanola-mejoro-en-el-segundo-trimestre-respecto-a-la-ue-y-la-ocde\\\/#primaryimage\"},\"thumbnailUrl\":\"https:\\\/\\\/super-news.info\\\/es\\\/wp-content\\\/uploads\\\/sites\\\/4\\\/2019\\\/08\\\/La-competitividad-precio-de-la-econom\u00eda-espa\u00f1ola-mejor\u00f3-en-el.jpg\",\"datePublished\":\"2019-08-09T09:53:35+00:00\",\"dateModified\":\"2019-08-09T09:53:36+00:00\",\"author\":{\"@id\":\"https:\\\/\\\/super-news.info\\\/es\\\/#\\\/schema\\\/person\\\/2d4068cb2f39cd10008c2fce578a7356\"},\"breadcrumb\":{\"@id\":\"https:\\\/\\\/super-news.info\\\/es\\\/la-competitividad-precio-de-la-economia-espanola-mejoro-en-el-segundo-trimestre-respecto-a-la-ue-y-la-ocde\\\/#breadcrumb\"},\"inLanguage\":\"en-US\",\"potentialAction\":[{\"@type\":\"ReadAction\",\"target\":[\"https:\\\/\\\/super-news.info\\\/es\\\/la-competitividad-precio-de-la-economia-espanola-mejoro-en-el-segundo-trimestre-respecto-a-la-ue-y-la-ocde\\\/\"]}]},{\"@type\":\"ImageObject\",\"inLanguage\":\"en-US\",\"@id\":\"https:\\\/\\\/super-news.info\\\/es\\\/la-competitividad-precio-de-la-economia-espanola-mejoro-en-el-segundo-trimestre-respecto-a-la-ue-y-la-ocde\\\/#primaryimage\",\"url\":\"https:\\\/\\\/super-news.info\\\/es\\\/wp-content\\\/uploads\\\/sites\\\/4\\\/2019\\\/08\\\/La-competitividad-precio-de-la-econom\u00eda-espa\u00f1ola-mejor\u00f3-en-el.jpg\",\"contentUrl\":\"https:\\\/\\\/super-news.info\\\/es\\\/wp-content\\\/uploads\\\/sites\\\/4\\\/2019\\\/08\\\/La-competitividad-precio-de-la-econom\u00eda-espa\u00f1ola-mejor\u00f3-en-el.jpg\",\"width\":120,\"height\":71,\"caption\":\"La competitividad precio de la econom\u00eda espa\u00f1ola mejor\u00f3 en el segundo trimestre respecto a la UE y la OCDE\"},{\"@type\":\"BreadcrumbList\",\"@id\":\"https:\\\/\\\/super-news.info\\\/es\\\/la-competitividad-precio-de-la-economia-espanola-mejoro-en-el-segundo-trimestre-respecto-a-la-ue-y-la-ocde\\\/#breadcrumb\",\"itemListElement\":[{\"@type\":\"ListItem\",\"position\":1,\"name\":\"\u0413\u043b\u0430\u0432\u043d\u0430\u044f \u0441\u0442\u0440\u0430\u043d\u0438\u0446\u0430\",\"item\":\"https:\\\/\\\/super-news.info\\\/es\\\/\"},{\"@type\":\"ListItem\",\"position\":2,\"name\":\"La competitividad precio de la econom\u00eda espa\u00f1ola mejor\u00f3 en el segundo trimestre respecto a la UE y la OCDE\"}]},{\"@type\":\"WebSite\",\"@id\":\"https:\\\/\\\/super-news.info\\\/es\\\/#website\",\"url\":\"https:\\\/\\\/super-news.info\\\/es\\\/\",\"name\":\"Super News\",\"description\":\"Super News Espa\u00f1a\",\"potentialAction\":[{\"@type\":\"SearchAction\",\"target\":{\"@type\":\"EntryPoint\",\"urlTemplate\":\"https:\\\/\\\/super-news.info\\\/es\\\/?s={search_term_string}\"},\"query-input\":{\"@type\":\"PropertyValueSpecification\",\"valueRequired\":true,\"valueName\":\"search_term_string\"}}],\"inLanguage\":\"en-US\"},{\"@type\":\"Person\",\"@id\":\"https:\\\/\\\/super-news.info\\\/es\\\/#\\\/schema\\\/person\\\/2d4068cb2f39cd10008c2fce578a7356\",\"name\":\"super-news\",\"image\":{\"@type\":\"ImageObject\",\"inLanguage\":\"en-US\",\"@id\":\"https:\\\/\\\/secure.gravatar.com\\\/avatar\\\/64ebac40b93f26a154f8a9b5b6fdccfc46f442b26b3dd6756dbff3bf9dc76fd7?s=96&d=mm&r=g\",\"url\":\"https:\\\/\\\/secure.gravatar.com\\\/avatar\\\/64ebac40b93f26a154f8a9b5b6fdccfc46f442b26b3dd6756dbff3bf9dc76fd7?s=96&d=mm&r=g\",\"contentUrl\":\"https:\\\/\\\/secure.gravatar.com\\\/avatar\\\/64ebac40b93f26a154f8a9b5b6fdccfc46f442b26b3dd6756dbff3bf9dc76fd7?s=96&d=mm&r=g\",\"caption\":\"super-news\"},\"url\":\"https:\\\/\\\/super-news.info\\\/es\\\/author\\\/pt\\\/\"}]}<\/script>\n<!-- \/ Yoast SEO plugin. -->","yoast_head_json":{"title":"La competitividad precio de la econom\u00eda espa\u00f1ola mejor\u00f3 en el segundo trimestre respecto a la UE y la OCDE - Super News","robots":{"index":"index","follow":"follow","max-snippet":"max-snippet:-1","max-image-preview":"max-image-preview:large","max-video-preview":"max-video-preview:-1"},"canonical":"https:\/\/super-news.info\/es\/la-competitividad-precio-de-la-economia-espanola-mejoro-en-el-segundo-trimestre-respecto-a-la-ue-y-la-ocde\/","og_locale":"en_US","og_type":"article","og_title":"La competitividad precio de la econom\u00eda espa\u00f1ola mejor\u00f3 en el segundo trimestre respecto a la UE y la OCDE - Super News","og_description":"[ad_1] MADRID, 9 Ago. (EUROPA PRESS) &#8211; La competitividad precio de la econom\u00eda espa\u00f1ola mejor\u00f3 en el segundo trimestre de este a\u00f1o frente a la Uni\u00f3n Europea en su conjunto y sus dos zonas, frente a la OCDE y respecto a los pa\u00edses Brics, seg\u00fan el \u00cdndice de Tendencia de Competitividad (ITC) calculado con el [&hellip;]","og_url":"https:\/\/super-news.info\/es\/la-competitividad-precio-de-la-economia-espanola-mejoro-en-el-segundo-trimestre-respecto-a-la-ue-y-la-ocde\/","og_site_name":"Super News","article_published_time":"2019-08-09T09:53:35+00:00","article_modified_time":"2019-08-09T09:53:36+00:00","og_image":[{"width":120,"height":71,"url":"https:\/\/super-news.info\/es\/wp-content\/uploads\/sites\/4\/2019\/08\/La-competitividad-precio-de-la-econom\u00eda-espa\u00f1ola-mejor\u00f3-en-el.jpg","type":"image\/jpeg"}],"author":"super-news","twitter_card":"summary_large_image","twitter_misc":{"Written by":"super-news","Est. reading time":"2 minutes"},"schema":{"@context":"https:\/\/schema.org","@graph":[{"@type":"Article","@id":"https:\/\/super-news.info\/es\/la-competitividad-precio-de-la-economia-espanola-mejoro-en-el-segundo-trimestre-respecto-a-la-ue-y-la-ocde\/#article","isPartOf":{"@id":"https:\/\/super-news.info\/es\/la-competitividad-precio-de-la-economia-espanola-mejoro-en-el-segundo-trimestre-respecto-a-la-ue-y-la-ocde\/"},"author":{"name":"super-news","@id":"https:\/\/super-news.info\/es\/#\/schema\/person\/2d4068cb2f39cd10008c2fce578a7356"},"headline":"La competitividad precio de la econom\u00eda espa\u00f1ola mejor\u00f3 en el segundo trimestre respecto a la UE y la OCDE","datePublished":"2019-08-09T09:53:35+00:00","dateModified":"2019-08-09T09:53:36+00:00","mainEntityOfPage":{"@id":"https:\/\/super-news.info\/es\/la-competitividad-precio-de-la-economia-espanola-mejoro-en-el-segundo-trimestre-respecto-a-la-ue-y-la-ocde\/"},"wordCount":487,"commentCount":0,"image":{"@id":"https:\/\/super-news.info\/es\/la-competitividad-precio-de-la-economia-espanola-mejoro-en-el-segundo-trimestre-respecto-a-la-ue-y-la-ocde\/#primaryimage"},"thumbnailUrl":"https:\/\/super-news.info\/es\/wp-content\/uploads\/sites\/4\/2019\/08\/La-competitividad-precio-de-la-econom\u00eda-espa\u00f1ola-mejor\u00f3-en-el.jpg","articleSection":["NOTICIAS FINANCIERAS"],"inLanguage":"en-US","potentialAction":[{"@type":"CommentAction","name":"Comment","target":["https:\/\/super-news.info\/es\/la-competitividad-precio-de-la-economia-espanola-mejoro-en-el-segundo-trimestre-respecto-a-la-ue-y-la-ocde\/#respond"]}]},{"@type":"WebPage","@id":"https:\/\/super-news.info\/es\/la-competitividad-precio-de-la-economia-espanola-mejoro-en-el-segundo-trimestre-respecto-a-la-ue-y-la-ocde\/","url":"https:\/\/super-news.info\/es\/la-competitividad-precio-de-la-economia-espanola-mejoro-en-el-segundo-trimestre-respecto-a-la-ue-y-la-ocde\/","name":"La competitividad precio de la econom\u00eda espa\u00f1ola mejor\u00f3 en el segundo trimestre respecto a la UE y la OCDE - Super News","isPartOf":{"@id":"https:\/\/super-news.info\/es\/#website"},"primaryImageOfPage":{"@id":"https:\/\/super-news.info\/es\/la-competitividad-precio-de-la-economia-espanola-mejoro-en-el-segundo-trimestre-respecto-a-la-ue-y-la-ocde\/#primaryimage"},"image":{"@id":"https:\/\/super-news.info\/es\/la-competitividad-precio-de-la-economia-espanola-mejoro-en-el-segundo-trimestre-respecto-a-la-ue-y-la-ocde\/#primaryimage"},"thumbnailUrl":"https:\/\/super-news.info\/es\/wp-content\/uploads\/sites\/4\/2019\/08\/La-competitividad-precio-de-la-econom\u00eda-espa\u00f1ola-mejor\u00f3-en-el.jpg","datePublished":"2019-08-09T09:53:35+00:00","dateModified":"2019-08-09T09:53:36+00:00","author":{"@id":"https:\/\/super-news.info\/es\/#\/schema\/person\/2d4068cb2f39cd10008c2fce578a7356"},"breadcrumb":{"@id":"https:\/\/super-news.info\/es\/la-competitividad-precio-de-la-economia-espanola-mejoro-en-el-segundo-trimestre-respecto-a-la-ue-y-la-ocde\/#breadcrumb"},"inLanguage":"en-US","potentialAction":[{"@type":"ReadAction","target":["https:\/\/super-news.info\/es\/la-competitividad-precio-de-la-economia-espanola-mejoro-en-el-segundo-trimestre-respecto-a-la-ue-y-la-ocde\/"]}]},{"@type":"ImageObject","inLanguage":"en-US","@id":"https:\/\/super-news.info\/es\/la-competitividad-precio-de-la-economia-espanola-mejoro-en-el-segundo-trimestre-respecto-a-la-ue-y-la-ocde\/#primaryimage","url":"https:\/\/super-news.info\/es\/wp-content\/uploads\/sites\/4\/2019\/08\/La-competitividad-precio-de-la-econom\u00eda-espa\u00f1ola-mejor\u00f3-en-el.jpg","contentUrl":"https:\/\/super-news.info\/es\/wp-content\/uploads\/sites\/4\/2019\/08\/La-competitividad-precio-de-la-econom\u00eda-espa\u00f1ola-mejor\u00f3-en-el.jpg","width":120,"height":71,"caption":"La competitividad precio de la econom\u00eda espa\u00f1ola mejor\u00f3 en el segundo trimestre respecto a la UE y la OCDE"},{"@type":"BreadcrumbList","@id":"https:\/\/super-news.info\/es\/la-competitividad-precio-de-la-economia-espanola-mejoro-en-el-segundo-trimestre-respecto-a-la-ue-y-la-ocde\/#breadcrumb","itemListElement":[{"@type":"ListItem","position":1,"name":"\u0413\u043b\u0430\u0432\u043d\u0430\u044f \u0441\u0442\u0440\u0430\u043d\u0438\u0446\u0430","item":"https:\/\/super-news.info\/es\/"},{"@type":"ListItem","position":2,"name":"La competitividad precio de la econom\u00eda espa\u00f1ola mejor\u00f3 en el segundo trimestre respecto a la UE y la OCDE"}]},{"@type":"WebSite","@id":"https:\/\/super-news.info\/es\/#website","url":"https:\/\/super-news.info\/es\/","name":"Super News","description":"Super News Espa\u00f1a","potentialAction":[{"@type":"SearchAction","target":{"@type":"EntryPoint","urlTemplate":"https:\/\/super-news.info\/es\/?s={search_term_string}"},"query-input":{"@type":"PropertyValueSpecification","valueRequired":true,"valueName":"search_term_string"}}],"inLanguage":"en-US"},{"@type":"Person","@id":"https:\/\/super-news.info\/es\/#\/schema\/person\/2d4068cb2f39cd10008c2fce578a7356","name":"super-news","image":{"@type":"ImageObject","inLanguage":"en-US","@id":"https:\/\/secure.gravatar.com\/avatar\/64ebac40b93f26a154f8a9b5b6fdccfc46f442b26b3dd6756dbff3bf9dc76fd7?s=96&d=mm&r=g","url":"https:\/\/secure.gravatar.com\/avatar\/64ebac40b93f26a154f8a9b5b6fdccfc46f442b26b3dd6756dbff3bf9dc76fd7?s=96&d=mm&r=g","contentUrl":"https:\/\/secure.gravatar.com\/avatar\/64ebac40b93f26a154f8a9b5b6fdccfc46f442b26b3dd6756dbff3bf9dc76fd7?s=96&d=mm&r=g","caption":"super-news"},"url":"https:\/\/super-news.info\/es\/author\/pt\/"}]}},"_links":{"self":[{"href":"https:\/\/super-news.info\/es\/wp-json\/wp\/v2\/posts\/8356","targetHints":{"allow":["GET"]}}],"collection":[{"href":"https:\/\/super-news.info\/es\/wp-json\/wp\/v2\/posts"}],"about":[{"href":"https:\/\/super-news.info\/es\/wp-json\/wp\/v2\/types\/post"}],"author":[{"embeddable":true,"href":"https:\/\/super-news.info\/es\/wp-json\/wp\/v2\/users\/2"}],"replies":[{"embeddable":true,"href":"https:\/\/super-news.info\/es\/wp-json\/wp\/v2\/comments?post=8356"}],"version-history":[{"count":1,"href":"https:\/\/super-news.info\/es\/wp-json\/wp\/v2\/posts\/8356\/revisions"}],"predecessor-version":[{"id":8358,"href":"https:\/\/super-news.info\/es\/wp-json\/wp\/v2\/posts\/8356\/revisions\/8358"}],"wp:featuredmedia":[{"embeddable":true,"href":"https:\/\/super-news.info\/es\/wp-json\/wp\/v2\/media\/8357"}],"wp:attachment":[{"href":"https:\/\/super-news.info\/es\/wp-json\/wp\/v2\/media?parent=8356"}],"wp:term":[{"taxonomy":"category","embeddable":true,"href":"https:\/\/super-news.info\/es\/wp-json\/wp\/v2\/categories?post=8356"},{"taxonomy":"post_tag","embeddable":true,"href":"https:\/\/super-news.info\/es\/wp-json\/wp\/v2\/tags?post=8356"}],"curies":[{"name":"wp","href":"https:\/\/api.w.org\/{rel}","templated":true}]}}