{"id":8353,"date":"2019-08-09T11:46:47","date_gmt":"2019-08-09T08:46:47","guid":{"rendered":"https:\/\/super-news.info\/es\/colas-de-casi-una-hora-en-la-t2-del-aeropuerto-de-barcelona-durante-la-primera-jornada-de-huelga\/"},"modified":"2019-08-09T11:46:48","modified_gmt":"2019-08-09T08:46:48","slug":"colas-de-casi-una-hora-en-la-t2-del-aeropuerto-de-barcelona-durante-la-primera-jornada-de-huelga","status":"publish","type":"post","link":"https:\/\/super-news.info\/es\/colas-de-casi-una-hora-en-la-t2-del-aeropuerto-de-barcelona-durante-la-primera-jornada-de-huelga\/","title":{"rendered":"Colas de casi una hora en la T2 del Aeropuerto de Barcelona durante la primera jornada de huelga"},"content":{"rendered":"<p> [ad_1]<\/p>\n<div id=\"CuerpoNoticiav2\" itemprop=\"articleBody\">\n<p>EL PRAT DE LLOBREGAT (BARCELONA), 9 Ago. (EUROPA PRESS) &#8211;<\/p>\n<p itemprop=\"description\">Pasajeros del Aeropuerto de Barcelona-El Prat han aguardado casi una hora de cola en la Terminal 2 sobre las 09.00 horas de este viernes, en el marco de la primera jornada de huelga de los trabajadores de Trablisa, encargados de los filtros de seguridad, han informado trabajadores del aeropuerto a Europa Press.<\/p>\n<p>En la T2 del Aeropuerto de Barcelona se han producido largas colas entre las 9.00 y las 10.00 horas de esta ma\u00f1ana, mientras que en la T1 la situaci\u00f3n es de normalidad con esperas de m\u00e1ximo 15 minutos.<\/p>\n<p>Los trabajadores de Trablisa han convocado una huelga indefinida y de 24 horas a partir de este viernes para exigir mejoras laborales y salariales, como un plus de un euro por hora trabajada para compensar la sobrecarga de trabajo, y se han decretado unos servicios m\u00ednimos del 90%.<\/p>\n<p>Algunos pasajeros han explicado a Europa Press que han llegado con varias horas de antelaci\u00f3n a El Prat y que las colas en la T2 se han empezado a formar a partir sobre las 9 horas de la ma\u00f1ana.<\/p>\n<p>Michel, que viaja con su familia a Mallorca, ha explicado que ha recibido un mensaje de su aerol\u00ednea dici\u00e9ndole que &#8220;hab\u00eda problemas&#8221; en el aeropuerto, pero sin mencionar que hab\u00eda convocada una huelga, y que era mejor llegar con tiempo de margen.<\/p>\n<p>Ver\u00f3nica y Jorge han llegado sobre las 06.30 horas para un vuelo que tienen a las 11.20 horas hacia Tenerife y sab\u00edan que hab\u00eda huelga: &#8220;Los trabajadores est\u00e1n en su derecho de hacer huelga, algo hay que hacer. Deber\u00edamos hacer m\u00e1s huelgas&#8221;.<\/p>\n<p><strong>PETICIONES TRABAJADORES<\/strong><\/p>\n<p>Los trabajadores de Trablisa han convocado huelga para exigir que se garantiza la paridad entre los vigilantes para no cargar con m\u00e1s trabajo a ellas al tener que registrar a las pasajeras en los filtros siendo menos.<\/p>\n<p>Tambi\u00e9n reclaman un espacio donde aparcar de manera gratuita y en la terminal en la que trabajan; asegurar descansos m\u00ednimos y dos fines de semana al mes, y garantizar que todos reciben la formaci\u00f3n necesaria.<\/p>\n<p>Los trabajadores votaron durante el jueves si aceptaban la \u00faltima propuesta de Trablisa: participaron 177 empleados de una plantilla de 500 personas y 175 la rechazaron.<\/p>\n<p><strong>VUELOS DURANTE ESTE FIN DE SEMANA<\/strong><\/p>\n<p>Se estima que la cantidad de vuelos durante este fin de semana sea de entre 950 y 1.000 diarios, entre salidas y llegadas, han informado fuentes de Aena.<\/p>\n<p>La operativa prevista calcula 185.000 pasajeros para el viernes; 160.000 para el s\u00e1bado y 180.000 el domingo.<\/p>\n<\/div>\n<p>[ad_2]<br \/>\n<br \/><a href=\"https:\/\/www.europapress.es\/catalunya\/noticia-colas-casi-hora-t2-aeropuerto-barcelona-primera-jornada-huelga-20190809094353.html\">Source link <\/a><\/p>\n","protected":false},"excerpt":{"rendered":"<p>[ad_1] EL PRAT DE LLOBREGAT (BARCELONA), 9 Ago. (EUROPA PRESS) &#8211; Pasajeros del Aeropuerto de Barcelona-El Prat han aguardado casi una hora de cola en la Terminal 2 sobre las 09.00 horas de este viernes, en el marco de la primera jornada de huelga de los trabajadores de Trablisa, encargados de los filtros de seguridad, [&hellip;]<\/p>\n","protected":false},"author":2,"featured_media":8354,"comment_status":"open","ping_status":"open","sticky":false,"template":"","format":"standard","meta":{"footnotes":""},"categories":[1],"tags":[],"class_list":["post-8353","post","type-post","status-publish","format-standard","has-post-thumbnail","hentry","category-noticias-financieras"],"yoast_head":"<!-- This site is optimized with the Yoast SEO plugin v27.4 - https:\/\/yoast.com\/product\/yoast-seo-wordpress\/ -->\n<title>Colas de casi una hora en la T2 del Aeropuerto de Barcelona durante la primera jornada de huelga - Super News<\/title>\n<meta name=\"robots\" content=\"index, follow, max-snippet:-1, max-image-preview:large, max-video-preview:-1\" \/>\n<link rel=\"canonical\" href=\"https:\/\/super-news.info\/es\/colas-de-casi-una-hora-en-la-t2-del-aeropuerto-de-barcelona-durante-la-primera-jornada-de-huelga\/\" \/>\n<meta property=\"og:locale\" content=\"en_US\" \/>\n<meta property=\"og:type\" content=\"article\" \/>\n<meta property=\"og:title\" content=\"Colas de casi una hora en la T2 del Aeropuerto de Barcelona durante la primera jornada de huelga - Super News\" \/>\n<meta property=\"og:description\" content=\"[ad_1] EL PRAT DE LLOBREGAT (BARCELONA), 9 Ago. (EUROPA PRESS) &#8211; Pasajeros del Aeropuerto de Barcelona-El Prat han aguardado casi una hora de cola en la Terminal 2 sobre las 09.00 horas de este viernes, en el marco de la primera jornada de huelga de los trabajadores de Trablisa, encargados de los filtros de seguridad, [&hellip;]\" \/>\n<meta property=\"og:url\" content=\"https:\/\/super-news.info\/es\/colas-de-casi-una-hora-en-la-t2-del-aeropuerto-de-barcelona-durante-la-primera-jornada-de-huelga\/\" \/>\n<meta property=\"og:site_name\" content=\"Super News\" \/>\n<meta property=\"article:published_time\" content=\"2019-08-09T08:46:47+00:00\" \/>\n<meta property=\"article:modified_time\" content=\"2019-08-09T08:46:48+00:00\" \/>\n<meta property=\"og:image\" content=\"https:\/\/super-news.info\/es\/wp-content\/uploads\/sites\/4\/2019\/08\/Colas-de-casi-una-hora-en-la-T2-del-Aeropuerto.jpg\" \/>\n\t<meta property=\"og:image:width\" content=\"120\" \/>\n\t<meta property=\"og:image:height\" content=\"90\" \/>\n\t<meta property=\"og:image:type\" content=\"image\/jpeg\" \/>\n<meta name=\"author\" content=\"super-news\" \/>\n<meta name=\"twitter:card\" content=\"summary_large_image\" \/>\n<meta name=\"twitter:label1\" content=\"Written by\" \/>\n\t<meta name=\"twitter:data1\" content=\"super-news\" \/>\n\t<meta name=\"twitter:label2\" content=\"Est. reading time\" \/>\n\t<meta name=\"twitter:data2\" content=\"2 minutes\" \/>\n<script type=\"application\/ld+json\" class=\"yoast-schema-graph\">{\"@context\":\"https:\\\/\\\/schema.org\",\"@graph\":[{\"@type\":\"Article\",\"@id\":\"https:\\\/\\\/super-news.info\\\/es\\\/colas-de-casi-una-hora-en-la-t2-del-aeropuerto-de-barcelona-durante-la-primera-jornada-de-huelga\\\/#article\",\"isPartOf\":{\"@id\":\"https:\\\/\\\/super-news.info\\\/es\\\/colas-de-casi-una-hora-en-la-t2-del-aeropuerto-de-barcelona-durante-la-primera-jornada-de-huelga\\\/\"},\"author\":{\"name\":\"super-news\",\"@id\":\"https:\\\/\\\/super-news.info\\\/es\\\/#\\\/schema\\\/person\\\/2d4068cb2f39cd10008c2fce578a7356\"},\"headline\":\"Colas de casi una hora en la T2 del Aeropuerto de Barcelona durante la primera jornada de huelga\",\"datePublished\":\"2019-08-09T08:46:47+00:00\",\"dateModified\":\"2019-08-09T08:46:48+00:00\",\"mainEntityOfPage\":{\"@id\":\"https:\\\/\\\/super-news.info\\\/es\\\/colas-de-casi-una-hora-en-la-t2-del-aeropuerto-de-barcelona-durante-la-primera-jornada-de-huelga\\\/\"},\"wordCount\":446,\"commentCount\":0,\"image\":{\"@id\":\"https:\\\/\\\/super-news.info\\\/es\\\/colas-de-casi-una-hora-en-la-t2-del-aeropuerto-de-barcelona-durante-la-primera-jornada-de-huelga\\\/#primaryimage\"},\"thumbnailUrl\":\"https:\\\/\\\/super-news.info\\\/es\\\/wp-content\\\/uploads\\\/sites\\\/4\\\/2019\\\/08\\\/Colas-de-casi-una-hora-en-la-T2-del-Aeropuerto.jpg\",\"articleSection\":[\"NOTICIAS FINANCIERAS\"],\"inLanguage\":\"en-US\",\"potentialAction\":[{\"@type\":\"CommentAction\",\"name\":\"Comment\",\"target\":[\"https:\\\/\\\/super-news.info\\\/es\\\/colas-de-casi-una-hora-en-la-t2-del-aeropuerto-de-barcelona-durante-la-primera-jornada-de-huelga\\\/#respond\"]}]},{\"@type\":\"WebPage\",\"@id\":\"https:\\\/\\\/super-news.info\\\/es\\\/colas-de-casi-una-hora-en-la-t2-del-aeropuerto-de-barcelona-durante-la-primera-jornada-de-huelga\\\/\",\"url\":\"https:\\\/\\\/super-news.info\\\/es\\\/colas-de-casi-una-hora-en-la-t2-del-aeropuerto-de-barcelona-durante-la-primera-jornada-de-huelga\\\/\",\"name\":\"Colas de casi una hora en la T2 del Aeropuerto de Barcelona durante la primera jornada de huelga - Super News\",\"isPartOf\":{\"@id\":\"https:\\\/\\\/super-news.info\\\/es\\\/#website\"},\"primaryImageOfPage\":{\"@id\":\"https:\\\/\\\/super-news.info\\\/es\\\/colas-de-casi-una-hora-en-la-t2-del-aeropuerto-de-barcelona-durante-la-primera-jornada-de-huelga\\\/#primaryimage\"},\"image\":{\"@id\":\"https:\\\/\\\/super-news.info\\\/es\\\/colas-de-casi-una-hora-en-la-t2-del-aeropuerto-de-barcelona-durante-la-primera-jornada-de-huelga\\\/#primaryimage\"},\"thumbnailUrl\":\"https:\\\/\\\/super-news.info\\\/es\\\/wp-content\\\/uploads\\\/sites\\\/4\\\/2019\\\/08\\\/Colas-de-casi-una-hora-en-la-T2-del-Aeropuerto.jpg\",\"datePublished\":\"2019-08-09T08:46:47+00:00\",\"dateModified\":\"2019-08-09T08:46:48+00:00\",\"author\":{\"@id\":\"https:\\\/\\\/super-news.info\\\/es\\\/#\\\/schema\\\/person\\\/2d4068cb2f39cd10008c2fce578a7356\"},\"breadcrumb\":{\"@id\":\"https:\\\/\\\/super-news.info\\\/es\\\/colas-de-casi-una-hora-en-la-t2-del-aeropuerto-de-barcelona-durante-la-primera-jornada-de-huelga\\\/#breadcrumb\"},\"inLanguage\":\"en-US\",\"potentialAction\":[{\"@type\":\"ReadAction\",\"target\":[\"https:\\\/\\\/super-news.info\\\/es\\\/colas-de-casi-una-hora-en-la-t2-del-aeropuerto-de-barcelona-durante-la-primera-jornada-de-huelga\\\/\"]}]},{\"@type\":\"ImageObject\",\"inLanguage\":\"en-US\",\"@id\":\"https:\\\/\\\/super-news.info\\\/es\\\/colas-de-casi-una-hora-en-la-t2-del-aeropuerto-de-barcelona-durante-la-primera-jornada-de-huelga\\\/#primaryimage\",\"url\":\"https:\\\/\\\/super-news.info\\\/es\\\/wp-content\\\/uploads\\\/sites\\\/4\\\/2019\\\/08\\\/Colas-de-casi-una-hora-en-la-T2-del-Aeropuerto.jpg\",\"contentUrl\":\"https:\\\/\\\/super-news.info\\\/es\\\/wp-content\\\/uploads\\\/sites\\\/4\\\/2019\\\/08\\\/Colas-de-casi-una-hora-en-la-T2-del-Aeropuerto.jpg\",\"width\":120,\"height\":90,\"caption\":\"Colas de casi una hora en la T2 del Aeropuerto de Barcelona durante la primera jornada de huelga\"},{\"@type\":\"BreadcrumbList\",\"@id\":\"https:\\\/\\\/super-news.info\\\/es\\\/colas-de-casi-una-hora-en-la-t2-del-aeropuerto-de-barcelona-durante-la-primera-jornada-de-huelga\\\/#breadcrumb\",\"itemListElement\":[{\"@type\":\"ListItem\",\"position\":1,\"name\":\"\u0413\u043b\u0430\u0432\u043d\u0430\u044f \u0441\u0442\u0440\u0430\u043d\u0438\u0446\u0430\",\"item\":\"https:\\\/\\\/super-news.info\\\/es\\\/\"},{\"@type\":\"ListItem\",\"position\":2,\"name\":\"Colas de casi una hora en la T2 del Aeropuerto de Barcelona durante la primera jornada de huelga\"}]},{\"@type\":\"WebSite\",\"@id\":\"https:\\\/\\\/super-news.info\\\/es\\\/#website\",\"url\":\"https:\\\/\\\/super-news.info\\\/es\\\/\",\"name\":\"Super News\",\"description\":\"Super News Espa\u00f1a\",\"potentialAction\":[{\"@type\":\"SearchAction\",\"target\":{\"@type\":\"EntryPoint\",\"urlTemplate\":\"https:\\\/\\\/super-news.info\\\/es\\\/?s={search_term_string}\"},\"query-input\":{\"@type\":\"PropertyValueSpecification\",\"valueRequired\":true,\"valueName\":\"search_term_string\"}}],\"inLanguage\":\"en-US\"},{\"@type\":\"Person\",\"@id\":\"https:\\\/\\\/super-news.info\\\/es\\\/#\\\/schema\\\/person\\\/2d4068cb2f39cd10008c2fce578a7356\",\"name\":\"super-news\",\"image\":{\"@type\":\"ImageObject\",\"inLanguage\":\"en-US\",\"@id\":\"https:\\\/\\\/secure.gravatar.com\\\/avatar\\\/64ebac40b93f26a154f8a9b5b6fdccfc46f442b26b3dd6756dbff3bf9dc76fd7?s=96&d=mm&r=g\",\"url\":\"https:\\\/\\\/secure.gravatar.com\\\/avatar\\\/64ebac40b93f26a154f8a9b5b6fdccfc46f442b26b3dd6756dbff3bf9dc76fd7?s=96&d=mm&r=g\",\"contentUrl\":\"https:\\\/\\\/secure.gravatar.com\\\/avatar\\\/64ebac40b93f26a154f8a9b5b6fdccfc46f442b26b3dd6756dbff3bf9dc76fd7?s=96&d=mm&r=g\",\"caption\":\"super-news\"},\"url\":\"https:\\\/\\\/super-news.info\\\/es\\\/author\\\/pt\\\/\"}]}<\/script>\n<!-- \/ Yoast SEO plugin. -->","yoast_head_json":{"title":"Colas de casi una hora en la T2 del Aeropuerto de Barcelona durante la primera jornada de huelga - Super News","robots":{"index":"index","follow":"follow","max-snippet":"max-snippet:-1","max-image-preview":"max-image-preview:large","max-video-preview":"max-video-preview:-1"},"canonical":"https:\/\/super-news.info\/es\/colas-de-casi-una-hora-en-la-t2-del-aeropuerto-de-barcelona-durante-la-primera-jornada-de-huelga\/","og_locale":"en_US","og_type":"article","og_title":"Colas de casi una hora en la T2 del Aeropuerto de Barcelona durante la primera jornada de huelga - Super News","og_description":"[ad_1] EL PRAT DE LLOBREGAT (BARCELONA), 9 Ago. (EUROPA PRESS) &#8211; Pasajeros del Aeropuerto de Barcelona-El Prat han aguardado casi una hora de cola en la Terminal 2 sobre las 09.00 horas de este viernes, en el marco de la primera jornada de huelga de los trabajadores de Trablisa, encargados de los filtros de seguridad, [&hellip;]","og_url":"https:\/\/super-news.info\/es\/colas-de-casi-una-hora-en-la-t2-del-aeropuerto-de-barcelona-durante-la-primera-jornada-de-huelga\/","og_site_name":"Super News","article_published_time":"2019-08-09T08:46:47+00:00","article_modified_time":"2019-08-09T08:46:48+00:00","og_image":[{"width":120,"height":90,"url":"https:\/\/super-news.info\/es\/wp-content\/uploads\/sites\/4\/2019\/08\/Colas-de-casi-una-hora-en-la-T2-del-Aeropuerto.jpg","type":"image\/jpeg"}],"author":"super-news","twitter_card":"summary_large_image","twitter_misc":{"Written by":"super-news","Est. reading time":"2 minutes"},"schema":{"@context":"https:\/\/schema.org","@graph":[{"@type":"Article","@id":"https:\/\/super-news.info\/es\/colas-de-casi-una-hora-en-la-t2-del-aeropuerto-de-barcelona-durante-la-primera-jornada-de-huelga\/#article","isPartOf":{"@id":"https:\/\/super-news.info\/es\/colas-de-casi-una-hora-en-la-t2-del-aeropuerto-de-barcelona-durante-la-primera-jornada-de-huelga\/"},"author":{"name":"super-news","@id":"https:\/\/super-news.info\/es\/#\/schema\/person\/2d4068cb2f39cd10008c2fce578a7356"},"headline":"Colas de casi una hora en la T2 del Aeropuerto de Barcelona durante la primera jornada de huelga","datePublished":"2019-08-09T08:46:47+00:00","dateModified":"2019-08-09T08:46:48+00:00","mainEntityOfPage":{"@id":"https:\/\/super-news.info\/es\/colas-de-casi-una-hora-en-la-t2-del-aeropuerto-de-barcelona-durante-la-primera-jornada-de-huelga\/"},"wordCount":446,"commentCount":0,"image":{"@id":"https:\/\/super-news.info\/es\/colas-de-casi-una-hora-en-la-t2-del-aeropuerto-de-barcelona-durante-la-primera-jornada-de-huelga\/#primaryimage"},"thumbnailUrl":"https:\/\/super-news.info\/es\/wp-content\/uploads\/sites\/4\/2019\/08\/Colas-de-casi-una-hora-en-la-T2-del-Aeropuerto.jpg","articleSection":["NOTICIAS FINANCIERAS"],"inLanguage":"en-US","potentialAction":[{"@type":"CommentAction","name":"Comment","target":["https:\/\/super-news.info\/es\/colas-de-casi-una-hora-en-la-t2-del-aeropuerto-de-barcelona-durante-la-primera-jornada-de-huelga\/#respond"]}]},{"@type":"WebPage","@id":"https:\/\/super-news.info\/es\/colas-de-casi-una-hora-en-la-t2-del-aeropuerto-de-barcelona-durante-la-primera-jornada-de-huelga\/","url":"https:\/\/super-news.info\/es\/colas-de-casi-una-hora-en-la-t2-del-aeropuerto-de-barcelona-durante-la-primera-jornada-de-huelga\/","name":"Colas de casi una hora en la T2 del Aeropuerto de Barcelona durante la primera jornada de huelga - Super News","isPartOf":{"@id":"https:\/\/super-news.info\/es\/#website"},"primaryImageOfPage":{"@id":"https:\/\/super-news.info\/es\/colas-de-casi-una-hora-en-la-t2-del-aeropuerto-de-barcelona-durante-la-primera-jornada-de-huelga\/#primaryimage"},"image":{"@id":"https:\/\/super-news.info\/es\/colas-de-casi-una-hora-en-la-t2-del-aeropuerto-de-barcelona-durante-la-primera-jornada-de-huelga\/#primaryimage"},"thumbnailUrl":"https:\/\/super-news.info\/es\/wp-content\/uploads\/sites\/4\/2019\/08\/Colas-de-casi-una-hora-en-la-T2-del-Aeropuerto.jpg","datePublished":"2019-08-09T08:46:47+00:00","dateModified":"2019-08-09T08:46:48+00:00","author":{"@id":"https:\/\/super-news.info\/es\/#\/schema\/person\/2d4068cb2f39cd10008c2fce578a7356"},"breadcrumb":{"@id":"https:\/\/super-news.info\/es\/colas-de-casi-una-hora-en-la-t2-del-aeropuerto-de-barcelona-durante-la-primera-jornada-de-huelga\/#breadcrumb"},"inLanguage":"en-US","potentialAction":[{"@type":"ReadAction","target":["https:\/\/super-news.info\/es\/colas-de-casi-una-hora-en-la-t2-del-aeropuerto-de-barcelona-durante-la-primera-jornada-de-huelga\/"]}]},{"@type":"ImageObject","inLanguage":"en-US","@id":"https:\/\/super-news.info\/es\/colas-de-casi-una-hora-en-la-t2-del-aeropuerto-de-barcelona-durante-la-primera-jornada-de-huelga\/#primaryimage","url":"https:\/\/super-news.info\/es\/wp-content\/uploads\/sites\/4\/2019\/08\/Colas-de-casi-una-hora-en-la-T2-del-Aeropuerto.jpg","contentUrl":"https:\/\/super-news.info\/es\/wp-content\/uploads\/sites\/4\/2019\/08\/Colas-de-casi-una-hora-en-la-T2-del-Aeropuerto.jpg","width":120,"height":90,"caption":"Colas de casi una hora en la T2 del Aeropuerto de Barcelona durante la primera jornada de huelga"},{"@type":"BreadcrumbList","@id":"https:\/\/super-news.info\/es\/colas-de-casi-una-hora-en-la-t2-del-aeropuerto-de-barcelona-durante-la-primera-jornada-de-huelga\/#breadcrumb","itemListElement":[{"@type":"ListItem","position":1,"name":"\u0413\u043b\u0430\u0432\u043d\u0430\u044f \u0441\u0442\u0440\u0430\u043d\u0438\u0446\u0430","item":"https:\/\/super-news.info\/es\/"},{"@type":"ListItem","position":2,"name":"Colas de casi una hora en la T2 del Aeropuerto de Barcelona durante la primera jornada de huelga"}]},{"@type":"WebSite","@id":"https:\/\/super-news.info\/es\/#website","url":"https:\/\/super-news.info\/es\/","name":"Super News","description":"Super News Espa\u00f1a","potentialAction":[{"@type":"SearchAction","target":{"@type":"EntryPoint","urlTemplate":"https:\/\/super-news.info\/es\/?s={search_term_string}"},"query-input":{"@type":"PropertyValueSpecification","valueRequired":true,"valueName":"search_term_string"}}],"inLanguage":"en-US"},{"@type":"Person","@id":"https:\/\/super-news.info\/es\/#\/schema\/person\/2d4068cb2f39cd10008c2fce578a7356","name":"super-news","image":{"@type":"ImageObject","inLanguage":"en-US","@id":"https:\/\/secure.gravatar.com\/avatar\/64ebac40b93f26a154f8a9b5b6fdccfc46f442b26b3dd6756dbff3bf9dc76fd7?s=96&d=mm&r=g","url":"https:\/\/secure.gravatar.com\/avatar\/64ebac40b93f26a154f8a9b5b6fdccfc46f442b26b3dd6756dbff3bf9dc76fd7?s=96&d=mm&r=g","contentUrl":"https:\/\/secure.gravatar.com\/avatar\/64ebac40b93f26a154f8a9b5b6fdccfc46f442b26b3dd6756dbff3bf9dc76fd7?s=96&d=mm&r=g","caption":"super-news"},"url":"https:\/\/super-news.info\/es\/author\/pt\/"}]}},"_links":{"self":[{"href":"https:\/\/super-news.info\/es\/wp-json\/wp\/v2\/posts\/8353","targetHints":{"allow":["GET"]}}],"collection":[{"href":"https:\/\/super-news.info\/es\/wp-json\/wp\/v2\/posts"}],"about":[{"href":"https:\/\/super-news.info\/es\/wp-json\/wp\/v2\/types\/post"}],"author":[{"embeddable":true,"href":"https:\/\/super-news.info\/es\/wp-json\/wp\/v2\/users\/2"}],"replies":[{"embeddable":true,"href":"https:\/\/super-news.info\/es\/wp-json\/wp\/v2\/comments?post=8353"}],"version-history":[{"count":1,"href":"https:\/\/super-news.info\/es\/wp-json\/wp\/v2\/posts\/8353\/revisions"}],"predecessor-version":[{"id":8355,"href":"https:\/\/super-news.info\/es\/wp-json\/wp\/v2\/posts\/8353\/revisions\/8355"}],"wp:featuredmedia":[{"embeddable":true,"href":"https:\/\/super-news.info\/es\/wp-json\/wp\/v2\/media\/8354"}],"wp:attachment":[{"href":"https:\/\/super-news.info\/es\/wp-json\/wp\/v2\/media?parent=8353"}],"wp:term":[{"taxonomy":"category","embeddable":true,"href":"https:\/\/super-news.info\/es\/wp-json\/wp\/v2\/categories?post=8353"},{"taxonomy":"post_tag","embeddable":true,"href":"https:\/\/super-news.info\/es\/wp-json\/wp\/v2\/tags?post=8353"}],"curies":[{"name":"wp","href":"https:\/\/api.w.org\/{rel}","templated":true}]}}