{"id":8311,"date":"2019-08-08T20:55:17","date_gmt":"2019-08-08T17:55:17","guid":{"rendered":"https:\/\/super-news.info\/es\/valerio-no-descarta-una-solucion-para-la-jubilacion-de-autonomos-con-deudas-con-la-seguridad-social\/"},"modified":"2019-08-08T20:55:18","modified_gmt":"2019-08-08T17:55:18","slug":"valerio-no-descarta-una-solucion-para-la-jubilacion-de-autonomos-con-deudas-con-la-seguridad-social","status":"publish","type":"post","link":"https:\/\/super-news.info\/es\/valerio-no-descarta-una-solucion-para-la-jubilacion-de-autonomos-con-deudas-con-la-seguridad-social\/","title":{"rendered":"Valerio no descarta una &#8220;soluci\u00f3n&#8221; para la jubilaci\u00f3n de aut\u00f3nomos con deudas con la Seguridad Social"},"content":{"rendered":"<p> [ad_1]<\/p>\n<div id=\"CuerpoNoticiav2\" itemprop=\"articleBody\">\n<h3 class=\"subsubhead\">El sector de la econom\u00eda social pide a S\u00e1nchez la puesta en marcha de la Agenda 2030<\/h3>\n<p>   MADRID, 8 Ago. (EUROPA PRESS) &#8211; <\/p>\n<p itemprop=\"description\">   La ministra de Trabajo, Migraciones y Seguridad Social en funciones, Magdalena Valerio, ha afirmado este jueves que las personas con deudas con la Seguridad Social &#8220;las tienen que saldar&#8221;, aunque no ha descartado que se pueda plantear una &#8220;soluci\u00f3n&#8221; para la jubilaci\u00f3n de los aut\u00f3nomos con pagos pendientes al sistema.<\/p>\n<p>   As\u00ed lo ha se\u00f1alado Valerio en declaraciones a la prensa tras reunirse, junto con el presidente del Gobierno en funciones, Pedro S\u00e1nchez, con representantes del sector de la econom\u00eda social y antes de hacer lo propio con los representantes de las principales organizaciones de aut\u00f3nomos (ATA, UPTA y Uatae), despu\u00e9s de haberlo hecho ya esta ma\u00f1ana con los agentes sociales (CEOE, Cepyme, CC.OO. y UGT).<\/p>\n<p>   La imposibilidad de cobrar una pensi\u00f3n por parte de los aut\u00f3nomos con deudas pendientes con la Seguridad Social es uno de los problemas que las organizaciones de aut\u00f3nomos han denunciado en las \u00faltimas semanas y as\u00ed tienen previsto traslad\u00e1rselo a la ministra en su reuni\u00f3n de esta tarde.<\/p>\n<p>   ATA pidi\u00f3 flexibilizar las condiciones para que los aut\u00f3nomos con deudas a la Seguridad, al tiempo que UPTA reclam\u00f3 un m\u00ednimo vital exento para los trabajadores por cuenta propia bajo esta situaci\u00f3n.<\/p>\n<p>   Desde ATA han informado a Europa Press que su presidente, Lorenzo Amor, transmitir\u00e1 a S\u00e1nchez &#8220;la importancia de que se conforme Gobierno&#8221; y que, para ello, &#8220;dialoguen&#8221; las diferentes fuerzas pol\u00edticas. En el \u00e1mbito laboral, apuesta por mejorar el acceso a la jubilaci\u00f3n de aut\u00f3nomos &#8220;con peque\u00f1as deudas&#8221; con la Seguridad Social y el sistema de protecci\u00f3n social, garantizar la seguridad jur\u00eddica de las deducciones fiscales y una Agenda hasta 2025 para orientar las pol\u00edticas de aut\u00f3nomos y emprendimientos, con una legislaci\u00f3n acorde a &#8220;la realidad actual&#8221; del trabajo por cuenta propia.<\/p>\n<p>   El presidente de UPTA, Eduardo Abad, tambi\u00e9n incidi\u00f3 en declaraciones a Europa Press en la puesta en marcha de una Agenda 2020-2025 del trabajo aut\u00f3nomo para impulsar un &#8220;cambio de din\u00e1micas y hablar de empleo aut\u00f3nomo de calidad en vez de cantidad&#8221;, y abordar cambios en la fiscalidad y reformas en las leyes de segunda oportunidad y de pago a proveedores, as\u00ed como el fomento de la econom\u00eda rural y planes estrat\u00e9gicos de relevo para evitar el cierre de negocios y despidos por la jubilaci\u00f3n del trabajador por cuenta propia. Respecto a la formaci\u00f3n de Gobierno, Abad ha abogado por un &#8220;acuerdo program\u00e1tico con l\u00edneas claramente definidas&#8221; y la continuidad de Valerio.<\/p>\n<p>   Por su parte, Uatae avanz\u00f3 que transmitir\u00eda a S\u00e1nchez &#8220;la importancia de conformar un Gobierno estable que afronte los problemas de las y los trabajadores aut\u00f3nomos&#8221;, y alcanzar una cotizaci\u00f3n por ingresos reales y solucionar el problema de los falsos aut\u00f3nomos&#8221;.<\/p>\n<h2 class=\"ladillo\">EL SECTOR DE LA ECONOM\u00cdA SOCIAL PIDE IMPLEMENTAR LA AGENDA 2030<\/h2>\n<p>   Por otra parte, Valerio ha tildado de &#8220;muy positiva&#8221; la reuni\u00f3n con los representantes del sector de la econom\u00eda social, que han planteado al presidente la importancia de este sector, al representar 42.000 empresas, dos millones de puestos de trabajo y el 10% del PIB, y le han hecho entrega de un documento con sus principales propuestas.<\/p>\n<p>   En concreto, ha citado la puesta en marcha de la Agenda 2030 para el cumplimiento de los objetivos de desarrollo sostenible que incluye.<\/p>\n<p>   En este sentido, ha recordado que el Gobierno aprob\u00f3 la Agenda del Cambio en donde se inclu\u00eda este asunto y se fijaba la econom\u00eda social como una &#8220;pol\u00edtica palanca&#8221;, al tiempo que ha indicado que la declaraci\u00f3n de la 108 conferencia de la Organizaci\u00f3n Internacional del Trabajo (OIT) figura la econom\u00eda social y el cooperativismo como &#8220;algo importante para todo el mundo&#8221;.<\/p>\n<p>   La Confederaci\u00f3n Empresarial Espa\u00f1ola de la Econom\u00eda Social (CEPES) comparte la necesidad de dotar a Espa\u00f1a a la mayor brevedad posible de un Gobierno que d\u00e9 la m\u00e1xima estabilidad pol\u00edtica e institucional al pa\u00eds, con un programa de trabajo que consolide la senda de crecimiento y aborde los nuevos retos que afronta la sociedad y la econom\u00eda espa\u00f1olas.<\/p>\n<h2 class=\"ladillo\">VALERIO PIDE ESTABILIDAD ANTE LAS &#8220;PERTURBACIONES EXTERIORES&#8221;<\/h2>\n<p>   De esta forma, ha subrayado que la econom\u00eda social espa\u00f1ola est\u00e1 siendo un &#8220;referente&#8221; en el mundo, porque implica apostar por la actividad econ\u00f3mica que &#8220;sirve&#8221;, y se basa en la cooperaci\u00f3n y la solidaridad, estando adem\u00e1s &#8220;enraizada&#8221; con el territorio, por lo que sirve para fijar poblaci\u00f3n y generar oportunidades de empleo en la &#8220;Espa\u00f1a vaciada y rural&#8221;.<\/p>\n<p>   En el encuentro tambi\u00e9n se ha abordado la importancia de la transici\u00f3n ecol\u00f3gica y energ\u00e9tica, el cambio clim\u00e1tico y la formaci\u00f3n, seg\u00fan ha desvelado la ministra, quien ha destacado la &#8220;unanimidad&#8221; de todos los encuentros mantenidos con la sociedad civil de abordar los retos ante el contexto internacional &#8220;complejo&#8221;, marcado por el Brexit, la guerra comercial entre Estados Unidos y China y la situaci\u00f3n de algunos pa\u00edses europeos.<\/p>\n<p>   &#8220;Est\u00e1 habiendo perturbaciones econ\u00f3micas, por lo que cuanta m\u00e1s estabilidad tengamos, mejor&#8221;, ha enfatizado, Valerio, para insistir en el consenso de que se forme &#8220;cuanto antes&#8221; estabilidad pol\u00edtica con un Gobierno &#8220;fuerte y s\u00f3lido&#8221;, algo que espera que se consiga por el &#8220;sentido de responsabilidad de todos los grupos&#8221;.<\/p>\n<\/div>\n<p>[ad_2]<br \/>\n<br \/><a href=\"https:\/\/www.europapress.es\/economia\/laboral-00346\/noticia-valerio-no-descarta-solucion-jubilacion-autonomos-deudas-seguridad-social-20190808184959.html\">Source link <\/a><\/p>\n","protected":false},"excerpt":{"rendered":"<p>[ad_1] El sector de la econom\u00eda social pide a S\u00e1nchez la puesta en marcha de la Agenda 2030 MADRID, 8 Ago. (EUROPA PRESS) &#8211; La ministra de Trabajo, Migraciones y Seguridad Social en funciones, Magdalena Valerio, ha afirmado este jueves que las personas con deudas con la Seguridad Social &#8220;las tienen que saldar&#8221;, aunque no [&hellip;]<\/p>\n","protected":false},"author":2,"featured_media":8312,"comment_status":"open","ping_status":"open","sticky":false,"template":"","format":"standard","meta":{"footnotes":""},"categories":[1],"tags":[],"class_list":["post-8311","post","type-post","status-publish","format-standard","has-post-thumbnail","hentry","category-noticias-financieras"],"yoast_head":"<!-- This site is optimized with the Yoast SEO plugin v27.4 - https:\/\/yoast.com\/product\/yoast-seo-wordpress\/ -->\n<title>Valerio no descarta una &quot;soluci\u00f3n&quot; para la jubilaci\u00f3n de aut\u00f3nomos con deudas con la Seguridad Social - Super News<\/title>\n<meta name=\"robots\" content=\"index, follow, max-snippet:-1, max-image-preview:large, max-video-preview:-1\" \/>\n<link rel=\"canonical\" href=\"https:\/\/super-news.info\/es\/valerio-no-descarta-una-solucion-para-la-jubilacion-de-autonomos-con-deudas-con-la-seguridad-social\/\" \/>\n<meta property=\"og:locale\" content=\"en_US\" \/>\n<meta property=\"og:type\" content=\"article\" \/>\n<meta property=\"og:title\" content=\"Valerio no descarta una &quot;soluci\u00f3n&quot; para la jubilaci\u00f3n de aut\u00f3nomos con deudas con la Seguridad Social - Super News\" \/>\n<meta property=\"og:description\" content=\"[ad_1] El sector de la econom\u00eda social pide a S\u00e1nchez la puesta en marcha de la Agenda 2030 MADRID, 8 Ago. (EUROPA PRESS) &#8211; La ministra de Trabajo, Migraciones y Seguridad Social en funciones, Magdalena Valerio, ha afirmado este jueves que las personas con deudas con la Seguridad Social &#8220;las tienen que saldar&#8221;, aunque no [&hellip;]\" \/>\n<meta property=\"og:url\" content=\"https:\/\/super-news.info\/es\/valerio-no-descarta-una-solucion-para-la-jubilacion-de-autonomos-con-deudas-con-la-seguridad-social\/\" \/>\n<meta property=\"og:site_name\" content=\"Super News\" \/>\n<meta property=\"article:published_time\" content=\"2019-08-08T17:55:17+00:00\" \/>\n<meta property=\"article:modified_time\" content=\"2019-08-08T17:55:18+00:00\" \/>\n<meta property=\"og:image\" content=\"https:\/\/super-news.info\/es\/wp-content\/uploads\/sites\/4\/2019\/08\/Valerio-no-descarta-una-soluci\u00f3n-para-la-jubilaci\u00f3n-de-aut\u00f3nomos.jpg\" \/>\n\t<meta property=\"og:image:width\" content=\"120\" \/>\n\t<meta property=\"og:image:height\" content=\"80\" \/>\n\t<meta property=\"og:image:type\" content=\"image\/jpeg\" \/>\n<meta name=\"author\" content=\"super-news\" \/>\n<meta name=\"twitter:card\" content=\"summary_large_image\" \/>\n<meta name=\"twitter:label1\" content=\"Written by\" \/>\n\t<meta name=\"twitter:data1\" content=\"super-news\" \/>\n\t<meta name=\"twitter:label2\" content=\"Est. reading time\" \/>\n\t<meta name=\"twitter:data2\" content=\"5 minutes\" \/>\n<script type=\"application\/ld+json\" class=\"yoast-schema-graph\">{\"@context\":\"https:\\\/\\\/schema.org\",\"@graph\":[{\"@type\":\"Article\",\"@id\":\"https:\\\/\\\/super-news.info\\\/es\\\/valerio-no-descarta-una-solucion-para-la-jubilacion-de-autonomos-con-deudas-con-la-seguridad-social\\\/#article\",\"isPartOf\":{\"@id\":\"https:\\\/\\\/super-news.info\\\/es\\\/valerio-no-descarta-una-solucion-para-la-jubilacion-de-autonomos-con-deudas-con-la-seguridad-social\\\/\"},\"author\":{\"name\":\"super-news\",\"@id\":\"https:\\\/\\\/super-news.info\\\/es\\\/#\\\/schema\\\/person\\\/2d4068cb2f39cd10008c2fce578a7356\"},\"headline\":\"Valerio no descarta una &#8220;soluci\u00f3n&#8221; para la jubilaci\u00f3n de aut\u00f3nomos con deudas con la Seguridad Social\",\"datePublished\":\"2019-08-08T17:55:17+00:00\",\"dateModified\":\"2019-08-08T17:55:18+00:00\",\"mainEntityOfPage\":{\"@id\":\"https:\\\/\\\/super-news.info\\\/es\\\/valerio-no-descarta-una-solucion-para-la-jubilacion-de-autonomos-con-deudas-con-la-seguridad-social\\\/\"},\"wordCount\":955,\"commentCount\":0,\"image\":{\"@id\":\"https:\\\/\\\/super-news.info\\\/es\\\/valerio-no-descarta-una-solucion-para-la-jubilacion-de-autonomos-con-deudas-con-la-seguridad-social\\\/#primaryimage\"},\"thumbnailUrl\":\"https:\\\/\\\/super-news.info\\\/es\\\/wp-content\\\/uploads\\\/sites\\\/4\\\/2019\\\/08\\\/Valerio-no-descarta-una-soluci\u00f3n-para-la-jubilaci\u00f3n-de-aut\u00f3nomos.jpg\",\"articleSection\":[\"NOTICIAS FINANCIERAS\"],\"inLanguage\":\"en-US\",\"potentialAction\":[{\"@type\":\"CommentAction\",\"name\":\"Comment\",\"target\":[\"https:\\\/\\\/super-news.info\\\/es\\\/valerio-no-descarta-una-solucion-para-la-jubilacion-de-autonomos-con-deudas-con-la-seguridad-social\\\/#respond\"]}]},{\"@type\":\"WebPage\",\"@id\":\"https:\\\/\\\/super-news.info\\\/es\\\/valerio-no-descarta-una-solucion-para-la-jubilacion-de-autonomos-con-deudas-con-la-seguridad-social\\\/\",\"url\":\"https:\\\/\\\/super-news.info\\\/es\\\/valerio-no-descarta-una-solucion-para-la-jubilacion-de-autonomos-con-deudas-con-la-seguridad-social\\\/\",\"name\":\"Valerio no descarta una \\\"soluci\u00f3n\\\" para la jubilaci\u00f3n de aut\u00f3nomos con deudas con la Seguridad Social - Super News\",\"isPartOf\":{\"@id\":\"https:\\\/\\\/super-news.info\\\/es\\\/#website\"},\"primaryImageOfPage\":{\"@id\":\"https:\\\/\\\/super-news.info\\\/es\\\/valerio-no-descarta-una-solucion-para-la-jubilacion-de-autonomos-con-deudas-con-la-seguridad-social\\\/#primaryimage\"},\"image\":{\"@id\":\"https:\\\/\\\/super-news.info\\\/es\\\/valerio-no-descarta-una-solucion-para-la-jubilacion-de-autonomos-con-deudas-con-la-seguridad-social\\\/#primaryimage\"},\"thumbnailUrl\":\"https:\\\/\\\/super-news.info\\\/es\\\/wp-content\\\/uploads\\\/sites\\\/4\\\/2019\\\/08\\\/Valerio-no-descarta-una-soluci\u00f3n-para-la-jubilaci\u00f3n-de-aut\u00f3nomos.jpg\",\"datePublished\":\"2019-08-08T17:55:17+00:00\",\"dateModified\":\"2019-08-08T17:55:18+00:00\",\"author\":{\"@id\":\"https:\\\/\\\/super-news.info\\\/es\\\/#\\\/schema\\\/person\\\/2d4068cb2f39cd10008c2fce578a7356\"},\"breadcrumb\":{\"@id\":\"https:\\\/\\\/super-news.info\\\/es\\\/valerio-no-descarta-una-solucion-para-la-jubilacion-de-autonomos-con-deudas-con-la-seguridad-social\\\/#breadcrumb\"},\"inLanguage\":\"en-US\",\"potentialAction\":[{\"@type\":\"ReadAction\",\"target\":[\"https:\\\/\\\/super-news.info\\\/es\\\/valerio-no-descarta-una-solucion-para-la-jubilacion-de-autonomos-con-deudas-con-la-seguridad-social\\\/\"]}]},{\"@type\":\"ImageObject\",\"inLanguage\":\"en-US\",\"@id\":\"https:\\\/\\\/super-news.info\\\/es\\\/valerio-no-descarta-una-solucion-para-la-jubilacion-de-autonomos-con-deudas-con-la-seguridad-social\\\/#primaryimage\",\"url\":\"https:\\\/\\\/super-news.info\\\/es\\\/wp-content\\\/uploads\\\/sites\\\/4\\\/2019\\\/08\\\/Valerio-no-descarta-una-soluci\u00f3n-para-la-jubilaci\u00f3n-de-aut\u00f3nomos.jpg\",\"contentUrl\":\"https:\\\/\\\/super-news.info\\\/es\\\/wp-content\\\/uploads\\\/sites\\\/4\\\/2019\\\/08\\\/Valerio-no-descarta-una-soluci\u00f3n-para-la-jubilaci\u00f3n-de-aut\u00f3nomos.jpg\",\"width\":120,\"height\":80,\"caption\":\"Valerio no descarta una \\\"soluci\u00f3n\\\" para la jubilaci\u00f3n de aut\u00f3nomos con deudas con la Seguridad Social\"},{\"@type\":\"BreadcrumbList\",\"@id\":\"https:\\\/\\\/super-news.info\\\/es\\\/valerio-no-descarta-una-solucion-para-la-jubilacion-de-autonomos-con-deudas-con-la-seguridad-social\\\/#breadcrumb\",\"itemListElement\":[{\"@type\":\"ListItem\",\"position\":1,\"name\":\"\u0413\u043b\u0430\u0432\u043d\u0430\u044f \u0441\u0442\u0440\u0430\u043d\u0438\u0446\u0430\",\"item\":\"https:\\\/\\\/super-news.info\\\/es\\\/\"},{\"@type\":\"ListItem\",\"position\":2,\"name\":\"Valerio no descarta una &#8220;soluci\u00f3n&#8221; para la jubilaci\u00f3n de aut\u00f3nomos con deudas con la Seguridad Social\"}]},{\"@type\":\"WebSite\",\"@id\":\"https:\\\/\\\/super-news.info\\\/es\\\/#website\",\"url\":\"https:\\\/\\\/super-news.info\\\/es\\\/\",\"name\":\"Super News\",\"description\":\"Super News Espa\u00f1a\",\"potentialAction\":[{\"@type\":\"SearchAction\",\"target\":{\"@type\":\"EntryPoint\",\"urlTemplate\":\"https:\\\/\\\/super-news.info\\\/es\\\/?s={search_term_string}\"},\"query-input\":{\"@type\":\"PropertyValueSpecification\",\"valueRequired\":true,\"valueName\":\"search_term_string\"}}],\"inLanguage\":\"en-US\"},{\"@type\":\"Person\",\"@id\":\"https:\\\/\\\/super-news.info\\\/es\\\/#\\\/schema\\\/person\\\/2d4068cb2f39cd10008c2fce578a7356\",\"name\":\"super-news\",\"image\":{\"@type\":\"ImageObject\",\"inLanguage\":\"en-US\",\"@id\":\"https:\\\/\\\/secure.gravatar.com\\\/avatar\\\/64ebac40b93f26a154f8a9b5b6fdccfc46f442b26b3dd6756dbff3bf9dc76fd7?s=96&d=mm&r=g\",\"url\":\"https:\\\/\\\/secure.gravatar.com\\\/avatar\\\/64ebac40b93f26a154f8a9b5b6fdccfc46f442b26b3dd6756dbff3bf9dc76fd7?s=96&d=mm&r=g\",\"contentUrl\":\"https:\\\/\\\/secure.gravatar.com\\\/avatar\\\/64ebac40b93f26a154f8a9b5b6fdccfc46f442b26b3dd6756dbff3bf9dc76fd7?s=96&d=mm&r=g\",\"caption\":\"super-news\"},\"url\":\"https:\\\/\\\/super-news.info\\\/es\\\/author\\\/pt\\\/\"}]}<\/script>\n<!-- \/ Yoast SEO plugin. -->","yoast_head_json":{"title":"Valerio no descarta una \"soluci\u00f3n\" para la jubilaci\u00f3n de aut\u00f3nomos con deudas con la Seguridad Social - Super News","robots":{"index":"index","follow":"follow","max-snippet":"max-snippet:-1","max-image-preview":"max-image-preview:large","max-video-preview":"max-video-preview:-1"},"canonical":"https:\/\/super-news.info\/es\/valerio-no-descarta-una-solucion-para-la-jubilacion-de-autonomos-con-deudas-con-la-seguridad-social\/","og_locale":"en_US","og_type":"article","og_title":"Valerio no descarta una \"soluci\u00f3n\" para la jubilaci\u00f3n de aut\u00f3nomos con deudas con la Seguridad Social - Super News","og_description":"[ad_1] El sector de la econom\u00eda social pide a S\u00e1nchez la puesta en marcha de la Agenda 2030 MADRID, 8 Ago. (EUROPA PRESS) &#8211; La ministra de Trabajo, Migraciones y Seguridad Social en funciones, Magdalena Valerio, ha afirmado este jueves que las personas con deudas con la Seguridad Social &#8220;las tienen que saldar&#8221;, aunque no [&hellip;]","og_url":"https:\/\/super-news.info\/es\/valerio-no-descarta-una-solucion-para-la-jubilacion-de-autonomos-con-deudas-con-la-seguridad-social\/","og_site_name":"Super News","article_published_time":"2019-08-08T17:55:17+00:00","article_modified_time":"2019-08-08T17:55:18+00:00","og_image":[{"width":120,"height":80,"url":"https:\/\/super-news.info\/es\/wp-content\/uploads\/sites\/4\/2019\/08\/Valerio-no-descarta-una-soluci\u00f3n-para-la-jubilaci\u00f3n-de-aut\u00f3nomos.jpg","type":"image\/jpeg"}],"author":"super-news","twitter_card":"summary_large_image","twitter_misc":{"Written by":"super-news","Est. reading time":"5 minutes"},"schema":{"@context":"https:\/\/schema.org","@graph":[{"@type":"Article","@id":"https:\/\/super-news.info\/es\/valerio-no-descarta-una-solucion-para-la-jubilacion-de-autonomos-con-deudas-con-la-seguridad-social\/#article","isPartOf":{"@id":"https:\/\/super-news.info\/es\/valerio-no-descarta-una-solucion-para-la-jubilacion-de-autonomos-con-deudas-con-la-seguridad-social\/"},"author":{"name":"super-news","@id":"https:\/\/super-news.info\/es\/#\/schema\/person\/2d4068cb2f39cd10008c2fce578a7356"},"headline":"Valerio no descarta una &#8220;soluci\u00f3n&#8221; para la jubilaci\u00f3n de aut\u00f3nomos con deudas con la Seguridad Social","datePublished":"2019-08-08T17:55:17+00:00","dateModified":"2019-08-08T17:55:18+00:00","mainEntityOfPage":{"@id":"https:\/\/super-news.info\/es\/valerio-no-descarta-una-solucion-para-la-jubilacion-de-autonomos-con-deudas-con-la-seguridad-social\/"},"wordCount":955,"commentCount":0,"image":{"@id":"https:\/\/super-news.info\/es\/valerio-no-descarta-una-solucion-para-la-jubilacion-de-autonomos-con-deudas-con-la-seguridad-social\/#primaryimage"},"thumbnailUrl":"https:\/\/super-news.info\/es\/wp-content\/uploads\/sites\/4\/2019\/08\/Valerio-no-descarta-una-soluci\u00f3n-para-la-jubilaci\u00f3n-de-aut\u00f3nomos.jpg","articleSection":["NOTICIAS FINANCIERAS"],"inLanguage":"en-US","potentialAction":[{"@type":"CommentAction","name":"Comment","target":["https:\/\/super-news.info\/es\/valerio-no-descarta-una-solucion-para-la-jubilacion-de-autonomos-con-deudas-con-la-seguridad-social\/#respond"]}]},{"@type":"WebPage","@id":"https:\/\/super-news.info\/es\/valerio-no-descarta-una-solucion-para-la-jubilacion-de-autonomos-con-deudas-con-la-seguridad-social\/","url":"https:\/\/super-news.info\/es\/valerio-no-descarta-una-solucion-para-la-jubilacion-de-autonomos-con-deudas-con-la-seguridad-social\/","name":"Valerio no descarta una \"soluci\u00f3n\" para la jubilaci\u00f3n de aut\u00f3nomos con deudas con la Seguridad Social - Super News","isPartOf":{"@id":"https:\/\/super-news.info\/es\/#website"},"primaryImageOfPage":{"@id":"https:\/\/super-news.info\/es\/valerio-no-descarta-una-solucion-para-la-jubilacion-de-autonomos-con-deudas-con-la-seguridad-social\/#primaryimage"},"image":{"@id":"https:\/\/super-news.info\/es\/valerio-no-descarta-una-solucion-para-la-jubilacion-de-autonomos-con-deudas-con-la-seguridad-social\/#primaryimage"},"thumbnailUrl":"https:\/\/super-news.info\/es\/wp-content\/uploads\/sites\/4\/2019\/08\/Valerio-no-descarta-una-soluci\u00f3n-para-la-jubilaci\u00f3n-de-aut\u00f3nomos.jpg","datePublished":"2019-08-08T17:55:17+00:00","dateModified":"2019-08-08T17:55:18+00:00","author":{"@id":"https:\/\/super-news.info\/es\/#\/schema\/person\/2d4068cb2f39cd10008c2fce578a7356"},"breadcrumb":{"@id":"https:\/\/super-news.info\/es\/valerio-no-descarta-una-solucion-para-la-jubilacion-de-autonomos-con-deudas-con-la-seguridad-social\/#breadcrumb"},"inLanguage":"en-US","potentialAction":[{"@type":"ReadAction","target":["https:\/\/super-news.info\/es\/valerio-no-descarta-una-solucion-para-la-jubilacion-de-autonomos-con-deudas-con-la-seguridad-social\/"]}]},{"@type":"ImageObject","inLanguage":"en-US","@id":"https:\/\/super-news.info\/es\/valerio-no-descarta-una-solucion-para-la-jubilacion-de-autonomos-con-deudas-con-la-seguridad-social\/#primaryimage","url":"https:\/\/super-news.info\/es\/wp-content\/uploads\/sites\/4\/2019\/08\/Valerio-no-descarta-una-soluci\u00f3n-para-la-jubilaci\u00f3n-de-aut\u00f3nomos.jpg","contentUrl":"https:\/\/super-news.info\/es\/wp-content\/uploads\/sites\/4\/2019\/08\/Valerio-no-descarta-una-soluci\u00f3n-para-la-jubilaci\u00f3n-de-aut\u00f3nomos.jpg","width":120,"height":80,"caption":"Valerio no descarta una \"soluci\u00f3n\" para la jubilaci\u00f3n de aut\u00f3nomos con deudas con la Seguridad Social"},{"@type":"BreadcrumbList","@id":"https:\/\/super-news.info\/es\/valerio-no-descarta-una-solucion-para-la-jubilacion-de-autonomos-con-deudas-con-la-seguridad-social\/#breadcrumb","itemListElement":[{"@type":"ListItem","position":1,"name":"\u0413\u043b\u0430\u0432\u043d\u0430\u044f \u0441\u0442\u0440\u0430\u043d\u0438\u0446\u0430","item":"https:\/\/super-news.info\/es\/"},{"@type":"ListItem","position":2,"name":"Valerio no descarta una &#8220;soluci\u00f3n&#8221; para la jubilaci\u00f3n de aut\u00f3nomos con deudas con la Seguridad Social"}]},{"@type":"WebSite","@id":"https:\/\/super-news.info\/es\/#website","url":"https:\/\/super-news.info\/es\/","name":"Super News","description":"Super News Espa\u00f1a","potentialAction":[{"@type":"SearchAction","target":{"@type":"EntryPoint","urlTemplate":"https:\/\/super-news.info\/es\/?s={search_term_string}"},"query-input":{"@type":"PropertyValueSpecification","valueRequired":true,"valueName":"search_term_string"}}],"inLanguage":"en-US"},{"@type":"Person","@id":"https:\/\/super-news.info\/es\/#\/schema\/person\/2d4068cb2f39cd10008c2fce578a7356","name":"super-news","image":{"@type":"ImageObject","inLanguage":"en-US","@id":"https:\/\/secure.gravatar.com\/avatar\/64ebac40b93f26a154f8a9b5b6fdccfc46f442b26b3dd6756dbff3bf9dc76fd7?s=96&d=mm&r=g","url":"https:\/\/secure.gravatar.com\/avatar\/64ebac40b93f26a154f8a9b5b6fdccfc46f442b26b3dd6756dbff3bf9dc76fd7?s=96&d=mm&r=g","contentUrl":"https:\/\/secure.gravatar.com\/avatar\/64ebac40b93f26a154f8a9b5b6fdccfc46f442b26b3dd6756dbff3bf9dc76fd7?s=96&d=mm&r=g","caption":"super-news"},"url":"https:\/\/super-news.info\/es\/author\/pt\/"}]}},"_links":{"self":[{"href":"https:\/\/super-news.info\/es\/wp-json\/wp\/v2\/posts\/8311","targetHints":{"allow":["GET"]}}],"collection":[{"href":"https:\/\/super-news.info\/es\/wp-json\/wp\/v2\/posts"}],"about":[{"href":"https:\/\/super-news.info\/es\/wp-json\/wp\/v2\/types\/post"}],"author":[{"embeddable":true,"href":"https:\/\/super-news.info\/es\/wp-json\/wp\/v2\/users\/2"}],"replies":[{"embeddable":true,"href":"https:\/\/super-news.info\/es\/wp-json\/wp\/v2\/comments?post=8311"}],"version-history":[{"count":1,"href":"https:\/\/super-news.info\/es\/wp-json\/wp\/v2\/posts\/8311\/revisions"}],"predecessor-version":[{"id":8313,"href":"https:\/\/super-news.info\/es\/wp-json\/wp\/v2\/posts\/8311\/revisions\/8313"}],"wp:featuredmedia":[{"embeddable":true,"href":"https:\/\/super-news.info\/es\/wp-json\/wp\/v2\/media\/8312"}],"wp:attachment":[{"href":"https:\/\/super-news.info\/es\/wp-json\/wp\/v2\/media?parent=8311"}],"wp:term":[{"taxonomy":"category","embeddable":true,"href":"https:\/\/super-news.info\/es\/wp-json\/wp\/v2\/categories?post=8311"},{"taxonomy":"post_tag","embeddable":true,"href":"https:\/\/super-news.info\/es\/wp-json\/wp\/v2\/tags?post=8311"}],"curies":[{"name":"wp","href":"https:\/\/api.w.org\/{rel}","templated":true}]}}