{"id":8299,"date":"2019-08-08T18:36:42","date_gmt":"2019-08-08T15:36:42","guid":{"rendered":"https:\/\/super-news.info\/es\/los-vigilantes-del-aeropuerto-de-barcelona-no-preven-desconvocar-manana-iremos-a-huelga\/"},"modified":"2019-08-08T18:36:43","modified_gmt":"2019-08-08T15:36:43","slug":"los-vigilantes-del-aeropuerto-de-barcelona-no-preven-desconvocar-manana-iremos-a-huelga","status":"publish","type":"post","link":"https:\/\/super-news.info\/es\/los-vigilantes-del-aeropuerto-de-barcelona-no-preven-desconvocar-manana-iremos-a-huelga\/","title":{"rendered":"Los vigilantes del Aeropuerto de Barcelona no prev\u00e9n desconvocar: &#8220;Ma\u00f1ana iremos a huelga&#8221;"},"content":{"rendered":"<p> [ad_1]<\/p>\n<div id=\"CuerpoNoticiav2\" itemprop=\"articleBody\">\n<p>EL PRAT DE LLOBREGAT (BARCELONA), 8 Ago. (EUROPA PRESS) &#8211; <\/p>\n<p itemprop=\"description\">   Los vigilantes de seguridad del Aeropuerto de Barcelona no prev\u00e9n que la asamblea de este jueves permita desconvocar la huelga indefinida y de 24 horas prevista a partir de este viernes: &#8220;Es seguro que ma\u00f1ana iremos a huelga&#8221;.<\/p>\n<p>   En declaraciones a los medios, el asesor del comit\u00e9 de empresa de Trablisa, Juan Carlos Gim\u00e9nez, ha explicado que los trabajadores pueden votar durante el d\u00eda de hoy si aceptan la propuesta presentada por la compa\u00f1\u00eda en la mediaci\u00f3n del mi\u00e9rcoles, que acab\u00f3 sin acuerdo, pero ha valorado que los trabajadores no quieren ni venir a votarla porque la consideran &#8220;impresentable&#8221;.<\/p>\n<p>   La votaci\u00f3n ha empezado sobre las 10 horas y pueden participar unos 499 trabajadores de Trablisa, de los cuales Gim\u00e9nez ha resaltado que entre 50 y 60 est\u00e1n de vacaciones; 30 y 40 est\u00e1n de baja y muchos se han incorporado recientemente a la empresa, por lo que no espera una alta participaci\u00f3n en la votaci\u00f3n.<\/p>\n<p>   Gim\u00e9nez ha defendido que la propuesta econ\u00f3mica de la empresa les ha dado &#8220;cero c\u00e9ntimos&#8221; y que otros temas que les ha planteado ya se hab\u00edan comprometido en febrero con la convocatoria de otra huelga y no los han cumplido: &#8220;Esta empresa est\u00e1 acostumbrada a decir mentiras&#8221;.<\/p>\n<p>   Ha criticado que Trablisa diga que los trabajadores no quieren negociar, y ha se\u00f1alado que es la empresa quien &#8220;tira balones fuera&#8221; con las demandas exigidas por los trabajadores y que espera que tarde o temprano se sienten a hablar.<\/p>\n<p>   Sobre les servicios m\u00ednimos decretados del 90%, Gim\u00e9nez ha reiterado que muestran que los vigilantes de los filtros de seguridad del aeropuerto de El Prat &#8220;no tienen ning\u00fan derecho de hacer huelga&#8221;.<\/p>\n<p>   Ha asegurado que, si se producen colas en el aeropuerto, se deber\u00e1 a que hay filtros de seguridad cerrados y que hay mucha afluencia de pasajeros, pero que &#8220;no ser\u00e1 nunca culpa&#8221; de los empleados de Trablisa, como ha remarcado que tampoco lo ha sido en huelgas anteriores.<\/p>\n<h2 class=\"ladillo\">DEMANDAS<\/h2>\n<p>   Est\u00e1n llamados a huelga unos 500 empleados de Trablisa, empresa adjudicataria del servicio de seguridad en el Aeropuerto de Barcelona desde junio de 2018 y hasta mayo del a\u00f1o que viene.<\/p>\n<p>   Los vigilantes de El Prat piden mejoras en cuestiones como la compensaci\u00f3n de la sobrecarga de trabajo con un plus de un euro por hora trabajada, la formaci\u00f3n que reciben, que se cumpla con la paridad entre los trabajadores y que se garanticen los descansos.<\/p>\n<p>   Tambi\u00e9n reclaman que la empresa se haga cargo de los costes de aparcamiento o habilite una zona gratuita para el estacionamiento de veh\u00edculos.<\/p>\n<\/div>\n<p>[ad_2]<br \/>\n<br \/><a href=\"https:\/\/www.europapress.es\/catalunya\/noticia-vigilantes-aeropuerto-barcelona-no-preven-desconvocar-manana-iremos-huelga-20190808115233.html\">Source link <\/a><\/p>\n","protected":false},"excerpt":{"rendered":"<p>[ad_1] EL PRAT DE LLOBREGAT (BARCELONA), 8 Ago. (EUROPA PRESS) &#8211; Los vigilantes de seguridad del Aeropuerto de Barcelona no prev\u00e9n que la asamblea de este jueves permita desconvocar la huelga indefinida y de 24 horas prevista a partir de este viernes: &#8220;Es seguro que ma\u00f1ana iremos a huelga&#8221;. En declaraciones a los medios, el [&hellip;]<\/p>\n","protected":false},"author":2,"featured_media":8300,"comment_status":"open","ping_status":"open","sticky":false,"template":"","format":"standard","meta":{"footnotes":""},"categories":[1],"tags":[],"class_list":["post-8299","post","type-post","status-publish","format-standard","has-post-thumbnail","hentry","category-noticias-financieras"],"yoast_head":"<!-- This site is optimized with the Yoast SEO plugin v27.4 - https:\/\/yoast.com\/product\/yoast-seo-wordpress\/ -->\n<title>Los vigilantes del Aeropuerto de Barcelona no prev\u00e9n desconvocar: &quot;Ma\u00f1ana iremos a huelga&quot; - Super News<\/title>\n<meta name=\"robots\" content=\"index, follow, max-snippet:-1, max-image-preview:large, max-video-preview:-1\" \/>\n<link rel=\"canonical\" href=\"https:\/\/super-news.info\/es\/los-vigilantes-del-aeropuerto-de-barcelona-no-preven-desconvocar-manana-iremos-a-huelga\/\" \/>\n<meta property=\"og:locale\" content=\"en_US\" \/>\n<meta property=\"og:type\" content=\"article\" \/>\n<meta property=\"og:title\" content=\"Los vigilantes del Aeropuerto de Barcelona no prev\u00e9n desconvocar: &quot;Ma\u00f1ana iremos a huelga&quot; - Super News\" \/>\n<meta property=\"og:description\" content=\"[ad_1] EL PRAT DE LLOBREGAT (BARCELONA), 8 Ago. (EUROPA PRESS) &#8211; Los vigilantes de seguridad del Aeropuerto de Barcelona no prev\u00e9n que la asamblea de este jueves permita desconvocar la huelga indefinida y de 24 horas prevista a partir de este viernes: &#8220;Es seguro que ma\u00f1ana iremos a huelga&#8221;. En declaraciones a los medios, el [&hellip;]\" \/>\n<meta property=\"og:url\" content=\"https:\/\/super-news.info\/es\/los-vigilantes-del-aeropuerto-de-barcelona-no-preven-desconvocar-manana-iremos-a-huelga\/\" \/>\n<meta property=\"og:site_name\" content=\"Super News\" \/>\n<meta property=\"article:published_time\" content=\"2019-08-08T15:36:42+00:00\" \/>\n<meta property=\"article:modified_time\" content=\"2019-08-08T15:36:43+00:00\" \/>\n<meta property=\"og:image\" content=\"https:\/\/super-news.info\/es\/wp-content\/uploads\/sites\/4\/2019\/08\/Los-vigilantes-del-Aeropuerto-de-Barcelona-no-prev\u00e9n-desconvocar-Ma\u00f1ana.jpg\" \/>\n\t<meta property=\"og:image:width\" content=\"120\" \/>\n\t<meta property=\"og:image:height\" content=\"90\" \/>\n\t<meta property=\"og:image:type\" content=\"image\/jpeg\" \/>\n<meta name=\"author\" content=\"super-news\" \/>\n<meta name=\"twitter:card\" content=\"summary_large_image\" \/>\n<meta name=\"twitter:label1\" content=\"Written by\" \/>\n\t<meta name=\"twitter:data1\" content=\"super-news\" \/>\n\t<meta name=\"twitter:label2\" content=\"Est. reading time\" \/>\n\t<meta name=\"twitter:data2\" content=\"2 minutes\" \/>\n<script type=\"application\/ld+json\" class=\"yoast-schema-graph\">{\"@context\":\"https:\\\/\\\/schema.org\",\"@graph\":[{\"@type\":\"Article\",\"@id\":\"https:\\\/\\\/super-news.info\\\/es\\\/los-vigilantes-del-aeropuerto-de-barcelona-no-preven-desconvocar-manana-iremos-a-huelga\\\/#article\",\"isPartOf\":{\"@id\":\"https:\\\/\\\/super-news.info\\\/es\\\/los-vigilantes-del-aeropuerto-de-barcelona-no-preven-desconvocar-manana-iremos-a-huelga\\\/\"},\"author\":{\"name\":\"super-news\",\"@id\":\"https:\\\/\\\/super-news.info\\\/es\\\/#\\\/schema\\\/person\\\/2d4068cb2f39cd10008c2fce578a7356\"},\"headline\":\"Los vigilantes del Aeropuerto de Barcelona no prev\u00e9n desconvocar: &#8220;Ma\u00f1ana iremos a huelga&#8221;\",\"datePublished\":\"2019-08-08T15:36:42+00:00\",\"dateModified\":\"2019-08-08T15:36:43+00:00\",\"mainEntityOfPage\":{\"@id\":\"https:\\\/\\\/super-news.info\\\/es\\\/los-vigilantes-del-aeropuerto-de-barcelona-no-preven-desconvocar-manana-iremos-a-huelga\\\/\"},\"wordCount\":467,\"commentCount\":0,\"image\":{\"@id\":\"https:\\\/\\\/super-news.info\\\/es\\\/los-vigilantes-del-aeropuerto-de-barcelona-no-preven-desconvocar-manana-iremos-a-huelga\\\/#primaryimage\"},\"thumbnailUrl\":\"https:\\\/\\\/super-news.info\\\/es\\\/wp-content\\\/uploads\\\/sites\\\/4\\\/2019\\\/08\\\/Los-vigilantes-del-Aeropuerto-de-Barcelona-no-prev\u00e9n-desconvocar-Ma\u00f1ana.jpg\",\"articleSection\":[\"NOTICIAS FINANCIERAS\"],\"inLanguage\":\"en-US\",\"potentialAction\":[{\"@type\":\"CommentAction\",\"name\":\"Comment\",\"target\":[\"https:\\\/\\\/super-news.info\\\/es\\\/los-vigilantes-del-aeropuerto-de-barcelona-no-preven-desconvocar-manana-iremos-a-huelga\\\/#respond\"]}]},{\"@type\":\"WebPage\",\"@id\":\"https:\\\/\\\/super-news.info\\\/es\\\/los-vigilantes-del-aeropuerto-de-barcelona-no-preven-desconvocar-manana-iremos-a-huelga\\\/\",\"url\":\"https:\\\/\\\/super-news.info\\\/es\\\/los-vigilantes-del-aeropuerto-de-barcelona-no-preven-desconvocar-manana-iremos-a-huelga\\\/\",\"name\":\"Los vigilantes del Aeropuerto de Barcelona no prev\u00e9n desconvocar: \\\"Ma\u00f1ana iremos a huelga\\\" - Super News\",\"isPartOf\":{\"@id\":\"https:\\\/\\\/super-news.info\\\/es\\\/#website\"},\"primaryImageOfPage\":{\"@id\":\"https:\\\/\\\/super-news.info\\\/es\\\/los-vigilantes-del-aeropuerto-de-barcelona-no-preven-desconvocar-manana-iremos-a-huelga\\\/#primaryimage\"},\"image\":{\"@id\":\"https:\\\/\\\/super-news.info\\\/es\\\/los-vigilantes-del-aeropuerto-de-barcelona-no-preven-desconvocar-manana-iremos-a-huelga\\\/#primaryimage\"},\"thumbnailUrl\":\"https:\\\/\\\/super-news.info\\\/es\\\/wp-content\\\/uploads\\\/sites\\\/4\\\/2019\\\/08\\\/Los-vigilantes-del-Aeropuerto-de-Barcelona-no-prev\u00e9n-desconvocar-Ma\u00f1ana.jpg\",\"datePublished\":\"2019-08-08T15:36:42+00:00\",\"dateModified\":\"2019-08-08T15:36:43+00:00\",\"author\":{\"@id\":\"https:\\\/\\\/super-news.info\\\/es\\\/#\\\/schema\\\/person\\\/2d4068cb2f39cd10008c2fce578a7356\"},\"breadcrumb\":{\"@id\":\"https:\\\/\\\/super-news.info\\\/es\\\/los-vigilantes-del-aeropuerto-de-barcelona-no-preven-desconvocar-manana-iremos-a-huelga\\\/#breadcrumb\"},\"inLanguage\":\"en-US\",\"potentialAction\":[{\"@type\":\"ReadAction\",\"target\":[\"https:\\\/\\\/super-news.info\\\/es\\\/los-vigilantes-del-aeropuerto-de-barcelona-no-preven-desconvocar-manana-iremos-a-huelga\\\/\"]}]},{\"@type\":\"ImageObject\",\"inLanguage\":\"en-US\",\"@id\":\"https:\\\/\\\/super-news.info\\\/es\\\/los-vigilantes-del-aeropuerto-de-barcelona-no-preven-desconvocar-manana-iremos-a-huelga\\\/#primaryimage\",\"url\":\"https:\\\/\\\/super-news.info\\\/es\\\/wp-content\\\/uploads\\\/sites\\\/4\\\/2019\\\/08\\\/Los-vigilantes-del-Aeropuerto-de-Barcelona-no-prev\u00e9n-desconvocar-Ma\u00f1ana.jpg\",\"contentUrl\":\"https:\\\/\\\/super-news.info\\\/es\\\/wp-content\\\/uploads\\\/sites\\\/4\\\/2019\\\/08\\\/Los-vigilantes-del-Aeropuerto-de-Barcelona-no-prev\u00e9n-desconvocar-Ma\u00f1ana.jpg\",\"width\":120,\"height\":90,\"caption\":\"Los vigilantes del Aeropuerto de Barcelona no prev\u00e9n desconvocar: \\\"Ma\u00f1ana iremos a huelga\\\"\"},{\"@type\":\"BreadcrumbList\",\"@id\":\"https:\\\/\\\/super-news.info\\\/es\\\/los-vigilantes-del-aeropuerto-de-barcelona-no-preven-desconvocar-manana-iremos-a-huelga\\\/#breadcrumb\",\"itemListElement\":[{\"@type\":\"ListItem\",\"position\":1,\"name\":\"\u0413\u043b\u0430\u0432\u043d\u0430\u044f \u0441\u0442\u0440\u0430\u043d\u0438\u0446\u0430\",\"item\":\"https:\\\/\\\/super-news.info\\\/es\\\/\"},{\"@type\":\"ListItem\",\"position\":2,\"name\":\"Los vigilantes del Aeropuerto de Barcelona no prev\u00e9n desconvocar: &#8220;Ma\u00f1ana iremos a huelga&#8221;\"}]},{\"@type\":\"WebSite\",\"@id\":\"https:\\\/\\\/super-news.info\\\/es\\\/#website\",\"url\":\"https:\\\/\\\/super-news.info\\\/es\\\/\",\"name\":\"Super News\",\"description\":\"Super News Espa\u00f1a\",\"potentialAction\":[{\"@type\":\"SearchAction\",\"target\":{\"@type\":\"EntryPoint\",\"urlTemplate\":\"https:\\\/\\\/super-news.info\\\/es\\\/?s={search_term_string}\"},\"query-input\":{\"@type\":\"PropertyValueSpecification\",\"valueRequired\":true,\"valueName\":\"search_term_string\"}}],\"inLanguage\":\"en-US\"},{\"@type\":\"Person\",\"@id\":\"https:\\\/\\\/super-news.info\\\/es\\\/#\\\/schema\\\/person\\\/2d4068cb2f39cd10008c2fce578a7356\",\"name\":\"super-news\",\"image\":{\"@type\":\"ImageObject\",\"inLanguage\":\"en-US\",\"@id\":\"https:\\\/\\\/secure.gravatar.com\\\/avatar\\\/64ebac40b93f26a154f8a9b5b6fdccfc46f442b26b3dd6756dbff3bf9dc76fd7?s=96&d=mm&r=g\",\"url\":\"https:\\\/\\\/secure.gravatar.com\\\/avatar\\\/64ebac40b93f26a154f8a9b5b6fdccfc46f442b26b3dd6756dbff3bf9dc76fd7?s=96&d=mm&r=g\",\"contentUrl\":\"https:\\\/\\\/secure.gravatar.com\\\/avatar\\\/64ebac40b93f26a154f8a9b5b6fdccfc46f442b26b3dd6756dbff3bf9dc76fd7?s=96&d=mm&r=g\",\"caption\":\"super-news\"},\"url\":\"https:\\\/\\\/super-news.info\\\/es\\\/author\\\/pt\\\/\"}]}<\/script>\n<!-- \/ Yoast SEO plugin. -->","yoast_head_json":{"title":"Los vigilantes del Aeropuerto de Barcelona no prev\u00e9n desconvocar: \"Ma\u00f1ana iremos a huelga\" - Super News","robots":{"index":"index","follow":"follow","max-snippet":"max-snippet:-1","max-image-preview":"max-image-preview:large","max-video-preview":"max-video-preview:-1"},"canonical":"https:\/\/super-news.info\/es\/los-vigilantes-del-aeropuerto-de-barcelona-no-preven-desconvocar-manana-iremos-a-huelga\/","og_locale":"en_US","og_type":"article","og_title":"Los vigilantes del Aeropuerto de Barcelona no prev\u00e9n desconvocar: \"Ma\u00f1ana iremos a huelga\" - Super News","og_description":"[ad_1] EL PRAT DE LLOBREGAT (BARCELONA), 8 Ago. (EUROPA PRESS) &#8211; Los vigilantes de seguridad del Aeropuerto de Barcelona no prev\u00e9n que la asamblea de este jueves permita desconvocar la huelga indefinida y de 24 horas prevista a partir de este viernes: &#8220;Es seguro que ma\u00f1ana iremos a huelga&#8221;. En declaraciones a los medios, el [&hellip;]","og_url":"https:\/\/super-news.info\/es\/los-vigilantes-del-aeropuerto-de-barcelona-no-preven-desconvocar-manana-iremos-a-huelga\/","og_site_name":"Super News","article_published_time":"2019-08-08T15:36:42+00:00","article_modified_time":"2019-08-08T15:36:43+00:00","og_image":[{"width":120,"height":90,"url":"https:\/\/super-news.info\/es\/wp-content\/uploads\/sites\/4\/2019\/08\/Los-vigilantes-del-Aeropuerto-de-Barcelona-no-prev\u00e9n-desconvocar-Ma\u00f1ana.jpg","type":"image\/jpeg"}],"author":"super-news","twitter_card":"summary_large_image","twitter_misc":{"Written by":"super-news","Est. reading time":"2 minutes"},"schema":{"@context":"https:\/\/schema.org","@graph":[{"@type":"Article","@id":"https:\/\/super-news.info\/es\/los-vigilantes-del-aeropuerto-de-barcelona-no-preven-desconvocar-manana-iremos-a-huelga\/#article","isPartOf":{"@id":"https:\/\/super-news.info\/es\/los-vigilantes-del-aeropuerto-de-barcelona-no-preven-desconvocar-manana-iremos-a-huelga\/"},"author":{"name":"super-news","@id":"https:\/\/super-news.info\/es\/#\/schema\/person\/2d4068cb2f39cd10008c2fce578a7356"},"headline":"Los vigilantes del Aeropuerto de Barcelona no prev\u00e9n desconvocar: &#8220;Ma\u00f1ana iremos a huelga&#8221;","datePublished":"2019-08-08T15:36:42+00:00","dateModified":"2019-08-08T15:36:43+00:00","mainEntityOfPage":{"@id":"https:\/\/super-news.info\/es\/los-vigilantes-del-aeropuerto-de-barcelona-no-preven-desconvocar-manana-iremos-a-huelga\/"},"wordCount":467,"commentCount":0,"image":{"@id":"https:\/\/super-news.info\/es\/los-vigilantes-del-aeropuerto-de-barcelona-no-preven-desconvocar-manana-iremos-a-huelga\/#primaryimage"},"thumbnailUrl":"https:\/\/super-news.info\/es\/wp-content\/uploads\/sites\/4\/2019\/08\/Los-vigilantes-del-Aeropuerto-de-Barcelona-no-prev\u00e9n-desconvocar-Ma\u00f1ana.jpg","articleSection":["NOTICIAS FINANCIERAS"],"inLanguage":"en-US","potentialAction":[{"@type":"CommentAction","name":"Comment","target":["https:\/\/super-news.info\/es\/los-vigilantes-del-aeropuerto-de-barcelona-no-preven-desconvocar-manana-iremos-a-huelga\/#respond"]}]},{"@type":"WebPage","@id":"https:\/\/super-news.info\/es\/los-vigilantes-del-aeropuerto-de-barcelona-no-preven-desconvocar-manana-iremos-a-huelga\/","url":"https:\/\/super-news.info\/es\/los-vigilantes-del-aeropuerto-de-barcelona-no-preven-desconvocar-manana-iremos-a-huelga\/","name":"Los vigilantes del Aeropuerto de Barcelona no prev\u00e9n desconvocar: \"Ma\u00f1ana iremos a huelga\" - Super News","isPartOf":{"@id":"https:\/\/super-news.info\/es\/#website"},"primaryImageOfPage":{"@id":"https:\/\/super-news.info\/es\/los-vigilantes-del-aeropuerto-de-barcelona-no-preven-desconvocar-manana-iremos-a-huelga\/#primaryimage"},"image":{"@id":"https:\/\/super-news.info\/es\/los-vigilantes-del-aeropuerto-de-barcelona-no-preven-desconvocar-manana-iremos-a-huelga\/#primaryimage"},"thumbnailUrl":"https:\/\/super-news.info\/es\/wp-content\/uploads\/sites\/4\/2019\/08\/Los-vigilantes-del-Aeropuerto-de-Barcelona-no-prev\u00e9n-desconvocar-Ma\u00f1ana.jpg","datePublished":"2019-08-08T15:36:42+00:00","dateModified":"2019-08-08T15:36:43+00:00","author":{"@id":"https:\/\/super-news.info\/es\/#\/schema\/person\/2d4068cb2f39cd10008c2fce578a7356"},"breadcrumb":{"@id":"https:\/\/super-news.info\/es\/los-vigilantes-del-aeropuerto-de-barcelona-no-preven-desconvocar-manana-iremos-a-huelga\/#breadcrumb"},"inLanguage":"en-US","potentialAction":[{"@type":"ReadAction","target":["https:\/\/super-news.info\/es\/los-vigilantes-del-aeropuerto-de-barcelona-no-preven-desconvocar-manana-iremos-a-huelga\/"]}]},{"@type":"ImageObject","inLanguage":"en-US","@id":"https:\/\/super-news.info\/es\/los-vigilantes-del-aeropuerto-de-barcelona-no-preven-desconvocar-manana-iremos-a-huelga\/#primaryimage","url":"https:\/\/super-news.info\/es\/wp-content\/uploads\/sites\/4\/2019\/08\/Los-vigilantes-del-Aeropuerto-de-Barcelona-no-prev\u00e9n-desconvocar-Ma\u00f1ana.jpg","contentUrl":"https:\/\/super-news.info\/es\/wp-content\/uploads\/sites\/4\/2019\/08\/Los-vigilantes-del-Aeropuerto-de-Barcelona-no-prev\u00e9n-desconvocar-Ma\u00f1ana.jpg","width":120,"height":90,"caption":"Los vigilantes del Aeropuerto de Barcelona no prev\u00e9n desconvocar: \"Ma\u00f1ana iremos a huelga\""},{"@type":"BreadcrumbList","@id":"https:\/\/super-news.info\/es\/los-vigilantes-del-aeropuerto-de-barcelona-no-preven-desconvocar-manana-iremos-a-huelga\/#breadcrumb","itemListElement":[{"@type":"ListItem","position":1,"name":"\u0413\u043b\u0430\u0432\u043d\u0430\u044f \u0441\u0442\u0440\u0430\u043d\u0438\u0446\u0430","item":"https:\/\/super-news.info\/es\/"},{"@type":"ListItem","position":2,"name":"Los vigilantes del Aeropuerto de Barcelona no prev\u00e9n desconvocar: &#8220;Ma\u00f1ana iremos a huelga&#8221;"}]},{"@type":"WebSite","@id":"https:\/\/super-news.info\/es\/#website","url":"https:\/\/super-news.info\/es\/","name":"Super News","description":"Super News Espa\u00f1a","potentialAction":[{"@type":"SearchAction","target":{"@type":"EntryPoint","urlTemplate":"https:\/\/super-news.info\/es\/?s={search_term_string}"},"query-input":{"@type":"PropertyValueSpecification","valueRequired":true,"valueName":"search_term_string"}}],"inLanguage":"en-US"},{"@type":"Person","@id":"https:\/\/super-news.info\/es\/#\/schema\/person\/2d4068cb2f39cd10008c2fce578a7356","name":"super-news","image":{"@type":"ImageObject","inLanguage":"en-US","@id":"https:\/\/secure.gravatar.com\/avatar\/64ebac40b93f26a154f8a9b5b6fdccfc46f442b26b3dd6756dbff3bf9dc76fd7?s=96&d=mm&r=g","url":"https:\/\/secure.gravatar.com\/avatar\/64ebac40b93f26a154f8a9b5b6fdccfc46f442b26b3dd6756dbff3bf9dc76fd7?s=96&d=mm&r=g","contentUrl":"https:\/\/secure.gravatar.com\/avatar\/64ebac40b93f26a154f8a9b5b6fdccfc46f442b26b3dd6756dbff3bf9dc76fd7?s=96&d=mm&r=g","caption":"super-news"},"url":"https:\/\/super-news.info\/es\/author\/pt\/"}]}},"_links":{"self":[{"href":"https:\/\/super-news.info\/es\/wp-json\/wp\/v2\/posts\/8299","targetHints":{"allow":["GET"]}}],"collection":[{"href":"https:\/\/super-news.info\/es\/wp-json\/wp\/v2\/posts"}],"about":[{"href":"https:\/\/super-news.info\/es\/wp-json\/wp\/v2\/types\/post"}],"author":[{"embeddable":true,"href":"https:\/\/super-news.info\/es\/wp-json\/wp\/v2\/users\/2"}],"replies":[{"embeddable":true,"href":"https:\/\/super-news.info\/es\/wp-json\/wp\/v2\/comments?post=8299"}],"version-history":[{"count":1,"href":"https:\/\/super-news.info\/es\/wp-json\/wp\/v2\/posts\/8299\/revisions"}],"predecessor-version":[{"id":8301,"href":"https:\/\/super-news.info\/es\/wp-json\/wp\/v2\/posts\/8299\/revisions\/8301"}],"wp:featuredmedia":[{"embeddable":true,"href":"https:\/\/super-news.info\/es\/wp-json\/wp\/v2\/media\/8300"}],"wp:attachment":[{"href":"https:\/\/super-news.info\/es\/wp-json\/wp\/v2\/media?parent=8299"}],"wp:term":[{"taxonomy":"category","embeddable":true,"href":"https:\/\/super-news.info\/es\/wp-json\/wp\/v2\/categories?post=8299"},{"taxonomy":"post_tag","embeddable":true,"href":"https:\/\/super-news.info\/es\/wp-json\/wp\/v2\/tags?post=8299"}],"curies":[{"name":"wp","href":"https:\/\/api.w.org\/{rel}","templated":true}]}}