{"id":8284,"date":"2019-08-08T15:15:39","date_gmt":"2019-08-08T12:15:39","guid":{"rendered":"https:\/\/super-news.info\/es\/alquilar-es-un-10-mas-caro-que-antes-de-estallar-la-crisis\/"},"modified":"2019-08-08T15:15:39","modified_gmt":"2019-08-08T12:15:39","slug":"alquilar-es-un-10-mas-caro-que-antes-de-estallar-la-crisis","status":"publish","type":"post","link":"https:\/\/super-news.info\/es\/alquilar-es-un-10-mas-caro-que-antes-de-estallar-la-crisis\/","title":{"rendered":"Alquilar es un 10% m\u00e1s caro que antes de estallar la crisis"},"content":{"rendered":"<p> [ad_1]<\/p>\n<p><span class=\"fotoPie\">Pisos, piso, casa, casas, edificio, vivienda, viviendas, construcci\u00f3n, se compra, se vende, venta, alquiler, hipoteca, hipotecas<\/span> &#8211; EUROPA PRESS &#8211; Archivo<\/p>\n<div id=\"CuerpoNoticiav2\" itemprop=\"articleBody\">\n<h3 class=\"subsubhead\">Si en 2007 era necesario destinar la renta de 13,6 a\u00f1os para comprar una vivienda, en 2018 este indicador ha ca\u00eddo a 9,7 a\u00f1os<\/h3>\n<p itemprop=\"description\">MADRID, 8 Ago. (EUROPA PRESS) &#8211;<\/p>\n<p>El precio del alquiler de viviendas en Espa\u00f1a es un 10,6% m\u00e1s caro que antes de estallar la burbuja inmobiliaria y desatarse la crisis, con precios m\u00e1s caros en todas las comunidades aut\u00f3nomas del pa\u00eds en comparaci\u00f3n a 2007 a excepci\u00f3n de Navarra.<\/p>\n<p>S\u00f3lo esta comunidad foral registr\u00f3 en 2018 precios ligeramente inferiores a los de hace doce a\u00f1os, un 0,8% m\u00e1s baratos seg\u00fan ese componente del IPC. Superan ampliamente la media los precios registrados en Catalu\u00f1a (un 15,4% m\u00e1s caros), Cantabria (14,7%), Baleares (14,6%) y Galicia (13%).<\/p>\n<p>Frente a ello, la vivienda en propiedad no ha alcanzado los niveles previos a la crisis, pese a haberse registrado un importante aumento desde la recuperaci\u00f3n. Si bien desde 2014 a 2018 el precio ha aumentado un 23%, este nivel sigue siendo un 21% inferior al de 2007.<\/p>\n<p><iframe id=\"ep-chart-1182d3f1-a958-44bc-a600-93584e6aa60e\" src=\"https:\/\/www.epdata.es\/embed\/1182d3f1-a958-44bc-a600-93584e6aa60e\/450\" style=\"width: 100%; min-height: 450px; overflow: hidden;\" frameborder=\"0\" scrolling=\"no\" height=\"450\"><\/iframe><\/p>\n<h2 class=\"ladillo\">LOS HOGARES QUE ALQUILAN SUBEN EN TODAS LAS CCAA<\/h2>\n<p>As\u00ed consta en el \u00faltimo documento mensual divulgado por la Fundaci\u00f3n BBVA y el Instituto Valenciano de Investigaciones Econ\u00f3micas (Ivie), que destacan el aumento del porcentaje de hogares que residen en viviendas de alquiler en todas las comunidades aut\u00f3nomas.<\/p>\n<p>Seg\u00fan los datos de la Encuesta de Presupuestos Familiares del INE, desde 2007 el porcentaje de hogares que residen en vivienda en alquiler se ha incrementado en 4 puntos porcentuales, hasta situarse en el 18% en 2018 (16,8% en el caso de alquiler a precio de mercado).<\/p>\n<p>A nivel regional, estas diferencias alcanzan casi 17 puntos de diferencia, entre las comunidades con mayor peso del alquiler &#8211;Canarias (27,8%), Baleares (27,7%), Catalu\u00f1a (24,9%) y Madrid (23,3%)&#8211; y aquellas donde esta opci\u00f3n tiene menor incidencia, como Extremadura y Castilla-La Mancha (10,9% ambas) y Cantabria y Pa\u00eds Vasco (11,6% ambas).<\/p>\n<h2 class=\"ladillo\">UN 77% VIVE EN PROPIEDAD<\/h2>\n<p>Pese a ello, el informe destaca c\u00f3mo Espa\u00f1a destaca en el contexto europeo por presentar un mayor porcentaje de hogares que residen en viviendas en propiedad, un 77,1%, frente al 69,3% del promedio de la Uni\u00f3n Europea y del 66,1% de la eurozona.<\/p>\n<p>Y es que, seg\u00fan los datos de Eurostat a partir de la Encuesta de Condiciones de Vida, referidos a 2017, el porcentaje de viviendas en alquiler a precio de mercado era del 14,4% (22,9% si se tiene en cuenta alquiler a precio por debajo de mercado y cesi\u00f3n gratuita), 9,2 puntos por debajo del de la eurozona, donde Alemania y Dinamarca rozan el 40%.<\/p>\n<h2 class=\"ladillo\">COMPRA M\u00c1S ASEQUIBLE DESDE EL FINAL DEL &#8216;BOOM&#8217;<\/h2>\n<p>Por otro lado, el informe tambi\u00e9n destaca la mejora de la accesibilidad a la vivienda en propiedad en Espa\u00f1a desde el comienzo de la crisis, pues si en 2007 era necesario destinar la renta de 13,6 a\u00f1os para pagar una vivienda libre, en 2018 este indicador ha ca\u00eddo a 9,7 a\u00f1os.<\/p>\n<p>Mientras que la renta per c\u00e1pita ha aumentado en esos a\u00f1os un 8,8%, el precio de la vivienda ha ca\u00eddo m\u00e1s de un 20%, siendo Baleares la comunidad donde m\u00e1s esfuerzo hay que realizar para la compra (13,3 a\u00f1os), seguida de Madrid (12,1) y Pa\u00eds Vasco (11,6), frente a La Rioja (6,5 a\u00f1os).<\/p>\n<p>Para la vivienda en alquiler a precio de mercado, la proporci\u00f3n de hogares que destinan al menos el 40% de su renta disponible a la vivienda alcanza el 43%, mientras que en la UE esta tasa de asequibilidad se queda en el 28%. En el caso de vivienda en alquiler a precio reducido o cedida, la tasa es menor en Espa\u00f1a (10,6%) frente al 13,6% de la UE.<\/p>\n<\/div>\n<p>[ad_2]<br \/>\n<br \/><a href=\"https:\/\/www.europapress.es\/economia\/construccion-y-vivienda-00342\/noticia-alquilar-10-mas-caro-antes-estallar-crisis-20190808124653.html\">Source link <\/a><\/p>\n","protected":false},"excerpt":{"rendered":"<p>[ad_1] Pisos, piso, casa, casas, edificio, vivienda, viviendas, construcci\u00f3n, se compra, se vende, venta, alquiler, hipoteca, hipotecas &#8211; EUROPA PRESS &#8211; Archivo Si en 2007 era necesario destinar la renta de 13,6 a\u00f1os para comprar una vivienda, en 2018 este indicador ha ca\u00eddo a 9,7 a\u00f1os MADRID, 8 Ago. (EUROPA PRESS) &#8211; El precio del [&hellip;]<\/p>\n","protected":false},"author":2,"featured_media":8285,"comment_status":"open","ping_status":"open","sticky":false,"template":"","format":"standard","meta":{"footnotes":""},"categories":[1],"tags":[],"class_list":["post-8284","post","type-post","status-publish","format-standard","has-post-thumbnail","hentry","category-noticias-financieras"],"yoast_head":"<!-- This site is optimized with the Yoast SEO plugin v27.4 - https:\/\/yoast.com\/product\/yoast-seo-wordpress\/ -->\n<title>Alquilar es un 10% m\u00e1s caro que antes de estallar la crisis - Super News<\/title>\n<meta name=\"robots\" content=\"index, follow, max-snippet:-1, max-image-preview:large, max-video-preview:-1\" \/>\n<link rel=\"canonical\" href=\"https:\/\/super-news.info\/es\/alquilar-es-un-10-mas-caro-que-antes-de-estallar-la-crisis\/\" \/>\n<meta property=\"og:locale\" content=\"en_US\" \/>\n<meta property=\"og:type\" content=\"article\" \/>\n<meta property=\"og:title\" content=\"Alquilar es un 10% m\u00e1s caro que antes de estallar la crisis - Super News\" \/>\n<meta property=\"og:description\" content=\"[ad_1] Pisos, piso, casa, casas, edificio, vivienda, viviendas, construcci\u00f3n, se compra, se vende, venta, alquiler, hipoteca, hipotecas &#8211; EUROPA PRESS &#8211; Archivo Si en 2007 era necesario destinar la renta de 13,6 a\u00f1os para comprar una vivienda, en 2018 este indicador ha ca\u00eddo a 9,7 a\u00f1os MADRID, 8 Ago. (EUROPA PRESS) &#8211; El precio del [&hellip;]\" \/>\n<meta property=\"og:url\" content=\"https:\/\/super-news.info\/es\/alquilar-es-un-10-mas-caro-que-antes-de-estallar-la-crisis\/\" \/>\n<meta property=\"og:site_name\" content=\"Super News\" \/>\n<meta property=\"article:published_time\" content=\"2019-08-08T12:15:39+00:00\" \/>\n<meta property=\"og:image\" content=\"https:\/\/super-news.info\/es\/wp-content\/uploads\/sites\/4\/2019\/08\/Alquilar-es-un-10-m\u00e1s-caro-que-antes-de-estallar.jpg\" \/>\n\t<meta property=\"og:image:width\" content=\"120\" \/>\n\t<meta property=\"og:image:height\" content=\"80\" \/>\n\t<meta property=\"og:image:type\" content=\"image\/jpeg\" \/>\n<meta name=\"author\" content=\"super-news\" \/>\n<meta name=\"twitter:card\" content=\"summary_large_image\" \/>\n<meta name=\"twitter:label1\" content=\"Written by\" \/>\n\t<meta name=\"twitter:data1\" content=\"super-news\" \/>\n\t<meta name=\"twitter:label2\" content=\"Est. reading time\" \/>\n\t<meta name=\"twitter:data2\" content=\"3 minutes\" \/>\n<script type=\"application\/ld+json\" class=\"yoast-schema-graph\">{\"@context\":\"https:\\\/\\\/schema.org\",\"@graph\":[{\"@type\":\"Article\",\"@id\":\"https:\\\/\\\/super-news.info\\\/es\\\/alquilar-es-un-10-mas-caro-que-antes-de-estallar-la-crisis\\\/#article\",\"isPartOf\":{\"@id\":\"https:\\\/\\\/super-news.info\\\/es\\\/alquilar-es-un-10-mas-caro-que-antes-de-estallar-la-crisis\\\/\"},\"author\":{\"name\":\"super-news\",\"@id\":\"https:\\\/\\\/super-news.info\\\/es\\\/#\\\/schema\\\/person\\\/2d4068cb2f39cd10008c2fce578a7356\"},\"headline\":\"Alquilar es un 10% m\u00e1s caro que antes de estallar la crisis\",\"datePublished\":\"2019-08-08T12:15:39+00:00\",\"mainEntityOfPage\":{\"@id\":\"https:\\\/\\\/super-news.info\\\/es\\\/alquilar-es-un-10-mas-caro-que-antes-de-estallar-la-crisis\\\/\"},\"wordCount\":633,\"commentCount\":0,\"image\":{\"@id\":\"https:\\\/\\\/super-news.info\\\/es\\\/alquilar-es-un-10-mas-caro-que-antes-de-estallar-la-crisis\\\/#primaryimage\"},\"thumbnailUrl\":\"https:\\\/\\\/super-news.info\\\/es\\\/wp-content\\\/uploads\\\/sites\\\/4\\\/2019\\\/08\\\/Alquilar-es-un-10-m\u00e1s-caro-que-antes-de-estallar.jpg\",\"articleSection\":[\"NOTICIAS FINANCIERAS\"],\"inLanguage\":\"en-US\",\"potentialAction\":[{\"@type\":\"CommentAction\",\"name\":\"Comment\",\"target\":[\"https:\\\/\\\/super-news.info\\\/es\\\/alquilar-es-un-10-mas-caro-que-antes-de-estallar-la-crisis\\\/#respond\"]}]},{\"@type\":\"WebPage\",\"@id\":\"https:\\\/\\\/super-news.info\\\/es\\\/alquilar-es-un-10-mas-caro-que-antes-de-estallar-la-crisis\\\/\",\"url\":\"https:\\\/\\\/super-news.info\\\/es\\\/alquilar-es-un-10-mas-caro-que-antes-de-estallar-la-crisis\\\/\",\"name\":\"Alquilar es un 10% m\u00e1s caro que antes de estallar la crisis - Super News\",\"isPartOf\":{\"@id\":\"https:\\\/\\\/super-news.info\\\/es\\\/#website\"},\"primaryImageOfPage\":{\"@id\":\"https:\\\/\\\/super-news.info\\\/es\\\/alquilar-es-un-10-mas-caro-que-antes-de-estallar-la-crisis\\\/#primaryimage\"},\"image\":{\"@id\":\"https:\\\/\\\/super-news.info\\\/es\\\/alquilar-es-un-10-mas-caro-que-antes-de-estallar-la-crisis\\\/#primaryimage\"},\"thumbnailUrl\":\"https:\\\/\\\/super-news.info\\\/es\\\/wp-content\\\/uploads\\\/sites\\\/4\\\/2019\\\/08\\\/Alquilar-es-un-10-m\u00e1s-caro-que-antes-de-estallar.jpg\",\"datePublished\":\"2019-08-08T12:15:39+00:00\",\"author\":{\"@id\":\"https:\\\/\\\/super-news.info\\\/es\\\/#\\\/schema\\\/person\\\/2d4068cb2f39cd10008c2fce578a7356\"},\"breadcrumb\":{\"@id\":\"https:\\\/\\\/super-news.info\\\/es\\\/alquilar-es-un-10-mas-caro-que-antes-de-estallar-la-crisis\\\/#breadcrumb\"},\"inLanguage\":\"en-US\",\"potentialAction\":[{\"@type\":\"ReadAction\",\"target\":[\"https:\\\/\\\/super-news.info\\\/es\\\/alquilar-es-un-10-mas-caro-que-antes-de-estallar-la-crisis\\\/\"]}]},{\"@type\":\"ImageObject\",\"inLanguage\":\"en-US\",\"@id\":\"https:\\\/\\\/super-news.info\\\/es\\\/alquilar-es-un-10-mas-caro-que-antes-de-estallar-la-crisis\\\/#primaryimage\",\"url\":\"https:\\\/\\\/super-news.info\\\/es\\\/wp-content\\\/uploads\\\/sites\\\/4\\\/2019\\\/08\\\/Alquilar-es-un-10-m\u00e1s-caro-que-antes-de-estallar.jpg\",\"contentUrl\":\"https:\\\/\\\/super-news.info\\\/es\\\/wp-content\\\/uploads\\\/sites\\\/4\\\/2019\\\/08\\\/Alquilar-es-un-10-m\u00e1s-caro-que-antes-de-estallar.jpg\",\"width\":120,\"height\":80,\"caption\":\"Alquilar es un 10% m\u00e1s caro que antes de estallar la crisis\"},{\"@type\":\"BreadcrumbList\",\"@id\":\"https:\\\/\\\/super-news.info\\\/es\\\/alquilar-es-un-10-mas-caro-que-antes-de-estallar-la-crisis\\\/#breadcrumb\",\"itemListElement\":[{\"@type\":\"ListItem\",\"position\":1,\"name\":\"\u0413\u043b\u0430\u0432\u043d\u0430\u044f \u0441\u0442\u0440\u0430\u043d\u0438\u0446\u0430\",\"item\":\"https:\\\/\\\/super-news.info\\\/es\\\/\"},{\"@type\":\"ListItem\",\"position\":2,\"name\":\"Alquilar es un 10% m\u00e1s caro que antes de estallar la crisis\"}]},{\"@type\":\"WebSite\",\"@id\":\"https:\\\/\\\/super-news.info\\\/es\\\/#website\",\"url\":\"https:\\\/\\\/super-news.info\\\/es\\\/\",\"name\":\"Super News\",\"description\":\"Super News Espa\u00f1a\",\"potentialAction\":[{\"@type\":\"SearchAction\",\"target\":{\"@type\":\"EntryPoint\",\"urlTemplate\":\"https:\\\/\\\/super-news.info\\\/es\\\/?s={search_term_string}\"},\"query-input\":{\"@type\":\"PropertyValueSpecification\",\"valueRequired\":true,\"valueName\":\"search_term_string\"}}],\"inLanguage\":\"en-US\"},{\"@type\":\"Person\",\"@id\":\"https:\\\/\\\/super-news.info\\\/es\\\/#\\\/schema\\\/person\\\/2d4068cb2f39cd10008c2fce578a7356\",\"name\":\"super-news\",\"image\":{\"@type\":\"ImageObject\",\"inLanguage\":\"en-US\",\"@id\":\"https:\\\/\\\/secure.gravatar.com\\\/avatar\\\/64ebac40b93f26a154f8a9b5b6fdccfc46f442b26b3dd6756dbff3bf9dc76fd7?s=96&d=mm&r=g\",\"url\":\"https:\\\/\\\/secure.gravatar.com\\\/avatar\\\/64ebac40b93f26a154f8a9b5b6fdccfc46f442b26b3dd6756dbff3bf9dc76fd7?s=96&d=mm&r=g\",\"contentUrl\":\"https:\\\/\\\/secure.gravatar.com\\\/avatar\\\/64ebac40b93f26a154f8a9b5b6fdccfc46f442b26b3dd6756dbff3bf9dc76fd7?s=96&d=mm&r=g\",\"caption\":\"super-news\"},\"url\":\"https:\\\/\\\/super-news.info\\\/es\\\/author\\\/pt\\\/\"}]}<\/script>\n<!-- \/ Yoast SEO plugin. -->","yoast_head_json":{"title":"Alquilar es un 10% m\u00e1s caro que antes de estallar la crisis - Super News","robots":{"index":"index","follow":"follow","max-snippet":"max-snippet:-1","max-image-preview":"max-image-preview:large","max-video-preview":"max-video-preview:-1"},"canonical":"https:\/\/super-news.info\/es\/alquilar-es-un-10-mas-caro-que-antes-de-estallar-la-crisis\/","og_locale":"en_US","og_type":"article","og_title":"Alquilar es un 10% m\u00e1s caro que antes de estallar la crisis - Super News","og_description":"[ad_1] Pisos, piso, casa, casas, edificio, vivienda, viviendas, construcci\u00f3n, se compra, se vende, venta, alquiler, hipoteca, hipotecas &#8211; EUROPA PRESS &#8211; Archivo Si en 2007 era necesario destinar la renta de 13,6 a\u00f1os para comprar una vivienda, en 2018 este indicador ha ca\u00eddo a 9,7 a\u00f1os MADRID, 8 Ago. (EUROPA PRESS) &#8211; El precio del [&hellip;]","og_url":"https:\/\/super-news.info\/es\/alquilar-es-un-10-mas-caro-que-antes-de-estallar-la-crisis\/","og_site_name":"Super News","article_published_time":"2019-08-08T12:15:39+00:00","og_image":[{"width":120,"height":80,"url":"https:\/\/super-news.info\/es\/wp-content\/uploads\/sites\/4\/2019\/08\/Alquilar-es-un-10-m\u00e1s-caro-que-antes-de-estallar.jpg","type":"image\/jpeg"}],"author":"super-news","twitter_card":"summary_large_image","twitter_misc":{"Written by":"super-news","Est. reading time":"3 minutes"},"schema":{"@context":"https:\/\/schema.org","@graph":[{"@type":"Article","@id":"https:\/\/super-news.info\/es\/alquilar-es-un-10-mas-caro-que-antes-de-estallar-la-crisis\/#article","isPartOf":{"@id":"https:\/\/super-news.info\/es\/alquilar-es-un-10-mas-caro-que-antes-de-estallar-la-crisis\/"},"author":{"name":"super-news","@id":"https:\/\/super-news.info\/es\/#\/schema\/person\/2d4068cb2f39cd10008c2fce578a7356"},"headline":"Alquilar es un 10% m\u00e1s caro que antes de estallar la crisis","datePublished":"2019-08-08T12:15:39+00:00","mainEntityOfPage":{"@id":"https:\/\/super-news.info\/es\/alquilar-es-un-10-mas-caro-que-antes-de-estallar-la-crisis\/"},"wordCount":633,"commentCount":0,"image":{"@id":"https:\/\/super-news.info\/es\/alquilar-es-un-10-mas-caro-que-antes-de-estallar-la-crisis\/#primaryimage"},"thumbnailUrl":"https:\/\/super-news.info\/es\/wp-content\/uploads\/sites\/4\/2019\/08\/Alquilar-es-un-10-m\u00e1s-caro-que-antes-de-estallar.jpg","articleSection":["NOTICIAS FINANCIERAS"],"inLanguage":"en-US","potentialAction":[{"@type":"CommentAction","name":"Comment","target":["https:\/\/super-news.info\/es\/alquilar-es-un-10-mas-caro-que-antes-de-estallar-la-crisis\/#respond"]}]},{"@type":"WebPage","@id":"https:\/\/super-news.info\/es\/alquilar-es-un-10-mas-caro-que-antes-de-estallar-la-crisis\/","url":"https:\/\/super-news.info\/es\/alquilar-es-un-10-mas-caro-que-antes-de-estallar-la-crisis\/","name":"Alquilar es un 10% m\u00e1s caro que antes de estallar la crisis - Super News","isPartOf":{"@id":"https:\/\/super-news.info\/es\/#website"},"primaryImageOfPage":{"@id":"https:\/\/super-news.info\/es\/alquilar-es-un-10-mas-caro-que-antes-de-estallar-la-crisis\/#primaryimage"},"image":{"@id":"https:\/\/super-news.info\/es\/alquilar-es-un-10-mas-caro-que-antes-de-estallar-la-crisis\/#primaryimage"},"thumbnailUrl":"https:\/\/super-news.info\/es\/wp-content\/uploads\/sites\/4\/2019\/08\/Alquilar-es-un-10-m\u00e1s-caro-que-antes-de-estallar.jpg","datePublished":"2019-08-08T12:15:39+00:00","author":{"@id":"https:\/\/super-news.info\/es\/#\/schema\/person\/2d4068cb2f39cd10008c2fce578a7356"},"breadcrumb":{"@id":"https:\/\/super-news.info\/es\/alquilar-es-un-10-mas-caro-que-antes-de-estallar-la-crisis\/#breadcrumb"},"inLanguage":"en-US","potentialAction":[{"@type":"ReadAction","target":["https:\/\/super-news.info\/es\/alquilar-es-un-10-mas-caro-que-antes-de-estallar-la-crisis\/"]}]},{"@type":"ImageObject","inLanguage":"en-US","@id":"https:\/\/super-news.info\/es\/alquilar-es-un-10-mas-caro-que-antes-de-estallar-la-crisis\/#primaryimage","url":"https:\/\/super-news.info\/es\/wp-content\/uploads\/sites\/4\/2019\/08\/Alquilar-es-un-10-m\u00e1s-caro-que-antes-de-estallar.jpg","contentUrl":"https:\/\/super-news.info\/es\/wp-content\/uploads\/sites\/4\/2019\/08\/Alquilar-es-un-10-m\u00e1s-caro-que-antes-de-estallar.jpg","width":120,"height":80,"caption":"Alquilar es un 10% m\u00e1s caro que antes de estallar la crisis"},{"@type":"BreadcrumbList","@id":"https:\/\/super-news.info\/es\/alquilar-es-un-10-mas-caro-que-antes-de-estallar-la-crisis\/#breadcrumb","itemListElement":[{"@type":"ListItem","position":1,"name":"\u0413\u043b\u0430\u0432\u043d\u0430\u044f \u0441\u0442\u0440\u0430\u043d\u0438\u0446\u0430","item":"https:\/\/super-news.info\/es\/"},{"@type":"ListItem","position":2,"name":"Alquilar es un 10% m\u00e1s caro que antes de estallar la crisis"}]},{"@type":"WebSite","@id":"https:\/\/super-news.info\/es\/#website","url":"https:\/\/super-news.info\/es\/","name":"Super News","description":"Super News Espa\u00f1a","potentialAction":[{"@type":"SearchAction","target":{"@type":"EntryPoint","urlTemplate":"https:\/\/super-news.info\/es\/?s={search_term_string}"},"query-input":{"@type":"PropertyValueSpecification","valueRequired":true,"valueName":"search_term_string"}}],"inLanguage":"en-US"},{"@type":"Person","@id":"https:\/\/super-news.info\/es\/#\/schema\/person\/2d4068cb2f39cd10008c2fce578a7356","name":"super-news","image":{"@type":"ImageObject","inLanguage":"en-US","@id":"https:\/\/secure.gravatar.com\/avatar\/64ebac40b93f26a154f8a9b5b6fdccfc46f442b26b3dd6756dbff3bf9dc76fd7?s=96&d=mm&r=g","url":"https:\/\/secure.gravatar.com\/avatar\/64ebac40b93f26a154f8a9b5b6fdccfc46f442b26b3dd6756dbff3bf9dc76fd7?s=96&d=mm&r=g","contentUrl":"https:\/\/secure.gravatar.com\/avatar\/64ebac40b93f26a154f8a9b5b6fdccfc46f442b26b3dd6756dbff3bf9dc76fd7?s=96&d=mm&r=g","caption":"super-news"},"url":"https:\/\/super-news.info\/es\/author\/pt\/"}]}},"_links":{"self":[{"href":"https:\/\/super-news.info\/es\/wp-json\/wp\/v2\/posts\/8284","targetHints":{"allow":["GET"]}}],"collection":[{"href":"https:\/\/super-news.info\/es\/wp-json\/wp\/v2\/posts"}],"about":[{"href":"https:\/\/super-news.info\/es\/wp-json\/wp\/v2\/types\/post"}],"author":[{"embeddable":true,"href":"https:\/\/super-news.info\/es\/wp-json\/wp\/v2\/users\/2"}],"replies":[{"embeddable":true,"href":"https:\/\/super-news.info\/es\/wp-json\/wp\/v2\/comments?post=8284"}],"version-history":[{"count":1,"href":"https:\/\/super-news.info\/es\/wp-json\/wp\/v2\/posts\/8284\/revisions"}],"predecessor-version":[{"id":8286,"href":"https:\/\/super-news.info\/es\/wp-json\/wp\/v2\/posts\/8284\/revisions\/8286"}],"wp:featuredmedia":[{"embeddable":true,"href":"https:\/\/super-news.info\/es\/wp-json\/wp\/v2\/media\/8285"}],"wp:attachment":[{"href":"https:\/\/super-news.info\/es\/wp-json\/wp\/v2\/media?parent=8284"}],"wp:term":[{"taxonomy":"category","embeddable":true,"href":"https:\/\/super-news.info\/es\/wp-json\/wp\/v2\/categories?post=8284"},{"taxonomy":"post_tag","embeddable":true,"href":"https:\/\/super-news.info\/es\/wp-json\/wp\/v2\/tags?post=8284"}],"curies":[{"name":"wp","href":"https:\/\/api.w.org\/{rel}","templated":true}]}}