{"id":8278,"date":"2019-08-08T14:09:14","date_gmt":"2019-08-08T11:09:14","guid":{"rendered":"https:\/\/super-news.info\/es\/alvaro-aresti-se-convierte-en-nuevo-presidente-de-distrito-castellana-norte\/"},"modified":"2019-08-08T14:09:15","modified_gmt":"2019-08-08T11:09:15","slug":"alvaro-aresti-se-convierte-en-nuevo-presidente-de-distrito-castellana-norte","status":"publish","type":"post","link":"https:\/\/super-news.info\/es\/alvaro-aresti-se-convierte-en-nuevo-presidente-de-distrito-castellana-norte\/","title":{"rendered":"\u00c1lvaro Aresti se convierte en nuevo presidente de Distrito Castellana Norte"},"content":{"rendered":"<p> [ad_1]<\/p>\n<div id=\"CuerpoNoticiav2\" itemprop=\"articleBody\">\n<p>MADRID, 8 Ago. (EUROPA PRESS) &#8211; <\/p>\n<p itemprop=\"description\">   Distrito Castellana Norte (DCN) ha nombrado este jueves a \u00c1lvaro Aresti como nuevo presidente de la empresa, un directivo con una trayectoria profesional de m\u00e1s de tres d\u00e9cadas en el BBVA.<\/p>\n<p>   El nuevo presidente sustituye en el cargo a Antonio B\u00e9jar, que fue cesado como m\u00e1ximo responsable de la compa\u00f1\u00eda el pasado 26 de julio.<\/p>\n<p>   Seg\u00fan ha informado DCN en un comunicado, la designaci\u00f3n de Aresti se produce tras la aprobaci\u00f3n por unanimidad del proyecto urban\u00edstico Madrid Nuevo Norte por parte del Pleno municipal, algo que supone una &#8220;nueva etapa&#8221; para la empresa &#8220;que se refuerza con este nombramiento&#8221;.<\/p>\n<p>   \u00c1lvaro Aresti cuenta con una trayectoria profesional de m\u00e1s de tres d\u00e9cadas en BBVA, donde hasta mayo de 2019 era responsable de Global Client Coverage &amp; Corporate Finance, en el \u00e1rea de banca mayorista, Corporate &amp; Investment Banking (CIB).<\/p>\n<p>   Es licenciado en Derecho por la Universidad Complutense de Madrid y tiene el t\u00edtulo &#8216;Certified European Financial Analyst&#8217; por IEAF (European Federation of Financial Analysts).<\/p>\n<p>   La empresa promotora de Madrid Nuevo Norte recuerda que el proyecto urban\u00edstico supondr\u00e1 la construcci\u00f3n de 10.500 nuevas viviendas (el 20% de ellas con alg\u00fan tipo de protecci\u00f3n) y un centro de negocios con m\u00e1s de un mill\u00f3n de metros cuadrados de oficinas de &#8220;\u00faltima generaci\u00f3n&#8221;.<\/p>\n<p>   A ello se sumar\u00e1 una &#8220;renovada estaci\u00f3n de Chamart\u00edn. &#8220;Esta actuaci\u00f3n contribuir\u00e1 de forma decisiva a situar la capital de Espa\u00f1a entre las ciudades m\u00e1s vanguardistas y sostenibles de Europa, mejorando la calidad de vida de millones de personas&#8221;, asegura la compa\u00f1\u00eda.<\/p>\n<h2 class=\"ladillo\">CIFRAS DEL PROYECTO<\/h2>\n<p>   La previsi\u00f3n es que las obras de urbanizaci\u00f3n arranquen a finales de 2020 (fase que deber\u00e1 estar concluida en 2028) en una remodelaci\u00f3n que tiene un plazo previsto de ejecuci\u00f3n de 24 a\u00f1os, seg\u00fan inform\u00f3 recientemente el Ayuntamiento.<\/p>\n<p>   Se establece un gasto para las administraciones p\u00fablicas en su conjunto, de 2.452 millones de euros y unos ingresos de 3.762 millones, lo que representa un saldo a favor de las administraciones de 1.310 millones de euros.<\/p>\n<p>   Por otro lado, durante la construcci\u00f3n se generar\u00e1n 63.000 empleos directos, 31.000 indirectos y 23.000 inducidos, lo que representa un empleo total estimado durante la fase de construcci\u00f3n, de 117.792 empleos.<\/p>\n<p>   Una vez concluido, y en el funcionamiento cotidiano del \u00e1mbito, se considera que se generan 94.050 empleos en la zona con una poblaci\u00f3n de 27.441 habitantes, por lo que ser\u00e1 un \u00e1mbito utilizado por 121.491 personas de forma habitual.<\/p>\n<p>   La inversi\u00f3n movilizada se establece en 2.800 millones de euros dedicados a nuevas infraestructuras en el \u00e1mbito, a lo que se a\u00f1adir\u00e1 la inversi\u00f3n en dotaciones y equipamientos p\u00fablicos con una inversi\u00f3n por valor de 488,2 millones de euros y la inversi\u00f3n en construcci\u00f3n de las edificaciones por importe estimado de 4.022,7 millones, lo que representa una inversi\u00f3n total de 7.3042,2 millones de euros destinados a la materializaci\u00f3n del proyecto.<\/p>\n<p>   Su desarrollo aportar\u00e1 a la ciudad cerca de medio mill\u00f3n de metros cuadrados de nuevos parques urbanos y zonas verdes entre los que se encuentra un gran parque de 120.000 metros cuadrados que ocupar\u00e1 parte del espacio recuperado por la cubrici\u00f3n de las v\u00edas de la red ferroviaria, lo que posiblemente sea en el futuro un nuevo espacio de referencia en la ciudad. Adem\u00e1s se dotar\u00e1 de m\u00e1s de 1,3 millones de metros cuadrados de nuevas redes p\u00fablicas de transporte, zonas verdes y equipamientos, tanto al servicio del \u00e1mbito como de toda la ciudad.<\/p>\n<\/div>\n<p>[ad_2]<br \/>\n<br \/><a href=\"https:\/\/www.europapress.es\/madrid\/distritocastellananorte-01114\/noticia-alvaro-aresti-convierte-nuevo-presidente-distrito-castellana-norte-20190808121952.html\">Source link <\/a><\/p>\n","protected":false},"excerpt":{"rendered":"<p>[ad_1] MADRID, 8 Ago. (EUROPA PRESS) &#8211; Distrito Castellana Norte (DCN) ha nombrado este jueves a \u00c1lvaro Aresti como nuevo presidente de la empresa, un directivo con una trayectoria profesional de m\u00e1s de tres d\u00e9cadas en el BBVA. El nuevo presidente sustituye en el cargo a Antonio B\u00e9jar, que fue cesado como m\u00e1ximo responsable de [&hellip;]<\/p>\n","protected":false},"author":2,"featured_media":8279,"comment_status":"open","ping_status":"open","sticky":false,"template":"","format":"standard","meta":{"footnotes":""},"categories":[1],"tags":[],"class_list":["post-8278","post","type-post","status-publish","format-standard","has-post-thumbnail","hentry","category-noticias-financieras"],"yoast_head":"<!-- This site is optimized with the Yoast SEO plugin v27.4 - https:\/\/yoast.com\/product\/yoast-seo-wordpress\/ -->\n<title>\u00c1lvaro Aresti se convierte en nuevo presidente de Distrito Castellana Norte - Super News<\/title>\n<meta name=\"robots\" content=\"index, follow, max-snippet:-1, max-image-preview:large, max-video-preview:-1\" \/>\n<link rel=\"canonical\" href=\"https:\/\/super-news.info\/es\/alvaro-aresti-se-convierte-en-nuevo-presidente-de-distrito-castellana-norte\/\" \/>\n<meta property=\"og:locale\" content=\"en_US\" \/>\n<meta property=\"og:type\" content=\"article\" \/>\n<meta property=\"og:title\" content=\"\u00c1lvaro Aresti se convierte en nuevo presidente de Distrito Castellana Norte - Super News\" \/>\n<meta property=\"og:description\" content=\"[ad_1] MADRID, 8 Ago. (EUROPA PRESS) &#8211; Distrito Castellana Norte (DCN) ha nombrado este jueves a \u00c1lvaro Aresti como nuevo presidente de la empresa, un directivo con una trayectoria profesional de m\u00e1s de tres d\u00e9cadas en el BBVA. El nuevo presidente sustituye en el cargo a Antonio B\u00e9jar, que fue cesado como m\u00e1ximo responsable de [&hellip;]\" \/>\n<meta property=\"og:url\" content=\"https:\/\/super-news.info\/es\/alvaro-aresti-se-convierte-en-nuevo-presidente-de-distrito-castellana-norte\/\" \/>\n<meta property=\"og:site_name\" content=\"Super News\" \/>\n<meta property=\"article:published_time\" content=\"2019-08-08T11:09:14+00:00\" \/>\n<meta property=\"article:modified_time\" content=\"2019-08-08T11:09:15+00:00\" \/>\n<meta property=\"og:image\" content=\"https:\/\/super-news.info\/es\/wp-content\/uploads\/sites\/4\/2019\/08\/\u00c1lvaro-Aresti-se-convierte-en-nuevo-presidente-de-Distrito-Castellana.jpg\" \/>\n\t<meta property=\"og:image:width\" content=\"120\" \/>\n\t<meta property=\"og:image:height\" content=\"85\" \/>\n\t<meta property=\"og:image:type\" content=\"image\/jpeg\" \/>\n<meta name=\"author\" content=\"super-news\" \/>\n<meta name=\"twitter:card\" content=\"summary_large_image\" \/>\n<meta name=\"twitter:label1\" content=\"Written by\" \/>\n\t<meta name=\"twitter:data1\" content=\"super-news\" \/>\n\t<meta name=\"twitter:label2\" content=\"Est. reading time\" \/>\n\t<meta name=\"twitter:data2\" content=\"3 minutes\" \/>\n<script type=\"application\/ld+json\" class=\"yoast-schema-graph\">{\"@context\":\"https:\\\/\\\/schema.org\",\"@graph\":[{\"@type\":\"Article\",\"@id\":\"https:\\\/\\\/super-news.info\\\/es\\\/alvaro-aresti-se-convierte-en-nuevo-presidente-de-distrito-castellana-norte\\\/#article\",\"isPartOf\":{\"@id\":\"https:\\\/\\\/super-news.info\\\/es\\\/alvaro-aresti-se-convierte-en-nuevo-presidente-de-distrito-castellana-norte\\\/\"},\"author\":{\"name\":\"super-news\",\"@id\":\"https:\\\/\\\/super-news.info\\\/es\\\/#\\\/schema\\\/person\\\/2d4068cb2f39cd10008c2fce578a7356\"},\"headline\":\"\u00c1lvaro Aresti se convierte en nuevo presidente de Distrito Castellana Norte\",\"datePublished\":\"2019-08-08T11:09:14+00:00\",\"dateModified\":\"2019-08-08T11:09:15+00:00\",\"mainEntityOfPage\":{\"@id\":\"https:\\\/\\\/super-news.info\\\/es\\\/alvaro-aresti-se-convierte-en-nuevo-presidente-de-distrito-castellana-norte\\\/\"},\"wordCount\":611,\"commentCount\":0,\"image\":{\"@id\":\"https:\\\/\\\/super-news.info\\\/es\\\/alvaro-aresti-se-convierte-en-nuevo-presidente-de-distrito-castellana-norte\\\/#primaryimage\"},\"thumbnailUrl\":\"https:\\\/\\\/super-news.info\\\/es\\\/wp-content\\\/uploads\\\/sites\\\/4\\\/2019\\\/08\\\/\u00c1lvaro-Aresti-se-convierte-en-nuevo-presidente-de-Distrito-Castellana.jpg\",\"articleSection\":[\"NOTICIAS FINANCIERAS\"],\"inLanguage\":\"en-US\",\"potentialAction\":[{\"@type\":\"CommentAction\",\"name\":\"Comment\",\"target\":[\"https:\\\/\\\/super-news.info\\\/es\\\/alvaro-aresti-se-convierte-en-nuevo-presidente-de-distrito-castellana-norte\\\/#respond\"]}]},{\"@type\":\"WebPage\",\"@id\":\"https:\\\/\\\/super-news.info\\\/es\\\/alvaro-aresti-se-convierte-en-nuevo-presidente-de-distrito-castellana-norte\\\/\",\"url\":\"https:\\\/\\\/super-news.info\\\/es\\\/alvaro-aresti-se-convierte-en-nuevo-presidente-de-distrito-castellana-norte\\\/\",\"name\":\"\u00c1lvaro Aresti se convierte en nuevo presidente de Distrito Castellana Norte - Super News\",\"isPartOf\":{\"@id\":\"https:\\\/\\\/super-news.info\\\/es\\\/#website\"},\"primaryImageOfPage\":{\"@id\":\"https:\\\/\\\/super-news.info\\\/es\\\/alvaro-aresti-se-convierte-en-nuevo-presidente-de-distrito-castellana-norte\\\/#primaryimage\"},\"image\":{\"@id\":\"https:\\\/\\\/super-news.info\\\/es\\\/alvaro-aresti-se-convierte-en-nuevo-presidente-de-distrito-castellana-norte\\\/#primaryimage\"},\"thumbnailUrl\":\"https:\\\/\\\/super-news.info\\\/es\\\/wp-content\\\/uploads\\\/sites\\\/4\\\/2019\\\/08\\\/\u00c1lvaro-Aresti-se-convierte-en-nuevo-presidente-de-Distrito-Castellana.jpg\",\"datePublished\":\"2019-08-08T11:09:14+00:00\",\"dateModified\":\"2019-08-08T11:09:15+00:00\",\"author\":{\"@id\":\"https:\\\/\\\/super-news.info\\\/es\\\/#\\\/schema\\\/person\\\/2d4068cb2f39cd10008c2fce578a7356\"},\"breadcrumb\":{\"@id\":\"https:\\\/\\\/super-news.info\\\/es\\\/alvaro-aresti-se-convierte-en-nuevo-presidente-de-distrito-castellana-norte\\\/#breadcrumb\"},\"inLanguage\":\"en-US\",\"potentialAction\":[{\"@type\":\"ReadAction\",\"target\":[\"https:\\\/\\\/super-news.info\\\/es\\\/alvaro-aresti-se-convierte-en-nuevo-presidente-de-distrito-castellana-norte\\\/\"]}]},{\"@type\":\"ImageObject\",\"inLanguage\":\"en-US\",\"@id\":\"https:\\\/\\\/super-news.info\\\/es\\\/alvaro-aresti-se-convierte-en-nuevo-presidente-de-distrito-castellana-norte\\\/#primaryimage\",\"url\":\"https:\\\/\\\/super-news.info\\\/es\\\/wp-content\\\/uploads\\\/sites\\\/4\\\/2019\\\/08\\\/\u00c1lvaro-Aresti-se-convierte-en-nuevo-presidente-de-Distrito-Castellana.jpg\",\"contentUrl\":\"https:\\\/\\\/super-news.info\\\/es\\\/wp-content\\\/uploads\\\/sites\\\/4\\\/2019\\\/08\\\/\u00c1lvaro-Aresti-se-convierte-en-nuevo-presidente-de-Distrito-Castellana.jpg\",\"width\":120,\"height\":85,\"caption\":\"\u00c1lvaro Aresti se convierte en nuevo presidente de Distrito Castellana Norte\"},{\"@type\":\"BreadcrumbList\",\"@id\":\"https:\\\/\\\/super-news.info\\\/es\\\/alvaro-aresti-se-convierte-en-nuevo-presidente-de-distrito-castellana-norte\\\/#breadcrumb\",\"itemListElement\":[{\"@type\":\"ListItem\",\"position\":1,\"name\":\"\u0413\u043b\u0430\u0432\u043d\u0430\u044f \u0441\u0442\u0440\u0430\u043d\u0438\u0446\u0430\",\"item\":\"https:\\\/\\\/super-news.info\\\/es\\\/\"},{\"@type\":\"ListItem\",\"position\":2,\"name\":\"\u00c1lvaro Aresti se convierte en nuevo presidente de Distrito Castellana Norte\"}]},{\"@type\":\"WebSite\",\"@id\":\"https:\\\/\\\/super-news.info\\\/es\\\/#website\",\"url\":\"https:\\\/\\\/super-news.info\\\/es\\\/\",\"name\":\"Super News\",\"description\":\"Super News Espa\u00f1a\",\"potentialAction\":[{\"@type\":\"SearchAction\",\"target\":{\"@type\":\"EntryPoint\",\"urlTemplate\":\"https:\\\/\\\/super-news.info\\\/es\\\/?s={search_term_string}\"},\"query-input\":{\"@type\":\"PropertyValueSpecification\",\"valueRequired\":true,\"valueName\":\"search_term_string\"}}],\"inLanguage\":\"en-US\"},{\"@type\":\"Person\",\"@id\":\"https:\\\/\\\/super-news.info\\\/es\\\/#\\\/schema\\\/person\\\/2d4068cb2f39cd10008c2fce578a7356\",\"name\":\"super-news\",\"image\":{\"@type\":\"ImageObject\",\"inLanguage\":\"en-US\",\"@id\":\"https:\\\/\\\/secure.gravatar.com\\\/avatar\\\/64ebac40b93f26a154f8a9b5b6fdccfc46f442b26b3dd6756dbff3bf9dc76fd7?s=96&d=mm&r=g\",\"url\":\"https:\\\/\\\/secure.gravatar.com\\\/avatar\\\/64ebac40b93f26a154f8a9b5b6fdccfc46f442b26b3dd6756dbff3bf9dc76fd7?s=96&d=mm&r=g\",\"contentUrl\":\"https:\\\/\\\/secure.gravatar.com\\\/avatar\\\/64ebac40b93f26a154f8a9b5b6fdccfc46f442b26b3dd6756dbff3bf9dc76fd7?s=96&d=mm&r=g\",\"caption\":\"super-news\"},\"url\":\"https:\\\/\\\/super-news.info\\\/es\\\/author\\\/pt\\\/\"}]}<\/script>\n<!-- \/ Yoast SEO plugin. -->","yoast_head_json":{"title":"\u00c1lvaro Aresti se convierte en nuevo presidente de Distrito Castellana Norte - Super News","robots":{"index":"index","follow":"follow","max-snippet":"max-snippet:-1","max-image-preview":"max-image-preview:large","max-video-preview":"max-video-preview:-1"},"canonical":"https:\/\/super-news.info\/es\/alvaro-aresti-se-convierte-en-nuevo-presidente-de-distrito-castellana-norte\/","og_locale":"en_US","og_type":"article","og_title":"\u00c1lvaro Aresti se convierte en nuevo presidente de Distrito Castellana Norte - Super News","og_description":"[ad_1] MADRID, 8 Ago. (EUROPA PRESS) &#8211; Distrito Castellana Norte (DCN) ha nombrado este jueves a \u00c1lvaro Aresti como nuevo presidente de la empresa, un directivo con una trayectoria profesional de m\u00e1s de tres d\u00e9cadas en el BBVA. El nuevo presidente sustituye en el cargo a Antonio B\u00e9jar, que fue cesado como m\u00e1ximo responsable de [&hellip;]","og_url":"https:\/\/super-news.info\/es\/alvaro-aresti-se-convierte-en-nuevo-presidente-de-distrito-castellana-norte\/","og_site_name":"Super News","article_published_time":"2019-08-08T11:09:14+00:00","article_modified_time":"2019-08-08T11:09:15+00:00","og_image":[{"width":120,"height":85,"url":"https:\/\/super-news.info\/es\/wp-content\/uploads\/sites\/4\/2019\/08\/\u00c1lvaro-Aresti-se-convierte-en-nuevo-presidente-de-Distrito-Castellana.jpg","type":"image\/jpeg"}],"author":"super-news","twitter_card":"summary_large_image","twitter_misc":{"Written by":"super-news","Est. reading time":"3 minutes"},"schema":{"@context":"https:\/\/schema.org","@graph":[{"@type":"Article","@id":"https:\/\/super-news.info\/es\/alvaro-aresti-se-convierte-en-nuevo-presidente-de-distrito-castellana-norte\/#article","isPartOf":{"@id":"https:\/\/super-news.info\/es\/alvaro-aresti-se-convierte-en-nuevo-presidente-de-distrito-castellana-norte\/"},"author":{"name":"super-news","@id":"https:\/\/super-news.info\/es\/#\/schema\/person\/2d4068cb2f39cd10008c2fce578a7356"},"headline":"\u00c1lvaro Aresti se convierte en nuevo presidente de Distrito Castellana Norte","datePublished":"2019-08-08T11:09:14+00:00","dateModified":"2019-08-08T11:09:15+00:00","mainEntityOfPage":{"@id":"https:\/\/super-news.info\/es\/alvaro-aresti-se-convierte-en-nuevo-presidente-de-distrito-castellana-norte\/"},"wordCount":611,"commentCount":0,"image":{"@id":"https:\/\/super-news.info\/es\/alvaro-aresti-se-convierte-en-nuevo-presidente-de-distrito-castellana-norte\/#primaryimage"},"thumbnailUrl":"https:\/\/super-news.info\/es\/wp-content\/uploads\/sites\/4\/2019\/08\/\u00c1lvaro-Aresti-se-convierte-en-nuevo-presidente-de-Distrito-Castellana.jpg","articleSection":["NOTICIAS FINANCIERAS"],"inLanguage":"en-US","potentialAction":[{"@type":"CommentAction","name":"Comment","target":["https:\/\/super-news.info\/es\/alvaro-aresti-se-convierte-en-nuevo-presidente-de-distrito-castellana-norte\/#respond"]}]},{"@type":"WebPage","@id":"https:\/\/super-news.info\/es\/alvaro-aresti-se-convierte-en-nuevo-presidente-de-distrito-castellana-norte\/","url":"https:\/\/super-news.info\/es\/alvaro-aresti-se-convierte-en-nuevo-presidente-de-distrito-castellana-norte\/","name":"\u00c1lvaro Aresti se convierte en nuevo presidente de Distrito Castellana Norte - Super News","isPartOf":{"@id":"https:\/\/super-news.info\/es\/#website"},"primaryImageOfPage":{"@id":"https:\/\/super-news.info\/es\/alvaro-aresti-se-convierte-en-nuevo-presidente-de-distrito-castellana-norte\/#primaryimage"},"image":{"@id":"https:\/\/super-news.info\/es\/alvaro-aresti-se-convierte-en-nuevo-presidente-de-distrito-castellana-norte\/#primaryimage"},"thumbnailUrl":"https:\/\/super-news.info\/es\/wp-content\/uploads\/sites\/4\/2019\/08\/\u00c1lvaro-Aresti-se-convierte-en-nuevo-presidente-de-Distrito-Castellana.jpg","datePublished":"2019-08-08T11:09:14+00:00","dateModified":"2019-08-08T11:09:15+00:00","author":{"@id":"https:\/\/super-news.info\/es\/#\/schema\/person\/2d4068cb2f39cd10008c2fce578a7356"},"breadcrumb":{"@id":"https:\/\/super-news.info\/es\/alvaro-aresti-se-convierte-en-nuevo-presidente-de-distrito-castellana-norte\/#breadcrumb"},"inLanguage":"en-US","potentialAction":[{"@type":"ReadAction","target":["https:\/\/super-news.info\/es\/alvaro-aresti-se-convierte-en-nuevo-presidente-de-distrito-castellana-norte\/"]}]},{"@type":"ImageObject","inLanguage":"en-US","@id":"https:\/\/super-news.info\/es\/alvaro-aresti-se-convierte-en-nuevo-presidente-de-distrito-castellana-norte\/#primaryimage","url":"https:\/\/super-news.info\/es\/wp-content\/uploads\/sites\/4\/2019\/08\/\u00c1lvaro-Aresti-se-convierte-en-nuevo-presidente-de-Distrito-Castellana.jpg","contentUrl":"https:\/\/super-news.info\/es\/wp-content\/uploads\/sites\/4\/2019\/08\/\u00c1lvaro-Aresti-se-convierte-en-nuevo-presidente-de-Distrito-Castellana.jpg","width":120,"height":85,"caption":"\u00c1lvaro Aresti se convierte en nuevo presidente de Distrito Castellana Norte"},{"@type":"BreadcrumbList","@id":"https:\/\/super-news.info\/es\/alvaro-aresti-se-convierte-en-nuevo-presidente-de-distrito-castellana-norte\/#breadcrumb","itemListElement":[{"@type":"ListItem","position":1,"name":"\u0413\u043b\u0430\u0432\u043d\u0430\u044f \u0441\u0442\u0440\u0430\u043d\u0438\u0446\u0430","item":"https:\/\/super-news.info\/es\/"},{"@type":"ListItem","position":2,"name":"\u00c1lvaro Aresti se convierte en nuevo presidente de Distrito Castellana Norte"}]},{"@type":"WebSite","@id":"https:\/\/super-news.info\/es\/#website","url":"https:\/\/super-news.info\/es\/","name":"Super News","description":"Super News Espa\u00f1a","potentialAction":[{"@type":"SearchAction","target":{"@type":"EntryPoint","urlTemplate":"https:\/\/super-news.info\/es\/?s={search_term_string}"},"query-input":{"@type":"PropertyValueSpecification","valueRequired":true,"valueName":"search_term_string"}}],"inLanguage":"en-US"},{"@type":"Person","@id":"https:\/\/super-news.info\/es\/#\/schema\/person\/2d4068cb2f39cd10008c2fce578a7356","name":"super-news","image":{"@type":"ImageObject","inLanguage":"en-US","@id":"https:\/\/secure.gravatar.com\/avatar\/64ebac40b93f26a154f8a9b5b6fdccfc46f442b26b3dd6756dbff3bf9dc76fd7?s=96&d=mm&r=g","url":"https:\/\/secure.gravatar.com\/avatar\/64ebac40b93f26a154f8a9b5b6fdccfc46f442b26b3dd6756dbff3bf9dc76fd7?s=96&d=mm&r=g","contentUrl":"https:\/\/secure.gravatar.com\/avatar\/64ebac40b93f26a154f8a9b5b6fdccfc46f442b26b3dd6756dbff3bf9dc76fd7?s=96&d=mm&r=g","caption":"super-news"},"url":"https:\/\/super-news.info\/es\/author\/pt\/"}]}},"_links":{"self":[{"href":"https:\/\/super-news.info\/es\/wp-json\/wp\/v2\/posts\/8278","targetHints":{"allow":["GET"]}}],"collection":[{"href":"https:\/\/super-news.info\/es\/wp-json\/wp\/v2\/posts"}],"about":[{"href":"https:\/\/super-news.info\/es\/wp-json\/wp\/v2\/types\/post"}],"author":[{"embeddable":true,"href":"https:\/\/super-news.info\/es\/wp-json\/wp\/v2\/users\/2"}],"replies":[{"embeddable":true,"href":"https:\/\/super-news.info\/es\/wp-json\/wp\/v2\/comments?post=8278"}],"version-history":[{"count":1,"href":"https:\/\/super-news.info\/es\/wp-json\/wp\/v2\/posts\/8278\/revisions"}],"predecessor-version":[{"id":8280,"href":"https:\/\/super-news.info\/es\/wp-json\/wp\/v2\/posts\/8278\/revisions\/8280"}],"wp:featuredmedia":[{"embeddable":true,"href":"https:\/\/super-news.info\/es\/wp-json\/wp\/v2\/media\/8279"}],"wp:attachment":[{"href":"https:\/\/super-news.info\/es\/wp-json\/wp\/v2\/media?parent=8278"}],"wp:term":[{"taxonomy":"category","embeddable":true,"href":"https:\/\/super-news.info\/es\/wp-json\/wp\/v2\/categories?post=8278"},{"taxonomy":"post_tag","embeddable":true,"href":"https:\/\/super-news.info\/es\/wp-json\/wp\/v2\/tags?post=8278"}],"curies":[{"name":"wp","href":"https:\/\/api.w.org\/{rel}","templated":true}]}}