{"id":8218,"date":"2019-08-07T21:20:27","date_gmt":"2019-08-07T18:20:27","guid":{"rendered":"https:\/\/super-news.info\/es\/sin-acuerdo-la-mediacion-entre-vigilantes-del-aeropuerto-de-barcelona-y-direccion-de-trablisa\/"},"modified":"2019-08-07T21:20:28","modified_gmt":"2019-08-07T18:20:28","slug":"sin-acuerdo-la-mediacion-entre-vigilantes-del-aeropuerto-de-barcelona-y-direccion-de-trablisa","status":"publish","type":"post","link":"https:\/\/super-news.info\/es\/sin-acuerdo-la-mediacion-entre-vigilantes-del-aeropuerto-de-barcelona-y-direccion-de-trablisa\/","title":{"rendered":"Sin acuerdo la mediaci\u00f3n entre vigilantes del Aeropuerto de Barcelona y direcci\u00f3n de Trablisa"},"content":{"rendered":"<p> [ad_1]<\/p>\n<div id=\"CuerpoNoticiav2\" itemprop=\"articleBody\">\n<p itemprop=\"description\">BARCELONA, 7 Ago. (EUROPA PRESS) &#8211;<\/p>\n<p>La mediaci\u00f3n de este mi\u00e9rcoles entre los vigilantes de seguridad del Aeropuerto de Barcelona-El Prat y la direcci\u00f3n de Trablisa ha acabado sin acuerdo, por lo que se mantiene la huelga indefinida y de 24 horas convocada a partir de este viernes 9 de agosto.<\/p>\n<p>En una atenci\u00f3n a los medios tras la mediaci\u00f3n, el asesor del comit\u00e9 de huelga, Juan Carlos Gim\u00e9nez, ha explicado que la propuesta planteada por Trablisa es &#8220;m\u00ednima&#8221; y no ha satisfecho sus demandas de mejoras salariales y laborales, pero que la discutir\u00e1n en asamblea el jueves y decidir\u00e1n si desconvocan la huelga.<\/p>\n<p>La mediaci\u00f3n entre el comit\u00e9 de empresa y la direcci\u00f3n ha empezado sobre las 10.15 horas, y ha terminado pasadas las 13.30 horas.<\/p>\n<p>Gim\u00e9nez ha expuesto que Trablisa se encuentra reforzada con los servicios m\u00ednimos decretados por el Gobierno del 90% y que no tiene ninguna intenci\u00f3n de llegar a un acuerdo favorable para los trabajadores: &#8220;La negociaci\u00f3n con la empresa es imposible&#8221;.<\/p>\n<p>Sobre la propuesta presentada por Trablisa, ha se\u00f1alado que da &#8220;cero c\u00e9ntimos&#8221; a las mejoras econ\u00f3micas que ped\u00edan y que la empresa tira balones fuera, seg\u00fan ha dicho, sobre el resto de demandas.<\/p>\n<p>Ha enfatizado que la empresa &#8220;solo&#8221; ha aceptado uno de los puntos pedidos por el comit\u00e9 de huelga, que es el referente a pagar determinados pluses dentro de n\u00f3mina, cuesti\u00f3n que se hab\u00eda acordado en febrero y todav\u00eda no se hab\u00eda cumplido y que la empresa ha dicho que lo har\u00e1 a partir de octubre.<\/p>\n<p>Gim\u00e9nez ha asegurado que los vigilantes de los filtros de seguridad del Aeropuerto de Barcelona cumplir\u00e1n con los servicios m\u00ednimos, pese a que ha remarcado que ser\u00e1 dif\u00edcil movilizar a la plantilla necesaria teniendo en cuenta los que est\u00e1n de vacaciones y de baja: &#8220;El personal siempre cumple con la ley&#8221;.<\/p>\n<h2 class=\"ladillo\">TRABLISA<\/h2>\n<p>La directora de Recursos Humanos de Trablisa, Pilar Albacete, ha defendido en una atenci\u00f3n a los medios que han presentado una propuesta dando soluciones a todas las peticiones operativas, pero que los trabajadores se han &#8220;enrocado&#8221; en las demandas econ\u00f3micas.<\/p>\n<p>&#8220;Ma\u00f1ana se ver\u00e1 en la asamblea de trabajadores si valoran los esfuerzos que est\u00e1 haciendo la empresa para dar soluciones a todas las cuestiones que ellos hab\u00edan planteado&#8221;, ha remarcado Albacete.<\/p>\n<p>Albacete ha reiterado la petici\u00f3n de la empresa de desconvocar la huelga y que la plantilla de Trablisa &#8220;vuelva a la v\u00eda negociadora&#8221;.<\/p>\n<h2 class=\"ladillo\">DEMANDAS<\/h2>\n<p>Est\u00e1n llamados a huelga unos 500 empleados de Trablisa, empresa adjudicataria del servicio de seguridad en el Aeropuerto de Barcelona desde junio de 2018 y hasta mayo del a\u00f1o que viene.<\/p>\n<p>Los vigilantes de El Prat piden mejoras en cuestiones como la compensaci\u00f3n de la sobrecarga de trabajo con un plus de un euro por hora trabajada, la formaci\u00f3n que reciben, que se cumpla con la paridad entre los trabajadores y que se garanticen los descansos.<\/p>\n<p>Tambi\u00e9n reclaman que la empresa se haga cargo de los costes de aparcamiento o habilite una zona gratuita para el estacionamiento de veh\u00edculos.<\/p>\n<\/div>\n<p>[ad_2]<br \/>\n<br \/><a href=\"https:\/\/www.europapress.es\/catalunya\/noticia-acuerdo-mediacion-vigilantes-aeropuerto-barcelona-direccion-trablisa-20190807140836.html\">Source link <\/a><\/p>\n","protected":false},"excerpt":{"rendered":"<p>[ad_1] BARCELONA, 7 Ago. (EUROPA PRESS) &#8211; La mediaci\u00f3n de este mi\u00e9rcoles entre los vigilantes de seguridad del Aeropuerto de Barcelona-El Prat y la direcci\u00f3n de Trablisa ha acabado sin acuerdo, por lo que se mantiene la huelga indefinida y de 24 horas convocada a partir de este viernes 9 de agosto. En una atenci\u00f3n [&hellip;]<\/p>\n","protected":false},"author":2,"featured_media":8219,"comment_status":"open","ping_status":"open","sticky":false,"template":"","format":"standard","meta":{"footnotes":""},"categories":[1],"tags":[],"class_list":["post-8218","post","type-post","status-publish","format-standard","has-post-thumbnail","hentry","category-noticias-financieras"],"yoast_head":"<!-- This site is optimized with the Yoast SEO plugin v27.4 - https:\/\/yoast.com\/product\/yoast-seo-wordpress\/ -->\n<title>Sin acuerdo la mediaci\u00f3n entre vigilantes del Aeropuerto de Barcelona y direcci\u00f3n de Trablisa - Super News<\/title>\n<meta name=\"robots\" content=\"index, follow, max-snippet:-1, max-image-preview:large, max-video-preview:-1\" \/>\n<link rel=\"canonical\" href=\"https:\/\/super-news.info\/es\/sin-acuerdo-la-mediacion-entre-vigilantes-del-aeropuerto-de-barcelona-y-direccion-de-trablisa\/\" \/>\n<meta property=\"og:locale\" content=\"en_US\" \/>\n<meta property=\"og:type\" content=\"article\" \/>\n<meta property=\"og:title\" content=\"Sin acuerdo la mediaci\u00f3n entre vigilantes del Aeropuerto de Barcelona y direcci\u00f3n de Trablisa - Super News\" \/>\n<meta property=\"og:description\" content=\"[ad_1] BARCELONA, 7 Ago. (EUROPA PRESS) &#8211; La mediaci\u00f3n de este mi\u00e9rcoles entre los vigilantes de seguridad del Aeropuerto de Barcelona-El Prat y la direcci\u00f3n de Trablisa ha acabado sin acuerdo, por lo que se mantiene la huelga indefinida y de 24 horas convocada a partir de este viernes 9 de agosto. En una atenci\u00f3n [&hellip;]\" \/>\n<meta property=\"og:url\" content=\"https:\/\/super-news.info\/es\/sin-acuerdo-la-mediacion-entre-vigilantes-del-aeropuerto-de-barcelona-y-direccion-de-trablisa\/\" \/>\n<meta property=\"og:site_name\" content=\"Super News\" \/>\n<meta property=\"article:published_time\" content=\"2019-08-07T18:20:27+00:00\" \/>\n<meta property=\"article:modified_time\" content=\"2019-08-07T18:20:28+00:00\" \/>\n<meta property=\"og:image\" content=\"https:\/\/super-news.info\/es\/wp-content\/uploads\/sites\/4\/2019\/08\/Sin-acuerdo-la-mediaci\u00f3n-entre-vigilantes-del-Aeropuerto-de-Barcelona.jpg\" \/>\n\t<meta property=\"og:image:width\" content=\"120\" \/>\n\t<meta property=\"og:image:height\" content=\"69\" \/>\n\t<meta property=\"og:image:type\" content=\"image\/jpeg\" \/>\n<meta name=\"author\" content=\"super-news\" \/>\n<meta name=\"twitter:card\" content=\"summary_large_image\" \/>\n<meta name=\"twitter:label1\" content=\"Written by\" \/>\n\t<meta name=\"twitter:data1\" content=\"super-news\" \/>\n\t<meta name=\"twitter:label2\" content=\"Est. reading time\" \/>\n\t<meta name=\"twitter:data2\" content=\"3 minutes\" \/>\n<script type=\"application\/ld+json\" class=\"yoast-schema-graph\">{\"@context\":\"https:\\\/\\\/schema.org\",\"@graph\":[{\"@type\":\"Article\",\"@id\":\"https:\\\/\\\/super-news.info\\\/es\\\/sin-acuerdo-la-mediacion-entre-vigilantes-del-aeropuerto-de-barcelona-y-direccion-de-trablisa\\\/#article\",\"isPartOf\":{\"@id\":\"https:\\\/\\\/super-news.info\\\/es\\\/sin-acuerdo-la-mediacion-entre-vigilantes-del-aeropuerto-de-barcelona-y-direccion-de-trablisa\\\/\"},\"author\":{\"name\":\"super-news\",\"@id\":\"https:\\\/\\\/super-news.info\\\/es\\\/#\\\/schema\\\/person\\\/2d4068cb2f39cd10008c2fce578a7356\"},\"headline\":\"Sin acuerdo la mediaci\u00f3n entre vigilantes del Aeropuerto de Barcelona y direcci\u00f3n de Trablisa\",\"datePublished\":\"2019-08-07T18:20:27+00:00\",\"dateModified\":\"2019-08-07T18:20:28+00:00\",\"mainEntityOfPage\":{\"@id\":\"https:\\\/\\\/super-news.info\\\/es\\\/sin-acuerdo-la-mediacion-entre-vigilantes-del-aeropuerto-de-barcelona-y-direccion-de-trablisa\\\/\"},\"wordCount\":555,\"commentCount\":0,\"image\":{\"@id\":\"https:\\\/\\\/super-news.info\\\/es\\\/sin-acuerdo-la-mediacion-entre-vigilantes-del-aeropuerto-de-barcelona-y-direccion-de-trablisa\\\/#primaryimage\"},\"thumbnailUrl\":\"https:\\\/\\\/super-news.info\\\/es\\\/wp-content\\\/uploads\\\/sites\\\/4\\\/2019\\\/08\\\/Sin-acuerdo-la-mediaci\u00f3n-entre-vigilantes-del-Aeropuerto-de-Barcelona.jpg\",\"articleSection\":[\"NOTICIAS FINANCIERAS\"],\"inLanguage\":\"en-US\",\"potentialAction\":[{\"@type\":\"CommentAction\",\"name\":\"Comment\",\"target\":[\"https:\\\/\\\/super-news.info\\\/es\\\/sin-acuerdo-la-mediacion-entre-vigilantes-del-aeropuerto-de-barcelona-y-direccion-de-trablisa\\\/#respond\"]}]},{\"@type\":\"WebPage\",\"@id\":\"https:\\\/\\\/super-news.info\\\/es\\\/sin-acuerdo-la-mediacion-entre-vigilantes-del-aeropuerto-de-barcelona-y-direccion-de-trablisa\\\/\",\"url\":\"https:\\\/\\\/super-news.info\\\/es\\\/sin-acuerdo-la-mediacion-entre-vigilantes-del-aeropuerto-de-barcelona-y-direccion-de-trablisa\\\/\",\"name\":\"Sin acuerdo la mediaci\u00f3n entre vigilantes del Aeropuerto de Barcelona y direcci\u00f3n de Trablisa - Super News\",\"isPartOf\":{\"@id\":\"https:\\\/\\\/super-news.info\\\/es\\\/#website\"},\"primaryImageOfPage\":{\"@id\":\"https:\\\/\\\/super-news.info\\\/es\\\/sin-acuerdo-la-mediacion-entre-vigilantes-del-aeropuerto-de-barcelona-y-direccion-de-trablisa\\\/#primaryimage\"},\"image\":{\"@id\":\"https:\\\/\\\/super-news.info\\\/es\\\/sin-acuerdo-la-mediacion-entre-vigilantes-del-aeropuerto-de-barcelona-y-direccion-de-trablisa\\\/#primaryimage\"},\"thumbnailUrl\":\"https:\\\/\\\/super-news.info\\\/es\\\/wp-content\\\/uploads\\\/sites\\\/4\\\/2019\\\/08\\\/Sin-acuerdo-la-mediaci\u00f3n-entre-vigilantes-del-Aeropuerto-de-Barcelona.jpg\",\"datePublished\":\"2019-08-07T18:20:27+00:00\",\"dateModified\":\"2019-08-07T18:20:28+00:00\",\"author\":{\"@id\":\"https:\\\/\\\/super-news.info\\\/es\\\/#\\\/schema\\\/person\\\/2d4068cb2f39cd10008c2fce578a7356\"},\"breadcrumb\":{\"@id\":\"https:\\\/\\\/super-news.info\\\/es\\\/sin-acuerdo-la-mediacion-entre-vigilantes-del-aeropuerto-de-barcelona-y-direccion-de-trablisa\\\/#breadcrumb\"},\"inLanguage\":\"en-US\",\"potentialAction\":[{\"@type\":\"ReadAction\",\"target\":[\"https:\\\/\\\/super-news.info\\\/es\\\/sin-acuerdo-la-mediacion-entre-vigilantes-del-aeropuerto-de-barcelona-y-direccion-de-trablisa\\\/\"]}]},{\"@type\":\"ImageObject\",\"inLanguage\":\"en-US\",\"@id\":\"https:\\\/\\\/super-news.info\\\/es\\\/sin-acuerdo-la-mediacion-entre-vigilantes-del-aeropuerto-de-barcelona-y-direccion-de-trablisa\\\/#primaryimage\",\"url\":\"https:\\\/\\\/super-news.info\\\/es\\\/wp-content\\\/uploads\\\/sites\\\/4\\\/2019\\\/08\\\/Sin-acuerdo-la-mediaci\u00f3n-entre-vigilantes-del-Aeropuerto-de-Barcelona.jpg\",\"contentUrl\":\"https:\\\/\\\/super-news.info\\\/es\\\/wp-content\\\/uploads\\\/sites\\\/4\\\/2019\\\/08\\\/Sin-acuerdo-la-mediaci\u00f3n-entre-vigilantes-del-Aeropuerto-de-Barcelona.jpg\",\"width\":120,\"height\":69,\"caption\":\"Sin acuerdo la mediaci\u00f3n entre vigilantes del Aeropuerto de Barcelona y direcci\u00f3n de Trablisa\"},{\"@type\":\"BreadcrumbList\",\"@id\":\"https:\\\/\\\/super-news.info\\\/es\\\/sin-acuerdo-la-mediacion-entre-vigilantes-del-aeropuerto-de-barcelona-y-direccion-de-trablisa\\\/#breadcrumb\",\"itemListElement\":[{\"@type\":\"ListItem\",\"position\":1,\"name\":\"\u0413\u043b\u0430\u0432\u043d\u0430\u044f \u0441\u0442\u0440\u0430\u043d\u0438\u0446\u0430\",\"item\":\"https:\\\/\\\/super-news.info\\\/es\\\/\"},{\"@type\":\"ListItem\",\"position\":2,\"name\":\"Sin acuerdo la mediaci\u00f3n entre vigilantes del Aeropuerto de Barcelona y direcci\u00f3n de Trablisa\"}]},{\"@type\":\"WebSite\",\"@id\":\"https:\\\/\\\/super-news.info\\\/es\\\/#website\",\"url\":\"https:\\\/\\\/super-news.info\\\/es\\\/\",\"name\":\"Super News\",\"description\":\"Super News Espa\u00f1a\",\"potentialAction\":[{\"@type\":\"SearchAction\",\"target\":{\"@type\":\"EntryPoint\",\"urlTemplate\":\"https:\\\/\\\/super-news.info\\\/es\\\/?s={search_term_string}\"},\"query-input\":{\"@type\":\"PropertyValueSpecification\",\"valueRequired\":true,\"valueName\":\"search_term_string\"}}],\"inLanguage\":\"en-US\"},{\"@type\":\"Person\",\"@id\":\"https:\\\/\\\/super-news.info\\\/es\\\/#\\\/schema\\\/person\\\/2d4068cb2f39cd10008c2fce578a7356\",\"name\":\"super-news\",\"image\":{\"@type\":\"ImageObject\",\"inLanguage\":\"en-US\",\"@id\":\"https:\\\/\\\/secure.gravatar.com\\\/avatar\\\/64ebac40b93f26a154f8a9b5b6fdccfc46f442b26b3dd6756dbff3bf9dc76fd7?s=96&d=mm&r=g\",\"url\":\"https:\\\/\\\/secure.gravatar.com\\\/avatar\\\/64ebac40b93f26a154f8a9b5b6fdccfc46f442b26b3dd6756dbff3bf9dc76fd7?s=96&d=mm&r=g\",\"contentUrl\":\"https:\\\/\\\/secure.gravatar.com\\\/avatar\\\/64ebac40b93f26a154f8a9b5b6fdccfc46f442b26b3dd6756dbff3bf9dc76fd7?s=96&d=mm&r=g\",\"caption\":\"super-news\"},\"url\":\"https:\\\/\\\/super-news.info\\\/es\\\/author\\\/pt\\\/\"}]}<\/script>\n<!-- \/ Yoast SEO plugin. -->","yoast_head_json":{"title":"Sin acuerdo la mediaci\u00f3n entre vigilantes del Aeropuerto de Barcelona y direcci\u00f3n de Trablisa - Super News","robots":{"index":"index","follow":"follow","max-snippet":"max-snippet:-1","max-image-preview":"max-image-preview:large","max-video-preview":"max-video-preview:-1"},"canonical":"https:\/\/super-news.info\/es\/sin-acuerdo-la-mediacion-entre-vigilantes-del-aeropuerto-de-barcelona-y-direccion-de-trablisa\/","og_locale":"en_US","og_type":"article","og_title":"Sin acuerdo la mediaci\u00f3n entre vigilantes del Aeropuerto de Barcelona y direcci\u00f3n de Trablisa - Super News","og_description":"[ad_1] BARCELONA, 7 Ago. (EUROPA PRESS) &#8211; La mediaci\u00f3n de este mi\u00e9rcoles entre los vigilantes de seguridad del Aeropuerto de Barcelona-El Prat y la direcci\u00f3n de Trablisa ha acabado sin acuerdo, por lo que se mantiene la huelga indefinida y de 24 horas convocada a partir de este viernes 9 de agosto. En una atenci\u00f3n [&hellip;]","og_url":"https:\/\/super-news.info\/es\/sin-acuerdo-la-mediacion-entre-vigilantes-del-aeropuerto-de-barcelona-y-direccion-de-trablisa\/","og_site_name":"Super News","article_published_time":"2019-08-07T18:20:27+00:00","article_modified_time":"2019-08-07T18:20:28+00:00","og_image":[{"width":120,"height":69,"url":"https:\/\/super-news.info\/es\/wp-content\/uploads\/sites\/4\/2019\/08\/Sin-acuerdo-la-mediaci\u00f3n-entre-vigilantes-del-Aeropuerto-de-Barcelona.jpg","type":"image\/jpeg"}],"author":"super-news","twitter_card":"summary_large_image","twitter_misc":{"Written by":"super-news","Est. reading time":"3 minutes"},"schema":{"@context":"https:\/\/schema.org","@graph":[{"@type":"Article","@id":"https:\/\/super-news.info\/es\/sin-acuerdo-la-mediacion-entre-vigilantes-del-aeropuerto-de-barcelona-y-direccion-de-trablisa\/#article","isPartOf":{"@id":"https:\/\/super-news.info\/es\/sin-acuerdo-la-mediacion-entre-vigilantes-del-aeropuerto-de-barcelona-y-direccion-de-trablisa\/"},"author":{"name":"super-news","@id":"https:\/\/super-news.info\/es\/#\/schema\/person\/2d4068cb2f39cd10008c2fce578a7356"},"headline":"Sin acuerdo la mediaci\u00f3n entre vigilantes del Aeropuerto de Barcelona y direcci\u00f3n de Trablisa","datePublished":"2019-08-07T18:20:27+00:00","dateModified":"2019-08-07T18:20:28+00:00","mainEntityOfPage":{"@id":"https:\/\/super-news.info\/es\/sin-acuerdo-la-mediacion-entre-vigilantes-del-aeropuerto-de-barcelona-y-direccion-de-trablisa\/"},"wordCount":555,"commentCount":0,"image":{"@id":"https:\/\/super-news.info\/es\/sin-acuerdo-la-mediacion-entre-vigilantes-del-aeropuerto-de-barcelona-y-direccion-de-trablisa\/#primaryimage"},"thumbnailUrl":"https:\/\/super-news.info\/es\/wp-content\/uploads\/sites\/4\/2019\/08\/Sin-acuerdo-la-mediaci\u00f3n-entre-vigilantes-del-Aeropuerto-de-Barcelona.jpg","articleSection":["NOTICIAS FINANCIERAS"],"inLanguage":"en-US","potentialAction":[{"@type":"CommentAction","name":"Comment","target":["https:\/\/super-news.info\/es\/sin-acuerdo-la-mediacion-entre-vigilantes-del-aeropuerto-de-barcelona-y-direccion-de-trablisa\/#respond"]}]},{"@type":"WebPage","@id":"https:\/\/super-news.info\/es\/sin-acuerdo-la-mediacion-entre-vigilantes-del-aeropuerto-de-barcelona-y-direccion-de-trablisa\/","url":"https:\/\/super-news.info\/es\/sin-acuerdo-la-mediacion-entre-vigilantes-del-aeropuerto-de-barcelona-y-direccion-de-trablisa\/","name":"Sin acuerdo la mediaci\u00f3n entre vigilantes del Aeropuerto de Barcelona y direcci\u00f3n de Trablisa - Super News","isPartOf":{"@id":"https:\/\/super-news.info\/es\/#website"},"primaryImageOfPage":{"@id":"https:\/\/super-news.info\/es\/sin-acuerdo-la-mediacion-entre-vigilantes-del-aeropuerto-de-barcelona-y-direccion-de-trablisa\/#primaryimage"},"image":{"@id":"https:\/\/super-news.info\/es\/sin-acuerdo-la-mediacion-entre-vigilantes-del-aeropuerto-de-barcelona-y-direccion-de-trablisa\/#primaryimage"},"thumbnailUrl":"https:\/\/super-news.info\/es\/wp-content\/uploads\/sites\/4\/2019\/08\/Sin-acuerdo-la-mediaci\u00f3n-entre-vigilantes-del-Aeropuerto-de-Barcelona.jpg","datePublished":"2019-08-07T18:20:27+00:00","dateModified":"2019-08-07T18:20:28+00:00","author":{"@id":"https:\/\/super-news.info\/es\/#\/schema\/person\/2d4068cb2f39cd10008c2fce578a7356"},"breadcrumb":{"@id":"https:\/\/super-news.info\/es\/sin-acuerdo-la-mediacion-entre-vigilantes-del-aeropuerto-de-barcelona-y-direccion-de-trablisa\/#breadcrumb"},"inLanguage":"en-US","potentialAction":[{"@type":"ReadAction","target":["https:\/\/super-news.info\/es\/sin-acuerdo-la-mediacion-entre-vigilantes-del-aeropuerto-de-barcelona-y-direccion-de-trablisa\/"]}]},{"@type":"ImageObject","inLanguage":"en-US","@id":"https:\/\/super-news.info\/es\/sin-acuerdo-la-mediacion-entre-vigilantes-del-aeropuerto-de-barcelona-y-direccion-de-trablisa\/#primaryimage","url":"https:\/\/super-news.info\/es\/wp-content\/uploads\/sites\/4\/2019\/08\/Sin-acuerdo-la-mediaci\u00f3n-entre-vigilantes-del-Aeropuerto-de-Barcelona.jpg","contentUrl":"https:\/\/super-news.info\/es\/wp-content\/uploads\/sites\/4\/2019\/08\/Sin-acuerdo-la-mediaci\u00f3n-entre-vigilantes-del-Aeropuerto-de-Barcelona.jpg","width":120,"height":69,"caption":"Sin acuerdo la mediaci\u00f3n entre vigilantes del Aeropuerto de Barcelona y direcci\u00f3n de Trablisa"},{"@type":"BreadcrumbList","@id":"https:\/\/super-news.info\/es\/sin-acuerdo-la-mediacion-entre-vigilantes-del-aeropuerto-de-barcelona-y-direccion-de-trablisa\/#breadcrumb","itemListElement":[{"@type":"ListItem","position":1,"name":"\u0413\u043b\u0430\u0432\u043d\u0430\u044f \u0441\u0442\u0440\u0430\u043d\u0438\u0446\u0430","item":"https:\/\/super-news.info\/es\/"},{"@type":"ListItem","position":2,"name":"Sin acuerdo la mediaci\u00f3n entre vigilantes del Aeropuerto de Barcelona y direcci\u00f3n de Trablisa"}]},{"@type":"WebSite","@id":"https:\/\/super-news.info\/es\/#website","url":"https:\/\/super-news.info\/es\/","name":"Super News","description":"Super News Espa\u00f1a","potentialAction":[{"@type":"SearchAction","target":{"@type":"EntryPoint","urlTemplate":"https:\/\/super-news.info\/es\/?s={search_term_string}"},"query-input":{"@type":"PropertyValueSpecification","valueRequired":true,"valueName":"search_term_string"}}],"inLanguage":"en-US"},{"@type":"Person","@id":"https:\/\/super-news.info\/es\/#\/schema\/person\/2d4068cb2f39cd10008c2fce578a7356","name":"super-news","image":{"@type":"ImageObject","inLanguage":"en-US","@id":"https:\/\/secure.gravatar.com\/avatar\/64ebac40b93f26a154f8a9b5b6fdccfc46f442b26b3dd6756dbff3bf9dc76fd7?s=96&d=mm&r=g","url":"https:\/\/secure.gravatar.com\/avatar\/64ebac40b93f26a154f8a9b5b6fdccfc46f442b26b3dd6756dbff3bf9dc76fd7?s=96&d=mm&r=g","contentUrl":"https:\/\/secure.gravatar.com\/avatar\/64ebac40b93f26a154f8a9b5b6fdccfc46f442b26b3dd6756dbff3bf9dc76fd7?s=96&d=mm&r=g","caption":"super-news"},"url":"https:\/\/super-news.info\/es\/author\/pt\/"}]}},"_links":{"self":[{"href":"https:\/\/super-news.info\/es\/wp-json\/wp\/v2\/posts\/8218","targetHints":{"allow":["GET"]}}],"collection":[{"href":"https:\/\/super-news.info\/es\/wp-json\/wp\/v2\/posts"}],"about":[{"href":"https:\/\/super-news.info\/es\/wp-json\/wp\/v2\/types\/post"}],"author":[{"embeddable":true,"href":"https:\/\/super-news.info\/es\/wp-json\/wp\/v2\/users\/2"}],"replies":[{"embeddable":true,"href":"https:\/\/super-news.info\/es\/wp-json\/wp\/v2\/comments?post=8218"}],"version-history":[{"count":1,"href":"https:\/\/super-news.info\/es\/wp-json\/wp\/v2\/posts\/8218\/revisions"}],"predecessor-version":[{"id":8220,"href":"https:\/\/super-news.info\/es\/wp-json\/wp\/v2\/posts\/8218\/revisions\/8220"}],"wp:featuredmedia":[{"embeddable":true,"href":"https:\/\/super-news.info\/es\/wp-json\/wp\/v2\/media\/8219"}],"wp:attachment":[{"href":"https:\/\/super-news.info\/es\/wp-json\/wp\/v2\/media?parent=8218"}],"wp:term":[{"taxonomy":"category","embeddable":true,"href":"https:\/\/super-news.info\/es\/wp-json\/wp\/v2\/categories?post=8218"},{"taxonomy":"post_tag","embeddable":true,"href":"https:\/\/super-news.info\/es\/wp-json\/wp\/v2\/tags?post=8218"}],"curies":[{"name":"wp","href":"https:\/\/api.w.org\/{rel}","templated":true}]}}