{"id":8209,"date":"2019-08-07T19:07:21","date_gmt":"2019-08-07T16:07:21","guid":{"rendered":"https:\/\/super-news.info\/es\/sanchez-se-reune-manana-con-ceoe-sindicatos-y-autonomos-para-analizar-opciones-de-gobierno\/"},"modified":"2019-08-07T19:07:22","modified_gmt":"2019-08-07T16:07:22","slug":"sanchez-se-reune-manana-con-ceoe-sindicatos-y-autonomos-para-analizar-opciones-de-gobierno","status":"publish","type":"post","link":"https:\/\/super-news.info\/es\/sanchez-se-reune-manana-con-ceoe-sindicatos-y-autonomos-para-analizar-opciones-de-gobierno\/","title":{"rendered":"S\u00e1nchez se re\u00fane ma\u00f1ana con CEOE, sindicatos y aut\u00f3nomos para analizar opciones de gobierno"},"content":{"rendered":"<p> [ad_1]<\/p>\n<div id=\"CuerpoNoticiav2\" itemprop=\"articleBody\">\n<p>MADRID, 7 Ago. (EUROPA PRESS) &#8211; <\/p>\n<p itemprop=\"description\">   El presidente del Gobierno en funciones, Pedro S\u00e1nchez, se reunir\u00e1 este jueves con el presidente de CEOE, Antonio Garamendi, y Cepyme, Gerardo Cuerva, y los secretarios generales de CC.OO., Unai Sordo, y UGT, Pepe \u00c1lvarez, as\u00ed como con representantes de las principales organizaciones de aut\u00f3nomos y de la econom\u00eda social para abordar la actual situaci\u00f3n pol\u00edtica y analizar opciones de gobierno.<\/p>\n<p>   S\u00e1nchez tiene previsto recibir, junto a la ministra de Trabajo, Migraciones y Seguridad Social en funciones, Magdalena Valerio, a las 11.30 horas en el Palacio de la Moncloa a los secretarios generales de CC.OO., Unai Sordo, y UGT, Pepe \u00c1lvarez; y a partir de las 13 horas a los presidentes de la CEOE, Antonio Garamendi, y de Cepyme, Gerardo Cuerva.<\/p>\n<p>   Desde los sindicatos abogan por configurar un programa y un Gobierno progresista que d\u00e9 estabilidad a la legislatura para resolver los asuntos m\u00e1s urgentes, como una norma que facilite actualizar m\u00e1s all\u00e1 del 0,25% las pensiones en 2020, y afrontar reformas estructurales en \u00e1mbitos como el laboral, energ\u00e9tico o digital, seg\u00fan han indicado a Europa Press en fuentes sindicales.<\/p>\n<p>   Las mismas fuentes han precisado a Europa Press que las organizaciones sindicales no mediar\u00e1n en las negociaciones y los futuros pactos ni se posicionar\u00e1n a favor de si el nuevo Ejecutivo debe constituirse a trav\u00e9s de una coalici\u00f3n o &#8216;a la portuguesa&#8217; como aboga ahora el PSOE. Sordo (CC.OO.) y \u00c1lvarez (UGT) han emplazado en varias ocasiones a PSOE y Podemos a alcanzar un acuerdo para evitar la repetici\u00f3n de elecciones.<\/p>\n<p>   Por el lado de la patronal, las fuentes han destacado la disposici\u00f3n a asistir al encuentro para escuchar de primera mano los mensajes de S\u00e1nchez. A principios de julio, el presidente de CEOE opin\u00f3 que &#8220;quiz\u00e1s&#8221; ser\u00eda mejor esperar a noviembre para tener un pa\u00eds &#8220;m\u00e1s tranquilo&#8221;, que uno &#8220;m\u00e1s inestable a corto plazo&#8221;.<\/p>\n<h2 class=\"ladillo\">ECONOM\u00cdA SOCIAL Y AUT\u00d3NOMOS<\/h2>\n<p>    Adem\u00e1s, S\u00e1nchez se reunir\u00e1, junto a la ministra de Trabajo, Migraciones y Seguridad Social en funciones, Magdalena Valerio, y el secretario de Empleo y Relaciones Laborales del PSOE, Toni Ferrer, con representantes de la econom\u00eda social a las 16.00 horas en Madrid.<\/p>\n<p>   A su vez, a las 17.30 horas se reunir\u00e1, acompa\u00f1ado de nuevo por Valerio y Ferrer, con las organizaciones de aut\u00f3nomos ATA, UPTA y Uatae. Desde ATA han informado a Europa Press que su presidente, Lorenzo Amor, transmitir\u00e1 a S\u00e1nchez &#8220;la importancia de que se conforme Gobierno&#8221; y que, para ello, &#8220;dialoguen&#8221; las diferentes fuerzas pol\u00edticas. &#8220;No podemos tener cuatro elecciones en tres a\u00f1os&#8221;, sostienen.<\/p>\n<p>   En el \u00e1mbito laboral, ATA apuesta por mejorar el acceso a la jubilaci\u00f3n de aut\u00f3nomos &#8220;con peque\u00f1as deudas&#8221; con la Seguridad Social y el sistema de protecci\u00f3n social, garantizar la seguridad jur\u00eddica de las deducciones fiscales y una Agenda hasta 2025 para orientar las pol\u00edticas de aut\u00f3nomos y emprendimientos, as\u00ed como la aprobaci\u00f3n del decreto de representatividad y la creaci\u00f3n del Consejo del Trabajo Aut\u00f3nomo recogido en la Ley de reformas urgentes aprobada en la pasada legislatura.<\/p>\n<p>   El presidente de UPTA, Eduardo Abad, tambi\u00e9n ha incidido en declaraciones a Europa Press en la puesta en marcha de una Agenda 2020-2025 del trabajo aut\u00f3nomo para impulsar un &#8220;cambio de din\u00e1micas y hablar de empleo aut\u00f3nomo de calidad en vez de cantidad&#8221;, ya que se\u00f1ala que 1,3 millones de aut\u00f3nomos trabaja en hosteler\u00eda y comercio. Respecto a la formaci\u00f3n de Gobierno, Abad ha abogado por un &#8220;acuerdo program\u00e1tico con l\u00edneas claramente definidas&#8221;, de car\u00e1cter &#8220;estable&#8221; y ha apostado por la &#8220;continuidad necesaria&#8221; de Magdalena Valerio al frente del Ministerio de Trabajo.<\/p>\n<p>   Por su parte, Uatae transmitir\u00e1 a S\u00e1nchez &#8220;la importancia de conformar un Gobierno estable que afronte los problemas de las y los trabajadores aut\u00f3nomos&#8221; y se alcance una cotizaci\u00f3n por ingresos reales y solucionar el problema de los falsos aut\u00f3nomos&#8221;, precisan.<\/p>\n<\/div>\n<p>[ad_2]<br \/>\n<br \/><a href=\"https:\/\/www.europapress.es\/economia\/laboral-00346\/noticia-sanchez-reune-manana-ceoe-sindicatos-autonomos-analizar-opciones-gobierno-20190807172851.html\">Source link <\/a><\/p>\n","protected":false},"excerpt":{"rendered":"<p>[ad_1] MADRID, 7 Ago. (EUROPA PRESS) &#8211; El presidente del Gobierno en funciones, Pedro S\u00e1nchez, se reunir\u00e1 este jueves con el presidente de CEOE, Antonio Garamendi, y Cepyme, Gerardo Cuerva, y los secretarios generales de CC.OO., Unai Sordo, y UGT, Pepe \u00c1lvarez, as\u00ed como con representantes de las principales organizaciones de aut\u00f3nomos y de la [&hellip;]<\/p>\n","protected":false},"author":2,"featured_media":8210,"comment_status":"open","ping_status":"open","sticky":false,"template":"","format":"standard","meta":{"footnotes":""},"categories":[1],"tags":[],"class_list":["post-8209","post","type-post","status-publish","format-standard","has-post-thumbnail","hentry","category-noticias-financieras"],"yoast_head":"<!-- This site is optimized with the Yoast SEO plugin v27.4 - https:\/\/yoast.com\/product\/yoast-seo-wordpress\/ -->\n<title>S\u00e1nchez se re\u00fane ma\u00f1ana con CEOE, sindicatos y aut\u00f3nomos para analizar opciones de gobierno - Super News<\/title>\n<meta name=\"robots\" content=\"index, follow, max-snippet:-1, max-image-preview:large, max-video-preview:-1\" \/>\n<link rel=\"canonical\" href=\"https:\/\/super-news.info\/es\/sanchez-se-reune-manana-con-ceoe-sindicatos-y-autonomos-para-analizar-opciones-de-gobierno\/\" \/>\n<meta property=\"og:locale\" content=\"en_US\" \/>\n<meta property=\"og:type\" content=\"article\" \/>\n<meta property=\"og:title\" content=\"S\u00e1nchez se re\u00fane ma\u00f1ana con CEOE, sindicatos y aut\u00f3nomos para analizar opciones de gobierno - Super News\" \/>\n<meta property=\"og:description\" content=\"[ad_1] MADRID, 7 Ago. (EUROPA PRESS) &#8211; El presidente del Gobierno en funciones, Pedro S\u00e1nchez, se reunir\u00e1 este jueves con el presidente de CEOE, Antonio Garamendi, y Cepyme, Gerardo Cuerva, y los secretarios generales de CC.OO., Unai Sordo, y UGT, Pepe \u00c1lvarez, as\u00ed como con representantes de las principales organizaciones de aut\u00f3nomos y de la [&hellip;]\" \/>\n<meta property=\"og:url\" content=\"https:\/\/super-news.info\/es\/sanchez-se-reune-manana-con-ceoe-sindicatos-y-autonomos-para-analizar-opciones-de-gobierno\/\" \/>\n<meta property=\"og:site_name\" content=\"Super News\" \/>\n<meta property=\"article:published_time\" content=\"2019-08-07T16:07:21+00:00\" \/>\n<meta property=\"article:modified_time\" content=\"2019-08-07T16:07:22+00:00\" \/>\n<meta property=\"og:image\" content=\"https:\/\/super-news.info\/es\/wp-content\/uploads\/sites\/4\/2019\/08\/S\u00e1nchez-se-re\u00fane-ma\u00f1ana-con-CEOE-sindicatos-y-aut\u00f3nomos-para.jpg\" \/>\n\t<meta property=\"og:image:width\" content=\"120\" \/>\n\t<meta property=\"og:image:height\" content=\"80\" \/>\n\t<meta property=\"og:image:type\" content=\"image\/jpeg\" \/>\n<meta name=\"author\" content=\"super-news\" \/>\n<meta name=\"twitter:card\" content=\"summary_large_image\" \/>\n<meta name=\"twitter:label1\" content=\"Written by\" \/>\n\t<meta name=\"twitter:data1\" content=\"super-news\" \/>\n\t<meta name=\"twitter:label2\" content=\"Est. reading time\" \/>\n\t<meta name=\"twitter:data2\" content=\"3 minutes\" \/>\n<script type=\"application\/ld+json\" class=\"yoast-schema-graph\">{\"@context\":\"https:\\\/\\\/schema.org\",\"@graph\":[{\"@type\":\"Article\",\"@id\":\"https:\\\/\\\/super-news.info\\\/es\\\/sanchez-se-reune-manana-con-ceoe-sindicatos-y-autonomos-para-analizar-opciones-de-gobierno\\\/#article\",\"isPartOf\":{\"@id\":\"https:\\\/\\\/super-news.info\\\/es\\\/sanchez-se-reune-manana-con-ceoe-sindicatos-y-autonomos-para-analizar-opciones-de-gobierno\\\/\"},\"author\":{\"name\":\"super-news\",\"@id\":\"https:\\\/\\\/super-news.info\\\/es\\\/#\\\/schema\\\/person\\\/2d4068cb2f39cd10008c2fce578a7356\"},\"headline\":\"S\u00e1nchez se re\u00fane ma\u00f1ana con CEOE, sindicatos y aut\u00f3nomos para analizar opciones de gobierno\",\"datePublished\":\"2019-08-07T16:07:21+00:00\",\"dateModified\":\"2019-08-07T16:07:22+00:00\",\"mainEntityOfPage\":{\"@id\":\"https:\\\/\\\/super-news.info\\\/es\\\/sanchez-se-reune-manana-con-ceoe-sindicatos-y-autonomos-para-analizar-opciones-de-gobierno\\\/\"},\"wordCount\":705,\"commentCount\":0,\"image\":{\"@id\":\"https:\\\/\\\/super-news.info\\\/es\\\/sanchez-se-reune-manana-con-ceoe-sindicatos-y-autonomos-para-analizar-opciones-de-gobierno\\\/#primaryimage\"},\"thumbnailUrl\":\"https:\\\/\\\/super-news.info\\\/es\\\/wp-content\\\/uploads\\\/sites\\\/4\\\/2019\\\/08\\\/S\u00e1nchez-se-re\u00fane-ma\u00f1ana-con-CEOE-sindicatos-y-aut\u00f3nomos-para.jpg\",\"articleSection\":[\"NOTICIAS FINANCIERAS\"],\"inLanguage\":\"en-US\",\"potentialAction\":[{\"@type\":\"CommentAction\",\"name\":\"Comment\",\"target\":[\"https:\\\/\\\/super-news.info\\\/es\\\/sanchez-se-reune-manana-con-ceoe-sindicatos-y-autonomos-para-analizar-opciones-de-gobierno\\\/#respond\"]}]},{\"@type\":\"WebPage\",\"@id\":\"https:\\\/\\\/super-news.info\\\/es\\\/sanchez-se-reune-manana-con-ceoe-sindicatos-y-autonomos-para-analizar-opciones-de-gobierno\\\/\",\"url\":\"https:\\\/\\\/super-news.info\\\/es\\\/sanchez-se-reune-manana-con-ceoe-sindicatos-y-autonomos-para-analizar-opciones-de-gobierno\\\/\",\"name\":\"S\u00e1nchez se re\u00fane ma\u00f1ana con CEOE, sindicatos y aut\u00f3nomos para analizar opciones de gobierno - Super News\",\"isPartOf\":{\"@id\":\"https:\\\/\\\/super-news.info\\\/es\\\/#website\"},\"primaryImageOfPage\":{\"@id\":\"https:\\\/\\\/super-news.info\\\/es\\\/sanchez-se-reune-manana-con-ceoe-sindicatos-y-autonomos-para-analizar-opciones-de-gobierno\\\/#primaryimage\"},\"image\":{\"@id\":\"https:\\\/\\\/super-news.info\\\/es\\\/sanchez-se-reune-manana-con-ceoe-sindicatos-y-autonomos-para-analizar-opciones-de-gobierno\\\/#primaryimage\"},\"thumbnailUrl\":\"https:\\\/\\\/super-news.info\\\/es\\\/wp-content\\\/uploads\\\/sites\\\/4\\\/2019\\\/08\\\/S\u00e1nchez-se-re\u00fane-ma\u00f1ana-con-CEOE-sindicatos-y-aut\u00f3nomos-para.jpg\",\"datePublished\":\"2019-08-07T16:07:21+00:00\",\"dateModified\":\"2019-08-07T16:07:22+00:00\",\"author\":{\"@id\":\"https:\\\/\\\/super-news.info\\\/es\\\/#\\\/schema\\\/person\\\/2d4068cb2f39cd10008c2fce578a7356\"},\"breadcrumb\":{\"@id\":\"https:\\\/\\\/super-news.info\\\/es\\\/sanchez-se-reune-manana-con-ceoe-sindicatos-y-autonomos-para-analizar-opciones-de-gobierno\\\/#breadcrumb\"},\"inLanguage\":\"en-US\",\"potentialAction\":[{\"@type\":\"ReadAction\",\"target\":[\"https:\\\/\\\/super-news.info\\\/es\\\/sanchez-se-reune-manana-con-ceoe-sindicatos-y-autonomos-para-analizar-opciones-de-gobierno\\\/\"]}]},{\"@type\":\"ImageObject\",\"inLanguage\":\"en-US\",\"@id\":\"https:\\\/\\\/super-news.info\\\/es\\\/sanchez-se-reune-manana-con-ceoe-sindicatos-y-autonomos-para-analizar-opciones-de-gobierno\\\/#primaryimage\",\"url\":\"https:\\\/\\\/super-news.info\\\/es\\\/wp-content\\\/uploads\\\/sites\\\/4\\\/2019\\\/08\\\/S\u00e1nchez-se-re\u00fane-ma\u00f1ana-con-CEOE-sindicatos-y-aut\u00f3nomos-para.jpg\",\"contentUrl\":\"https:\\\/\\\/super-news.info\\\/es\\\/wp-content\\\/uploads\\\/sites\\\/4\\\/2019\\\/08\\\/S\u00e1nchez-se-re\u00fane-ma\u00f1ana-con-CEOE-sindicatos-y-aut\u00f3nomos-para.jpg\",\"width\":120,\"height\":80,\"caption\":\"S\u00e1nchez se re\u00fane ma\u00f1ana con CEOE, sindicatos y aut\u00f3nomos para analizar opciones de gobierno\"},{\"@type\":\"BreadcrumbList\",\"@id\":\"https:\\\/\\\/super-news.info\\\/es\\\/sanchez-se-reune-manana-con-ceoe-sindicatos-y-autonomos-para-analizar-opciones-de-gobierno\\\/#breadcrumb\",\"itemListElement\":[{\"@type\":\"ListItem\",\"position\":1,\"name\":\"\u0413\u043b\u0430\u0432\u043d\u0430\u044f \u0441\u0442\u0440\u0430\u043d\u0438\u0446\u0430\",\"item\":\"https:\\\/\\\/super-news.info\\\/es\\\/\"},{\"@type\":\"ListItem\",\"position\":2,\"name\":\"S\u00e1nchez se re\u00fane ma\u00f1ana con CEOE, sindicatos y aut\u00f3nomos para analizar opciones de gobierno\"}]},{\"@type\":\"WebSite\",\"@id\":\"https:\\\/\\\/super-news.info\\\/es\\\/#website\",\"url\":\"https:\\\/\\\/super-news.info\\\/es\\\/\",\"name\":\"Super News\",\"description\":\"Super News Espa\u00f1a\",\"potentialAction\":[{\"@type\":\"SearchAction\",\"target\":{\"@type\":\"EntryPoint\",\"urlTemplate\":\"https:\\\/\\\/super-news.info\\\/es\\\/?s={search_term_string}\"},\"query-input\":{\"@type\":\"PropertyValueSpecification\",\"valueRequired\":true,\"valueName\":\"search_term_string\"}}],\"inLanguage\":\"en-US\"},{\"@type\":\"Person\",\"@id\":\"https:\\\/\\\/super-news.info\\\/es\\\/#\\\/schema\\\/person\\\/2d4068cb2f39cd10008c2fce578a7356\",\"name\":\"super-news\",\"image\":{\"@type\":\"ImageObject\",\"inLanguage\":\"en-US\",\"@id\":\"https:\\\/\\\/secure.gravatar.com\\\/avatar\\\/64ebac40b93f26a154f8a9b5b6fdccfc46f442b26b3dd6756dbff3bf9dc76fd7?s=96&d=mm&r=g\",\"url\":\"https:\\\/\\\/secure.gravatar.com\\\/avatar\\\/64ebac40b93f26a154f8a9b5b6fdccfc46f442b26b3dd6756dbff3bf9dc76fd7?s=96&d=mm&r=g\",\"contentUrl\":\"https:\\\/\\\/secure.gravatar.com\\\/avatar\\\/64ebac40b93f26a154f8a9b5b6fdccfc46f442b26b3dd6756dbff3bf9dc76fd7?s=96&d=mm&r=g\",\"caption\":\"super-news\"},\"url\":\"https:\\\/\\\/super-news.info\\\/es\\\/author\\\/pt\\\/\"}]}<\/script>\n<!-- \/ Yoast SEO plugin. -->","yoast_head_json":{"title":"S\u00e1nchez se re\u00fane ma\u00f1ana con CEOE, sindicatos y aut\u00f3nomos para analizar opciones de gobierno - Super News","robots":{"index":"index","follow":"follow","max-snippet":"max-snippet:-1","max-image-preview":"max-image-preview:large","max-video-preview":"max-video-preview:-1"},"canonical":"https:\/\/super-news.info\/es\/sanchez-se-reune-manana-con-ceoe-sindicatos-y-autonomos-para-analizar-opciones-de-gobierno\/","og_locale":"en_US","og_type":"article","og_title":"S\u00e1nchez se re\u00fane ma\u00f1ana con CEOE, sindicatos y aut\u00f3nomos para analizar opciones de gobierno - Super News","og_description":"[ad_1] MADRID, 7 Ago. (EUROPA PRESS) &#8211; El presidente del Gobierno en funciones, Pedro S\u00e1nchez, se reunir\u00e1 este jueves con el presidente de CEOE, Antonio Garamendi, y Cepyme, Gerardo Cuerva, y los secretarios generales de CC.OO., Unai Sordo, y UGT, Pepe \u00c1lvarez, as\u00ed como con representantes de las principales organizaciones de aut\u00f3nomos y de la [&hellip;]","og_url":"https:\/\/super-news.info\/es\/sanchez-se-reune-manana-con-ceoe-sindicatos-y-autonomos-para-analizar-opciones-de-gobierno\/","og_site_name":"Super News","article_published_time":"2019-08-07T16:07:21+00:00","article_modified_time":"2019-08-07T16:07:22+00:00","og_image":[{"width":120,"height":80,"url":"https:\/\/super-news.info\/es\/wp-content\/uploads\/sites\/4\/2019\/08\/S\u00e1nchez-se-re\u00fane-ma\u00f1ana-con-CEOE-sindicatos-y-aut\u00f3nomos-para.jpg","type":"image\/jpeg"}],"author":"super-news","twitter_card":"summary_large_image","twitter_misc":{"Written by":"super-news","Est. reading time":"3 minutes"},"schema":{"@context":"https:\/\/schema.org","@graph":[{"@type":"Article","@id":"https:\/\/super-news.info\/es\/sanchez-se-reune-manana-con-ceoe-sindicatos-y-autonomos-para-analizar-opciones-de-gobierno\/#article","isPartOf":{"@id":"https:\/\/super-news.info\/es\/sanchez-se-reune-manana-con-ceoe-sindicatos-y-autonomos-para-analizar-opciones-de-gobierno\/"},"author":{"name":"super-news","@id":"https:\/\/super-news.info\/es\/#\/schema\/person\/2d4068cb2f39cd10008c2fce578a7356"},"headline":"S\u00e1nchez se re\u00fane ma\u00f1ana con CEOE, sindicatos y aut\u00f3nomos para analizar opciones de gobierno","datePublished":"2019-08-07T16:07:21+00:00","dateModified":"2019-08-07T16:07:22+00:00","mainEntityOfPage":{"@id":"https:\/\/super-news.info\/es\/sanchez-se-reune-manana-con-ceoe-sindicatos-y-autonomos-para-analizar-opciones-de-gobierno\/"},"wordCount":705,"commentCount":0,"image":{"@id":"https:\/\/super-news.info\/es\/sanchez-se-reune-manana-con-ceoe-sindicatos-y-autonomos-para-analizar-opciones-de-gobierno\/#primaryimage"},"thumbnailUrl":"https:\/\/super-news.info\/es\/wp-content\/uploads\/sites\/4\/2019\/08\/S\u00e1nchez-se-re\u00fane-ma\u00f1ana-con-CEOE-sindicatos-y-aut\u00f3nomos-para.jpg","articleSection":["NOTICIAS FINANCIERAS"],"inLanguage":"en-US","potentialAction":[{"@type":"CommentAction","name":"Comment","target":["https:\/\/super-news.info\/es\/sanchez-se-reune-manana-con-ceoe-sindicatos-y-autonomos-para-analizar-opciones-de-gobierno\/#respond"]}]},{"@type":"WebPage","@id":"https:\/\/super-news.info\/es\/sanchez-se-reune-manana-con-ceoe-sindicatos-y-autonomos-para-analizar-opciones-de-gobierno\/","url":"https:\/\/super-news.info\/es\/sanchez-se-reune-manana-con-ceoe-sindicatos-y-autonomos-para-analizar-opciones-de-gobierno\/","name":"S\u00e1nchez se re\u00fane ma\u00f1ana con CEOE, sindicatos y aut\u00f3nomos para analizar opciones de gobierno - Super News","isPartOf":{"@id":"https:\/\/super-news.info\/es\/#website"},"primaryImageOfPage":{"@id":"https:\/\/super-news.info\/es\/sanchez-se-reune-manana-con-ceoe-sindicatos-y-autonomos-para-analizar-opciones-de-gobierno\/#primaryimage"},"image":{"@id":"https:\/\/super-news.info\/es\/sanchez-se-reune-manana-con-ceoe-sindicatos-y-autonomos-para-analizar-opciones-de-gobierno\/#primaryimage"},"thumbnailUrl":"https:\/\/super-news.info\/es\/wp-content\/uploads\/sites\/4\/2019\/08\/S\u00e1nchez-se-re\u00fane-ma\u00f1ana-con-CEOE-sindicatos-y-aut\u00f3nomos-para.jpg","datePublished":"2019-08-07T16:07:21+00:00","dateModified":"2019-08-07T16:07:22+00:00","author":{"@id":"https:\/\/super-news.info\/es\/#\/schema\/person\/2d4068cb2f39cd10008c2fce578a7356"},"breadcrumb":{"@id":"https:\/\/super-news.info\/es\/sanchez-se-reune-manana-con-ceoe-sindicatos-y-autonomos-para-analizar-opciones-de-gobierno\/#breadcrumb"},"inLanguage":"en-US","potentialAction":[{"@type":"ReadAction","target":["https:\/\/super-news.info\/es\/sanchez-se-reune-manana-con-ceoe-sindicatos-y-autonomos-para-analizar-opciones-de-gobierno\/"]}]},{"@type":"ImageObject","inLanguage":"en-US","@id":"https:\/\/super-news.info\/es\/sanchez-se-reune-manana-con-ceoe-sindicatos-y-autonomos-para-analizar-opciones-de-gobierno\/#primaryimage","url":"https:\/\/super-news.info\/es\/wp-content\/uploads\/sites\/4\/2019\/08\/S\u00e1nchez-se-re\u00fane-ma\u00f1ana-con-CEOE-sindicatos-y-aut\u00f3nomos-para.jpg","contentUrl":"https:\/\/super-news.info\/es\/wp-content\/uploads\/sites\/4\/2019\/08\/S\u00e1nchez-se-re\u00fane-ma\u00f1ana-con-CEOE-sindicatos-y-aut\u00f3nomos-para.jpg","width":120,"height":80,"caption":"S\u00e1nchez se re\u00fane ma\u00f1ana con CEOE, sindicatos y aut\u00f3nomos para analizar opciones de gobierno"},{"@type":"BreadcrumbList","@id":"https:\/\/super-news.info\/es\/sanchez-se-reune-manana-con-ceoe-sindicatos-y-autonomos-para-analizar-opciones-de-gobierno\/#breadcrumb","itemListElement":[{"@type":"ListItem","position":1,"name":"\u0413\u043b\u0430\u0432\u043d\u0430\u044f \u0441\u0442\u0440\u0430\u043d\u0438\u0446\u0430","item":"https:\/\/super-news.info\/es\/"},{"@type":"ListItem","position":2,"name":"S\u00e1nchez se re\u00fane ma\u00f1ana con CEOE, sindicatos y aut\u00f3nomos para analizar opciones de gobierno"}]},{"@type":"WebSite","@id":"https:\/\/super-news.info\/es\/#website","url":"https:\/\/super-news.info\/es\/","name":"Super News","description":"Super News Espa\u00f1a","potentialAction":[{"@type":"SearchAction","target":{"@type":"EntryPoint","urlTemplate":"https:\/\/super-news.info\/es\/?s={search_term_string}"},"query-input":{"@type":"PropertyValueSpecification","valueRequired":true,"valueName":"search_term_string"}}],"inLanguage":"en-US"},{"@type":"Person","@id":"https:\/\/super-news.info\/es\/#\/schema\/person\/2d4068cb2f39cd10008c2fce578a7356","name":"super-news","image":{"@type":"ImageObject","inLanguage":"en-US","@id":"https:\/\/secure.gravatar.com\/avatar\/64ebac40b93f26a154f8a9b5b6fdccfc46f442b26b3dd6756dbff3bf9dc76fd7?s=96&d=mm&r=g","url":"https:\/\/secure.gravatar.com\/avatar\/64ebac40b93f26a154f8a9b5b6fdccfc46f442b26b3dd6756dbff3bf9dc76fd7?s=96&d=mm&r=g","contentUrl":"https:\/\/secure.gravatar.com\/avatar\/64ebac40b93f26a154f8a9b5b6fdccfc46f442b26b3dd6756dbff3bf9dc76fd7?s=96&d=mm&r=g","caption":"super-news"},"url":"https:\/\/super-news.info\/es\/author\/pt\/"}]}},"_links":{"self":[{"href":"https:\/\/super-news.info\/es\/wp-json\/wp\/v2\/posts\/8209","targetHints":{"allow":["GET"]}}],"collection":[{"href":"https:\/\/super-news.info\/es\/wp-json\/wp\/v2\/posts"}],"about":[{"href":"https:\/\/super-news.info\/es\/wp-json\/wp\/v2\/types\/post"}],"author":[{"embeddable":true,"href":"https:\/\/super-news.info\/es\/wp-json\/wp\/v2\/users\/2"}],"replies":[{"embeddable":true,"href":"https:\/\/super-news.info\/es\/wp-json\/wp\/v2\/comments?post=8209"}],"version-history":[{"count":1,"href":"https:\/\/super-news.info\/es\/wp-json\/wp\/v2\/posts\/8209\/revisions"}],"predecessor-version":[{"id":8211,"href":"https:\/\/super-news.info\/es\/wp-json\/wp\/v2\/posts\/8209\/revisions\/8211"}],"wp:featuredmedia":[{"embeddable":true,"href":"https:\/\/super-news.info\/es\/wp-json\/wp\/v2\/media\/8210"}],"wp:attachment":[{"href":"https:\/\/super-news.info\/es\/wp-json\/wp\/v2\/media?parent=8209"}],"wp:term":[{"taxonomy":"category","embeddable":true,"href":"https:\/\/super-news.info\/es\/wp-json\/wp\/v2\/categories?post=8209"},{"taxonomy":"post_tag","embeddable":true,"href":"https:\/\/super-news.info\/es\/wp-json\/wp\/v2\/tags?post=8209"}],"curies":[{"name":"wp","href":"https:\/\/api.w.org\/{rel}","templated":true}]}}