{"id":8203,"date":"2019-08-07T17:58:12","date_gmt":"2019-08-07T14:58:12","guid":{"rendered":"https:\/\/super-news.info\/es\/adif-lanza-una-oferta-de-empleo-publico-con-432-plazas\/"},"modified":"2019-08-07T17:58:13","modified_gmt":"2019-08-07T14:58:13","slug":"adif-lanza-una-oferta-de-empleo-publico-con-432-plazas","status":"publish","type":"post","link":"https:\/\/super-news.info\/es\/adif-lanza-una-oferta-de-empleo-publico-con-432-plazas\/","title":{"rendered":"Adif lanza una oferta de empleo p\u00fablico con 432 plazas"},"content":{"rendered":"<p> [ad_1]<\/p>\n<div id=\"CuerpoNoticiav2\" itemprop=\"articleBody\">\n<p>MADRID, 7 Ago. (EUROPA PRESS) &#8211; <\/p>\n<p itemprop=\"description\">   Adif y Adif Alta Velocidad (AV) han publicado una Oferta de Empleo P\u00fablica (OEP) que incluye 432 plazas de diferentes grupos profesionales incluidos en el convenio colectivo, como la estructura de apoyo, el cuadro t\u00e9cnico y de personal operativo.<\/p>\n<p>   Seg\u00fan el operador ferroviario, con esta oferta de empleo ambas entidades p\u00fablicas avanzan para garantizar el futuro de sus plantillas en un momento de &#8220;modernizaci\u00f3n para afrontar los retos de futuro del sector&#8221;, como la liberalizaci\u00f3n de los servicios de viajeros en toda la Red Ferroviaria de Inter\u00e9s General (RFIG).<\/p>\n<p>   La convocatoria de ingreso en el grupo profesional de estructura de apoyo de Adif, con categor\u00eda profesional de t\u00e9cnico, oferta 140 plazas, de las que 92 corresponden al sistema general y 48 al cupo de reserva de discapacidad.<\/p>\n<p>   Los perfiles ofertados contemplan t\u00e9cnicos jur\u00eddicos, de econom\u00eda, de gesti\u00f3n, de medicina del trabajo, arquitectura, ingenier\u00eda civil, industrial, telecomunicaciones, de planificaci\u00f3n estrat\u00e9gica y proyectos e inform\u00e1ticos.<\/p>\n<p>   Asimismo, la convocatoria de cuadro t\u00e9cnico prev\u00e9 el ingreso de 28 empleados, as\u00ed como 259 plazas de ingreso en categor\u00edas de personal operativo de Adif, de las que 114 ser\u00e1 de Factor de Circulaci\u00f3n de Entrada, 125 de Montador El\u00e9ctrico de Instalaciones de Seguridad, Oficial Celador L\u00ednea Electrificada de Entrada, Oficial de Subestaciones y Telemandos de Entrada y Oficial de Telecomunicaciones de Entrada.<\/p>\n<p>   Por \u00faltimo, Adif AV oferta cinco plazas de t\u00e9cnico de construcci\u00f3n, ingenier\u00eda civil, industrial y de telecomunicaciones. El plazo para la presentaci\u00f3n de solicitudes estar\u00e1 abierto hasta el pr\u00f3ximo 17 de agosto. Las bases de las diversas convocatorias est\u00e1n disponibles en las p\u00e1ginas web de Adif y de Adif AV.<\/p>\n<\/div>\n<p>[ad_2]<br \/>\n<br \/><a href=\"https:\/\/www.europapress.es\/economia\/transportes-00343\/noticia-adif-lanza-oferta-empleo-publico-432-plazas-20190807163250.html\">Source link <\/a><\/p>\n","protected":false},"excerpt":{"rendered":"<p>[ad_1] MADRID, 7 Ago. (EUROPA PRESS) &#8211; Adif y Adif Alta Velocidad (AV) han publicado una Oferta de Empleo P\u00fablica (OEP) que incluye 432 plazas de diferentes grupos profesionales incluidos en el convenio colectivo, como la estructura de apoyo, el cuadro t\u00e9cnico y de personal operativo. Seg\u00fan el operador ferroviario, con esta oferta de empleo [&hellip;]<\/p>\n","protected":false},"author":2,"featured_media":8204,"comment_status":"open","ping_status":"open","sticky":false,"template":"","format":"standard","meta":{"footnotes":""},"categories":[1],"tags":[],"class_list":["post-8203","post","type-post","status-publish","format-standard","has-post-thumbnail","hentry","category-noticias-financieras"],"yoast_head":"<!-- This site is optimized with the Yoast SEO plugin v27.4 - https:\/\/yoast.com\/product\/yoast-seo-wordpress\/ -->\n<title>Adif lanza una oferta de empleo p\u00fablico con 432 plazas - Super News<\/title>\n<meta name=\"robots\" content=\"index, follow, max-snippet:-1, max-image-preview:large, max-video-preview:-1\" \/>\n<link rel=\"canonical\" href=\"https:\/\/super-news.info\/es\/adif-lanza-una-oferta-de-empleo-publico-con-432-plazas\/\" \/>\n<meta property=\"og:locale\" content=\"en_US\" \/>\n<meta property=\"og:type\" content=\"article\" \/>\n<meta property=\"og:title\" content=\"Adif lanza una oferta de empleo p\u00fablico con 432 plazas - Super News\" \/>\n<meta property=\"og:description\" content=\"[ad_1] MADRID, 7 Ago. (EUROPA PRESS) &#8211; Adif y Adif Alta Velocidad (AV) han publicado una Oferta de Empleo P\u00fablica (OEP) que incluye 432 plazas de diferentes grupos profesionales incluidos en el convenio colectivo, como la estructura de apoyo, el cuadro t\u00e9cnico y de personal operativo. Seg\u00fan el operador ferroviario, con esta oferta de empleo [&hellip;]\" \/>\n<meta property=\"og:url\" content=\"https:\/\/super-news.info\/es\/adif-lanza-una-oferta-de-empleo-publico-con-432-plazas\/\" \/>\n<meta property=\"og:site_name\" content=\"Super News\" \/>\n<meta property=\"article:published_time\" content=\"2019-08-07T14:58:12+00:00\" \/>\n<meta property=\"article:modified_time\" content=\"2019-08-07T14:58:13+00:00\" \/>\n<meta property=\"og:image\" content=\"https:\/\/super-news.info\/es\/wp-content\/uploads\/sites\/4\/2019\/08\/Adif-lanza-una-oferta-de-empleo-p\u00fablico-con-432-plazas.jpg\" \/>\n\t<meta property=\"og:image:width\" content=\"120\" \/>\n\t<meta property=\"og:image:height\" content=\"80\" \/>\n\t<meta property=\"og:image:type\" content=\"image\/jpeg\" \/>\n<meta name=\"author\" content=\"super-news\" \/>\n<meta name=\"twitter:card\" content=\"summary_large_image\" \/>\n<meta name=\"twitter:label1\" content=\"Written by\" \/>\n\t<meta name=\"twitter:data1\" content=\"super-news\" \/>\n\t<meta name=\"twitter:label2\" content=\"Est. reading time\" \/>\n\t<meta name=\"twitter:data2\" content=\"1 minute\" \/>\n<script type=\"application\/ld+json\" class=\"yoast-schema-graph\">{\"@context\":\"https:\\\/\\\/schema.org\",\"@graph\":[{\"@type\":\"Article\",\"@id\":\"https:\\\/\\\/super-news.info\\\/es\\\/adif-lanza-una-oferta-de-empleo-publico-con-432-plazas\\\/#article\",\"isPartOf\":{\"@id\":\"https:\\\/\\\/super-news.info\\\/es\\\/adif-lanza-una-oferta-de-empleo-publico-con-432-plazas\\\/\"},\"author\":{\"name\":\"super-news\",\"@id\":\"https:\\\/\\\/super-news.info\\\/es\\\/#\\\/schema\\\/person\\\/2d4068cb2f39cd10008c2fce578a7356\"},\"headline\":\"Adif lanza una oferta de empleo p\u00fablico con 432 plazas\",\"datePublished\":\"2019-08-07T14:58:12+00:00\",\"dateModified\":\"2019-08-07T14:58:13+00:00\",\"mainEntityOfPage\":{\"@id\":\"https:\\\/\\\/super-news.info\\\/es\\\/adif-lanza-una-oferta-de-empleo-publico-con-432-plazas\\\/\"},\"wordCount\":305,\"commentCount\":0,\"image\":{\"@id\":\"https:\\\/\\\/super-news.info\\\/es\\\/adif-lanza-una-oferta-de-empleo-publico-con-432-plazas\\\/#primaryimage\"},\"thumbnailUrl\":\"https:\\\/\\\/super-news.info\\\/es\\\/wp-content\\\/uploads\\\/sites\\\/4\\\/2019\\\/08\\\/Adif-lanza-una-oferta-de-empleo-p\u00fablico-con-432-plazas.jpg\",\"articleSection\":[\"NOTICIAS FINANCIERAS\"],\"inLanguage\":\"en-US\",\"potentialAction\":[{\"@type\":\"CommentAction\",\"name\":\"Comment\",\"target\":[\"https:\\\/\\\/super-news.info\\\/es\\\/adif-lanza-una-oferta-de-empleo-publico-con-432-plazas\\\/#respond\"]}]},{\"@type\":\"WebPage\",\"@id\":\"https:\\\/\\\/super-news.info\\\/es\\\/adif-lanza-una-oferta-de-empleo-publico-con-432-plazas\\\/\",\"url\":\"https:\\\/\\\/super-news.info\\\/es\\\/adif-lanza-una-oferta-de-empleo-publico-con-432-plazas\\\/\",\"name\":\"Adif lanza una oferta de empleo p\u00fablico con 432 plazas - Super News\",\"isPartOf\":{\"@id\":\"https:\\\/\\\/super-news.info\\\/es\\\/#website\"},\"primaryImageOfPage\":{\"@id\":\"https:\\\/\\\/super-news.info\\\/es\\\/adif-lanza-una-oferta-de-empleo-publico-con-432-plazas\\\/#primaryimage\"},\"image\":{\"@id\":\"https:\\\/\\\/super-news.info\\\/es\\\/adif-lanza-una-oferta-de-empleo-publico-con-432-plazas\\\/#primaryimage\"},\"thumbnailUrl\":\"https:\\\/\\\/super-news.info\\\/es\\\/wp-content\\\/uploads\\\/sites\\\/4\\\/2019\\\/08\\\/Adif-lanza-una-oferta-de-empleo-p\u00fablico-con-432-plazas.jpg\",\"datePublished\":\"2019-08-07T14:58:12+00:00\",\"dateModified\":\"2019-08-07T14:58:13+00:00\",\"author\":{\"@id\":\"https:\\\/\\\/super-news.info\\\/es\\\/#\\\/schema\\\/person\\\/2d4068cb2f39cd10008c2fce578a7356\"},\"breadcrumb\":{\"@id\":\"https:\\\/\\\/super-news.info\\\/es\\\/adif-lanza-una-oferta-de-empleo-publico-con-432-plazas\\\/#breadcrumb\"},\"inLanguage\":\"en-US\",\"potentialAction\":[{\"@type\":\"ReadAction\",\"target\":[\"https:\\\/\\\/super-news.info\\\/es\\\/adif-lanza-una-oferta-de-empleo-publico-con-432-plazas\\\/\"]}]},{\"@type\":\"ImageObject\",\"inLanguage\":\"en-US\",\"@id\":\"https:\\\/\\\/super-news.info\\\/es\\\/adif-lanza-una-oferta-de-empleo-publico-con-432-plazas\\\/#primaryimage\",\"url\":\"https:\\\/\\\/super-news.info\\\/es\\\/wp-content\\\/uploads\\\/sites\\\/4\\\/2019\\\/08\\\/Adif-lanza-una-oferta-de-empleo-p\u00fablico-con-432-plazas.jpg\",\"contentUrl\":\"https:\\\/\\\/super-news.info\\\/es\\\/wp-content\\\/uploads\\\/sites\\\/4\\\/2019\\\/08\\\/Adif-lanza-una-oferta-de-empleo-p\u00fablico-con-432-plazas.jpg\",\"width\":120,\"height\":80,\"caption\":\"Adif lanza una oferta de empleo p\u00fablico con 432 plazas\"},{\"@type\":\"BreadcrumbList\",\"@id\":\"https:\\\/\\\/super-news.info\\\/es\\\/adif-lanza-una-oferta-de-empleo-publico-con-432-plazas\\\/#breadcrumb\",\"itemListElement\":[{\"@type\":\"ListItem\",\"position\":1,\"name\":\"\u0413\u043b\u0430\u0432\u043d\u0430\u044f \u0441\u0442\u0440\u0430\u043d\u0438\u0446\u0430\",\"item\":\"https:\\\/\\\/super-news.info\\\/es\\\/\"},{\"@type\":\"ListItem\",\"position\":2,\"name\":\"Adif lanza una oferta de empleo p\u00fablico con 432 plazas\"}]},{\"@type\":\"WebSite\",\"@id\":\"https:\\\/\\\/super-news.info\\\/es\\\/#website\",\"url\":\"https:\\\/\\\/super-news.info\\\/es\\\/\",\"name\":\"Super News\",\"description\":\"Super News Espa\u00f1a\",\"potentialAction\":[{\"@type\":\"SearchAction\",\"target\":{\"@type\":\"EntryPoint\",\"urlTemplate\":\"https:\\\/\\\/super-news.info\\\/es\\\/?s={search_term_string}\"},\"query-input\":{\"@type\":\"PropertyValueSpecification\",\"valueRequired\":true,\"valueName\":\"search_term_string\"}}],\"inLanguage\":\"en-US\"},{\"@type\":\"Person\",\"@id\":\"https:\\\/\\\/super-news.info\\\/es\\\/#\\\/schema\\\/person\\\/2d4068cb2f39cd10008c2fce578a7356\",\"name\":\"super-news\",\"image\":{\"@type\":\"ImageObject\",\"inLanguage\":\"en-US\",\"@id\":\"https:\\\/\\\/secure.gravatar.com\\\/avatar\\\/64ebac40b93f26a154f8a9b5b6fdccfc46f442b26b3dd6756dbff3bf9dc76fd7?s=96&d=mm&r=g\",\"url\":\"https:\\\/\\\/secure.gravatar.com\\\/avatar\\\/64ebac40b93f26a154f8a9b5b6fdccfc46f442b26b3dd6756dbff3bf9dc76fd7?s=96&d=mm&r=g\",\"contentUrl\":\"https:\\\/\\\/secure.gravatar.com\\\/avatar\\\/64ebac40b93f26a154f8a9b5b6fdccfc46f442b26b3dd6756dbff3bf9dc76fd7?s=96&d=mm&r=g\",\"caption\":\"super-news\"},\"url\":\"https:\\\/\\\/super-news.info\\\/es\\\/author\\\/pt\\\/\"}]}<\/script>\n<!-- \/ Yoast SEO plugin. -->","yoast_head_json":{"title":"Adif lanza una oferta de empleo p\u00fablico con 432 plazas - Super News","robots":{"index":"index","follow":"follow","max-snippet":"max-snippet:-1","max-image-preview":"max-image-preview:large","max-video-preview":"max-video-preview:-1"},"canonical":"https:\/\/super-news.info\/es\/adif-lanza-una-oferta-de-empleo-publico-con-432-plazas\/","og_locale":"en_US","og_type":"article","og_title":"Adif lanza una oferta de empleo p\u00fablico con 432 plazas - Super News","og_description":"[ad_1] MADRID, 7 Ago. (EUROPA PRESS) &#8211; Adif y Adif Alta Velocidad (AV) han publicado una Oferta de Empleo P\u00fablica (OEP) que incluye 432 plazas de diferentes grupos profesionales incluidos en el convenio colectivo, como la estructura de apoyo, el cuadro t\u00e9cnico y de personal operativo. Seg\u00fan el operador ferroviario, con esta oferta de empleo [&hellip;]","og_url":"https:\/\/super-news.info\/es\/adif-lanza-una-oferta-de-empleo-publico-con-432-plazas\/","og_site_name":"Super News","article_published_time":"2019-08-07T14:58:12+00:00","article_modified_time":"2019-08-07T14:58:13+00:00","og_image":[{"width":120,"height":80,"url":"https:\/\/super-news.info\/es\/wp-content\/uploads\/sites\/4\/2019\/08\/Adif-lanza-una-oferta-de-empleo-p\u00fablico-con-432-plazas.jpg","type":"image\/jpeg"}],"author":"super-news","twitter_card":"summary_large_image","twitter_misc":{"Written by":"super-news","Est. reading time":"1 minute"},"schema":{"@context":"https:\/\/schema.org","@graph":[{"@type":"Article","@id":"https:\/\/super-news.info\/es\/adif-lanza-una-oferta-de-empleo-publico-con-432-plazas\/#article","isPartOf":{"@id":"https:\/\/super-news.info\/es\/adif-lanza-una-oferta-de-empleo-publico-con-432-plazas\/"},"author":{"name":"super-news","@id":"https:\/\/super-news.info\/es\/#\/schema\/person\/2d4068cb2f39cd10008c2fce578a7356"},"headline":"Adif lanza una oferta de empleo p\u00fablico con 432 plazas","datePublished":"2019-08-07T14:58:12+00:00","dateModified":"2019-08-07T14:58:13+00:00","mainEntityOfPage":{"@id":"https:\/\/super-news.info\/es\/adif-lanza-una-oferta-de-empleo-publico-con-432-plazas\/"},"wordCount":305,"commentCount":0,"image":{"@id":"https:\/\/super-news.info\/es\/adif-lanza-una-oferta-de-empleo-publico-con-432-plazas\/#primaryimage"},"thumbnailUrl":"https:\/\/super-news.info\/es\/wp-content\/uploads\/sites\/4\/2019\/08\/Adif-lanza-una-oferta-de-empleo-p\u00fablico-con-432-plazas.jpg","articleSection":["NOTICIAS FINANCIERAS"],"inLanguage":"en-US","potentialAction":[{"@type":"CommentAction","name":"Comment","target":["https:\/\/super-news.info\/es\/adif-lanza-una-oferta-de-empleo-publico-con-432-plazas\/#respond"]}]},{"@type":"WebPage","@id":"https:\/\/super-news.info\/es\/adif-lanza-una-oferta-de-empleo-publico-con-432-plazas\/","url":"https:\/\/super-news.info\/es\/adif-lanza-una-oferta-de-empleo-publico-con-432-plazas\/","name":"Adif lanza una oferta de empleo p\u00fablico con 432 plazas - Super News","isPartOf":{"@id":"https:\/\/super-news.info\/es\/#website"},"primaryImageOfPage":{"@id":"https:\/\/super-news.info\/es\/adif-lanza-una-oferta-de-empleo-publico-con-432-plazas\/#primaryimage"},"image":{"@id":"https:\/\/super-news.info\/es\/adif-lanza-una-oferta-de-empleo-publico-con-432-plazas\/#primaryimage"},"thumbnailUrl":"https:\/\/super-news.info\/es\/wp-content\/uploads\/sites\/4\/2019\/08\/Adif-lanza-una-oferta-de-empleo-p\u00fablico-con-432-plazas.jpg","datePublished":"2019-08-07T14:58:12+00:00","dateModified":"2019-08-07T14:58:13+00:00","author":{"@id":"https:\/\/super-news.info\/es\/#\/schema\/person\/2d4068cb2f39cd10008c2fce578a7356"},"breadcrumb":{"@id":"https:\/\/super-news.info\/es\/adif-lanza-una-oferta-de-empleo-publico-con-432-plazas\/#breadcrumb"},"inLanguage":"en-US","potentialAction":[{"@type":"ReadAction","target":["https:\/\/super-news.info\/es\/adif-lanza-una-oferta-de-empleo-publico-con-432-plazas\/"]}]},{"@type":"ImageObject","inLanguage":"en-US","@id":"https:\/\/super-news.info\/es\/adif-lanza-una-oferta-de-empleo-publico-con-432-plazas\/#primaryimage","url":"https:\/\/super-news.info\/es\/wp-content\/uploads\/sites\/4\/2019\/08\/Adif-lanza-una-oferta-de-empleo-p\u00fablico-con-432-plazas.jpg","contentUrl":"https:\/\/super-news.info\/es\/wp-content\/uploads\/sites\/4\/2019\/08\/Adif-lanza-una-oferta-de-empleo-p\u00fablico-con-432-plazas.jpg","width":120,"height":80,"caption":"Adif lanza una oferta de empleo p\u00fablico con 432 plazas"},{"@type":"BreadcrumbList","@id":"https:\/\/super-news.info\/es\/adif-lanza-una-oferta-de-empleo-publico-con-432-plazas\/#breadcrumb","itemListElement":[{"@type":"ListItem","position":1,"name":"\u0413\u043b\u0430\u0432\u043d\u0430\u044f \u0441\u0442\u0440\u0430\u043d\u0438\u0446\u0430","item":"https:\/\/super-news.info\/es\/"},{"@type":"ListItem","position":2,"name":"Adif lanza una oferta de empleo p\u00fablico con 432 plazas"}]},{"@type":"WebSite","@id":"https:\/\/super-news.info\/es\/#website","url":"https:\/\/super-news.info\/es\/","name":"Super News","description":"Super News Espa\u00f1a","potentialAction":[{"@type":"SearchAction","target":{"@type":"EntryPoint","urlTemplate":"https:\/\/super-news.info\/es\/?s={search_term_string}"},"query-input":{"@type":"PropertyValueSpecification","valueRequired":true,"valueName":"search_term_string"}}],"inLanguage":"en-US"},{"@type":"Person","@id":"https:\/\/super-news.info\/es\/#\/schema\/person\/2d4068cb2f39cd10008c2fce578a7356","name":"super-news","image":{"@type":"ImageObject","inLanguage":"en-US","@id":"https:\/\/secure.gravatar.com\/avatar\/64ebac40b93f26a154f8a9b5b6fdccfc46f442b26b3dd6756dbff3bf9dc76fd7?s=96&d=mm&r=g","url":"https:\/\/secure.gravatar.com\/avatar\/64ebac40b93f26a154f8a9b5b6fdccfc46f442b26b3dd6756dbff3bf9dc76fd7?s=96&d=mm&r=g","contentUrl":"https:\/\/secure.gravatar.com\/avatar\/64ebac40b93f26a154f8a9b5b6fdccfc46f442b26b3dd6756dbff3bf9dc76fd7?s=96&d=mm&r=g","caption":"super-news"},"url":"https:\/\/super-news.info\/es\/author\/pt\/"}]}},"_links":{"self":[{"href":"https:\/\/super-news.info\/es\/wp-json\/wp\/v2\/posts\/8203","targetHints":{"allow":["GET"]}}],"collection":[{"href":"https:\/\/super-news.info\/es\/wp-json\/wp\/v2\/posts"}],"about":[{"href":"https:\/\/super-news.info\/es\/wp-json\/wp\/v2\/types\/post"}],"author":[{"embeddable":true,"href":"https:\/\/super-news.info\/es\/wp-json\/wp\/v2\/users\/2"}],"replies":[{"embeddable":true,"href":"https:\/\/super-news.info\/es\/wp-json\/wp\/v2\/comments?post=8203"}],"version-history":[{"count":1,"href":"https:\/\/super-news.info\/es\/wp-json\/wp\/v2\/posts\/8203\/revisions"}],"predecessor-version":[{"id":8205,"href":"https:\/\/super-news.info\/es\/wp-json\/wp\/v2\/posts\/8203\/revisions\/8205"}],"wp:featuredmedia":[{"embeddable":true,"href":"https:\/\/super-news.info\/es\/wp-json\/wp\/v2\/media\/8204"}],"wp:attachment":[{"href":"https:\/\/super-news.info\/es\/wp-json\/wp\/v2\/media?parent=8203"}],"wp:term":[{"taxonomy":"category","embeddable":true,"href":"https:\/\/super-news.info\/es\/wp-json\/wp\/v2\/categories?post=8203"},{"taxonomy":"post_tag","embeddable":true,"href":"https:\/\/super-news.info\/es\/wp-json\/wp\/v2\/tags?post=8203"}],"curies":[{"name":"wp","href":"https:\/\/api.w.org\/{rel}","templated":true}]}}