{"id":8197,"date":"2019-08-07T16:52:25","date_gmt":"2019-08-07T13:52:25","guid":{"rendered":"https:\/\/super-news.info\/es\/sanchez-pide-superar-el-bloqueo-para-hacer-reformas-porque-no-se-puede-fiar-la-marcha-economica-al-ciclo\/"},"modified":"2019-08-07T16:52:26","modified_gmt":"2019-08-07T13:52:26","slug":"sanchez-pide-superar-el-bloqueo-para-hacer-reformas-porque-no-se-puede-fiar-la-marcha-economica-al-ciclo","status":"publish","type":"post","link":"https:\/\/super-news.info\/es\/sanchez-pide-superar-el-bloqueo-para-hacer-reformas-porque-no-se-puede-fiar-la-marcha-economica-al-ciclo\/","title":{"rendered":"S\u00e1nchez pide superar el bloqueo para hacer reformas porque no se puede fiar la marcha econ\u00f3mica al ciclo"},"content":{"rendered":"<p> [ad_1]<\/p>\n<div id=\"CuerpoNoticiav2\" itemprop=\"articleBody\">\n<p>PALMA DE MALLORCA, 7 Ago. (EUROPA PRESS) &#8211; <\/p>\n<p itemprop=\"description\">   El presidente del Gobierno en funciones, Pedro S\u00e1nchez, ha indicado este mi\u00e9rcoles que es necesario superar la situaci\u00f3n actual de bloqueo pol\u00edtico que vive el pa\u00eds porque la buena marcha de la econom\u00eda espa\u00f1ola y la creaci\u00f3n de empleo no puede fiarse \u00fanicamente al ciclo econ\u00f3mico, sino que Espa\u00f1a necesita acometer reformas estructurales.<\/p>\n<p>   &#8220;No podemos fiar la buena marcha de la econom\u00eda y el ritmo de creaci\u00f3n de empleo al propio ciclo econ\u00f3mico, sino que tendremos que hacer algunas reformas para intensificar la creaci\u00f3n de empleo porque seguimos teniendo una tasa de empleo elevada, del 14%, y en ese sentido, es importante plantear la situaci\u00f3n de bloqueo que vive el pa\u00eds desde el punto de vista pol\u00edtico&#8221;, afirm\u00f3 S\u00e1nchez, tras su despacho de verano con el rey Felipe VI en el Palacio de Marivent.<\/p>\n<p>   En este sentido, el jefe del Ejecutivo en funciones apunt\u00f3 que todas las previsiones de autoridades nacionales e internacionales apuntan a que Espa\u00f1a crecer\u00e1 este a\u00f1o por encima del 2% y m\u00e1s que la media europea, al tiempo que destac\u00f3 que los datos recientes de la Seguridad Social han marcado el &#8220;techo hist\u00f3rico&#8221; de 19,5 millones de afiliados, con el n\u00famero de cotizantes mujeres tambi\u00e9n en m\u00e1ximos (9 millones) y con un aumento de los contratos indefinidos.<\/p>\n<p>   Por otro lado y preguntado acerca de la posibilidad de que el Gobierno actualice las entregas a cuenta de las comunidades, S\u00e1nchez dijo que no puede hacerlo un Ejecutivo en funciones y, en este sentido, apel\u00f3 nuevamente a al PP y Ciudadanos para que sean conscientes de que &#8220;las coaliciones que han hecho con la ultraderecha&#8221; en comunidades y ayuntamientos necesitan de una certidumbre sobre los objetivos de d\u00e9ficit y deuda p\u00fablicos y sobre los ingresos con los que contar\u00e1n.<\/p>\n<p>    &#8220;Pero mientras estemos en funciones y no tengamos un gobierno en plenas competencias no es legalmente posible plantear ninguna f\u00f3rmula compensatoria (para las comunidades)&#8221;, reiter\u00f3 S\u00e1nchez, que s\u00ed se comprometi\u00f3 a reformar el sistema de financiaci\u00f3n auton\u00f3mica y legal si vuelve a ser elegido presidente del Gobierno.<\/p>\n<\/div>\n<p>[ad_2]<br \/>\n<br \/><a href=\"https:\/\/www.europapress.es\/economia\/macroeconomia-00338\/noticia-sanchez-pide-superar-bloqueo-hacer-reformas-porque-no-puede-fiar-marcha-economica-ciclo-20190807153408.html\">Source link <\/a><\/p>\n","protected":false},"excerpt":{"rendered":"<p>[ad_1] PALMA DE MALLORCA, 7 Ago. (EUROPA PRESS) &#8211; El presidente del Gobierno en funciones, Pedro S\u00e1nchez, ha indicado este mi\u00e9rcoles que es necesario superar la situaci\u00f3n actual de bloqueo pol\u00edtico que vive el pa\u00eds porque la buena marcha de la econom\u00eda espa\u00f1ola y la creaci\u00f3n de empleo no puede fiarse \u00fanicamente al ciclo econ\u00f3mico, [&hellip;]<\/p>\n","protected":false},"author":2,"featured_media":8198,"comment_status":"open","ping_status":"open","sticky":false,"template":"","format":"standard","meta":{"footnotes":""},"categories":[1],"tags":[],"class_list":["post-8197","post","type-post","status-publish","format-standard","has-post-thumbnail","hentry","category-noticias-financieras"],"yoast_head":"<!-- This site is optimized with the Yoast SEO plugin v27.4 - https:\/\/yoast.com\/product\/yoast-seo-wordpress\/ -->\n<title>S\u00e1nchez pide superar el bloqueo para hacer reformas porque no se puede fiar la marcha econ\u00f3mica al ciclo - Super News<\/title>\n<meta name=\"robots\" content=\"index, follow, max-snippet:-1, max-image-preview:large, max-video-preview:-1\" \/>\n<link rel=\"canonical\" href=\"https:\/\/super-news.info\/es\/sanchez-pide-superar-el-bloqueo-para-hacer-reformas-porque-no-se-puede-fiar-la-marcha-economica-al-ciclo\/\" \/>\n<meta property=\"og:locale\" content=\"en_US\" \/>\n<meta property=\"og:type\" content=\"article\" \/>\n<meta property=\"og:title\" content=\"S\u00e1nchez pide superar el bloqueo para hacer reformas porque no se puede fiar la marcha econ\u00f3mica al ciclo - Super News\" \/>\n<meta property=\"og:description\" content=\"[ad_1] PALMA DE MALLORCA, 7 Ago. (EUROPA PRESS) &#8211; El presidente del Gobierno en funciones, Pedro S\u00e1nchez, ha indicado este mi\u00e9rcoles que es necesario superar la situaci\u00f3n actual de bloqueo pol\u00edtico que vive el pa\u00eds porque la buena marcha de la econom\u00eda espa\u00f1ola y la creaci\u00f3n de empleo no puede fiarse \u00fanicamente al ciclo econ\u00f3mico, [&hellip;]\" \/>\n<meta property=\"og:url\" content=\"https:\/\/super-news.info\/es\/sanchez-pide-superar-el-bloqueo-para-hacer-reformas-porque-no-se-puede-fiar-la-marcha-economica-al-ciclo\/\" \/>\n<meta property=\"og:site_name\" content=\"Super News\" \/>\n<meta property=\"article:published_time\" content=\"2019-08-07T13:52:25+00:00\" \/>\n<meta property=\"article:modified_time\" content=\"2019-08-07T13:52:26+00:00\" \/>\n<meta property=\"og:image\" content=\"https:\/\/super-news.info\/es\/wp-content\/uploads\/sites\/4\/2019\/08\/S\u00e1nchez-pide-superar-el-bloqueo-para-hacer-reformas-porque-no.jpg\" \/>\n\t<meta property=\"og:image:width\" content=\"120\" \/>\n\t<meta property=\"og:image:height\" content=\"80\" \/>\n\t<meta property=\"og:image:type\" content=\"image\/jpeg\" \/>\n<meta name=\"author\" content=\"super-news\" \/>\n<meta name=\"twitter:card\" content=\"summary_large_image\" \/>\n<meta name=\"twitter:label1\" content=\"Written by\" \/>\n\t<meta name=\"twitter:data1\" content=\"super-news\" \/>\n\t<meta name=\"twitter:label2\" content=\"Est. reading time\" \/>\n\t<meta name=\"twitter:data2\" content=\"2 minutes\" \/>\n<script type=\"application\/ld+json\" class=\"yoast-schema-graph\">{\"@context\":\"https:\\\/\\\/schema.org\",\"@graph\":[{\"@type\":\"Article\",\"@id\":\"https:\\\/\\\/super-news.info\\\/es\\\/sanchez-pide-superar-el-bloqueo-para-hacer-reformas-porque-no-se-puede-fiar-la-marcha-economica-al-ciclo\\\/#article\",\"isPartOf\":{\"@id\":\"https:\\\/\\\/super-news.info\\\/es\\\/sanchez-pide-superar-el-bloqueo-para-hacer-reformas-porque-no-se-puede-fiar-la-marcha-economica-al-ciclo\\\/\"},\"author\":{\"name\":\"super-news\",\"@id\":\"https:\\\/\\\/super-news.info\\\/es\\\/#\\\/schema\\\/person\\\/2d4068cb2f39cd10008c2fce578a7356\"},\"headline\":\"S\u00e1nchez pide superar el bloqueo para hacer reformas porque no se puede fiar la marcha econ\u00f3mica al ciclo\",\"datePublished\":\"2019-08-07T13:52:25+00:00\",\"dateModified\":\"2019-08-07T13:52:26+00:00\",\"mainEntityOfPage\":{\"@id\":\"https:\\\/\\\/super-news.info\\\/es\\\/sanchez-pide-superar-el-bloqueo-para-hacer-reformas-porque-no-se-puede-fiar-la-marcha-economica-al-ciclo\\\/\"},\"wordCount\":398,\"commentCount\":0,\"image\":{\"@id\":\"https:\\\/\\\/super-news.info\\\/es\\\/sanchez-pide-superar-el-bloqueo-para-hacer-reformas-porque-no-se-puede-fiar-la-marcha-economica-al-ciclo\\\/#primaryimage\"},\"thumbnailUrl\":\"https:\\\/\\\/super-news.info\\\/es\\\/wp-content\\\/uploads\\\/sites\\\/4\\\/2019\\\/08\\\/S\u00e1nchez-pide-superar-el-bloqueo-para-hacer-reformas-porque-no.jpg\",\"articleSection\":[\"NOTICIAS FINANCIERAS\"],\"inLanguage\":\"en-US\",\"potentialAction\":[{\"@type\":\"CommentAction\",\"name\":\"Comment\",\"target\":[\"https:\\\/\\\/super-news.info\\\/es\\\/sanchez-pide-superar-el-bloqueo-para-hacer-reformas-porque-no-se-puede-fiar-la-marcha-economica-al-ciclo\\\/#respond\"]}]},{\"@type\":\"WebPage\",\"@id\":\"https:\\\/\\\/super-news.info\\\/es\\\/sanchez-pide-superar-el-bloqueo-para-hacer-reformas-porque-no-se-puede-fiar-la-marcha-economica-al-ciclo\\\/\",\"url\":\"https:\\\/\\\/super-news.info\\\/es\\\/sanchez-pide-superar-el-bloqueo-para-hacer-reformas-porque-no-se-puede-fiar-la-marcha-economica-al-ciclo\\\/\",\"name\":\"S\u00e1nchez pide superar el bloqueo para hacer reformas porque no se puede fiar la marcha econ\u00f3mica al ciclo - Super News\",\"isPartOf\":{\"@id\":\"https:\\\/\\\/super-news.info\\\/es\\\/#website\"},\"primaryImageOfPage\":{\"@id\":\"https:\\\/\\\/super-news.info\\\/es\\\/sanchez-pide-superar-el-bloqueo-para-hacer-reformas-porque-no-se-puede-fiar-la-marcha-economica-al-ciclo\\\/#primaryimage\"},\"image\":{\"@id\":\"https:\\\/\\\/super-news.info\\\/es\\\/sanchez-pide-superar-el-bloqueo-para-hacer-reformas-porque-no-se-puede-fiar-la-marcha-economica-al-ciclo\\\/#primaryimage\"},\"thumbnailUrl\":\"https:\\\/\\\/super-news.info\\\/es\\\/wp-content\\\/uploads\\\/sites\\\/4\\\/2019\\\/08\\\/S\u00e1nchez-pide-superar-el-bloqueo-para-hacer-reformas-porque-no.jpg\",\"datePublished\":\"2019-08-07T13:52:25+00:00\",\"dateModified\":\"2019-08-07T13:52:26+00:00\",\"author\":{\"@id\":\"https:\\\/\\\/super-news.info\\\/es\\\/#\\\/schema\\\/person\\\/2d4068cb2f39cd10008c2fce578a7356\"},\"breadcrumb\":{\"@id\":\"https:\\\/\\\/super-news.info\\\/es\\\/sanchez-pide-superar-el-bloqueo-para-hacer-reformas-porque-no-se-puede-fiar-la-marcha-economica-al-ciclo\\\/#breadcrumb\"},\"inLanguage\":\"en-US\",\"potentialAction\":[{\"@type\":\"ReadAction\",\"target\":[\"https:\\\/\\\/super-news.info\\\/es\\\/sanchez-pide-superar-el-bloqueo-para-hacer-reformas-porque-no-se-puede-fiar-la-marcha-economica-al-ciclo\\\/\"]}]},{\"@type\":\"ImageObject\",\"inLanguage\":\"en-US\",\"@id\":\"https:\\\/\\\/super-news.info\\\/es\\\/sanchez-pide-superar-el-bloqueo-para-hacer-reformas-porque-no-se-puede-fiar-la-marcha-economica-al-ciclo\\\/#primaryimage\",\"url\":\"https:\\\/\\\/super-news.info\\\/es\\\/wp-content\\\/uploads\\\/sites\\\/4\\\/2019\\\/08\\\/S\u00e1nchez-pide-superar-el-bloqueo-para-hacer-reformas-porque-no.jpg\",\"contentUrl\":\"https:\\\/\\\/super-news.info\\\/es\\\/wp-content\\\/uploads\\\/sites\\\/4\\\/2019\\\/08\\\/S\u00e1nchez-pide-superar-el-bloqueo-para-hacer-reformas-porque-no.jpg\",\"width\":120,\"height\":80,\"caption\":\"S\u00e1nchez pide superar el bloqueo para hacer reformas porque no se puede fiar la marcha econ\u00f3mica al ciclo\"},{\"@type\":\"BreadcrumbList\",\"@id\":\"https:\\\/\\\/super-news.info\\\/es\\\/sanchez-pide-superar-el-bloqueo-para-hacer-reformas-porque-no-se-puede-fiar-la-marcha-economica-al-ciclo\\\/#breadcrumb\",\"itemListElement\":[{\"@type\":\"ListItem\",\"position\":1,\"name\":\"\u0413\u043b\u0430\u0432\u043d\u0430\u044f \u0441\u0442\u0440\u0430\u043d\u0438\u0446\u0430\",\"item\":\"https:\\\/\\\/super-news.info\\\/es\\\/\"},{\"@type\":\"ListItem\",\"position\":2,\"name\":\"S\u00e1nchez pide superar el bloqueo para hacer reformas porque no se puede fiar la marcha econ\u00f3mica al ciclo\"}]},{\"@type\":\"WebSite\",\"@id\":\"https:\\\/\\\/super-news.info\\\/es\\\/#website\",\"url\":\"https:\\\/\\\/super-news.info\\\/es\\\/\",\"name\":\"Super News\",\"description\":\"Super News Espa\u00f1a\",\"potentialAction\":[{\"@type\":\"SearchAction\",\"target\":{\"@type\":\"EntryPoint\",\"urlTemplate\":\"https:\\\/\\\/super-news.info\\\/es\\\/?s={search_term_string}\"},\"query-input\":{\"@type\":\"PropertyValueSpecification\",\"valueRequired\":true,\"valueName\":\"search_term_string\"}}],\"inLanguage\":\"en-US\"},{\"@type\":\"Person\",\"@id\":\"https:\\\/\\\/super-news.info\\\/es\\\/#\\\/schema\\\/person\\\/2d4068cb2f39cd10008c2fce578a7356\",\"name\":\"super-news\",\"image\":{\"@type\":\"ImageObject\",\"inLanguage\":\"en-US\",\"@id\":\"https:\\\/\\\/secure.gravatar.com\\\/avatar\\\/64ebac40b93f26a154f8a9b5b6fdccfc46f442b26b3dd6756dbff3bf9dc76fd7?s=96&d=mm&r=g\",\"url\":\"https:\\\/\\\/secure.gravatar.com\\\/avatar\\\/64ebac40b93f26a154f8a9b5b6fdccfc46f442b26b3dd6756dbff3bf9dc76fd7?s=96&d=mm&r=g\",\"contentUrl\":\"https:\\\/\\\/secure.gravatar.com\\\/avatar\\\/64ebac40b93f26a154f8a9b5b6fdccfc46f442b26b3dd6756dbff3bf9dc76fd7?s=96&d=mm&r=g\",\"caption\":\"super-news\"},\"url\":\"https:\\\/\\\/super-news.info\\\/es\\\/author\\\/pt\\\/\"}]}<\/script>\n<!-- \/ Yoast SEO plugin. -->","yoast_head_json":{"title":"S\u00e1nchez pide superar el bloqueo para hacer reformas porque no se puede fiar la marcha econ\u00f3mica al ciclo - Super News","robots":{"index":"index","follow":"follow","max-snippet":"max-snippet:-1","max-image-preview":"max-image-preview:large","max-video-preview":"max-video-preview:-1"},"canonical":"https:\/\/super-news.info\/es\/sanchez-pide-superar-el-bloqueo-para-hacer-reformas-porque-no-se-puede-fiar-la-marcha-economica-al-ciclo\/","og_locale":"en_US","og_type":"article","og_title":"S\u00e1nchez pide superar el bloqueo para hacer reformas porque no se puede fiar la marcha econ\u00f3mica al ciclo - Super News","og_description":"[ad_1] PALMA DE MALLORCA, 7 Ago. (EUROPA PRESS) &#8211; El presidente del Gobierno en funciones, Pedro S\u00e1nchez, ha indicado este mi\u00e9rcoles que es necesario superar la situaci\u00f3n actual de bloqueo pol\u00edtico que vive el pa\u00eds porque la buena marcha de la econom\u00eda espa\u00f1ola y la creaci\u00f3n de empleo no puede fiarse \u00fanicamente al ciclo econ\u00f3mico, [&hellip;]","og_url":"https:\/\/super-news.info\/es\/sanchez-pide-superar-el-bloqueo-para-hacer-reformas-porque-no-se-puede-fiar-la-marcha-economica-al-ciclo\/","og_site_name":"Super News","article_published_time":"2019-08-07T13:52:25+00:00","article_modified_time":"2019-08-07T13:52:26+00:00","og_image":[{"width":120,"height":80,"url":"https:\/\/super-news.info\/es\/wp-content\/uploads\/sites\/4\/2019\/08\/S\u00e1nchez-pide-superar-el-bloqueo-para-hacer-reformas-porque-no.jpg","type":"image\/jpeg"}],"author":"super-news","twitter_card":"summary_large_image","twitter_misc":{"Written by":"super-news","Est. reading time":"2 minutes"},"schema":{"@context":"https:\/\/schema.org","@graph":[{"@type":"Article","@id":"https:\/\/super-news.info\/es\/sanchez-pide-superar-el-bloqueo-para-hacer-reformas-porque-no-se-puede-fiar-la-marcha-economica-al-ciclo\/#article","isPartOf":{"@id":"https:\/\/super-news.info\/es\/sanchez-pide-superar-el-bloqueo-para-hacer-reformas-porque-no-se-puede-fiar-la-marcha-economica-al-ciclo\/"},"author":{"name":"super-news","@id":"https:\/\/super-news.info\/es\/#\/schema\/person\/2d4068cb2f39cd10008c2fce578a7356"},"headline":"S\u00e1nchez pide superar el bloqueo para hacer reformas porque no se puede fiar la marcha econ\u00f3mica al ciclo","datePublished":"2019-08-07T13:52:25+00:00","dateModified":"2019-08-07T13:52:26+00:00","mainEntityOfPage":{"@id":"https:\/\/super-news.info\/es\/sanchez-pide-superar-el-bloqueo-para-hacer-reformas-porque-no-se-puede-fiar-la-marcha-economica-al-ciclo\/"},"wordCount":398,"commentCount":0,"image":{"@id":"https:\/\/super-news.info\/es\/sanchez-pide-superar-el-bloqueo-para-hacer-reformas-porque-no-se-puede-fiar-la-marcha-economica-al-ciclo\/#primaryimage"},"thumbnailUrl":"https:\/\/super-news.info\/es\/wp-content\/uploads\/sites\/4\/2019\/08\/S\u00e1nchez-pide-superar-el-bloqueo-para-hacer-reformas-porque-no.jpg","articleSection":["NOTICIAS FINANCIERAS"],"inLanguage":"en-US","potentialAction":[{"@type":"CommentAction","name":"Comment","target":["https:\/\/super-news.info\/es\/sanchez-pide-superar-el-bloqueo-para-hacer-reformas-porque-no-se-puede-fiar-la-marcha-economica-al-ciclo\/#respond"]}]},{"@type":"WebPage","@id":"https:\/\/super-news.info\/es\/sanchez-pide-superar-el-bloqueo-para-hacer-reformas-porque-no-se-puede-fiar-la-marcha-economica-al-ciclo\/","url":"https:\/\/super-news.info\/es\/sanchez-pide-superar-el-bloqueo-para-hacer-reformas-porque-no-se-puede-fiar-la-marcha-economica-al-ciclo\/","name":"S\u00e1nchez pide superar el bloqueo para hacer reformas porque no se puede fiar la marcha econ\u00f3mica al ciclo - Super News","isPartOf":{"@id":"https:\/\/super-news.info\/es\/#website"},"primaryImageOfPage":{"@id":"https:\/\/super-news.info\/es\/sanchez-pide-superar-el-bloqueo-para-hacer-reformas-porque-no-se-puede-fiar-la-marcha-economica-al-ciclo\/#primaryimage"},"image":{"@id":"https:\/\/super-news.info\/es\/sanchez-pide-superar-el-bloqueo-para-hacer-reformas-porque-no-se-puede-fiar-la-marcha-economica-al-ciclo\/#primaryimage"},"thumbnailUrl":"https:\/\/super-news.info\/es\/wp-content\/uploads\/sites\/4\/2019\/08\/S\u00e1nchez-pide-superar-el-bloqueo-para-hacer-reformas-porque-no.jpg","datePublished":"2019-08-07T13:52:25+00:00","dateModified":"2019-08-07T13:52:26+00:00","author":{"@id":"https:\/\/super-news.info\/es\/#\/schema\/person\/2d4068cb2f39cd10008c2fce578a7356"},"breadcrumb":{"@id":"https:\/\/super-news.info\/es\/sanchez-pide-superar-el-bloqueo-para-hacer-reformas-porque-no-se-puede-fiar-la-marcha-economica-al-ciclo\/#breadcrumb"},"inLanguage":"en-US","potentialAction":[{"@type":"ReadAction","target":["https:\/\/super-news.info\/es\/sanchez-pide-superar-el-bloqueo-para-hacer-reformas-porque-no-se-puede-fiar-la-marcha-economica-al-ciclo\/"]}]},{"@type":"ImageObject","inLanguage":"en-US","@id":"https:\/\/super-news.info\/es\/sanchez-pide-superar-el-bloqueo-para-hacer-reformas-porque-no-se-puede-fiar-la-marcha-economica-al-ciclo\/#primaryimage","url":"https:\/\/super-news.info\/es\/wp-content\/uploads\/sites\/4\/2019\/08\/S\u00e1nchez-pide-superar-el-bloqueo-para-hacer-reformas-porque-no.jpg","contentUrl":"https:\/\/super-news.info\/es\/wp-content\/uploads\/sites\/4\/2019\/08\/S\u00e1nchez-pide-superar-el-bloqueo-para-hacer-reformas-porque-no.jpg","width":120,"height":80,"caption":"S\u00e1nchez pide superar el bloqueo para hacer reformas porque no se puede fiar la marcha econ\u00f3mica al ciclo"},{"@type":"BreadcrumbList","@id":"https:\/\/super-news.info\/es\/sanchez-pide-superar-el-bloqueo-para-hacer-reformas-porque-no-se-puede-fiar-la-marcha-economica-al-ciclo\/#breadcrumb","itemListElement":[{"@type":"ListItem","position":1,"name":"\u0413\u043b\u0430\u0432\u043d\u0430\u044f \u0441\u0442\u0440\u0430\u043d\u0438\u0446\u0430","item":"https:\/\/super-news.info\/es\/"},{"@type":"ListItem","position":2,"name":"S\u00e1nchez pide superar el bloqueo para hacer reformas porque no se puede fiar la marcha econ\u00f3mica al ciclo"}]},{"@type":"WebSite","@id":"https:\/\/super-news.info\/es\/#website","url":"https:\/\/super-news.info\/es\/","name":"Super News","description":"Super News Espa\u00f1a","potentialAction":[{"@type":"SearchAction","target":{"@type":"EntryPoint","urlTemplate":"https:\/\/super-news.info\/es\/?s={search_term_string}"},"query-input":{"@type":"PropertyValueSpecification","valueRequired":true,"valueName":"search_term_string"}}],"inLanguage":"en-US"},{"@type":"Person","@id":"https:\/\/super-news.info\/es\/#\/schema\/person\/2d4068cb2f39cd10008c2fce578a7356","name":"super-news","image":{"@type":"ImageObject","inLanguage":"en-US","@id":"https:\/\/secure.gravatar.com\/avatar\/64ebac40b93f26a154f8a9b5b6fdccfc46f442b26b3dd6756dbff3bf9dc76fd7?s=96&d=mm&r=g","url":"https:\/\/secure.gravatar.com\/avatar\/64ebac40b93f26a154f8a9b5b6fdccfc46f442b26b3dd6756dbff3bf9dc76fd7?s=96&d=mm&r=g","contentUrl":"https:\/\/secure.gravatar.com\/avatar\/64ebac40b93f26a154f8a9b5b6fdccfc46f442b26b3dd6756dbff3bf9dc76fd7?s=96&d=mm&r=g","caption":"super-news"},"url":"https:\/\/super-news.info\/es\/author\/pt\/"}]}},"_links":{"self":[{"href":"https:\/\/super-news.info\/es\/wp-json\/wp\/v2\/posts\/8197","targetHints":{"allow":["GET"]}}],"collection":[{"href":"https:\/\/super-news.info\/es\/wp-json\/wp\/v2\/posts"}],"about":[{"href":"https:\/\/super-news.info\/es\/wp-json\/wp\/v2\/types\/post"}],"author":[{"embeddable":true,"href":"https:\/\/super-news.info\/es\/wp-json\/wp\/v2\/users\/2"}],"replies":[{"embeddable":true,"href":"https:\/\/super-news.info\/es\/wp-json\/wp\/v2\/comments?post=8197"}],"version-history":[{"count":1,"href":"https:\/\/super-news.info\/es\/wp-json\/wp\/v2\/posts\/8197\/revisions"}],"predecessor-version":[{"id":8199,"href":"https:\/\/super-news.info\/es\/wp-json\/wp\/v2\/posts\/8197\/revisions\/8199"}],"wp:featuredmedia":[{"embeddable":true,"href":"https:\/\/super-news.info\/es\/wp-json\/wp\/v2\/media\/8198"}],"wp:attachment":[{"href":"https:\/\/super-news.info\/es\/wp-json\/wp\/v2\/media?parent=8197"}],"wp:term":[{"taxonomy":"category","embeddable":true,"href":"https:\/\/super-news.info\/es\/wp-json\/wp\/v2\/categories?post=8197"},{"taxonomy":"post_tag","embeddable":true,"href":"https:\/\/super-news.info\/es\/wp-json\/wp\/v2\/tags?post=8197"}],"curies":[{"name":"wp","href":"https:\/\/api.w.org\/{rel}","templated":true}]}}