{"id":8191,"date":"2019-08-07T15:46:16","date_gmt":"2019-08-07T12:46:16","guid":{"rendered":"https:\/\/super-news.info\/es\/sanchez-recibe-el-carino-de-empresarios-e-industriales-tras-mas-de-dos-horas-de-reunion\/"},"modified":"2019-08-07T15:46:17","modified_gmt":"2019-08-07T12:46:17","slug":"sanchez-recibe-el-carino-de-empresarios-e-industriales-tras-mas-de-dos-horas-de-reunion","status":"publish","type":"post","link":"https:\/\/super-news.info\/es\/sanchez-recibe-el-carino-de-empresarios-e-industriales-tras-mas-de-dos-horas-de-reunion\/","title":{"rendered":"S\u00e1nchez recibe &#8220;el cari\u00f1o&#8221; de empresarios e industriales tras m\u00e1s de dos horas de reuni\u00f3n"},"content":{"rendered":"<p> [ad_1]<\/p>\n<div id=\"CuerpoNoticiav2\" itemprop=\"articleBody\">\n<p>MADRID, 7 Ago. (EUROPA PRESS) &#8211; <\/p>\n<p itemprop=\"description\">   El presidente del Gobierno en funciones, Pedro S\u00e1nchez, ha mantenido este mi\u00e9rcoles en Madrid una reuni\u00f3n de m\u00e1s de dos horas con asociaciones y empresas de la industria, el turismo y el comercio, cuyos representantes le han transmitido el &#8220;cari\u00f1o&#8221; de la patronal y la confianza de poder continuar el di\u00e1logo iniciado la pasada legislatura con el Gobierno, seg\u00fan ha afirmado al t\u00e9rmino del encuentro la ministra en funciones de Industria, Comercio y Turismo, Reyes Maroto.<\/p>\n<p>   Durante una comparecencia ante los medios de comunicaci\u00f3n tras la reuni\u00f3n, Maroto ha informado de que los empresarios han reclamado la continuidad de su Ministerio &#8220;como un pilar clave&#8221; para &#8220;profundizar el di\u00e1logo&#8221; entre el sector p\u00fablico y privado para abordar retos tales como la transici\u00f3n ecol\u00f3gica y energ\u00e9tica, la internacionalizaci\u00f3n de las empresas o la digitalizaci\u00f3n.<\/p>\n<p>   &#8220;Nos hemos comprometido a seguir reforzando ese acompa\u00f1amiento para que esos tres retos podamos abordarlos y seguir creando oportunidades y defendiendo los intereses de nuestras empresas&#8221;, ha aseverado la ministra, subrayando que S\u00e1nchez tambi\u00e9n se ha comprometido a mantener dos encuentros como \u00e9ste cada a\u00f1o para mantener &#8220;esa cercan\u00eda&#8221;.<\/p>\n<p>   La reuni\u00f3n, celebrada en un local de la capital, se encuadra dentro de los encuentros que el presidente del Gobierno en funciones viene manteniendo con asociaciones, colectivos y empresas desde el fracaso de su investidura. Tras la reuni\u00f3n, S\u00e1nchez ha abandonado el local sin realizar declaraciones a los medios de comunicaci\u00f3n, rumbo a Marivent (Mallorca), donde tiene previsto reunirse con el Rey Felipe VI.<\/p>\n<h2 class=\"ladillo\">FORMACI\u00d3N, IMPUESTOS Y APOYO EN EL EXTRANJERO<\/h2>\n<p>   Entre las propuestas trasladadas al Gobierno por parte del empresariado, Maroto ha destacado la aprobaci\u00f3n del anunciado estatuto para las industrias electrointensivas y el refuerzo presupuestario hacia &#8220;destinos tur\u00edsticos maduros&#8221;.<\/p>\n<p>   El sector tur\u00edstico tambi\u00e9n ha incidido en la necesidad de &#8220;no tocar la fiscalidad del sector hotelero, tal y como ha reclamado el presidente de Hosteler\u00eda de Espa\u00f1a, Jos\u00e9 Luis Izuel. &#8220;Ser\u00eda una cuesti\u00f3n grave, especialmente el &#8216;status quo&#8217; de nuestro IVA y nuestros impuestos especiales&#8221;, ha se\u00f1alado, a\u00f1adiendo tambi\u00e9n en la importancia de mejorar la formaci\u00f3n laboral.<\/p>\n<p>   Por su parte, la vicepresidenta ejecutiva de Faconauto, Marta Bl\u00e1zquez, ha reclamado tambi\u00e9n la necesidad de renovaci\u00f3n del parque automovil\u00edstico, con un programa vinculado a la renta y sin discriminaci\u00f3n tecnol\u00f3gica, mientras que por parte de la industria naval han pedido apostar por la innovaci\u00f3n y continuar en la defensa de los intereses del sector a nivel internacional, seg\u00fan ha informado la consejera delegada de Peque\u00f1os y Medianos Astilleros (Pymar), Almudena L\u00f3pez del Pozo.<\/p>\n<h2 class=\"ladillo\">M\u00c1S DE 20 REPRESENTANTES DEL SECTOR PRIVADO<\/h2>\n<p>   A la reuni\u00f3n han acudido representantes de la industria automovil\u00edstica, como Anfac, Faconauto o Sernauto, de la industria naval, como Pymar, la industria qu\u00edmica (Feique), la hosteler\u00eda (FEHR, Hoteleros de Espa\u00f1a), Farmaindustria, la patronal sider\u00fargica Unesid, la Red Espa\u00f1ola de Asocaiciones de Dise\u00f1o, la asociaci\u00f3n de refrescos Anfabra, la Federaci\u00f3n de Industrias de la Alimentaci\u00f3n y Bebidas (FIAB), Cerveceros de Espa\u00f1a, la asociaci\u00f3n de Clusters y la Asociaci\u00f3n de Empresas de Gran Consumo (AEGE).<\/p>\n<p>   As\u00ed, hasta m\u00e1s de veinte representantes del sector privado, en el que tambi\u00e9n han participado ejecutivos de empresas como El Corte Ingl\u00e9s, Globalia, Easyjet e IAG.<\/p>\n<h2 class=\"ladillo\">LA MINISTRA CELEBRA EL APOYO AL PLAN DE TRANSICI\u00d3N ECOL\u00d3GICA<\/h2>\n<p>   Por otro lado, la titular de Industria ha celebrado la valoraci\u00f3n por parte del sector privado que ha acudido a la convocatoria del Plan de Integral de Energ\u00eda y Clima. &#8220;Todo el mundo lo ha valorado de forma muy positiva, porque incorpora un horizonte para ver las inversiones que necesitan las plantas industriales y tur\u00edsticas&#8221;, ha destacado.<\/p>\n<p>   Otra de las cuestiones abordadas en el encuentro ha sido la preocupaci\u00f3n por la posibilidad de que tenga lugar a partir del pr\u00f3ximo 31 de octubre un &#8220;Brexit duro&#8221;, circunstancia ante la cual Maroto espera que el Gobierno pueda estar plenamente en funciones para poder aprobar medidas &#8220;de acompa\u00f1amiento&#8221; al plan de contingencia ya aprobado.<\/p>\n<\/div>\n<p>[ad_2]<br \/>\n<br \/><a href=\"https:\/\/www.europapress.es\/economia\/noticia-sanchez-recibe-carino-empresarios-industriales-mas-dos-horas-reunion-20190807142905.html\">Source link <\/a><\/p>\n","protected":false},"excerpt":{"rendered":"<p>[ad_1] MADRID, 7 Ago. (EUROPA PRESS) &#8211; El presidente del Gobierno en funciones, Pedro S\u00e1nchez, ha mantenido este mi\u00e9rcoles en Madrid una reuni\u00f3n de m\u00e1s de dos horas con asociaciones y empresas de la industria, el turismo y el comercio, cuyos representantes le han transmitido el &#8220;cari\u00f1o&#8221; de la patronal y la confianza de poder [&hellip;]<\/p>\n","protected":false},"author":2,"featured_media":8192,"comment_status":"open","ping_status":"open","sticky":false,"template":"","format":"standard","meta":{"footnotes":""},"categories":[1],"tags":[],"class_list":["post-8191","post","type-post","status-publish","format-standard","has-post-thumbnail","hentry","category-noticias-financieras"],"yoast_head":"<!-- This site is optimized with the Yoast SEO plugin v27.4 - https:\/\/yoast.com\/product\/yoast-seo-wordpress\/ -->\n<title>S\u00e1nchez recibe &quot;el cari\u00f1o&quot; de empresarios e industriales tras m\u00e1s de dos horas de reuni\u00f3n - Super News<\/title>\n<meta name=\"robots\" content=\"index, follow, max-snippet:-1, max-image-preview:large, max-video-preview:-1\" \/>\n<link rel=\"canonical\" href=\"https:\/\/super-news.info\/es\/sanchez-recibe-el-carino-de-empresarios-e-industriales-tras-mas-de-dos-horas-de-reunion\/\" \/>\n<meta property=\"og:locale\" content=\"en_US\" \/>\n<meta property=\"og:type\" content=\"article\" \/>\n<meta property=\"og:title\" content=\"S\u00e1nchez recibe &quot;el cari\u00f1o&quot; de empresarios e industriales tras m\u00e1s de dos horas de reuni\u00f3n - Super News\" \/>\n<meta property=\"og:description\" content=\"[ad_1] MADRID, 7 Ago. (EUROPA PRESS) &#8211; El presidente del Gobierno en funciones, Pedro S\u00e1nchez, ha mantenido este mi\u00e9rcoles en Madrid una reuni\u00f3n de m\u00e1s de dos horas con asociaciones y empresas de la industria, el turismo y el comercio, cuyos representantes le han transmitido el &#8220;cari\u00f1o&#8221; de la patronal y la confianza de poder [&hellip;]\" \/>\n<meta property=\"og:url\" content=\"https:\/\/super-news.info\/es\/sanchez-recibe-el-carino-de-empresarios-e-industriales-tras-mas-de-dos-horas-de-reunion\/\" \/>\n<meta property=\"og:site_name\" content=\"Super News\" \/>\n<meta property=\"article:published_time\" content=\"2019-08-07T12:46:16+00:00\" \/>\n<meta property=\"article:modified_time\" content=\"2019-08-07T12:46:17+00:00\" \/>\n<meta property=\"og:image\" content=\"https:\/\/super-news.info\/es\/wp-content\/uploads\/sites\/4\/2019\/08\/S\u00e1nchez-recibe-el-cari\u00f1o-de-empresarios-e-industriales-tras-m\u00e1s.jpg\" \/>\n\t<meta property=\"og:image:width\" content=\"120\" \/>\n\t<meta property=\"og:image:height\" content=\"80\" \/>\n\t<meta property=\"og:image:type\" content=\"image\/jpeg\" \/>\n<meta name=\"author\" content=\"super-news\" \/>\n<meta name=\"twitter:card\" content=\"summary_large_image\" \/>\n<meta name=\"twitter:label1\" content=\"Written by\" \/>\n\t<meta name=\"twitter:data1\" content=\"super-news\" \/>\n\t<meta name=\"twitter:label2\" content=\"Est. reading time\" \/>\n\t<meta name=\"twitter:data2\" content=\"4 minutes\" \/>\n<script type=\"application\/ld+json\" class=\"yoast-schema-graph\">{\"@context\":\"https:\\\/\\\/schema.org\",\"@graph\":[{\"@type\":\"Article\",\"@id\":\"https:\\\/\\\/super-news.info\\\/es\\\/sanchez-recibe-el-carino-de-empresarios-e-industriales-tras-mas-de-dos-horas-de-reunion\\\/#article\",\"isPartOf\":{\"@id\":\"https:\\\/\\\/super-news.info\\\/es\\\/sanchez-recibe-el-carino-de-empresarios-e-industriales-tras-mas-de-dos-horas-de-reunion\\\/\"},\"author\":{\"name\":\"super-news\",\"@id\":\"https:\\\/\\\/super-news.info\\\/es\\\/#\\\/schema\\\/person\\\/2d4068cb2f39cd10008c2fce578a7356\"},\"headline\":\"S\u00e1nchez recibe &#8220;el cari\u00f1o&#8221; de empresarios e industriales tras m\u00e1s de dos horas de reuni\u00f3n\",\"datePublished\":\"2019-08-07T12:46:16+00:00\",\"dateModified\":\"2019-08-07T12:46:17+00:00\",\"mainEntityOfPage\":{\"@id\":\"https:\\\/\\\/super-news.info\\\/es\\\/sanchez-recibe-el-carino-de-empresarios-e-industriales-tras-mas-de-dos-horas-de-reunion\\\/\"},\"wordCount\":745,\"commentCount\":0,\"image\":{\"@id\":\"https:\\\/\\\/super-news.info\\\/es\\\/sanchez-recibe-el-carino-de-empresarios-e-industriales-tras-mas-de-dos-horas-de-reunion\\\/#primaryimage\"},\"thumbnailUrl\":\"https:\\\/\\\/super-news.info\\\/es\\\/wp-content\\\/uploads\\\/sites\\\/4\\\/2019\\\/08\\\/S\u00e1nchez-recibe-el-cari\u00f1o-de-empresarios-e-industriales-tras-m\u00e1s.jpg\",\"articleSection\":[\"NOTICIAS FINANCIERAS\"],\"inLanguage\":\"en-US\",\"potentialAction\":[{\"@type\":\"CommentAction\",\"name\":\"Comment\",\"target\":[\"https:\\\/\\\/super-news.info\\\/es\\\/sanchez-recibe-el-carino-de-empresarios-e-industriales-tras-mas-de-dos-horas-de-reunion\\\/#respond\"]}]},{\"@type\":\"WebPage\",\"@id\":\"https:\\\/\\\/super-news.info\\\/es\\\/sanchez-recibe-el-carino-de-empresarios-e-industriales-tras-mas-de-dos-horas-de-reunion\\\/\",\"url\":\"https:\\\/\\\/super-news.info\\\/es\\\/sanchez-recibe-el-carino-de-empresarios-e-industriales-tras-mas-de-dos-horas-de-reunion\\\/\",\"name\":\"S\u00e1nchez recibe \\\"el cari\u00f1o\\\" de empresarios e industriales tras m\u00e1s de dos horas de reuni\u00f3n - Super News\",\"isPartOf\":{\"@id\":\"https:\\\/\\\/super-news.info\\\/es\\\/#website\"},\"primaryImageOfPage\":{\"@id\":\"https:\\\/\\\/super-news.info\\\/es\\\/sanchez-recibe-el-carino-de-empresarios-e-industriales-tras-mas-de-dos-horas-de-reunion\\\/#primaryimage\"},\"image\":{\"@id\":\"https:\\\/\\\/super-news.info\\\/es\\\/sanchez-recibe-el-carino-de-empresarios-e-industriales-tras-mas-de-dos-horas-de-reunion\\\/#primaryimage\"},\"thumbnailUrl\":\"https:\\\/\\\/super-news.info\\\/es\\\/wp-content\\\/uploads\\\/sites\\\/4\\\/2019\\\/08\\\/S\u00e1nchez-recibe-el-cari\u00f1o-de-empresarios-e-industriales-tras-m\u00e1s.jpg\",\"datePublished\":\"2019-08-07T12:46:16+00:00\",\"dateModified\":\"2019-08-07T12:46:17+00:00\",\"author\":{\"@id\":\"https:\\\/\\\/super-news.info\\\/es\\\/#\\\/schema\\\/person\\\/2d4068cb2f39cd10008c2fce578a7356\"},\"breadcrumb\":{\"@id\":\"https:\\\/\\\/super-news.info\\\/es\\\/sanchez-recibe-el-carino-de-empresarios-e-industriales-tras-mas-de-dos-horas-de-reunion\\\/#breadcrumb\"},\"inLanguage\":\"en-US\",\"potentialAction\":[{\"@type\":\"ReadAction\",\"target\":[\"https:\\\/\\\/super-news.info\\\/es\\\/sanchez-recibe-el-carino-de-empresarios-e-industriales-tras-mas-de-dos-horas-de-reunion\\\/\"]}]},{\"@type\":\"ImageObject\",\"inLanguage\":\"en-US\",\"@id\":\"https:\\\/\\\/super-news.info\\\/es\\\/sanchez-recibe-el-carino-de-empresarios-e-industriales-tras-mas-de-dos-horas-de-reunion\\\/#primaryimage\",\"url\":\"https:\\\/\\\/super-news.info\\\/es\\\/wp-content\\\/uploads\\\/sites\\\/4\\\/2019\\\/08\\\/S\u00e1nchez-recibe-el-cari\u00f1o-de-empresarios-e-industriales-tras-m\u00e1s.jpg\",\"contentUrl\":\"https:\\\/\\\/super-news.info\\\/es\\\/wp-content\\\/uploads\\\/sites\\\/4\\\/2019\\\/08\\\/S\u00e1nchez-recibe-el-cari\u00f1o-de-empresarios-e-industriales-tras-m\u00e1s.jpg\",\"width\":120,\"height\":80,\"caption\":\"S\u00e1nchez recibe \\\"el cari\u00f1o\\\" de empresarios e industriales tras m\u00e1s de dos horas de reuni\u00f3n\"},{\"@type\":\"BreadcrumbList\",\"@id\":\"https:\\\/\\\/super-news.info\\\/es\\\/sanchez-recibe-el-carino-de-empresarios-e-industriales-tras-mas-de-dos-horas-de-reunion\\\/#breadcrumb\",\"itemListElement\":[{\"@type\":\"ListItem\",\"position\":1,\"name\":\"\u0413\u043b\u0430\u0432\u043d\u0430\u044f \u0441\u0442\u0440\u0430\u043d\u0438\u0446\u0430\",\"item\":\"https:\\\/\\\/super-news.info\\\/es\\\/\"},{\"@type\":\"ListItem\",\"position\":2,\"name\":\"S\u00e1nchez recibe &#8220;el cari\u00f1o&#8221; de empresarios e industriales tras m\u00e1s de dos horas de reuni\u00f3n\"}]},{\"@type\":\"WebSite\",\"@id\":\"https:\\\/\\\/super-news.info\\\/es\\\/#website\",\"url\":\"https:\\\/\\\/super-news.info\\\/es\\\/\",\"name\":\"Super News\",\"description\":\"Super News Espa\u00f1a\",\"potentialAction\":[{\"@type\":\"SearchAction\",\"target\":{\"@type\":\"EntryPoint\",\"urlTemplate\":\"https:\\\/\\\/super-news.info\\\/es\\\/?s={search_term_string}\"},\"query-input\":{\"@type\":\"PropertyValueSpecification\",\"valueRequired\":true,\"valueName\":\"search_term_string\"}}],\"inLanguage\":\"en-US\"},{\"@type\":\"Person\",\"@id\":\"https:\\\/\\\/super-news.info\\\/es\\\/#\\\/schema\\\/person\\\/2d4068cb2f39cd10008c2fce578a7356\",\"name\":\"super-news\",\"image\":{\"@type\":\"ImageObject\",\"inLanguage\":\"en-US\",\"@id\":\"https:\\\/\\\/secure.gravatar.com\\\/avatar\\\/64ebac40b93f26a154f8a9b5b6fdccfc46f442b26b3dd6756dbff3bf9dc76fd7?s=96&d=mm&r=g\",\"url\":\"https:\\\/\\\/secure.gravatar.com\\\/avatar\\\/64ebac40b93f26a154f8a9b5b6fdccfc46f442b26b3dd6756dbff3bf9dc76fd7?s=96&d=mm&r=g\",\"contentUrl\":\"https:\\\/\\\/secure.gravatar.com\\\/avatar\\\/64ebac40b93f26a154f8a9b5b6fdccfc46f442b26b3dd6756dbff3bf9dc76fd7?s=96&d=mm&r=g\",\"caption\":\"super-news\"},\"url\":\"https:\\\/\\\/super-news.info\\\/es\\\/author\\\/pt\\\/\"}]}<\/script>\n<!-- \/ Yoast SEO plugin. -->","yoast_head_json":{"title":"S\u00e1nchez recibe \"el cari\u00f1o\" de empresarios e industriales tras m\u00e1s de dos horas de reuni\u00f3n - Super News","robots":{"index":"index","follow":"follow","max-snippet":"max-snippet:-1","max-image-preview":"max-image-preview:large","max-video-preview":"max-video-preview:-1"},"canonical":"https:\/\/super-news.info\/es\/sanchez-recibe-el-carino-de-empresarios-e-industriales-tras-mas-de-dos-horas-de-reunion\/","og_locale":"en_US","og_type":"article","og_title":"S\u00e1nchez recibe \"el cari\u00f1o\" de empresarios e industriales tras m\u00e1s de dos horas de reuni\u00f3n - Super News","og_description":"[ad_1] MADRID, 7 Ago. (EUROPA PRESS) &#8211; El presidente del Gobierno en funciones, Pedro S\u00e1nchez, ha mantenido este mi\u00e9rcoles en Madrid una reuni\u00f3n de m\u00e1s de dos horas con asociaciones y empresas de la industria, el turismo y el comercio, cuyos representantes le han transmitido el &#8220;cari\u00f1o&#8221; de la patronal y la confianza de poder [&hellip;]","og_url":"https:\/\/super-news.info\/es\/sanchez-recibe-el-carino-de-empresarios-e-industriales-tras-mas-de-dos-horas-de-reunion\/","og_site_name":"Super News","article_published_time":"2019-08-07T12:46:16+00:00","article_modified_time":"2019-08-07T12:46:17+00:00","og_image":[{"width":120,"height":80,"url":"https:\/\/super-news.info\/es\/wp-content\/uploads\/sites\/4\/2019\/08\/S\u00e1nchez-recibe-el-cari\u00f1o-de-empresarios-e-industriales-tras-m\u00e1s.jpg","type":"image\/jpeg"}],"author":"super-news","twitter_card":"summary_large_image","twitter_misc":{"Written by":"super-news","Est. reading time":"4 minutes"},"schema":{"@context":"https:\/\/schema.org","@graph":[{"@type":"Article","@id":"https:\/\/super-news.info\/es\/sanchez-recibe-el-carino-de-empresarios-e-industriales-tras-mas-de-dos-horas-de-reunion\/#article","isPartOf":{"@id":"https:\/\/super-news.info\/es\/sanchez-recibe-el-carino-de-empresarios-e-industriales-tras-mas-de-dos-horas-de-reunion\/"},"author":{"name":"super-news","@id":"https:\/\/super-news.info\/es\/#\/schema\/person\/2d4068cb2f39cd10008c2fce578a7356"},"headline":"S\u00e1nchez recibe &#8220;el cari\u00f1o&#8221; de empresarios e industriales tras m\u00e1s de dos horas de reuni\u00f3n","datePublished":"2019-08-07T12:46:16+00:00","dateModified":"2019-08-07T12:46:17+00:00","mainEntityOfPage":{"@id":"https:\/\/super-news.info\/es\/sanchez-recibe-el-carino-de-empresarios-e-industriales-tras-mas-de-dos-horas-de-reunion\/"},"wordCount":745,"commentCount":0,"image":{"@id":"https:\/\/super-news.info\/es\/sanchez-recibe-el-carino-de-empresarios-e-industriales-tras-mas-de-dos-horas-de-reunion\/#primaryimage"},"thumbnailUrl":"https:\/\/super-news.info\/es\/wp-content\/uploads\/sites\/4\/2019\/08\/S\u00e1nchez-recibe-el-cari\u00f1o-de-empresarios-e-industriales-tras-m\u00e1s.jpg","articleSection":["NOTICIAS FINANCIERAS"],"inLanguage":"en-US","potentialAction":[{"@type":"CommentAction","name":"Comment","target":["https:\/\/super-news.info\/es\/sanchez-recibe-el-carino-de-empresarios-e-industriales-tras-mas-de-dos-horas-de-reunion\/#respond"]}]},{"@type":"WebPage","@id":"https:\/\/super-news.info\/es\/sanchez-recibe-el-carino-de-empresarios-e-industriales-tras-mas-de-dos-horas-de-reunion\/","url":"https:\/\/super-news.info\/es\/sanchez-recibe-el-carino-de-empresarios-e-industriales-tras-mas-de-dos-horas-de-reunion\/","name":"S\u00e1nchez recibe \"el cari\u00f1o\" de empresarios e industriales tras m\u00e1s de dos horas de reuni\u00f3n - Super News","isPartOf":{"@id":"https:\/\/super-news.info\/es\/#website"},"primaryImageOfPage":{"@id":"https:\/\/super-news.info\/es\/sanchez-recibe-el-carino-de-empresarios-e-industriales-tras-mas-de-dos-horas-de-reunion\/#primaryimage"},"image":{"@id":"https:\/\/super-news.info\/es\/sanchez-recibe-el-carino-de-empresarios-e-industriales-tras-mas-de-dos-horas-de-reunion\/#primaryimage"},"thumbnailUrl":"https:\/\/super-news.info\/es\/wp-content\/uploads\/sites\/4\/2019\/08\/S\u00e1nchez-recibe-el-cari\u00f1o-de-empresarios-e-industriales-tras-m\u00e1s.jpg","datePublished":"2019-08-07T12:46:16+00:00","dateModified":"2019-08-07T12:46:17+00:00","author":{"@id":"https:\/\/super-news.info\/es\/#\/schema\/person\/2d4068cb2f39cd10008c2fce578a7356"},"breadcrumb":{"@id":"https:\/\/super-news.info\/es\/sanchez-recibe-el-carino-de-empresarios-e-industriales-tras-mas-de-dos-horas-de-reunion\/#breadcrumb"},"inLanguage":"en-US","potentialAction":[{"@type":"ReadAction","target":["https:\/\/super-news.info\/es\/sanchez-recibe-el-carino-de-empresarios-e-industriales-tras-mas-de-dos-horas-de-reunion\/"]}]},{"@type":"ImageObject","inLanguage":"en-US","@id":"https:\/\/super-news.info\/es\/sanchez-recibe-el-carino-de-empresarios-e-industriales-tras-mas-de-dos-horas-de-reunion\/#primaryimage","url":"https:\/\/super-news.info\/es\/wp-content\/uploads\/sites\/4\/2019\/08\/S\u00e1nchez-recibe-el-cari\u00f1o-de-empresarios-e-industriales-tras-m\u00e1s.jpg","contentUrl":"https:\/\/super-news.info\/es\/wp-content\/uploads\/sites\/4\/2019\/08\/S\u00e1nchez-recibe-el-cari\u00f1o-de-empresarios-e-industriales-tras-m\u00e1s.jpg","width":120,"height":80,"caption":"S\u00e1nchez recibe \"el cari\u00f1o\" de empresarios e industriales tras m\u00e1s de dos horas de reuni\u00f3n"},{"@type":"BreadcrumbList","@id":"https:\/\/super-news.info\/es\/sanchez-recibe-el-carino-de-empresarios-e-industriales-tras-mas-de-dos-horas-de-reunion\/#breadcrumb","itemListElement":[{"@type":"ListItem","position":1,"name":"\u0413\u043b\u0430\u0432\u043d\u0430\u044f \u0441\u0442\u0440\u0430\u043d\u0438\u0446\u0430","item":"https:\/\/super-news.info\/es\/"},{"@type":"ListItem","position":2,"name":"S\u00e1nchez recibe &#8220;el cari\u00f1o&#8221; de empresarios e industriales tras m\u00e1s de dos horas de reuni\u00f3n"}]},{"@type":"WebSite","@id":"https:\/\/super-news.info\/es\/#website","url":"https:\/\/super-news.info\/es\/","name":"Super News","description":"Super News Espa\u00f1a","potentialAction":[{"@type":"SearchAction","target":{"@type":"EntryPoint","urlTemplate":"https:\/\/super-news.info\/es\/?s={search_term_string}"},"query-input":{"@type":"PropertyValueSpecification","valueRequired":true,"valueName":"search_term_string"}}],"inLanguage":"en-US"},{"@type":"Person","@id":"https:\/\/super-news.info\/es\/#\/schema\/person\/2d4068cb2f39cd10008c2fce578a7356","name":"super-news","image":{"@type":"ImageObject","inLanguage":"en-US","@id":"https:\/\/secure.gravatar.com\/avatar\/64ebac40b93f26a154f8a9b5b6fdccfc46f442b26b3dd6756dbff3bf9dc76fd7?s=96&d=mm&r=g","url":"https:\/\/secure.gravatar.com\/avatar\/64ebac40b93f26a154f8a9b5b6fdccfc46f442b26b3dd6756dbff3bf9dc76fd7?s=96&d=mm&r=g","contentUrl":"https:\/\/secure.gravatar.com\/avatar\/64ebac40b93f26a154f8a9b5b6fdccfc46f442b26b3dd6756dbff3bf9dc76fd7?s=96&d=mm&r=g","caption":"super-news"},"url":"https:\/\/super-news.info\/es\/author\/pt\/"}]}},"_links":{"self":[{"href":"https:\/\/super-news.info\/es\/wp-json\/wp\/v2\/posts\/8191","targetHints":{"allow":["GET"]}}],"collection":[{"href":"https:\/\/super-news.info\/es\/wp-json\/wp\/v2\/posts"}],"about":[{"href":"https:\/\/super-news.info\/es\/wp-json\/wp\/v2\/types\/post"}],"author":[{"embeddable":true,"href":"https:\/\/super-news.info\/es\/wp-json\/wp\/v2\/users\/2"}],"replies":[{"embeddable":true,"href":"https:\/\/super-news.info\/es\/wp-json\/wp\/v2\/comments?post=8191"}],"version-history":[{"count":1,"href":"https:\/\/super-news.info\/es\/wp-json\/wp\/v2\/posts\/8191\/revisions"}],"predecessor-version":[{"id":8193,"href":"https:\/\/super-news.info\/es\/wp-json\/wp\/v2\/posts\/8191\/revisions\/8193"}],"wp:featuredmedia":[{"embeddable":true,"href":"https:\/\/super-news.info\/es\/wp-json\/wp\/v2\/media\/8192"}],"wp:attachment":[{"href":"https:\/\/super-news.info\/es\/wp-json\/wp\/v2\/media?parent=8191"}],"wp:term":[{"taxonomy":"category","embeddable":true,"href":"https:\/\/super-news.info\/es\/wp-json\/wp\/v2\/categories?post=8191"},{"taxonomy":"post_tag","embeddable":true,"href":"https:\/\/super-news.info\/es\/wp-json\/wp\/v2\/tags?post=8191"}],"curies":[{"name":"wp","href":"https:\/\/api.w.org\/{rel}","templated":true}]}}