{"id":8131,"date":"2019-08-06T21:44:58","date_gmt":"2019-08-06T18:44:58","guid":{"rendered":"https:\/\/super-news.info\/es\/se-elevan-a-11-los-condenados-por-las-black-que-disfrutan-de-semilibertad-y-solo-cuatro-siguen-en-prision\/"},"modified":"2019-08-06T21:44:59","modified_gmt":"2019-08-06T18:44:59","slug":"se-elevan-a-11-los-condenados-por-las-black-que-disfrutan-de-semilibertad-y-solo-cuatro-siguen-en-prision","status":"publish","type":"post","link":"https:\/\/super-news.info\/es\/se-elevan-a-11-los-condenados-por-las-black-que-disfrutan-de-semilibertad-y-solo-cuatro-siguen-en-prision\/","title":{"rendered":"Se elevan a 11 los condenados por las &#8216;black&#8217; que disfrutan de semilibertad y s\u00f3lo cuatro siguen en prisi\u00f3n"},"content":{"rendered":"<p> [ad_1]<\/p>\n<div id=\"CuerpoNoticiav2\" itemprop=\"articleBody\">\n<h3 class=\"subsubhead\">Acceden al tercer grado seis de los condenados tras cumplir una cuarta partes de la condena<\/h3>\n<p>   MADRID, 6 Ago. (EUROPA PRESS) &#8211; <\/p>\n<p itemprop=\"description\">   Un total de 11 exdirectivos de Caja Madrid condenados en 2018 por un delito de apropiaci\u00f3n indebida relacionado con el uso fraudulento de las conocidas como tarjetas &#8216;black&#8217; han accedido ya al tercer grado penitenciario &#8211;un r\u00e9gimen de semilibertad&#8211; , tras permanecer en prisi\u00f3n desde octubre de dicho a\u00f1o y una vez que han cumplido una cuarta parte de la condena que se les impuso.<\/p>\n<p>   Del total de 64 condenados fueron 15 los que entraron en prisi\u00f3n, donde a\u00fan permanecen el r\u00e9gimen ordinario el exvicepresidente del Gobierno Rodrigo Rato, el exconsejero a propuesta de IU Jos\u00e9 Antonio Moral Sant\u00edn, el designado por CC.OO. Francisco Baquero y el que fuera secretario de Hacienda Estanislao Rodr\u00edguez-Ponga. Todos los que acuden a Centros de Reinserci\u00f3n Social s\u00f3lo a dormir fueron penados con entre dos a\u00f1os y medio y tres a\u00f1os de c\u00e1rcel en todos los casos.<\/p>\n<p>   Los exresponsables del banco que disfrutan del nuevo r\u00e9gimen penitenciario desde hace tan s\u00f3lo unos d\u00edas, seg\u00fan han confirmado a Europa Press fuentes penitenciarias, son Antonio Romero L\u00e1zaro, exvicesecretario de Organizaci\u00f3n del PSOE madrile\u00f1o y exconsejero de Caja Madrid (condenado a 3 a\u00f1os y 2 meses de c\u00e1rcel);  Jorge G\u00f3mez Moreno, exconsejero a propuesta del PSOE (3 a\u00f1os y 2 meses); Rodolfo Benito Valenciano, exconsejero de Caja Madrid por CC.OO. (3 a\u00f1os); Javier de Miguel S\u00e1nchez, exmiembro de la Comisi\u00f3n de Control de Caja Madrid nombrado a propuesta del PP (2 a\u00f1os y medio); Francisco Jos\u00e9 P\u00e9rez Fern\u00e1ndez, exmiembro de la Comisi\u00f3n de Control de Caja Madrid nombrado a propuesta del PSOE (2 a\u00f1os y medio) y Antonio del Rey Vi\u00f1as, tambi\u00e9n exmiembro de la Comisi\u00f3n de Control de Caja Madrid (2 a\u00f1os y medio de c\u00e1rcel).<\/p>\n<p>   Todos ellos se suman a los otros cinco exdirectivos que ya obtuvieron su r\u00e9gimen de semilibertad en julio:  el exconsejero a propuesta de PSOE Jos\u00e9 Mar\u00eda de la Riva (condenado a 3 a\u00f1os de c\u00e1rcel), el exmiembro de la Comisi\u00f3n de Control de la Caja nombrado tambi\u00e9n a propuesta del PSOE \u00c1ngel Eugenio G\u00f3mez del Pulgar (2 a\u00f1os y medio), el miembro del mismo \u00f3rgano por IU Rub\u00e9n Cruz (2 a\u00f1os y medio), el tambi\u00e9n exmiembro de esta comisi\u00f3n Miguel \u00c1ngel Abej\u00f3n (2 a\u00f1os y medio) y el exconsejero de Caja Madrid por UGT Gonzalo Mart\u00edn Pascual (3 a\u00f1os de c\u00e1rcel).<\/p>\n<p>   A todos ellos, que han abonado las multas impuestas en sentencia, se les ha asignado un Centro de Inserci\u00f3n Social para cumplir la \u00faltima fase de sus condenas, seg\u00fan las mismas fuentes.<\/p>\n<p>   El Supremo confirm\u00f3 la pena impuesta en esta causa al exvicepresidente econ\u00f3mico del PP y presidente de Caja de Madrid y despu\u00e9s de Bankia Rodrigo Rato y las del resto de 63 exdirectivos y exconsejeros de la entidad financiera, que fueron juzgados por lo que el alto tribunal consider\u00f3 un sistema de uso de tarjetas opacas &#8220;pervertido desde su origen&#8221; que conllev\u00f3 a un gasto indebido de m\u00e1s de 12 millones de euros.<\/p>\n<\/div>\n<p>[ad_2]<br \/>\n<br \/><a href=\"https:\/\/www.europapress.es\/economia\/finanzas-00340\/noticia-elevan-11-condenados-black-disfrutan-semilibertad-solo-cuatro-siguen-prision-20190806151952.html\">Source link <\/a><\/p>\n","protected":false},"excerpt":{"rendered":"<p>[ad_1] Acceden al tercer grado seis de los condenados tras cumplir una cuarta partes de la condena MADRID, 6 Ago. (EUROPA PRESS) &#8211; Un total de 11 exdirectivos de Caja Madrid condenados en 2018 por un delito de apropiaci\u00f3n indebida relacionado con el uso fraudulento de las conocidas como tarjetas &#8216;black&#8217; han accedido ya al [&hellip;]<\/p>\n","protected":false},"author":2,"featured_media":8132,"comment_status":"open","ping_status":"open","sticky":false,"template":"","format":"standard","meta":{"footnotes":""},"categories":[1],"tags":[],"class_list":["post-8131","post","type-post","status-publish","format-standard","has-post-thumbnail","hentry","category-noticias-financieras"],"yoast_head":"<!-- This site is optimized with the Yoast SEO plugin v27.4 - https:\/\/yoast.com\/product\/yoast-seo-wordpress\/ -->\n<title>Se elevan a 11 los condenados por las &#039;black&#039; que disfrutan de semilibertad y s\u00f3lo cuatro siguen en prisi\u00f3n - Super News<\/title>\n<meta name=\"robots\" content=\"index, follow, max-snippet:-1, max-image-preview:large, max-video-preview:-1\" \/>\n<link rel=\"canonical\" href=\"https:\/\/super-news.info\/es\/se-elevan-a-11-los-condenados-por-las-black-que-disfrutan-de-semilibertad-y-solo-cuatro-siguen-en-prision\/\" \/>\n<meta property=\"og:locale\" content=\"en_US\" \/>\n<meta property=\"og:type\" content=\"article\" \/>\n<meta property=\"og:title\" content=\"Se elevan a 11 los condenados por las &#039;black&#039; que disfrutan de semilibertad y s\u00f3lo cuatro siguen en prisi\u00f3n - Super News\" \/>\n<meta property=\"og:description\" content=\"[ad_1] Acceden al tercer grado seis de los condenados tras cumplir una cuarta partes de la condena MADRID, 6 Ago. (EUROPA PRESS) &#8211; Un total de 11 exdirectivos de Caja Madrid condenados en 2018 por un delito de apropiaci\u00f3n indebida relacionado con el uso fraudulento de las conocidas como tarjetas &#8216;black&#8217; han accedido ya al [&hellip;]\" \/>\n<meta property=\"og:url\" content=\"https:\/\/super-news.info\/es\/se-elevan-a-11-los-condenados-por-las-black-que-disfrutan-de-semilibertad-y-solo-cuatro-siguen-en-prision\/\" \/>\n<meta property=\"og:site_name\" content=\"Super News\" \/>\n<meta property=\"article:published_time\" content=\"2019-08-06T18:44:58+00:00\" \/>\n<meta property=\"article:modified_time\" content=\"2019-08-06T18:44:59+00:00\" \/>\n<meta property=\"og:image\" content=\"https:\/\/super-news.info\/es\/wp-content\/uploads\/sites\/4\/2019\/08\/Se-elevan-a-11-los-condenados-por-las-black-que.jpg\" \/>\n\t<meta property=\"og:image:width\" content=\"120\" \/>\n\t<meta property=\"og:image:height\" content=\"80\" \/>\n\t<meta property=\"og:image:type\" content=\"image\/jpeg\" \/>\n<meta name=\"author\" content=\"super-news\" \/>\n<meta name=\"twitter:card\" content=\"summary_large_image\" \/>\n<meta name=\"twitter:label1\" content=\"Written by\" \/>\n\t<meta name=\"twitter:data1\" content=\"super-news\" \/>\n\t<meta name=\"twitter:label2\" content=\"Est. reading time\" \/>\n\t<meta name=\"twitter:data2\" content=\"3 minutes\" \/>\n<script type=\"application\/ld+json\" class=\"yoast-schema-graph\">{\"@context\":\"https:\\\/\\\/schema.org\",\"@graph\":[{\"@type\":\"Article\",\"@id\":\"https:\\\/\\\/super-news.info\\\/es\\\/se-elevan-a-11-los-condenados-por-las-black-que-disfrutan-de-semilibertad-y-solo-cuatro-siguen-en-prision\\\/#article\",\"isPartOf\":{\"@id\":\"https:\\\/\\\/super-news.info\\\/es\\\/se-elevan-a-11-los-condenados-por-las-black-que-disfrutan-de-semilibertad-y-solo-cuatro-siguen-en-prision\\\/\"},\"author\":{\"name\":\"super-news\",\"@id\":\"https:\\\/\\\/super-news.info\\\/es\\\/#\\\/schema\\\/person\\\/2d4068cb2f39cd10008c2fce578a7356\"},\"headline\":\"Se elevan a 11 los condenados por las &#8216;black&#8217; que disfrutan de semilibertad y s\u00f3lo cuatro siguen en prisi\u00f3n\",\"datePublished\":\"2019-08-06T18:44:58+00:00\",\"dateModified\":\"2019-08-06T18:44:59+00:00\",\"mainEntityOfPage\":{\"@id\":\"https:\\\/\\\/super-news.info\\\/es\\\/se-elevan-a-11-los-condenados-por-las-black-que-disfrutan-de-semilibertad-y-solo-cuatro-siguen-en-prision\\\/\"},\"wordCount\":573,\"commentCount\":0,\"image\":{\"@id\":\"https:\\\/\\\/super-news.info\\\/es\\\/se-elevan-a-11-los-condenados-por-las-black-que-disfrutan-de-semilibertad-y-solo-cuatro-siguen-en-prision\\\/#primaryimage\"},\"thumbnailUrl\":\"https:\\\/\\\/super-news.info\\\/es\\\/wp-content\\\/uploads\\\/sites\\\/4\\\/2019\\\/08\\\/Se-elevan-a-11-los-condenados-por-las-black-que.jpg\",\"articleSection\":[\"NOTICIAS FINANCIERAS\"],\"inLanguage\":\"en-US\",\"potentialAction\":[{\"@type\":\"CommentAction\",\"name\":\"Comment\",\"target\":[\"https:\\\/\\\/super-news.info\\\/es\\\/se-elevan-a-11-los-condenados-por-las-black-que-disfrutan-de-semilibertad-y-solo-cuatro-siguen-en-prision\\\/#respond\"]}]},{\"@type\":\"WebPage\",\"@id\":\"https:\\\/\\\/super-news.info\\\/es\\\/se-elevan-a-11-los-condenados-por-las-black-que-disfrutan-de-semilibertad-y-solo-cuatro-siguen-en-prision\\\/\",\"url\":\"https:\\\/\\\/super-news.info\\\/es\\\/se-elevan-a-11-los-condenados-por-las-black-que-disfrutan-de-semilibertad-y-solo-cuatro-siguen-en-prision\\\/\",\"name\":\"Se elevan a 11 los condenados por las 'black' que disfrutan de semilibertad y s\u00f3lo cuatro siguen en prisi\u00f3n - Super News\",\"isPartOf\":{\"@id\":\"https:\\\/\\\/super-news.info\\\/es\\\/#website\"},\"primaryImageOfPage\":{\"@id\":\"https:\\\/\\\/super-news.info\\\/es\\\/se-elevan-a-11-los-condenados-por-las-black-que-disfrutan-de-semilibertad-y-solo-cuatro-siguen-en-prision\\\/#primaryimage\"},\"image\":{\"@id\":\"https:\\\/\\\/super-news.info\\\/es\\\/se-elevan-a-11-los-condenados-por-las-black-que-disfrutan-de-semilibertad-y-solo-cuatro-siguen-en-prision\\\/#primaryimage\"},\"thumbnailUrl\":\"https:\\\/\\\/super-news.info\\\/es\\\/wp-content\\\/uploads\\\/sites\\\/4\\\/2019\\\/08\\\/Se-elevan-a-11-los-condenados-por-las-black-que.jpg\",\"datePublished\":\"2019-08-06T18:44:58+00:00\",\"dateModified\":\"2019-08-06T18:44:59+00:00\",\"author\":{\"@id\":\"https:\\\/\\\/super-news.info\\\/es\\\/#\\\/schema\\\/person\\\/2d4068cb2f39cd10008c2fce578a7356\"},\"breadcrumb\":{\"@id\":\"https:\\\/\\\/super-news.info\\\/es\\\/se-elevan-a-11-los-condenados-por-las-black-que-disfrutan-de-semilibertad-y-solo-cuatro-siguen-en-prision\\\/#breadcrumb\"},\"inLanguage\":\"en-US\",\"potentialAction\":[{\"@type\":\"ReadAction\",\"target\":[\"https:\\\/\\\/super-news.info\\\/es\\\/se-elevan-a-11-los-condenados-por-las-black-que-disfrutan-de-semilibertad-y-solo-cuatro-siguen-en-prision\\\/\"]}]},{\"@type\":\"ImageObject\",\"inLanguage\":\"en-US\",\"@id\":\"https:\\\/\\\/super-news.info\\\/es\\\/se-elevan-a-11-los-condenados-por-las-black-que-disfrutan-de-semilibertad-y-solo-cuatro-siguen-en-prision\\\/#primaryimage\",\"url\":\"https:\\\/\\\/super-news.info\\\/es\\\/wp-content\\\/uploads\\\/sites\\\/4\\\/2019\\\/08\\\/Se-elevan-a-11-los-condenados-por-las-black-que.jpg\",\"contentUrl\":\"https:\\\/\\\/super-news.info\\\/es\\\/wp-content\\\/uploads\\\/sites\\\/4\\\/2019\\\/08\\\/Se-elevan-a-11-los-condenados-por-las-black-que.jpg\",\"width\":120,\"height\":80,\"caption\":\"Se elevan a 11 los condenados por las 'black' que disfrutan de semilibertad y s\u00f3lo cuatro siguen en prisi\u00f3n\"},{\"@type\":\"BreadcrumbList\",\"@id\":\"https:\\\/\\\/super-news.info\\\/es\\\/se-elevan-a-11-los-condenados-por-las-black-que-disfrutan-de-semilibertad-y-solo-cuatro-siguen-en-prision\\\/#breadcrumb\",\"itemListElement\":[{\"@type\":\"ListItem\",\"position\":1,\"name\":\"\u0413\u043b\u0430\u0432\u043d\u0430\u044f \u0441\u0442\u0440\u0430\u043d\u0438\u0446\u0430\",\"item\":\"https:\\\/\\\/super-news.info\\\/es\\\/\"},{\"@type\":\"ListItem\",\"position\":2,\"name\":\"Se elevan a 11 los condenados por las &#8216;black&#8217; que disfrutan de semilibertad y s\u00f3lo cuatro siguen en prisi\u00f3n\"}]},{\"@type\":\"WebSite\",\"@id\":\"https:\\\/\\\/super-news.info\\\/es\\\/#website\",\"url\":\"https:\\\/\\\/super-news.info\\\/es\\\/\",\"name\":\"Super News\",\"description\":\"Super News Espa\u00f1a\",\"potentialAction\":[{\"@type\":\"SearchAction\",\"target\":{\"@type\":\"EntryPoint\",\"urlTemplate\":\"https:\\\/\\\/super-news.info\\\/es\\\/?s={search_term_string}\"},\"query-input\":{\"@type\":\"PropertyValueSpecification\",\"valueRequired\":true,\"valueName\":\"search_term_string\"}}],\"inLanguage\":\"en-US\"},{\"@type\":\"Person\",\"@id\":\"https:\\\/\\\/super-news.info\\\/es\\\/#\\\/schema\\\/person\\\/2d4068cb2f39cd10008c2fce578a7356\",\"name\":\"super-news\",\"image\":{\"@type\":\"ImageObject\",\"inLanguage\":\"en-US\",\"@id\":\"https:\\\/\\\/secure.gravatar.com\\\/avatar\\\/64ebac40b93f26a154f8a9b5b6fdccfc46f442b26b3dd6756dbff3bf9dc76fd7?s=96&d=mm&r=g\",\"url\":\"https:\\\/\\\/secure.gravatar.com\\\/avatar\\\/64ebac40b93f26a154f8a9b5b6fdccfc46f442b26b3dd6756dbff3bf9dc76fd7?s=96&d=mm&r=g\",\"contentUrl\":\"https:\\\/\\\/secure.gravatar.com\\\/avatar\\\/64ebac40b93f26a154f8a9b5b6fdccfc46f442b26b3dd6756dbff3bf9dc76fd7?s=96&d=mm&r=g\",\"caption\":\"super-news\"},\"url\":\"https:\\\/\\\/super-news.info\\\/es\\\/author\\\/pt\\\/\"}]}<\/script>\n<!-- \/ Yoast SEO plugin. -->","yoast_head_json":{"title":"Se elevan a 11 los condenados por las 'black' que disfrutan de semilibertad y s\u00f3lo cuatro siguen en prisi\u00f3n - Super News","robots":{"index":"index","follow":"follow","max-snippet":"max-snippet:-1","max-image-preview":"max-image-preview:large","max-video-preview":"max-video-preview:-1"},"canonical":"https:\/\/super-news.info\/es\/se-elevan-a-11-los-condenados-por-las-black-que-disfrutan-de-semilibertad-y-solo-cuatro-siguen-en-prision\/","og_locale":"en_US","og_type":"article","og_title":"Se elevan a 11 los condenados por las 'black' que disfrutan de semilibertad y s\u00f3lo cuatro siguen en prisi\u00f3n - Super News","og_description":"[ad_1] Acceden al tercer grado seis de los condenados tras cumplir una cuarta partes de la condena MADRID, 6 Ago. (EUROPA PRESS) &#8211; Un total de 11 exdirectivos de Caja Madrid condenados en 2018 por un delito de apropiaci\u00f3n indebida relacionado con el uso fraudulento de las conocidas como tarjetas &#8216;black&#8217; han accedido ya al [&hellip;]","og_url":"https:\/\/super-news.info\/es\/se-elevan-a-11-los-condenados-por-las-black-que-disfrutan-de-semilibertad-y-solo-cuatro-siguen-en-prision\/","og_site_name":"Super News","article_published_time":"2019-08-06T18:44:58+00:00","article_modified_time":"2019-08-06T18:44:59+00:00","og_image":[{"width":120,"height":80,"url":"https:\/\/super-news.info\/es\/wp-content\/uploads\/sites\/4\/2019\/08\/Se-elevan-a-11-los-condenados-por-las-black-que.jpg","type":"image\/jpeg"}],"author":"super-news","twitter_card":"summary_large_image","twitter_misc":{"Written by":"super-news","Est. reading time":"3 minutes"},"schema":{"@context":"https:\/\/schema.org","@graph":[{"@type":"Article","@id":"https:\/\/super-news.info\/es\/se-elevan-a-11-los-condenados-por-las-black-que-disfrutan-de-semilibertad-y-solo-cuatro-siguen-en-prision\/#article","isPartOf":{"@id":"https:\/\/super-news.info\/es\/se-elevan-a-11-los-condenados-por-las-black-que-disfrutan-de-semilibertad-y-solo-cuatro-siguen-en-prision\/"},"author":{"name":"super-news","@id":"https:\/\/super-news.info\/es\/#\/schema\/person\/2d4068cb2f39cd10008c2fce578a7356"},"headline":"Se elevan a 11 los condenados por las &#8216;black&#8217; que disfrutan de semilibertad y s\u00f3lo cuatro siguen en prisi\u00f3n","datePublished":"2019-08-06T18:44:58+00:00","dateModified":"2019-08-06T18:44:59+00:00","mainEntityOfPage":{"@id":"https:\/\/super-news.info\/es\/se-elevan-a-11-los-condenados-por-las-black-que-disfrutan-de-semilibertad-y-solo-cuatro-siguen-en-prision\/"},"wordCount":573,"commentCount":0,"image":{"@id":"https:\/\/super-news.info\/es\/se-elevan-a-11-los-condenados-por-las-black-que-disfrutan-de-semilibertad-y-solo-cuatro-siguen-en-prision\/#primaryimage"},"thumbnailUrl":"https:\/\/super-news.info\/es\/wp-content\/uploads\/sites\/4\/2019\/08\/Se-elevan-a-11-los-condenados-por-las-black-que.jpg","articleSection":["NOTICIAS FINANCIERAS"],"inLanguage":"en-US","potentialAction":[{"@type":"CommentAction","name":"Comment","target":["https:\/\/super-news.info\/es\/se-elevan-a-11-los-condenados-por-las-black-que-disfrutan-de-semilibertad-y-solo-cuatro-siguen-en-prision\/#respond"]}]},{"@type":"WebPage","@id":"https:\/\/super-news.info\/es\/se-elevan-a-11-los-condenados-por-las-black-que-disfrutan-de-semilibertad-y-solo-cuatro-siguen-en-prision\/","url":"https:\/\/super-news.info\/es\/se-elevan-a-11-los-condenados-por-las-black-que-disfrutan-de-semilibertad-y-solo-cuatro-siguen-en-prision\/","name":"Se elevan a 11 los condenados por las 'black' que disfrutan de semilibertad y s\u00f3lo cuatro siguen en prisi\u00f3n - Super News","isPartOf":{"@id":"https:\/\/super-news.info\/es\/#website"},"primaryImageOfPage":{"@id":"https:\/\/super-news.info\/es\/se-elevan-a-11-los-condenados-por-las-black-que-disfrutan-de-semilibertad-y-solo-cuatro-siguen-en-prision\/#primaryimage"},"image":{"@id":"https:\/\/super-news.info\/es\/se-elevan-a-11-los-condenados-por-las-black-que-disfrutan-de-semilibertad-y-solo-cuatro-siguen-en-prision\/#primaryimage"},"thumbnailUrl":"https:\/\/super-news.info\/es\/wp-content\/uploads\/sites\/4\/2019\/08\/Se-elevan-a-11-los-condenados-por-las-black-que.jpg","datePublished":"2019-08-06T18:44:58+00:00","dateModified":"2019-08-06T18:44:59+00:00","author":{"@id":"https:\/\/super-news.info\/es\/#\/schema\/person\/2d4068cb2f39cd10008c2fce578a7356"},"breadcrumb":{"@id":"https:\/\/super-news.info\/es\/se-elevan-a-11-los-condenados-por-las-black-que-disfrutan-de-semilibertad-y-solo-cuatro-siguen-en-prision\/#breadcrumb"},"inLanguage":"en-US","potentialAction":[{"@type":"ReadAction","target":["https:\/\/super-news.info\/es\/se-elevan-a-11-los-condenados-por-las-black-que-disfrutan-de-semilibertad-y-solo-cuatro-siguen-en-prision\/"]}]},{"@type":"ImageObject","inLanguage":"en-US","@id":"https:\/\/super-news.info\/es\/se-elevan-a-11-los-condenados-por-las-black-que-disfrutan-de-semilibertad-y-solo-cuatro-siguen-en-prision\/#primaryimage","url":"https:\/\/super-news.info\/es\/wp-content\/uploads\/sites\/4\/2019\/08\/Se-elevan-a-11-los-condenados-por-las-black-que.jpg","contentUrl":"https:\/\/super-news.info\/es\/wp-content\/uploads\/sites\/4\/2019\/08\/Se-elevan-a-11-los-condenados-por-las-black-que.jpg","width":120,"height":80,"caption":"Se elevan a 11 los condenados por las 'black' que disfrutan de semilibertad y s\u00f3lo cuatro siguen en prisi\u00f3n"},{"@type":"BreadcrumbList","@id":"https:\/\/super-news.info\/es\/se-elevan-a-11-los-condenados-por-las-black-que-disfrutan-de-semilibertad-y-solo-cuatro-siguen-en-prision\/#breadcrumb","itemListElement":[{"@type":"ListItem","position":1,"name":"\u0413\u043b\u0430\u0432\u043d\u0430\u044f \u0441\u0442\u0440\u0430\u043d\u0438\u0446\u0430","item":"https:\/\/super-news.info\/es\/"},{"@type":"ListItem","position":2,"name":"Se elevan a 11 los condenados por las &#8216;black&#8217; que disfrutan de semilibertad y s\u00f3lo cuatro siguen en prisi\u00f3n"}]},{"@type":"WebSite","@id":"https:\/\/super-news.info\/es\/#website","url":"https:\/\/super-news.info\/es\/","name":"Super News","description":"Super News Espa\u00f1a","potentialAction":[{"@type":"SearchAction","target":{"@type":"EntryPoint","urlTemplate":"https:\/\/super-news.info\/es\/?s={search_term_string}"},"query-input":{"@type":"PropertyValueSpecification","valueRequired":true,"valueName":"search_term_string"}}],"inLanguage":"en-US"},{"@type":"Person","@id":"https:\/\/super-news.info\/es\/#\/schema\/person\/2d4068cb2f39cd10008c2fce578a7356","name":"super-news","image":{"@type":"ImageObject","inLanguage":"en-US","@id":"https:\/\/secure.gravatar.com\/avatar\/64ebac40b93f26a154f8a9b5b6fdccfc46f442b26b3dd6756dbff3bf9dc76fd7?s=96&d=mm&r=g","url":"https:\/\/secure.gravatar.com\/avatar\/64ebac40b93f26a154f8a9b5b6fdccfc46f442b26b3dd6756dbff3bf9dc76fd7?s=96&d=mm&r=g","contentUrl":"https:\/\/secure.gravatar.com\/avatar\/64ebac40b93f26a154f8a9b5b6fdccfc46f442b26b3dd6756dbff3bf9dc76fd7?s=96&d=mm&r=g","caption":"super-news"},"url":"https:\/\/super-news.info\/es\/author\/pt\/"}]}},"_links":{"self":[{"href":"https:\/\/super-news.info\/es\/wp-json\/wp\/v2\/posts\/8131","targetHints":{"allow":["GET"]}}],"collection":[{"href":"https:\/\/super-news.info\/es\/wp-json\/wp\/v2\/posts"}],"about":[{"href":"https:\/\/super-news.info\/es\/wp-json\/wp\/v2\/types\/post"}],"author":[{"embeddable":true,"href":"https:\/\/super-news.info\/es\/wp-json\/wp\/v2\/users\/2"}],"replies":[{"embeddable":true,"href":"https:\/\/super-news.info\/es\/wp-json\/wp\/v2\/comments?post=8131"}],"version-history":[{"count":1,"href":"https:\/\/super-news.info\/es\/wp-json\/wp\/v2\/posts\/8131\/revisions"}],"predecessor-version":[{"id":8133,"href":"https:\/\/super-news.info\/es\/wp-json\/wp\/v2\/posts\/8131\/revisions\/8133"}],"wp:featuredmedia":[{"embeddable":true,"href":"https:\/\/super-news.info\/es\/wp-json\/wp\/v2\/media\/8132"}],"wp:attachment":[{"href":"https:\/\/super-news.info\/es\/wp-json\/wp\/v2\/media?parent=8131"}],"wp:term":[{"taxonomy":"category","embeddable":true,"href":"https:\/\/super-news.info\/es\/wp-json\/wp\/v2\/categories?post=8131"},{"taxonomy":"post_tag","embeddable":true,"href":"https:\/\/super-news.info\/es\/wp-json\/wp\/v2\/tags?post=8131"}],"curies":[{"name":"wp","href":"https:\/\/api.w.org\/{rel}","templated":true}]}}