{"id":8110,"date":"2019-08-06T17:17:22","date_gmt":"2019-08-06T14:17:22","guid":{"rendered":"https:\/\/super-news.info\/es\/el-gobierno-ve-necesario-convocar-la-comision-de-cooperacion-por-el-recorte-de-la-cnmc-al-sector-gasista\/"},"modified":"2019-08-06T17:17:22","modified_gmt":"2019-08-06T14:17:22","slug":"el-gobierno-ve-necesario-convocar-la-comision-de-cooperacion-por-el-recorte-de-la-cnmc-al-sector-gasista","status":"publish","type":"post","link":"https:\/\/super-news.info\/es\/el-gobierno-ve-necesario-convocar-la-comision-de-cooperacion-por-el-recorte-de-la-cnmc-al-sector-gasista\/","title":{"rendered":"El Gobierno ve necesario convocar la Comisi\u00f3n de Cooperaci\u00f3n por el recorte de la CNMC al sector gasista"},"content":{"rendered":"<p> [ad_1]<\/p>\n<div id=\"CuerpoNoticiav2\" itemprop=\"articleBody\">\n<p>MADRID, 6 Ago. (EUROPA PRESS) &#8211; <\/p>\n<p itemprop=\"description\">   El Ministerio para la Transici\u00f3n Ecol\u00f3gica considera necesaria la convocatoria de la Comisi\u00f3n de Cooperaci\u00f3n para resolver sus discrepancias con la Comisi\u00f3n Nacional de los Mercados y la Competencia (CNMC) respecto a la propuesta de recorte del regulador para el sector gasista.<\/p>\n<p>   En su informe sobre el borrador de circular de la CNMC por el que se establece la metodolog\u00eda para la retribuci\u00f3n de las instalaciones de transporte de gas natural y de las plantas de gas natural licuado, el gabinete dirigido por Teresa Ribera afirma que la propuesta &#8220;no ha tenido en cuenta la orientaci\u00f3n de pol\u00edtica energ\u00e9tica, relativa a la introducci\u00f3n en la metodolog\u00eda de retribuci\u00f3n de un principio de prudencia financiera para los titulares de los activos de transporte y regasificaci\u00f3n&#8221;.<\/p>\n<p>   &#8220;Ello a pesar de que la propia CNMC en diversos informes econ\u00f3micos-financieros de actividades reguladas ha manifestado su preocupaci\u00f3n por el elevado grado de apalancamiento de las actividades reguladas y juzgado conveniente el establecimiento normativo de l\u00edmites de apalancamiento adecuados para las mismas&#8221;, a\u00f1ade.<\/p>\n<p>   Asimismo, bajo el marco retributivo propuesto, para asegurar que se cumple con la orientaci\u00f3n de incentivar la extensi\u00f3n del funcionamiento de las instalaciones, cree necesario analizar si la retribuci\u00f3n por extensi\u00f3n de vida \u00fatil que se establece compensa suficientemente al titular de un activo frente a la alternativa de invertir en una nueva instalaci\u00f3n que los sustituya.<\/p>\n<p>   En este caso, considera que este an\u00e1lisis s\u00f3lo podr\u00e1 realizarse una vez se conozcan los valores unitarios por inversi\u00f3n y por costes de operaci\u00f3n y mantenimiento que la propia CNMC tiene previsto aprobar pr\u00f3ximamente.<\/p>\n<p>   A pesar de estas discrepancias, el Ejecutivo valora &#8220;positivamente&#8221; la propuesta de la CNMC, en la que plantea para los siguientes periodos regulatorios una rebaja del 17,8% en la retribuci\u00f3n de la distribuci\u00f3n del gas y del 7% en la de la electricidad, as\u00ed como un recorte del 21,8% para la actividad de transporte de gas y regasificaci\u00f3n y del 8,2% para la del transporte el\u00e9ctrico, y comparte &#8220;el enfoque general&#8221; de la propuesta.<\/p>\n<p>   No obstante, el Ministerio para la Transici\u00f3n Ecol\u00f3gica ve necesario convocar la Comisi\u00f3n de Cooperaci\u00f3n, organismo previsto en la ley por la que se devolvi\u00f3 a la CNMC sus competencias en materia energ\u00e9tica y que estar\u00eda compuesta por tres miembros del regulador y otros tres de la Secretar\u00eda de Estado de Energ\u00eda, con el objetivo de alcanzar una soluci\u00f3n consensuada a las discrepancias y adecuarla a sus orientaciones de pol\u00edtica energ\u00e9tica.<\/p>\n<h2 class=\"ladillo\">EL SECTOR EL\u00c9CTRICO.<\/h2>\n<p>   En lo que se refiere a la propuesta para la retribuci\u00f3n de la actividad de transporte de energ\u00eda el\u00e9ctrica, el Gobierno tambi\u00e9n valora &#8220;positivamente&#8221; la circular de la CNMC y cree que la nueva metodolog\u00eda es &#8220;continuista&#8221;.<\/p>\n<p>   Sin embargo, en este caso tambi\u00e9n ve discrepancias para convocar la Comisi\u00f3n de Cooperaci\u00f3n debido a diferentes aspectos. As\u00ed, considera que se adec\u00faa &#8220;de una manera parcial&#8221; la necesidad de incentivar la extensi\u00f3n del funcionamiento de las instalaciones m\u00e1s all\u00e1 de su vida \u00fatil retributiva.<\/p>\n<p>   Adem\u00e1s, se\u00f1ala que aborda aspectos que corresponde regular al Gobierno, mediante Real Decreto, invadiendo as\u00ed sus competencias, como el establecimiento de un l\u00edmite m\u00e1ximo de inversi\u00f3n anual y la aprobaci\u00f3n de los planes de inversi\u00f3n.<\/p>\n<p>   El gabinete dirigido por Teresa Ribera tambi\u00e9n afirma que, al no identificarse claramente el concepto retributivo en el que se enmarcan las inversiones necesarias en activos encaminados a la modernizaci\u00f3n y digitalizaci\u00f3n de la red, &#8220;no se est\u00e1 ofreciendo un marco retributivo claro, predecible y adecuado para que se puedan acometer dichas inversiones&#8221;.<\/p>\n<p>   En el caso de la propuesta de circulares de la CNMC para la metodolog\u00eda de retribuci\u00f3n del gestor t\u00e9cnico del sistema gasista y del operador del sistema el\u00e9ctrica, el Gobierno no ve motivos para plantear la convocatoria de la Comisi\u00f3n de Cooperaci\u00f3n.<\/p>\n<p>   En lo que respecta al operador del sistema el\u00e9ctrico, se\u00f1ala que se puede considerar que la propuesta se adec\u00faa en su &#8220;totalidad&#8221; con las orientaciones de pol\u00edtica energ\u00e9tica, mientras que en el caso del gestor del sistema gasista cree que se adec\u00faa &#8220;parcialmente&#8221;.<\/p>\n<\/div>\n<p>[ad_2]<br \/>\n<br \/><a href=\"https:\/\/www.europapress.es\/economia\/energia-00341\/noticia-gobierno-ve-necesario-convocar-comision-cooperacion-recorte-cnmc-sector-gasista-20190806152743.html\">Source link <\/a><\/p>\n","protected":false},"excerpt":{"rendered":"<p>[ad_1] MADRID, 6 Ago. (EUROPA PRESS) &#8211; El Ministerio para la Transici\u00f3n Ecol\u00f3gica considera necesaria la convocatoria de la Comisi\u00f3n de Cooperaci\u00f3n para resolver sus discrepancias con la Comisi\u00f3n Nacional de los Mercados y la Competencia (CNMC) respecto a la propuesta de recorte del regulador para el sector gasista. En su informe sobre el borrador [&hellip;]<\/p>\n","protected":false},"author":2,"featured_media":8111,"comment_status":"open","ping_status":"open","sticky":false,"template":"","format":"standard","meta":{"footnotes":""},"categories":[1],"tags":[],"class_list":["post-8110","post","type-post","status-publish","format-standard","has-post-thumbnail","hentry","category-noticias-financieras"],"yoast_head":"<!-- This site is optimized with the Yoast SEO plugin v27.4 - https:\/\/yoast.com\/product\/yoast-seo-wordpress\/ -->\n<title>El Gobierno ve necesario convocar la Comisi\u00f3n de Cooperaci\u00f3n por el recorte de la CNMC al sector gasista - Super News<\/title>\n<meta name=\"robots\" content=\"index, follow, max-snippet:-1, max-image-preview:large, max-video-preview:-1\" \/>\n<link rel=\"canonical\" href=\"https:\/\/super-news.info\/es\/el-gobierno-ve-necesario-convocar-la-comision-de-cooperacion-por-el-recorte-de-la-cnmc-al-sector-gasista\/\" \/>\n<meta property=\"og:locale\" content=\"en_US\" \/>\n<meta property=\"og:type\" content=\"article\" \/>\n<meta property=\"og:title\" content=\"El Gobierno ve necesario convocar la Comisi\u00f3n de Cooperaci\u00f3n por el recorte de la CNMC al sector gasista - Super News\" \/>\n<meta property=\"og:description\" content=\"[ad_1] MADRID, 6 Ago. (EUROPA PRESS) &#8211; El Ministerio para la Transici\u00f3n Ecol\u00f3gica considera necesaria la convocatoria de la Comisi\u00f3n de Cooperaci\u00f3n para resolver sus discrepancias con la Comisi\u00f3n Nacional de los Mercados y la Competencia (CNMC) respecto a la propuesta de recorte del regulador para el sector gasista. En su informe sobre el borrador [&hellip;]\" \/>\n<meta property=\"og:url\" content=\"https:\/\/super-news.info\/es\/el-gobierno-ve-necesario-convocar-la-comision-de-cooperacion-por-el-recorte-de-la-cnmc-al-sector-gasista\/\" \/>\n<meta property=\"og:site_name\" content=\"Super News\" \/>\n<meta property=\"article:published_time\" content=\"2019-08-06T14:17:22+00:00\" \/>\n<meta property=\"og:image\" content=\"https:\/\/super-news.info\/es\/wp-content\/uploads\/sites\/4\/2019\/08\/El-Gobierno-ve-necesario-convocar-la-Comisi\u00f3n-de-Cooperaci\u00f3n-por.jpg\" \/>\n\t<meta property=\"og:image:width\" content=\"120\" \/>\n\t<meta property=\"og:image:height\" content=\"86\" \/>\n\t<meta property=\"og:image:type\" content=\"image\/jpeg\" \/>\n<meta name=\"author\" content=\"super-news\" \/>\n<meta name=\"twitter:card\" content=\"summary_large_image\" \/>\n<meta name=\"twitter:label1\" content=\"Written by\" \/>\n\t<meta name=\"twitter:data1\" content=\"super-news\" \/>\n\t<meta name=\"twitter:label2\" content=\"Est. reading time\" \/>\n\t<meta name=\"twitter:data2\" content=\"4 minutes\" \/>\n<script type=\"application\/ld+json\" class=\"yoast-schema-graph\">{\"@context\":\"https:\\\/\\\/schema.org\",\"@graph\":[{\"@type\":\"Article\",\"@id\":\"https:\\\/\\\/super-news.info\\\/es\\\/el-gobierno-ve-necesario-convocar-la-comision-de-cooperacion-por-el-recorte-de-la-cnmc-al-sector-gasista\\\/#article\",\"isPartOf\":{\"@id\":\"https:\\\/\\\/super-news.info\\\/es\\\/el-gobierno-ve-necesario-convocar-la-comision-de-cooperacion-por-el-recorte-de-la-cnmc-al-sector-gasista\\\/\"},\"author\":{\"name\":\"super-news\",\"@id\":\"https:\\\/\\\/super-news.info\\\/es\\\/#\\\/schema\\\/person\\\/2d4068cb2f39cd10008c2fce578a7356\"},\"headline\":\"El Gobierno ve necesario convocar la Comisi\u00f3n de Cooperaci\u00f3n por el recorte de la CNMC al sector gasista\",\"datePublished\":\"2019-08-06T14:17:22+00:00\",\"mainEntityOfPage\":{\"@id\":\"https:\\\/\\\/super-news.info\\\/es\\\/el-gobierno-ve-necesario-convocar-la-comision-de-cooperacion-por-el-recorte-de-la-cnmc-al-sector-gasista\\\/\"},\"wordCount\":764,\"commentCount\":0,\"image\":{\"@id\":\"https:\\\/\\\/super-news.info\\\/es\\\/el-gobierno-ve-necesario-convocar-la-comision-de-cooperacion-por-el-recorte-de-la-cnmc-al-sector-gasista\\\/#primaryimage\"},\"thumbnailUrl\":\"https:\\\/\\\/super-news.info\\\/es\\\/wp-content\\\/uploads\\\/sites\\\/4\\\/2019\\\/08\\\/El-Gobierno-ve-necesario-convocar-la-Comisi\u00f3n-de-Cooperaci\u00f3n-por.jpg\",\"articleSection\":[\"NOTICIAS FINANCIERAS\"],\"inLanguage\":\"en-US\",\"potentialAction\":[{\"@type\":\"CommentAction\",\"name\":\"Comment\",\"target\":[\"https:\\\/\\\/super-news.info\\\/es\\\/el-gobierno-ve-necesario-convocar-la-comision-de-cooperacion-por-el-recorte-de-la-cnmc-al-sector-gasista\\\/#respond\"]}]},{\"@type\":\"WebPage\",\"@id\":\"https:\\\/\\\/super-news.info\\\/es\\\/el-gobierno-ve-necesario-convocar-la-comision-de-cooperacion-por-el-recorte-de-la-cnmc-al-sector-gasista\\\/\",\"url\":\"https:\\\/\\\/super-news.info\\\/es\\\/el-gobierno-ve-necesario-convocar-la-comision-de-cooperacion-por-el-recorte-de-la-cnmc-al-sector-gasista\\\/\",\"name\":\"El Gobierno ve necesario convocar la Comisi\u00f3n de Cooperaci\u00f3n por el recorte de la CNMC al sector gasista - Super News\",\"isPartOf\":{\"@id\":\"https:\\\/\\\/super-news.info\\\/es\\\/#website\"},\"primaryImageOfPage\":{\"@id\":\"https:\\\/\\\/super-news.info\\\/es\\\/el-gobierno-ve-necesario-convocar-la-comision-de-cooperacion-por-el-recorte-de-la-cnmc-al-sector-gasista\\\/#primaryimage\"},\"image\":{\"@id\":\"https:\\\/\\\/super-news.info\\\/es\\\/el-gobierno-ve-necesario-convocar-la-comision-de-cooperacion-por-el-recorte-de-la-cnmc-al-sector-gasista\\\/#primaryimage\"},\"thumbnailUrl\":\"https:\\\/\\\/super-news.info\\\/es\\\/wp-content\\\/uploads\\\/sites\\\/4\\\/2019\\\/08\\\/El-Gobierno-ve-necesario-convocar-la-Comisi\u00f3n-de-Cooperaci\u00f3n-por.jpg\",\"datePublished\":\"2019-08-06T14:17:22+00:00\",\"author\":{\"@id\":\"https:\\\/\\\/super-news.info\\\/es\\\/#\\\/schema\\\/person\\\/2d4068cb2f39cd10008c2fce578a7356\"},\"breadcrumb\":{\"@id\":\"https:\\\/\\\/super-news.info\\\/es\\\/el-gobierno-ve-necesario-convocar-la-comision-de-cooperacion-por-el-recorte-de-la-cnmc-al-sector-gasista\\\/#breadcrumb\"},\"inLanguage\":\"en-US\",\"potentialAction\":[{\"@type\":\"ReadAction\",\"target\":[\"https:\\\/\\\/super-news.info\\\/es\\\/el-gobierno-ve-necesario-convocar-la-comision-de-cooperacion-por-el-recorte-de-la-cnmc-al-sector-gasista\\\/\"]}]},{\"@type\":\"ImageObject\",\"inLanguage\":\"en-US\",\"@id\":\"https:\\\/\\\/super-news.info\\\/es\\\/el-gobierno-ve-necesario-convocar-la-comision-de-cooperacion-por-el-recorte-de-la-cnmc-al-sector-gasista\\\/#primaryimage\",\"url\":\"https:\\\/\\\/super-news.info\\\/es\\\/wp-content\\\/uploads\\\/sites\\\/4\\\/2019\\\/08\\\/El-Gobierno-ve-necesario-convocar-la-Comisi\u00f3n-de-Cooperaci\u00f3n-por.jpg\",\"contentUrl\":\"https:\\\/\\\/super-news.info\\\/es\\\/wp-content\\\/uploads\\\/sites\\\/4\\\/2019\\\/08\\\/El-Gobierno-ve-necesario-convocar-la-Comisi\u00f3n-de-Cooperaci\u00f3n-por.jpg\",\"width\":120,\"height\":86,\"caption\":\"El Gobierno ve necesario convocar la Comisi\u00f3n de Cooperaci\u00f3n por el recorte de la CNMC al sector gasista\"},{\"@type\":\"BreadcrumbList\",\"@id\":\"https:\\\/\\\/super-news.info\\\/es\\\/el-gobierno-ve-necesario-convocar-la-comision-de-cooperacion-por-el-recorte-de-la-cnmc-al-sector-gasista\\\/#breadcrumb\",\"itemListElement\":[{\"@type\":\"ListItem\",\"position\":1,\"name\":\"\u0413\u043b\u0430\u0432\u043d\u0430\u044f \u0441\u0442\u0440\u0430\u043d\u0438\u0446\u0430\",\"item\":\"https:\\\/\\\/super-news.info\\\/es\\\/\"},{\"@type\":\"ListItem\",\"position\":2,\"name\":\"El Gobierno ve necesario convocar la Comisi\u00f3n de Cooperaci\u00f3n por el recorte de la CNMC al sector gasista\"}]},{\"@type\":\"WebSite\",\"@id\":\"https:\\\/\\\/super-news.info\\\/es\\\/#website\",\"url\":\"https:\\\/\\\/super-news.info\\\/es\\\/\",\"name\":\"Super News\",\"description\":\"Super News Espa\u00f1a\",\"potentialAction\":[{\"@type\":\"SearchAction\",\"target\":{\"@type\":\"EntryPoint\",\"urlTemplate\":\"https:\\\/\\\/super-news.info\\\/es\\\/?s={search_term_string}\"},\"query-input\":{\"@type\":\"PropertyValueSpecification\",\"valueRequired\":true,\"valueName\":\"search_term_string\"}}],\"inLanguage\":\"en-US\"},{\"@type\":\"Person\",\"@id\":\"https:\\\/\\\/super-news.info\\\/es\\\/#\\\/schema\\\/person\\\/2d4068cb2f39cd10008c2fce578a7356\",\"name\":\"super-news\",\"image\":{\"@type\":\"ImageObject\",\"inLanguage\":\"en-US\",\"@id\":\"https:\\\/\\\/secure.gravatar.com\\\/avatar\\\/64ebac40b93f26a154f8a9b5b6fdccfc46f442b26b3dd6756dbff3bf9dc76fd7?s=96&d=mm&r=g\",\"url\":\"https:\\\/\\\/secure.gravatar.com\\\/avatar\\\/64ebac40b93f26a154f8a9b5b6fdccfc46f442b26b3dd6756dbff3bf9dc76fd7?s=96&d=mm&r=g\",\"contentUrl\":\"https:\\\/\\\/secure.gravatar.com\\\/avatar\\\/64ebac40b93f26a154f8a9b5b6fdccfc46f442b26b3dd6756dbff3bf9dc76fd7?s=96&d=mm&r=g\",\"caption\":\"super-news\"},\"url\":\"https:\\\/\\\/super-news.info\\\/es\\\/author\\\/pt\\\/\"}]}<\/script>\n<!-- \/ Yoast SEO plugin. -->","yoast_head_json":{"title":"El Gobierno ve necesario convocar la Comisi\u00f3n de Cooperaci\u00f3n por el recorte de la CNMC al sector gasista - Super News","robots":{"index":"index","follow":"follow","max-snippet":"max-snippet:-1","max-image-preview":"max-image-preview:large","max-video-preview":"max-video-preview:-1"},"canonical":"https:\/\/super-news.info\/es\/el-gobierno-ve-necesario-convocar-la-comision-de-cooperacion-por-el-recorte-de-la-cnmc-al-sector-gasista\/","og_locale":"en_US","og_type":"article","og_title":"El Gobierno ve necesario convocar la Comisi\u00f3n de Cooperaci\u00f3n por el recorte de la CNMC al sector gasista - Super News","og_description":"[ad_1] MADRID, 6 Ago. (EUROPA PRESS) &#8211; El Ministerio para la Transici\u00f3n Ecol\u00f3gica considera necesaria la convocatoria de la Comisi\u00f3n de Cooperaci\u00f3n para resolver sus discrepancias con la Comisi\u00f3n Nacional de los Mercados y la Competencia (CNMC) respecto a la propuesta de recorte del regulador para el sector gasista. En su informe sobre el borrador [&hellip;]","og_url":"https:\/\/super-news.info\/es\/el-gobierno-ve-necesario-convocar-la-comision-de-cooperacion-por-el-recorte-de-la-cnmc-al-sector-gasista\/","og_site_name":"Super News","article_published_time":"2019-08-06T14:17:22+00:00","og_image":[{"width":120,"height":86,"url":"https:\/\/super-news.info\/es\/wp-content\/uploads\/sites\/4\/2019\/08\/El-Gobierno-ve-necesario-convocar-la-Comisi\u00f3n-de-Cooperaci\u00f3n-por.jpg","type":"image\/jpeg"}],"author":"super-news","twitter_card":"summary_large_image","twitter_misc":{"Written by":"super-news","Est. reading time":"4 minutes"},"schema":{"@context":"https:\/\/schema.org","@graph":[{"@type":"Article","@id":"https:\/\/super-news.info\/es\/el-gobierno-ve-necesario-convocar-la-comision-de-cooperacion-por-el-recorte-de-la-cnmc-al-sector-gasista\/#article","isPartOf":{"@id":"https:\/\/super-news.info\/es\/el-gobierno-ve-necesario-convocar-la-comision-de-cooperacion-por-el-recorte-de-la-cnmc-al-sector-gasista\/"},"author":{"name":"super-news","@id":"https:\/\/super-news.info\/es\/#\/schema\/person\/2d4068cb2f39cd10008c2fce578a7356"},"headline":"El Gobierno ve necesario convocar la Comisi\u00f3n de Cooperaci\u00f3n por el recorte de la CNMC al sector gasista","datePublished":"2019-08-06T14:17:22+00:00","mainEntityOfPage":{"@id":"https:\/\/super-news.info\/es\/el-gobierno-ve-necesario-convocar-la-comision-de-cooperacion-por-el-recorte-de-la-cnmc-al-sector-gasista\/"},"wordCount":764,"commentCount":0,"image":{"@id":"https:\/\/super-news.info\/es\/el-gobierno-ve-necesario-convocar-la-comision-de-cooperacion-por-el-recorte-de-la-cnmc-al-sector-gasista\/#primaryimage"},"thumbnailUrl":"https:\/\/super-news.info\/es\/wp-content\/uploads\/sites\/4\/2019\/08\/El-Gobierno-ve-necesario-convocar-la-Comisi\u00f3n-de-Cooperaci\u00f3n-por.jpg","articleSection":["NOTICIAS FINANCIERAS"],"inLanguage":"en-US","potentialAction":[{"@type":"CommentAction","name":"Comment","target":["https:\/\/super-news.info\/es\/el-gobierno-ve-necesario-convocar-la-comision-de-cooperacion-por-el-recorte-de-la-cnmc-al-sector-gasista\/#respond"]}]},{"@type":"WebPage","@id":"https:\/\/super-news.info\/es\/el-gobierno-ve-necesario-convocar-la-comision-de-cooperacion-por-el-recorte-de-la-cnmc-al-sector-gasista\/","url":"https:\/\/super-news.info\/es\/el-gobierno-ve-necesario-convocar-la-comision-de-cooperacion-por-el-recorte-de-la-cnmc-al-sector-gasista\/","name":"El Gobierno ve necesario convocar la Comisi\u00f3n de Cooperaci\u00f3n por el recorte de la CNMC al sector gasista - Super News","isPartOf":{"@id":"https:\/\/super-news.info\/es\/#website"},"primaryImageOfPage":{"@id":"https:\/\/super-news.info\/es\/el-gobierno-ve-necesario-convocar-la-comision-de-cooperacion-por-el-recorte-de-la-cnmc-al-sector-gasista\/#primaryimage"},"image":{"@id":"https:\/\/super-news.info\/es\/el-gobierno-ve-necesario-convocar-la-comision-de-cooperacion-por-el-recorte-de-la-cnmc-al-sector-gasista\/#primaryimage"},"thumbnailUrl":"https:\/\/super-news.info\/es\/wp-content\/uploads\/sites\/4\/2019\/08\/El-Gobierno-ve-necesario-convocar-la-Comisi\u00f3n-de-Cooperaci\u00f3n-por.jpg","datePublished":"2019-08-06T14:17:22+00:00","author":{"@id":"https:\/\/super-news.info\/es\/#\/schema\/person\/2d4068cb2f39cd10008c2fce578a7356"},"breadcrumb":{"@id":"https:\/\/super-news.info\/es\/el-gobierno-ve-necesario-convocar-la-comision-de-cooperacion-por-el-recorte-de-la-cnmc-al-sector-gasista\/#breadcrumb"},"inLanguage":"en-US","potentialAction":[{"@type":"ReadAction","target":["https:\/\/super-news.info\/es\/el-gobierno-ve-necesario-convocar-la-comision-de-cooperacion-por-el-recorte-de-la-cnmc-al-sector-gasista\/"]}]},{"@type":"ImageObject","inLanguage":"en-US","@id":"https:\/\/super-news.info\/es\/el-gobierno-ve-necesario-convocar-la-comision-de-cooperacion-por-el-recorte-de-la-cnmc-al-sector-gasista\/#primaryimage","url":"https:\/\/super-news.info\/es\/wp-content\/uploads\/sites\/4\/2019\/08\/El-Gobierno-ve-necesario-convocar-la-Comisi\u00f3n-de-Cooperaci\u00f3n-por.jpg","contentUrl":"https:\/\/super-news.info\/es\/wp-content\/uploads\/sites\/4\/2019\/08\/El-Gobierno-ve-necesario-convocar-la-Comisi\u00f3n-de-Cooperaci\u00f3n-por.jpg","width":120,"height":86,"caption":"El Gobierno ve necesario convocar la Comisi\u00f3n de Cooperaci\u00f3n por el recorte de la CNMC al sector gasista"},{"@type":"BreadcrumbList","@id":"https:\/\/super-news.info\/es\/el-gobierno-ve-necesario-convocar-la-comision-de-cooperacion-por-el-recorte-de-la-cnmc-al-sector-gasista\/#breadcrumb","itemListElement":[{"@type":"ListItem","position":1,"name":"\u0413\u043b\u0430\u0432\u043d\u0430\u044f \u0441\u0442\u0440\u0430\u043d\u0438\u0446\u0430","item":"https:\/\/super-news.info\/es\/"},{"@type":"ListItem","position":2,"name":"El Gobierno ve necesario convocar la Comisi\u00f3n de Cooperaci\u00f3n por el recorte de la CNMC al sector gasista"}]},{"@type":"WebSite","@id":"https:\/\/super-news.info\/es\/#website","url":"https:\/\/super-news.info\/es\/","name":"Super News","description":"Super News Espa\u00f1a","potentialAction":[{"@type":"SearchAction","target":{"@type":"EntryPoint","urlTemplate":"https:\/\/super-news.info\/es\/?s={search_term_string}"},"query-input":{"@type":"PropertyValueSpecification","valueRequired":true,"valueName":"search_term_string"}}],"inLanguage":"en-US"},{"@type":"Person","@id":"https:\/\/super-news.info\/es\/#\/schema\/person\/2d4068cb2f39cd10008c2fce578a7356","name":"super-news","image":{"@type":"ImageObject","inLanguage":"en-US","@id":"https:\/\/secure.gravatar.com\/avatar\/64ebac40b93f26a154f8a9b5b6fdccfc46f442b26b3dd6756dbff3bf9dc76fd7?s=96&d=mm&r=g","url":"https:\/\/secure.gravatar.com\/avatar\/64ebac40b93f26a154f8a9b5b6fdccfc46f442b26b3dd6756dbff3bf9dc76fd7?s=96&d=mm&r=g","contentUrl":"https:\/\/secure.gravatar.com\/avatar\/64ebac40b93f26a154f8a9b5b6fdccfc46f442b26b3dd6756dbff3bf9dc76fd7?s=96&d=mm&r=g","caption":"super-news"},"url":"https:\/\/super-news.info\/es\/author\/pt\/"}]}},"_links":{"self":[{"href":"https:\/\/super-news.info\/es\/wp-json\/wp\/v2\/posts\/8110","targetHints":{"allow":["GET"]}}],"collection":[{"href":"https:\/\/super-news.info\/es\/wp-json\/wp\/v2\/posts"}],"about":[{"href":"https:\/\/super-news.info\/es\/wp-json\/wp\/v2\/types\/post"}],"author":[{"embeddable":true,"href":"https:\/\/super-news.info\/es\/wp-json\/wp\/v2\/users\/2"}],"replies":[{"embeddable":true,"href":"https:\/\/super-news.info\/es\/wp-json\/wp\/v2\/comments?post=8110"}],"version-history":[{"count":1,"href":"https:\/\/super-news.info\/es\/wp-json\/wp\/v2\/posts\/8110\/revisions"}],"predecessor-version":[{"id":8112,"href":"https:\/\/super-news.info\/es\/wp-json\/wp\/v2\/posts\/8110\/revisions\/8112"}],"wp:featuredmedia":[{"embeddable":true,"href":"https:\/\/super-news.info\/es\/wp-json\/wp\/v2\/media\/8111"}],"wp:attachment":[{"href":"https:\/\/super-news.info\/es\/wp-json\/wp\/v2\/media?parent=8110"}],"wp:term":[{"taxonomy":"category","embeddable":true,"href":"https:\/\/super-news.info\/es\/wp-json\/wp\/v2\/categories?post=8110"},{"taxonomy":"post_tag","embeddable":true,"href":"https:\/\/super-news.info\/es\/wp-json\/wp\/v2\/tags?post=8110"}],"curies":[{"name":"wp","href":"https:\/\/api.w.org\/{rel}","templated":true}]}}