{"id":8095,"date":"2019-08-06T13:54:05","date_gmt":"2019-08-06T10:54:05","guid":{"rendered":"https:\/\/super-news.info\/es\/maroto-afirma-que-la-guerra-comercial-entre-china-y-eeuu-afecta-a-espana-pero-menos-que-a-otros-paises\/"},"modified":"2019-08-06T13:54:06","modified_gmt":"2019-08-06T10:54:06","slug":"maroto-afirma-que-la-guerra-comercial-entre-china-y-eeuu-afecta-a-espana-pero-menos-que-a-otros-paises","status":"publish","type":"post","link":"https:\/\/super-news.info\/es\/maroto-afirma-que-la-guerra-comercial-entre-china-y-eeuu-afecta-a-espana-pero-menos-que-a-otros-paises\/","title":{"rendered":"Maroto afirma que la guerra comercial entre China y EEUU afecta a Espa\u00f1a, pero &#8220;menos que a otros pa\u00edses&#8221;"},"content":{"rendered":"<p> [ad_1]<\/p>\n<div id=\"CuerpoNoticiav2\" itemprop=\"articleBody\">\n<p>OVIEDO, 6 Ago. (EUROPA PRESS) &#8211; <\/p>\n<p itemprop=\"description\">   La ministra de Industria, Comercio y Turismo en funciones, Reyes Maroto, ha afirmado este martes que la guerra comercial protagonizada por China y EEUU afecta a Espa\u00f1a, aunque &#8220;menos que a otros pa\u00edses del entorno&#8221;.<\/p>\n<p>   En una rueda de prensa ofrecida en Oviedo junto al presidente de Asturias, Adri\u00e1n Barb\u00f3n, Maroto ha asegurado que el departamento que dirige est\u00e1 siendo &#8220;proactivo&#8221;, trabajando en los espacios en los que Espa\u00f1a est\u00e1 representada a nivel mundial, para defender a las empresas aut\u00f3ctonas de los posibles &#8220;efectos colaterales de la crisis&#8221;.<\/p>\n<p>   As\u00ed, defendi\u00f3 el sistema &#8220;multilateral&#8221; en el que opera el pa\u00eds, un modelo que ha permitido generar riqueza y empleo, as\u00ed como un &#8220;crecimiento sostenible&#8221;, que debe mantenerse mediante la actualizaci\u00f3n de la Organizaci\u00f3n Mundial del Comercio para adaptarla &#8220;al comercio del siglo XXI&#8221;.<\/p>\n<p>   La titular de Industria ha asegurado en esta l\u00ednea que Espa\u00f1a contin\u00faa defendiendo el sistema &#8220;multilateral&#8221; en el que se mueve, frente a los pa\u00edses con medidas proteccionistas. As\u00ed, el Gobierno contin\u00faa trabajando en defensa de las empresas espa\u00f1olas y sus intereses, como en el caso de los aranceles estadounidenses a la aceituna negra.<\/p>\n<p>   China y EEUU se encuentran enzarzados en una guerra comercial desde el hace meses. El \u00faltimo enfrentamiento se ha producido este lunes, despu\u00e9s de que la cotizaci\u00f3n del yuan respecto del d\u00f3lar se debilitara a m\u00ednimos de los \u00faltimos once a\u00f1os, hasta superar la barrera de los siete yuanes por cada &#8216;billete verde&#8217;, algo que no hab\u00eda sucedido desde mayo de 2008.<\/p>\n<p>   El hundimiento de la moneda china frente al d\u00f3lar se produjo apenas unos d\u00edas despu\u00e9s de que Donald Trump amenazase a Pek\u00edn con imponer aranceles adicionales del 10% a 300.000 millones de d\u00f3lares (270.582 millones de euros) de productos chinos a partir del 1 de septiembre.<\/p>\n<p>   En respuesta, el Banco Popular de China (BPC) fijaba un punto medio en la horquilla de cambio del yuan en el mercado continental chino de 6,9225 yuanes por d\u00f3lar, el canje m\u00e1s d\u00e9bil desde diciembre de 2018, tras lo que la cotizaci\u00f3n de la moneda china ha ca\u00eddo hasta los 7,0501 yuanes por d\u00f3lar, un 2,2% por debajo del cruce registrado en la sesi\u00f3n anterior y el peor cambio de la moneda china desde mayo de 2008.<\/p>\n<\/div>\n<p>[ad_2]<br \/>\n<br \/><a href=\"https:\/\/www.europapress.es\/economia\/macroeconomia-00338\/noticia-maroto-afirma-guerra-comercial-china-eeuu-afecta-espana-menos-otros-paises-20190806124316.html\">Source link <\/a><\/p>\n","protected":false},"excerpt":{"rendered":"<p>[ad_1] OVIEDO, 6 Ago. (EUROPA PRESS) &#8211; La ministra de Industria, Comercio y Turismo en funciones, Reyes Maroto, ha afirmado este martes que la guerra comercial protagonizada por China y EEUU afecta a Espa\u00f1a, aunque &#8220;menos que a otros pa\u00edses del entorno&#8221;. En una rueda de prensa ofrecida en Oviedo junto al presidente de Asturias, [&hellip;]<\/p>\n","protected":false},"author":2,"featured_media":8096,"comment_status":"open","ping_status":"open","sticky":false,"template":"","format":"standard","meta":{"footnotes":""},"categories":[1],"tags":[],"class_list":["post-8095","post","type-post","status-publish","format-standard","has-post-thumbnail","hentry","category-noticias-financieras"],"yoast_head":"<!-- This site is optimized with the Yoast SEO plugin v27.4 - https:\/\/yoast.com\/product\/yoast-seo-wordpress\/ -->\n<title>Maroto afirma que la guerra comercial entre China y EEUU afecta a Espa\u00f1a, pero &quot;menos que a otros pa\u00edses&quot; - Super News<\/title>\n<meta name=\"robots\" content=\"index, follow, max-snippet:-1, max-image-preview:large, max-video-preview:-1\" \/>\n<link rel=\"canonical\" href=\"https:\/\/super-news.info\/es\/maroto-afirma-que-la-guerra-comercial-entre-china-y-eeuu-afecta-a-espana-pero-menos-que-a-otros-paises\/\" \/>\n<meta property=\"og:locale\" content=\"en_US\" \/>\n<meta property=\"og:type\" content=\"article\" \/>\n<meta property=\"og:title\" content=\"Maroto afirma que la guerra comercial entre China y EEUU afecta a Espa\u00f1a, pero &quot;menos que a otros pa\u00edses&quot; - Super News\" \/>\n<meta property=\"og:description\" content=\"[ad_1] OVIEDO, 6 Ago. (EUROPA PRESS) &#8211; La ministra de Industria, Comercio y Turismo en funciones, Reyes Maroto, ha afirmado este martes que la guerra comercial protagonizada por China y EEUU afecta a Espa\u00f1a, aunque &#8220;menos que a otros pa\u00edses del entorno&#8221;. En una rueda de prensa ofrecida en Oviedo junto al presidente de Asturias, [&hellip;]\" \/>\n<meta property=\"og:url\" content=\"https:\/\/super-news.info\/es\/maroto-afirma-que-la-guerra-comercial-entre-china-y-eeuu-afecta-a-espana-pero-menos-que-a-otros-paises\/\" \/>\n<meta property=\"og:site_name\" content=\"Super News\" \/>\n<meta property=\"article:published_time\" content=\"2019-08-06T10:54:05+00:00\" \/>\n<meta property=\"article:modified_time\" content=\"2019-08-06T10:54:06+00:00\" \/>\n<meta property=\"og:image\" content=\"https:\/\/super-news.info\/es\/wp-content\/uploads\/sites\/4\/2019\/08\/Maroto-afirma-que-la-guerra-comercial-entre-China-y-EEUU.jpg\" \/>\n\t<meta property=\"og:image:width\" content=\"120\" \/>\n\t<meta property=\"og:image:height\" content=\"90\" \/>\n\t<meta property=\"og:image:type\" content=\"image\/jpeg\" \/>\n<meta name=\"author\" content=\"super-news\" \/>\n<meta name=\"twitter:card\" content=\"summary_large_image\" \/>\n<meta name=\"twitter:label1\" content=\"Written by\" \/>\n\t<meta name=\"twitter:data1\" content=\"super-news\" \/>\n\t<meta name=\"twitter:label2\" content=\"Est. reading time\" \/>\n\t<meta name=\"twitter:data2\" content=\"2 minutes\" \/>\n<script type=\"application\/ld+json\" class=\"yoast-schema-graph\">{\"@context\":\"https:\\\/\\\/schema.org\",\"@graph\":[{\"@type\":\"Article\",\"@id\":\"https:\\\/\\\/super-news.info\\\/es\\\/maroto-afirma-que-la-guerra-comercial-entre-china-y-eeuu-afecta-a-espana-pero-menos-que-a-otros-paises\\\/#article\",\"isPartOf\":{\"@id\":\"https:\\\/\\\/super-news.info\\\/es\\\/maroto-afirma-que-la-guerra-comercial-entre-china-y-eeuu-afecta-a-espana-pero-menos-que-a-otros-paises\\\/\"},\"author\":{\"name\":\"super-news\",\"@id\":\"https:\\\/\\\/super-news.info\\\/es\\\/#\\\/schema\\\/person\\\/2d4068cb2f39cd10008c2fce578a7356\"},\"headline\":\"Maroto afirma que la guerra comercial entre China y EEUU afecta a Espa\u00f1a, pero &#8220;menos que a otros pa\u00edses&#8221;\",\"datePublished\":\"2019-08-06T10:54:05+00:00\",\"dateModified\":\"2019-08-06T10:54:06+00:00\",\"mainEntityOfPage\":{\"@id\":\"https:\\\/\\\/super-news.info\\\/es\\\/maroto-afirma-que-la-guerra-comercial-entre-china-y-eeuu-afecta-a-espana-pero-menos-que-a-otros-paises\\\/\"},\"wordCount\":424,\"commentCount\":0,\"image\":{\"@id\":\"https:\\\/\\\/super-news.info\\\/es\\\/maroto-afirma-que-la-guerra-comercial-entre-china-y-eeuu-afecta-a-espana-pero-menos-que-a-otros-paises\\\/#primaryimage\"},\"thumbnailUrl\":\"https:\\\/\\\/super-news.info\\\/es\\\/wp-content\\\/uploads\\\/sites\\\/4\\\/2019\\\/08\\\/Maroto-afirma-que-la-guerra-comercial-entre-China-y-EEUU.jpg\",\"articleSection\":[\"NOTICIAS FINANCIERAS\"],\"inLanguage\":\"en-US\",\"potentialAction\":[{\"@type\":\"CommentAction\",\"name\":\"Comment\",\"target\":[\"https:\\\/\\\/super-news.info\\\/es\\\/maroto-afirma-que-la-guerra-comercial-entre-china-y-eeuu-afecta-a-espana-pero-menos-que-a-otros-paises\\\/#respond\"]}]},{\"@type\":\"WebPage\",\"@id\":\"https:\\\/\\\/super-news.info\\\/es\\\/maroto-afirma-que-la-guerra-comercial-entre-china-y-eeuu-afecta-a-espana-pero-menos-que-a-otros-paises\\\/\",\"url\":\"https:\\\/\\\/super-news.info\\\/es\\\/maroto-afirma-que-la-guerra-comercial-entre-china-y-eeuu-afecta-a-espana-pero-menos-que-a-otros-paises\\\/\",\"name\":\"Maroto afirma que la guerra comercial entre China y EEUU afecta a Espa\u00f1a, pero \\\"menos que a otros pa\u00edses\\\" - Super News\",\"isPartOf\":{\"@id\":\"https:\\\/\\\/super-news.info\\\/es\\\/#website\"},\"primaryImageOfPage\":{\"@id\":\"https:\\\/\\\/super-news.info\\\/es\\\/maroto-afirma-que-la-guerra-comercial-entre-china-y-eeuu-afecta-a-espana-pero-menos-que-a-otros-paises\\\/#primaryimage\"},\"image\":{\"@id\":\"https:\\\/\\\/super-news.info\\\/es\\\/maroto-afirma-que-la-guerra-comercial-entre-china-y-eeuu-afecta-a-espana-pero-menos-que-a-otros-paises\\\/#primaryimage\"},\"thumbnailUrl\":\"https:\\\/\\\/super-news.info\\\/es\\\/wp-content\\\/uploads\\\/sites\\\/4\\\/2019\\\/08\\\/Maroto-afirma-que-la-guerra-comercial-entre-China-y-EEUU.jpg\",\"datePublished\":\"2019-08-06T10:54:05+00:00\",\"dateModified\":\"2019-08-06T10:54:06+00:00\",\"author\":{\"@id\":\"https:\\\/\\\/super-news.info\\\/es\\\/#\\\/schema\\\/person\\\/2d4068cb2f39cd10008c2fce578a7356\"},\"breadcrumb\":{\"@id\":\"https:\\\/\\\/super-news.info\\\/es\\\/maroto-afirma-que-la-guerra-comercial-entre-china-y-eeuu-afecta-a-espana-pero-menos-que-a-otros-paises\\\/#breadcrumb\"},\"inLanguage\":\"en-US\",\"potentialAction\":[{\"@type\":\"ReadAction\",\"target\":[\"https:\\\/\\\/super-news.info\\\/es\\\/maroto-afirma-que-la-guerra-comercial-entre-china-y-eeuu-afecta-a-espana-pero-menos-que-a-otros-paises\\\/\"]}]},{\"@type\":\"ImageObject\",\"inLanguage\":\"en-US\",\"@id\":\"https:\\\/\\\/super-news.info\\\/es\\\/maroto-afirma-que-la-guerra-comercial-entre-china-y-eeuu-afecta-a-espana-pero-menos-que-a-otros-paises\\\/#primaryimage\",\"url\":\"https:\\\/\\\/super-news.info\\\/es\\\/wp-content\\\/uploads\\\/sites\\\/4\\\/2019\\\/08\\\/Maroto-afirma-que-la-guerra-comercial-entre-China-y-EEUU.jpg\",\"contentUrl\":\"https:\\\/\\\/super-news.info\\\/es\\\/wp-content\\\/uploads\\\/sites\\\/4\\\/2019\\\/08\\\/Maroto-afirma-que-la-guerra-comercial-entre-China-y-EEUU.jpg\",\"width\":120,\"height\":90,\"caption\":\"Maroto afirma que la guerra comercial entre China y EEUU afecta a Espa\u00f1a, pero \\\"menos que a otros pa\u00edses\\\"\"},{\"@type\":\"BreadcrumbList\",\"@id\":\"https:\\\/\\\/super-news.info\\\/es\\\/maroto-afirma-que-la-guerra-comercial-entre-china-y-eeuu-afecta-a-espana-pero-menos-que-a-otros-paises\\\/#breadcrumb\",\"itemListElement\":[{\"@type\":\"ListItem\",\"position\":1,\"name\":\"\u0413\u043b\u0430\u0432\u043d\u0430\u044f \u0441\u0442\u0440\u0430\u043d\u0438\u0446\u0430\",\"item\":\"https:\\\/\\\/super-news.info\\\/es\\\/\"},{\"@type\":\"ListItem\",\"position\":2,\"name\":\"Maroto afirma que la guerra comercial entre China y EEUU afecta a Espa\u00f1a, pero &#8220;menos que a otros pa\u00edses&#8221;\"}]},{\"@type\":\"WebSite\",\"@id\":\"https:\\\/\\\/super-news.info\\\/es\\\/#website\",\"url\":\"https:\\\/\\\/super-news.info\\\/es\\\/\",\"name\":\"Super News\",\"description\":\"Super News Espa\u00f1a\",\"potentialAction\":[{\"@type\":\"SearchAction\",\"target\":{\"@type\":\"EntryPoint\",\"urlTemplate\":\"https:\\\/\\\/super-news.info\\\/es\\\/?s={search_term_string}\"},\"query-input\":{\"@type\":\"PropertyValueSpecification\",\"valueRequired\":true,\"valueName\":\"search_term_string\"}}],\"inLanguage\":\"en-US\"},{\"@type\":\"Person\",\"@id\":\"https:\\\/\\\/super-news.info\\\/es\\\/#\\\/schema\\\/person\\\/2d4068cb2f39cd10008c2fce578a7356\",\"name\":\"super-news\",\"image\":{\"@type\":\"ImageObject\",\"inLanguage\":\"en-US\",\"@id\":\"https:\\\/\\\/secure.gravatar.com\\\/avatar\\\/64ebac40b93f26a154f8a9b5b6fdccfc46f442b26b3dd6756dbff3bf9dc76fd7?s=96&d=mm&r=g\",\"url\":\"https:\\\/\\\/secure.gravatar.com\\\/avatar\\\/64ebac40b93f26a154f8a9b5b6fdccfc46f442b26b3dd6756dbff3bf9dc76fd7?s=96&d=mm&r=g\",\"contentUrl\":\"https:\\\/\\\/secure.gravatar.com\\\/avatar\\\/64ebac40b93f26a154f8a9b5b6fdccfc46f442b26b3dd6756dbff3bf9dc76fd7?s=96&d=mm&r=g\",\"caption\":\"super-news\"},\"url\":\"https:\\\/\\\/super-news.info\\\/es\\\/author\\\/pt\\\/\"}]}<\/script>\n<!-- \/ Yoast SEO plugin. -->","yoast_head_json":{"title":"Maroto afirma que la guerra comercial entre China y EEUU afecta a Espa\u00f1a, pero \"menos que a otros pa\u00edses\" - Super News","robots":{"index":"index","follow":"follow","max-snippet":"max-snippet:-1","max-image-preview":"max-image-preview:large","max-video-preview":"max-video-preview:-1"},"canonical":"https:\/\/super-news.info\/es\/maroto-afirma-que-la-guerra-comercial-entre-china-y-eeuu-afecta-a-espana-pero-menos-que-a-otros-paises\/","og_locale":"en_US","og_type":"article","og_title":"Maroto afirma que la guerra comercial entre China y EEUU afecta a Espa\u00f1a, pero \"menos que a otros pa\u00edses\" - Super News","og_description":"[ad_1] OVIEDO, 6 Ago. (EUROPA PRESS) &#8211; La ministra de Industria, Comercio y Turismo en funciones, Reyes Maroto, ha afirmado este martes que la guerra comercial protagonizada por China y EEUU afecta a Espa\u00f1a, aunque &#8220;menos que a otros pa\u00edses del entorno&#8221;. En una rueda de prensa ofrecida en Oviedo junto al presidente de Asturias, [&hellip;]","og_url":"https:\/\/super-news.info\/es\/maroto-afirma-que-la-guerra-comercial-entre-china-y-eeuu-afecta-a-espana-pero-menos-que-a-otros-paises\/","og_site_name":"Super News","article_published_time":"2019-08-06T10:54:05+00:00","article_modified_time":"2019-08-06T10:54:06+00:00","og_image":[{"width":120,"height":90,"url":"https:\/\/super-news.info\/es\/wp-content\/uploads\/sites\/4\/2019\/08\/Maroto-afirma-que-la-guerra-comercial-entre-China-y-EEUU.jpg","type":"image\/jpeg"}],"author":"super-news","twitter_card":"summary_large_image","twitter_misc":{"Written by":"super-news","Est. reading time":"2 minutes"},"schema":{"@context":"https:\/\/schema.org","@graph":[{"@type":"Article","@id":"https:\/\/super-news.info\/es\/maroto-afirma-que-la-guerra-comercial-entre-china-y-eeuu-afecta-a-espana-pero-menos-que-a-otros-paises\/#article","isPartOf":{"@id":"https:\/\/super-news.info\/es\/maroto-afirma-que-la-guerra-comercial-entre-china-y-eeuu-afecta-a-espana-pero-menos-que-a-otros-paises\/"},"author":{"name":"super-news","@id":"https:\/\/super-news.info\/es\/#\/schema\/person\/2d4068cb2f39cd10008c2fce578a7356"},"headline":"Maroto afirma que la guerra comercial entre China y EEUU afecta a Espa\u00f1a, pero &#8220;menos que a otros pa\u00edses&#8221;","datePublished":"2019-08-06T10:54:05+00:00","dateModified":"2019-08-06T10:54:06+00:00","mainEntityOfPage":{"@id":"https:\/\/super-news.info\/es\/maroto-afirma-que-la-guerra-comercial-entre-china-y-eeuu-afecta-a-espana-pero-menos-que-a-otros-paises\/"},"wordCount":424,"commentCount":0,"image":{"@id":"https:\/\/super-news.info\/es\/maroto-afirma-que-la-guerra-comercial-entre-china-y-eeuu-afecta-a-espana-pero-menos-que-a-otros-paises\/#primaryimage"},"thumbnailUrl":"https:\/\/super-news.info\/es\/wp-content\/uploads\/sites\/4\/2019\/08\/Maroto-afirma-que-la-guerra-comercial-entre-China-y-EEUU.jpg","articleSection":["NOTICIAS FINANCIERAS"],"inLanguage":"en-US","potentialAction":[{"@type":"CommentAction","name":"Comment","target":["https:\/\/super-news.info\/es\/maroto-afirma-que-la-guerra-comercial-entre-china-y-eeuu-afecta-a-espana-pero-menos-que-a-otros-paises\/#respond"]}]},{"@type":"WebPage","@id":"https:\/\/super-news.info\/es\/maroto-afirma-que-la-guerra-comercial-entre-china-y-eeuu-afecta-a-espana-pero-menos-que-a-otros-paises\/","url":"https:\/\/super-news.info\/es\/maroto-afirma-que-la-guerra-comercial-entre-china-y-eeuu-afecta-a-espana-pero-menos-que-a-otros-paises\/","name":"Maroto afirma que la guerra comercial entre China y EEUU afecta a Espa\u00f1a, pero \"menos que a otros pa\u00edses\" - Super News","isPartOf":{"@id":"https:\/\/super-news.info\/es\/#website"},"primaryImageOfPage":{"@id":"https:\/\/super-news.info\/es\/maroto-afirma-que-la-guerra-comercial-entre-china-y-eeuu-afecta-a-espana-pero-menos-que-a-otros-paises\/#primaryimage"},"image":{"@id":"https:\/\/super-news.info\/es\/maroto-afirma-que-la-guerra-comercial-entre-china-y-eeuu-afecta-a-espana-pero-menos-que-a-otros-paises\/#primaryimage"},"thumbnailUrl":"https:\/\/super-news.info\/es\/wp-content\/uploads\/sites\/4\/2019\/08\/Maroto-afirma-que-la-guerra-comercial-entre-China-y-EEUU.jpg","datePublished":"2019-08-06T10:54:05+00:00","dateModified":"2019-08-06T10:54:06+00:00","author":{"@id":"https:\/\/super-news.info\/es\/#\/schema\/person\/2d4068cb2f39cd10008c2fce578a7356"},"breadcrumb":{"@id":"https:\/\/super-news.info\/es\/maroto-afirma-que-la-guerra-comercial-entre-china-y-eeuu-afecta-a-espana-pero-menos-que-a-otros-paises\/#breadcrumb"},"inLanguage":"en-US","potentialAction":[{"@type":"ReadAction","target":["https:\/\/super-news.info\/es\/maroto-afirma-que-la-guerra-comercial-entre-china-y-eeuu-afecta-a-espana-pero-menos-que-a-otros-paises\/"]}]},{"@type":"ImageObject","inLanguage":"en-US","@id":"https:\/\/super-news.info\/es\/maroto-afirma-que-la-guerra-comercial-entre-china-y-eeuu-afecta-a-espana-pero-menos-que-a-otros-paises\/#primaryimage","url":"https:\/\/super-news.info\/es\/wp-content\/uploads\/sites\/4\/2019\/08\/Maroto-afirma-que-la-guerra-comercial-entre-China-y-EEUU.jpg","contentUrl":"https:\/\/super-news.info\/es\/wp-content\/uploads\/sites\/4\/2019\/08\/Maroto-afirma-que-la-guerra-comercial-entre-China-y-EEUU.jpg","width":120,"height":90,"caption":"Maroto afirma que la guerra comercial entre China y EEUU afecta a Espa\u00f1a, pero \"menos que a otros pa\u00edses\""},{"@type":"BreadcrumbList","@id":"https:\/\/super-news.info\/es\/maroto-afirma-que-la-guerra-comercial-entre-china-y-eeuu-afecta-a-espana-pero-menos-que-a-otros-paises\/#breadcrumb","itemListElement":[{"@type":"ListItem","position":1,"name":"\u0413\u043b\u0430\u0432\u043d\u0430\u044f \u0441\u0442\u0440\u0430\u043d\u0438\u0446\u0430","item":"https:\/\/super-news.info\/es\/"},{"@type":"ListItem","position":2,"name":"Maroto afirma que la guerra comercial entre China y EEUU afecta a Espa\u00f1a, pero &#8220;menos que a otros pa\u00edses&#8221;"}]},{"@type":"WebSite","@id":"https:\/\/super-news.info\/es\/#website","url":"https:\/\/super-news.info\/es\/","name":"Super News","description":"Super News Espa\u00f1a","potentialAction":[{"@type":"SearchAction","target":{"@type":"EntryPoint","urlTemplate":"https:\/\/super-news.info\/es\/?s={search_term_string}"},"query-input":{"@type":"PropertyValueSpecification","valueRequired":true,"valueName":"search_term_string"}}],"inLanguage":"en-US"},{"@type":"Person","@id":"https:\/\/super-news.info\/es\/#\/schema\/person\/2d4068cb2f39cd10008c2fce578a7356","name":"super-news","image":{"@type":"ImageObject","inLanguage":"en-US","@id":"https:\/\/secure.gravatar.com\/avatar\/64ebac40b93f26a154f8a9b5b6fdccfc46f442b26b3dd6756dbff3bf9dc76fd7?s=96&d=mm&r=g","url":"https:\/\/secure.gravatar.com\/avatar\/64ebac40b93f26a154f8a9b5b6fdccfc46f442b26b3dd6756dbff3bf9dc76fd7?s=96&d=mm&r=g","contentUrl":"https:\/\/secure.gravatar.com\/avatar\/64ebac40b93f26a154f8a9b5b6fdccfc46f442b26b3dd6756dbff3bf9dc76fd7?s=96&d=mm&r=g","caption":"super-news"},"url":"https:\/\/super-news.info\/es\/author\/pt\/"}]}},"_links":{"self":[{"href":"https:\/\/super-news.info\/es\/wp-json\/wp\/v2\/posts\/8095","targetHints":{"allow":["GET"]}}],"collection":[{"href":"https:\/\/super-news.info\/es\/wp-json\/wp\/v2\/posts"}],"about":[{"href":"https:\/\/super-news.info\/es\/wp-json\/wp\/v2\/types\/post"}],"author":[{"embeddable":true,"href":"https:\/\/super-news.info\/es\/wp-json\/wp\/v2\/users\/2"}],"replies":[{"embeddable":true,"href":"https:\/\/super-news.info\/es\/wp-json\/wp\/v2\/comments?post=8095"}],"version-history":[{"count":1,"href":"https:\/\/super-news.info\/es\/wp-json\/wp\/v2\/posts\/8095\/revisions"}],"predecessor-version":[{"id":8097,"href":"https:\/\/super-news.info\/es\/wp-json\/wp\/v2\/posts\/8095\/revisions\/8097"}],"wp:featuredmedia":[{"embeddable":true,"href":"https:\/\/super-news.info\/es\/wp-json\/wp\/v2\/media\/8096"}],"wp:attachment":[{"href":"https:\/\/super-news.info\/es\/wp-json\/wp\/v2\/media?parent=8095"}],"wp:term":[{"taxonomy":"category","embeddable":true,"href":"https:\/\/super-news.info\/es\/wp-json\/wp\/v2\/categories?post=8095"},{"taxonomy":"post_tag","embeddable":true,"href":"https:\/\/super-news.info\/es\/wp-json\/wp\/v2\/tags?post=8095"}],"curies":[{"name":"wp","href":"https:\/\/api.w.org\/{rel}","templated":true}]}}