{"id":80,"date":"2019-04-14T08:33:38","date_gmt":"2019-04-14T05:33:38","guid":{"rendered":"https:\/\/super-news.info\/es\/claves-economicas-de-la-semana\/"},"modified":"2019-04-14T08:33:39","modified_gmt":"2019-04-14T05:33:39","slug":"claves-economicas-de-la-semana","status":"publish","type":"post","link":"https:\/\/super-news.info\/es\/claves-economicas-de-la-semana\/","title":{"rendered":"Claves econ\u00f3micas de la semana"},"content":{"rendered":"<p> [ad_1]<\/p>\n<div id=\"CuerpoNoticiav2\" itemprop=\"articleBody\">\n<!--inicio FechaNoticia--><\/p>\n<div class=\"FechaPublicacionNoticia\">Publicado 13\/04\/2019 9:59:49<abbr title=\"Central European Time\">CET<\/abbr><\/div>\n<p><!--fin FechaNoticia--><\/p>\n<p>\u00a0\u00a0\u00a0MADRID, 13 Abr. (EDIZIONES) &#8211; <\/p>\n<p itemprop=\"description\">\u00a0\u00a0\u00a0La revisi\u00f3n de las previsiones de crecimiento a nivel mundial y de Espa\u00f1a por el FMI, el mantenimiento de tipos de inter\u00e9s del BCE y la aprobaci\u00f3n de un plan para la internacionalizaci\u00f3n de las pymes son algunas de las noticias econ\u00f3micas m\u00e1s destacadas de esta semana.<\/p>\n<p>\u00a0\u00a0\u00a0Desde Mercado Financiero te traemos las diez claves en la informaci\u00f3n econ\u00f3mica del 8 al 12 de abril.<\/p>\n<h2 class=\"ladillo\">1.- EL FMI RECORTA UNA D\u00c9CIMA SU PREVISI\u00d3N DE CRECIMIENTO PARA ESPA\u00d1A EN 2019, HASTA EL 2,1%<\/h2>\n<p>\u00a0\u00a0\u00a0La econom\u00eda espa\u00f1ola crecer\u00e1 este a\u00f1o un 2,1%, seg\u00fan las \u00faltimas previsiones del Fondo Monetario Internacional (FMI), que ha revisado una d\u00e9cima a la baja su pron\u00f3stico del pasado mes de enero, aunque la instituci\u00f3n internacional ha confirmado su expectativa de que el PIB espa\u00f1ol crecer\u00e1 un 1,9% en 2020, manteni\u00e9ndose as\u00ed en ambos ejercicios por encima de la expansi\u00f3n media anticipada para la zona euro. De hecho, la desaceleraci\u00f3n del crecimiento de la econom\u00eda mundial en 2019 ser\u00e1 mayor de lo estimado inicialmente.<\/p>\n<h2 class=\"ladillo\">2.- EL BCE DECIDE MANTENER SIN CAMBIOS LOS TIPOS DE INTER\u00c9S<\/h2>\n<p>\u00a0\u00a0\u00a0El Banco Central Europeo (BCE) ha mantenido el tipo de inter\u00e9s de referencia para sus operaciones de refinanciaci\u00f3n en el 0%, mientras que la tasa de facilidad de dep\u00f3sito continuar\u00e1 en el -0,40% y la de facilidad de pr\u00e9stamo en el 0,25%.<\/p>\n<h2 class=\"ladillo\">3.- BANCO DE ESPA\u00d1A AVISA DE QUE EL PRECIO DEL ALQUILER SUPERA NIVELES PRECRISIS, PERO LA COMPRAVENTA NO<\/h2>\n<p>\u00a0\u00a0\u00a0El Banco de Espa\u00f1a ha confirmado que mientras que el precio de la compraventa no ha alcanzado a\u00fan el nivel previo a la crisis, el de los alquileres s\u00ed que se ha situado por encima de ese nivel, seg\u00fan apunta la instituci\u00f3n en un art\u00edculo anal\u00edtico.<\/p>\n<h2 class=\"ladillo\">4.- SANTANDER LANZA OFERTA PARA COMPRAR EL 25% DE SU FILIAL EN M\u00c9XICO QUE NO CONTROLA POR UNOS 2.600 MILLONES<\/h2>\n<p>\u00a0\u00a0\u00a0 Banco Santander comunicaba este viernes, antes de la celebraci\u00f3n de la Junta general de accionistas, su intenci\u00f3n de formular una oferta de adquisici\u00f3n de todas las acciones de Santander M\u00e9xico que no son titularidad del grupo y que representan aproximadamente el 25% del capital social de la entidad mexicana, una transacci\u00f3n valorada en cerca de 2.600 millones de euros que se espera lanzar y liquidar en la segunda mitad del a\u00f1o.<\/p>\n<h2 class=\"ladillo\">5.- BORJA PRADO DEJA LA PRESIDENCIA DE ENDESA TRAS CASI DIEZ A\u00d1OS EN EL CARGO<\/h2>\n<p>\u00a0\u00a0\u00a0Borja Prado dejaba este viernes la Presidencia de Endesa, despu\u00e9s de casi una d\u00e9cada al frente de la compa\u00f1\u00eda, durante la junta general de accionistas &#8211;que ha coincido con la primera huelga general de los trabajadores de esta compa\u00f1\u00eda&#8211;, y donde se ha aprobado la entrada en el consejo de la el\u00e9ctrica de Juan S\u00e1nchez-Calero, como paso previo a su nombramiento como nuevo presidente de la energ\u00e9tica.<\/p>\n<h2 class=\"ladillo\">6.- LA FED NO DESCARTA UNA BAJA DE LOS TIPOS EN 2019<\/h2>\n<p>   La Reserva Federal de Estados Unidos (Fed) no descarta rebajar los tipos de inter\u00e9s durante 2019, despu\u00e9s de haberlos incrementado cuatro veces en 2018, seg\u00fan se desprende de las actas de la reuni\u00f3n del banco central del pa\u00eds norteamericano celebrada el pasada 20 de marzo.<\/p>\n<h2 class=\"ladillo\">7.- EL GOBIERNO APRUEBA AYUDAS POR 456 MILLONES PARA AUMENTAR EL TAMA\u00d1O DE PYMES Y PARA EFICIENCIA ENERG\u00c9TICA<\/h2>\n<p>\u00a0\u00a0\u00a0 El Consejo de Ministros ha aprobado este viernes el Marco Estrat\u00e9gico en Pol\u00edtica Pyme 2030, junto a un paquete de medidas por un importe total de 456,1 millones de euros para impulsar el crecimiento y la internacionalizaci\u00f3n de las pymes, y a un programa de ayudas de eficiencia energ\u00e9tica.<\/p>\n<h2 class=\"ladillo\">8.- EL INE CONFIRMA LA ACELERACI\u00d3N DEL IPC EN MARZO HASTA EL 1,3% POR LAS GASOLINAS Y LA LUZ<\/h2>\n<p>\u00a0\u00a0\u00a0El \u00cdndice de Precios de Consumo (IPC) subi\u00f3 un 0,4% en marzo en relaci\u00f3n al mes anterior y elev\u00f3 dos d\u00e9cimas su tasa interanual, hasta el 1,3%, su segundo repunte consecutivo tras el de febrero y su nivel m\u00e1s alto desde el pasado mes de noviembre, seg\u00fan los datos definitivos publicados este viernes por el Instituto Nacional de Estad\u00edstica (INE)<\/p>\n<h2 class=\"ladillo\">9.- ACS ESTUDIA SACAR A BOLSA SU NEGOCIO DE RENOVABLES<\/h2>\n<p>\u00a0\u00a0\u00a0ACS est\u00e1 estudiando constituir una nueva filial para canalizar el negocio de construcci\u00f3n de instalaciones de generaci\u00f3n de energ\u00edas renovables que adem\u00e1s sopesa sacar a Bolsa, seg\u00fan anunci\u00f3 la compa\u00f1\u00eda, que ha contratado a Natixis, Goldman Sachs y Soci\u00e9t\u00e9 G\u00e9n\u00e9rale para el asesoramiento de la operaci\u00f3n.<\/p>\n<h2 class=\"ladillo\">10.- EL IBEX 35 ROMPE SU RACHA ALCISTA Y CAE UN 0,44% EN LA SEMANA, AUNQUE AFIANZA LOS 9.400 PUNTOS<\/h2>\n<p>\u00a0\u00a0\u00a0 El Ibex 35 ha roto con dos semanas consecutivas de ganancias con una ca\u00edda del 0,44% en los \u00faltimos cinco d\u00edas, lo que ha llevado al selectivo a situarse en los 9.468,5 enteros. Concretamente este viernes, el principal \u00edndice espa\u00f1ol ha subido un 0,24%.<\/p>\n<\/div>\n<p>[ad_2]<br \/>\n<br \/><a href=\"https:\/\/www.europapress.es\/economia\/noticia-claves-economicas-semana-20190413095949.html\">Source link <\/a><\/p>\n","protected":false},"excerpt":{"rendered":"<p>[ad_1] Publicado 13\/04\/2019 9:59:49CET \u00a0\u00a0\u00a0MADRID, 13 Abr. (EDIZIONES) &#8211; \u00a0\u00a0\u00a0La revisi\u00f3n de las previsiones de crecimiento a nivel mundial y de Espa\u00f1a por el FMI, el mantenimiento de tipos de inter\u00e9s del BCE y la aprobaci\u00f3n de un plan para la internacionalizaci\u00f3n de las pymes son algunas de las noticias econ\u00f3micas m\u00e1s destacadas de esta [&hellip;]<\/p>\n","protected":false},"author":2,"featured_media":81,"comment_status":"open","ping_status":"open","sticky":false,"template":"","format":"standard","meta":{"footnotes":""},"categories":[1],"tags":[],"class_list":["post-80","post","type-post","status-publish","format-standard","has-post-thumbnail","hentry","category-noticias-financieras"],"yoast_head":"<!-- This site is optimized with the Yoast SEO plugin v27.4 - https:\/\/yoast.com\/product\/yoast-seo-wordpress\/ -->\n<title>Claves econ\u00f3micas de la semana - Super News<\/title>\n<meta name=\"robots\" content=\"index, follow, max-snippet:-1, max-image-preview:large, max-video-preview:-1\" \/>\n<link rel=\"canonical\" href=\"https:\/\/super-news.info\/es\/claves-economicas-de-la-semana\/\" \/>\n<meta property=\"og:locale\" content=\"en_US\" \/>\n<meta property=\"og:type\" content=\"article\" \/>\n<meta property=\"og:title\" content=\"Claves econ\u00f3micas de la semana - Super News\" \/>\n<meta property=\"og:description\" content=\"[ad_1] Publicado 13\/04\/2019 9:59:49CET \u00a0\u00a0\u00a0MADRID, 13 Abr. (EDIZIONES) &#8211; \u00a0\u00a0\u00a0La revisi\u00f3n de las previsiones de crecimiento a nivel mundial y de Espa\u00f1a por el FMI, el mantenimiento de tipos de inter\u00e9s del BCE y la aprobaci\u00f3n de un plan para la internacionalizaci\u00f3n de las pymes son algunas de las noticias econ\u00f3micas m\u00e1s destacadas de esta [&hellip;]\" \/>\n<meta property=\"og:url\" content=\"https:\/\/super-news.info\/es\/claves-economicas-de-la-semana\/\" \/>\n<meta property=\"og:site_name\" content=\"Super News\" \/>\n<meta property=\"article:published_time\" content=\"2019-04-14T05:33:38+00:00\" \/>\n<meta property=\"article:modified_time\" content=\"2019-04-14T05:33:39+00:00\" \/>\n<meta property=\"og:image\" content=\"https:\/\/super-news.info\/es\/wp-content\/uploads\/sites\/4\/2019\/04\/Claves-econ\u00f3micas-de-la-semana.jpg\" \/>\n\t<meta property=\"og:image:width\" content=\"120\" \/>\n\t<meta property=\"og:image:height\" content=\"75\" \/>\n\t<meta property=\"og:image:type\" content=\"image\/jpeg\" \/>\n<meta name=\"author\" content=\"super-news\" \/>\n<meta name=\"twitter:card\" content=\"summary_large_image\" \/>\n<meta name=\"twitter:label1\" content=\"Written by\" \/>\n\t<meta name=\"twitter:data1\" content=\"super-news\" \/>\n\t<meta name=\"twitter:label2\" content=\"Est. reading time\" \/>\n\t<meta name=\"twitter:data2\" content=\"4 minutes\" \/>\n<script type=\"application\/ld+json\" class=\"yoast-schema-graph\">{\"@context\":\"https:\\\/\\\/schema.org\",\"@graph\":[{\"@type\":\"Article\",\"@id\":\"https:\\\/\\\/super-news.info\\\/es\\\/claves-economicas-de-la-semana\\\/#article\",\"isPartOf\":{\"@id\":\"https:\\\/\\\/super-news.info\\\/es\\\/claves-economicas-de-la-semana\\\/\"},\"author\":{\"name\":\"super-news\",\"@id\":\"https:\\\/\\\/super-news.info\\\/es\\\/#\\\/schema\\\/person\\\/2d4068cb2f39cd10008c2fce578a7356\"},\"headline\":\"Claves econ\u00f3micas de la semana\",\"datePublished\":\"2019-04-14T05:33:38+00:00\",\"dateModified\":\"2019-04-14T05:33:39+00:00\",\"mainEntityOfPage\":{\"@id\":\"https:\\\/\\\/super-news.info\\\/es\\\/claves-economicas-de-la-semana\\\/\"},\"wordCount\":845,\"commentCount\":0,\"image\":{\"@id\":\"https:\\\/\\\/super-news.info\\\/es\\\/claves-economicas-de-la-semana\\\/#primaryimage\"},\"thumbnailUrl\":\"https:\\\/\\\/super-news.info\\\/es\\\/wp-content\\\/uploads\\\/sites\\\/4\\\/2019\\\/04\\\/Claves-econ\u00f3micas-de-la-semana.jpg\",\"articleSection\":[\"NOTICIAS FINANCIERAS\"],\"inLanguage\":\"en-US\",\"potentialAction\":[{\"@type\":\"CommentAction\",\"name\":\"Comment\",\"target\":[\"https:\\\/\\\/super-news.info\\\/es\\\/claves-economicas-de-la-semana\\\/#respond\"]}]},{\"@type\":\"WebPage\",\"@id\":\"https:\\\/\\\/super-news.info\\\/es\\\/claves-economicas-de-la-semana\\\/\",\"url\":\"https:\\\/\\\/super-news.info\\\/es\\\/claves-economicas-de-la-semana\\\/\",\"name\":\"Claves econ\u00f3micas de la semana - Super News\",\"isPartOf\":{\"@id\":\"https:\\\/\\\/super-news.info\\\/es\\\/#website\"},\"primaryImageOfPage\":{\"@id\":\"https:\\\/\\\/super-news.info\\\/es\\\/claves-economicas-de-la-semana\\\/#primaryimage\"},\"image\":{\"@id\":\"https:\\\/\\\/super-news.info\\\/es\\\/claves-economicas-de-la-semana\\\/#primaryimage\"},\"thumbnailUrl\":\"https:\\\/\\\/super-news.info\\\/es\\\/wp-content\\\/uploads\\\/sites\\\/4\\\/2019\\\/04\\\/Claves-econ\u00f3micas-de-la-semana.jpg\",\"datePublished\":\"2019-04-14T05:33:38+00:00\",\"dateModified\":\"2019-04-14T05:33:39+00:00\",\"author\":{\"@id\":\"https:\\\/\\\/super-news.info\\\/es\\\/#\\\/schema\\\/person\\\/2d4068cb2f39cd10008c2fce578a7356\"},\"breadcrumb\":{\"@id\":\"https:\\\/\\\/super-news.info\\\/es\\\/claves-economicas-de-la-semana\\\/#breadcrumb\"},\"inLanguage\":\"en-US\",\"potentialAction\":[{\"@type\":\"ReadAction\",\"target\":[\"https:\\\/\\\/super-news.info\\\/es\\\/claves-economicas-de-la-semana\\\/\"]}]},{\"@type\":\"ImageObject\",\"inLanguage\":\"en-US\",\"@id\":\"https:\\\/\\\/super-news.info\\\/es\\\/claves-economicas-de-la-semana\\\/#primaryimage\",\"url\":\"https:\\\/\\\/super-news.info\\\/es\\\/wp-content\\\/uploads\\\/sites\\\/4\\\/2019\\\/04\\\/Claves-econ\u00f3micas-de-la-semana.jpg\",\"contentUrl\":\"https:\\\/\\\/super-news.info\\\/es\\\/wp-content\\\/uploads\\\/sites\\\/4\\\/2019\\\/04\\\/Claves-econ\u00f3micas-de-la-semana.jpg\",\"width\":120,\"height\":75,\"caption\":\"Claves econ\u00f3micas de la semana\"},{\"@type\":\"BreadcrumbList\",\"@id\":\"https:\\\/\\\/super-news.info\\\/es\\\/claves-economicas-de-la-semana\\\/#breadcrumb\",\"itemListElement\":[{\"@type\":\"ListItem\",\"position\":1,\"name\":\"\u0413\u043b\u0430\u0432\u043d\u0430\u044f \u0441\u0442\u0440\u0430\u043d\u0438\u0446\u0430\",\"item\":\"https:\\\/\\\/super-news.info\\\/es\\\/\"},{\"@type\":\"ListItem\",\"position\":2,\"name\":\"Claves econ\u00f3micas de la semana\"}]},{\"@type\":\"WebSite\",\"@id\":\"https:\\\/\\\/super-news.info\\\/es\\\/#website\",\"url\":\"https:\\\/\\\/super-news.info\\\/es\\\/\",\"name\":\"Super News\",\"description\":\"Super News Espa\u00f1a\",\"potentialAction\":[{\"@type\":\"SearchAction\",\"target\":{\"@type\":\"EntryPoint\",\"urlTemplate\":\"https:\\\/\\\/super-news.info\\\/es\\\/?s={search_term_string}\"},\"query-input\":{\"@type\":\"PropertyValueSpecification\",\"valueRequired\":true,\"valueName\":\"search_term_string\"}}],\"inLanguage\":\"en-US\"},{\"@type\":\"Person\",\"@id\":\"https:\\\/\\\/super-news.info\\\/es\\\/#\\\/schema\\\/person\\\/2d4068cb2f39cd10008c2fce578a7356\",\"name\":\"super-news\",\"image\":{\"@type\":\"ImageObject\",\"inLanguage\":\"en-US\",\"@id\":\"https:\\\/\\\/secure.gravatar.com\\\/avatar\\\/64ebac40b93f26a154f8a9b5b6fdccfc46f442b26b3dd6756dbff3bf9dc76fd7?s=96&d=mm&r=g\",\"url\":\"https:\\\/\\\/secure.gravatar.com\\\/avatar\\\/64ebac40b93f26a154f8a9b5b6fdccfc46f442b26b3dd6756dbff3bf9dc76fd7?s=96&d=mm&r=g\",\"contentUrl\":\"https:\\\/\\\/secure.gravatar.com\\\/avatar\\\/64ebac40b93f26a154f8a9b5b6fdccfc46f442b26b3dd6756dbff3bf9dc76fd7?s=96&d=mm&r=g\",\"caption\":\"super-news\"},\"url\":\"https:\\\/\\\/super-news.info\\\/es\\\/author\\\/pt\\\/\"}]}<\/script>\n<!-- \/ Yoast SEO plugin. -->","yoast_head_json":{"title":"Claves econ\u00f3micas de la semana - Super News","robots":{"index":"index","follow":"follow","max-snippet":"max-snippet:-1","max-image-preview":"max-image-preview:large","max-video-preview":"max-video-preview:-1"},"canonical":"https:\/\/super-news.info\/es\/claves-economicas-de-la-semana\/","og_locale":"en_US","og_type":"article","og_title":"Claves econ\u00f3micas de la semana - Super News","og_description":"[ad_1] Publicado 13\/04\/2019 9:59:49CET \u00a0\u00a0\u00a0MADRID, 13 Abr. (EDIZIONES) &#8211; \u00a0\u00a0\u00a0La revisi\u00f3n de las previsiones de crecimiento a nivel mundial y de Espa\u00f1a por el FMI, el mantenimiento de tipos de inter\u00e9s del BCE y la aprobaci\u00f3n de un plan para la internacionalizaci\u00f3n de las pymes son algunas de las noticias econ\u00f3micas m\u00e1s destacadas de esta [&hellip;]","og_url":"https:\/\/super-news.info\/es\/claves-economicas-de-la-semana\/","og_site_name":"Super News","article_published_time":"2019-04-14T05:33:38+00:00","article_modified_time":"2019-04-14T05:33:39+00:00","og_image":[{"width":120,"height":75,"url":"https:\/\/super-news.info\/es\/wp-content\/uploads\/sites\/4\/2019\/04\/Claves-econ\u00f3micas-de-la-semana.jpg","type":"image\/jpeg"}],"author":"super-news","twitter_card":"summary_large_image","twitter_misc":{"Written by":"super-news","Est. reading time":"4 minutes"},"schema":{"@context":"https:\/\/schema.org","@graph":[{"@type":"Article","@id":"https:\/\/super-news.info\/es\/claves-economicas-de-la-semana\/#article","isPartOf":{"@id":"https:\/\/super-news.info\/es\/claves-economicas-de-la-semana\/"},"author":{"name":"super-news","@id":"https:\/\/super-news.info\/es\/#\/schema\/person\/2d4068cb2f39cd10008c2fce578a7356"},"headline":"Claves econ\u00f3micas de la semana","datePublished":"2019-04-14T05:33:38+00:00","dateModified":"2019-04-14T05:33:39+00:00","mainEntityOfPage":{"@id":"https:\/\/super-news.info\/es\/claves-economicas-de-la-semana\/"},"wordCount":845,"commentCount":0,"image":{"@id":"https:\/\/super-news.info\/es\/claves-economicas-de-la-semana\/#primaryimage"},"thumbnailUrl":"https:\/\/super-news.info\/es\/wp-content\/uploads\/sites\/4\/2019\/04\/Claves-econ\u00f3micas-de-la-semana.jpg","articleSection":["NOTICIAS FINANCIERAS"],"inLanguage":"en-US","potentialAction":[{"@type":"CommentAction","name":"Comment","target":["https:\/\/super-news.info\/es\/claves-economicas-de-la-semana\/#respond"]}]},{"@type":"WebPage","@id":"https:\/\/super-news.info\/es\/claves-economicas-de-la-semana\/","url":"https:\/\/super-news.info\/es\/claves-economicas-de-la-semana\/","name":"Claves econ\u00f3micas de la semana - Super News","isPartOf":{"@id":"https:\/\/super-news.info\/es\/#website"},"primaryImageOfPage":{"@id":"https:\/\/super-news.info\/es\/claves-economicas-de-la-semana\/#primaryimage"},"image":{"@id":"https:\/\/super-news.info\/es\/claves-economicas-de-la-semana\/#primaryimage"},"thumbnailUrl":"https:\/\/super-news.info\/es\/wp-content\/uploads\/sites\/4\/2019\/04\/Claves-econ\u00f3micas-de-la-semana.jpg","datePublished":"2019-04-14T05:33:38+00:00","dateModified":"2019-04-14T05:33:39+00:00","author":{"@id":"https:\/\/super-news.info\/es\/#\/schema\/person\/2d4068cb2f39cd10008c2fce578a7356"},"breadcrumb":{"@id":"https:\/\/super-news.info\/es\/claves-economicas-de-la-semana\/#breadcrumb"},"inLanguage":"en-US","potentialAction":[{"@type":"ReadAction","target":["https:\/\/super-news.info\/es\/claves-economicas-de-la-semana\/"]}]},{"@type":"ImageObject","inLanguage":"en-US","@id":"https:\/\/super-news.info\/es\/claves-economicas-de-la-semana\/#primaryimage","url":"https:\/\/super-news.info\/es\/wp-content\/uploads\/sites\/4\/2019\/04\/Claves-econ\u00f3micas-de-la-semana.jpg","contentUrl":"https:\/\/super-news.info\/es\/wp-content\/uploads\/sites\/4\/2019\/04\/Claves-econ\u00f3micas-de-la-semana.jpg","width":120,"height":75,"caption":"Claves econ\u00f3micas de la semana"},{"@type":"BreadcrumbList","@id":"https:\/\/super-news.info\/es\/claves-economicas-de-la-semana\/#breadcrumb","itemListElement":[{"@type":"ListItem","position":1,"name":"\u0413\u043b\u0430\u0432\u043d\u0430\u044f \u0441\u0442\u0440\u0430\u043d\u0438\u0446\u0430","item":"https:\/\/super-news.info\/es\/"},{"@type":"ListItem","position":2,"name":"Claves econ\u00f3micas de la semana"}]},{"@type":"WebSite","@id":"https:\/\/super-news.info\/es\/#website","url":"https:\/\/super-news.info\/es\/","name":"Super News","description":"Super News Espa\u00f1a","potentialAction":[{"@type":"SearchAction","target":{"@type":"EntryPoint","urlTemplate":"https:\/\/super-news.info\/es\/?s={search_term_string}"},"query-input":{"@type":"PropertyValueSpecification","valueRequired":true,"valueName":"search_term_string"}}],"inLanguage":"en-US"},{"@type":"Person","@id":"https:\/\/super-news.info\/es\/#\/schema\/person\/2d4068cb2f39cd10008c2fce578a7356","name":"super-news","image":{"@type":"ImageObject","inLanguage":"en-US","@id":"https:\/\/secure.gravatar.com\/avatar\/64ebac40b93f26a154f8a9b5b6fdccfc46f442b26b3dd6756dbff3bf9dc76fd7?s=96&d=mm&r=g","url":"https:\/\/secure.gravatar.com\/avatar\/64ebac40b93f26a154f8a9b5b6fdccfc46f442b26b3dd6756dbff3bf9dc76fd7?s=96&d=mm&r=g","contentUrl":"https:\/\/secure.gravatar.com\/avatar\/64ebac40b93f26a154f8a9b5b6fdccfc46f442b26b3dd6756dbff3bf9dc76fd7?s=96&d=mm&r=g","caption":"super-news"},"url":"https:\/\/super-news.info\/es\/author\/pt\/"}]}},"_links":{"self":[{"href":"https:\/\/super-news.info\/es\/wp-json\/wp\/v2\/posts\/80","targetHints":{"allow":["GET"]}}],"collection":[{"href":"https:\/\/super-news.info\/es\/wp-json\/wp\/v2\/posts"}],"about":[{"href":"https:\/\/super-news.info\/es\/wp-json\/wp\/v2\/types\/post"}],"author":[{"embeddable":true,"href":"https:\/\/super-news.info\/es\/wp-json\/wp\/v2\/users\/2"}],"replies":[{"embeddable":true,"href":"https:\/\/super-news.info\/es\/wp-json\/wp\/v2\/comments?post=80"}],"version-history":[{"count":1,"href":"https:\/\/super-news.info\/es\/wp-json\/wp\/v2\/posts\/80\/revisions"}],"predecessor-version":[{"id":82,"href":"https:\/\/super-news.info\/es\/wp-json\/wp\/v2\/posts\/80\/revisions\/82"}],"wp:featuredmedia":[{"embeddable":true,"href":"https:\/\/super-news.info\/es\/wp-json\/wp\/v2\/media\/81"}],"wp:attachment":[{"href":"https:\/\/super-news.info\/es\/wp-json\/wp\/v2\/media?parent=80"}],"wp:term":[{"taxonomy":"category","embeddable":true,"href":"https:\/\/super-news.info\/es\/wp-json\/wp\/v2\/categories?post=80"},{"taxonomy":"post_tag","embeddable":true,"href":"https:\/\/super-news.info\/es\/wp-json\/wp\/v2\/tags?post=80"}],"curies":[{"name":"wp","href":"https:\/\/api.w.org\/{rel}","templated":true}]}}