{"id":7551,"date":"2019-07-30T13:10:48","date_gmt":"2019-07-30T10:10:48","guid":{"rendered":"https:\/\/super-news.info\/es\/paolo-tafuri-releva-a-jean-philippe-pare-al-frente-de-danone-iberia\/"},"modified":"2019-07-30T13:10:49","modified_gmt":"2019-07-30T10:10:49","slug":"paolo-tafuri-releva-a-jean-philippe-pare-al-frente-de-danone-iberia","status":"publish","type":"post","link":"https:\/\/super-news.info\/es\/paolo-tafuri-releva-a-jean-philippe-pare-al-frente-de-danone-iberia\/","title":{"rendered":"Paolo Tafuri releva a Jean-Philippe Par\u00e9 al frente de Danone Iberia"},"content":{"rendered":"<p> [ad_1]<br \/>\n<\/p>\n<div id=\"textoNoticia\">\n<p class=\"excerpt-single\">Con m\u00e1s de tres d\u00e9cadas de carrera en Danone, Paolo Tafuri era hasta ahora Director General Danone en Europa Central y los pa\u00edses n\u00f3rdicos. <\/p>\n<p><strong>Danone ha anunciado hoy el nombramiento de Paolo Tafuri como nuevo director general de la compa\u00f1\u00eda<\/strong>. Tafuri, que ha liderado la actividad de la compa\u00f1\u00eda en Europa Central y los pa\u00edses n\u00f3rdicos, releva en el cargo a <strong>Jean-Philippe Par\u00e9<\/strong>, que ha ocupado la direcci\u00f3n general de Danone Iberia desde 2017.<\/p>\n<p><strong>Par\u00e9 asume la posici\u00f3n de Business Development Senior VP en la divisi\u00f3n de l\u00e1cteos y productos de origen vegetal (EDP)<\/strong>, responsabilidad que ocupar\u00e1 hasta inicios del pr\u00f3ximo a\u00f1o,\u00a0 cuando se jubile. El nuevo director general de Danone Iberia, que asume tambi\u00e9n la responsabilidad del negocio de la divisi\u00f3n de EDP para el Sur de Europa, aporta una dilatada experiencia dentro de la compa\u00f1\u00eda, a la que se uni\u00f3 hace m\u00e1s de 30 a\u00f1os en Italia, su pa\u00eds natal.<\/p>\n<p>Graduado en la Universidad de Roma la Sapienza, <strong>Paolo Tafuri se incorpor\u00f3 a la filial italiana de Danone Waters en 1989<\/strong>, desempe\u00f1ando distintos cargos en finanzas y marketing durante nueve a\u00f1os. A continuaci\u00f3n, ocup\u00f3 puestos directivos en filiales del grupo en Ruman\u00eda, T\u00fanez y Argelia.<\/p>\n<p>En 2010 se traslada a Budapest donde ha permanecido durante los \u00faltimos nueve liderando el negocio de la divisi\u00f3n l\u00e1ctea y, desde 2017, la direcci\u00f3n general de Danone en<strong> Europa Central y<\/strong><br \/><strong>los pa\u00edses n\u00f3rdicos.<\/strong><\/p>\n<p>Paolo Tafuri se ha mostrado ilusionado frente al nuevo reto. &#8220;Despu\u00e9s de m\u00e1s de tres d\u00e9cadas en Danone<strong>, inicio esta nueva experiencia con mucha ilusi\u00f3n<\/strong>. Espa\u00f1a es un mercado que hist\u00f3ricamente siempre ha sido esencial para el Grupo. Asumo este reto con motivaci\u00f3n y responsabilidad, cogiendo el relevo de un gran profesional como Jean-Philippe. Pondr\u00e9 todo mi conocimiento y experiencia al servicio de Danone Espa\u00f1a y de sus empleados, para seguir ofreciendo productos de alta calidad a los once millones de espa\u00f1oles que nos eligen cada d\u00eda&#8221;, destac\u00f3 Tafuri.<\/p>\n<p><strong>Jean-Philippe Par\u00e9 se despide de la filial de Iberia con satisfacci\u00f3n por el trabajo realizado<\/strong>: &#8220;cierro una etapa muy positiva, a nivel profesional y personal. Me marcho satisfecho por los objetivos que hemos alcanzado como grupo y muy agradecido por haber podido participar, entre otras actividades, en la celebraci\u00f3n del centenario de la compa\u00f1\u00eda. Danone Espa\u00f1a siempre ha sido un ejemplo de compromiso e innovaci\u00f3n dentro de nuestra compa\u00f1\u00eda, y estoy seguro de que seguir\u00e1 sorprendiendo y super\u00e1ndose bajo la direcci\u00f3n de Paolo&#8221;.<\/p>\n<p>Nota de prensa<\/p>\n<p class=\"link-telegram\">\n\t\t\t\t\t\t\t\t\t\t\tNo te pierdas nada de MarketingDirecto.com y \u00fanete a nuestro Telegram t.me\/MarketingDirecto\n\t\t\t\t\t\t\t\t\t\t<\/p>\n<\/p><\/div>\n<p><script>(function(d, s, id) {\n  var js, fjs = d.getElementsByTagName(s)[0];\n  if (d.getElementById(id)) return;\n  js = d.createElement(s); js.id = id;\n  js.src = \"http:\/\/connect.facebook.net\/es_LA\/sdk.js#xfbml=1&appId=408746052611679&version=v2.3\";\n  fjs.parentNode.insertBefore(js, fjs);\n}(document, 'script', 'facebook-jssdk'));<\/script><br \/>\n<br \/>[ad_2]<br \/>\n<br \/><a href=\"https:\/\/www.marketingdirecto.com\/marketing-general\/gente\/paolo-tafuri-releva-jean-philippe-pare-frente-danone-iberia\">Source link <\/a><\/p>\n","protected":false},"excerpt":{"rendered":"<p>[ad_1] Con m\u00e1s de tres d\u00e9cadas de carrera en Danone, Paolo Tafuri era hasta ahora Director General Danone en Europa Central y los pa\u00edses n\u00f3rdicos. Danone ha anunciado hoy el nombramiento de Paolo Tafuri como nuevo director general de la compa\u00f1\u00eda. Tafuri, que ha liderado la actividad de la compa\u00f1\u00eda en Europa Central y los [&hellip;]<\/p>\n","protected":false},"author":2,"featured_media":7552,"comment_status":"open","ping_status":"open","sticky":false,"template":"","format":"standard","meta":{"footnotes":""},"categories":[2],"tags":[],"class_list":["post-7551","post","type-post","status-publish","format-standard","has-post-thumbnail","hentry","category-noticias-de-marketing-digital"],"yoast_head":"<!-- This site is optimized with the Yoast SEO plugin v27.4 - https:\/\/yoast.com\/product\/yoast-seo-wordpress\/ -->\n<title>Paolo Tafuri releva a Jean-Philippe Par\u00e9 al frente de Danone Iberia - Super News<\/title>\n<meta name=\"robots\" content=\"index, follow, max-snippet:-1, max-image-preview:large, max-video-preview:-1\" \/>\n<link rel=\"canonical\" href=\"https:\/\/super-news.info\/es\/paolo-tafuri-releva-a-jean-philippe-pare-al-frente-de-danone-iberia\/\" \/>\n<meta property=\"og:locale\" content=\"en_US\" \/>\n<meta property=\"og:type\" content=\"article\" \/>\n<meta property=\"og:title\" content=\"Paolo Tafuri releva a Jean-Philippe Par\u00e9 al frente de Danone Iberia - Super News\" \/>\n<meta property=\"og:description\" content=\"[ad_1] Con m\u00e1s de tres d\u00e9cadas de carrera en Danone, Paolo Tafuri era hasta ahora Director General Danone en Europa Central y los pa\u00edses n\u00f3rdicos. Danone ha anunciado hoy el nombramiento de Paolo Tafuri como nuevo director general de la compa\u00f1\u00eda. Tafuri, que ha liderado la actividad de la compa\u00f1\u00eda en Europa Central y los [&hellip;]\" \/>\n<meta property=\"og:url\" content=\"https:\/\/super-news.info\/es\/paolo-tafuri-releva-a-jean-philippe-pare-al-frente-de-danone-iberia\/\" \/>\n<meta property=\"og:site_name\" content=\"Super News\" \/>\n<meta property=\"article:published_time\" content=\"2019-07-30T10:10:48+00:00\" \/>\n<meta property=\"article:modified_time\" content=\"2019-07-30T10:10:49+00:00\" \/>\n<meta property=\"og:image\" content=\"https:\/\/super-news.info\/es\/wp-content\/uploads\/sites\/4\/2019\/07\/Paolo-Tafuri-releva-a-Jean-Philippe-Par\u00e9-al-frente-de-Danone.jpg\" \/>\n\t<meta property=\"og:image:width\" content=\"626\" \/>\n\t<meta property=\"og:image:height\" content=\"364\" \/>\n\t<meta property=\"og:image:type\" content=\"image\/jpeg\" \/>\n<meta name=\"author\" content=\"super-news\" \/>\n<meta name=\"twitter:card\" content=\"summary_large_image\" \/>\n<meta name=\"twitter:label1\" content=\"Written by\" \/>\n\t<meta name=\"twitter:data1\" content=\"super-news\" \/>\n\t<meta name=\"twitter:label2\" content=\"Est. reading time\" \/>\n\t<meta name=\"twitter:data2\" content=\"2 minutes\" \/>\n<script type=\"application\/ld+json\" class=\"yoast-schema-graph\">{\"@context\":\"https:\\\/\\\/schema.org\",\"@graph\":[{\"@type\":\"Article\",\"@id\":\"https:\\\/\\\/super-news.info\\\/es\\\/paolo-tafuri-releva-a-jean-philippe-pare-al-frente-de-danone-iberia\\\/#article\",\"isPartOf\":{\"@id\":\"https:\\\/\\\/super-news.info\\\/es\\\/paolo-tafuri-releva-a-jean-philippe-pare-al-frente-de-danone-iberia\\\/\"},\"author\":{\"name\":\"super-news\",\"@id\":\"https:\\\/\\\/super-news.info\\\/es\\\/#\\\/schema\\\/person\\\/2d4068cb2f39cd10008c2fce578a7356\"},\"headline\":\"Paolo Tafuri releva a Jean-Philippe Par\u00e9 al frente de Danone Iberia\",\"datePublished\":\"2019-07-30T10:10:48+00:00\",\"dateModified\":\"2019-07-30T10:10:49+00:00\",\"mainEntityOfPage\":{\"@id\":\"https:\\\/\\\/super-news.info\\\/es\\\/paolo-tafuri-releva-a-jean-philippe-pare-al-frente-de-danone-iberia\\\/\"},\"wordCount\":480,\"commentCount\":0,\"image\":{\"@id\":\"https:\\\/\\\/super-news.info\\\/es\\\/paolo-tafuri-releva-a-jean-philippe-pare-al-frente-de-danone-iberia\\\/#primaryimage\"},\"thumbnailUrl\":\"https:\\\/\\\/super-news.info\\\/es\\\/wp-content\\\/uploads\\\/sites\\\/4\\\/2019\\\/07\\\/Paolo-Tafuri-releva-a-Jean-Philippe-Par\u00e9-al-frente-de-Danone.jpg\",\"articleSection\":[\"NOTICIAS DE MARKETING DIGITAL\"],\"inLanguage\":\"en-US\",\"potentialAction\":[{\"@type\":\"CommentAction\",\"name\":\"Comment\",\"target\":[\"https:\\\/\\\/super-news.info\\\/es\\\/paolo-tafuri-releva-a-jean-philippe-pare-al-frente-de-danone-iberia\\\/#respond\"]}]},{\"@type\":\"WebPage\",\"@id\":\"https:\\\/\\\/super-news.info\\\/es\\\/paolo-tafuri-releva-a-jean-philippe-pare-al-frente-de-danone-iberia\\\/\",\"url\":\"https:\\\/\\\/super-news.info\\\/es\\\/paolo-tafuri-releva-a-jean-philippe-pare-al-frente-de-danone-iberia\\\/\",\"name\":\"Paolo Tafuri releva a Jean-Philippe Par\u00e9 al frente de Danone Iberia - Super News\",\"isPartOf\":{\"@id\":\"https:\\\/\\\/super-news.info\\\/es\\\/#website\"},\"primaryImageOfPage\":{\"@id\":\"https:\\\/\\\/super-news.info\\\/es\\\/paolo-tafuri-releva-a-jean-philippe-pare-al-frente-de-danone-iberia\\\/#primaryimage\"},\"image\":{\"@id\":\"https:\\\/\\\/super-news.info\\\/es\\\/paolo-tafuri-releva-a-jean-philippe-pare-al-frente-de-danone-iberia\\\/#primaryimage\"},\"thumbnailUrl\":\"https:\\\/\\\/super-news.info\\\/es\\\/wp-content\\\/uploads\\\/sites\\\/4\\\/2019\\\/07\\\/Paolo-Tafuri-releva-a-Jean-Philippe-Par\u00e9-al-frente-de-Danone.jpg\",\"datePublished\":\"2019-07-30T10:10:48+00:00\",\"dateModified\":\"2019-07-30T10:10:49+00:00\",\"author\":{\"@id\":\"https:\\\/\\\/super-news.info\\\/es\\\/#\\\/schema\\\/person\\\/2d4068cb2f39cd10008c2fce578a7356\"},\"breadcrumb\":{\"@id\":\"https:\\\/\\\/super-news.info\\\/es\\\/paolo-tafuri-releva-a-jean-philippe-pare-al-frente-de-danone-iberia\\\/#breadcrumb\"},\"inLanguage\":\"en-US\",\"potentialAction\":[{\"@type\":\"ReadAction\",\"target\":[\"https:\\\/\\\/super-news.info\\\/es\\\/paolo-tafuri-releva-a-jean-philippe-pare-al-frente-de-danone-iberia\\\/\"]}]},{\"@type\":\"ImageObject\",\"inLanguage\":\"en-US\",\"@id\":\"https:\\\/\\\/super-news.info\\\/es\\\/paolo-tafuri-releva-a-jean-philippe-pare-al-frente-de-danone-iberia\\\/#primaryimage\",\"url\":\"https:\\\/\\\/super-news.info\\\/es\\\/wp-content\\\/uploads\\\/sites\\\/4\\\/2019\\\/07\\\/Paolo-Tafuri-releva-a-Jean-Philippe-Par\u00e9-al-frente-de-Danone.jpg\",\"contentUrl\":\"https:\\\/\\\/super-news.info\\\/es\\\/wp-content\\\/uploads\\\/sites\\\/4\\\/2019\\\/07\\\/Paolo-Tafuri-releva-a-Jean-Philippe-Par\u00e9-al-frente-de-Danone.jpg\",\"width\":626,\"height\":364,\"caption\":\"danone\"},{\"@type\":\"BreadcrumbList\",\"@id\":\"https:\\\/\\\/super-news.info\\\/es\\\/paolo-tafuri-releva-a-jean-philippe-pare-al-frente-de-danone-iberia\\\/#breadcrumb\",\"itemListElement\":[{\"@type\":\"ListItem\",\"position\":1,\"name\":\"\u0413\u043b\u0430\u0432\u043d\u0430\u044f \u0441\u0442\u0440\u0430\u043d\u0438\u0446\u0430\",\"item\":\"https:\\\/\\\/super-news.info\\\/es\\\/\"},{\"@type\":\"ListItem\",\"position\":2,\"name\":\"Paolo Tafuri releva a Jean-Philippe Par\u00e9 al frente de Danone Iberia\"}]},{\"@type\":\"WebSite\",\"@id\":\"https:\\\/\\\/super-news.info\\\/es\\\/#website\",\"url\":\"https:\\\/\\\/super-news.info\\\/es\\\/\",\"name\":\"Super News\",\"description\":\"Super News Espa\u00f1a\",\"potentialAction\":[{\"@type\":\"SearchAction\",\"target\":{\"@type\":\"EntryPoint\",\"urlTemplate\":\"https:\\\/\\\/super-news.info\\\/es\\\/?s={search_term_string}\"},\"query-input\":{\"@type\":\"PropertyValueSpecification\",\"valueRequired\":true,\"valueName\":\"search_term_string\"}}],\"inLanguage\":\"en-US\"},{\"@type\":\"Person\",\"@id\":\"https:\\\/\\\/super-news.info\\\/es\\\/#\\\/schema\\\/person\\\/2d4068cb2f39cd10008c2fce578a7356\",\"name\":\"super-news\",\"image\":{\"@type\":\"ImageObject\",\"inLanguage\":\"en-US\",\"@id\":\"https:\\\/\\\/secure.gravatar.com\\\/avatar\\\/64ebac40b93f26a154f8a9b5b6fdccfc46f442b26b3dd6756dbff3bf9dc76fd7?s=96&d=mm&r=g\",\"url\":\"https:\\\/\\\/secure.gravatar.com\\\/avatar\\\/64ebac40b93f26a154f8a9b5b6fdccfc46f442b26b3dd6756dbff3bf9dc76fd7?s=96&d=mm&r=g\",\"contentUrl\":\"https:\\\/\\\/secure.gravatar.com\\\/avatar\\\/64ebac40b93f26a154f8a9b5b6fdccfc46f442b26b3dd6756dbff3bf9dc76fd7?s=96&d=mm&r=g\",\"caption\":\"super-news\"},\"url\":\"https:\\\/\\\/super-news.info\\\/es\\\/author\\\/pt\\\/\"}]}<\/script>\n<!-- \/ Yoast SEO plugin. -->","yoast_head_json":{"title":"Paolo Tafuri releva a Jean-Philippe Par\u00e9 al frente de Danone Iberia - Super News","robots":{"index":"index","follow":"follow","max-snippet":"max-snippet:-1","max-image-preview":"max-image-preview:large","max-video-preview":"max-video-preview:-1"},"canonical":"https:\/\/super-news.info\/es\/paolo-tafuri-releva-a-jean-philippe-pare-al-frente-de-danone-iberia\/","og_locale":"en_US","og_type":"article","og_title":"Paolo Tafuri releva a Jean-Philippe Par\u00e9 al frente de Danone Iberia - Super News","og_description":"[ad_1] Con m\u00e1s de tres d\u00e9cadas de carrera en Danone, Paolo Tafuri era hasta ahora Director General Danone en Europa Central y los pa\u00edses n\u00f3rdicos. Danone ha anunciado hoy el nombramiento de Paolo Tafuri como nuevo director general de la compa\u00f1\u00eda. Tafuri, que ha liderado la actividad de la compa\u00f1\u00eda en Europa Central y los [&hellip;]","og_url":"https:\/\/super-news.info\/es\/paolo-tafuri-releva-a-jean-philippe-pare-al-frente-de-danone-iberia\/","og_site_name":"Super News","article_published_time":"2019-07-30T10:10:48+00:00","article_modified_time":"2019-07-30T10:10:49+00:00","og_image":[{"width":626,"height":364,"url":"https:\/\/super-news.info\/es\/wp-content\/uploads\/sites\/4\/2019\/07\/Paolo-Tafuri-releva-a-Jean-Philippe-Par\u00e9-al-frente-de-Danone.jpg","type":"image\/jpeg"}],"author":"super-news","twitter_card":"summary_large_image","twitter_misc":{"Written by":"super-news","Est. reading time":"2 minutes"},"schema":{"@context":"https:\/\/schema.org","@graph":[{"@type":"Article","@id":"https:\/\/super-news.info\/es\/paolo-tafuri-releva-a-jean-philippe-pare-al-frente-de-danone-iberia\/#article","isPartOf":{"@id":"https:\/\/super-news.info\/es\/paolo-tafuri-releva-a-jean-philippe-pare-al-frente-de-danone-iberia\/"},"author":{"name":"super-news","@id":"https:\/\/super-news.info\/es\/#\/schema\/person\/2d4068cb2f39cd10008c2fce578a7356"},"headline":"Paolo Tafuri releva a Jean-Philippe Par\u00e9 al frente de Danone Iberia","datePublished":"2019-07-30T10:10:48+00:00","dateModified":"2019-07-30T10:10:49+00:00","mainEntityOfPage":{"@id":"https:\/\/super-news.info\/es\/paolo-tafuri-releva-a-jean-philippe-pare-al-frente-de-danone-iberia\/"},"wordCount":480,"commentCount":0,"image":{"@id":"https:\/\/super-news.info\/es\/paolo-tafuri-releva-a-jean-philippe-pare-al-frente-de-danone-iberia\/#primaryimage"},"thumbnailUrl":"https:\/\/super-news.info\/es\/wp-content\/uploads\/sites\/4\/2019\/07\/Paolo-Tafuri-releva-a-Jean-Philippe-Par\u00e9-al-frente-de-Danone.jpg","articleSection":["NOTICIAS DE MARKETING DIGITAL"],"inLanguage":"en-US","potentialAction":[{"@type":"CommentAction","name":"Comment","target":["https:\/\/super-news.info\/es\/paolo-tafuri-releva-a-jean-philippe-pare-al-frente-de-danone-iberia\/#respond"]}]},{"@type":"WebPage","@id":"https:\/\/super-news.info\/es\/paolo-tafuri-releva-a-jean-philippe-pare-al-frente-de-danone-iberia\/","url":"https:\/\/super-news.info\/es\/paolo-tafuri-releva-a-jean-philippe-pare-al-frente-de-danone-iberia\/","name":"Paolo Tafuri releva a Jean-Philippe Par\u00e9 al frente de Danone Iberia - Super News","isPartOf":{"@id":"https:\/\/super-news.info\/es\/#website"},"primaryImageOfPage":{"@id":"https:\/\/super-news.info\/es\/paolo-tafuri-releva-a-jean-philippe-pare-al-frente-de-danone-iberia\/#primaryimage"},"image":{"@id":"https:\/\/super-news.info\/es\/paolo-tafuri-releva-a-jean-philippe-pare-al-frente-de-danone-iberia\/#primaryimage"},"thumbnailUrl":"https:\/\/super-news.info\/es\/wp-content\/uploads\/sites\/4\/2019\/07\/Paolo-Tafuri-releva-a-Jean-Philippe-Par\u00e9-al-frente-de-Danone.jpg","datePublished":"2019-07-30T10:10:48+00:00","dateModified":"2019-07-30T10:10:49+00:00","author":{"@id":"https:\/\/super-news.info\/es\/#\/schema\/person\/2d4068cb2f39cd10008c2fce578a7356"},"breadcrumb":{"@id":"https:\/\/super-news.info\/es\/paolo-tafuri-releva-a-jean-philippe-pare-al-frente-de-danone-iberia\/#breadcrumb"},"inLanguage":"en-US","potentialAction":[{"@type":"ReadAction","target":["https:\/\/super-news.info\/es\/paolo-tafuri-releva-a-jean-philippe-pare-al-frente-de-danone-iberia\/"]}]},{"@type":"ImageObject","inLanguage":"en-US","@id":"https:\/\/super-news.info\/es\/paolo-tafuri-releva-a-jean-philippe-pare-al-frente-de-danone-iberia\/#primaryimage","url":"https:\/\/super-news.info\/es\/wp-content\/uploads\/sites\/4\/2019\/07\/Paolo-Tafuri-releva-a-Jean-Philippe-Par\u00e9-al-frente-de-Danone.jpg","contentUrl":"https:\/\/super-news.info\/es\/wp-content\/uploads\/sites\/4\/2019\/07\/Paolo-Tafuri-releva-a-Jean-Philippe-Par\u00e9-al-frente-de-Danone.jpg","width":626,"height":364,"caption":"danone"},{"@type":"BreadcrumbList","@id":"https:\/\/super-news.info\/es\/paolo-tafuri-releva-a-jean-philippe-pare-al-frente-de-danone-iberia\/#breadcrumb","itemListElement":[{"@type":"ListItem","position":1,"name":"\u0413\u043b\u0430\u0432\u043d\u0430\u044f \u0441\u0442\u0440\u0430\u043d\u0438\u0446\u0430","item":"https:\/\/super-news.info\/es\/"},{"@type":"ListItem","position":2,"name":"Paolo Tafuri releva a Jean-Philippe Par\u00e9 al frente de Danone Iberia"}]},{"@type":"WebSite","@id":"https:\/\/super-news.info\/es\/#website","url":"https:\/\/super-news.info\/es\/","name":"Super News","description":"Super News Espa\u00f1a","potentialAction":[{"@type":"SearchAction","target":{"@type":"EntryPoint","urlTemplate":"https:\/\/super-news.info\/es\/?s={search_term_string}"},"query-input":{"@type":"PropertyValueSpecification","valueRequired":true,"valueName":"search_term_string"}}],"inLanguage":"en-US"},{"@type":"Person","@id":"https:\/\/super-news.info\/es\/#\/schema\/person\/2d4068cb2f39cd10008c2fce578a7356","name":"super-news","image":{"@type":"ImageObject","inLanguage":"en-US","@id":"https:\/\/secure.gravatar.com\/avatar\/64ebac40b93f26a154f8a9b5b6fdccfc46f442b26b3dd6756dbff3bf9dc76fd7?s=96&d=mm&r=g","url":"https:\/\/secure.gravatar.com\/avatar\/64ebac40b93f26a154f8a9b5b6fdccfc46f442b26b3dd6756dbff3bf9dc76fd7?s=96&d=mm&r=g","contentUrl":"https:\/\/secure.gravatar.com\/avatar\/64ebac40b93f26a154f8a9b5b6fdccfc46f442b26b3dd6756dbff3bf9dc76fd7?s=96&d=mm&r=g","caption":"super-news"},"url":"https:\/\/super-news.info\/es\/author\/pt\/"}]}},"_links":{"self":[{"href":"https:\/\/super-news.info\/es\/wp-json\/wp\/v2\/posts\/7551","targetHints":{"allow":["GET"]}}],"collection":[{"href":"https:\/\/super-news.info\/es\/wp-json\/wp\/v2\/posts"}],"about":[{"href":"https:\/\/super-news.info\/es\/wp-json\/wp\/v2\/types\/post"}],"author":[{"embeddable":true,"href":"https:\/\/super-news.info\/es\/wp-json\/wp\/v2\/users\/2"}],"replies":[{"embeddable":true,"href":"https:\/\/super-news.info\/es\/wp-json\/wp\/v2\/comments?post=7551"}],"version-history":[{"count":1,"href":"https:\/\/super-news.info\/es\/wp-json\/wp\/v2\/posts\/7551\/revisions"}],"predecessor-version":[{"id":7553,"href":"https:\/\/super-news.info\/es\/wp-json\/wp\/v2\/posts\/7551\/revisions\/7553"}],"wp:featuredmedia":[{"embeddable":true,"href":"https:\/\/super-news.info\/es\/wp-json\/wp\/v2\/media\/7552"}],"wp:attachment":[{"href":"https:\/\/super-news.info\/es\/wp-json\/wp\/v2\/media?parent=7551"}],"wp:term":[{"taxonomy":"category","embeddable":true,"href":"https:\/\/super-news.info\/es\/wp-json\/wp\/v2\/categories?post=7551"},{"taxonomy":"post_tag","embeddable":true,"href":"https:\/\/super-news.info\/es\/wp-json\/wp\/v2\/tags?post=7551"}],"curies":[{"name":"wp","href":"https:\/\/api.w.org\/{rel}","templated":true}]}}