{"id":7539,"date":"2019-07-30T10:05:45","date_gmt":"2019-07-30T07:05:45","guid":{"rendered":"https:\/\/super-news.info\/es\/uber-despedira-a-400-trabajadores-de-su-equipo-global-de-marketing\/"},"modified":"2019-07-30T10:05:46","modified_gmt":"2019-07-30T07:05:46","slug":"uber-despedira-a-400-trabajadores-de-su-equipo-global-de-marketing","status":"publish","type":"post","link":"https:\/\/super-news.info\/es\/uber-despedira-a-400-trabajadores-de-su-equipo-global-de-marketing\/","title":{"rendered":"Uber despedir\u00e1 a 400 trabajadores de su equipo global de marketing"},"content":{"rendered":"<p> [ad_1]<br \/>\n<\/p>\n<div id=\"textoNoticia\">\n<p class=\"excerpt-single\">El CEO de Uber, Dara Khosrowshahi, ha comunicado a trav\u00e9s de un email interno a los empleados el recorte del 1,6% de la plantilla global de la compa\u00f1\u00eda que justifica por la ralentizaci\u00f3n del negocio. <\/p>\n<p>La compa\u00f1\u00eda de movilidad Uber <strong>recortar\u00e1 un tercio de su departamento global de marketing<\/strong> ante los s\u00edntomas de ralentizaci\u00f3n del negocio. La decisi\u00f3n, tomada por el CEO, Dara Khosrowshahi, ha sido comunicada a trav\u00e9s de un email interno a los empleados y afectar\u00e1 a 400 trabajadores.<\/p>\n<p>\u201cHay una sensaci\u00f3n general de que, a pesar de que hemos crecido r\u00e1pido, estamos ralentiz\u00e1ndonos. <strong>Esto ocurre de forma natural a medida que las compa\u00f1\u00edas crecen pero tenemos que hacer algo al respecto r\u00e1pido\u201d<\/strong>, se\u00f1alaba Khosrowshahi.<\/p>\n<p>Esta noticia llega apenas dos meses despu\u00e9s de la salida a Bolsa de Uber y del <strong>aumento de las presiones de los inversores por las grandes p\u00e9rdidas acumuladas<\/strong> en los \u00faltimos tiempos. La reducci\u00f3n de la plantilla representa el 1,6% de la fuerza trabajadora de la compa\u00f1\u00eda a nivel global y llega un mes despu\u00e9s de que Jill Hazelbaker tomase las riendas de la comunicaci\u00f3n de Uber.<\/p>\n<p><strong>\u201cMuchos de nuestros equipos son demasiado grandes<\/strong> lo que crea solapamiento del trabajo y puede llevar a resultados mediocres\u201d, a\u00f1ad\u00eda Khosrowshahi en su comunicado. \u201cEstoy aqu\u00ed para ganar una carrera muy, muy importante\u201d.<\/p>\n<p class=\"link-telegram\">\n\t\t\t\t\t\t\t\t\t\t\tNo te pierdas nada de MarketingDirecto.com y \u00fanete a nuestro Telegram t.me\/MarketingDirecto\n\t\t\t\t\t\t\t\t\t\t<\/p>\n<\/p><\/div>\n<p><script>(function(d, s, id) {\n  var js, fjs = d.getElementsByTagName(s)[0];\n  if (d.getElementById(id)) return;\n  js = d.createElement(s); js.id = id;\n  js.src = \"http:\/\/connect.facebook.net\/es_LA\/sdk.js#xfbml=1&appId=408746052611679&version=v2.3\";\n  fjs.parentNode.insertBefore(js, fjs);\n}(document, 'script', 'facebook-jssdk'));<\/script><br \/>\n<br \/>[ad_2]<br \/>\n<br \/><a href=\"https:\/\/www.marketingdirecto.com\/anunciantes-general\/anunciantes\/uber-despedira-a-400-trabajadores-de-su-equipo-global-de-marketing\">Source link <\/a><\/p>\n","protected":false},"excerpt":{"rendered":"<p>[ad_1] El CEO de Uber, Dara Khosrowshahi, ha comunicado a trav\u00e9s de un email interno a los empleados el recorte del 1,6% de la plantilla global de la compa\u00f1\u00eda que justifica por la ralentizaci\u00f3n del negocio. La compa\u00f1\u00eda de movilidad Uber recortar\u00e1 un tercio de su departamento global de marketing ante los s\u00edntomas de ralentizaci\u00f3n [&hellip;]<\/p>\n","protected":false},"author":2,"featured_media":7540,"comment_status":"open","ping_status":"open","sticky":false,"template":"","format":"standard","meta":{"footnotes":""},"categories":[2],"tags":[],"class_list":["post-7539","post","type-post","status-publish","format-standard","has-post-thumbnail","hentry","category-noticias-de-marketing-digital"],"yoast_head":"<!-- This site is optimized with the Yoast SEO plugin v27.4 - https:\/\/yoast.com\/product\/yoast-seo-wordpress\/ -->\n<title>Uber despedir\u00e1 a 400 trabajadores de su equipo global de marketing - Super News<\/title>\n<meta name=\"robots\" content=\"index, follow, max-snippet:-1, max-image-preview:large, max-video-preview:-1\" \/>\n<link rel=\"canonical\" href=\"https:\/\/super-news.info\/es\/uber-despedira-a-400-trabajadores-de-su-equipo-global-de-marketing\/\" \/>\n<meta property=\"og:locale\" content=\"en_US\" \/>\n<meta property=\"og:type\" content=\"article\" \/>\n<meta property=\"og:title\" content=\"Uber despedir\u00e1 a 400 trabajadores de su equipo global de marketing - Super News\" \/>\n<meta property=\"og:description\" content=\"[ad_1] El CEO de Uber, Dara Khosrowshahi, ha comunicado a trav\u00e9s de un email interno a los empleados el recorte del 1,6% de la plantilla global de la compa\u00f1\u00eda que justifica por la ralentizaci\u00f3n del negocio. La compa\u00f1\u00eda de movilidad Uber recortar\u00e1 un tercio de su departamento global de marketing ante los s\u00edntomas de ralentizaci\u00f3n [&hellip;]\" \/>\n<meta property=\"og:url\" content=\"https:\/\/super-news.info\/es\/uber-despedira-a-400-trabajadores-de-su-equipo-global-de-marketing\/\" \/>\n<meta property=\"og:site_name\" content=\"Super News\" \/>\n<meta property=\"article:published_time\" content=\"2019-07-30T07:05:45+00:00\" \/>\n<meta property=\"article:modified_time\" content=\"2019-07-30T07:05:46+00:00\" \/>\n<meta property=\"og:image\" content=\"https:\/\/super-news.info\/es\/wp-content\/uploads\/sites\/4\/2019\/07\/Uber-despedir\u00e1-a-400-trabajadores-de-su-equipo-global-de.jpg\" \/>\n\t<meta property=\"og:image:width\" content=\"626\" \/>\n\t<meta property=\"og:image:height\" content=\"364\" \/>\n\t<meta property=\"og:image:type\" content=\"image\/jpeg\" \/>\n<meta name=\"author\" content=\"super-news\" \/>\n<meta name=\"twitter:card\" content=\"summary_large_image\" \/>\n<meta name=\"twitter:label1\" content=\"Written by\" \/>\n\t<meta name=\"twitter:data1\" content=\"super-news\" \/>\n\t<meta name=\"twitter:label2\" content=\"Est. reading time\" \/>\n\t<meta name=\"twitter:data2\" content=\"1 minute\" \/>\n<script type=\"application\/ld+json\" class=\"yoast-schema-graph\">{\"@context\":\"https:\\\/\\\/schema.org\",\"@graph\":[{\"@type\":\"Article\",\"@id\":\"https:\\\/\\\/super-news.info\\\/es\\\/uber-despedira-a-400-trabajadores-de-su-equipo-global-de-marketing\\\/#article\",\"isPartOf\":{\"@id\":\"https:\\\/\\\/super-news.info\\\/es\\\/uber-despedira-a-400-trabajadores-de-su-equipo-global-de-marketing\\\/\"},\"author\":{\"name\":\"super-news\",\"@id\":\"https:\\\/\\\/super-news.info\\\/es\\\/#\\\/schema\\\/person\\\/2d4068cb2f39cd10008c2fce578a7356\"},\"headline\":\"Uber despedir\u00e1 a 400 trabajadores de su equipo global de marketing\",\"datePublished\":\"2019-07-30T07:05:45+00:00\",\"dateModified\":\"2019-07-30T07:05:46+00:00\",\"mainEntityOfPage\":{\"@id\":\"https:\\\/\\\/super-news.info\\\/es\\\/uber-despedira-a-400-trabajadores-de-su-equipo-global-de-marketing\\\/\"},\"wordCount\":265,\"commentCount\":0,\"image\":{\"@id\":\"https:\\\/\\\/super-news.info\\\/es\\\/uber-despedira-a-400-trabajadores-de-su-equipo-global-de-marketing\\\/#primaryimage\"},\"thumbnailUrl\":\"https:\\\/\\\/super-news.info\\\/es\\\/wp-content\\\/uploads\\\/sites\\\/4\\\/2019\\\/07\\\/Uber-despedir\u00e1-a-400-trabajadores-de-su-equipo-global-de.jpg\",\"articleSection\":[\"NOTICIAS DE MARKETING DIGITAL\"],\"inLanguage\":\"en-US\",\"potentialAction\":[{\"@type\":\"CommentAction\",\"name\":\"Comment\",\"target\":[\"https:\\\/\\\/super-news.info\\\/es\\\/uber-despedira-a-400-trabajadores-de-su-equipo-global-de-marketing\\\/#respond\"]}]},{\"@type\":\"WebPage\",\"@id\":\"https:\\\/\\\/super-news.info\\\/es\\\/uber-despedira-a-400-trabajadores-de-su-equipo-global-de-marketing\\\/\",\"url\":\"https:\\\/\\\/super-news.info\\\/es\\\/uber-despedira-a-400-trabajadores-de-su-equipo-global-de-marketing\\\/\",\"name\":\"Uber despedir\u00e1 a 400 trabajadores de su equipo global de marketing - Super News\",\"isPartOf\":{\"@id\":\"https:\\\/\\\/super-news.info\\\/es\\\/#website\"},\"primaryImageOfPage\":{\"@id\":\"https:\\\/\\\/super-news.info\\\/es\\\/uber-despedira-a-400-trabajadores-de-su-equipo-global-de-marketing\\\/#primaryimage\"},\"image\":{\"@id\":\"https:\\\/\\\/super-news.info\\\/es\\\/uber-despedira-a-400-trabajadores-de-su-equipo-global-de-marketing\\\/#primaryimage\"},\"thumbnailUrl\":\"https:\\\/\\\/super-news.info\\\/es\\\/wp-content\\\/uploads\\\/sites\\\/4\\\/2019\\\/07\\\/Uber-despedir\u00e1-a-400-trabajadores-de-su-equipo-global-de.jpg\",\"datePublished\":\"2019-07-30T07:05:45+00:00\",\"dateModified\":\"2019-07-30T07:05:46+00:00\",\"author\":{\"@id\":\"https:\\\/\\\/super-news.info\\\/es\\\/#\\\/schema\\\/person\\\/2d4068cb2f39cd10008c2fce578a7356\"},\"breadcrumb\":{\"@id\":\"https:\\\/\\\/super-news.info\\\/es\\\/uber-despedira-a-400-trabajadores-de-su-equipo-global-de-marketing\\\/#breadcrumb\"},\"inLanguage\":\"en-US\",\"potentialAction\":[{\"@type\":\"ReadAction\",\"target\":[\"https:\\\/\\\/super-news.info\\\/es\\\/uber-despedira-a-400-trabajadores-de-su-equipo-global-de-marketing\\\/\"]}]},{\"@type\":\"ImageObject\",\"inLanguage\":\"en-US\",\"@id\":\"https:\\\/\\\/super-news.info\\\/es\\\/uber-despedira-a-400-trabajadores-de-su-equipo-global-de-marketing\\\/#primaryimage\",\"url\":\"https:\\\/\\\/super-news.info\\\/es\\\/wp-content\\\/uploads\\\/sites\\\/4\\\/2019\\\/07\\\/Uber-despedir\u00e1-a-400-trabajadores-de-su-equipo-global-de.jpg\",\"contentUrl\":\"https:\\\/\\\/super-news.info\\\/es\\\/wp-content\\\/uploads\\\/sites\\\/4\\\/2019\\\/07\\\/Uber-despedir\u00e1-a-400-trabajadores-de-su-equipo-global-de.jpg\",\"width\":626,\"height\":364,\"caption\":\"uber\"},{\"@type\":\"BreadcrumbList\",\"@id\":\"https:\\\/\\\/super-news.info\\\/es\\\/uber-despedira-a-400-trabajadores-de-su-equipo-global-de-marketing\\\/#breadcrumb\",\"itemListElement\":[{\"@type\":\"ListItem\",\"position\":1,\"name\":\"\u0413\u043b\u0430\u0432\u043d\u0430\u044f \u0441\u0442\u0440\u0430\u043d\u0438\u0446\u0430\",\"item\":\"https:\\\/\\\/super-news.info\\\/es\\\/\"},{\"@type\":\"ListItem\",\"position\":2,\"name\":\"Uber despedir\u00e1 a 400 trabajadores de su equipo global de marketing\"}]},{\"@type\":\"WebSite\",\"@id\":\"https:\\\/\\\/super-news.info\\\/es\\\/#website\",\"url\":\"https:\\\/\\\/super-news.info\\\/es\\\/\",\"name\":\"Super News\",\"description\":\"Super News Espa\u00f1a\",\"potentialAction\":[{\"@type\":\"SearchAction\",\"target\":{\"@type\":\"EntryPoint\",\"urlTemplate\":\"https:\\\/\\\/super-news.info\\\/es\\\/?s={search_term_string}\"},\"query-input\":{\"@type\":\"PropertyValueSpecification\",\"valueRequired\":true,\"valueName\":\"search_term_string\"}}],\"inLanguage\":\"en-US\"},{\"@type\":\"Person\",\"@id\":\"https:\\\/\\\/super-news.info\\\/es\\\/#\\\/schema\\\/person\\\/2d4068cb2f39cd10008c2fce578a7356\",\"name\":\"super-news\",\"image\":{\"@type\":\"ImageObject\",\"inLanguage\":\"en-US\",\"@id\":\"https:\\\/\\\/secure.gravatar.com\\\/avatar\\\/64ebac40b93f26a154f8a9b5b6fdccfc46f442b26b3dd6756dbff3bf9dc76fd7?s=96&d=mm&r=g\",\"url\":\"https:\\\/\\\/secure.gravatar.com\\\/avatar\\\/64ebac40b93f26a154f8a9b5b6fdccfc46f442b26b3dd6756dbff3bf9dc76fd7?s=96&d=mm&r=g\",\"contentUrl\":\"https:\\\/\\\/secure.gravatar.com\\\/avatar\\\/64ebac40b93f26a154f8a9b5b6fdccfc46f442b26b3dd6756dbff3bf9dc76fd7?s=96&d=mm&r=g\",\"caption\":\"super-news\"},\"url\":\"https:\\\/\\\/super-news.info\\\/es\\\/author\\\/pt\\\/\"}]}<\/script>\n<!-- \/ Yoast SEO plugin. -->","yoast_head_json":{"title":"Uber despedir\u00e1 a 400 trabajadores de su equipo global de marketing - Super News","robots":{"index":"index","follow":"follow","max-snippet":"max-snippet:-1","max-image-preview":"max-image-preview:large","max-video-preview":"max-video-preview:-1"},"canonical":"https:\/\/super-news.info\/es\/uber-despedira-a-400-trabajadores-de-su-equipo-global-de-marketing\/","og_locale":"en_US","og_type":"article","og_title":"Uber despedir\u00e1 a 400 trabajadores de su equipo global de marketing - Super News","og_description":"[ad_1] El CEO de Uber, Dara Khosrowshahi, ha comunicado a trav\u00e9s de un email interno a los empleados el recorte del 1,6% de la plantilla global de la compa\u00f1\u00eda que justifica por la ralentizaci\u00f3n del negocio. La compa\u00f1\u00eda de movilidad Uber recortar\u00e1 un tercio de su departamento global de marketing ante los s\u00edntomas de ralentizaci\u00f3n [&hellip;]","og_url":"https:\/\/super-news.info\/es\/uber-despedira-a-400-trabajadores-de-su-equipo-global-de-marketing\/","og_site_name":"Super News","article_published_time":"2019-07-30T07:05:45+00:00","article_modified_time":"2019-07-30T07:05:46+00:00","og_image":[{"width":626,"height":364,"url":"https:\/\/super-news.info\/es\/wp-content\/uploads\/sites\/4\/2019\/07\/Uber-despedir\u00e1-a-400-trabajadores-de-su-equipo-global-de.jpg","type":"image\/jpeg"}],"author":"super-news","twitter_card":"summary_large_image","twitter_misc":{"Written by":"super-news","Est. reading time":"1 minute"},"schema":{"@context":"https:\/\/schema.org","@graph":[{"@type":"Article","@id":"https:\/\/super-news.info\/es\/uber-despedira-a-400-trabajadores-de-su-equipo-global-de-marketing\/#article","isPartOf":{"@id":"https:\/\/super-news.info\/es\/uber-despedira-a-400-trabajadores-de-su-equipo-global-de-marketing\/"},"author":{"name":"super-news","@id":"https:\/\/super-news.info\/es\/#\/schema\/person\/2d4068cb2f39cd10008c2fce578a7356"},"headline":"Uber despedir\u00e1 a 400 trabajadores de su equipo global de marketing","datePublished":"2019-07-30T07:05:45+00:00","dateModified":"2019-07-30T07:05:46+00:00","mainEntityOfPage":{"@id":"https:\/\/super-news.info\/es\/uber-despedira-a-400-trabajadores-de-su-equipo-global-de-marketing\/"},"wordCount":265,"commentCount":0,"image":{"@id":"https:\/\/super-news.info\/es\/uber-despedira-a-400-trabajadores-de-su-equipo-global-de-marketing\/#primaryimage"},"thumbnailUrl":"https:\/\/super-news.info\/es\/wp-content\/uploads\/sites\/4\/2019\/07\/Uber-despedir\u00e1-a-400-trabajadores-de-su-equipo-global-de.jpg","articleSection":["NOTICIAS DE MARKETING DIGITAL"],"inLanguage":"en-US","potentialAction":[{"@type":"CommentAction","name":"Comment","target":["https:\/\/super-news.info\/es\/uber-despedira-a-400-trabajadores-de-su-equipo-global-de-marketing\/#respond"]}]},{"@type":"WebPage","@id":"https:\/\/super-news.info\/es\/uber-despedira-a-400-trabajadores-de-su-equipo-global-de-marketing\/","url":"https:\/\/super-news.info\/es\/uber-despedira-a-400-trabajadores-de-su-equipo-global-de-marketing\/","name":"Uber despedir\u00e1 a 400 trabajadores de su equipo global de marketing - Super News","isPartOf":{"@id":"https:\/\/super-news.info\/es\/#website"},"primaryImageOfPage":{"@id":"https:\/\/super-news.info\/es\/uber-despedira-a-400-trabajadores-de-su-equipo-global-de-marketing\/#primaryimage"},"image":{"@id":"https:\/\/super-news.info\/es\/uber-despedira-a-400-trabajadores-de-su-equipo-global-de-marketing\/#primaryimage"},"thumbnailUrl":"https:\/\/super-news.info\/es\/wp-content\/uploads\/sites\/4\/2019\/07\/Uber-despedir\u00e1-a-400-trabajadores-de-su-equipo-global-de.jpg","datePublished":"2019-07-30T07:05:45+00:00","dateModified":"2019-07-30T07:05:46+00:00","author":{"@id":"https:\/\/super-news.info\/es\/#\/schema\/person\/2d4068cb2f39cd10008c2fce578a7356"},"breadcrumb":{"@id":"https:\/\/super-news.info\/es\/uber-despedira-a-400-trabajadores-de-su-equipo-global-de-marketing\/#breadcrumb"},"inLanguage":"en-US","potentialAction":[{"@type":"ReadAction","target":["https:\/\/super-news.info\/es\/uber-despedira-a-400-trabajadores-de-su-equipo-global-de-marketing\/"]}]},{"@type":"ImageObject","inLanguage":"en-US","@id":"https:\/\/super-news.info\/es\/uber-despedira-a-400-trabajadores-de-su-equipo-global-de-marketing\/#primaryimage","url":"https:\/\/super-news.info\/es\/wp-content\/uploads\/sites\/4\/2019\/07\/Uber-despedir\u00e1-a-400-trabajadores-de-su-equipo-global-de.jpg","contentUrl":"https:\/\/super-news.info\/es\/wp-content\/uploads\/sites\/4\/2019\/07\/Uber-despedir\u00e1-a-400-trabajadores-de-su-equipo-global-de.jpg","width":626,"height":364,"caption":"uber"},{"@type":"BreadcrumbList","@id":"https:\/\/super-news.info\/es\/uber-despedira-a-400-trabajadores-de-su-equipo-global-de-marketing\/#breadcrumb","itemListElement":[{"@type":"ListItem","position":1,"name":"\u0413\u043b\u0430\u0432\u043d\u0430\u044f \u0441\u0442\u0440\u0430\u043d\u0438\u0446\u0430","item":"https:\/\/super-news.info\/es\/"},{"@type":"ListItem","position":2,"name":"Uber despedir\u00e1 a 400 trabajadores de su equipo global de marketing"}]},{"@type":"WebSite","@id":"https:\/\/super-news.info\/es\/#website","url":"https:\/\/super-news.info\/es\/","name":"Super News","description":"Super News Espa\u00f1a","potentialAction":[{"@type":"SearchAction","target":{"@type":"EntryPoint","urlTemplate":"https:\/\/super-news.info\/es\/?s={search_term_string}"},"query-input":{"@type":"PropertyValueSpecification","valueRequired":true,"valueName":"search_term_string"}}],"inLanguage":"en-US"},{"@type":"Person","@id":"https:\/\/super-news.info\/es\/#\/schema\/person\/2d4068cb2f39cd10008c2fce578a7356","name":"super-news","image":{"@type":"ImageObject","inLanguage":"en-US","@id":"https:\/\/secure.gravatar.com\/avatar\/64ebac40b93f26a154f8a9b5b6fdccfc46f442b26b3dd6756dbff3bf9dc76fd7?s=96&d=mm&r=g","url":"https:\/\/secure.gravatar.com\/avatar\/64ebac40b93f26a154f8a9b5b6fdccfc46f442b26b3dd6756dbff3bf9dc76fd7?s=96&d=mm&r=g","contentUrl":"https:\/\/secure.gravatar.com\/avatar\/64ebac40b93f26a154f8a9b5b6fdccfc46f442b26b3dd6756dbff3bf9dc76fd7?s=96&d=mm&r=g","caption":"super-news"},"url":"https:\/\/super-news.info\/es\/author\/pt\/"}]}},"_links":{"self":[{"href":"https:\/\/super-news.info\/es\/wp-json\/wp\/v2\/posts\/7539","targetHints":{"allow":["GET"]}}],"collection":[{"href":"https:\/\/super-news.info\/es\/wp-json\/wp\/v2\/posts"}],"about":[{"href":"https:\/\/super-news.info\/es\/wp-json\/wp\/v2\/types\/post"}],"author":[{"embeddable":true,"href":"https:\/\/super-news.info\/es\/wp-json\/wp\/v2\/users\/2"}],"replies":[{"embeddable":true,"href":"https:\/\/super-news.info\/es\/wp-json\/wp\/v2\/comments?post=7539"}],"version-history":[{"count":1,"href":"https:\/\/super-news.info\/es\/wp-json\/wp\/v2\/posts\/7539\/revisions"}],"predecessor-version":[{"id":7541,"href":"https:\/\/super-news.info\/es\/wp-json\/wp\/v2\/posts\/7539\/revisions\/7541"}],"wp:featuredmedia":[{"embeddable":true,"href":"https:\/\/super-news.info\/es\/wp-json\/wp\/v2\/media\/7540"}],"wp:attachment":[{"href":"https:\/\/super-news.info\/es\/wp-json\/wp\/v2\/media?parent=7539"}],"wp:term":[{"taxonomy":"category","embeddable":true,"href":"https:\/\/super-news.info\/es\/wp-json\/wp\/v2\/categories?post=7539"},{"taxonomy":"post_tag","embeddable":true,"href":"https:\/\/super-news.info\/es\/wp-json\/wp\/v2\/tags?post=7539"}],"curies":[{"name":"wp","href":"https:\/\/api.w.org\/{rel}","templated":true}]}}