{"id":7530,"date":"2019-07-30T05:36:18","date_gmt":"2019-07-30T02:36:18","guid":{"rendered":"https:\/\/super-news.info\/es\/transformacion-digital-tambien-en-el-control-horario\/"},"modified":"2019-07-30T05:36:19","modified_gmt":"2019-07-30T02:36:19","slug":"transformacion-digital-tambien-en-el-control-horario","status":"publish","type":"post","link":"https:\/\/super-news.info\/es\/transformacion-digital-tambien-en-el-control-horario\/","title":{"rendered":"Transformaci\u00f3n digital, tambi\u00e9n en el control horario"},"content":{"rendered":"<p> [ad_1]<br \/>\n<\/p>\n<div id=\"textoNoticia\">\n<p class=\"excerpt-single\">La nueva normativa espa\u00f1ola exige un control horario de la jornada de los trabajadores a las empresas de todos los sectores de actividad.<\/p>\n<\/p>\n<p>Hace ya m\u00e1s de dos meses que las empresas espa\u00f1olas est\u00e1n obligadas a realizar un <strong>control horario<\/strong> del trabajo de sus empleados, seg\u00fan se recoge en el Real Decreto-ley 8\/2019, de 8 de marzo, de medidas urgentes de protecci\u00f3n social y de lucha contra la precariedad laboral en la jornada de trabajo.<\/p>\n<p>Con esta medida, la nueva normativa busca asegurar el cumplimiento de los horarios en el trabajo, adem\u00e1s de <strong>evitar abusos laborales y fraudes<\/strong> por no pagar o compensar las horas extras. Para las empresas, implica tener que garantizar un registro diario de jornada de sus empleados, que incluya el horario concreto de inicio y finalizaci\u00f3n de la jornada de trabajo de cada uno.<\/p>\n<p>Adem\u00e1s, seg\u00fan la ley, <strong>la empresa debe conservar esos registros durante cuatro a\u00f1os<\/strong> y ponerlos a disposici\u00f3n de las personas trabajadoras, de sus representantes legales y de la Inspecci\u00f3n de Trabajo y Seguridad Social.<\/p>\n<p>Para muchas empresas, especialmente las medianas y peque\u00f1as, realizar este control horario ha supuesto todo un desaf\u00edo que en algunos casos no terminan de abordar. Sin embargo, el incumplimiento de la ley puede ocasionarles <strong>multas de hasta 6.250 euros<\/strong>. Merece la pena, por tanto, invertir en soluciones que faciliten el cumplimiento de la ley.<\/p>\n<p>Aunque la legislaci\u00f3n permite realizar el registro de la jornada en soporte papel, este m\u00e9todo resulta<strong> insuficiente para nuevas f\u00f3rmulas laborales<\/strong> como es el caso del trabajo en movilidad, la jornada flexible o el teletrabajo, que facilitan la conciliaci\u00f3n de la vida laboral y personal. Esas situaciones requieren de sistemas que hagan posible el control horario sin que se vean afectadas las condiciones laborales del empleado y sin dejar tampoco de cumplir la ley.<\/p>\n<p><strong>Transformaci\u00f3n digital en la gesti\u00f3n del talento<\/strong><\/p>\n<p>Parece que se trata, una vez m\u00e1s, de transformaci\u00f3n digital. La tecnolog\u00eda actual deber\u00eda ser suficiente para que las empresas permitan a sus trabajadores fichar, por ejemplo, a trav\u00e9s del m\u00f3vil, y tambi\u00e9n acceder a su registro horario de manera sencilla. Una soluci\u00f3n de software permitir\u00eda tambi\u00e9n crear distintos tipos de jornada laboral y ahorrar\u00eda tiempos de gesti\u00f3n a los departamentos de recursos humanos y al resto de trabajadores, con la consiguiente <strong>mejora de la experiencia de trabajo y de la productividad<\/strong>.<\/p>\n<p>Para las empresas, no es solo una cuesti\u00f3n de cumplir con la legalidad. La gesti\u00f3n del talento juega un <strong>papel fundamental en la transformaci\u00f3n digital<\/strong> y la inversi\u00f3n en este \u00e1mbito es una apuesta segura. Los modelos de trabajo basados en la movilidad y la flexibilidad benefician tanto a empresas como a empleados: a las compa\u00f1\u00edas les permite atraer y retener talento, mejorar su marca como empleador e incrementar el compromiso de los empleados. Estos, por su parte, a la hora de elegir una empresa valoran muy positivamente la posibilidad de conciliar vida profesional, familiar y personal. Es imprescindible, por tanto, seguir apostando por ello.<\/p>\n<p class=\"link-telegram\">\n\t\t\t\t\t\t\t\t\t\t\tNo te pierdas nada de MarketingDirecto.com y \u00fanete a nuestro Telegram t.me\/MarketingDirecto\n\t\t\t\t\t\t\t\t\t\t<\/p>\n<\/p><\/div>\n<p><script>(function(d, s, id) {\n  var js, fjs = d.getElementsByTagName(s)[0];\n  if (d.getElementById(id)) return;\n  js = d.createElement(s); js.id = id;\n  js.src = \"http:\/\/connect.facebook.net\/es_LA\/sdk.js#xfbml=1&appId=408746052611679&version=v2.3\";\n  fjs.parentNode.insertBefore(js, fjs);\n}(document, 'script', 'facebook-jssdk'));<\/script><br \/>\n<br \/>[ad_2]<br \/>\n<br \/><a href=\"https:\/\/www.marketingdirecto.com\/digital-general\/digital\/__trashed-34\">Source link <\/a><\/p>\n","protected":false},"excerpt":{"rendered":"<p>[ad_1] La nueva normativa espa\u00f1ola exige un control horario de la jornada de los trabajadores a las empresas de todos los sectores de actividad. Hace ya m\u00e1s de dos meses que las empresas espa\u00f1olas est\u00e1n obligadas a realizar un control horario del trabajo de sus empleados, seg\u00fan se recoge en el Real Decreto-ley 8\/2019, de [&hellip;]<\/p>\n","protected":false},"author":2,"featured_media":7531,"comment_status":"open","ping_status":"open","sticky":false,"template":"","format":"standard","meta":{"footnotes":""},"categories":[2],"tags":[],"class_list":["post-7530","post","type-post","status-publish","format-standard","has-post-thumbnail","hentry","category-noticias-de-marketing-digital"],"yoast_head":"<!-- This site is optimized with the Yoast SEO plugin v27.4 - https:\/\/yoast.com\/product\/yoast-seo-wordpress\/ -->\n<title>Transformaci\u00f3n digital, tambi\u00e9n en el control horario - Super News<\/title>\n<meta name=\"robots\" content=\"index, follow, max-snippet:-1, max-image-preview:large, max-video-preview:-1\" \/>\n<link rel=\"canonical\" href=\"https:\/\/super-news.info\/es\/transformacion-digital-tambien-en-el-control-horario\/\" \/>\n<meta property=\"og:locale\" content=\"en_US\" \/>\n<meta property=\"og:type\" content=\"article\" \/>\n<meta property=\"og:title\" content=\"Transformaci\u00f3n digital, tambi\u00e9n en el control horario - Super News\" \/>\n<meta property=\"og:description\" content=\"[ad_1] La nueva normativa espa\u00f1ola exige un control horario de la jornada de los trabajadores a las empresas de todos los sectores de actividad. Hace ya m\u00e1s de dos meses que las empresas espa\u00f1olas est\u00e1n obligadas a realizar un control horario del trabajo de sus empleados, seg\u00fan se recoge en el Real Decreto-ley 8\/2019, de [&hellip;]\" \/>\n<meta property=\"og:url\" content=\"https:\/\/super-news.info\/es\/transformacion-digital-tambien-en-el-control-horario\/\" \/>\n<meta property=\"og:site_name\" content=\"Super News\" \/>\n<meta property=\"article:published_time\" content=\"2019-07-30T02:36:18+00:00\" \/>\n<meta property=\"article:modified_time\" content=\"2019-07-30T02:36:19+00:00\" \/>\n<meta property=\"og:image\" content=\"https:\/\/super-news.info\/es\/wp-content\/uploads\/sites\/4\/2019\/07\/Transformaci\u00f3n-digital-tambi\u00e9n-en-el-control-horario.jpg\" \/>\n\t<meta property=\"og:image:width\" content=\"626\" \/>\n\t<meta property=\"og:image:height\" content=\"364\" \/>\n\t<meta property=\"og:image:type\" content=\"image\/jpeg\" \/>\n<meta name=\"author\" content=\"super-news\" \/>\n<meta name=\"twitter:card\" content=\"summary_large_image\" \/>\n<meta name=\"twitter:label1\" content=\"Written by\" \/>\n\t<meta name=\"twitter:data1\" content=\"super-news\" \/>\n\t<meta name=\"twitter:label2\" content=\"Est. reading time\" \/>\n\t<meta name=\"twitter:data2\" content=\"3 minutes\" \/>\n<script type=\"application\/ld+json\" class=\"yoast-schema-graph\">{\"@context\":\"https:\\\/\\\/schema.org\",\"@graph\":[{\"@type\":\"Article\",\"@id\":\"https:\\\/\\\/super-news.info\\\/es\\\/transformacion-digital-tambien-en-el-control-horario\\\/#article\",\"isPartOf\":{\"@id\":\"https:\\\/\\\/super-news.info\\\/es\\\/transformacion-digital-tambien-en-el-control-horario\\\/\"},\"author\":{\"name\":\"super-news\",\"@id\":\"https:\\\/\\\/super-news.info\\\/es\\\/#\\\/schema\\\/person\\\/2d4068cb2f39cd10008c2fce578a7356\"},\"headline\":\"Transformaci\u00f3n digital, tambi\u00e9n en el control horario\",\"datePublished\":\"2019-07-30T02:36:18+00:00\",\"dateModified\":\"2019-07-30T02:36:19+00:00\",\"mainEntityOfPage\":{\"@id\":\"https:\\\/\\\/super-news.info\\\/es\\\/transformacion-digital-tambien-en-el-control-horario\\\/\"},\"wordCount\":557,\"commentCount\":0,\"image\":{\"@id\":\"https:\\\/\\\/super-news.info\\\/es\\\/transformacion-digital-tambien-en-el-control-horario\\\/#primaryimage\"},\"thumbnailUrl\":\"https:\\\/\\\/super-news.info\\\/es\\\/wp-content\\\/uploads\\\/sites\\\/4\\\/2019\\\/07\\\/Transformaci\u00f3n-digital-tambi\u00e9n-en-el-control-horario.jpg\",\"articleSection\":[\"NOTICIAS DE MARKETING DIGITAL\"],\"inLanguage\":\"en-US\",\"potentialAction\":[{\"@type\":\"CommentAction\",\"name\":\"Comment\",\"target\":[\"https:\\\/\\\/super-news.info\\\/es\\\/transformacion-digital-tambien-en-el-control-horario\\\/#respond\"]}]},{\"@type\":\"WebPage\",\"@id\":\"https:\\\/\\\/super-news.info\\\/es\\\/transformacion-digital-tambien-en-el-control-horario\\\/\",\"url\":\"https:\\\/\\\/super-news.info\\\/es\\\/transformacion-digital-tambien-en-el-control-horario\\\/\",\"name\":\"Transformaci\u00f3n digital, tambi\u00e9n en el control horario - Super News\",\"isPartOf\":{\"@id\":\"https:\\\/\\\/super-news.info\\\/es\\\/#website\"},\"primaryImageOfPage\":{\"@id\":\"https:\\\/\\\/super-news.info\\\/es\\\/transformacion-digital-tambien-en-el-control-horario\\\/#primaryimage\"},\"image\":{\"@id\":\"https:\\\/\\\/super-news.info\\\/es\\\/transformacion-digital-tambien-en-el-control-horario\\\/#primaryimage\"},\"thumbnailUrl\":\"https:\\\/\\\/super-news.info\\\/es\\\/wp-content\\\/uploads\\\/sites\\\/4\\\/2019\\\/07\\\/Transformaci\u00f3n-digital-tambi\u00e9n-en-el-control-horario.jpg\",\"datePublished\":\"2019-07-30T02:36:18+00:00\",\"dateModified\":\"2019-07-30T02:36:19+00:00\",\"author\":{\"@id\":\"https:\\\/\\\/super-news.info\\\/es\\\/#\\\/schema\\\/person\\\/2d4068cb2f39cd10008c2fce578a7356\"},\"breadcrumb\":{\"@id\":\"https:\\\/\\\/super-news.info\\\/es\\\/transformacion-digital-tambien-en-el-control-horario\\\/#breadcrumb\"},\"inLanguage\":\"en-US\",\"potentialAction\":[{\"@type\":\"ReadAction\",\"target\":[\"https:\\\/\\\/super-news.info\\\/es\\\/transformacion-digital-tambien-en-el-control-horario\\\/\"]}]},{\"@type\":\"ImageObject\",\"inLanguage\":\"en-US\",\"@id\":\"https:\\\/\\\/super-news.info\\\/es\\\/transformacion-digital-tambien-en-el-control-horario\\\/#primaryimage\",\"url\":\"https:\\\/\\\/super-news.info\\\/es\\\/wp-content\\\/uploads\\\/sites\\\/4\\\/2019\\\/07\\\/Transformaci\u00f3n-digital-tambi\u00e9n-en-el-control-horario.jpg\",\"contentUrl\":\"https:\\\/\\\/super-news.info\\\/es\\\/wp-content\\\/uploads\\\/sites\\\/4\\\/2019\\\/07\\\/Transformaci\u00f3n-digital-tambi\u00e9n-en-el-control-horario.jpg\",\"width\":626,\"height\":364,\"caption\":\"control-horario\"},{\"@type\":\"BreadcrumbList\",\"@id\":\"https:\\\/\\\/super-news.info\\\/es\\\/transformacion-digital-tambien-en-el-control-horario\\\/#breadcrumb\",\"itemListElement\":[{\"@type\":\"ListItem\",\"position\":1,\"name\":\"\u0413\u043b\u0430\u0432\u043d\u0430\u044f \u0441\u0442\u0440\u0430\u043d\u0438\u0446\u0430\",\"item\":\"https:\\\/\\\/super-news.info\\\/es\\\/\"},{\"@type\":\"ListItem\",\"position\":2,\"name\":\"Transformaci\u00f3n digital, tambi\u00e9n en el control horario\"}]},{\"@type\":\"WebSite\",\"@id\":\"https:\\\/\\\/super-news.info\\\/es\\\/#website\",\"url\":\"https:\\\/\\\/super-news.info\\\/es\\\/\",\"name\":\"Super News\",\"description\":\"Super News Espa\u00f1a\",\"potentialAction\":[{\"@type\":\"SearchAction\",\"target\":{\"@type\":\"EntryPoint\",\"urlTemplate\":\"https:\\\/\\\/super-news.info\\\/es\\\/?s={search_term_string}\"},\"query-input\":{\"@type\":\"PropertyValueSpecification\",\"valueRequired\":true,\"valueName\":\"search_term_string\"}}],\"inLanguage\":\"en-US\"},{\"@type\":\"Person\",\"@id\":\"https:\\\/\\\/super-news.info\\\/es\\\/#\\\/schema\\\/person\\\/2d4068cb2f39cd10008c2fce578a7356\",\"name\":\"super-news\",\"image\":{\"@type\":\"ImageObject\",\"inLanguage\":\"en-US\",\"@id\":\"https:\\\/\\\/secure.gravatar.com\\\/avatar\\\/64ebac40b93f26a154f8a9b5b6fdccfc46f442b26b3dd6756dbff3bf9dc76fd7?s=96&d=mm&r=g\",\"url\":\"https:\\\/\\\/secure.gravatar.com\\\/avatar\\\/64ebac40b93f26a154f8a9b5b6fdccfc46f442b26b3dd6756dbff3bf9dc76fd7?s=96&d=mm&r=g\",\"contentUrl\":\"https:\\\/\\\/secure.gravatar.com\\\/avatar\\\/64ebac40b93f26a154f8a9b5b6fdccfc46f442b26b3dd6756dbff3bf9dc76fd7?s=96&d=mm&r=g\",\"caption\":\"super-news\"},\"url\":\"https:\\\/\\\/super-news.info\\\/es\\\/author\\\/pt\\\/\"}]}<\/script>\n<!-- \/ Yoast SEO plugin. -->","yoast_head_json":{"title":"Transformaci\u00f3n digital, tambi\u00e9n en el control horario - Super News","robots":{"index":"index","follow":"follow","max-snippet":"max-snippet:-1","max-image-preview":"max-image-preview:large","max-video-preview":"max-video-preview:-1"},"canonical":"https:\/\/super-news.info\/es\/transformacion-digital-tambien-en-el-control-horario\/","og_locale":"en_US","og_type":"article","og_title":"Transformaci\u00f3n digital, tambi\u00e9n en el control horario - Super News","og_description":"[ad_1] La nueva normativa espa\u00f1ola exige un control horario de la jornada de los trabajadores a las empresas de todos los sectores de actividad. Hace ya m\u00e1s de dos meses que las empresas espa\u00f1olas est\u00e1n obligadas a realizar un control horario del trabajo de sus empleados, seg\u00fan se recoge en el Real Decreto-ley 8\/2019, de [&hellip;]","og_url":"https:\/\/super-news.info\/es\/transformacion-digital-tambien-en-el-control-horario\/","og_site_name":"Super News","article_published_time":"2019-07-30T02:36:18+00:00","article_modified_time":"2019-07-30T02:36:19+00:00","og_image":[{"width":626,"height":364,"url":"https:\/\/super-news.info\/es\/wp-content\/uploads\/sites\/4\/2019\/07\/Transformaci\u00f3n-digital-tambi\u00e9n-en-el-control-horario.jpg","type":"image\/jpeg"}],"author":"super-news","twitter_card":"summary_large_image","twitter_misc":{"Written by":"super-news","Est. reading time":"3 minutes"},"schema":{"@context":"https:\/\/schema.org","@graph":[{"@type":"Article","@id":"https:\/\/super-news.info\/es\/transformacion-digital-tambien-en-el-control-horario\/#article","isPartOf":{"@id":"https:\/\/super-news.info\/es\/transformacion-digital-tambien-en-el-control-horario\/"},"author":{"name":"super-news","@id":"https:\/\/super-news.info\/es\/#\/schema\/person\/2d4068cb2f39cd10008c2fce578a7356"},"headline":"Transformaci\u00f3n digital, tambi\u00e9n en el control horario","datePublished":"2019-07-30T02:36:18+00:00","dateModified":"2019-07-30T02:36:19+00:00","mainEntityOfPage":{"@id":"https:\/\/super-news.info\/es\/transformacion-digital-tambien-en-el-control-horario\/"},"wordCount":557,"commentCount":0,"image":{"@id":"https:\/\/super-news.info\/es\/transformacion-digital-tambien-en-el-control-horario\/#primaryimage"},"thumbnailUrl":"https:\/\/super-news.info\/es\/wp-content\/uploads\/sites\/4\/2019\/07\/Transformaci\u00f3n-digital-tambi\u00e9n-en-el-control-horario.jpg","articleSection":["NOTICIAS DE MARKETING DIGITAL"],"inLanguage":"en-US","potentialAction":[{"@type":"CommentAction","name":"Comment","target":["https:\/\/super-news.info\/es\/transformacion-digital-tambien-en-el-control-horario\/#respond"]}]},{"@type":"WebPage","@id":"https:\/\/super-news.info\/es\/transformacion-digital-tambien-en-el-control-horario\/","url":"https:\/\/super-news.info\/es\/transformacion-digital-tambien-en-el-control-horario\/","name":"Transformaci\u00f3n digital, tambi\u00e9n en el control horario - Super News","isPartOf":{"@id":"https:\/\/super-news.info\/es\/#website"},"primaryImageOfPage":{"@id":"https:\/\/super-news.info\/es\/transformacion-digital-tambien-en-el-control-horario\/#primaryimage"},"image":{"@id":"https:\/\/super-news.info\/es\/transformacion-digital-tambien-en-el-control-horario\/#primaryimage"},"thumbnailUrl":"https:\/\/super-news.info\/es\/wp-content\/uploads\/sites\/4\/2019\/07\/Transformaci\u00f3n-digital-tambi\u00e9n-en-el-control-horario.jpg","datePublished":"2019-07-30T02:36:18+00:00","dateModified":"2019-07-30T02:36:19+00:00","author":{"@id":"https:\/\/super-news.info\/es\/#\/schema\/person\/2d4068cb2f39cd10008c2fce578a7356"},"breadcrumb":{"@id":"https:\/\/super-news.info\/es\/transformacion-digital-tambien-en-el-control-horario\/#breadcrumb"},"inLanguage":"en-US","potentialAction":[{"@type":"ReadAction","target":["https:\/\/super-news.info\/es\/transformacion-digital-tambien-en-el-control-horario\/"]}]},{"@type":"ImageObject","inLanguage":"en-US","@id":"https:\/\/super-news.info\/es\/transformacion-digital-tambien-en-el-control-horario\/#primaryimage","url":"https:\/\/super-news.info\/es\/wp-content\/uploads\/sites\/4\/2019\/07\/Transformaci\u00f3n-digital-tambi\u00e9n-en-el-control-horario.jpg","contentUrl":"https:\/\/super-news.info\/es\/wp-content\/uploads\/sites\/4\/2019\/07\/Transformaci\u00f3n-digital-tambi\u00e9n-en-el-control-horario.jpg","width":626,"height":364,"caption":"control-horario"},{"@type":"BreadcrumbList","@id":"https:\/\/super-news.info\/es\/transformacion-digital-tambien-en-el-control-horario\/#breadcrumb","itemListElement":[{"@type":"ListItem","position":1,"name":"\u0413\u043b\u0430\u0432\u043d\u0430\u044f \u0441\u0442\u0440\u0430\u043d\u0438\u0446\u0430","item":"https:\/\/super-news.info\/es\/"},{"@type":"ListItem","position":2,"name":"Transformaci\u00f3n digital, tambi\u00e9n en el control horario"}]},{"@type":"WebSite","@id":"https:\/\/super-news.info\/es\/#website","url":"https:\/\/super-news.info\/es\/","name":"Super News","description":"Super News Espa\u00f1a","potentialAction":[{"@type":"SearchAction","target":{"@type":"EntryPoint","urlTemplate":"https:\/\/super-news.info\/es\/?s={search_term_string}"},"query-input":{"@type":"PropertyValueSpecification","valueRequired":true,"valueName":"search_term_string"}}],"inLanguage":"en-US"},{"@type":"Person","@id":"https:\/\/super-news.info\/es\/#\/schema\/person\/2d4068cb2f39cd10008c2fce578a7356","name":"super-news","image":{"@type":"ImageObject","inLanguage":"en-US","@id":"https:\/\/secure.gravatar.com\/avatar\/64ebac40b93f26a154f8a9b5b6fdccfc46f442b26b3dd6756dbff3bf9dc76fd7?s=96&d=mm&r=g","url":"https:\/\/secure.gravatar.com\/avatar\/64ebac40b93f26a154f8a9b5b6fdccfc46f442b26b3dd6756dbff3bf9dc76fd7?s=96&d=mm&r=g","contentUrl":"https:\/\/secure.gravatar.com\/avatar\/64ebac40b93f26a154f8a9b5b6fdccfc46f442b26b3dd6756dbff3bf9dc76fd7?s=96&d=mm&r=g","caption":"super-news"},"url":"https:\/\/super-news.info\/es\/author\/pt\/"}]}},"_links":{"self":[{"href":"https:\/\/super-news.info\/es\/wp-json\/wp\/v2\/posts\/7530","targetHints":{"allow":["GET"]}}],"collection":[{"href":"https:\/\/super-news.info\/es\/wp-json\/wp\/v2\/posts"}],"about":[{"href":"https:\/\/super-news.info\/es\/wp-json\/wp\/v2\/types\/post"}],"author":[{"embeddable":true,"href":"https:\/\/super-news.info\/es\/wp-json\/wp\/v2\/users\/2"}],"replies":[{"embeddable":true,"href":"https:\/\/super-news.info\/es\/wp-json\/wp\/v2\/comments?post=7530"}],"version-history":[{"count":1,"href":"https:\/\/super-news.info\/es\/wp-json\/wp\/v2\/posts\/7530\/revisions"}],"predecessor-version":[{"id":7532,"href":"https:\/\/super-news.info\/es\/wp-json\/wp\/v2\/posts\/7530\/revisions\/7532"}],"wp:featuredmedia":[{"embeddable":true,"href":"https:\/\/super-news.info\/es\/wp-json\/wp\/v2\/media\/7531"}],"wp:attachment":[{"href":"https:\/\/super-news.info\/es\/wp-json\/wp\/v2\/media?parent=7530"}],"wp:term":[{"taxonomy":"category","embeddable":true,"href":"https:\/\/super-news.info\/es\/wp-json\/wp\/v2\/categories?post=7530"},{"taxonomy":"post_tag","embeddable":true,"href":"https:\/\/super-news.info\/es\/wp-json\/wp\/v2\/tags?post=7530"}],"curies":[{"name":"wp","href":"https:\/\/api.w.org\/{rel}","templated":true}]}}