{"id":7440,"date":"2019-07-29T02:36:18","date_gmt":"2019-07-28T23:36:18","guid":{"rendered":"https:\/\/super-news.info\/es\/carlos-garcia-acevedo-se-incorpora-a-movistar-riders\/"},"modified":"2019-07-29T02:36:19","modified_gmt":"2019-07-28T23:36:19","slug":"carlos-garcia-acevedo-se-incorpora-a-movistar-riders","status":"publish","type":"post","link":"https:\/\/super-news.info\/es\/carlos-garcia-acevedo-se-incorpora-a-movistar-riders\/","title":{"rendered":"Carlos Garc\u00eda Acevedo se incorpora a Movistar Riders"},"content":{"rendered":"<p> [ad_1]<br \/>\n<\/p>\n<div id=\"textoNoticia\">\n<p class=\"excerpt-single\">Movistar Riders anuncia la incorporaci\u00f3n de Carlos Garc\u00eda Acevedo como nuevo CEO responsable del desarrollo de negocio y comercial del Club.<\/p>\n<p><strong>Movistar Riders<\/strong>, uno de los principales clubes de eSports en Espa\u00f1a, <strong>anuncia la incorporaci\u00f3n de Carlos Garc\u00eda Acevedo como nuevo CEO responsable del desarrollo de negocio y comercial del Club<\/strong>. Trabajar\u00e1 mano a mano con Fernando Piquer, que continuar\u00e1 siendo CEO del Club, liderando su estrategia global y deportiva. La nueva estructura de la compa\u00f1\u00eda se organizar\u00e1, por lo tanto, en torno a 2 CEOS con funciones diferenciadas con el fin de que Movistar Riders siga siendo un ejemplo de innovaci\u00f3n y profesionalidad en el sector.<\/p>\n<p><strong>Carlos Garc\u00eda Acevedo tiene una s\u00f3lida trayectoria en el \u00e1rea comercial de los principales grupos de comunicaci\u00f3n espa\u00f1oles como PRISA o Zeta<\/strong>, del que ha sido Director General Comercial, y una amplia experiencia en entornos disruptivos y de innovaci\u00f3n. Licenciado en Administraci\u00f3n y Direcci\u00f3n de Empresas por la Universidad Aut\u00f3noma de Madrid y Master en Comunicaci\u00f3n Empresarial y Publicidad por ESIC, Carlos comenz\u00f3 a trabajar en el mundo digital hace casi 20 a\u00f1os y ha pasado por empresas como Antevenio o Yahoo, atra\u00eddo por lo innovador y cambiante del sector. &#8220;Mis \u00faltimos 10 a\u00f1os los he pasado en el mundo de los medios de comunicaci\u00f3n, motivado principalmente por el brutal cambio de paradigma que ha supuesto la digitalizaci\u00f3n para el sector. Un cambio que ahora se est\u00e1 produciendo en la industria audiovisual y del entretenimiento, siendo el territorio de los eSports el que mejor simboliza esa nueva tendencia de consumo, sobre todo entre las audiencias m\u00e1s j\u00f3venes&#8221;, comenta Carlos.<\/p>\n<p>&#8220;La incorporaci\u00f3n de Carlos al equipo directivo es una clara apuesta por la evoluci\u00f3n de <strong>Movistar Riders<\/strong> como marca de entretenimiento global. Esto se articular\u00e1 a trav\u00e9s de la generaci\u00f3n de nuevas v\u00edas de negocio que apoyen el \u00e1rea deportiva, como comenzamos a hacer en el pasado a\u00f1o con nuestra estrategia de licensing o la entrada de nuevos patrocinadores como Mahou&#8221;, comenta Fernando Piquer.<\/p>\n<p>&#8220;Creo que Movistar Riders es el mejor proyecto de la escena nacional de los eSports. Se ha construido y desarrollado con mucha dedicaci\u00f3n y esfuerzo desde su fundaci\u00f3n, lo que ha derivado en que sea el Club con mayor reconocimiento de marca del sector. <strong>Esto nos coloca en una situaci\u00f3n de clara ventaja competitiva para el futuro m\u00e1s cercano, una coyuntura que hemos de aprovechar<\/strong>&#8220;, subraya Carlos sobre el proyecto de Movistar Riders.<\/p>\n<p>Nota de prensa<\/p>\n<p class=\"link-telegram\">\n\t\t\t\t\t\t\t\t\t\t\tNo te pierdas nada de MarketingDirecto.com y \u00fanete a nuestro Telegram t.me\/MarketingDirecto\n\t\t\t\t\t\t\t\t\t\t<\/p>\n<\/p><\/div>\n<p><script>(function(d, s, id) {\n  var js, fjs = d.getElementsByTagName(s)[0];\n  if (d.getElementById(id)) return;\n  js = d.createElement(s); js.id = id;\n  js.src = \"http:\/\/connect.facebook.net\/es_LA\/sdk.js#xfbml=1&appId=408746052611679&version=v2.3\";\n  fjs.parentNode.insertBefore(js, fjs);\n}(document, 'script', 'facebook-jssdk'));<\/script><br \/>\n<br \/>[ad_2]<br \/>\n<br \/><a href=\"https:\/\/www.marketingdirecto.com\/marketing-general\/gente\/carlos-garcia-acevedo-incorpora-movistar-riders\">Source link <\/a><\/p>\n","protected":false},"excerpt":{"rendered":"<p>[ad_1] Movistar Riders anuncia la incorporaci\u00f3n de Carlos Garc\u00eda Acevedo como nuevo CEO responsable del desarrollo de negocio y comercial del Club. Movistar Riders, uno de los principales clubes de eSports en Espa\u00f1a, anuncia la incorporaci\u00f3n de Carlos Garc\u00eda Acevedo como nuevo CEO responsable del desarrollo de negocio y comercial del Club. Trabajar\u00e1 mano a [&hellip;]<\/p>\n","protected":false},"author":2,"featured_media":7441,"comment_status":"open","ping_status":"open","sticky":false,"template":"","format":"standard","meta":{"footnotes":""},"categories":[2],"tags":[],"class_list":["post-7440","post","type-post","status-publish","format-standard","has-post-thumbnail","hentry","category-noticias-de-marketing-digital"],"yoast_head":"<!-- This site is optimized with the Yoast SEO plugin v27.4 - https:\/\/yoast.com\/product\/yoast-seo-wordpress\/ -->\n<title>Carlos Garc\u00eda Acevedo se incorpora a Movistar Riders - Super News<\/title>\n<meta name=\"robots\" content=\"index, follow, max-snippet:-1, max-image-preview:large, max-video-preview:-1\" \/>\n<link rel=\"canonical\" href=\"https:\/\/super-news.info\/es\/carlos-garcia-acevedo-se-incorpora-a-movistar-riders\/\" \/>\n<meta property=\"og:locale\" content=\"en_US\" \/>\n<meta property=\"og:type\" content=\"article\" \/>\n<meta property=\"og:title\" content=\"Carlos Garc\u00eda Acevedo se incorpora a Movistar Riders - Super News\" \/>\n<meta property=\"og:description\" content=\"[ad_1] Movistar Riders anuncia la incorporaci\u00f3n de Carlos Garc\u00eda Acevedo como nuevo CEO responsable del desarrollo de negocio y comercial del Club. Movistar Riders, uno de los principales clubes de eSports en Espa\u00f1a, anuncia la incorporaci\u00f3n de Carlos Garc\u00eda Acevedo como nuevo CEO responsable del desarrollo de negocio y comercial del Club. Trabajar\u00e1 mano a [&hellip;]\" \/>\n<meta property=\"og:url\" content=\"https:\/\/super-news.info\/es\/carlos-garcia-acevedo-se-incorpora-a-movistar-riders\/\" \/>\n<meta property=\"og:site_name\" content=\"Super News\" \/>\n<meta property=\"article:published_time\" content=\"2019-07-28T23:36:18+00:00\" \/>\n<meta property=\"article:modified_time\" content=\"2019-07-28T23:36:19+00:00\" \/>\n<meta property=\"og:image\" content=\"https:\/\/super-news.info\/es\/wp-content\/uploads\/sites\/4\/2019\/07\/Carlos-Garc\u00eda-Acevedo-se-incorpora-a-Movistar-Riders.jpg\" \/>\n\t<meta property=\"og:image:width\" content=\"626\" \/>\n\t<meta property=\"og:image:height\" content=\"364\" \/>\n\t<meta property=\"og:image:type\" content=\"image\/jpeg\" \/>\n<meta name=\"author\" content=\"super-news\" \/>\n<meta name=\"twitter:card\" content=\"summary_large_image\" \/>\n<meta name=\"twitter:label1\" content=\"Written by\" \/>\n\t<meta name=\"twitter:data1\" content=\"super-news\" \/>\n\t<meta name=\"twitter:label2\" content=\"Est. reading time\" \/>\n\t<meta name=\"twitter:data2\" content=\"2 minutes\" \/>\n<script type=\"application\/ld+json\" class=\"yoast-schema-graph\">{\"@context\":\"https:\\\/\\\/schema.org\",\"@graph\":[{\"@type\":\"Article\",\"@id\":\"https:\\\/\\\/super-news.info\\\/es\\\/carlos-garcia-acevedo-se-incorpora-a-movistar-riders\\\/#article\",\"isPartOf\":{\"@id\":\"https:\\\/\\\/super-news.info\\\/es\\\/carlos-garcia-acevedo-se-incorpora-a-movistar-riders\\\/\"},\"author\":{\"name\":\"super-news\",\"@id\":\"https:\\\/\\\/super-news.info\\\/es\\\/#\\\/schema\\\/person\\\/2d4068cb2f39cd10008c2fce578a7356\"},\"headline\":\"Carlos Garc\u00eda Acevedo se incorpora a Movistar Riders\",\"datePublished\":\"2019-07-28T23:36:18+00:00\",\"dateModified\":\"2019-07-28T23:36:19+00:00\",\"mainEntityOfPage\":{\"@id\":\"https:\\\/\\\/super-news.info\\\/es\\\/carlos-garcia-acevedo-se-incorpora-a-movistar-riders\\\/\"},\"wordCount\":464,\"commentCount\":0,\"image\":{\"@id\":\"https:\\\/\\\/super-news.info\\\/es\\\/carlos-garcia-acevedo-se-incorpora-a-movistar-riders\\\/#primaryimage\"},\"thumbnailUrl\":\"https:\\\/\\\/super-news.info\\\/es\\\/wp-content\\\/uploads\\\/sites\\\/4\\\/2019\\\/07\\\/Carlos-Garc\u00eda-Acevedo-se-incorpora-a-Movistar-Riders.jpg\",\"articleSection\":[\"NOTICIAS DE MARKETING DIGITAL\"],\"inLanguage\":\"en-US\",\"potentialAction\":[{\"@type\":\"CommentAction\",\"name\":\"Comment\",\"target\":[\"https:\\\/\\\/super-news.info\\\/es\\\/carlos-garcia-acevedo-se-incorpora-a-movistar-riders\\\/#respond\"]}]},{\"@type\":\"WebPage\",\"@id\":\"https:\\\/\\\/super-news.info\\\/es\\\/carlos-garcia-acevedo-se-incorpora-a-movistar-riders\\\/\",\"url\":\"https:\\\/\\\/super-news.info\\\/es\\\/carlos-garcia-acevedo-se-incorpora-a-movistar-riders\\\/\",\"name\":\"Carlos Garc\u00eda Acevedo se incorpora a Movistar Riders - Super News\",\"isPartOf\":{\"@id\":\"https:\\\/\\\/super-news.info\\\/es\\\/#website\"},\"primaryImageOfPage\":{\"@id\":\"https:\\\/\\\/super-news.info\\\/es\\\/carlos-garcia-acevedo-se-incorpora-a-movistar-riders\\\/#primaryimage\"},\"image\":{\"@id\":\"https:\\\/\\\/super-news.info\\\/es\\\/carlos-garcia-acevedo-se-incorpora-a-movistar-riders\\\/#primaryimage\"},\"thumbnailUrl\":\"https:\\\/\\\/super-news.info\\\/es\\\/wp-content\\\/uploads\\\/sites\\\/4\\\/2019\\\/07\\\/Carlos-Garc\u00eda-Acevedo-se-incorpora-a-Movistar-Riders.jpg\",\"datePublished\":\"2019-07-28T23:36:18+00:00\",\"dateModified\":\"2019-07-28T23:36:19+00:00\",\"author\":{\"@id\":\"https:\\\/\\\/super-news.info\\\/es\\\/#\\\/schema\\\/person\\\/2d4068cb2f39cd10008c2fce578a7356\"},\"breadcrumb\":{\"@id\":\"https:\\\/\\\/super-news.info\\\/es\\\/carlos-garcia-acevedo-se-incorpora-a-movistar-riders\\\/#breadcrumb\"},\"inLanguage\":\"en-US\",\"potentialAction\":[{\"@type\":\"ReadAction\",\"target\":[\"https:\\\/\\\/super-news.info\\\/es\\\/carlos-garcia-acevedo-se-incorpora-a-movistar-riders\\\/\"]}]},{\"@type\":\"ImageObject\",\"inLanguage\":\"en-US\",\"@id\":\"https:\\\/\\\/super-news.info\\\/es\\\/carlos-garcia-acevedo-se-incorpora-a-movistar-riders\\\/#primaryimage\",\"url\":\"https:\\\/\\\/super-news.info\\\/es\\\/wp-content\\\/uploads\\\/sites\\\/4\\\/2019\\\/07\\\/Carlos-Garc\u00eda-Acevedo-se-incorpora-a-Movistar-Riders.jpg\",\"contentUrl\":\"https:\\\/\\\/super-news.info\\\/es\\\/wp-content\\\/uploads\\\/sites\\\/4\\\/2019\\\/07\\\/Carlos-Garc\u00eda-Acevedo-se-incorpora-a-Movistar-Riders.jpg\",\"width\":626,\"height\":364,\"caption\":\"movistar riders\"},{\"@type\":\"BreadcrumbList\",\"@id\":\"https:\\\/\\\/super-news.info\\\/es\\\/carlos-garcia-acevedo-se-incorpora-a-movistar-riders\\\/#breadcrumb\",\"itemListElement\":[{\"@type\":\"ListItem\",\"position\":1,\"name\":\"\u0413\u043b\u0430\u0432\u043d\u0430\u044f \u0441\u0442\u0440\u0430\u043d\u0438\u0446\u0430\",\"item\":\"https:\\\/\\\/super-news.info\\\/es\\\/\"},{\"@type\":\"ListItem\",\"position\":2,\"name\":\"Carlos Garc\u00eda Acevedo se incorpora a Movistar Riders\"}]},{\"@type\":\"WebSite\",\"@id\":\"https:\\\/\\\/super-news.info\\\/es\\\/#website\",\"url\":\"https:\\\/\\\/super-news.info\\\/es\\\/\",\"name\":\"Super News\",\"description\":\"Super News Espa\u00f1a\",\"potentialAction\":[{\"@type\":\"SearchAction\",\"target\":{\"@type\":\"EntryPoint\",\"urlTemplate\":\"https:\\\/\\\/super-news.info\\\/es\\\/?s={search_term_string}\"},\"query-input\":{\"@type\":\"PropertyValueSpecification\",\"valueRequired\":true,\"valueName\":\"search_term_string\"}}],\"inLanguage\":\"en-US\"},{\"@type\":\"Person\",\"@id\":\"https:\\\/\\\/super-news.info\\\/es\\\/#\\\/schema\\\/person\\\/2d4068cb2f39cd10008c2fce578a7356\",\"name\":\"super-news\",\"image\":{\"@type\":\"ImageObject\",\"inLanguage\":\"en-US\",\"@id\":\"https:\\\/\\\/secure.gravatar.com\\\/avatar\\\/64ebac40b93f26a154f8a9b5b6fdccfc46f442b26b3dd6756dbff3bf9dc76fd7?s=96&d=mm&r=g\",\"url\":\"https:\\\/\\\/secure.gravatar.com\\\/avatar\\\/64ebac40b93f26a154f8a9b5b6fdccfc46f442b26b3dd6756dbff3bf9dc76fd7?s=96&d=mm&r=g\",\"contentUrl\":\"https:\\\/\\\/secure.gravatar.com\\\/avatar\\\/64ebac40b93f26a154f8a9b5b6fdccfc46f442b26b3dd6756dbff3bf9dc76fd7?s=96&d=mm&r=g\",\"caption\":\"super-news\"},\"url\":\"https:\\\/\\\/super-news.info\\\/es\\\/author\\\/pt\\\/\"}]}<\/script>\n<!-- \/ Yoast SEO plugin. -->","yoast_head_json":{"title":"Carlos Garc\u00eda Acevedo se incorpora a Movistar Riders - Super News","robots":{"index":"index","follow":"follow","max-snippet":"max-snippet:-1","max-image-preview":"max-image-preview:large","max-video-preview":"max-video-preview:-1"},"canonical":"https:\/\/super-news.info\/es\/carlos-garcia-acevedo-se-incorpora-a-movistar-riders\/","og_locale":"en_US","og_type":"article","og_title":"Carlos Garc\u00eda Acevedo se incorpora a Movistar Riders - Super News","og_description":"[ad_1] Movistar Riders anuncia la incorporaci\u00f3n de Carlos Garc\u00eda Acevedo como nuevo CEO responsable del desarrollo de negocio y comercial del Club. Movistar Riders, uno de los principales clubes de eSports en Espa\u00f1a, anuncia la incorporaci\u00f3n de Carlos Garc\u00eda Acevedo como nuevo CEO responsable del desarrollo de negocio y comercial del Club. Trabajar\u00e1 mano a [&hellip;]","og_url":"https:\/\/super-news.info\/es\/carlos-garcia-acevedo-se-incorpora-a-movistar-riders\/","og_site_name":"Super News","article_published_time":"2019-07-28T23:36:18+00:00","article_modified_time":"2019-07-28T23:36:19+00:00","og_image":[{"width":626,"height":364,"url":"https:\/\/super-news.info\/es\/wp-content\/uploads\/sites\/4\/2019\/07\/Carlos-Garc\u00eda-Acevedo-se-incorpora-a-Movistar-Riders.jpg","type":"image\/jpeg"}],"author":"super-news","twitter_card":"summary_large_image","twitter_misc":{"Written by":"super-news","Est. reading time":"2 minutes"},"schema":{"@context":"https:\/\/schema.org","@graph":[{"@type":"Article","@id":"https:\/\/super-news.info\/es\/carlos-garcia-acevedo-se-incorpora-a-movistar-riders\/#article","isPartOf":{"@id":"https:\/\/super-news.info\/es\/carlos-garcia-acevedo-se-incorpora-a-movistar-riders\/"},"author":{"name":"super-news","@id":"https:\/\/super-news.info\/es\/#\/schema\/person\/2d4068cb2f39cd10008c2fce578a7356"},"headline":"Carlos Garc\u00eda Acevedo se incorpora a Movistar Riders","datePublished":"2019-07-28T23:36:18+00:00","dateModified":"2019-07-28T23:36:19+00:00","mainEntityOfPage":{"@id":"https:\/\/super-news.info\/es\/carlos-garcia-acevedo-se-incorpora-a-movistar-riders\/"},"wordCount":464,"commentCount":0,"image":{"@id":"https:\/\/super-news.info\/es\/carlos-garcia-acevedo-se-incorpora-a-movistar-riders\/#primaryimage"},"thumbnailUrl":"https:\/\/super-news.info\/es\/wp-content\/uploads\/sites\/4\/2019\/07\/Carlos-Garc\u00eda-Acevedo-se-incorpora-a-Movistar-Riders.jpg","articleSection":["NOTICIAS DE MARKETING DIGITAL"],"inLanguage":"en-US","potentialAction":[{"@type":"CommentAction","name":"Comment","target":["https:\/\/super-news.info\/es\/carlos-garcia-acevedo-se-incorpora-a-movistar-riders\/#respond"]}]},{"@type":"WebPage","@id":"https:\/\/super-news.info\/es\/carlos-garcia-acevedo-se-incorpora-a-movistar-riders\/","url":"https:\/\/super-news.info\/es\/carlos-garcia-acevedo-se-incorpora-a-movistar-riders\/","name":"Carlos Garc\u00eda Acevedo se incorpora a Movistar Riders - Super News","isPartOf":{"@id":"https:\/\/super-news.info\/es\/#website"},"primaryImageOfPage":{"@id":"https:\/\/super-news.info\/es\/carlos-garcia-acevedo-se-incorpora-a-movistar-riders\/#primaryimage"},"image":{"@id":"https:\/\/super-news.info\/es\/carlos-garcia-acevedo-se-incorpora-a-movistar-riders\/#primaryimage"},"thumbnailUrl":"https:\/\/super-news.info\/es\/wp-content\/uploads\/sites\/4\/2019\/07\/Carlos-Garc\u00eda-Acevedo-se-incorpora-a-Movistar-Riders.jpg","datePublished":"2019-07-28T23:36:18+00:00","dateModified":"2019-07-28T23:36:19+00:00","author":{"@id":"https:\/\/super-news.info\/es\/#\/schema\/person\/2d4068cb2f39cd10008c2fce578a7356"},"breadcrumb":{"@id":"https:\/\/super-news.info\/es\/carlos-garcia-acevedo-se-incorpora-a-movistar-riders\/#breadcrumb"},"inLanguage":"en-US","potentialAction":[{"@type":"ReadAction","target":["https:\/\/super-news.info\/es\/carlos-garcia-acevedo-se-incorpora-a-movistar-riders\/"]}]},{"@type":"ImageObject","inLanguage":"en-US","@id":"https:\/\/super-news.info\/es\/carlos-garcia-acevedo-se-incorpora-a-movistar-riders\/#primaryimage","url":"https:\/\/super-news.info\/es\/wp-content\/uploads\/sites\/4\/2019\/07\/Carlos-Garc\u00eda-Acevedo-se-incorpora-a-Movistar-Riders.jpg","contentUrl":"https:\/\/super-news.info\/es\/wp-content\/uploads\/sites\/4\/2019\/07\/Carlos-Garc\u00eda-Acevedo-se-incorpora-a-Movistar-Riders.jpg","width":626,"height":364,"caption":"movistar riders"},{"@type":"BreadcrumbList","@id":"https:\/\/super-news.info\/es\/carlos-garcia-acevedo-se-incorpora-a-movistar-riders\/#breadcrumb","itemListElement":[{"@type":"ListItem","position":1,"name":"\u0413\u043b\u0430\u0432\u043d\u0430\u044f \u0441\u0442\u0440\u0430\u043d\u0438\u0446\u0430","item":"https:\/\/super-news.info\/es\/"},{"@type":"ListItem","position":2,"name":"Carlos Garc\u00eda Acevedo se incorpora a Movistar Riders"}]},{"@type":"WebSite","@id":"https:\/\/super-news.info\/es\/#website","url":"https:\/\/super-news.info\/es\/","name":"Super News","description":"Super News Espa\u00f1a","potentialAction":[{"@type":"SearchAction","target":{"@type":"EntryPoint","urlTemplate":"https:\/\/super-news.info\/es\/?s={search_term_string}"},"query-input":{"@type":"PropertyValueSpecification","valueRequired":true,"valueName":"search_term_string"}}],"inLanguage":"en-US"},{"@type":"Person","@id":"https:\/\/super-news.info\/es\/#\/schema\/person\/2d4068cb2f39cd10008c2fce578a7356","name":"super-news","image":{"@type":"ImageObject","inLanguage":"en-US","@id":"https:\/\/secure.gravatar.com\/avatar\/64ebac40b93f26a154f8a9b5b6fdccfc46f442b26b3dd6756dbff3bf9dc76fd7?s=96&d=mm&r=g","url":"https:\/\/secure.gravatar.com\/avatar\/64ebac40b93f26a154f8a9b5b6fdccfc46f442b26b3dd6756dbff3bf9dc76fd7?s=96&d=mm&r=g","contentUrl":"https:\/\/secure.gravatar.com\/avatar\/64ebac40b93f26a154f8a9b5b6fdccfc46f442b26b3dd6756dbff3bf9dc76fd7?s=96&d=mm&r=g","caption":"super-news"},"url":"https:\/\/super-news.info\/es\/author\/pt\/"}]}},"_links":{"self":[{"href":"https:\/\/super-news.info\/es\/wp-json\/wp\/v2\/posts\/7440","targetHints":{"allow":["GET"]}}],"collection":[{"href":"https:\/\/super-news.info\/es\/wp-json\/wp\/v2\/posts"}],"about":[{"href":"https:\/\/super-news.info\/es\/wp-json\/wp\/v2\/types\/post"}],"author":[{"embeddable":true,"href":"https:\/\/super-news.info\/es\/wp-json\/wp\/v2\/users\/2"}],"replies":[{"embeddable":true,"href":"https:\/\/super-news.info\/es\/wp-json\/wp\/v2\/comments?post=7440"}],"version-history":[{"count":1,"href":"https:\/\/super-news.info\/es\/wp-json\/wp\/v2\/posts\/7440\/revisions"}],"predecessor-version":[{"id":7442,"href":"https:\/\/super-news.info\/es\/wp-json\/wp\/v2\/posts\/7440\/revisions\/7442"}],"wp:featuredmedia":[{"embeddable":true,"href":"https:\/\/super-news.info\/es\/wp-json\/wp\/v2\/media\/7441"}],"wp:attachment":[{"href":"https:\/\/super-news.info\/es\/wp-json\/wp\/v2\/media?parent=7440"}],"wp:term":[{"taxonomy":"category","embeddable":true,"href":"https:\/\/super-news.info\/es\/wp-json\/wp\/v2\/categories?post=7440"},{"taxonomy":"post_tag","embeddable":true,"href":"https:\/\/super-news.info\/es\/wp-json\/wp\/v2\/tags?post=7440"}],"curies":[{"name":"wp","href":"https:\/\/api.w.org\/{rel}","templated":true}]}}